{"id":16671,"date":"2023-12-16T01:46:35","date_gmt":"2023-12-16T04:46:35","guid":{"rendered":"https:\/\/noticiasribeiraopreto.com.br\/index.php\/2023\/12\/16\/asas-da-ambicao-2a-temporada-da-serie-ja-esta-disponivel-na-netflix-meu-valor-digital\/"},"modified":"2023-12-16T01:46:35","modified_gmt":"2023-12-16T04:46:35","slug":"asas-da-ambicao-2a-temporada-da-serie-ja-esta-disponivel-na-netflix-meu-valor-digital","status":"publish","type":"post","link":"https:\/\/noticiasribeiraopreto.com.br\/index.php\/2023\/12\/16\/asas-da-ambicao-2a-temporada-da-serie-ja-esta-disponivel-na-netflix-meu-valor-digital\/","title":{"rendered":"&#8216;Asas da Ambi\u00e7\u00e3o&#8217;: 2\u00aa temporada da s\u00e9rie j\u00e1 est\u00e1 dispon\u00edvel na Netflix &#8211; Meu Valor Digital"},"content":{"rendered":"<div class='code-block code-block-1' style='margin: 8px 0 8px auto; text-align: right; display: block; clear: both;'>\n<p><a href=\"https:\/\/wa.link\/vpicfd\"><img data-recalc-dims=\"1\" class=\"wp-image-4922\" style=\"aspect-ratio: 2.0253164556962027; width: 561px; height: auto;\" src=\"https:\/\/i0.wp.com\/ismaelcolosi.com.br\/wp-content\/uploads\/2023\/11\/grupo-de-empregos-whatsapp-e-facebook-ismael-colosi-vagas.jpg?ssl=1\" alt=\"\" \/><\/a><\/p>\n<!-- \/wp:image -->\n<\/div>\n<p> <br \/>\n<\/p>\n<div> <!--<![endif]--><br \/>\n<head><meta charset=\"UTF-8\"\/><br \/>\n<meta http-equiv=\"X-UA-Compatible\" content=\"IE=edge\"\/><br \/>\n<meta name=\"viewport\" content=\"width=device-width, initial-scale=1.0\"\/>\n<link rel=\"pingback\" href=\"https:\/\/meuvalordigital.com.br\/xmlrpc.php\"\/>\n<meta name=\"robots\" content=\"index, follow, max-image-preview:large, max-snippet:-1, max-video-preview:-1\"\/><\/p>\n<p><title>&#8216;Asas da Ambi\u00e7\u00e3o&#8217;: 2\u00aa temporada da s\u00e9rie j\u00e1 est\u00e1 dispon\u00edvel na Netflix &#8211; Meu Valor Digital &#8211; Not\u00edcias atualizadas<\/title><br \/>\n<meta name=\"description\" content=\"&quot;Asas da Ambi\u00e7\u00e3o&quot; narra uma hist\u00f3ria de conflito entre a gera\u00e7\u00e3o X e Z. A trama mostra os dramas e diferen\u00e7as entre essas duas\"\/>\n<link rel=\"canonical\" href=\"https:\/\/meuvalordigital.com.br\/asas-da-ambicao-2a-temporada-da-serie-ja-esta-disponivel-na-netflix\/\"\/>\n<meta property=\"og:locale\" content=\"pt_BR\"\/><br \/>\n<meta property=\"og:type\" content=\"article\"\/><br \/>\n<meta property=\"og:title\" content=\"'Asas da Ambi\u00e7\u00e3o': 2\u00aa temporada da s\u00e9rie j\u00e1 est\u00e1 dispon\u00edvel na Netflix\"\/><br \/>\n<meta property=\"og:description\" content=\"&quot;Asas da Ambi\u00e7\u00e3o&quot; narra uma hist\u00f3ria de conflito entre a gera\u00e7\u00e3o X e Z. A trama mostra os dramas e diferen\u00e7as entre essas duas\"\/><br \/>\n<meta property=\"og:url\" content=\"https:\/\/meuvalordigital.com.br\/asas-da-ambicao-2a-temporada-da-serie-ja-esta-disponivel-na-netflix\/\"\/><br \/>\n<meta property=\"og:site_name\" content=\"Meu Valor Digital - Not\u00edcias atualizadas\"\/><br \/>\n<meta property=\"article:publisher\" content=\"https:\/\/www.facebook.com\/meuvalordigital\/\"\/><br \/>\n<meta property=\"article:published_time\" content=\"2023-12-16T04:04:00+00:00\"\/><br \/>\n<meta property=\"article:modified_time\" content=\"2023-12-16T04:04:03+00:00\"\/><br \/>\n<meta property=\"og:image\" content=\"https:\/\/meuvalordigital.com.br\/wp-content\/uploads\/2023\/12\/Asas-da-Ambicao-1.jpg\"\/><br \/>\n<meta property=\"og:image:width\" content=\"1240\"\/><br \/>\n<meta property=\"og:image:height\" content=\"800\"\/><br \/>\n<meta property=\"og:image:type\" content=\"image\/jpeg\"\/><br \/>\n<meta name=\"author\" content=\"Jorge Roberto Wright\"\/><br \/>\n<meta name=\"twitter:card\" content=\"summary_large_image\"\/><br \/>\n<meta name=\"twitter:creator\" content=\"@meuvalordigital\"\/><br \/>\n<meta name=\"twitter:site\" content=\"@meuvalordigital\"\/><br \/>\n<meta name=\"twitter:label1\" content=\"Escrito por\"\/><br \/>\n<meta name=\"twitter:data1\" content=\"Jorge Roberto Wright\"\/><br \/>\n<meta name=\"twitter:label2\" content=\"Est. tempo de leitura\"\/><br \/>\n<meta name=\"twitter:data2\" content=\"2 minutos\"\/><\/p>\n<link rel=\"amphtml\" href=\"https:\/\/meuvalordigital.com.br\/asas-da-ambicao-2a-temporada-da-serie-ja-esta-disponivel-na-netflix\/amp\/\"\/><meta name=\"generator\" content=\"AMP for WP 1.0.85\"\/><link rel=\"dns-prefetch\" href=\"https:\/\/www.googletagmanager.com\"\/>\n<link rel=\"dns-prefetch\" href=\"https:\/\/pagead2.googlesyndication.com\"\/>\n<link rel=\"alternate\" type=\"application\/rss+xml\" title=\"Feed para Meu Valor Digital - Not\u00edcias atualizadas \u00bb\" href=\"https:\/\/meuvalordigital.com.br\/feed\/\"\/>\n<link rel=\"alternate\" type=\"application\/rss+xml\" title=\"Feed de coment\u00e1rios para Meu Valor Digital - Not\u00edcias atualizadas \u00bb\" href=\"https:\/\/meuvalordigital.com.br\/comments\/feed\/\"\/>\n<link rel=\"alternate\" type=\"application\/rss+xml\" title=\"Feed de Meu Valor Digital - Not\u00edcias atualizadas \u00bb Story\" href=\"https:\/\/meuvalordigital.com.br\/web-stories\/feed\/\"\/>\n<p><!--[if lt IE 9]>\n\n<![endif]--><br \/>\n<!--[if lt IE 9]>\n\n<![endif]-->\n<link rel=\"https:\/\/api.w.org\/\" href=\"https:\/\/meuvalordigital.com.br\/wp-json\/\"\/><link rel=\"alternate\" type=\"application\/json\" href=\"https:\/\/meuvalordigital.com.br\/wp-json\/wp\/v2\/posts\/34396\"\/><link rel=\"EditURI\" type=\"application\/rsd+xml\" title=\"RSD\" href=\"https:\/\/meuvalordigital.com.br\/xmlrpc.php?rsd\"\/>\n<meta name=\"generator\" content=\"WordPress 6.4.2\"\/>\n<link rel=\"shortlink\" href=\"https:\/\/meuvalordigital.com.br\/?p=34396\"\/>\n<link rel=\"alternate\" type=\"application\/json+oembed\" href=\"https:\/\/meuvalordigital.com.br\/wp-json\/oembed\/1.0\/embed?url=https%3A%2F%2Fmeuvalordigital.com.br%2Fasas-da-ambicao-2a-temporada-da-serie-ja-esta-disponivel-na-netflix%2F\"\/>\n<link rel=\"alternate\" type=\"text\/xml+oembed\" href=\"https:\/\/meuvalordigital.com.br\/wp-json\/oembed\/1.0\/embed?url=https%3A%2F%2Fmeuvalordigital.com.br%2Fasas-da-ambicao-2a-temporada-da-serie-ja-esta-disponivel-na-netflix%2F&amp;format=xml\"\/>\n<p><meta name=\"generator\" content=\"Site Kit by Google 1.111.1\"\/><\/p>\n<p><meta name=\"google-adsense-platform-account\" content=\"ca-host-pub-2644536267352236\"\/><br \/>\n<meta name=\"google-adsense-platform-domain\" content=\"sitekit.withgoogle.com\"\/><\/p>\n<p><meta name=\"generator\" content=\"Powered by WPBakery Page Builder - drag and drop page builder for WordPress.\"\/><\/p>\n<link rel=\"icon\" href=\"https:\/\/meuvalordigital.com.br\/wp-content\/uploads\/2020\/10\/cropped-pequena-1-32x32.png\" sizes=\"32x32\"\/>\n<link rel=\"icon\" href=\"https:\/\/meuvalordigital.com.br\/wp-content\/uploads\/2020\/10\/cropped-pequena-1-192x192.png\" sizes=\"192x192\"\/>\n<link rel=\"apple-touch-icon\" href=\"https:\/\/meuvalordigital.com.br\/wp-content\/uploads\/2020\/10\/cropped-pequena-1-180x180.png\"\/>\n<meta name=\"msapplication-TileImage\" content=\"https:\/\/meuvalordigital.com.br\/wp-content\/uploads\/2020\/10\/cropped-pequena-1-270x270.png\"\/><\/p>\n<p><noscript\/><br \/>\n<noscript\/> <\/head><br \/>\n<body data-rsssl=\"1\" class=\"post-template-default single single-post postid-34396 single-format-standard bs-theme bs-publisher bs-publisher-magly active-light-box active-top-line ltr close-rh page-layout-2-col page-layout-2-col-right full-width main-menu-sticky-smart main-menu-stretched active-ajax-search single-prim-cat-75 single-cat-75 single-cat-4068  wpb-js-composer js-comp-ver-6.7.0 vc_responsive bs-ll-d\" dir=\"ltr\" id=\"wp_automatic_ReadabilityBody\"><\/p>\n<div class=\"main-wrap content-main-wrap\">\n<nav role=\"navigation\" aria-label=\"Breadcrumbs\" class=\"bf-breadcrumb clearfix bc-top-style\">\n<div class=\"container bf-breadcrumb-container\">\n<ul class=\"bf-breadcrumb-items\"><meta name=\"numberOfItems\" content=\"3\"\/><meta name=\"itemListOrder\" content=\"Ascending\"\/><\/p>\n<li class=\"bf-breadcrumb-item bf-breadcrumb-begin\"><a href=\"https:\/\/meuvalordigital.com.br\" rel=\"home\"><span>In\u00edcio<\/span><\/a><meta content=\"1\"\/><\/li>\n<li class=\"bf-breadcrumb-item\"><a href=\"https:\/\/meuvalordigital.com.br\/category\/chamadas\/\"><span>Chamadas<\/span><\/a><meta content=\"2\"\/><\/li>\n<li class=\"bf-breadcrumb-item bf-breadcrumb-end\"><span>\u2018Asas da Ambi\u00e7\u00e3o\u2019: 2\u00aa temporada da s\u00e9rie j\u00e1 est\u00e1 dispon\u00edvel na Netflix<\/span><meta content=\"https:\/\/meuvalordigital.com.br\/asas-da-ambicao-2a-temporada-da-serie-ja-esta-disponivel-na-netflix\/\"\/><meta content=\"3\"\/><\/li>\n<\/ul>\n<\/div>\n<\/nav>\n<\/div>\n<p><span class=\"back-top\"><i class=\"fa fa-arrow-up\"\/><\/span><\/p>\n<p><noscript><iframe loading=\"lazy\" src=\"https:\/\/www.googletagmanager.com\/ns.html?id=GTM-M2RVST6\" height=\"0\" width=\"0\" style=\"display:none;visibility:hidden\" aria-hidden=\"true\"><\/iframe><\/noscript><\/p>\n<p><\/body>\n<\/div>\n<p><br \/>\n<br \/><a href=\"https:\/\/meuvalordigital.com.br\/asas-da-ambicao-2a-temporada-da-serie-ja-esta-disponivel-na-netflix\/\">Source link <\/a><\/p>\n<!-- CONTENT END 1 -->\n","protected":false},"excerpt":{"rendered":"<p>&#8216;Asas da Ambi\u00e7\u00e3o&#8217;: 2\u00aa temporada da s\u00e9rie j\u00e1 est\u00e1 dispon\u00edvel na Netflix &#8211; Meu Valor Digital &#8211; Not\u00edcias atualizadas In\u00edcio Chamadas \u2018Asas da Ambi\u00e7\u00e3o\u2019: 2\u00aa&#8230;<\/p>\n","protected":false},"author":1,"featured_media":16672,"comment_status":"open","ping_status":"open","sticky":false,"template":"","format":"standard","meta":{"advanced_seo_description":"","jetpack_seo_html_title":"","jetpack_seo_noindex":false,"jetpack_post_was_ever_published":false,"_jetpack_newsletter_access":"","_jetpack_dont_email_post_to_subs":false,"_jetpack_newsletter_tier_id":0,"_jetpack_memberships_contains_paywalled_content":false,"_jetpack_memberships_contains_paid_content":false,"footnotes":"","jetpack_publicize_message":"","jetpack_publicize_feature_enabled":true,"jetpack_social_post_already_shared":true,"jetpack_social_options":{"image_generator_settings":{"template":"highway","default_image_id":0,"font":"","enabled":false},"version":2}},"categories":[7],"tags":[],"class_list":["post-16671","post","type-post","status-publish","format-standard","has-post-thumbnail","hentry","category-vagas-de-empregos-em-ribeirao-preto-regiao-brasil"],"jetpack_publicize_connections":[],"jetpack_featured_media_url":"https:\/\/i0.wp.com\/noticiasribeiraopreto.com.br\/wp-content\/uploads\/2023\/12\/Asas-da-Ambicao-1.jpg?fit=1240%2C800&ssl=1","jetpack-related-posts":[{"id":5440,"url":"https:\/\/noticiasribeiraopreto.com.br\/index.php\/2023\/11\/23\/estas-5-series-da-netflix-terao-uma-nova-temporada-em-dezembro\/","url_meta":{"origin":16671,"position":0},"title":"Estas 5 s\u00e9ries da Netflix ter\u00e3o uma nova temporada em dezembro","author":"noticiasribeiraopreto.com.br","date":"23 de November de 2023","format":false,"excerpt":"Cr\u00e9ditos: DepositphotosS\u00e9ries da Netflix que ter\u00e3o nova temporada em dezembro Chamando todos os f\u00e3s! Algumas s\u00e9ries de sucesso da Netflix ganhar\u00e3o uma nova temporada no m\u00eas de dezembro, conforme a lista divulgada pela plataforma de streaming. Entre os destaques, os assinantes ter\u00e3o a \u00faltima parte da 6\u00aa temporada de \u201cThe\u2026","rel":"","context":"In &quot;Variedades&quot;","block_context":{"text":"Variedades","link":"https:\/\/noticiasribeiraopreto.com.br\/index.php\/category\/variedades\/"},"img":{"alt_text":"","src":"https:\/\/i0.wp.com\/noticiasribeiraopreto.com.br\/wp-content\/uploads\/2023\/11\/depositphotos-356995830-xl-scaled.jpg?fit=1200%2C638&ssl=1&resize=350%2C200","width":350,"height":200,"srcset":"https:\/\/i0.wp.com\/noticiasribeiraopreto.com.br\/wp-content\/uploads\/2023\/11\/depositphotos-356995830-xl-scaled.jpg?fit=1200%2C638&ssl=1&resize=350%2C200 1x, https:\/\/i0.wp.com\/noticiasribeiraopreto.com.br\/wp-content\/uploads\/2023\/11\/depositphotos-356995830-xl-scaled.jpg?fit=1200%2C638&ssl=1&resize=525%2C300 1.5x, https:\/\/i0.wp.com\/noticiasribeiraopreto.com.br\/wp-content\/uploads\/2023\/11\/depositphotos-356995830-xl-scaled.jpg?fit=1200%2C638&ssl=1&resize=700%2C400 2x, https:\/\/i0.wp.com\/noticiasribeiraopreto.com.br\/wp-content\/uploads\/2023\/11\/depositphotos-356995830-xl-scaled.jpg?fit=1200%2C638&ssl=1&resize=1050%2C600 3x"},"classes":[]},{"id":17091,"url":"https:\/\/noticiasribeiraopreto.com.br\/index.php\/2023\/12\/17\/dna-do-crime-vai-ter-2a-temporada-netflix-define-futuro-da-serie\/","url_meta":{"origin":16671,"position":1},"title":"&#8216;DNA do Crime&#8217; vai ter 2\u00aa temporada? Netflix define futuro da s\u00e9rie","author":"noticiasribeiraopreto.com.br","date":"17 de December de 2023","format":false,"excerpt":"Cr\u00e9ditos: Divulga\u00e7\u00e3o\/Netflix\/Guilherme Leporace e Alisson LoubackA s\u00e9rie \u201cDNA do Crime\u201d \u00e9 inspirada em uma investiga\u00e7\u00e3o real da Pol\u00edcia Federal A s\u00e9rie brasileira \u201cDNA do Crime\u201d est\u00e1 dando o que falar desde seu lan\u00e7amento na Netflix, em 14 de novembro. H\u00e1 um m\u00eas, a produ\u00e7\u00e3o continua no ranking das mais assistidas\u2026","rel":"","context":"In &quot;Variedades&quot;","block_context":{"text":"Variedades","link":"https:\/\/noticiasribeiraopreto.com.br\/index.php\/category\/variedades\/"},"img":{"alt_text":"","src":"https:\/\/i0.wp.com\/noticiasribeiraopreto.com.br\/wp-content\/uploads\/2023\/12\/dna-102-benicio-suellen-00000955-r-scaled-e1686882751706.jpg?fit=1200%2C638&ssl=1&resize=350%2C200","width":350,"height":200,"srcset":"https:\/\/i0.wp.com\/noticiasribeiraopreto.com.br\/wp-content\/uploads\/2023\/12\/dna-102-benicio-suellen-00000955-r-scaled-e1686882751706.jpg?fit=1200%2C638&ssl=1&resize=350%2C200 1x, https:\/\/i0.wp.com\/noticiasribeiraopreto.com.br\/wp-content\/uploads\/2023\/12\/dna-102-benicio-suellen-00000955-r-scaled-e1686882751706.jpg?fit=1200%2C638&ssl=1&resize=525%2C300 1.5x, https:\/\/i0.wp.com\/noticiasribeiraopreto.com.br\/wp-content\/uploads\/2023\/12\/dna-102-benicio-suellen-00000955-r-scaled-e1686882751706.jpg?fit=1200%2C638&ssl=1&resize=700%2C400 2x, https:\/\/i0.wp.com\/noticiasribeiraopreto.com.br\/wp-content\/uploads\/2023\/12\/dna-102-benicio-suellen-00000955-r-scaled-e1686882751706.jpg?fit=1200%2C638&ssl=1&resize=1050%2C600 3x"},"classes":[]},{"id":16594,"url":"https:\/\/noticiasribeiraopreto.com.br\/index.php\/2023\/12\/15\/fbi-sexta-temporada-estreia-em-fevereiro-meu-valor-digital\/","url_meta":{"origin":16671,"position":2},"title":"FBI: sexta temporada estreia em fevereiro &#8211; Meu Valor Digital","author":"noticiasribeiraopreto.com.br","date":"15 de December de 2023","format":false,"excerpt":"Est\u00e1 tudo certo para que a sexta temporada de FBI possa estrear em fevereiro do ano que vem. Os f\u00e3s est\u00e3o torcendo pela volta da s\u00e9rie, j\u00e1 que no final da quinta temporada, houve um desfecho emocionante. Os m\u00e9dicos conseguem salvar tanto a m\u00e3e quanto o filho, Scola (John Boyd)\u2026","rel":"","context":"In &quot;Vagas de Emprego em Ribeir\u00e3o Preto-SP&quot;","block_context":{"text":"Vagas de Emprego em Ribeir\u00e3o Preto-SP","link":"https:\/\/noticiasribeiraopreto.com.br\/index.php\/category\/empregos-classificados-vagas-trabalho\/vagas-de-empregos-em-ribeirao-preto-regiao-brasil\/"},"img":{"alt_text":"","src":"https:\/\/i0.wp.com\/noticiasribeiraopreto.com.br\/wp-content\/uploads\/2023\/12\/FBI-1.jpg?fit=1200%2C773&ssl=1&resize=350%2C200","width":350,"height":200,"srcset":"https:\/\/i0.wp.com\/noticiasribeiraopreto.com.br\/wp-content\/uploads\/2023\/12\/FBI-1.jpg?fit=1200%2C773&ssl=1&resize=350%2C200 1x, https:\/\/i0.wp.com\/noticiasribeiraopreto.com.br\/wp-content\/uploads\/2023\/12\/FBI-1.jpg?fit=1200%2C773&ssl=1&resize=525%2C300 1.5x, https:\/\/i0.wp.com\/noticiasribeiraopreto.com.br\/wp-content\/uploads\/2023\/12\/FBI-1.jpg?fit=1200%2C773&ssl=1&resize=700%2C400 2x, https:\/\/i0.wp.com\/noticiasribeiraopreto.com.br\/wp-content\/uploads\/2023\/12\/FBI-1.jpg?fit=1200%2C773&ssl=1&resize=1050%2C600 3x"},"classes":[]},{"id":12456,"url":"https:\/\/noticiasribeiraopreto.com.br\/index.php\/2023\/12\/08\/10-series-com-mais-de-5-temporadas-para-maratonar-na-netflix-meu-valor-digital\/","url_meta":{"origin":16671,"position":3},"title":"10 s\u00e9ries com mais de 5 temporadas para maratonar na netflix &#8211; Meu Valor Digital","author":"noticiasribeiraopreto.com.br","date":"8 de December de 2023","format":false,"excerpt":"10 s\u00e9ries com mais de 5 temporadas para maratonar na netflix - Meu Valor Digital - Not\u00edcias atualizadas In\u00edcioChamadas10 s\u00e9ries com mais de 5 temporadas para maratonar na netflix Source link","rel":"","context":"In &quot;Vagas de Emprego em Ribeir\u00e3o Preto-SP&quot;","block_context":{"text":"Vagas de Emprego em Ribeir\u00e3o Preto-SP","link":"https:\/\/noticiasribeiraopreto.com.br\/index.php\/category\/empregos-classificados-vagas-trabalho\/vagas-de-empregos-em-ribeirao-preto-regiao-brasil\/"},"img":{"alt_text":"","src":"https:\/\/i0.wp.com\/noticiasribeiraopreto.com.br\/wp-content\/uploads\/2023\/12\/Greys-Anatomy-2.jpg?fit=1200%2C773&ssl=1&resize=350%2C200","width":350,"height":200,"srcset":"https:\/\/i0.wp.com\/noticiasribeiraopreto.com.br\/wp-content\/uploads\/2023\/12\/Greys-Anatomy-2.jpg?fit=1200%2C773&ssl=1&resize=350%2C200 1x, https:\/\/i0.wp.com\/noticiasribeiraopreto.com.br\/wp-content\/uploads\/2023\/12\/Greys-Anatomy-2.jpg?fit=1200%2C773&ssl=1&resize=525%2C300 1.5x, https:\/\/i0.wp.com\/noticiasribeiraopreto.com.br\/wp-content\/uploads\/2023\/12\/Greys-Anatomy-2.jpg?fit=1200%2C773&ssl=1&resize=700%2C400 2x, https:\/\/i0.wp.com\/noticiasribeiraopreto.com.br\/wp-content\/uploads\/2023\/12\/Greys-Anatomy-2.jpg?fit=1200%2C773&ssl=1&resize=1050%2C600 3x"},"classes":[]},{"id":15602,"url":"https:\/\/noticiasribeiraopreto.com.br\/index.php\/2023\/12\/13\/law-order-svu-vai-estrear-na-netflix-em-2024-meu-valor-digital\/","url_meta":{"origin":16671,"position":4},"title":"Law &#038; Order &#8211; SVU vai estrear na Netflix em 2024 &#8211; Meu Valor Digital","author":"noticiasribeiraopreto.com.br","date":"13 de December de 2023","format":false,"excerpt":"Uma das s\u00e9ries de maior sucesso vai chegar ao cat\u00e1logo da Netflix em 2024. \u201cLaw & Order: SVU\u201d. Ainda n\u00e3o foi revelado quantas temporadas estar\u00e3o dispon\u00edveis na plataforma. Os detetives que fazem parte da Unidade de V\u00edtimas Especiais (UVS) do Departamento de Pol\u00edcia de Nova York (NYPD) investigam crimes de\u2026","rel":"","context":"In &quot;Vagas de Emprego em Ribeir\u00e3o Preto-SP&quot;","block_context":{"text":"Vagas de Emprego em Ribeir\u00e3o Preto-SP","link":"https:\/\/noticiasribeiraopreto.com.br\/index.php\/category\/empregos-classificados-vagas-trabalho\/vagas-de-empregos-em-ribeirao-preto-regiao-brasil\/"},"img":{"alt_text":"","src":"https:\/\/i0.wp.com\/noticiasribeiraopreto.com.br\/wp-content\/uploads\/2023\/12\/Law-Order-SVU-1.jpg?fit=1200%2C773&ssl=1&resize=350%2C200","width":350,"height":200,"srcset":"https:\/\/i0.wp.com\/noticiasribeiraopreto.com.br\/wp-content\/uploads\/2023\/12\/Law-Order-SVU-1.jpg?fit=1200%2C773&ssl=1&resize=350%2C200 1x, https:\/\/i0.wp.com\/noticiasribeiraopreto.com.br\/wp-content\/uploads\/2023\/12\/Law-Order-SVU-1.jpg?fit=1200%2C773&ssl=1&resize=525%2C300 1.5x, https:\/\/i0.wp.com\/noticiasribeiraopreto.com.br\/wp-content\/uploads\/2023\/12\/Law-Order-SVU-1.jpg?fit=1200%2C773&ssl=1&resize=700%2C400 2x, https:\/\/i0.wp.com\/noticiasribeiraopreto.com.br\/wp-content\/uploads\/2023\/12\/Law-Order-SVU-1.jpg?fit=1200%2C773&ssl=1&resize=1050%2C600 3x"},"classes":[]},{"id":19243,"url":"https:\/\/noticiasribeiraopreto.com.br\/index.php\/2023\/12\/22\/lista-de-animes-que-vao-estrear-em-2024-meu-valor-digital\/","url_meta":{"origin":16671,"position":5},"title":"Lista de animes que v\u00e3o estrear em 2024 &#8211; Meu Valor Digital","author":"noticiasribeiraopreto.com.br","date":"22 de December de 2023","format":false,"excerpt":"Para quem n\u00e3o quer perder nenhuma novidade no mundo dos animes precisa ficar ligado nas estreias que v\u00e3o acontecer em 2024. Muitos f\u00e3s est\u00e3o ansiosos por novos epis\u00f3dios de suas s\u00e9ries de sucesso. S\u00e3o animes novos, sequ\u00eancias de s\u00e9ries aclamadas que prometem deixar voc\u00ea colocado na poltrona sem perder nenhum\u2026","rel":"","context":"In &quot;Vagas de Emprego em Ribeir\u00e3o Preto-SP&quot;","block_context":{"text":"Vagas de Emprego em Ribeir\u00e3o Preto-SP","link":"https:\/\/noticiasribeiraopreto.com.br\/index.php\/category\/empregos-classificados-vagas-trabalho\/vagas-de-empregos-em-ribeirao-preto-regiao-brasil\/"},"img":{"alt_text":"","src":"https:\/\/i0.wp.com\/noticiasribeiraopreto.com.br\/wp-content\/uploads\/2023\/12\/Oshi-no-Ko-1.jpg?fit=1200%2C774&ssl=1&resize=350%2C200","width":350,"height":200,"srcset":"https:\/\/i0.wp.com\/noticiasribeiraopreto.com.br\/wp-content\/uploads\/2023\/12\/Oshi-no-Ko-1.jpg?fit=1200%2C774&ssl=1&resize=350%2C200 1x, https:\/\/i0.wp.com\/noticiasribeiraopreto.com.br\/wp-content\/uploads\/2023\/12\/Oshi-no-Ko-1.jpg?fit=1200%2C774&ssl=1&resize=525%2C300 1.5x, https:\/\/i0.wp.com\/noticiasribeiraopreto.com.br\/wp-content\/uploads\/2023\/12\/Oshi-no-Ko-1.jpg?fit=1200%2C774&ssl=1&resize=700%2C400 2x, https:\/\/i0.wp.com\/noticiasribeiraopreto.com.br\/wp-content\/uploads\/2023\/12\/Oshi-no-Ko-1.jpg?fit=1200%2C774&ssl=1&resize=1050%2C600 3x"},"classes":[]}],"jetpack_sharing_enabled":true,"jetpack_shortlink":"https:\/\/wp.me\/peQAOb-4kT","_links":{"self":[{"href":"https:\/\/noticiasribeiraopreto.com.br\/index.php\/wp-json\/wp\/v2\/posts\/16671","targetHints":{"allow":["GET"]}}],"collection":[{"href":"https:\/\/noticiasribeiraopreto.com.br\/index.php\/wp-json\/wp\/v2\/posts"}],"about":[{"href":"https:\/\/noticiasribeiraopreto.com.br\/index.php\/wp-json\/wp\/v2\/types\/post"}],"author":[{"embeddable":true,"href":"https:\/\/noticiasribeiraopreto.com.br\/index.php\/wp-json\/wp\/v2\/users\/1"}],"replies":[{"embeddable":true,"href":"https:\/\/noticiasribeiraopreto.com.br\/index.php\/wp-json\/wp\/v2\/comments?post=16671"}],"version-history":[{"count":0,"href":"https:\/\/noticiasribeiraopreto.com.br\/index.php\/wp-json\/wp\/v2\/posts\/16671\/revisions"}],"wp:featuredmedia":[{"embeddable":true,"href":"https:\/\/noticiasribeiraopreto.com.br\/index.php\/wp-json\/wp\/v2\/media\/16672"}],"wp:attachment":[{"href":"https:\/\/noticiasribeiraopreto.com.br\/index.php\/wp-json\/wp\/v2\/media?parent=16671"}],"wp:term":[{"taxonomy":"category","embeddable":true,"href":"https:\/\/noticiasribeiraopreto.com.br\/index.php\/wp-json\/wp\/v2\/categories?post=16671"},{"taxonomy":"post_tag","embeddable":true,"href":"https:\/\/noticiasribeiraopreto.com.br\/index.php\/wp-json\/wp\/v2\/tags?post=16671"}],"curies":[{"name":"wp","href":"https:\/\/api.w.org\/{rel}","templated":true}]}}