{"id":16673,"date":"2023-12-16T02:03:42","date_gmt":"2023-12-16T05:03:42","guid":{"rendered":"https:\/\/noticiasribeiraopreto.com.br\/index.php\/2023\/12\/16\/sao-paulo-cria-mais-de-500-mil-vagas-de-empregos-com-carteira-assinada-veja-destaques-2\/"},"modified":"2023-12-16T02:03:42","modified_gmt":"2023-12-16T05:03:42","slug":"sao-paulo-cria-mais-de-500-mil-vagas-de-empregos-com-carteira-assinada-veja-destaques-2","status":"publish","type":"post","link":"https:\/\/noticiasribeiraopreto.com.br\/index.php\/2023\/12\/16\/sao-paulo-cria-mais-de-500-mil-vagas-de-empregos-com-carteira-assinada-veja-destaques-2\/","title":{"rendered":"S\u00e3o Paulo cria mais de 500 mil vagas de empregos com carteira assinada; Veja destaques"},"content":{"rendered":"<div class='code-block code-block-1' style='margin: 8px 0 8px auto; text-align: right; display: block; clear: both;'>\n<p><a href=\"https:\/\/wa.link\/vpicfd\"><img data-recalc-dims=\"1\" class=\"wp-image-4922\" style=\"aspect-ratio: 2.0253164556962027; width: 561px; height: auto;\" src=\"https:\/\/i0.wp.com\/ismaelcolosi.com.br\/wp-content\/uploads\/2023\/11\/grupo-de-empregos-whatsapp-e-facebook-ismael-colosi-vagas.jpg?ssl=1\" alt=\"\" \/><\/a><\/p>\n<!-- \/wp:image -->\n<\/div>\n<p> <br \/>\n<\/p>\n<div>\n<p>O estado de S\u00e3o Paulo comemora a cria\u00e7\u00e3o de mais de meio milh\u00e3o de <strong>vagas de emprego com carteira assinada<\/strong> nos primeiros 10 meses do ano de 2023, de acordo com dados da pesquisa Emprego Formal realizada pela Funda\u00e7\u00e3o Seade, vinculada ao Governo do Estado de S\u00e3o Paulo.<\/p>\n<p>Segundo o levantamento, entre janeiro e outubro deste ano, foram gerados 69 mil novos postos de trabalho em outubro, representando um aumento de 0,5% em rela\u00e7\u00e3o ao m\u00eas anterior. Esse crescimento reflete a soma de 621 mil admiss\u00f5es e 552 mil desligamentos durante o per\u00edodo analisado.<\/p>\n<p>O governador Tarc\u00edsio de Freitas destacou o feito, afirmando: \u201cCriamos mais de meio milh\u00e3o de empregos com carteira assinada em dez meses, todos os setores da economia foram contemplados com mais oportunidades no interior, litoral e grandes centros. O Governo de S\u00e3o Paulo \u00e9 parceiro de quem produz e gera riquezas e vamos continuar movimentando as alavancas para o aquecimento cada vez mais expressivo do emprego, abrindo portas e gerando renda para a popula\u00e7\u00e3o.\u201d<\/p>\n<p>Com esse desempenho, o estoque de empregos formais no estado alcan\u00e7ou a marca de 13,6 milh\u00f5es, conforme os dados do Cadastro Geral de Empregados e Desempregados (<a href=\"https:\/\/ces.ibge.gov.br\/base-de-dados\/metadados\/mte\/cadastro-geral-de-empregados-e-desempregados-caged.html\" rel=\"noopener\" target=\"_blank\">Caged<\/a>).<\/p>\n<p><a href=\"https:\/\/jcconcursos.com.br\/noticia\/brasil\/otima-noticia-para-quem-passar-em-concurso-publico-em-sao-paulo-salario-acrescido-em-60-119904\" rel=\"noopener\" target=\"_blank\">+\u00d3tima not\u00edcia para quem prestar concurso p\u00fablico em S\u00e3o Paulo: sal\u00e1rio acrescido em 60%<\/a><\/p>\n<h2>Vagas de emprego por setor<\/h2>\n<p>As varia\u00e7\u00f5es positivas em outubro foram observadas nos setores da:<\/p>\n<ul>\n<li>constru\u00e7\u00e3o (0,7%)<\/li>\n<li>servi\u00e7os (0,6%)<\/li>\n<li>com\u00e9rcio (0,5%)<\/li>\n<li>ind\u00fastria (0,3%)<\/li>\n<\/ul>\n<p>Dentro do setor de servi\u00e7os, as atividades administrativas e servi\u00e7os complementares se destacaram, criando 27 mil novas vagas, seguidas por alojamento e alimenta\u00e7\u00e3o, que geraram 3 mil postos de trabalho. Em termos absolutos, os n\u00fameros revelam a cria\u00e7\u00e3o de 44.112 empregos em servi\u00e7os, 13.935 no com\u00e9rcio, 5.405 na constru\u00e7\u00e3o e 7.842 na ind\u00fastria durante o m\u00eas de outubro.<\/p>\n<p>Considerando o per\u00edodo dos \u00faltimos 12 meses, S\u00e3o Paulo registrou um saldo de 403 mil novos empregos, com um crescimento de 3,1%, muito pr\u00f3ximo \u00e0 m\u00e9dia nacional de 3,4%. Esse saldo representa 28% do total de 1,5 milh\u00e3o de novos empregos no pa\u00eds.<\/p>\n<p>Todos os setores de atividade no estado mostraram resultados positivos na gera\u00e7\u00e3o de empregos nesse per\u00edodo: servi\u00e7os (239 mil), com\u00e9rcio (69 mil), constru\u00e7\u00e3o (52 mil), ind\u00fastria (29 mil) e agricultura (13 mil).<\/p>\n<p><a href=\"https:\/\/jcconcursos.com.br\/noticia\/brasil\/vaga-de-emprego-comercio-deve-contratar-mais-em-2024-segundo-cnc-120075\" rel=\"noopener\" target=\"_blank\">+Vaga de emprego: com\u00e9rcio deve contratar mais em 2024, segundo CNC<\/a><\/p>\n<h2>Desempenho por cidades<\/h2>\n<p>Os munic\u00edpios que apresentaram os desempenhos mais expressivos de novembro de 2022 a outubro de 2023 foram:<\/p>\n<ul>\n<li>a capital, com a cria\u00e7\u00e3o de 128 mil empregos<\/li>\n<li>cidades da Grande S\u00e3o Paulo, com 74 mil<\/li>\n<li>munic\u00edpios das regi\u00f5es de Campinas (61 mil)<\/li>\n<li>Sorocaba (21 mil)<\/li>\n<li>S\u00e3o Jos\u00e9 dos Campos (21 mil)<\/li>\n<\/ul>\n<p>Juntas, essas regi\u00f5es respondem por 76% dos empregos gerados no territ\u00f3rio paulista, segundo a pesquisa <a href=\"https:\/\/www.seade.gov.br\/\" rel=\"noopener\" target=\"_blank\">Seade<\/a>.<\/p>\n<h2>Carteira de trabalho digital<\/h2>\n<p>Com a moderniza\u00e7\u00e3o dos servi\u00e7os p\u00fablicos, fazer a\u00a0Carteira de Trabalho Digital\u00a0se tornou uma vantagem aos trabalhadores brasileiros, pois torna mais pr\u00e1tico e acess\u00edvel o acompanhamento das informa\u00e7\u00f5es trabalhistas. \u00c9 poss\u00edvel obter a sua carteira de trabalho online de forma r\u00e1pida e simples, sem a necessidade de deslocamentos ou burocracias.<\/p>\n<p>Quem est\u00e1 em busca de uma nova <strong>vaga de emprego com carteira assinada<\/strong> pode emitir o documento online, em poucos minutos, sem sair de casa e apresentar a vers\u00e3o digital quando passar na entrevista de emprego e for assumir o cargo, mesmo que tenha a vers\u00e3o f\u00edsica, em papel, sua apresenta\u00e7\u00e3o \u00e9 dispens\u00e1vel.<\/p>\n<p>Para ter acesso \u00e0 carteira digital, basta criar uma conta no <a href=\"https:\/\/www.gov.br\/pt-br\" rel=\"noopener\" target=\"_blank\">Portal GOV.br<\/a>\u00a0e baixar o\u00a0<a href=\"https:\/\/play.google.com\/store\/apps\/details?gl=US&amp;hl=pt_BR&amp;id=br.gov.dataprev.carteiradigital\" rel=\"noopener\" target=\"_blank\">aplicativo da CTPS Digital<\/a>, dispon\u00edvel para tablet e smartphone com sistema operacional Android ou iOS. N\u00e3o h\u00e1 a necessidade de anexar documenta\u00e7\u00e3o, pois a carteira \u00e9 gerada automaticamente para todos que t\u00eam CPF ativo. Veja o passo a passo:<\/p>\n<ul>\n<li>No computador ou no celular: acesse o portal Gov.br e busque por carteira de trabalho digital;<\/li>\n<li>Depois clique em solicitar;<\/li>\n<li>Por \u00faltimo, quero me cadastrar;<\/li>\n<li>\u00c9 necess\u00e1rio preencher os campos com os seus dados seguindo o passo a passo do pr\u00f3prio site;<\/li>\n<li>Se o sistema informar que voc\u00ea j\u00e1 tem cadastro, volte para tela da senha de acesso, clique no bot\u00e3o: \u201cJ\u00e1 tenho cadastro\u201d e siga os passos;<\/li>\n<li>Ao entrar no sistema e chegar na \u00e1rea do trabalhador, clique no card: \u201cCarteira de trabalho digital\u201d;<\/li>\n<li>O sistema tamb\u00e9m d\u00e1 a possibilidade do trabalhador verificar o seu hist\u00f3rico profissional;<\/li>\n<li>O procedimento tamb\u00e9m poder\u00e1 ser realizado pelo celular, ao baixar o app carteira de trabalho digital;<\/li>\n<li>Na vers\u00e3o Mobile, voc\u00ea ter\u00e1 a possibilidade de receber notifica\u00e7\u00f5es sobre as movimenta\u00e7\u00f5es em seu contrato de trabalho.<\/li>\n<\/ul>\n<p>Ao ser solicita pelo RH para o registro, basta informar que obteve a carteira de trabalho online e passar o n\u00famero do CPF. O empregador vai inserir todas as informa\u00e7\u00f5es do contrato no sistema eSocial (Cadastramento Inicial do V\u00ednculo e Admiss\u00e3o\/Ingresso de Trabalhador).<\/p>\n<p>+++Acompanhe as principais not\u00edcias sobre Concursos P\u00fablicos, <a href=\"https:\/\/jcconcursos.com.br\/noticia\/empregos\" rel=\"noopener\" target=\"_blank\">Empregos<\/a>\u00a0e Sociedade no JC Concursos.<\/p>\n<p><a id=\"gnews_btn\" href=\"https:\/\/news.google.com\/publications\/CAAqBwgKMOixlQswuZWrAw\" target=\"_blank\" class=\"border_jc_blue link_hover_bg_jc_blue font_85 d-block d-md-inline-block px-2 py-1 mr-0 mr-md-2 mb-3 w-100 text-center\" rel=\"noopener\"><span class=\"text_jc_blue\">Siga o <strong>JC Concursos no Google News<\/strong><\/span><\/a><a href=\"https:\/\/jcconcursos.com.br\/noticia\/brasil\/\" class=\"badge badge-light\">Sociedade<\/a><a href=\"https:\/\/jcconcursos.com.br\/noticia\/brasil\/\" class=\"badge badge-light\">Brasil<\/a><\/p>\n<\/div>\n<p><br \/>\n<br \/><a href=\"https:\/\/ismaelcolosi.com.br\/sao-paulo-cria-mais-de-500-mil-vagas-de-empregos-com-carteira-assinada-veja-destaques\/\">Source link <\/a><\/p>\n<!-- CONTENT END 1 -->\n","protected":false},"excerpt":{"rendered":"<p>O estado de S\u00e3o Paulo comemora a cria\u00e7\u00e3o de mais de meio milh\u00e3o de vagas de emprego com carteira assinada nos primeiros 10 meses do&#8230;<\/p>\n","protected":false},"author":1,"featured_media":16674,"comment_status":"open","ping_status":"open","sticky":false,"template":"","format":"standard","meta":{"advanced_seo_description":"","jetpack_seo_html_title":"","jetpack_seo_noindex":false,"jetpack_post_was_ever_published":false,"_jetpack_newsletter_access":"","_jetpack_dont_email_post_to_subs":false,"_jetpack_newsletter_tier_id":0,"_jetpack_memberships_contains_paywalled_content":false,"_jetpack_memberships_contains_paid_content":false,"footnotes":"","jetpack_publicize_message":"","jetpack_publicize_feature_enabled":true,"jetpack_social_post_already_shared":true,"jetpack_social_options":{"image_generator_settings":{"template":"highway","default_image_id":0,"font":"","enabled":false},"version":2}},"categories":[7],"tags":[],"class_list":["post-16673","post","type-post","status-publish","format-standard","has-post-thumbnail","hentry","category-vagas-de-empregos-em-ribeirao-preto-regiao-brasil"],"jetpack_publicize_connections":[],"jetpack_featured_media_url":"https:\/\/i0.wp.com\/noticiasribeiraopreto.com.br\/wp-content\/uploads\/2023\/12\/vaga-emprego-sao-paulo.png?fit=1920%2C1080&ssl=1","jetpack-related-posts":[{"id":83117,"url":"https:\/\/noticiasribeiraopreto.com.br\/index.php\/2026\/03\/10\/em-12-meses-ribeirao-abriu-3-518-vagas-de-emprego\/","url_meta":{"origin":16673,"position":0},"title":"Em 12 meses, Ribeir\u00e3o \u2028abriu 3.518 vagas de emprego","author":"noticiasribeiraopreto.com.br","date":"10 de March de 2026","format":false,"excerpt":"Ribeir\u00e3o Preto criou, nos \u00faltimos doze meses \u2013 de fevereiro de 2025 at\u00e9 o final de janeiro deste abno \u2013, 3.518 novos postos de trabalho, segundo levantamento da Funda\u00e7\u00e3o Sistema Estafdual de An\u00e1lise de Dados (Seade), com base nas informa\u00e7\u00f5es do Novo Cadastro Geral de Empregados e Desempregados (Novo Caged)\u2026","rel":"","context":"In &quot;Not\u00edcias de Ribeir\u00e3o Preto-SP e Regi\u00e3o&quot;","block_context":{"text":"Not\u00edcias de Ribeir\u00e3o Preto-SP e Regi\u00e3o","link":"https:\/\/noticiasribeiraopreto.com.br\/index.php\/category\/noticias-de-ribeirao-preto-sp-e-regiao-ismael-colosi\/"},"img":{"alt_text":"","src":"https:\/\/i0.wp.com\/noticiasribeiraopreto.com.br\/wp-content\/uploads\/2026\/03\/CagedRP-Divulgacao-scaled.jpg?fit=1200%2C675&ssl=1&resize=350%2C200","width":350,"height":200,"srcset":"https:\/\/i0.wp.com\/noticiasribeiraopreto.com.br\/wp-content\/uploads\/2026\/03\/CagedRP-Divulgacao-scaled.jpg?fit=1200%2C675&ssl=1&resize=350%2C200 1x, https:\/\/i0.wp.com\/noticiasribeiraopreto.com.br\/wp-content\/uploads\/2026\/03\/CagedRP-Divulgacao-scaled.jpg?fit=1200%2C675&ssl=1&resize=525%2C300 1.5x, https:\/\/i0.wp.com\/noticiasribeiraopreto.com.br\/wp-content\/uploads\/2026\/03\/CagedRP-Divulgacao-scaled.jpg?fit=1200%2C675&ssl=1&resize=700%2C400 2x, https:\/\/i0.wp.com\/noticiasribeiraopreto.com.br\/wp-content\/uploads\/2026\/03\/CagedRP-Divulgacao-scaled.jpg?fit=1200%2C675&ssl=1&resize=1050%2C600 3x"},"classes":[]},{"id":37478,"url":"https:\/\/noticiasribeiraopreto.com.br\/index.php\/2024\/02\/16\/emprego-recua-35-no-comercio-paulista\/","url_meta":{"origin":16673,"position":1},"title":"Emprego recua 35% no com\u00e9rcio paulista \u00a0","author":"noticiasribeiraopreto.com.br","date":"16 de February de 2024","format":false,"excerpt":"O ritmo de crescimento do mercado de trabalho no com\u00e9rcio paulista desacelerou ao longo de 2023, aponta a Pesquisa do Emprego no Estado de S\u00e3o Paulo (PESP) da Federa\u00e7\u00e3o do Com\u00e9rcio de Bens, Servi\u00e7os e Turismo do Estado de S\u00e3o Paulo (FecomercioSP). O total de empregos gerados sofreu uma queda\u2026","rel":"","context":"In &quot;Not\u00edcias de Ribeir\u00e3o Preto-SP e Regi\u00e3o&quot;","block_context":{"text":"Not\u00edcias de Ribeir\u00e3o Preto-SP e Regi\u00e3o","link":"https:\/\/noticiasribeiraopreto.com.br\/index.php\/category\/noticias-de-ribeirao-preto-sp-e-regiao-ismael-colosi\/"},"img":{"alt_text":"","src":"https:\/\/i0.wp.com\/noticiasribeiraopreto.com.br\/wp-content\/uploads\/2024\/02\/Fecomercio-Alfredo-Risk-scaled.jpg?fit=1000%2C622&ssl=1&resize=350%2C200","width":350,"height":200,"srcset":"https:\/\/i0.wp.com\/noticiasribeiraopreto.com.br\/wp-content\/uploads\/2024\/02\/Fecomercio-Alfredo-Risk-scaled.jpg?fit=1000%2C622&ssl=1&resize=350%2C200 1x, https:\/\/i0.wp.com\/noticiasribeiraopreto.com.br\/wp-content\/uploads\/2024\/02\/Fecomercio-Alfredo-Risk-scaled.jpg?fit=1000%2C622&ssl=1&resize=525%2C300 1.5x, https:\/\/i0.wp.com\/noticiasribeiraopreto.com.br\/wp-content\/uploads\/2024\/02\/Fecomercio-Alfredo-Risk-scaled.jpg?fit=1000%2C622&ssl=1&resize=700%2C400 2x"},"classes":[]},{"id":22128,"url":"https:\/\/noticiasribeiraopreto.com.br\/index.php\/2023\/12\/29\/brasil-cria-130-mil-vagas-de-emprego-em-novembro\/","url_meta":{"origin":16673,"position":2},"title":"Brasil cria 130 MIL vagas de emprego em novembro","author":"noticiasribeiraopreto.com.br","date":"29 de December de 2023","format":false,"excerpt":"O Minist\u00e9rio do Trabalho e Previd\u00eancia informou nesta quinta-feira (28) que o Brasil criou 130,1 mil postos de trabalho formal em novembro de 2023. O resultado mostra que o pa\u00eds registrou uma quantidade bem maior de admiss\u00f5es do que de demiss\u00f5es no pen\u00faltimo m\u00eas do ano. Os dados foram bastante\u2026","rel":"","context":"In &quot;Vagas de Emprego em Ribeir\u00e3o Preto-SP&quot;","block_context":{"text":"Vagas de Emprego em Ribeir\u00e3o Preto-SP","link":"https:\/\/noticiasribeiraopreto.com.br\/index.php\/category\/empregos-classificados-vagas-trabalho\/vagas-de-empregos-em-ribeirao-preto-regiao-brasil\/"},"img":{"alt_text":"","src":"https:\/\/i0.wp.com\/noticiasribeiraopreto.com.br\/wp-content\/uploads\/2023\/12\/noticiasconcursos.com_.br-caged-brasil-cria-130-mil-vagas-de-emprego-em-novembro-carteira-de-trabalho-canva-1-750x430.jpg?fit=750%2C430&ssl=1&resize=350%2C200","width":350,"height":200,"srcset":"https:\/\/i0.wp.com\/noticiasribeiraopreto.com.br\/wp-content\/uploads\/2023\/12\/noticiasconcursos.com_.br-caged-brasil-cria-130-mil-vagas-de-emprego-em-novembro-carteira-de-trabalho-canva-1-750x430.jpg?fit=750%2C430&ssl=1&resize=350%2C200 1x, https:\/\/i0.wp.com\/noticiasribeiraopreto.com.br\/wp-content\/uploads\/2023\/12\/noticiasconcursos.com_.br-caged-brasil-cria-130-mil-vagas-de-emprego-em-novembro-carteira-de-trabalho-canva-1-750x430.jpg?fit=750%2C430&ssl=1&resize=525%2C300 1.5x, https:\/\/i0.wp.com\/noticiasribeiraopreto.com.br\/wp-content\/uploads\/2023\/12\/noticiasconcursos.com_.br-caged-brasil-cria-130-mil-vagas-de-emprego-em-novembro-carteira-de-trabalho-canva-1-750x430.jpg?fit=750%2C430&ssl=1&resize=700%2C400 2x"},"classes":[]},{"id":8012,"url":"https:\/\/noticiasribeiraopreto.com.br\/index.php\/2023\/11\/29\/emprego-formal-sobe-em-outubro-em-rp\/","url_meta":{"origin":16673,"position":3},"title":"Emprego formal\u00a0sobe em outubro\u00a0em RP","author":"noticiasribeiraopreto.com.br","date":"29 de November de 2023","format":false,"excerpt":"29 de novembro de 2023 | 10:0029 de novembro de 2023 | 8:55 0O Minist\u00e9rio do Trabalho e Emprego divulgou nesta ter\u00e7a-feira, 28 de novembro, os n\u00fameros do Novo Cadastro Geral de Empregados e Desempregados (Novo Caged) de outubro. A economia de Ribeir\u00e3o Preto fechou o d\u00e9cimo m\u00eas de 2023\u2026","rel":"","context":"In &quot;Not\u00edcias de Ribeir\u00e3o Preto-SP e Regi\u00e3o&quot;","block_context":{"text":"Not\u00edcias de Ribeir\u00e3o Preto-SP e Regi\u00e3o","link":"https:\/\/noticiasribeiraopreto.com.br\/index.php\/category\/noticias-de-ribeirao-preto-sp-e-regiao-ismael-colosi\/"},"img":{"alt_text":"","src":"https:\/\/i0.wp.com\/noticiasribeiraopreto.com.br\/wp-content\/uploads\/2023\/11\/CagedRP-Marcelo-Camargo-Ag.Br_-scaled.jpg?fit=1000%2C598&ssl=1&resize=350%2C200","width":350,"height":200,"srcset":"https:\/\/i0.wp.com\/noticiasribeiraopreto.com.br\/wp-content\/uploads\/2023\/11\/CagedRP-Marcelo-Camargo-Ag.Br_-scaled.jpg?fit=1000%2C598&ssl=1&resize=350%2C200 1x, https:\/\/i0.wp.com\/noticiasribeiraopreto.com.br\/wp-content\/uploads\/2023\/11\/CagedRP-Marcelo-Camargo-Ag.Br_-scaled.jpg?fit=1000%2C598&ssl=1&resize=525%2C300 1.5x, https:\/\/i0.wp.com\/noticiasribeiraopreto.com.br\/wp-content\/uploads\/2023\/11\/CagedRP-Marcelo-Camargo-Ag.Br_-scaled.jpg?fit=1000%2C598&ssl=1&resize=700%2C400 2x"},"classes":[]},{"id":75174,"url":"https:\/\/noticiasribeiraopreto.com.br\/index.php\/2025\/08\/05\/emprego-formal-cai-no-semestre-tribuna-ribeirao\/","url_meta":{"origin":16673,"position":4},"title":"Emprego formal cai no semestre \u2013 Tribuna Ribeir\u00e3o","author":"noticiasribeiraopreto.com.br","date":"5 de August de 2025","format":false,"excerpt":"O Minist\u00e9rio do Trabalho e Emprego divulgou os n\u00fameros do Novo Cadastro Geral de Empregados e Desempregados (Novo Caged) de junho nesta segunda-feira, 4 de agosto. A economia de Ribeir\u00e3o Preto voltou a ter super\u00e1vit no sexto m\u00eas do ano, de 216 empregos com carteira assinada, fruto de 12.065 admiss\u00f5es\u2026","rel":"","context":"In &quot;Not\u00edcias de Ribeir\u00e3o Preto-SP e Regi\u00e3o&quot;","block_context":{"text":"Not\u00edcias de Ribeir\u00e3o Preto-SP e Regi\u00e3o","link":"https:\/\/noticiasribeiraopreto.com.br\/index.php\/category\/noticias-de-ribeirao-preto-sp-e-regiao-ismael-colosi\/"},"img":{"alt_text":"","src":"","width":0,"height":0},"classes":[]},{"id":42749,"url":"https:\/\/noticiasribeiraopreto.com.br\/index.php\/2024\/03\/16\/emprego-formal-avanca-em-janeiro\/","url_meta":{"origin":16673,"position":5},"title":"Emprego formal\u00a0avan\u00e7a em janeiro\u00a0 &#8211; Jornal Tribuna Ribeir\u00e3o","author":"noticiasribeiraopreto.com.br","date":"16 de March de 2024","format":false,"excerpt":"O Minist\u00e9rio do Trabalho e Emprego divulgou, nesta sexta-feira, 15 de mar\u00e7o, os n\u00fameros do Novo Cadastro Geral de Empregados e Desempregados (Novo Caged) de janeiro. A economia de Ribeir\u00e3o Preto fechou o primeiro m\u00eas do ano com super\u00e1vit de 904 empregos com carteira assinada, fruto de 12.547 admiss\u00f5es e\u2026","rel":"","context":"In &quot;Not\u00edcias de Ribeir\u00e3o Preto-SP e Regi\u00e3o&quot;","block_context":{"text":"Not\u00edcias de Ribeir\u00e3o Preto-SP e Regi\u00e3o","link":"https:\/\/noticiasribeiraopreto.com.br\/index.php\/category\/noticias-de-ribeirao-preto-sp-e-regiao-ismael-colosi\/"},"img":{"alt_text":"","src":"https:\/\/i0.wp.com\/noticiasribeiraopreto.com.br\/wp-content\/uploads\/2024\/03\/CagedRP-Car-Marcelo-Camargo-Ag.Br_-scaled.jpg?fit=1000%2C598&ssl=1&resize=350%2C200","width":350,"height":200,"srcset":"https:\/\/i0.wp.com\/noticiasribeiraopreto.com.br\/wp-content\/uploads\/2024\/03\/CagedRP-Car-Marcelo-Camargo-Ag.Br_-scaled.jpg?fit=1000%2C598&ssl=1&resize=350%2C200 1x, https:\/\/i0.wp.com\/noticiasribeiraopreto.com.br\/wp-content\/uploads\/2024\/03\/CagedRP-Car-Marcelo-Camargo-Ag.Br_-scaled.jpg?fit=1000%2C598&ssl=1&resize=525%2C300 1.5x, https:\/\/i0.wp.com\/noticiasribeiraopreto.com.br\/wp-content\/uploads\/2024\/03\/CagedRP-Car-Marcelo-Camargo-Ag.Br_-scaled.jpg?fit=1000%2C598&ssl=1&resize=700%2C400 2x"},"classes":[]}],"jetpack_sharing_enabled":true,"jetpack_shortlink":"https:\/\/wp.me\/peQAOb-4kV","_links":{"self":[{"href":"https:\/\/noticiasribeiraopreto.com.br\/index.php\/wp-json\/wp\/v2\/posts\/16673","targetHints":{"allow":["GET"]}}],"collection":[{"href":"https:\/\/noticiasribeiraopreto.com.br\/index.php\/wp-json\/wp\/v2\/posts"}],"about":[{"href":"https:\/\/noticiasribeiraopreto.com.br\/index.php\/wp-json\/wp\/v2\/types\/post"}],"author":[{"embeddable":true,"href":"https:\/\/noticiasribeiraopreto.com.br\/index.php\/wp-json\/wp\/v2\/users\/1"}],"replies":[{"embeddable":true,"href":"https:\/\/noticiasribeiraopreto.com.br\/index.php\/wp-json\/wp\/v2\/comments?post=16673"}],"version-history":[{"count":0,"href":"https:\/\/noticiasribeiraopreto.com.br\/index.php\/wp-json\/wp\/v2\/posts\/16673\/revisions"}],"wp:featuredmedia":[{"embeddable":true,"href":"https:\/\/noticiasribeiraopreto.com.br\/index.php\/wp-json\/wp\/v2\/media\/16674"}],"wp:attachment":[{"href":"https:\/\/noticiasribeiraopreto.com.br\/index.php\/wp-json\/wp\/v2\/media?parent=16673"}],"wp:term":[{"taxonomy":"category","embeddable":true,"href":"https:\/\/noticiasribeiraopreto.com.br\/index.php\/wp-json\/wp\/v2\/categories?post=16673"},{"taxonomy":"post_tag","embeddable":true,"href":"https:\/\/noticiasribeiraopreto.com.br\/index.php\/wp-json\/wp\/v2\/tags?post=16673"}],"curies":[{"name":"wp","href":"https:\/\/api.w.org\/{rel}","templated":true}]}}