{"id":16677,"date":"2023-12-16T02:33:34","date_gmt":"2023-12-16T05:33:34","guid":{"rendered":"https:\/\/noticiasribeiraopreto.com.br\/index.php\/2023\/12\/16\/placa-solar-de-560-watts-mantem-ar-condicionado-ligado-por-quanto-tempo-veja-tambem-de-quantos-paineis-vai-precisar\/"},"modified":"2023-12-16T02:33:34","modified_gmt":"2023-12-16T05:33:34","slug":"placa-solar-de-560-watts-mantem-ar-condicionado-ligado-por-quanto-tempo-veja-tambem-de-quantos-paineis-vai-precisar","status":"publish","type":"post","link":"https:\/\/noticiasribeiraopreto.com.br\/index.php\/2023\/12\/16\/placa-solar-de-560-watts-mantem-ar-condicionado-ligado-por-quanto-tempo-veja-tambem-de-quantos-paineis-vai-precisar\/","title":{"rendered":"Placa solar de 560 watts mant\u00e9m ar condicionado ligado por quanto tempo? Veja tamb\u00e9m de quantos pain\u00e9is vai precisar"},"content":{"rendered":"<div class='code-block code-block-1' style='margin: 8px 0 8px auto; text-align: right; display: block; clear: both;'>\n<p><a href=\"https:\/\/wa.link\/vpicfd\"><img data-recalc-dims=\"1\" class=\"wp-image-4922\" style=\"aspect-ratio: 2.0253164556962027; width: 561px; height: auto;\" src=\"https:\/\/i0.wp.com\/ismaelcolosi.com.br\/wp-content\/uploads\/2023\/11\/grupo-de-empregos-whatsapp-e-facebook-ismael-colosi-vagas.jpg?ssl=1\" alt=\"\" \/><\/a><\/p>\n<!-- \/wp:image -->\n<\/div>\n<p> <br \/>\n<\/p>\n<div>\n<figure><picture><source srcset=\"https:\/\/clickpetroleoegas.com.br\/wp-content\/uploads\/2023\/12\/Placa-solar-de-560-watts-mantem-ar-condicionado-ligado-por-quanto-tempo-Veja-tambem-de-quantos-paineis-vai-precisar-830x450.jpg.webp\" type=\"image\/webp\"><img data-recalc-dims=\"1\" loading=\"lazy\" width=\"830\" height=\"450\" src=\"https:\/\/i0.wp.com\/clickpetroleoegas.com.br\/wp-content\/uploads\/2023\/12\/Placa-solar-de-560-watts-mantem-ar-condicionado-ligado-por-quanto-tempo-Veja-tambem-de-quantos-paineis-vai-precisar-830x450.jpg?resize=830%2C450&#038;ssl=1\" class=\"fdnw-post-thumbnail fdnw-first-card-thumbnail wp-post-image\" alt=\"Placa solar de 560 watts mant\u00e9m ar condicionado ligado por quanto tempo? Veja tamb\u00e9m de quantos pain\u00e9is vai precisar\" decoding=\"async\" data-eio=\"p\"\/><\/source><\/picture><figcaption class=\"fdnw-image-caption\">Foto: Divulga\u00e7\u00e3o<\/figcaption><\/figure>\n<h2 class=\"wp-block-heading\" id=\"h-uma-analise-detalhada-revela-que-uma-placa-solar-de-560-watts-pode-manter-um-ar-condicionado-de-9-000-btu-funcionando-por-quase-3-horas-e-38-minutos-descubra-como-a-energia-solar-esta-transformando-o-uso-domestico-de-aparelhos\">Uma an\u00e1lise detalhada revela que uma placa solar de 560 watts pode manter um ar condicionado de 9.000 BTU funcionando por quase 3 horas e 38 minutos. Descubra como a energia solar est\u00e1 transformando o uso dom\u00e9stico de aparelhos.<\/h2>\n<p>Em um mundo onde o consumo consciente de energia se torna cada vez mais essencial, a energia solar surge como uma <strong>alternativa promissora<\/strong>. Um exemplo disso \u00e9 o uso de placas solares para operar aparelhos como ar condicionado, uma necessidade em cidades quentes como o Rio de Janeiro. Mas surge a pergunta: por quanto tempo uma \u00fanica placa solar pode manter um ar condicionado funcionando?<\/p>\n<p>Segundo uma an\u00e1lise realizada com base em dados de consumo e gera\u00e7\u00e3o de energia solar, descobriu-se que uma placa solar com pot\u00eancia de 560 watts \u00e9 capaz de manter um ar condicionado de 9.000 BTU operando por aproximadamente<strong> 3 horas e 38 minutos por dia<\/strong>. Este c\u00e1lculo considera o consumo m\u00e9dio de um ar condicionado desse modelo e a <a href=\"https:\/\/clickpetroleoegas.com.br\/solucoes-em-energia-solar-podem-ser-a-resposta-para-apagoes-exemplos-como-em-sao-paulo-e-em-grande-parte-do-brasil-no-mes-de-agosto\/\">gera\u00e7\u00e3o de energia<\/a> em uma cidade com alta irradia\u00e7\u00e3o solar, como o Rio de Janeiro.<\/p>\n<p> <span class=\"fdnw-card-article-related\"> <span class=\"h4 fdnw-card-article-related-title\">Artigos recomendados<\/span> <\/span> <\/p>\n<p>Para chegar a este resultado, foram considerados diversos fatores. Primeiramente, analisou-se o consumo do ar condicionado, olhando para o selo Procel do equipamento, que indica um consumo de 17,1 kWh por m\u00eas, considerando uma hora de uso di\u00e1rio. Depois, avaliou-se a <a href=\"https:\/\/clickpetroleoegas.com.br\/quantos-kwh-pode-gerar-uma-placa-solar-de-550w-a-matematica-da-energia-sustentavel-no-brasil\/\">energia que uma placa solar pode gerar<\/a>. Neste caso, considerou-se a irradia\u00e7\u00e3o solar m\u00e9dia do local, a pot\u00eancia do painel e a efici\u00eancia do sistema fotovoltaico.<\/p>\n<p>J\u00e1 a placa solar de 560 watss est\u00e1 custando em torno de 850 reais, para ter o ar condicionado ligado 24 horas por dia teria que ter aproxiamadamente 8 placas solares no telhado da tua casa. O que em muitos casos d\u00e1 super certo, pois h\u00e1 espa\u00e7o suficiente para isso na cobertura. <\/p>\n<p>O resultado dessa an\u00e1lise \u00e9 surpreendente e mostra o potencial da energia solar na redu\u00e7\u00e3o do consumo de energia el\u00e9trica e no controle de custos, especialmente em regi\u00f5es com alta incid\u00eancia solar. Al\u00e9m do benef\u00edcio econ\u00f4mico, o uso de energia solar para operar aparelhos como ar condicionado contribui para a redu\u00e7\u00e3o da pegada de carbono, alinhando-se com as metas de sustentabilidade e conserva\u00e7\u00e3o ambiental.<\/p>\n<p>Enfim podemos dizer que a energia solar \u00e9 uma alternativa vi\u00e1vel e eficaz para o uso dom\u00e9stico, especialmente para aparelhos de alto consumo como o ar condicionado, de acordo com a <a href=\"https:\/\/enetec.unb.br\/blog\/os-10-equipamentos-que-mais-consomem-energia-na-sua-casa\/\" class=\"external\" rel=\"nofollow noopener\" target=\"_blank\">ENETEC<\/a>. Esta an\u00e1lise abre caminho para um futuro mais sustent\u00e1vel e menos dependente de fontes de energia tradicionais.<\/p>\n<figure class=\"wp-block-embed is-type-video is-provider-youtube wp-block-embed-youtube wp-embed-aspect-16-9 wp-has-aspect-ratio\">\n<p><noscript><iframe loading=\"lazy\" title=\"Uma PLACA SOLAR liga um AR CONDICIONADO por quanto tempo?\" width=\"500\" height=\"281\" src=\"https:\/\/www.youtube.com\/embed\/nPtumpgzEdI?feature=oembed\" frameborder=\"0\" allow=\"accelerometer; autoplay; clipboard-write; encrypted-media; gyroscope; picture-in-picture; web-share\" referrerpolicy=\"strict-origin-when-cross-origin\" allowfullscreen><\/iframe><\/noscript><\/p>\n<\/figure>\n<div class=\"code-block code-block-10\" style=\"margin: 8px auto; text-align: center; display: block; clear: both;\">\n<hr class=\"wp-block-separator has-alpha-channel-opacity is-style-wide\"\/>\n<p>Voc\u00ea quer receber apenas not\u00edcias e vagas de emprego do seu interesse? A solu\u00e7\u00e3o chegou atrav\u00e9s do app <a href=\"https:\/\/play.google.com\/store\/apps\/details?id=com.clickpetroleoapp&amp;hl=pt&amp;gl=US\" class=\"external\" rel=\"nofollow noopener\" target=\"_blank\"><strong>CPG VAGAS E NOT\u00cdCIAS!<\/strong><\/a> Se voc\u00ea \u00e9 pintor, vai receber no seu celular apenas oportunidades neste cargo. E ser\u00e1 assim com pedreiro, t\u00e9cnico, engenheiro e etc\u2026.. N\u00e3o perca nada do que acontece no mercado de trabalho e econ\u00f4mico do Brasil, baixe agora o app <a href=\"https:\/\/play.google.com\/store\/apps\/details?id=com.clickpetroleoapp&amp;hl=pt&amp;gl=US\" class=\"external\" rel=\"nofollow noopener\" target=\"_blank\">CPG VAGAS E NOT\u00cdCIAS, dispon\u00edvel para Android e IOS!<\/a><\/p>\n<figure class=\"wp-block-image aligncenter size-full\"><a href=\"https:\/\/play.google.com\/store\/apps\/details?id=com.clickpetroleoapp&amp;hl=pt&amp;gl=US\" target=\"_blank\" rel=\"noreferrer noopener nofollow\" class=\"external\"><img data-recalc-dims=\"1\" loading=\"lazy\" decoding=\"async\" width=\"1280\" height=\"387\" http=\"\" alt=\"APP CPG VAGAS E NOT\u00cdCIAS\" class=\"wp-image-105306 ewww_webp_lazy_load\" src=\"https:\/\/i0.wp.com\/clickpetroleoegas.com.br\/wp-content\/uploads\/2023\/09\/Aplicativo-de-vagas-de-empregos-e-noticias-da-sua-regiao.jpg?resize=1280%2C387&#038;ssl=1\" src-webp=\"https:\/\/clickpetroleoegas.com.br\/wp-content\/uploads\/2023\/09\/Aplicativo-de-vagas-de-empregos-e-noticias-da-sua-regiao.jpg.webp\"\/><noscript><img data-recalc-dims=\"1\" loading=\"lazy\" decoding=\"async\" width=\"1280\" height=\"387\" src=\"https:\/\/i0.wp.com\/clickpetroleoegas.com.br\/wp-content\/uploads\/2023\/09\/Aplicativo-de-vagas-de-empregos-e-noticias-da-sua-regiao.jpg?resize=1280%2C387&#038;ssl=1\" alt=\"APP CPG VAGAS E NOT\u00cdCIAS\" class=\"wp-image-105306\"\/><\/noscript><\/a><\/figure>\n<\/p><\/div>\n<\/p><\/div>\n<p><script type=\"text\/plain\" data-service=\"facebook\" data-category=\"marketing\">\n!function(f,b,e,v,n,t,s)\n{if(f.fbq)return;n=f.fbq=function(){n.callMethod?\nn.callMethod.apply(n,arguments):n.queue.push(arguments)};\nif(!f._fbq)f._fbq=n;n.push=n;n.loaded=!0;n.version='2.0';\nn.queue=[];t=b.createElement(e);t.async=!0;\nt.src=v;s=b.getElementsByTagName(e)[0];\ns.parentNode.insertBefore(t,s)}(window, document,'script',\n'https:\/\/connect.facebook.net\/en_US\/fbevents.js');\nfbq('init', '5536651029690406');\nfbq('track', 'PageView');\n<\/script><script type=\"text\/plain\" data-service=\"facebook\" data-category=\"marketing\" async defer crossorigin=\"anonymous\" data-rocket-data-cmplz-src=\"https:\/\/connect.facebook.net\/en_US\/sdk.js#xfbml=1&#038;version=v12.0&amp;appId=1127332727839552&#038;autoLogAppEvents=1\">\n<\/script><br \/>\n<br \/><br \/>\n<br \/><a href=\"https:\/\/ismaelcolosi.com.br\/placa-solar-de-560-watts-mantem-ar-condicionado-ligado-por-quanto-tempo-veja-tambem-de-quantos-paineis-vai-precisar\/\">Source link <\/a><\/p>\n<!-- CONTENT END 1 -->\n","protected":false},"excerpt":{"rendered":"<p>Foto: Divulga\u00e7\u00e3o Uma an\u00e1lise detalhada revela que uma placa solar de 560 watts pode manter um ar condicionado de 9.000 BTU funcionando por quase 3&#8230;<\/p>\n","protected":false},"author":1,"featured_media":16678,"comment_status":"open","ping_status":"open","sticky":false,"template":"","format":"standard","meta":{"advanced_seo_description":"","jetpack_seo_html_title":"","jetpack_seo_noindex":false,"jetpack_post_was_ever_published":false,"_jetpack_newsletter_access":"","_jetpack_dont_email_post_to_subs":false,"_jetpack_newsletter_tier_id":0,"_jetpack_memberships_contains_paywalled_content":false,"_jetpack_memberships_contains_paid_content":false,"footnotes":"","jetpack_publicize_message":"","jetpack_publicize_feature_enabled":true,"jetpack_social_post_already_shared":true,"jetpack_social_options":{"image_generator_settings":{"template":"highway","default_image_id":0,"font":"","enabled":false},"version":2}},"categories":[7],"tags":[],"class_list":["post-16677","post","type-post","status-publish","format-standard","has-post-thumbnail","hentry","category-vagas-de-empregos-em-ribeirao-preto-regiao-brasil"],"jetpack_publicize_connections":[],"jetpack_featured_media_url":"https:\/\/i0.wp.com\/noticiasribeiraopreto.com.br\/wp-content\/uploads\/2023\/12\/Placa-solar-de-560-watts-mantem-ar-condicionado-ligado-por-quanto-tempo-Veja-tambem-de-quantos-paineis-vai-precisar-830x450.jpg?fit=830%2C450&ssl=1","jetpack-related-posts":[{"id":17884,"url":"https:\/\/noticiasribeiraopreto.com.br\/index.php\/2023\/12\/19\/quanto-tempo-de-terapia-e-necessario-para-curar-um-problema-meu-valor-digital\/","url_meta":{"origin":16677,"position":0},"title":"Quanto tempo de terapia \u00e9 necess\u00e1rio para curar um problema? &#8211; Meu Valor Digital","author":"noticiasribeiraopreto.com.br","date":"19 de December de 2023","format":false,"excerpt":"Quanto tempo de terapia \u00e9 necess\u00e1rio para curar um problema? - Meu Valor Digital - Not\u00edcias atualizadas In\u00edcioChamadasQuanto tempo de terapia \u00e9 necess\u00e1rio para curar um problema? Source link","rel":"","context":"In &quot;Vagas de Emprego em Ribeir\u00e3o Preto-SP&quot;","block_context":{"text":"Vagas de Emprego em Ribeir\u00e3o Preto-SP","link":"https:\/\/noticiasribeiraopreto.com.br\/index.php\/category\/empregos-classificados-vagas-trabalho\/vagas-de-empregos-em-ribeirao-preto-regiao-brasil\/"},"img":{"alt_text":"","src":"https:\/\/i0.wp.com\/noticiasribeiraopreto.com.br\/wp-content\/uploads\/2023\/12\/pessoa-fazendo-terapia.jpg?fit=1200%2C800&ssl=1&resize=350%2C200","width":350,"height":200,"srcset":"https:\/\/i0.wp.com\/noticiasribeiraopreto.com.br\/wp-content\/uploads\/2023\/12\/pessoa-fazendo-terapia.jpg?fit=1200%2C800&ssl=1&resize=350%2C200 1x, https:\/\/i0.wp.com\/noticiasribeiraopreto.com.br\/wp-content\/uploads\/2023\/12\/pessoa-fazendo-terapia.jpg?fit=1200%2C800&ssl=1&resize=525%2C300 1.5x, https:\/\/i0.wp.com\/noticiasribeiraopreto.com.br\/wp-content\/uploads\/2023\/12\/pessoa-fazendo-terapia.jpg?fit=1200%2C800&ssl=1&resize=700%2C400 2x, https:\/\/i0.wp.com\/noticiasribeiraopreto.com.br\/wp-content\/uploads\/2023\/12\/pessoa-fazendo-terapia.jpg?fit=1200%2C800&ssl=1&resize=1050%2C600 3x"},"classes":[]},{"id":10766,"url":"https:\/\/noticiasribeiraopreto.com.br\/index.php\/2023\/12\/05\/quanto-vale-cada-posicao-descubra-quanto-seu-time-vai-ganhar-em-r-pela-tabela-do-brasileirao-2023\/","url_meta":{"origin":16677,"position":1},"title":"Quanto vale cada posi\u00e7\u00e3o? Descubra quanto seu time vai ganhar em R$ pela tabela do Brasileir\u00e3o 2023","author":"noticiasribeiraopreto.com.br","date":"5 de December de 2023","format":false,"excerpt":"O Campeonato Brasileiro de 2023 chega ao fim no pr\u00f3ximo dia 6 de dezembro, ou seja, na pr\u00f3xima quarta-feira. Para quem acompanha a competi\u00e7\u00e3o, trata-se de mais um ano de sucesso.O campeonato \u00e9 reconhecidamente como o mais disputado do mundo e, neste ano, demostrou mais uma vez provas disso. Na\u2026","rel":"","context":"In &quot;Blog&quot;","block_context":{"text":"Blog","link":"https:\/\/noticiasribeiraopreto.com.br\/index.php\/category\/blog\/"},"img":{"alt_text":"","src":"https:\/\/i0.wp.com\/noticiasribeiraopreto.com.br\/wp-content\/uploads\/2023\/12\/postimg-656ea924af7a53178.jpg?fit=1200%2C628&ssl=1&resize=350%2C200","width":350,"height":200,"srcset":"https:\/\/i0.wp.com\/noticiasribeiraopreto.com.br\/wp-content\/uploads\/2023\/12\/postimg-656ea924af7a53178.jpg?fit=1200%2C628&ssl=1&resize=350%2C200 1x, https:\/\/i0.wp.com\/noticiasribeiraopreto.com.br\/wp-content\/uploads\/2023\/12\/postimg-656ea924af7a53178.jpg?fit=1200%2C628&ssl=1&resize=525%2C300 1.5x, https:\/\/i0.wp.com\/noticiasribeiraopreto.com.br\/wp-content\/uploads\/2023\/12\/postimg-656ea924af7a53178.jpg?fit=1200%2C628&ssl=1&resize=700%2C400 2x, https:\/\/i0.wp.com\/noticiasribeiraopreto.com.br\/wp-content\/uploads\/2023\/12\/postimg-656ea924af7a53178.jpg?fit=1200%2C628&ssl=1&resize=1050%2C600 3x"},"classes":[]},{"id":37526,"url":"https:\/\/noticiasribeiraopreto.com.br\/index.php\/2024\/02\/16\/veja-quanto-cada-cidade-vai-receber-do-estado-para-combate-a-dengue\/","url_meta":{"origin":16677,"position":2},"title":"Veja quanto cada cidade vai receber do estado para combate \u00e0 dengue","author":"noticiasribeiraopreto.com.br","date":"16 de February de 2024","format":false,"excerpt":"O Governo do Estado de S\u00e3o Paulo antecipou os R$ 205 milh\u00f5es destinados aos 645 munic\u00edpios para a\u00e7\u00f5es de combate \u00e0 dengue. Ribeir\u00e3o Preto, segundo\u00a0publica\u00e7\u00e3o do Di\u00e1rio Oficial do Estado, recebeu R$ 3.240.522,00. A rela\u00e7\u00e3o de quanto cada munic\u00edpio recebeu, que deve ser somado os valores das duas tabelas publicadas\u2026","rel":"","context":"In &quot;Not\u00edcias de Ribeir\u00e3o Preto-SP e Regi\u00e3o&quot;","block_context":{"text":"Not\u00edcias de Ribeir\u00e3o Preto-SP e Regi\u00e3o","link":"https:\/\/noticiasribeiraopreto.com.br\/index.php\/category\/noticias-de-ribeirao-preto-sp-e-regiao-ismael-colosi\/"},"img":{"alt_text":"","src":"https:\/\/i0.wp.com\/noticiasribeiraopreto.com.br\/wp-content\/uploads\/2024\/02\/3-3.jpg?fit=1200%2C675&ssl=1&resize=350%2C200","width":350,"height":200,"srcset":"https:\/\/i0.wp.com\/noticiasribeiraopreto.com.br\/wp-content\/uploads\/2024\/02\/3-3.jpg?fit=1200%2C675&ssl=1&resize=350%2C200 1x, https:\/\/i0.wp.com\/noticiasribeiraopreto.com.br\/wp-content\/uploads\/2024\/02\/3-3.jpg?fit=1200%2C675&ssl=1&resize=525%2C300 1.5x, https:\/\/i0.wp.com\/noticiasribeiraopreto.com.br\/wp-content\/uploads\/2024\/02\/3-3.jpg?fit=1200%2C675&ssl=1&resize=700%2C400 2x, https:\/\/i0.wp.com\/noticiasribeiraopreto.com.br\/wp-content\/uploads\/2024\/02\/3-3.jpg?fit=1200%2C675&ssl=1&resize=1050%2C600 3x"},"classes":[]},{"id":23136,"url":"https:\/\/noticiasribeiraopreto.com.br\/index.php\/2024\/01\/01\/nao-deu-na-mega-da-virada-mas-quem-sabe-a-sao-silvestre-saiba-quanto-ganha-vencedor-da-tradicional-prova-de-rua-de-sao-paulo-que-nao-e-maratona\/","url_meta":{"origin":16677,"position":3},"title":"N\u00e3o deu na Mega da Virada \u2014 mas quem sabe a S\u00e3o Silvestre? Saiba quanto ganha vencedor da tradicional prova de rua de S\u00e3o Paulo (que n\u00e3o \u00e9 maratona)","author":"noticiasribeiraopreto.com.br","date":"1 de January de 2024","format":false,"excerpt":"Al\u00e9m da Mega da Virada, outra tradi\u00e7\u00e3o entre os brasileiros \u00e9 a prova de S\u00e3o Silvestre, que acontece nas ruas da capital que \u00e9 sede da B3, a bolsa brasileira. O percurso come\u00e7ou a ser feito em 1924 e chegou na edi\u00e7\u00e3o n\u00famero 98 em 2023 \u2014 em 2020 n\u00e3o\u2026","rel":"","context":"In &quot;Dinheiro e Investimento&quot;","block_context":{"text":"Dinheiro e Investimento","link":"https:\/\/noticiasribeiraopreto.com.br\/index.php\/category\/dinheiro-e-investimento-como-fazer-como-ganhar\/"},"img":{"alt_text":"","src":"https:\/\/i0.wp.com\/noticiasribeiraopreto.com.br\/wp-content\/uploads\/2024\/01\/Queniano-vence-prova-da-maratona-de-Sao-Silvestre-715x402.jpg?fit=715%2C402&ssl=1&resize=350%2C200","width":350,"height":200,"srcset":"https:\/\/i0.wp.com\/noticiasribeiraopreto.com.br\/wp-content\/uploads\/2024\/01\/Queniano-vence-prova-da-maratona-de-Sao-Silvestre-715x402.jpg?fit=715%2C402&ssl=1&resize=350%2C200 1x, https:\/\/i0.wp.com\/noticiasribeiraopreto.com.br\/wp-content\/uploads\/2024\/01\/Queniano-vence-prova-da-maratona-de-Sao-Silvestre-715x402.jpg?fit=715%2C402&ssl=1&resize=525%2C300 1.5x, https:\/\/i0.wp.com\/noticiasribeiraopreto.com.br\/wp-content\/uploads\/2024\/01\/Queniano-vence-prova-da-maratona-de-Sao-Silvestre-715x402.jpg?fit=715%2C402&ssl=1&resize=700%2C400 2x"},"classes":[]},{"id":19411,"url":"https:\/\/noticiasribeiraopreto.com.br\/index.php\/2023\/12\/22\/rim-figado-e-coracao-saiba-quanto-vale-os-orgaos-do-corpo-humano-meu-valor-digital\/","url_meta":{"origin":16677,"position":4},"title":"Rim, f\u00edgado e cora\u00e7\u00e3o, saiba quanto vale os \u00f3rg\u00e3os do corpo humano &#8211; Meu Valor Digital","author":"noticiasribeiraopreto.com.br","date":"22 de December de 2023","format":false,"excerpt":"Rim, f\u00edgado e cora\u00e7\u00e3o, saiba quanto vale os \u00f3rg\u00e3os do corpo humano - Meu Valor Digital - Not\u00edcias atualizadas In\u00edcioChamadasRim, f\u00edgado e cora\u00e7\u00e3o, saiba quanto vale os \u00f3rg\u00e3os do corpo humano Source link","rel":"","context":"In &quot;Vagas de Emprego em Ribeir\u00e3o Preto-SP&quot;","block_context":{"text":"Vagas de Emprego em Ribeir\u00e3o Preto-SP","link":"https:\/\/noticiasribeiraopreto.com.br\/index.php\/category\/empregos-classificados-vagas-trabalho\/vagas-de-empregos-em-ribeirao-preto-regiao-brasil\/"},"img":{"alt_text":"","src":"https:\/\/i0.wp.com\/noticiasribeiraopreto.com.br\/wp-content\/uploads\/2023\/12\/manequim-dos-orgaos-do-corpo-humano.jpg?fit=1200%2C801&ssl=1&resize=350%2C200","width":350,"height":200,"srcset":"https:\/\/i0.wp.com\/noticiasribeiraopreto.com.br\/wp-content\/uploads\/2023\/12\/manequim-dos-orgaos-do-corpo-humano.jpg?fit=1200%2C801&ssl=1&resize=350%2C200 1x, https:\/\/i0.wp.com\/noticiasribeiraopreto.com.br\/wp-content\/uploads\/2023\/12\/manequim-dos-orgaos-do-corpo-humano.jpg?fit=1200%2C801&ssl=1&resize=525%2C300 1.5x, https:\/\/i0.wp.com\/noticiasribeiraopreto.com.br\/wp-content\/uploads\/2023\/12\/manequim-dos-orgaos-do-corpo-humano.jpg?fit=1200%2C801&ssl=1&resize=700%2C400 2x, https:\/\/i0.wp.com\/noticiasribeiraopreto.com.br\/wp-content\/uploads\/2023\/12\/manequim-dos-orgaos-do-corpo-humano.jpg?fit=1200%2C801&ssl=1&resize=1050%2C600 3x"},"classes":[]},{"id":20967,"url":"https:\/\/noticiasribeiraopreto.com.br\/index.php\/2023\/12\/26\/saiba-quanto-ganha-arthur-urach-para-gravar-cenas-de-filmes-adultos-da-mae-andressa-urach\/","url_meta":{"origin":16677,"position":5},"title":"Saiba quanto ganha Arthur Urach para gravar cenas de filmes adultos da m\u00e3e, Andressa Urach","author":"noticiasribeiraopreto.com.br","date":"26 de December de 2023","format":false,"excerpt":"Um dos assuntos que muito levanta debates quando \u00e9 sobre a rela\u00e7\u00e3o m\u00e3e X filho de Andressa Urach e seu filho Arthur Urach. Isso porque os dois trabalham juntos.O jovem de 18 anos \u00e9 quem filma as cenas de filmes adultos que a m\u00e3e faz. Andressa voltou recentemente a trabalhar\u2026","rel":"","context":"In &quot;Blog&quot;","block_context":{"text":"Blog","link":"https:\/\/noticiasribeiraopreto.com.br\/index.php\/category\/blog\/"},"img":{"alt_text":"","src":"https:\/\/i0.wp.com\/noticiasribeiraopreto.com.br\/wp-content\/uploads\/2023\/12\/postimg-658b67bdb7c0c3951.jpg?fit=1200%2C628&ssl=1&resize=350%2C200","width":350,"height":200,"srcset":"https:\/\/i0.wp.com\/noticiasribeiraopreto.com.br\/wp-content\/uploads\/2023\/12\/postimg-658b67bdb7c0c3951.jpg?fit=1200%2C628&ssl=1&resize=350%2C200 1x, https:\/\/i0.wp.com\/noticiasribeiraopreto.com.br\/wp-content\/uploads\/2023\/12\/postimg-658b67bdb7c0c3951.jpg?fit=1200%2C628&ssl=1&resize=525%2C300 1.5x, https:\/\/i0.wp.com\/noticiasribeiraopreto.com.br\/wp-content\/uploads\/2023\/12\/postimg-658b67bdb7c0c3951.jpg?fit=1200%2C628&ssl=1&resize=700%2C400 2x, https:\/\/i0.wp.com\/noticiasribeiraopreto.com.br\/wp-content\/uploads\/2023\/12\/postimg-658b67bdb7c0c3951.jpg?fit=1200%2C628&ssl=1&resize=1050%2C600 3x"},"classes":[]}],"jetpack_sharing_enabled":true,"jetpack_shortlink":"https:\/\/wp.me\/peQAOb-4kZ","_links":{"self":[{"href":"https:\/\/noticiasribeiraopreto.com.br\/index.php\/wp-json\/wp\/v2\/posts\/16677","targetHints":{"allow":["GET"]}}],"collection":[{"href":"https:\/\/noticiasribeiraopreto.com.br\/index.php\/wp-json\/wp\/v2\/posts"}],"about":[{"href":"https:\/\/noticiasribeiraopreto.com.br\/index.php\/wp-json\/wp\/v2\/types\/post"}],"author":[{"embeddable":true,"href":"https:\/\/noticiasribeiraopreto.com.br\/index.php\/wp-json\/wp\/v2\/users\/1"}],"replies":[{"embeddable":true,"href":"https:\/\/noticiasribeiraopreto.com.br\/index.php\/wp-json\/wp\/v2\/comments?post=16677"}],"version-history":[{"count":0,"href":"https:\/\/noticiasribeiraopreto.com.br\/index.php\/wp-json\/wp\/v2\/posts\/16677\/revisions"}],"wp:featuredmedia":[{"embeddable":true,"href":"https:\/\/noticiasribeiraopreto.com.br\/index.php\/wp-json\/wp\/v2\/media\/16678"}],"wp:attachment":[{"href":"https:\/\/noticiasribeiraopreto.com.br\/index.php\/wp-json\/wp\/v2\/media?parent=16677"}],"wp:term":[{"taxonomy":"category","embeddable":true,"href":"https:\/\/noticiasribeiraopreto.com.br\/index.php\/wp-json\/wp\/v2\/categories?post=16677"},{"taxonomy":"post_tag","embeddable":true,"href":"https:\/\/noticiasribeiraopreto.com.br\/index.php\/wp-json\/wp\/v2\/tags?post=16677"}],"curies":[{"name":"wp","href":"https:\/\/api.w.org\/{rel}","templated":true}]}}