{"id":16679,"date":"2023-12-16T02:46:43","date_gmt":"2023-12-16T05:46:43","guid":{"rendered":"https:\/\/noticiasribeiraopreto.com.br\/index.php\/2023\/12\/16\/susana-werner-comenta-repercussao-gerada-sobre-declaracao-a-respeito-de-julio-cesar\/"},"modified":"2023-12-16T02:46:43","modified_gmt":"2023-12-16T05:46:43","slug":"susana-werner-comenta-repercussao-gerada-sobre-declaracao-a-respeito-de-julio-cesar","status":"publish","type":"post","link":"https:\/\/noticiasribeiraopreto.com.br\/index.php\/2023\/12\/16\/susana-werner-comenta-repercussao-gerada-sobre-declaracao-a-respeito-de-julio-cesar\/","title":{"rendered":"Susana Werner comenta repercuss\u00e3o gerada sobre declara\u00e7\u00e3o a respeito de Julio Cesar"},"content":{"rendered":"<div class='code-block code-block-1' style='margin: 8px 0 8px auto; text-align: right; display: block; clear: both;'>\n<p><a href=\"https:\/\/wa.link\/vpicfd\"><img data-recalc-dims=\"1\" class=\"wp-image-4922\" style=\"aspect-ratio: 2.0253164556962027; width: 561px; height: auto;\" src=\"https:\/\/i0.wp.com\/ismaelcolosi.com.br\/wp-content\/uploads\/2023\/11\/grupo-de-empregos-whatsapp-e-facebook-ismael-colosi-vagas.jpg?ssl=1\" alt=\"\" \/><\/a><\/p>\n<!-- \/wp:image -->\n<\/div>\n<p> <br \/>\n<\/p>\n<div itemprop=\"text\">\n<p>Desde que anunciou sua separa\u00e7\u00e3o do ex-goleiro Julio Cesar, Susana Werner tem se visto no meio de muito questionamento e cobran\u00e7a. A empres\u00e1ria fez duras declara\u00e7\u00f5es ao anunciar a separa\u00e7\u00e3o.<\/p>\n<p>Susana criticou a falta de acesso \u00e0 recursos financeiros obtidos durante o casamento, al\u00e9m de acusar o ex-marido de \u201cabuso patrimonial\u201d. Em seu desabafo, Susana chegou a sugerir que vivia um \u201ccativeiro de rico\u201d.<\/p>\n<p>J\u00e1 em recente declara\u00e7\u00e3o, a empres\u00e1ria admitiu que sofreu com algumas repercuss\u00f5es de suas declara\u00e7\u00f5es. Ela, no entanto, refor\u00e7ou que tratou- se de um grito de liberdade, que pode acontecer de muitas formas.<\/p>\n<p>\u201c<b>Eu amo meu ex-marido e vida que segue. Os nossos gritos de liberdade s\u00e3o dados de v\u00e1rias formas. Uma delas foi a forma como fiz. Talvez n\u00e3o tenha sido legal para algumas pessoas, mas foi a maneira que encontrei. Ligar para o 190 \u00e9 outro grito de liberdade\u201d<\/b>, disse.<\/p>\n<p>Susana, no entanto, tamb\u00e9m admitiu que a situa\u00e7\u00e3o mudou sua maneira de se expressar nas redes. A empres\u00e1ria explicou que agora pensa mais antes de publicar algo porque sabe que tudo vai ser tratado como indireta ao ex.<\/p>\n<p>Nos coment\u00e1rios das publica\u00e7\u00f5es feitas por Susana, as opini\u00f5es se dividem. Muitos internautas apontam entender o que ela tentou fazer, enquanto outros condenam a a\u00e7\u00e3o, afirmando que as declara\u00e7\u00f5es prejudicam o ex-goleiro.<\/p>\n<p>Susana tem se mostrado bastante confiante na situa\u00e7\u00e3o, embora as suas declara\u00e7\u00f5es tenham sido polemizadas de certa forma ao longo dos \u00faltimos anos.<\/p>\n<\/div>\n<p><br \/>\n<br \/><a href=\"https:\/\/fnmais.com\/grito-liberdade-susana-werner-comenta-repercussao-gerada-sobre-declaracao-respeito-julio-cesar\/\">Source link <\/a><\/p>\n<!-- CONTENT END 1 -->\n","protected":false},"excerpt":{"rendered":"<p>Desde que anunciou sua separa\u00e7\u00e3o do ex-goleiro Julio Cesar, Susana Werner tem se visto no meio de muito questionamento e cobran\u00e7a. A empres\u00e1ria fez duras&#8230;<\/p>\n","protected":false},"author":1,"featured_media":16680,"comment_status":"open","ping_status":"open","sticky":false,"template":"","format":"standard","meta":{"advanced_seo_description":"","jetpack_seo_html_title":"","jetpack_seo_noindex":false,"jetpack_post_was_ever_published":false,"_jetpack_newsletter_access":"","_jetpack_dont_email_post_to_subs":false,"_jetpack_newsletter_tier_id":0,"_jetpack_memberships_contains_paywalled_content":false,"_jetpack_memberships_contains_paid_content":false,"footnotes":"","jetpack_publicize_message":"","jetpack_publicize_feature_enabled":true,"jetpack_social_post_already_shared":true,"jetpack_social_options":{"image_generator_settings":{"template":"highway","default_image_id":0,"font":"","enabled":false},"version":2}},"categories":[1],"tags":[],"class_list":["post-16679","post","type-post","status-publish","format-standard","has-post-thumbnail","hentry","category-blog"],"jetpack_publicize_connections":[],"jetpack_featured_media_url":"https:\/\/i0.wp.com\/noticiasribeiraopreto.com.br\/wp-content\/uploads\/2023\/12\/postimg-657d29068a8bf4800.jpg?fit=1200%2C628&ssl=1","jetpack-related-posts":[{"id":71711,"url":"https:\/\/noticiasribeiraopreto.com.br\/index.php\/2025\/06\/09\/jornal-da-franca-imposto-de-renda-como-saber-se-caiu-na-malha-fina-e-como-sair-dela\/","url_meta":{"origin":16679,"position":0},"title":"Jornal da Franca &#8211; Imposto de Renda: como saber se caiu na malha fina e como sair dela","author":"noticiasribeiraopreto.com.br","date":"9 de June de 2025","format":false,"excerpt":"compartilhar no whatsapp compartilhar no telegram compartilhar no facebook compartilhar no linkedin Contribuinte n\u00e3o vai receber a restitui\u00e7\u00e3o enquanto a declara\u00e7\u00e3o estiver em an\u00e1lise na malha fiscal, ou \u201cmalha fina\u201d Cair na \u201cmalha fina\u201d n\u00e3o significa que sua declara\u00e7\u00e3o esteja errada, mas talvez voc\u00ea tenha que comprovar algumas informa\u00e7\u00f5es \u2013\u2026","rel":"","context":"In &quot;Not\u00edcias de Franca-SP&quot;","block_context":{"text":"Not\u00edcias de Franca-SP","link":"https:\/\/noticiasribeiraopreto.com.br\/index.php\/category\/noticias-de-ribeirao-preto-sp-e-regiao-ismael-colosi\/noticias-franca-sp\/"},"img":{"alt_text":"","src":"https:\/\/i0.wp.com\/noticiasribeiraopreto.com.br\/wp-content\/uploads\/2025\/06\/selo-imposto-de-renda-erros-na-declaracao-1425938633717_1280x960.jpg?fit=1200%2C900&ssl=1&resize=350%2C200","width":350,"height":200,"srcset":"https:\/\/i0.wp.com\/noticiasribeiraopreto.com.br\/wp-content\/uploads\/2025\/06\/selo-imposto-de-renda-erros-na-declaracao-1425938633717_1280x960.jpg?fit=1200%2C900&ssl=1&resize=350%2C200 1x, https:\/\/i0.wp.com\/noticiasribeiraopreto.com.br\/wp-content\/uploads\/2025\/06\/selo-imposto-de-renda-erros-na-declaracao-1425938633717_1280x960.jpg?fit=1200%2C900&ssl=1&resize=525%2C300 1.5x, https:\/\/i0.wp.com\/noticiasribeiraopreto.com.br\/wp-content\/uploads\/2025\/06\/selo-imposto-de-renda-erros-na-declaracao-1425938633717_1280x960.jpg?fit=1200%2C900&ssl=1&resize=700%2C400 2x, https:\/\/i0.wp.com\/noticiasribeiraopreto.com.br\/wp-content\/uploads\/2025\/06\/selo-imposto-de-renda-erros-na-declaracao-1425938633717_1280x960.jpg?fit=1200%2C900&ssl=1&resize=1050%2C600 3x"},"classes":[]},{"id":59460,"url":"https:\/\/noticiasribeiraopreto.com.br\/index.php\/2024\/10\/24\/receita-federal-abre-consulta-ao-lote-da-malha-fina-do-imposto-de-renda\/","url_meta":{"origin":16679,"position":1},"title":"Receita Federal Abre Consulta ao Lote da Malha Fina do Imposto de Renda","author":"noticiasribeiraopreto.com.br","date":"24 de October de 2024","format":false,"excerpt":"A Receita Federal abriu a consulta ao novo lote da malha fina do Imposto de Renda de 2024. Contribuintes de todo o pa\u00eds j\u00e1 podem acessar o portal da Receita para verificar se suas declara\u00e7\u00f5es ficaram retidas para an\u00e1lise mais detalhada. A reten\u00e7\u00e3o na malha fina ocorre quando s\u00e3o identificadas\u2026","rel":"","context":"In &quot;Not\u00edcias de Ribeir\u00e3o Preto-SP e Regi\u00e3o&quot;","block_context":{"text":"Not\u00edcias de Ribeir\u00e3o Preto-SP e Regi\u00e3o","link":"https:\/\/noticiasribeiraopreto.com.br\/index.php\/category\/noticias-de-ribeirao-preto-sp-e-regiao-ismael-colosi\/"},"img":{"alt_text":"","src":"https:\/\/i0.wp.com\/noticiasribeiraopreto.com.br\/wp-content\/uploads\/2024\/10\/irpf_2024_-_6_0.webp.webp?fit=1170%2C700&ssl=1&resize=350%2C200","width":350,"height":200,"srcset":"https:\/\/i0.wp.com\/noticiasribeiraopreto.com.br\/wp-content\/uploads\/2024\/10\/irpf_2024_-_6_0.webp.webp?fit=1170%2C700&ssl=1&resize=350%2C200 1x, https:\/\/i0.wp.com\/noticiasribeiraopreto.com.br\/wp-content\/uploads\/2024\/10\/irpf_2024_-_6_0.webp.webp?fit=1170%2C700&ssl=1&resize=525%2C300 1.5x, https:\/\/i0.wp.com\/noticiasribeiraopreto.com.br\/wp-content\/uploads\/2024\/10\/irpf_2024_-_6_0.webp.webp?fit=1170%2C700&ssl=1&resize=700%2C400 2x, https:\/\/i0.wp.com\/noticiasribeiraopreto.com.br\/wp-content\/uploads\/2024\/10\/irpf_2024_-_6_0.webp.webp?fit=1170%2C700&ssl=1&resize=1050%2C600 3x"},"classes":[]},{"id":24671,"url":"https:\/\/noticiasribeiraopreto.com.br\/index.php\/2024\/01\/04\/apos-repercussao-negativa-thammy-declara-admiracao-a-padre-julio-lancellotti-e-explica-assinatura-em-pedido-de-cpi\/","url_meta":{"origin":16679,"position":2},"title":"ap\u00f3s repercuss\u00e3o negativa, Thammy declara admira\u00e7\u00e3o \u00e0 padre Julio Lancellotti e explica assinatura em pedido de CPI","author":"noticiasribeiraopreto.com.br","date":"4 de January de 2024","format":false,"excerpt":"Nesta quinta-feira (04\/01), repercutiu nas redes sociais a possibilidade de uma CPI contra o padre Julio Lancellotti. Essa possibilidade havia sido aberta ap\u00f3s uma vota\u00e7\u00e3o na C\u00e2mara Municipal de S\u00e3o Paulo, que aprovou uma CPI contra ONGs.Segundo analistas, a base do prefeito Ricardo Nunes tinha o objetivo de mirar no\u2026","rel":"","context":"In &quot;Blog&quot;","block_context":{"text":"Blog","link":"https:\/\/noticiasribeiraopreto.com.br\/index.php\/category\/blog\/"},"img":{"alt_text":"","src":"https:\/\/i0.wp.com\/noticiasribeiraopreto.com.br\/wp-content\/uploads\/2024\/01\/postimg-659737f75c6b78296.jpg?fit=1200%2C628&ssl=1&resize=350%2C200","width":350,"height":200,"srcset":"https:\/\/i0.wp.com\/noticiasribeiraopreto.com.br\/wp-content\/uploads\/2024\/01\/postimg-659737f75c6b78296.jpg?fit=1200%2C628&ssl=1&resize=350%2C200 1x, https:\/\/i0.wp.com\/noticiasribeiraopreto.com.br\/wp-content\/uploads\/2024\/01\/postimg-659737f75c6b78296.jpg?fit=1200%2C628&ssl=1&resize=525%2C300 1.5x, https:\/\/i0.wp.com\/noticiasribeiraopreto.com.br\/wp-content\/uploads\/2024\/01\/postimg-659737f75c6b78296.jpg?fit=1200%2C628&ssl=1&resize=700%2C400 2x, https:\/\/i0.wp.com\/noticiasribeiraopreto.com.br\/wp-content\/uploads\/2024\/01\/postimg-659737f75c6b78296.jpg?fit=1200%2C628&ssl=1&resize=1050%2C600 3x"},"classes":[]},{"id":61973,"url":"https:\/\/noticiasribeiraopreto.com.br\/index.php\/2024\/12\/30\/receita-federal-libera-pagamento-de-lote-da-malha-fina-do-imposto-de-renda\/","url_meta":{"origin":16679,"position":3},"title":"Receita Federal Libera Pagamento de Lote da Malha Fina do Imposto de Renda","author":"noticiasribeiraopreto.com.br","date":"30 de December de 2024","format":false,"excerpt":"Nesta ter\u00e7a-feira (21), a Receita Federal iniciou o pagamento de um novo lote de restitui\u00e7\u00f5es para contribuintes que ca\u00edram na malha fina do Imposto de Renda e regularizaram suas pend\u00eancias. O montante liberado faz parte de um processo cont\u00ednuo de an\u00e1lise e corre\u00e7\u00e3o das declara\u00e7\u00f5es retidas por inconsist\u00eancias, como omiss\u00f5es\u2026","rel":"","context":"In &quot;Not\u00edcias de Ribeir\u00e3o Preto-SP e Regi\u00e3o&quot;","block_context":{"text":"Not\u00edcias de Ribeir\u00e3o Preto-SP e Regi\u00e3o","link":"https:\/\/noticiasribeiraopreto.com.br\/index.php\/category\/noticias-de-ribeirao-preto-sp-e-regiao-ismael-colosi\/"},"img":{"alt_text":"","src":"https:\/\/i0.wp.com\/noticiasribeiraopreto.com.br\/wp-content\/uploads\/2024\/12\/irpf_2024_-_5_0.webp.webp?fit=1170%2C700&ssl=1&resize=350%2C200","width":350,"height":200,"srcset":"https:\/\/i0.wp.com\/noticiasribeiraopreto.com.br\/wp-content\/uploads\/2024\/12\/irpf_2024_-_5_0.webp.webp?fit=1170%2C700&ssl=1&resize=350%2C200 1x, https:\/\/i0.wp.com\/noticiasribeiraopreto.com.br\/wp-content\/uploads\/2024\/12\/irpf_2024_-_5_0.webp.webp?fit=1170%2C700&ssl=1&resize=525%2C300 1.5x, https:\/\/i0.wp.com\/noticiasribeiraopreto.com.br\/wp-content\/uploads\/2024\/12\/irpf_2024_-_5_0.webp.webp?fit=1170%2C700&ssl=1&resize=700%2C400 2x, https:\/\/i0.wp.com\/noticiasribeiraopreto.com.br\/wp-content\/uploads\/2024\/12\/irpf_2024_-_5_0.webp.webp?fit=1170%2C700&ssl=1&resize=1050%2C600 3x"},"classes":[]},{"id":29086,"url":"https:\/\/noticiasribeiraopreto.com.br\/index.php\/2024\/01\/17\/agente-penitenciario-tira-a-vida-de-esposa-e-atenta-contra-si-mesmo-em-sp-possivel-pacto-entre-os-dois-e-investigado\/","url_meta":{"origin":16679,"position":4},"title":"Agente penitenci\u00e1rio tira a vida de esposa e atenta contra si mesmo em SP; poss\u00edvel pacto entre os dois \u00e9 investigado","author":"noticiasribeiraopreto.com.br","date":"17 de January de 2024","format":false,"excerpt":"Na manh\u00e3 desta ter\u00e7a-feira, dia 16 de janeiro, um tr\u00e1gico incidente chocou a zona leste de S\u00e3o Paulo, ap\u00f3s um agente penitenci\u00e1rio de 41 anos de idade ter tirado a vida de sua esposa, de 38 anos de idade, antes de cometer suic\u00eddio.A pol\u00edcia foi acionada durante o per\u00edodo da\u2026","rel":"","context":"In &quot;Blog&quot;","block_context":{"text":"Blog","link":"https:\/\/noticiasribeiraopreto.com.br\/index.php\/category\/blog\/"},"img":{"alt_text":"","src":"https:\/\/i0.wp.com\/noticiasribeiraopreto.com.br\/wp-content\/uploads\/2024\/01\/postimg-65a7dcd6ab2e44070.jpg?fit=1200%2C628&ssl=1&resize=350%2C200","width":350,"height":200,"srcset":"https:\/\/i0.wp.com\/noticiasribeiraopreto.com.br\/wp-content\/uploads\/2024\/01\/postimg-65a7dcd6ab2e44070.jpg?fit=1200%2C628&ssl=1&resize=350%2C200 1x, https:\/\/i0.wp.com\/noticiasribeiraopreto.com.br\/wp-content\/uploads\/2024\/01\/postimg-65a7dcd6ab2e44070.jpg?fit=1200%2C628&ssl=1&resize=525%2C300 1.5x, https:\/\/i0.wp.com\/noticiasribeiraopreto.com.br\/wp-content\/uploads\/2024\/01\/postimg-65a7dcd6ab2e44070.jpg?fit=1200%2C628&ssl=1&resize=700%2C400 2x, https:\/\/i0.wp.com\/noticiasribeiraopreto.com.br\/wp-content\/uploads\/2024\/01\/postimg-65a7dcd6ab2e44070.jpg?fit=1200%2C628&ssl=1&resize=1050%2C600 3x"},"classes":[]},{"id":69891,"url":"https:\/\/noticiasribeiraopreto.com.br\/index.php\/2025\/05\/10\/caso-larissa-justica-nega-pedido-de-liberdade-para-o-medico-luiz-antonio-garnica\/","url_meta":{"origin":16679,"position":5},"title":"Caso Larissa: Justi\u00e7a nega pedido de liberdade para o m\u00e9dico Luiz Ant\u00f4nio Garnica","author":"noticiasribeiraopreto.com.br","date":"10 de May de 2025","format":false,"excerpt":"O desembargador Lu\u00eds Augusto de Sampaio Arruda negou o pedido de liminar de habeas corpus para liberdade do m\u00e9dico Luiz Ant\u00f4nio Garnica, suspeito de envolvimento na morte da professora Larissa Talle Le\u00f4ncio Rodrigues. A decis\u00e3o foi publicada na noite de sexta-feira (9). A professora foi encontrada sem vida no dia\u2026","rel":"","context":"In &quot;Not\u00edcias de Ribeir\u00e3o Preto-SP e Regi\u00e3o&quot;","block_context":{"text":"Not\u00edcias de Ribeir\u00e3o Preto-SP e Regi\u00e3o","link":"https:\/\/noticiasribeiraopreto.com.br\/index.php\/category\/noticias-de-ribeirao-preto-sp-e-regiao-ismael-colosi\/"},"img":{"alt_text":"","src":"https:\/\/i0.wp.com\/noticiasribeiraopreto.com.br\/wp-content\/uploads\/2025\/05\/luiz-antonio-garnica_2025-05-10_13-05-28.webp.webp?fit=1200%2C666&ssl=1&resize=350%2C200","width":350,"height":200,"srcset":"https:\/\/i0.wp.com\/noticiasribeiraopreto.com.br\/wp-content\/uploads\/2025\/05\/luiz-antonio-garnica_2025-05-10_13-05-28.webp.webp?fit=1200%2C666&ssl=1&resize=350%2C200 1x, https:\/\/i0.wp.com\/noticiasribeiraopreto.com.br\/wp-content\/uploads\/2025\/05\/luiz-antonio-garnica_2025-05-10_13-05-28.webp.webp?fit=1200%2C666&ssl=1&resize=525%2C300 1.5x, https:\/\/i0.wp.com\/noticiasribeiraopreto.com.br\/wp-content\/uploads\/2025\/05\/luiz-antonio-garnica_2025-05-10_13-05-28.webp.webp?fit=1200%2C666&ssl=1&resize=700%2C400 2x, https:\/\/i0.wp.com\/noticiasribeiraopreto.com.br\/wp-content\/uploads\/2025\/05\/luiz-antonio-garnica_2025-05-10_13-05-28.webp.webp?fit=1200%2C666&ssl=1&resize=1050%2C600 3x"},"classes":[]}],"jetpack_sharing_enabled":true,"jetpack_shortlink":"https:\/\/wp.me\/peQAOb-4l1","_links":{"self":[{"href":"https:\/\/noticiasribeiraopreto.com.br\/index.php\/wp-json\/wp\/v2\/posts\/16679","targetHints":{"allow":["GET"]}}],"collection":[{"href":"https:\/\/noticiasribeiraopreto.com.br\/index.php\/wp-json\/wp\/v2\/posts"}],"about":[{"href":"https:\/\/noticiasribeiraopreto.com.br\/index.php\/wp-json\/wp\/v2\/types\/post"}],"author":[{"embeddable":true,"href":"https:\/\/noticiasribeiraopreto.com.br\/index.php\/wp-json\/wp\/v2\/users\/1"}],"replies":[{"embeddable":true,"href":"https:\/\/noticiasribeiraopreto.com.br\/index.php\/wp-json\/wp\/v2\/comments?post=16679"}],"version-history":[{"count":0,"href":"https:\/\/noticiasribeiraopreto.com.br\/index.php\/wp-json\/wp\/v2\/posts\/16679\/revisions"}],"wp:featuredmedia":[{"embeddable":true,"href":"https:\/\/noticiasribeiraopreto.com.br\/index.php\/wp-json\/wp\/v2\/media\/16680"}],"wp:attachment":[{"href":"https:\/\/noticiasribeiraopreto.com.br\/index.php\/wp-json\/wp\/v2\/media?parent=16679"}],"wp:term":[{"taxonomy":"category","embeddable":true,"href":"https:\/\/noticiasribeiraopreto.com.br\/index.php\/wp-json\/wp\/v2\/categories?post=16679"},{"taxonomy":"post_tag","embeddable":true,"href":"https:\/\/noticiasribeiraopreto.com.br\/index.php\/wp-json\/wp\/v2\/tags?post=16679"}],"curies":[{"name":"wp","href":"https:\/\/api.w.org\/{rel}","templated":true}]}}