{"id":16685,"date":"2023-12-16T03:25:42","date_gmt":"2023-12-16T06:25:42","guid":{"rendered":"https:\/\/noticiasribeiraopreto.com.br\/index.php\/2023\/12\/16\/conheca-o-que-a-fundacao-faz-2\/"},"modified":"2023-12-16T03:25:42","modified_gmt":"2023-12-16T06:25:42","slug":"conheca-o-que-a-fundacao-faz-2","status":"publish","type":"post","link":"https:\/\/noticiasribeiraopreto.com.br\/index.php\/2023\/12\/16\/conheca-o-que-a-fundacao-faz-2\/","title":{"rendered":"conhe\u00e7a o que a funda\u00e7\u00e3o faz"},"content":{"rendered":"<div class='code-block code-block-1' style='margin: 8px 0 8px auto; text-align: right; display: block; clear: both;'>\n<p><a href=\"https:\/\/wa.link\/vpicfd\"><img data-recalc-dims=\"1\" class=\"wp-image-4922\" style=\"aspect-ratio: 2.0253164556962027; width: 561px; height: auto;\" src=\"https:\/\/i0.wp.com\/ismaelcolosi.com.br\/wp-content\/uploads\/2023\/11\/grupo-de-empregos-whatsapp-e-facebook-ismael-colosi-vagas.jpg?ssl=1\" alt=\"\" \/><\/a><\/p>\n<!-- \/wp:image -->\n<\/div>\n<p> <br \/>\n<\/p>\n<div>\n<p>Concurseiros de todo o Brasil aguardam ansiosamente pelo lan\u00e7amento do edital do Concurso Nacional Unificado, que incluir\u00e1 vagas do<strong> concurso Funai<\/strong> (Funda\u00e7\u00e3o Nacional dos Povos Ind\u00edgenas). A expectativa \u00e9 que o edital seja publicado no pr\u00f3ximo dia 20 de dezembro, conforme anunciado no cronograma oficial divulgado nesta quinta (14).<\/p>\n<p>Para aqueles que t\u00eam interesse em integrar os quadros da Funai, \u00e9 essencial compreender a import\u00e2ncia e a fun\u00e7\u00e3o desta autarquia do governo federal. Fundada pela Lei n\u00ba 5.371 em 5 de dezembro de 1967, a Funai completou 56 anos no in\u00edcio deste m\u00eas.<\/p>\n<p>Anteriormente vinculada ao Minist\u00e9rio da Justi\u00e7a e Seguran\u00e7a P\u00fablica, agora faz parte da estrutura do Minist\u00e9rio dos Povos Ind\u00edgenas (MPI), com a miss\u00e3o primordial de proteger e promover os direitos dos povos ind\u00edgenas no Brasil.<\/p>\n<p>A autarquia, que conta atualmente com cerca de 1,3 mil servidores, desempenha um papel crucial na promo\u00e7\u00e3o de estudos de identifica\u00e7\u00e3o e delimita\u00e7\u00e3o, demarca\u00e7\u00e3o, regulariza\u00e7\u00e3o fundi\u00e1ria e registro das terras tradicionalmente ocupadas pelos povos ind\u00edgenas.<\/p>\n<p>Al\u00e9m disso, a Funai \u00e9 respons\u00e1vel por monitorar e fiscalizar as terras ind\u00edgenas, coordenar pol\u00edticas de prote\u00e7\u00e3o aos povos isolados e rec\u00e9m-contatados, e promover o desenvolvimento sustent\u00e1vel, com a\u00e7\u00f5es de etnodesenvolvimento, conserva\u00e7\u00e3o e recupera\u00e7\u00e3o do meio ambiente nas terras ind\u00edgenas.<\/p>\n<p>A atua\u00e7\u00e3o da Funai, orientada por princ\u00edpios como o reconhecimento da organiza\u00e7\u00e3o social, costumes, l\u00ednguas, cren\u00e7as e tradi\u00e7\u00f5es dos povos ind\u00edgenas, busca a plena autonomia e autodetermina\u00e7\u00e3o desses povos, contribuindo para a consolida\u00e7\u00e3o do Estado democr\u00e1tico e pluri\u00e9tnico.<\/p>\n<p><a href=\"https:\/\/jcconcursos.com.br\/noticia\/brasil\/vai-prestar-o-concurso-funai-porte-de-arma-de-fogo-para-servidores-e-aprovado-120029\" rel=\"noopener\" target=\"_blank\">+Vai prestar o Concurso Funai? Porte de arma de fogo para servidores \u00e9 aprovado<\/a><\/p>\n<h2>Estrutura administrativa<\/h2>\n<p>A estrutura administrativa da <a href=\"https:\/\/www.gov.br\/funai\/pt-br\" rel=\"noopener\" target=\"_blank\">Funai<\/a> compreende a Diretoria de Promo\u00e7\u00e3o ao Desenvolvimento Sustent\u00e1vel (DPDS), Diretoria de Prote\u00e7\u00e3o Territorial (DPT) e Diretoria de Administra\u00e7\u00e3o (DAGES), incluindo a Corregedoria, Ouvidoria, Auditoria Interna, Procuradoria Federal Especializada e o Museu do \u00cdndio.<\/p>\n<p>A atua\u00e7\u00e3o direta em todo o pa\u00eds \u00e9 realizada por meio de Coordena\u00e7\u00f5es Regionais, Coordena\u00e7\u00f5es T\u00e9cnicas Locais, Frentes de Prote\u00e7\u00e3o Etnoambiental e Bases de Prote\u00e7\u00e3o Etnoambiental.<\/p>\n<h2>Joenia Wapichana \u00e9 presidenta da Funai<\/h2>\n<p>A atual presidenta da Funai, Joenia Wapichana, \u00e9 uma figura not\u00e1vel e pioneira na defesa dos direitos dos povos ind\u00edgenas no Brasil. Crescida na comunidade ind\u00edgena Truar\u00fa da Cabeceira, \u00e1rea rural do munic\u00edpio de Boa Vista (RR), Joenia pertence ao povo Wapichana.<\/p>\n<p>Graduada em Direito pela Universidade Federal de Roraima (UFRR) em 1997, Joenia iniciou sua carreira advocat\u00edcia no Conselho Ind\u00edgena de Roraima (CIR), onde permaneceu por 22 anos. Em 2018, foi eleita a primeira deputada federal ind\u00edgena do Brasil, ap\u00f3s ser indicada e aprovada pela Assembleia Geral dos Povos Ind\u00edgenas.<\/p>\n<p>Ao longo de sua carreira, Joenia Wapichana se destacou por sua atua\u00e7\u00e3o na den\u00fancia das viola\u00e7\u00f5es do Estado brasileiro contra os povos ind\u00edgenas. Em 2003, levou uma causa ind\u00edgena \u00e0 Comiss\u00e3o Interamericana de Direitos Humanos (OEA), em Washington, Estados Unidos.<\/p>\n<p>Durante o julgamento da homologa\u00e7\u00e3o da Terra Ind\u00edgena Raposa Serra do Sol pelo Supremo Tribunal Federal (STF) em 2008, Joenia se tornou a primeira advogada ind\u00edgena a realizar uma sustenta\u00e7\u00e3o oral no Plen\u00e1rio da Suprema Corte, iniciando sua fala na l\u00edngua origin\u00e1ria do povo Wapichana.<\/p>\n<p><a href=\"https:\/\/jcconcursos.com.br\/noticia\/brasil\/otima-noticia-para-quem-passar-em-concurso-publico-em-sao-paulo-salario-acrescido-em-60-119904\" rel=\"noopener\" target=\"_blank\">+\u00d3tima not\u00edcia para quem prestar concurso p\u00fablico em S\u00e3o Paulo: sal\u00e1rio acrescido em 60%<\/a><\/p>\n<h2>Censo IBGE 2022 revela crescimento da popula\u00e7\u00e3o Ind\u00edgena<\/h2>\n<p>Segundo os dados do Censo Demogr\u00e1fico 2022 divulgados pelo Instituto Brasileiro de Geografia e Estat\u00edstica (IBGE), a popula\u00e7\u00e3o ind\u00edgena no Brasil alcan\u00e7ou 1.693.535 pessoas, correspondendo a 0,83% da popula\u00e7\u00e3o residente do pa\u00eds, distribu\u00eddas por 4.832 munic\u00edpios. Comparado ao Censo de 2010, houve um aumento significativo de 88,82% na popula\u00e7\u00e3o ind\u00edgena.<\/p>\n<p>O Censo 2022 tamb\u00e9m registrou um incremento no n\u00famero de terras ind\u00edgenas oficialmente delimitadas, passando de 501 em 2010 para 573 no ano passado. Diversos fatores contribu\u00edram para esse aumento, incluindo:<\/p>\n<ul>\n<li>o aperfei\u00e7oamento do mapeamento de localidades ind\u00edgenas<\/li>\n<li>a padroniza\u00e7\u00e3o de procedimentos operacionais de abordagem \u00e0s lideran\u00e7as ind\u00edgenas<\/li>\n<li>a utiliza\u00e7\u00e3o de guias institucionais da Funai e da Secretaria de Sa\u00fade Ind\u00edgena (Sesai)<\/li>\n<li>o treinamento diferenciado das equipes censit\u00e1rias<\/li>\n<li>as adapta\u00e7\u00f5es metodol\u00f3gicas para facilitar a compreens\u00e3o do question\u00e1rio<\/li>\n<\/ul>\n<h2>Concurso Funai 2023<\/h2>\n<p>O concurso para a Funai representa uma oportunidade \u00fanica para profissionais interessados com a causa ind\u00edgena, que desejam contribuir para a promo\u00e7\u00e3o dos direitos desses povos e para o desenvolvimento sustent\u00e1vel do pa\u00eds. Com a proximidade da publica\u00e7\u00e3o do edital, \u00e9 fundamental que os interessados iniciem seus preparativos para garantir uma participa\u00e7\u00e3o s\u00f3lida e bem-sucedida no certame.<\/p>\n<p>As inscri\u00e7\u00f5es ser\u00e3o abertas em 19 de janeiro de 2024 e as provas ser\u00e3o aplicadas em 217 cidades do pa\u00eds em 5 de maio. As datas foram acordadas pelo Minist\u00e9rio da Gest\u00e3o e Inova\u00e7\u00e3o em Servi\u00e7os P\u00fablicos e a Cesgranrio, banca organizadora do certame, a fim de garantir tempo suficiente para elabora\u00e7\u00e3o das provas. Ser\u00e3o ofertadas 512 vagas de n\u00edveis m\u00e9dio e superior.<\/p>\n<p>+++Acompanhe as principais not\u00edcias sobre<a href=\"https:\/\/jcconcursos.com.br\/concursos\/inscricoes-abertas\" rel=\"noopener\" target=\"_blank\"> Concurso P\u00fablicos<\/a>, Empregos e Sociedade no JC Concursos.<\/p>\n<p><a id=\"gnews_btn\" href=\"https:\/\/news.google.com\/publications\/CAAqBwgKMOixlQswuZWrAw\" target=\"_blank\" class=\"border_jc_blue link_hover_bg_jc_blue font_85 d-block d-md-inline-block px-2 py-1 mr-0 mr-md-2 mb-3 w-100 text-center\" rel=\"noopener\"><span class=\"text_jc_blue\">Siga o <strong>JC Concursos no Google News<\/strong><\/span><\/a><span id=\"resumo\" class=\"anchor_link\"\/><a href=\"https:\/\/jcconcursos.com.br\/noticia\/brasil\/\" class=\"badge badge-light\">Sociedade<\/a><a href=\"https:\/\/jcconcursos.com.br\/noticia\/brasil\/\" class=\"badge badge-light\">Brasil<\/a><\/p>\n<\/div>\n<p><br \/>\n<br \/><a href=\"https:\/\/ismaelcolosi.com.br\/conheca-o-que-a-fundacao-faz\/\">Source link <\/a><\/p>\n<!-- CONTENT END 1 -->\n","protected":false},"excerpt":{"rendered":"<p>Concurseiros de todo o Brasil aguardam ansiosamente pelo lan\u00e7amento do edital do Concurso Nacional Unificado, que incluir\u00e1 vagas do concurso Funai (Funda\u00e7\u00e3o Nacional dos Povos&#8230;<\/p>\n","protected":false},"author":1,"featured_media":16686,"comment_status":"open","ping_status":"open","sticky":false,"template":"","format":"standard","meta":{"advanced_seo_description":"","jetpack_seo_html_title":"","jetpack_seo_noindex":false,"jetpack_post_was_ever_published":false,"_jetpack_newsletter_access":"","_jetpack_dont_email_post_to_subs":false,"_jetpack_newsletter_tier_id":0,"_jetpack_memberships_contains_paywalled_content":false,"_jetpack_memberships_contains_paid_content":false,"footnotes":"","jetpack_publicize_message":"","jetpack_publicize_feature_enabled":true,"jetpack_social_post_already_shared":true,"jetpack_social_options":{"image_generator_settings":{"template":"highway","default_image_id":0,"font":"","enabled":false},"version":2}},"categories":[7],"tags":[],"class_list":["post-16685","post","type-post","status-publish","format-standard","has-post-thumbnail","hentry","category-vagas-de-empregos-em-ribeirao-preto-regiao-brasil"],"jetpack_publicize_connections":[],"jetpack_featured_media_url":"https:\/\/i0.wp.com\/noticiasribeiraopreto.com.br\/wp-content\/uploads\/2023\/12\/presidente_da_funai_joenia_wapichana.jpg?fit=1920%2C1080&ssl=1","jetpack-related-posts":[{"id":16568,"url":"https:\/\/noticiasribeiraopreto.com.br\/index.php\/2023\/12\/15\/vai-prestar-o-concurso-funai-porte-de-arma-de-fogo-para-servidores-e-aprovado\/","url_meta":{"origin":16685,"position":0},"title":"Vai prestar o Concurso Funai? Porte de arma de fogo para servidores \u00e9 aprovado","author":"noticiasribeiraopreto.com.br","date":"15 de December de 2023","format":false,"excerpt":"Vai prestar o concurso Funai? A Comiss\u00e3o de Seguran\u00e7a P\u00fablica do Senado Federal aprovou o Projeto de Lei 2.326\/2022, que autoriza o porte de arma de fogo para servidores da Funda\u00e7\u00e3o Nacional dos Povos Ind\u00edgenas (Funai) que atuam em atividades de fiscaliza\u00e7\u00e3o. A proposta, que busca garantir a seguran\u00e7a dos\u2026","rel":"","context":"In &quot;Vagas de Emprego em Ribeir\u00e3o Preto-SP&quot;","block_context":{"text":"Vagas de Emprego em Ribeir\u00e3o Preto-SP","link":"https:\/\/noticiasribeiraopreto.com.br\/index.php\/category\/empregos-classificados-vagas-trabalho\/vagas-de-empregos-em-ribeirao-preto-regiao-brasil\/"},"img":{"alt_text":"","src":"https:\/\/i0.wp.com\/noticiasribeiraopreto.com.br\/wp-content\/uploads\/2023\/12\/arma-de-fogo-divulgacao-canva.png?fit=1200%2C675&ssl=1&resize=350%2C200","width":350,"height":200,"srcset":"https:\/\/i0.wp.com\/noticiasribeiraopreto.com.br\/wp-content\/uploads\/2023\/12\/arma-de-fogo-divulgacao-canva.png?fit=1200%2C675&ssl=1&resize=350%2C200 1x, https:\/\/i0.wp.com\/noticiasribeiraopreto.com.br\/wp-content\/uploads\/2023\/12\/arma-de-fogo-divulgacao-canva.png?fit=1200%2C675&ssl=1&resize=525%2C300 1.5x, https:\/\/i0.wp.com\/noticiasribeiraopreto.com.br\/wp-content\/uploads\/2023\/12\/arma-de-fogo-divulgacao-canva.png?fit=1200%2C675&ssl=1&resize=700%2C400 2x, https:\/\/i0.wp.com\/noticiasribeiraopreto.com.br\/wp-content\/uploads\/2023\/12\/arma-de-fogo-divulgacao-canva.png?fit=1200%2C675&ssl=1&resize=1050%2C600 3x"},"classes":[]},{"id":21629,"url":"https:\/\/noticiasribeiraopreto.com.br\/index.php\/2023\/12\/28\/portaria-ratifica-reserva-de-30-das-vagas-para-candidatos-indigenas-2\/","url_meta":{"origin":16685,"position":1},"title":"portaria ratifica reserva de 30% das vagas para candidatos ind\u00edgenas","author":"noticiasribeiraopreto.com.br","date":"28 de December de 2023","format":false,"excerpt":"Foi publicada, no di\u00e1rio oficial da Uni\u00e3o desta quinta-feira, 28 de dezembro,a portaria conjunta 63, que ratifica a reserva de 30% das vagas para candidatos ind\u00edgenas do concurso Funai (Funda\u00e7\u00e3o Nacional dos Povos Ind\u00edgenas). O documento oficializa o decreto 11.839, publicado no \u00faltimo dia 22 de dezembro, pelo presidente Luiz\u2026","rel":"","context":"In &quot;Vagas de Emprego em Ribeir\u00e3o Preto-SP&quot;","block_context":{"text":"Vagas de Emprego em Ribeir\u00e3o Preto-SP","link":"https:\/\/noticiasribeiraopreto.com.br\/index.php\/category\/empregos-classificados-vagas-trabalho\/vagas-de-empregos-em-ribeirao-preto-regiao-brasil\/"},"img":{"alt_text":"","src":"https:\/\/i0.wp.com\/noticiasribeiraopreto.com.br\/wp-content\/uploads\/2023\/12\/fundacao-indio-funai-novo.jpg?fit=1200%2C675&ssl=1&resize=350%2C200","width":350,"height":200,"srcset":"https:\/\/i0.wp.com\/noticiasribeiraopreto.com.br\/wp-content\/uploads\/2023\/12\/fundacao-indio-funai-novo.jpg?fit=1200%2C675&ssl=1&resize=350%2C200 1x, https:\/\/i0.wp.com\/noticiasribeiraopreto.com.br\/wp-content\/uploads\/2023\/12\/fundacao-indio-funai-novo.jpg?fit=1200%2C675&ssl=1&resize=525%2C300 1.5x, https:\/\/i0.wp.com\/noticiasribeiraopreto.com.br\/wp-content\/uploads\/2023\/12\/fundacao-indio-funai-novo.jpg?fit=1200%2C675&ssl=1&resize=700%2C400 2x, https:\/\/i0.wp.com\/noticiasribeiraopreto.com.br\/wp-content\/uploads\/2023\/12\/fundacao-indio-funai-novo.jpg?fit=1200%2C675&ssl=1&resize=1050%2C600 3x"},"classes":[]},{"id":10016,"url":"https:\/\/noticiasribeiraopreto.com.br\/index.php\/2023\/12\/03\/veja-as-vagas-do-concurso-publico-nacional-unificado-ribeirao-vai-receber-provas\/","url_meta":{"origin":16685,"position":2},"title":"Veja as vagas do Concurso P\u00fablico Nacional Unificado; Ribeir\u00e3o vai receber provas","author":"noticiasribeiraopreto.com.br","date":"3 de December de 2023","format":false,"excerpt":"Est\u00e1 previsto para mar\u00e7o de 2024 a realiza\u00e7\u00e3o do Concurso P\u00fablico Nacional Unificado, com 6.640 vagas espalhadas em 21 \u00f3rg\u00e3os da Administra\u00e7\u00e3o P\u00fablica Federal. As provas ser\u00e3o realizadas em 180 cidades em todo o Brasil, incluindo Ribeir\u00e3o Preto. O concurso p\u00fablico ser\u00e1 organizado pela Funda\u00e7\u00e3o Cesgranrio, que ainda dever\u00e1 divulgar\u2026","rel":"","context":"In &quot;Not\u00edcias de Ribeir\u00e3o Preto-SP e Regi\u00e3o&quot;","block_context":{"text":"Not\u00edcias de Ribeir\u00e3o Preto-SP e Regi\u00e3o","link":"https:\/\/noticiasribeiraopreto.com.br\/index.php\/category\/noticias-de-ribeirao-preto-sp-e-regiao-ismael-colosi\/"},"img":{"alt_text":"","src":"https:\/\/i0.wp.com\/noticiasribeiraopreto.com.br\/wp-content\/uploads\/2023\/12\/concurso-publico-9.jpg?fit=1200%2C800&ssl=1&resize=350%2C200","width":350,"height":200,"srcset":"https:\/\/i0.wp.com\/noticiasribeiraopreto.com.br\/wp-content\/uploads\/2023\/12\/concurso-publico-9.jpg?fit=1200%2C800&ssl=1&resize=350%2C200 1x, https:\/\/i0.wp.com\/noticiasribeiraopreto.com.br\/wp-content\/uploads\/2023\/12\/concurso-publico-9.jpg?fit=1200%2C800&ssl=1&resize=525%2C300 1.5x, https:\/\/i0.wp.com\/noticiasribeiraopreto.com.br\/wp-content\/uploads\/2023\/12\/concurso-publico-9.jpg?fit=1200%2C800&ssl=1&resize=700%2C400 2x, https:\/\/i0.wp.com\/noticiasribeiraopreto.com.br\/wp-content\/uploads\/2023\/12\/concurso-publico-9.jpg?fit=1200%2C800&ssl=1&resize=1050%2C600 3x"},"classes":[]},{"id":19734,"url":"https:\/\/noticiasribeiraopreto.com.br\/index.php\/2023\/12\/23\/1-800-vagas-veja-o-que-o-ministro-afirma-sobre-o-concurso-aft\/","url_meta":{"origin":16685,"position":3},"title":"1.800 vagas? Veja o que o ministro afirma sobre o CONCURSO AFT!","author":"noticiasribeiraopreto.com.br","date":"23 de December de 2023","format":false,"excerpt":"Concurso AFT pode dobrar oportunidades! O Ministro Luiz Marinho falou sobre dobrar a quantidade de vagas do concurso AFT- Auditor Fiscal do Trabalho. Inicialmente, est\u00e3o autorizadas 900 vagas. O que aconteceu? Veja as explica\u00e7\u00f5es a seguir. Amplia\u00e7\u00e3o de Vagas no Concurso AFT O concurso para Auditor-Fiscal do Trabalho (AFT) pode\u2026","rel":"","context":"In &quot;Vagas de Emprego em Ribeir\u00e3o Preto-SP&quot;","block_context":{"text":"Vagas de Emprego em Ribeir\u00e3o Preto-SP","link":"https:\/\/noticiasribeiraopreto.com.br\/index.php\/category\/empregos-classificados-vagas-trabalho\/vagas-de-empregos-em-ribeirao-preto-regiao-brasil\/"},"img":{"alt_text":"","src":"https:\/\/i0.wp.com\/noticiasribeiraopreto.com.br\/wp-content\/uploads\/2023\/12\/noticiasconcursos.com_.br-1-800-vagas-veja-o-que-o-ministro-afirma-sobre-o-concurso-aft-pexels-tima-miroshnichenko-6694958.jpg?fit=1200%2C800&ssl=1&resize=350%2C200","width":350,"height":200,"srcset":"https:\/\/i0.wp.com\/noticiasribeiraopreto.com.br\/wp-content\/uploads\/2023\/12\/noticiasconcursos.com_.br-1-800-vagas-veja-o-que-o-ministro-afirma-sobre-o-concurso-aft-pexels-tima-miroshnichenko-6694958.jpg?fit=1200%2C800&ssl=1&resize=350%2C200 1x, https:\/\/i0.wp.com\/noticiasribeiraopreto.com.br\/wp-content\/uploads\/2023\/12\/noticiasconcursos.com_.br-1-800-vagas-veja-o-que-o-ministro-afirma-sobre-o-concurso-aft-pexels-tima-miroshnichenko-6694958.jpg?fit=1200%2C800&ssl=1&resize=525%2C300 1.5x, https:\/\/i0.wp.com\/noticiasribeiraopreto.com.br\/wp-content\/uploads\/2023\/12\/noticiasconcursos.com_.br-1-800-vagas-veja-o-que-o-ministro-afirma-sobre-o-concurso-aft-pexels-tima-miroshnichenko-6694958.jpg?fit=1200%2C800&ssl=1&resize=700%2C400 2x, https:\/\/i0.wp.com\/noticiasribeiraopreto.com.br\/wp-content\/uploads\/2023\/12\/noticiasconcursos.com_.br-1-800-vagas-veja-o-que-o-ministro-afirma-sobre-o-concurso-aft-pexels-tima-miroshnichenko-6694958.jpg?fit=1200%2C800&ssl=1&resize=1050%2C600 3x"},"classes":[]},{"id":26766,"url":"https:\/\/noticiasribeiraopreto.com.br\/index.php\/2024\/01\/10\/enem-dos-concursos-o-que-voce-precisa-saber-sobre-o-concurso-publico-nacional-unificado\/","url_meta":{"origin":16685,"position":4},"title":"\u2018Enem dos concursos\u2019: o que voc\u00ea precisa saber sobre o Concurso P\u00fablico Nacional Unificado","author":"noticiasribeiraopreto.com.br","date":"10 de January de 2024","format":false,"excerpt":"O governo detalhou nesta quarta-feira, 10, as regras do Concurso P\u00fablico Nacional Unificado, o chamado \u2018Enem dos concursos\u2019. O edital ser\u00e1 publicado em edi\u00e7\u00e3o extra do Di\u00e1rio Oficial da Uni\u00e3o (DOU). A ministra da Gest\u00e3o e Inova\u00e7\u00e3o em Servi\u00e7os P\u00fablicos, Esther Dweck, realizou uma coletiva para esclarecer alguns pontos.O Concurso\u2026","rel":"","context":"In &quot;Vagas de Emprego em Ribeir\u00e3o Preto-SP&quot;","block_context":{"text":"Vagas de Emprego em Ribeir\u00e3o Preto-SP","link":"https:\/\/noticiasribeiraopreto.com.br\/index.php\/category\/empregos-classificados-vagas-trabalho\/vagas-de-empregos-em-ribeirao-preto-regiao-brasil\/"},"img":{"alt_text":"","src":"https:\/\/i0.wp.com\/noticiasribeiraopreto.com.br\/wp-content\/uploads\/2024\/01\/1704922892_concurso-publico.jpg?fit=883%2C510&ssl=1&resize=350%2C200","width":350,"height":200,"srcset":"https:\/\/i0.wp.com\/noticiasribeiraopreto.com.br\/wp-content\/uploads\/2024\/01\/1704922892_concurso-publico.jpg?fit=883%2C510&ssl=1&resize=350%2C200 1x, https:\/\/i0.wp.com\/noticiasribeiraopreto.com.br\/wp-content\/uploads\/2024\/01\/1704922892_concurso-publico.jpg?fit=883%2C510&ssl=1&resize=525%2C300 1.5x, https:\/\/i0.wp.com\/noticiasribeiraopreto.com.br\/wp-content\/uploads\/2024\/01\/1704922892_concurso-publico.jpg?fit=883%2C510&ssl=1&resize=700%2C400 2x"},"classes":[]},{"id":29740,"url":"https:\/\/noticiasribeiraopreto.com.br\/index.php\/2024\/01\/19\/enem-dos-concursos-inscricoes-para-concorrer-a-6-640-vagas-comecam-nesta-sexta-feira\/","url_meta":{"origin":16685,"position":5},"title":"Enem dos Concursos: inscri\u00e7\u00f5es para concorrer a 6.640 vagas come\u00e7am nesta sexta-feira","author":"noticiasribeiraopreto.com.br","date":"19 de January de 2024","format":false,"excerpt":"Da reda\u00e7\u00e3oi Da reda\u00e7\u00e3o 19\/01\/2024 - 8:14 Come\u00e7am nesta sexta-feira, 19, as inscri\u00e7\u00f5es para o Concurso P\u00fablico Nacional Unificado, que oferece 6.640 vagas para lota\u00e7\u00e3o em 21 \u00f3rg\u00e3os p\u00fablicos federais. A taxa de inscri\u00e7\u00e3o \u00e9 R$ 60 para vagas de n\u00edvel m\u00e9dio e R$ 90, para vagas de n\u00edvel superior.\u2026","rel":"","context":"In &quot;Vagas de Emprego em Ribeir\u00e3o Preto-SP&quot;","block_context":{"text":"Vagas de Emprego em Ribeir\u00e3o Preto-SP","link":"https:\/\/noticiasribeiraopreto.com.br\/index.php\/category\/empregos-classificados-vagas-trabalho\/vagas-de-empregos-em-ribeirao-preto-regiao-brasil\/"},"img":{"alt_text":"","src":"https:\/\/i0.wp.com\/noticiasribeiraopreto.com.br\/wp-content\/uploads\/2024\/01\/concurso-publico-1.jpg?fit=883%2C510&ssl=1&resize=350%2C200","width":350,"height":200,"srcset":"https:\/\/i0.wp.com\/noticiasribeiraopreto.com.br\/wp-content\/uploads\/2024\/01\/concurso-publico-1.jpg?fit=883%2C510&ssl=1&resize=350%2C200 1x, https:\/\/i0.wp.com\/noticiasribeiraopreto.com.br\/wp-content\/uploads\/2024\/01\/concurso-publico-1.jpg?fit=883%2C510&ssl=1&resize=525%2C300 1.5x, https:\/\/i0.wp.com\/noticiasribeiraopreto.com.br\/wp-content\/uploads\/2024\/01\/concurso-publico-1.jpg?fit=883%2C510&ssl=1&resize=700%2C400 2x"},"classes":[]}],"jetpack_sharing_enabled":true,"jetpack_shortlink":"https:\/\/wp.me\/peQAOb-4l7","_links":{"self":[{"href":"https:\/\/noticiasribeiraopreto.com.br\/index.php\/wp-json\/wp\/v2\/posts\/16685","targetHints":{"allow":["GET"]}}],"collection":[{"href":"https:\/\/noticiasribeiraopreto.com.br\/index.php\/wp-json\/wp\/v2\/posts"}],"about":[{"href":"https:\/\/noticiasribeiraopreto.com.br\/index.php\/wp-json\/wp\/v2\/types\/post"}],"author":[{"embeddable":true,"href":"https:\/\/noticiasribeiraopreto.com.br\/index.php\/wp-json\/wp\/v2\/users\/1"}],"replies":[{"embeddable":true,"href":"https:\/\/noticiasribeiraopreto.com.br\/index.php\/wp-json\/wp\/v2\/comments?post=16685"}],"version-history":[{"count":0,"href":"https:\/\/noticiasribeiraopreto.com.br\/index.php\/wp-json\/wp\/v2\/posts\/16685\/revisions"}],"wp:featuredmedia":[{"embeddable":true,"href":"https:\/\/noticiasribeiraopreto.com.br\/index.php\/wp-json\/wp\/v2\/media\/16686"}],"wp:attachment":[{"href":"https:\/\/noticiasribeiraopreto.com.br\/index.php\/wp-json\/wp\/v2\/media?parent=16685"}],"wp:term":[{"taxonomy":"category","embeddable":true,"href":"https:\/\/noticiasribeiraopreto.com.br\/index.php\/wp-json\/wp\/v2\/categories?post=16685"},{"taxonomy":"post_tag","embeddable":true,"href":"https:\/\/noticiasribeiraopreto.com.br\/index.php\/wp-json\/wp\/v2\/tags?post=16685"}],"curies":[{"name":"wp","href":"https:\/\/api.w.org\/{rel}","templated":true}]}}