{"id":16691,"date":"2023-12-16T05:42:37","date_gmt":"2023-12-16T08:42:37","guid":{"rendered":"https:\/\/noticiasribeiraopreto.com.br\/index.php\/2023\/12\/16\/1-bebida-por-dia-altera-a-sua-pressao-arterial-indica-estudo\/"},"modified":"2023-12-16T05:42:37","modified_gmt":"2023-12-16T08:42:37","slug":"1-bebida-por-dia-altera-a-sua-pressao-arterial-indica-estudo","status":"publish","type":"post","link":"https:\/\/noticiasribeiraopreto.com.br\/index.php\/2023\/12\/16\/1-bebida-por-dia-altera-a-sua-pressao-arterial-indica-estudo\/","title":{"rendered":"1 bebida por dia altera a sua press\u00e3o arterial, indica estudo"},"content":{"rendered":"<div class='code-block code-block-1' style='margin: 8px 0 8px auto; text-align: right; display: block; clear: both;'>\n<p><a href=\"https:\/\/wa.link\/vpicfd\"><img data-recalc-dims=\"1\" class=\"wp-image-4922\" style=\"aspect-ratio: 2.0253164556962027; width: 561px; height: auto;\" src=\"https:\/\/i0.wp.com\/ismaelcolosi.com.br\/wp-content\/uploads\/2023\/11\/grupo-de-empregos-whatsapp-e-facebook-ismael-colosi-vagas.jpg?ssl=1\" alt=\"\" \/><\/a><\/p>\n<!-- \/wp:image -->\n<\/div>\n<p> <br \/>\n<\/p>\n<div>\n<div id=\"attachment_2327630\" class=\"wp-caption alignnone\">\n<div class=\"d-flex justify-content-center\" data-attachment-id=\"2327630\">\n<div class=\"position-relative d-inline-block\"><img data-recalc-dims=\"1\" data-portal-copyright=\"Getty Images\/iStockphoto\" fetchpriority=\"high\" decoding=\"async\" class=\"size-full wp-image-2327630\" src=\"https:\/\/i0.wp.com\/catracalivre.com.br\/wp-content\/uploads\/2023\/12\/istock-1442007567.jpg?resize=1254%2C836&#038;ssl=1\" alt=\"A eleva\u00e7\u00e3o da press\u00e3o arterial, causada pelo consumo de bebida alco\u00f3lica, aumenta o\u00a0risco de problemas card\u00edacos e renais \u2013 iStock\/Getty Images\" width=\"1254\" height=\"836\" srcset=\"https:\/\/catracalivre.com.br\/wp-content\/uploads\/2023\/12\/istock-1442007567.jpg 1254w, https:\/\/catracalivre.com.br\/wp-content\/uploads\/2023\/12\/istock-1442007567-450x300.jpg 450w, https:\/\/catracalivre.com.br\/wp-content\/uploads\/2023\/12\/istock-1442007567-768x512.jpg 768w\" sizes=\"(max-width: 1254px) 100vw, 1254px\"\/><\/p>\n<p>Cr\u00e9ditos: Getty Images\/iStockphoto<\/p>\n<\/div>\n<\/div>\n<p><span class=\"post-imagem__legenda\">A eleva\u00e7\u00e3o da press\u00e3o arterial, causada pelo consumo de bebida alco\u00f3lica, aumenta o\u00a0risco de problemas card\u00edacos e renais \u2013 iStock\/Getty Images<\/span><\/p>\n<\/div>\n<p>O consumo di\u00e1rio de apenas uma bebida alco\u00f3lica j\u00e1 pode elevar a press\u00e3o arterial, mesmo em indiv\u00edduos que n\u00e3o sofrem a <strong><a href=\"https:\/\/catracalivre.com.br\/saude-bem-estar\/hipertensao-5-alimentos-que-combatem-a-pressao-alta\/\" target=\"_blank\" rel=\"noopener\">hipertens\u00e3o<\/a><\/strong>, indicam estudos cient\u00edficos recentes sobre o tema.<\/p>\n<p>\u201cNossas descobertas n\u00e3o indicaram benef\u00edcios para os adultos que bebiam pequenas quantidades de \u00e1lcool em rela\u00e7\u00e3o \u00e0queles que n\u00e3o consumiam bebida alco\u00f3lica\u201d, revelou Marco Vinceti, autor principal do estudo e professor de epidemiologia e sa\u00fade p\u00fablica na <strong><a href=\"https:\/\/www.unimore.it\/\" target=\"_blank\" rel=\"noopener\">Faculdade de Medicina da Universidade de Modena<\/a><\/strong> e da Universidade de Reggio Emilia, na It\u00e1lia.\u00a0O dossi\u00ea divulgado pela publica\u00e7\u00e3o Hypertension incluiu dados obtidos em sete estudos, envolvendo mais de 19,5 mil adultos.<\/p>\n<p>Ainda de acordo com o especialista, o consumo moderado de \u00e1lcool j\u00e1 representa um risco se comparado \u00e0 abstin\u00eancia. O perigo, no entanto, \u00e9 especialmente alto para quem consome bebidas alco\u00f3licas em excesso.<\/p>\n<p>Entre as consequ\u00eancias mais recorrentes associadas \u00e0 press\u00e3o alta est\u00e3o o aumento do\u00a0risco de problemas card\u00edacos e renais.<\/p>\n<h2>Impactos da bebida alco\u00f3lica sobre mulheres e homens<\/h2>\n<p>A meta-an\u00e1lise identificou altera\u00e7\u00e3o na press\u00e3o arterial tanto em homens quanto em mulheres ao longo do tempo, sem que um limite seguro de consumo fosse identificado para salvaguardar a sa\u00fade.<\/p>\n<p>O estudo tamb\u00e9m concluiu que, beber em grandes ou pequenas quantidades, ou mesmo o tipo de bebida consumida, n\u00e3o fez distin\u00e7\u00e3o no resultado. Isso porque a press\u00e3o arterial subiu progressivamente ao longo dos cinco anos de estudo.<\/p>\n<p>Embora o \u00e1lcool n\u00e3o seja o \u00fanico fator que pode elevar a press\u00e3o arterial, seu consumo foi identificado como um contribuinte significativo para alterar essa medida de sa\u00fade.<\/p>\n<h2>Outros fatores associados \u00e0 press\u00e3o arterial<\/h2>\n<p><strong>Condi\u00e7\u00f5es m\u00e9dicas:<\/strong> certas condi\u00e7\u00f5es m\u00e9dicas, como diabetes, doen\u00e7as renais e dist\u00farbios hormonais, podem aumentar o risco de hipertens\u00e3o.<br \/><strong>Certos medicamentos:<\/strong> alguns medicamentos, como descongestionantes, contraceptivos orais, esteroides e medicamentos anti-inflamat\u00f3rios n\u00e3o esteroides (AINEs), podem elevar a press\u00e3o arterial em algumas pessoas.<br \/><strong>Idade:<\/strong> a press\u00e3o arterial tende a aumentar com a idade devido ao enrijecimento natural das art\u00e9rias.<br \/><strong>Gen\u00e9tica:<\/strong> se voc\u00ea tem familiares com hist\u00f3rico de hipertens\u00e3o, voc\u00ea pode estar em maior risco.<br \/><strong>Obesidade:<\/strong> o excesso de peso, especialmente a gordura abdominal, est\u00e1 associado a um maior risco de press\u00e3o arterial alta.<br \/><strong>Inatividade f\u00edsica:<\/strong> a falta de atividade f\u00edsica regular pode contribuir para o aumento da press\u00e3o arterial.<br \/><strong>Dieta n\u00e3o saud\u00e1vel:<\/strong> o consumo excessivo de s\u00f3dio (sal), gorduras saturadas e alimentos processados, bem como a ingest\u00e3o insuficiente de frutas, vegetais e fibras, tamb\u00e9m aumenta a press\u00e3o arterial.<br \/><strong>Tabagismo:<\/strong> fumar pode estreitar as art\u00e9rias e contribuir para o endurecimento das paredes arteriais, aumentando a press\u00e3o arterial.<br \/><strong>Estresse:<\/strong> situa\u00e7\u00f5es de estresse cr\u00f4nico podem elevar a press\u00e3o arterial, embora esse aumento seja muitas vezes tempor\u00e1rio.<\/p>\n<\/div>\n<p><script>\n\t\t! function(f, b, e, v, n, t, s) {\n\t\t\tif (f.fbq) return;\n\t\t\tn = f.fbq = function() {\n\t\t\t\tn.callMethod ?\n\t\t\t\t\tn.callMethod.apply(n, arguments) : n.queue.push(arguments)\n\t\t\t};\n\t\t\tif (!f._fbq) f._fbq = n;\n\t\t\tn.push = n;\n\t\t\tn.loaded = !0;\n\t\t\tn.version = '2.0';\n\t\t\tn.queue = [];\n\t\t\tt = b.createElement(e);\n\t\t\tt.async = !0;\n\t\t\tt.src = v;\n\t\t\ts = b.getElementsByTagName(e)[0];\n\t\t\ts.parentNode.insertBefore(t, s)\n\t\t}(window, document, 'script',\n\t\t\t'https:\/\/connect.facebook.net\/en_US\/fbevents.js');\n\t\tfbq('init', '338315473262380');\n\t\tfbq('track', 'PageView');\n\t<\/script><br \/>\n<br \/><br \/>\n<br \/><a href=\"https:\/\/catracalivre.com.br\/saude-bem-estar\/1-bebida-por-dia-altera-a-sua-pressao-arterial-indica-estudo\/\">Source link <\/a><\/p>\n<!-- CONTENT END 1 -->\n","protected":false},"excerpt":{"rendered":"<p>Cr\u00e9ditos: Getty Images\/iStockphoto A eleva\u00e7\u00e3o da press\u00e3o arterial, causada pelo consumo de bebida alco\u00f3lica, aumenta o\u00a0risco de problemas card\u00edacos e renais \u2013 iStock\/Getty Images O&#8230;<\/p>\n","protected":false},"author":1,"featured_media":16692,"comment_status":"open","ping_status":"open","sticky":false,"template":"","format":"standard","meta":{"advanced_seo_description":"","jetpack_seo_html_title":"","jetpack_seo_noindex":false,"jetpack_post_was_ever_published":false,"_jetpack_newsletter_access":"","_jetpack_dont_email_post_to_subs":false,"_jetpack_newsletter_tier_id":0,"_jetpack_memberships_contains_paywalled_content":false,"_jetpack_memberships_contains_paid_content":false,"footnotes":"","jetpack_publicize_message":"","jetpack_publicize_feature_enabled":true,"jetpack_social_post_already_shared":true,"jetpack_social_options":{"image_generator_settings":{"template":"highway","default_image_id":0,"font":"","enabled":false},"version":2}},"categories":[19],"tags":[],"class_list":["post-16691","post","type-post","status-publish","format-standard","has-post-thumbnail","hentry","category-variedades"],"jetpack_publicize_connections":[],"jetpack_featured_media_url":"https:\/\/i0.wp.com\/noticiasribeiraopreto.com.br\/wp-content\/uploads\/2023\/12\/istock-1442007567.jpg?fit=1200%2C638&ssl=1","jetpack-related-posts":[{"id":65736,"url":"https:\/\/noticiasribeiraopreto.com.br\/index.php\/2025\/03\/23\/jornal-da-franca-tem-pressao-alta-saiba-quais-chas-devem-ser-evitados-por-hipertensos\/","url_meta":{"origin":16691,"position":0},"title":"Jornal da Franca &#8211; Tem press\u00e3o alta? Saiba quais ch\u00e1s devem ser evitados por hipertensos","author":"noticiasribeiraopreto.com.br","date":"23 de March de 2025","format":false,"excerpt":"compartilhar no whatsapp compartilhar no telegram compartilhar no facebook compartilhar no linkedin Alguns tipos de ch\u00e1s podem elevar a press\u00e3o arterial ou interferir na a\u00e7\u00e3o de medicamentos anti-hipertensivos. Saiba quais s\u00e3o Apesar de parecerem inofensivos, alguns ch\u00e1s podem ser prejudiciais \u00e0 sa\u00fade de quem tem press\u00e3o alta \u2013 foto Arquivo\u2026","rel":"","context":"In &quot;Not\u00edcias de Franca-SP&quot;","block_context":{"text":"Not\u00edcias de Franca-SP","link":"https:\/\/noticiasribeiraopreto.com.br\/index.php\/category\/noticias-de-ribeirao-preto-sp-e-regiao-ismael-colosi\/noticias-franca-sp\/"},"img":{"alt_text":"","src":"https:\/\/i0.wp.com\/noticiasribeiraopreto.com.br\/wp-content\/uploads\/2025\/03\/cha-mulher-bebendo-scaled.jpg?fit=1200%2C800&ssl=1&resize=350%2C200","width":350,"height":200,"srcset":"https:\/\/i0.wp.com\/noticiasribeiraopreto.com.br\/wp-content\/uploads\/2025\/03\/cha-mulher-bebendo-scaled.jpg?fit=1200%2C800&ssl=1&resize=350%2C200 1x, https:\/\/i0.wp.com\/noticiasribeiraopreto.com.br\/wp-content\/uploads\/2025\/03\/cha-mulher-bebendo-scaled.jpg?fit=1200%2C800&ssl=1&resize=525%2C300 1.5x, https:\/\/i0.wp.com\/noticiasribeiraopreto.com.br\/wp-content\/uploads\/2025\/03\/cha-mulher-bebendo-scaled.jpg?fit=1200%2C800&ssl=1&resize=700%2C400 2x, https:\/\/i0.wp.com\/noticiasribeiraopreto.com.br\/wp-content\/uploads\/2025\/03\/cha-mulher-bebendo-scaled.jpg?fit=1200%2C800&ssl=1&resize=1050%2C600 3x"},"classes":[]},{"id":16095,"url":"https:\/\/noticiasribeiraopreto.com.br\/index.php\/2023\/12\/14\/como-saber-se-sua-pressao-esta-alta-meu-valor-digital\/","url_meta":{"origin":16691,"position":1},"title":"Como saber se sua press\u00e3o est\u00e1 alta? &#8211; Meu Valor Digital","author":"noticiasribeiraopreto.com.br","date":"14 de December de 2023","format":false,"excerpt":"A hipertens\u00e3o arterial (conhecida como press\u00e3o alta), ocorre quando a circula\u00e7\u00e3o do sangue exerce uma for\u00e7a muito grande contra a parede das art\u00e9rias. Fazendo o cora\u00e7\u00e3o precisa de muito mais for\u00e7a para fazer o sangue circular no corpo. A press\u00e3o alta \u00e9 um dos principais fatores de risco para a\u2026","rel":"","context":"In &quot;Vagas de Emprego em Ribeir\u00e3o Preto-SP&quot;","block_context":{"text":"Vagas de Emprego em Ribeir\u00e3o Preto-SP","link":"https:\/\/noticiasribeiraopreto.com.br\/index.php\/category\/empregos-classificados-vagas-trabalho\/vagas-de-empregos-em-ribeirao-preto-regiao-brasil\/"},"img":{"alt_text":"","src":"https:\/\/i0.wp.com\/noticiasribeiraopreto.com.br\/wp-content\/uploads\/2023\/12\/pressao-esta-alta-1.jpg?fit=1200%2C774&ssl=1&resize=350%2C200","width":350,"height":200,"srcset":"https:\/\/i0.wp.com\/noticiasribeiraopreto.com.br\/wp-content\/uploads\/2023\/12\/pressao-esta-alta-1.jpg?fit=1200%2C774&ssl=1&resize=350%2C200 1x, https:\/\/i0.wp.com\/noticiasribeiraopreto.com.br\/wp-content\/uploads\/2023\/12\/pressao-esta-alta-1.jpg?fit=1200%2C774&ssl=1&resize=525%2C300 1.5x, https:\/\/i0.wp.com\/noticiasribeiraopreto.com.br\/wp-content\/uploads\/2023\/12\/pressao-esta-alta-1.jpg?fit=1200%2C774&ssl=1&resize=700%2C400 2x, https:\/\/i0.wp.com\/noticiasribeiraopreto.com.br\/wp-content\/uploads\/2023\/12\/pressao-esta-alta-1.jpg?fit=1200%2C774&ssl=1&resize=1050%2C600 3x"},"classes":[]},{"id":24259,"url":"https:\/\/noticiasribeiraopreto.com.br\/index.php\/2024\/01\/03\/maca-voce-sabia-que-essa-fruta-e-boa-para-a-pressao-arterial-meu-valor-digital\/","url_meta":{"origin":16691,"position":2},"title":"Ma\u00e7\u00e3: voc\u00ea sabia que essa fruta \u00e9 boa para a press\u00e3o arterial? &#8211; Meu Valor Digital","author":"noticiasribeiraopreto.com.br","date":"3 de January de 2024","format":false,"excerpt":"Ma\u00e7\u00e3: voc\u00ea sabia que essa fruta \u00e9 boa para a press\u00e3o arterial? - Meu Valor Digital - Not\u00edcias atualizadas In\u00edcioChamadasMa\u00e7\u00e3: voc\u00ea sabia que essa fruta \u00e9 boa para a press\u00e3o arterial? Source link","rel":"","context":"In &quot;Vagas de Emprego em Ribeir\u00e3o Preto-SP&quot;","block_context":{"text":"Vagas de Emprego em Ribeir\u00e3o Preto-SP","link":"https:\/\/noticiasribeiraopreto.com.br\/index.php\/category\/empregos-classificados-vagas-trabalho\/vagas-de-empregos-em-ribeirao-preto-regiao-brasil\/"},"img":{"alt_text":"","src":"https:\/\/i0.wp.com\/noticiasribeiraopreto.com.br\/wp-content\/uploads\/2024\/01\/maca.jpg?fit=1200%2C800&ssl=1&resize=350%2C200","width":350,"height":200,"srcset":"https:\/\/i0.wp.com\/noticiasribeiraopreto.com.br\/wp-content\/uploads\/2024\/01\/maca.jpg?fit=1200%2C800&ssl=1&resize=350%2C200 1x, https:\/\/i0.wp.com\/noticiasribeiraopreto.com.br\/wp-content\/uploads\/2024\/01\/maca.jpg?fit=1200%2C800&ssl=1&resize=525%2C300 1.5x, https:\/\/i0.wp.com\/noticiasribeiraopreto.com.br\/wp-content\/uploads\/2024\/01\/maca.jpg?fit=1200%2C800&ssl=1&resize=700%2C400 2x, https:\/\/i0.wp.com\/noticiasribeiraopreto.com.br\/wp-content\/uploads\/2024\/01\/maca.jpg?fit=1200%2C800&ssl=1&resize=1050%2C600 3x"},"classes":[]},{"id":4172,"url":"https:\/\/noticiasribeiraopreto.com.br\/index.php\/2023\/11\/21\/3-suplementos-que-podem-ajudar-a-reduzir-a-pressao-alta\/","url_meta":{"origin":16691,"position":3},"title":"3 suplementos que podem ajudar a reduzir a press\u00e3o alta","author":"noticiasribeiraopreto.com.br","date":"21 de November de 2023","format":false,"excerpt":"Cr\u00e9ditos: danleap\/istockSuplementos ajudam a regurar hipertens\u00e3o A hipertens\u00e3o arterial, conhecida como press\u00e3o alta, \u00e9 uma condi\u00e7\u00e3o s\u00e9ria que afeta milh\u00f5es de pessoas em todo o mundo, incluindo o Brasil. Quando n\u00e3o controlada, a press\u00e3o alta pode levar a complica\u00e7\u00f5es graves, como acidente vascular cerebral, insufici\u00eancia card\u00edaca e doen\u00e7a renal. Enquanto\u2026","rel":"","context":"In &quot;Variedades&quot;","block_context":{"text":"Variedades","link":"https:\/\/noticiasribeiraopreto.com.br\/index.php\/category\/variedades\/"},"img":{"alt_text":"","src":"https:\/\/i0.wp.com\/noticiasribeiraopreto.com.br\/wp-content\/uploads\/2023\/11\/istock-1484152323-2.jpg?fit=1200%2C638&ssl=1&resize=350%2C200","width":350,"height":200,"srcset":"https:\/\/i0.wp.com\/noticiasribeiraopreto.com.br\/wp-content\/uploads\/2023\/11\/istock-1484152323-2.jpg?fit=1200%2C638&ssl=1&resize=350%2C200 1x, https:\/\/i0.wp.com\/noticiasribeiraopreto.com.br\/wp-content\/uploads\/2023\/11\/istock-1484152323-2.jpg?fit=1200%2C638&ssl=1&resize=525%2C300 1.5x, https:\/\/i0.wp.com\/noticiasribeiraopreto.com.br\/wp-content\/uploads\/2023\/11\/istock-1484152323-2.jpg?fit=1200%2C638&ssl=1&resize=700%2C400 2x, https:\/\/i0.wp.com\/noticiasribeiraopreto.com.br\/wp-content\/uploads\/2023\/11\/istock-1484152323-2.jpg?fit=1200%2C638&ssl=1&resize=1050%2C600 3x"},"classes":[]},{"id":67354,"url":"https:\/\/noticiasribeiraopreto.com.br\/index.php\/2025\/04\/13\/jornal-da-franca-aprenda-a-controlar-sua-pressao-alta-ou-baixa-de-forma-natural-com-alimentos\/","url_meta":{"origin":16691,"position":4},"title":"Jornal da Franca &#8211; Aprenda a controlar sua press\u00e3o, alta ou baixa, de forma natural, com alimentos","author":"noticiasribeiraopreto.com.br","date":"13 de April de 2025","format":false,"excerpt":"compartilhar no whatsapp compartilhar no telegram compartilhar no facebook compartilhar no linkedin A base para o controle, e para uma vida saud\u00e1vel, est\u00e1 principalmente na qualidade do que as pessoas comem Mat\u00e9ria muito interessante veiculada pelo site WWW.tuasaude.com.br fala sobre como \u00e9 poss\u00edvel controlar a press\u00e3o, seja alta ou baixa,\u2026","rel":"","context":"In &quot;Not\u00edcias de Franca-SP&quot;","block_context":{"text":"Not\u00edcias de Franca-SP","link":"https:\/\/noticiasribeiraopreto.com.br\/index.php\/category\/noticias-de-ribeirao-preto-sp-e-regiao-ismael-colosi\/noticias-franca-sp\/"},"img":{"alt_text":"","src":"https:\/\/i0.wp.com\/noticiasribeiraopreto.com.br\/wp-content\/uploads\/2025\/04\/IMG_20220707_113626.jpg?fit=1080%2C687&ssl=1&resize=350%2C200","width":350,"height":200,"srcset":"https:\/\/i0.wp.com\/noticiasribeiraopreto.com.br\/wp-content\/uploads\/2025\/04\/IMG_20220707_113626.jpg?fit=1080%2C687&ssl=1&resize=350%2C200 1x, https:\/\/i0.wp.com\/noticiasribeiraopreto.com.br\/wp-content\/uploads\/2025\/04\/IMG_20220707_113626.jpg?fit=1080%2C687&ssl=1&resize=525%2C300 1.5x, https:\/\/i0.wp.com\/noticiasribeiraopreto.com.br\/wp-content\/uploads\/2025\/04\/IMG_20220707_113626.jpg?fit=1080%2C687&ssl=1&resize=700%2C400 2x, https:\/\/i0.wp.com\/noticiasribeiraopreto.com.br\/wp-content\/uploads\/2025\/04\/IMG_20220707_113626.jpg?fit=1080%2C687&ssl=1&resize=1050%2C600 3x"},"classes":[]},{"id":69881,"url":"https:\/\/noticiasribeiraopreto.com.br\/index.php\/2025\/05\/10\/jornal-da-franca-energetico-faz-mal-a-saude-entenda-os-efeitos-da-bebida-no-seu-organismo\/","url_meta":{"origin":16691,"position":5},"title":"Jornal da Franca &#8211; Energ\u00e9tico faz mal \u00e0 sa\u00fade? Entenda os efeitos da bebida no seu organismo","author":"noticiasribeiraopreto.com.br","date":"10 de May de 2025","format":false,"excerpt":"compartilhar no whatsapp compartilhar no telegram compartilhar no facebook compartilhar no linkedin Especialista explica de que formas o energ\u00e9tico faz mal \u00e0 sa\u00fade, se consumido em excesso; entenda os principais riscos Consumo de energ\u00e9ticos requer cuidado \u2013 foto Arquivo \u00a0 Por todo o Brasil, muitas pessoas amam as chamadas bebidas\u2026","rel":"","context":"In &quot;Not\u00edcias de Franca-SP&quot;","block_context":{"text":"Not\u00edcias de Franca-SP","link":"https:\/\/noticiasribeiraopreto.com.br\/index.php\/category\/noticias-de-ribeirao-preto-sp-e-regiao-ismael-colosi\/noticias-franca-sp\/"},"img":{"alt_text":"","src":"https:\/\/i0.wp.com\/noticiasribeiraopreto.com.br\/wp-content\/uploads\/2025\/05\/energetico-shutterstock.jpg?fit=1200%2C675&ssl=1&resize=350%2C200","width":350,"height":200,"srcset":"https:\/\/i0.wp.com\/noticiasribeiraopreto.com.br\/wp-content\/uploads\/2025\/05\/energetico-shutterstock.jpg?fit=1200%2C675&ssl=1&resize=350%2C200 1x, https:\/\/i0.wp.com\/noticiasribeiraopreto.com.br\/wp-content\/uploads\/2025\/05\/energetico-shutterstock.jpg?fit=1200%2C675&ssl=1&resize=525%2C300 1.5x, https:\/\/i0.wp.com\/noticiasribeiraopreto.com.br\/wp-content\/uploads\/2025\/05\/energetico-shutterstock.jpg?fit=1200%2C675&ssl=1&resize=700%2C400 2x, https:\/\/i0.wp.com\/noticiasribeiraopreto.com.br\/wp-content\/uploads\/2025\/05\/energetico-shutterstock.jpg?fit=1200%2C675&ssl=1&resize=1050%2C600 3x"},"classes":[]}],"jetpack_sharing_enabled":true,"jetpack_shortlink":"https:\/\/wp.me\/peQAOb-4ld","_links":{"self":[{"href":"https:\/\/noticiasribeiraopreto.com.br\/index.php\/wp-json\/wp\/v2\/posts\/16691","targetHints":{"allow":["GET"]}}],"collection":[{"href":"https:\/\/noticiasribeiraopreto.com.br\/index.php\/wp-json\/wp\/v2\/posts"}],"about":[{"href":"https:\/\/noticiasribeiraopreto.com.br\/index.php\/wp-json\/wp\/v2\/types\/post"}],"author":[{"embeddable":true,"href":"https:\/\/noticiasribeiraopreto.com.br\/index.php\/wp-json\/wp\/v2\/users\/1"}],"replies":[{"embeddable":true,"href":"https:\/\/noticiasribeiraopreto.com.br\/index.php\/wp-json\/wp\/v2\/comments?post=16691"}],"version-history":[{"count":0,"href":"https:\/\/noticiasribeiraopreto.com.br\/index.php\/wp-json\/wp\/v2\/posts\/16691\/revisions"}],"wp:featuredmedia":[{"embeddable":true,"href":"https:\/\/noticiasribeiraopreto.com.br\/index.php\/wp-json\/wp\/v2\/media\/16692"}],"wp:attachment":[{"href":"https:\/\/noticiasribeiraopreto.com.br\/index.php\/wp-json\/wp\/v2\/media?parent=16691"}],"wp:term":[{"taxonomy":"category","embeddable":true,"href":"https:\/\/noticiasribeiraopreto.com.br\/index.php\/wp-json\/wp\/v2\/categories?post=16691"},{"taxonomy":"post_tag","embeddable":true,"href":"https:\/\/noticiasribeiraopreto.com.br\/index.php\/wp-json\/wp\/v2\/tags?post=16691"}],"curies":[{"name":"wp","href":"https:\/\/api.w.org\/{rel}","templated":true}]}}