{"id":16695,"date":"2023-12-16T06:13:21","date_gmt":"2023-12-16T09:13:21","guid":{"rendered":"https:\/\/noticiasribeiraopreto.com.br\/index.php\/2023\/12\/16\/conselho-regional-de-quimica-da-12a-regiao-abre-concurso-com-325-vagas\/"},"modified":"2023-12-16T06:13:21","modified_gmt":"2023-12-16T09:13:21","slug":"conselho-regional-de-quimica-da-12a-regiao-abre-concurso-com-325-vagas","status":"publish","type":"post","link":"https:\/\/noticiasribeiraopreto.com.br\/index.php\/2023\/12\/16\/conselho-regional-de-quimica-da-12a-regiao-abre-concurso-com-325-vagas\/","title":{"rendered":"Conselho Regional de Qu\u00edmica da 12\u00aa Regi\u00e3o abre concurso com 325 vagas"},"content":{"rendered":"<div class='code-block code-block-1' style='margin: 8px 0 8px auto; text-align: right; display: block; clear: both;'>\n<p><a href=\"https:\/\/wa.link\/vpicfd\"><img data-recalc-dims=\"1\" class=\"wp-image-4922\" style=\"aspect-ratio: 2.0253164556962027; width: 561px; height: auto;\" src=\"https:\/\/i0.wp.com\/ismaelcolosi.com.br\/wp-content\/uploads\/2023\/11\/grupo-de-empregos-whatsapp-e-facebook-ismael-colosi-vagas.jpg?ssl=1\" alt=\"\" \/><\/a><\/p>\n<!-- \/wp:image -->\n<\/div>\n<p> <br \/>\n<\/p>\n<div>\n<div id=\"attachment_2327338\" class=\"wp-caption alignnone\">\n<div class=\"d-flex justify-content-center\" data-attachment-id=\"2327338\">\n<div class=\"position-relative d-inline-block\"><img data-recalc-dims=\"1\" data-portal-copyright=\"IStock\" fetchpriority=\"high\" decoding=\"async\" class=\"size-medium wp-image-2327338\" src=\"https:\/\/i0.wp.com\/catracalivre.com.br\/wp-content\/uploads\/2023\/12\/istock-478002684-450x300.jpg?resize=450%2C300&#038;ssl=1\" alt=\"Concurso P\u00fablico Conselho Regional de Qu\u00edmica\" width=\"450\" height=\"300\" srcset=\"https:\/\/catracalivre.com.br\/wp-content\/uploads\/2023\/12\/istock-478002684-450x300.jpg 450w, https:\/\/catracalivre.com.br\/wp-content\/uploads\/2023\/12\/istock-478002684-910x607.jpg 910w, https:\/\/catracalivre.com.br\/wp-content\/uploads\/2023\/12\/istock-478002684-768x513.jpg 768w, https:\/\/catracalivre.com.br\/wp-content\/uploads\/2023\/12\/istock-478002684.jpg 1254w\" sizes=\"(max-width: 450px) 100vw, 450px\"\/><\/p>\n<p>Cr\u00e9ditos: IStock<\/p>\n<\/div>\n<\/div>\n<p><span class=\"post-imagem__legenda\">Concurso P\u00fablico Conselho Regional de Qu\u00edmica<\/span><\/p>\n<\/div>\n<p>O Conselho Regional de Qu\u00edmica da 12\u00aa Regi\u00e3o, respons\u00e1vel pela gest\u00e3o nos estados de Goi\u00e1s, Tocantins e Distrito Federal, lan\u00e7a edital n\u00ba 1\/2023 para preenchimento de seu quadro de pessoal atrav\u00e9s de <a href=\"https:\/\/catracalivre.com.br\/educacao\/9-canais-no-youtube-focados-em-aulas-para-concursos-publicos\/\">concurso<\/a> p\u00fablico. Com um total de 325 vagas, entre imediatas e cadastros de reserva, o concurso promete oportunidades em diferentes \u00e1reas.<\/p>\n<p>Vagas e Remunera\u00e7\u00f5es<\/p>\n<p>As <a href=\"https:\/\/catracalivre.com.br\/carreira\/41-concursos-publicos-com-salarios-de-ate-r-23-mil\/\">oportunidades<\/a> contemplam cargos de n\u00edveis m\u00e9dio e superior. Para os cargos de T\u00e9cnico Administrativo e T\u00e9cnico Administrativo (Mensageiro), de n\u00edvel m\u00e9dio, a remunera\u00e7\u00e3o oferecida \u00e9 de R$ 2.039,47.<\/p>\n<p>J\u00e1 para os candidatos com forma\u00e7\u00e3o superior, as op\u00e7\u00f5es s\u00e3o: Agente Fiscal, Analista Administrativo, Analista de Tecnologia da Informa\u00e7\u00e3o e Analista de Compras e Contratos. A remunera\u00e7\u00e3o varia entre R$ 3.010,38 (Analista de TI, Analista de Compras e Analista Administrativo) e R$ 6.039,38 (Agente Fiscal).<\/p>\n<p>Inscri\u00e7\u00f5es e Contato<\/p>\n<p>Os interessados t\u00eam at\u00e9 as 23h do dia 8 de janeiro de 2024 para realizar suas inscri\u00e7\u00f5es, exclusivamente pelo site oficial. A taxa de inscri\u00e7\u00e3o \u00e9 de R$ 58,00 para cargos de n\u00edvel m\u00e9dio e R$ 61,00 para cargos de n\u00edvel superior.<\/p>\n<p>D\u00favidas e solicita\u00e7\u00e3o de informa\u00e7\u00f5es adicionais podem ser esclarecidas por meio do e-mail: contato@quadrix.org.br ou pelo telefone 0800 878 0700. Essa \u00e9 a oportunidade para ingressar em um \u00f3rg\u00e3o de relev\u00e2ncia na \u00e1rea qu\u00edmica.<\/p>\n<div class=\"partner d-flex rounded shadow-sm p-2 mb-3 align-items-center\" id=\"partner\" data-print=\"ignore\">\n<div class=\"image mr-2\">\n<img data-recalc-dims=\"1\" src=\"https:\/\/i0.wp.com\/robohash.org\/b730afd4cf5c5d237c7f93163ed023b6.png?resize=110%2C110&#038;ssl=1\" width=\"110\" height=\"110\" title=\"Thatyana Costa\" loading=\"lazy\" decoding=\"async\" class=\"rounded-circle\"\/>\n<\/div>\n<\/div>\n<\/div>\n<p><script>\n\t\t! function(f, b, e, v, n, t, s) {\n\t\t\tif (f.fbq) return;\n\t\t\tn = f.fbq = function() {\n\t\t\t\tn.callMethod ?\n\t\t\t\t\tn.callMethod.apply(n, arguments) : n.queue.push(arguments)\n\t\t\t};\n\t\t\tif (!f._fbq) f._fbq = n;\n\t\t\tn.push = n;\n\t\t\tn.loaded = !0;\n\t\t\tn.version = '2.0';\n\t\t\tn.queue = [];\n\t\t\tt = b.createElement(e);\n\t\t\tt.async = !0;\n\t\t\tt.src = v;\n\t\t\ts = b.getElementsByTagName(e)[0];\n\t\t\ts.parentNode.insertBefore(t, s)\n\t\t}(window, document, 'script',\n\t\t\t'https:\/\/connect.facebook.net\/en_US\/fbevents.js');\n\t\tfbq('init', '338315473262380');\n\t\tfbq('track', 'PageView');\n\t<\/script><br \/>\n<br \/><br \/>\n<br \/><a href=\"https:\/\/catracalivre.com.br\/educacao\/conselho-regional-de-quimica-da-12a-regiao-abre-concurso-com-325-vagas\/\">Source link <\/a><\/p>\n<!-- CONTENT END 1 -->\n","protected":false},"excerpt":{"rendered":"<p>Cr\u00e9ditos: IStock Concurso P\u00fablico Conselho Regional de Qu\u00edmica O Conselho Regional de Qu\u00edmica da 12\u00aa Regi\u00e3o, respons\u00e1vel pela gest\u00e3o nos estados de Goi\u00e1s, Tocantins e&#8230;<\/p>\n","protected":false},"author":1,"featured_media":16696,"comment_status":"open","ping_status":"open","sticky":false,"template":"","format":"standard","meta":{"advanced_seo_description":"","jetpack_seo_html_title":"","jetpack_seo_noindex":false,"jetpack_post_was_ever_published":false,"_jetpack_newsletter_access":"","_jetpack_dont_email_post_to_subs":false,"_jetpack_newsletter_tier_id":0,"_jetpack_memberships_contains_paywalled_content":false,"_jetpack_memberships_contains_paid_content":false,"footnotes":"","jetpack_publicize_message":"","jetpack_publicize_feature_enabled":true,"jetpack_social_post_already_shared":true,"jetpack_social_options":{"image_generator_settings":{"template":"highway","default_image_id":0,"font":"","enabled":false},"version":2}},"categories":[19],"tags":[],"class_list":["post-16695","post","type-post","status-publish","format-standard","has-post-thumbnail","hentry","category-variedades"],"jetpack_publicize_connections":[],"jetpack_featured_media_url":"https:\/\/i0.wp.com\/noticiasribeiraopreto.com.br\/wp-content\/uploads\/2023\/12\/istock-478002684.jpg?fit=1200%2C638&ssl=1","jetpack-related-posts":[{"id":15853,"url":"https:\/\/noticiasribeiraopreto.com.br\/index.php\/2023\/12\/14\/concurso-publico-do-crq-12-oferece-salarios-de-ate-r-6-039-mensais\/","url_meta":{"origin":16695,"position":0},"title":"Concurso p\u00fablico do CRQ 12 oferece sal\u00e1rios de at\u00e9 R$ 6.039 mensais","author":"noticiasribeiraopreto.com.br","date":"14 de December de 2023","format":false,"excerpt":"Cr\u00e9ditos: IStockConcurso p\u00fablico do CRQ 12 O Conselho Regional de Qu\u00edmica da 12\u00aa Regi\u00e3o, com atua\u00e7\u00e3o nos estados de Goi\u00e1s e Tocantins, e Distrito Federal, anuncia edital de n\u00ba 1\/2023 para concurso p\u00fablico, para reposi\u00e7\u00e3o do seu quadro. O concurso tem um total de 325 vagas, entre imediatas e cadastros\u2026","rel":"","context":"In &quot;Variedades&quot;","block_context":{"text":"Variedades","link":"https:\/\/noticiasribeiraopreto.com.br\/index.php\/category\/variedades\/"},"img":{"alt_text":"","src":"https:\/\/i0.wp.com\/noticiasribeiraopreto.com.br\/wp-content\/uploads\/2023\/12\/istock-822557072.jpg?fit=1200%2C638&ssl=1&resize=350%2C200","width":350,"height":200,"srcset":"https:\/\/i0.wp.com\/noticiasribeiraopreto.com.br\/wp-content\/uploads\/2023\/12\/istock-822557072.jpg?fit=1200%2C638&ssl=1&resize=350%2C200 1x, https:\/\/i0.wp.com\/noticiasribeiraopreto.com.br\/wp-content\/uploads\/2023\/12\/istock-822557072.jpg?fit=1200%2C638&ssl=1&resize=525%2C300 1.5x, https:\/\/i0.wp.com\/noticiasribeiraopreto.com.br\/wp-content\/uploads\/2023\/12\/istock-822557072.jpg?fit=1200%2C638&ssl=1&resize=700%2C400 2x, https:\/\/i0.wp.com\/noticiasribeiraopreto.com.br\/wp-content\/uploads\/2023\/12\/istock-822557072.jpg?fit=1200%2C638&ssl=1&resize=1050%2C600 3x"},"classes":[]},{"id":59190,"url":"https:\/\/noticiasribeiraopreto.com.br\/index.php\/2024\/10\/17\/morre-2a-vitima-de-explosao-em-industria-quimica-de-sertaozinho\/","url_meta":{"origin":16695,"position":1},"title":"Morre 2\u00aa v\u00edtima de explos\u00e3o em ind\u00fastria qu\u00edmica de Sert\u00e3ozinho","author":"noticiasribeiraopreto.com.br","date":"17 de October de 2024","format":false,"excerpt":"Morreu na madrugada desta quinta-feira (17) a segunda v\u00edtima da explos\u00e3o em ind\u00fastria qu\u00edmica de\u00a0Sert\u00e3ozinho, na regi\u00e3o de Ribeir\u00e3o Preto. Segundo informa\u00e7\u00f5es, Aparecido Ol\u00edmpio Bernardino, de 67 anos, estava internado no Hospital das Cl\u00ednicas \u2013 Unidade de Emerg\u00eancia (HC-UE). *Not\u00edcia em atualiza\u00e7\u00e3o Source link","rel":"","context":"In &quot;Not\u00edcias de Ribeir\u00e3o Preto-SP e Regi\u00e3o&quot;","block_context":{"text":"Not\u00edcias de Ribeir\u00e3o Preto-SP e Regi\u00e3o","link":"https:\/\/noticiasribeiraopreto.com.br\/index.php\/category\/noticias-de-ribeirao-preto-sp-e-regiao-ismael-colosi\/"},"img":{"alt_text":"","src":"https:\/\/i0.wp.com\/noticiasribeiraopreto.com.br\/wp-content\/uploads\/2024\/10\/Sem-titulo_2024-10-11_17-37-36_png_2024-10-11_17-37-37.webp.webp?fit=1200%2C678&ssl=1&resize=350%2C200","width":350,"height":200,"srcset":"https:\/\/i0.wp.com\/noticiasribeiraopreto.com.br\/wp-content\/uploads\/2024\/10\/Sem-titulo_2024-10-11_17-37-36_png_2024-10-11_17-37-37.webp.webp?fit=1200%2C678&ssl=1&resize=350%2C200 1x, https:\/\/i0.wp.com\/noticiasribeiraopreto.com.br\/wp-content\/uploads\/2024\/10\/Sem-titulo_2024-10-11_17-37-36_png_2024-10-11_17-37-37.webp.webp?fit=1200%2C678&ssl=1&resize=525%2C300 1.5x, https:\/\/i0.wp.com\/noticiasribeiraopreto.com.br\/wp-content\/uploads\/2024\/10\/Sem-titulo_2024-10-11_17-37-36_png_2024-10-11_17-37-37.webp.webp?fit=1200%2C678&ssl=1&resize=700%2C400 2x, https:\/\/i0.wp.com\/noticiasribeiraopreto.com.br\/wp-content\/uploads\/2024\/10\/Sem-titulo_2024-10-11_17-37-36_png_2024-10-11_17-37-37.webp.webp?fit=1200%2C678&ssl=1&resize=1050%2C600 3x"},"classes":[]},{"id":13490,"url":"https:\/\/noticiasribeiraopreto.com.br\/index.php\/2023\/12\/10\/conselho-regional-de-educacao-fisica-inaugura-seccional-em-ribeirao-preto\/","url_meta":{"origin":16695,"position":2},"title":"Conselho Regional de Educa\u00e7\u00e3o F\u00edsica inaugura seccional em Ribeir\u00e3o Preto \u2013 Folha de Ribeir\u00e3o","author":"noticiasribeiraopreto.com.br","date":"10 de December de 2023","format":false,"excerpt":"O Conselho Regional de Educa\u00e7\u00e3o F\u00edsica da 4\u00aa Regi\u00e3o do Estado de S\u00e3o Paulo (CREF4 \/ SP) inaugurou na manh\u00e3 deste s\u00e1bado, dia 9 de dezembro, a seccional de Ribeir\u00e3o Preto, localizada na avenida Independ\u00eancia, pr\u00f3ximo \u00e0 pra\u00e7a Salvador Spadoni. Agora, como forma de homenagem, o pr\u00e9dio da seccional passa\u2026","rel":"","context":"In &quot;Not\u00edcias de Ribeir\u00e3o Preto-SP e Regi\u00e3o&quot;","block_context":{"text":"Not\u00edcias de Ribeir\u00e3o Preto-SP e Regi\u00e3o","link":"https:\/\/noticiasribeiraopreto.com.br\/index.php\/category\/noticias-de-ribeirao-preto-sp-e-regiao-ismael-colosi\/"},"img":{"alt_text":"","src":"https:\/\/i0.wp.com\/noticiasribeiraopreto.com.br\/wp-content\/uploads\/2023\/12\/inauguracao_cref4_-_foto_guilherme_sircili-3.jpg?fit=1200%2C800&ssl=1&resize=350%2C200","width":350,"height":200,"srcset":"https:\/\/i0.wp.com\/noticiasribeiraopreto.com.br\/wp-content\/uploads\/2023\/12\/inauguracao_cref4_-_foto_guilherme_sircili-3.jpg?fit=1200%2C800&ssl=1&resize=350%2C200 1x, https:\/\/i0.wp.com\/noticiasribeiraopreto.com.br\/wp-content\/uploads\/2023\/12\/inauguracao_cref4_-_foto_guilherme_sircili-3.jpg?fit=1200%2C800&ssl=1&resize=525%2C300 1.5x, https:\/\/i0.wp.com\/noticiasribeiraopreto.com.br\/wp-content\/uploads\/2023\/12\/inauguracao_cref4_-_foto_guilherme_sircili-3.jpg?fit=1200%2C800&ssl=1&resize=700%2C400 2x, https:\/\/i0.wp.com\/noticiasribeiraopreto.com.br\/wp-content\/uploads\/2023\/12\/inauguracao_cref4_-_foto_guilherme_sircili-3.jpg?fit=1200%2C800&ssl=1&resize=1050%2C600 3x"},"classes":[]},{"id":59316,"url":"https:\/\/noticiasribeiraopreto.com.br\/index.php\/2024\/10\/21\/cetesb-aplica-multa-milionaria-em-industria-quimica-de-sertaozinho\/","url_meta":{"origin":16695,"position":3},"title":"Cetesb aplica multa milion\u00e1ria em ind\u00fastria qu\u00edmica de Sert\u00e3ozinho","author":"noticiasribeiraopreto.com.br","date":"21 de October de 2024","format":false,"excerpt":"A Cetesb (Companhia Ambiental do Estado de S\u00e3o Paulo) aplicou uma multa no valor de R$ 16,75 milh\u00f5es \u00e0 ind\u00fastria qu\u00edmica de Sert\u00e3ozinho, na regi\u00e3o de Ribeir\u00e3o Preto, por danos ambientais causados pela explos\u00e3o ocorrida no \u00faltimo dia 18 de agosto. Tr\u00eas pessoas morream. Segundo o \u00f3rg\u00e3o, foram considerados como\u2026","rel":"","context":"In &quot;Not\u00edcias de Ribeir\u00e3o Preto-SP e Regi\u00e3o&quot;","block_context":{"text":"Not\u00edcias de Ribeir\u00e3o Preto-SP e Regi\u00e3o","link":"https:\/\/noticiasribeiraopreto.com.br\/index.php\/category\/noticias-de-ribeirao-preto-sp-e-regiao-ismael-colosi\/"},"img":{"alt_text":"","src":"https:\/\/i0.wp.com\/noticiasribeiraopreto.com.br\/wp-content\/uploads\/2024\/10\/Sem-titulo_2024-10-11_17-37-36_png_2024-10-11_17-37-37.webp.webp?fit=1200%2C678&ssl=1&resize=350%2C200","width":350,"height":200,"srcset":"https:\/\/i0.wp.com\/noticiasribeiraopreto.com.br\/wp-content\/uploads\/2024\/10\/Sem-titulo_2024-10-11_17-37-36_png_2024-10-11_17-37-37.webp.webp?fit=1200%2C678&ssl=1&resize=350%2C200 1x, https:\/\/i0.wp.com\/noticiasribeiraopreto.com.br\/wp-content\/uploads\/2024\/10\/Sem-titulo_2024-10-11_17-37-36_png_2024-10-11_17-37-37.webp.webp?fit=1200%2C678&ssl=1&resize=525%2C300 1.5x, https:\/\/i0.wp.com\/noticiasribeiraopreto.com.br\/wp-content\/uploads\/2024\/10\/Sem-titulo_2024-10-11_17-37-36_png_2024-10-11_17-37-37.webp.webp?fit=1200%2C678&ssl=1&resize=700%2C400 2x, https:\/\/i0.wp.com\/noticiasribeiraopreto.com.br\/wp-content\/uploads\/2024\/10\/Sem-titulo_2024-10-11_17-37-36_png_2024-10-11_17-37-37.webp.webp?fit=1200%2C678&ssl=1&resize=1050%2C600 3x"},"classes":[]},{"id":38793,"url":"https:\/\/noticiasribeiraopreto.com.br\/index.php\/2024\/02\/21\/conppac-prorroga-ate-dia-25-as-inscricoes-para-eleicao-do-conselho\/","url_meta":{"origin":16695,"position":4},"title":"Conppac prorroga at\u00e9 dia 25 as inscri\u00e7\u00f5es para elei\u00e7\u00e3o do Conselho","author":"noticiasribeiraopreto.com.br","date":"21 de February de 2024","format":false,"excerpt":"21 de fevereiro de 2024 | 16:3021 de fevereiro de 2024 | 11:18 0O Conselho Municipal de Preserva\u00e7\u00e3o do Patrim\u00f4nio Cultural (Conppac) de Ribeir\u00e3o Preto prorrogou para este domingo, 25 de fevereiro, as inscri\u00e7\u00f5es de representantes da sociedade civil organizada que participa\u00e7\u00e3o de elei\u00e7\u00e3o para definir a composi\u00e7\u00e3o do colegiado\u2026","rel":"","context":"In &quot;Not\u00edcias de Ribeir\u00e3o Preto-SP e Regi\u00e3o&quot;","block_context":{"text":"Not\u00edcias de Ribeir\u00e3o Preto-SP e Regi\u00e3o","link":"https:\/\/noticiasribeiraopreto.com.br\/index.php\/category\/noticias-de-ribeirao-preto-sp-e-regiao-ismael-colosi\/"},"img":{"alt_text":"","src":"https:\/\/i0.wp.com\/noticiasribeiraopreto.com.br\/wp-content\/uploads\/2024\/02\/Conppac-Max-Gallao-Mesquita-scaled.jpg?fit=946%2C645&ssl=1&resize=350%2C200","width":350,"height":200,"srcset":"https:\/\/i0.wp.com\/noticiasribeiraopreto.com.br\/wp-content\/uploads\/2024\/02\/Conppac-Max-Gallao-Mesquita-scaled.jpg?fit=946%2C645&ssl=1&resize=350%2C200 1x, https:\/\/i0.wp.com\/noticiasribeiraopreto.com.br\/wp-content\/uploads\/2024\/02\/Conppac-Max-Gallao-Mesquita-scaled.jpg?fit=946%2C645&ssl=1&resize=525%2C300 1.5x, https:\/\/i0.wp.com\/noticiasribeiraopreto.com.br\/wp-content\/uploads\/2024\/02\/Conppac-Max-Gallao-Mesquita-scaled.jpg?fit=946%2C645&ssl=1&resize=700%2C400 2x"},"classes":[]},{"id":59300,"url":"https:\/\/noticiasribeiraopreto.com.br\/index.php\/2024\/10\/20\/morre-3a-vitima-de-explosao-em-industria-quimica-de-sertaozinho\/","url_meta":{"origin":16695,"position":5},"title":"Morre 3\u00aa v\u00edtima de explos\u00e3o em ind\u00fastria qu\u00edmica de Sert\u00e3ozinho","author":"noticiasribeiraopreto.com.br","date":"20 de October de 2024","format":false,"excerpt":"Morreu na manh\u00e3 deste domingo (20) a terceira v\u00edtima da explos\u00e3o em ind\u00fastria qu\u00edmica de Sert\u00e3ozinho, na regi\u00e3o de Ribeir\u00e3o Preto. A fam\u00edlia e a empresa Innove Qu\u00edmica confirmaram o falecimento de Gabriel Augusto da Silva, 24 anos. Ele estava internado em um hospital particular de Ribeir\u00e3o. A fam\u00edlia informou\u2026","rel":"","context":"In &quot;Not\u00edcias de Ribeir\u00e3o Preto-SP e Regi\u00e3o&quot;","block_context":{"text":"Not\u00edcias de Ribeir\u00e3o Preto-SP e Regi\u00e3o","link":"https:\/\/noticiasribeiraopreto.com.br\/index.php\/category\/noticias-de-ribeirao-preto-sp-e-regiao-ismael-colosi\/"},"img":{"alt_text":"","src":"https:\/\/i0.wp.com\/noticiasribeiraopreto.com.br\/wp-content\/uploads\/2024\/10\/WhatsApp-Image-2024-10-11-at-15.37.58_2024-10-11_18-45-56_jpeg_2024-10-11_18-45-57-scaled.webp.webp?fit=1200%2C900&ssl=1&resize=350%2C200","width":350,"height":200,"srcset":"https:\/\/i0.wp.com\/noticiasribeiraopreto.com.br\/wp-content\/uploads\/2024\/10\/WhatsApp-Image-2024-10-11-at-15.37.58_2024-10-11_18-45-56_jpeg_2024-10-11_18-45-57-scaled.webp.webp?fit=1200%2C900&ssl=1&resize=350%2C200 1x, https:\/\/i0.wp.com\/noticiasribeiraopreto.com.br\/wp-content\/uploads\/2024\/10\/WhatsApp-Image-2024-10-11-at-15.37.58_2024-10-11_18-45-56_jpeg_2024-10-11_18-45-57-scaled.webp.webp?fit=1200%2C900&ssl=1&resize=525%2C300 1.5x, https:\/\/i0.wp.com\/noticiasribeiraopreto.com.br\/wp-content\/uploads\/2024\/10\/WhatsApp-Image-2024-10-11-at-15.37.58_2024-10-11_18-45-56_jpeg_2024-10-11_18-45-57-scaled.webp.webp?fit=1200%2C900&ssl=1&resize=700%2C400 2x, https:\/\/i0.wp.com\/noticiasribeiraopreto.com.br\/wp-content\/uploads\/2024\/10\/WhatsApp-Image-2024-10-11-at-15.37.58_2024-10-11_18-45-56_jpeg_2024-10-11_18-45-57-scaled.webp.webp?fit=1200%2C900&ssl=1&resize=1050%2C600 3x"},"classes":[]}],"jetpack_sharing_enabled":true,"jetpack_shortlink":"https:\/\/wp.me\/peQAOb-4lh","_links":{"self":[{"href":"https:\/\/noticiasribeiraopreto.com.br\/index.php\/wp-json\/wp\/v2\/posts\/16695","targetHints":{"allow":["GET"]}}],"collection":[{"href":"https:\/\/noticiasribeiraopreto.com.br\/index.php\/wp-json\/wp\/v2\/posts"}],"about":[{"href":"https:\/\/noticiasribeiraopreto.com.br\/index.php\/wp-json\/wp\/v2\/types\/post"}],"author":[{"embeddable":true,"href":"https:\/\/noticiasribeiraopreto.com.br\/index.php\/wp-json\/wp\/v2\/users\/1"}],"replies":[{"embeddable":true,"href":"https:\/\/noticiasribeiraopreto.com.br\/index.php\/wp-json\/wp\/v2\/comments?post=16695"}],"version-history":[{"count":0,"href":"https:\/\/noticiasribeiraopreto.com.br\/index.php\/wp-json\/wp\/v2\/posts\/16695\/revisions"}],"wp:featuredmedia":[{"embeddable":true,"href":"https:\/\/noticiasribeiraopreto.com.br\/index.php\/wp-json\/wp\/v2\/media\/16696"}],"wp:attachment":[{"href":"https:\/\/noticiasribeiraopreto.com.br\/index.php\/wp-json\/wp\/v2\/media?parent=16695"}],"wp:term":[{"taxonomy":"category","embeddable":true,"href":"https:\/\/noticiasribeiraopreto.com.br\/index.php\/wp-json\/wp\/v2\/categories?post=16695"},{"taxonomy":"post_tag","embeddable":true,"href":"https:\/\/noticiasribeiraopreto.com.br\/index.php\/wp-json\/wp\/v2\/tags?post=16695"}],"curies":[{"name":"wp","href":"https:\/\/api.w.org\/{rel}","templated":true}]}}