{"id":16697,"date":"2023-12-16T06:17:43","date_gmt":"2023-12-16T09:17:43","guid":{"rendered":"https:\/\/noticiasribeiraopreto.com.br\/index.php\/2023\/12\/16\/12-documentos-para-comprovar-a-sua-uniao-estavel-em-2024-meu-valor-digital\/"},"modified":"2023-12-16T06:17:43","modified_gmt":"2023-12-16T09:17:43","slug":"12-documentos-para-comprovar-a-sua-uniao-estavel-em-2024-meu-valor-digital","status":"publish","type":"post","link":"https:\/\/noticiasribeiraopreto.com.br\/index.php\/2023\/12\/16\/12-documentos-para-comprovar-a-sua-uniao-estavel-em-2024-meu-valor-digital\/","title":{"rendered":"12 documentos para comprovar a sua uni\u00e3o est\u00e1vel em 2024 &#8211; Meu Valor Digital"},"content":{"rendered":"<div class='code-block code-block-1' style='margin: 8px 0 8px auto; text-align: right; display: block; clear: both;'>\n<p><a href=\"https:\/\/wa.link\/vpicfd\"><img data-recalc-dims=\"1\" class=\"wp-image-4922\" style=\"aspect-ratio: 2.0253164556962027; width: 561px; height: auto;\" src=\"https:\/\/i0.wp.com\/ismaelcolosi.com.br\/wp-content\/uploads\/2023\/11\/grupo-de-empregos-whatsapp-e-facebook-ismael-colosi-vagas.jpg?ssl=1\" alt=\"\" \/><\/a><\/p>\n<!-- \/wp:image -->\n<\/div>\n<p> <br \/>\n<\/p>\n<div>\n<p>A uni\u00e3o est\u00e1vel \u00e9 uma forma de constitui\u00e7\u00e3o familiar reconhecida legalmente, que surge a partir da conviv\u00eancia cont\u00ednua, p\u00fablica e duradoura entre duas pessoas, estabelecendo um v\u00ednculo afetivo semelhante ao casamento, mas sem a formalidade de uma cerim\u00f4nia ou registro civil. <\/p>\n<p>Este tipo de rela\u00e7\u00e3o \u00e9 caracterizado pelo objetivo de constituir fam\u00edlia, compartilhamento da vida em comum e, geralmente, pela coabita\u00e7\u00e3o.<\/p>\n<p>Historicamente, a uni\u00e3o est\u00e1vel foi progressivamente reconhecida como uma entidade familiar leg\u00edtima, refletindo a evolu\u00e7\u00e3o das din\u00e2micas sociais e familiares. <\/p>\n<p>Em muitos pa\u00edses, incluindo o Brasil, a uni\u00e3o est\u00e1vel oferece muitos dos direitos e deveres presentes no casamento, como partilha de bens, direito a pens\u00e3o, e reconhecimento de direitos sucess\u00f3rios.<\/p>\n<p>A formaliza\u00e7\u00e3o da uni\u00e3o est\u00e1vel pode ser realizada de maneira extrajudicial, por meio de um contrato escrito, ou judicialmente, quando h\u00e1 necessidade de comprova\u00e7\u00e3o legal. <\/p>\n<p>\u00c9 importante salientar que, mesmo sem um contrato formal, a uni\u00e3o est\u00e1vel pode ser reconhecida legalmente atrav\u00e9s da comprova\u00e7\u00e3o de coabita\u00e7\u00e3o e vida em comum. <\/p>\n<p>Esse reconhecimento legal \u00e9 crucial para garantir direitos e benef\u00edcios legais para ambos os parceiros, como em casos de separa\u00e7\u00e3o, heran\u00e7a e benef\u00edcios previdenci\u00e1rios.<\/p>\n<p>Neste contexto, a comprova\u00e7\u00e3o da uni\u00e3o est\u00e1vel atrav\u00e9s de documentos apropriados se torna um aspecto fundamental, especialmente em situa\u00e7\u00f5es onde o reconhecimento legal da rela\u00e7\u00e3o \u00e9 necess\u00e1rio.<\/p>\n<p>A seguir, exploraremos os principais documentos que podem ser utilizados para comprovar uma uni\u00e3o est\u00e1vel em 2024, abordando a import\u00e2ncia de cada um e como eles podem ser efetivamente utilizados para garantir os direitos e reconhecimento dos parceiros nesta uni\u00e3o.<\/p>\n<p><strong>Leia +: <\/strong><a href=\"https:\/\/meuvalordigital.com.br\/5-direitos-do-casal-que-vive-em-uma-uniao-estavel\/\">5 direitos do casal que vive em uma uni\u00e3o est\u00e1vel<\/a><\/p>\n<h2 class=\"wp-block-heading\" id=\"h-documentos-para-comprovacao-do-relacionamento\">Documentos para comprova\u00e7\u00e3o do relacionamento<\/h2>\n<p>A uni\u00e3o est\u00e1vel, reconhecida legalmente como uma forma de constitui\u00e7\u00e3o familiar, pode ser comprovada atrav\u00e9s de uma variedade de documentos, confira:<\/p>\n<p><strong>1. Declara\u00e7\u00e3o de Imposto de Renda:<\/strong> ter o companheiro como dependente na declara\u00e7\u00e3o de Imposto de Renda \u00e9 uma forte evid\u00eancia de uni\u00e3o est\u00e1vel. Este documento \u00e9 legalmente reconhecido e amplamente utilizado em processos judiciais.<\/p>\n<p><strong>2. Disposi\u00e7\u00f5es Testament\u00e1rias:<\/strong> incluir o parceiro em disposi\u00e7\u00f5es testament\u00e1rias n\u00e3o apenas demonstra inten\u00e7\u00e3o de compartilhamento de vida, mas tamb\u00e9m estabelece direitos sucess\u00f3rios.<\/p>\n<p><strong>3. Carteira de Trabalho (CTPS):<\/strong> registrar o parceiro como dependente em benef\u00edcios trabalhistas e previdenci\u00e1rios fortalece a comprova\u00e7\u00e3o da uni\u00e3o.<\/p>\n<p><strong>4. Registro de Empregados: <\/strong>a inclus\u00e3o do parceiro em documentos empresariais, como fichas ou livros de registro de empregados, mostra uma rela\u00e7\u00e3o est\u00e1vel e cont\u00ednua.<\/p>\n<p><strong>5. Certid\u00e3o de Nascimento de Filhos: <\/strong>a exist\u00eancia de filhos comuns \u00e9 uma prova incontest\u00e1vel da uni\u00e3o do casal.<\/p>\n<p><strong>6. Procura\u00e7\u00e3o ou Fian\u00e7a Reciprocamente Outorgada: <\/strong>documentos legais onde os parceiros se apresentam como respons\u00e1veis um pelo outro em situa\u00e7\u00f5es espec\u00edficas.<\/p>\n<p><strong>7. Conta Banc\u00e1ria Conjunta: <\/strong>Uma conta banc\u00e1ria compartilhada indica partilha financeira e confian\u00e7a m\u00fatua.<\/p>\n<p><strong>8. Registro em Associa\u00e7\u00e3o:<\/strong> o reconhecimento de um parceiro como dependente em associa\u00e7\u00f5es diversas refor\u00e7a a ideia de um compromisso formal.<\/p>\n<p><strong>9. Ap\u00f3lice de Seguro: <\/strong>ap\u00f3lices onde um parceiro \u00e9 benefici\u00e1rio do outro demonstram cuidado e responsabilidade m\u00fatua.<\/p>\n<p><strong>10. Ficha de Tratamento M\u00e9dico: <\/strong>registros m\u00e9dicos onde um parceiro figura como respons\u00e1vel pelo outro podem servir de comprova\u00e7\u00e3o.<\/p>\n<p><strong>11. Escritura de Im\u00f3vel: <\/strong>a compra de im\u00f3veis em conjunto ou a aquisi\u00e7\u00e3o pelo segurado em nome do dependente \u00e9 uma prova robusta de uni\u00e3o est\u00e1vel.<\/p>\n<p><strong>12. Testemunhas: <\/strong>testemunhos de pessoas pr\u00f3ximas que reconhecem e afirmam a uni\u00e3o podem ser decisivos.<\/p>\n<p><strong>Leia +: <\/strong><a href=\"https:\/\/meuvalordigital.com.br\/como-evitar-que-o-meu-namoro-se-torne-uniao-estavel\/\">Como evitar que o meu namoro se torne uni\u00e3o est\u00e1vel?<\/a><\/p>\n<h2 class=\"wp-block-heading\" id=\"h-redes-sociais-valem-como-prova\">Redes sociais valem como prova?<\/h2>\n<p>Na aus\u00eancia de documentos formais, as redes sociais emergem como uma alternativa vi\u00e1vel para comprovar a uni\u00e3o est\u00e1vel. <\/p>\n<p>Postagens e fotos em locais p\u00fablicos, mostrando a conviv\u00eancia e o cotidiano do casal, podem ser apresentadas como evid\u00eancias em processos judiciais. Estas provas digitais, embora mais subjetivas, t\u00eam ganhado relev\u00e2ncia e aceita\u00e7\u00e3o nos tribunais.<\/p>\n<p>Quando os documentos tradicionais n\u00e3o est\u00e3o dispon\u00edveis, a uni\u00e3o est\u00e1vel pode ser comprovada judicialmente. Neste caso, \u00e9 essencial contar com a assist\u00eancia de um advogado especializado em direito de fam\u00edlia. <\/p>\n<p>O advogado pode orientar na coleta de evid\u00eancias, incluindo postagens de redes sociais, e na prepara\u00e7\u00e3o de testemunhas para corroborar a uni\u00e3o.<\/p>\n<p>Concluindo, enquanto diversos documentos e evid\u00eancias podem fortalecer a comprova\u00e7\u00e3o de uma uni\u00e3o est\u00e1vel, \u00e9 essencial lembrar que cada caso possui suas particularidades. <\/p>\n<p>Portanto, \u00e9 aconselh\u00e1vel buscar a orienta\u00e7\u00e3o de um advogado especializado em direito de fam\u00edlia para garantir que todos os aspectos legais sejam devidamente considerados e para assegurar a prote\u00e7\u00e3o integral dos direitos envolvidos na rela\u00e7\u00e3o.<\/p>\n<\/div>\n<p><br \/>\n<br \/><a href=\"https:\/\/meuvalordigital.com.br\/12-documentos-para-comprovar-a-sua-uniao-estavel-em-2024\/\">Source link <\/a><\/p>\n<!-- CONTENT END 1 -->\n","protected":false},"excerpt":{"rendered":"<p>A uni\u00e3o est\u00e1vel \u00e9 uma forma de constitui\u00e7\u00e3o familiar reconhecida legalmente, que surge a partir da conviv\u00eancia cont\u00ednua, p\u00fablica e duradoura entre duas pessoas, estabelecendo&#8230;<\/p>\n","protected":false},"author":1,"featured_media":16698,"comment_status":"open","ping_status":"open","sticky":false,"template":"","format":"standard","meta":{"advanced_seo_description":"","jetpack_seo_html_title":"","jetpack_seo_noindex":false,"jetpack_post_was_ever_published":false,"_jetpack_newsletter_access":"","_jetpack_dont_email_post_to_subs":false,"_jetpack_newsletter_tier_id":0,"_jetpack_memberships_contains_paywalled_content":false,"_jetpack_memberships_contains_paid_content":false,"footnotes":"","jetpack_publicize_message":"","jetpack_publicize_feature_enabled":true,"jetpack_social_post_already_shared":true,"jetpack_social_options":{"image_generator_settings":{"template":"highway","default_image_id":0,"font":"","enabled":false},"version":2}},"categories":[7],"tags":[],"class_list":["post-16697","post","type-post","status-publish","format-standard","has-post-thumbnail","hentry","category-vagas-de-empregos-em-ribeirao-preto-regiao-brasil"],"jetpack_publicize_connections":[],"jetpack_featured_media_url":"https:\/\/i0.wp.com\/noticiasribeiraopreto.com.br\/wp-content\/uploads\/2023\/12\/Uniao-Estavel.jpg?fit=1242%2C800&ssl=1","jetpack-related-posts":[{"id":13089,"url":"https:\/\/noticiasribeiraopreto.com.br\/index.php\/2023\/12\/09\/5-direitos-do-casal-que-vive-em-uma-uniao-estavel-meu-valor-digital\/","url_meta":{"origin":16697,"position":0},"title":"5 direitos do casal que vive em uma uni\u00e3o est\u00e1vel &#8211; Meu Valor Digital","author":"noticiasribeiraopreto.com.br","date":"9 de December de 2023","format":false,"excerpt":"A uni\u00e3o est\u00e1vel \u00e9 uma forma reconhecida de constitui\u00e7\u00e3o familiar no Brasil, assemelhando-se ao casamento em v\u00e1rios aspectos legais. Diferentemente do casamento, a uni\u00e3o est\u00e1vel n\u00e3o necessita de formalidades para sua valida\u00e7\u00e3o, mas seus direitos e deveres s\u00e3o significativamente relevantes. Este artigo detalha cinco direitos essenciais para casais em uni\u00e3o\u2026","rel":"","context":"In &quot;Vagas de Emprego em Ribeir\u00e3o Preto-SP&quot;","block_context":{"text":"Vagas de Emprego em Ribeir\u00e3o Preto-SP","link":"https:\/\/noticiasribeiraopreto.com.br\/index.php\/category\/empregos-classificados-vagas-trabalho\/vagas-de-empregos-em-ribeirao-preto-regiao-brasil\/"},"img":{"alt_text":"","src":"https:\/\/i0.wp.com\/noticiasribeiraopreto.com.br\/wp-content\/uploads\/2023\/12\/Casal.jpg?fit=1200%2C773&ssl=1&resize=350%2C200","width":350,"height":200,"srcset":"https:\/\/i0.wp.com\/noticiasribeiraopreto.com.br\/wp-content\/uploads\/2023\/12\/Casal.jpg?fit=1200%2C773&ssl=1&resize=350%2C200 1x, https:\/\/i0.wp.com\/noticiasribeiraopreto.com.br\/wp-content\/uploads\/2023\/12\/Casal.jpg?fit=1200%2C773&ssl=1&resize=525%2C300 1.5x, https:\/\/i0.wp.com\/noticiasribeiraopreto.com.br\/wp-content\/uploads\/2023\/12\/Casal.jpg?fit=1200%2C773&ssl=1&resize=700%2C400 2x, https:\/\/i0.wp.com\/noticiasribeiraopreto.com.br\/wp-content\/uploads\/2023\/12\/Casal.jpg?fit=1200%2C773&ssl=1&resize=1050%2C600 3x"},"classes":[]},{"id":34356,"url":"https:\/\/noticiasribeiraopreto.com.br\/index.php\/2024\/02\/01\/separacao-de-bens-nem-tao-obrigatoria-maiores-de-70-anos-poderao-escolher-regime-de-bens-em-casamento-ou-uniao-estavel-decide-stf\/","url_meta":{"origin":16697,"position":1},"title":"Separa\u00e7\u00e3o de bens nem t\u00e3o obrigat\u00f3ria: maiores de 70 anos poder\u00e3o escolher regime de bens em casamento ou uni\u00e3o est\u00e1vel, decide STF","author":"noticiasribeiraopreto.com.br","date":"1 de February de 2024","format":false,"excerpt":"Na sua primeira sess\u00e3o de julgamentos de 2024, o Supremo Tribunal Federal (STF) decidiu por unanimidade, nesta quinta-feira (1\u00ba), que o regime da separa\u00e7\u00e3o obrigat\u00f3ria de bens n\u00e3o \u00e9 mais o \u00fanico dispon\u00edvel para pessoas que se casam ou iniciam uma uni\u00e3o est\u00e1vel com mais de 70 anos de idade.\u2026","rel":"","context":"In &quot;Dinheiro e Investimento&quot;","block_context":{"text":"Dinheiro e Investimento","link":"https:\/\/noticiasribeiraopreto.com.br\/index.php\/category\/dinheiro-e-investimento-como-fazer-como-ganhar\/"},"img":{"alt_text":"","src":"https:\/\/i0.wp.com\/noticiasribeiraopreto.com.br\/wp-content\/uploads\/2024\/02\/casal-idosos-aposentados-iate-selfie-1920x1080-628x353.jpg?fit=628%2C353&ssl=1&resize=350%2C200","width":350,"height":200,"srcset":"https:\/\/i0.wp.com\/noticiasribeiraopreto.com.br\/wp-content\/uploads\/2024\/02\/casal-idosos-aposentados-iate-selfie-1920x1080-628x353.jpg?fit=628%2C353&ssl=1&resize=350%2C200 1x, https:\/\/i0.wp.com\/noticiasribeiraopreto.com.br\/wp-content\/uploads\/2024\/02\/casal-idosos-aposentados-iate-selfie-1920x1080-628x353.jpg?fit=628%2C353&ssl=1&resize=525%2C300 1.5x"},"classes":[]},{"id":22551,"url":"https:\/\/noticiasribeiraopreto.com.br\/index.php\/2023\/12\/30\/mobiliei-o-imovel-da-minha-noiva-mas-ela-me-traiu-e-terminamos-agora-nao-quer-me-devolver-os-moveis-e-o-anel\/","url_meta":{"origin":16697,"position":2},"title":"Mobiliei o im\u00f3vel da minha noiva, mas ela me traiu e terminamos; agora, n\u00e3o quer me devolver os m\u00f3veis e o anel","author":"noticiasribeiraopreto.com.br","date":"30 de December de 2023","format":false,"excerpt":"Podia ser a letra de um sertanejo bem \u201cdor de corno\u201d, mas \u00e9 s\u00f3 uma pergunta da Dinheirista mesmo: o casal fica noivo, a mo\u00e7a j\u00e1 tem casa pr\u00f3pria, ent\u00e3o o rapaz investe uma grana para reformar e comprar m\u00f3veis e eletrodom\u00e9sticos para os dois morarem juntos no im\u00f3vel. Mas\u2026","rel":"","context":"In &quot;Dinheiro e Investimento&quot;","block_context":{"text":"Dinheiro e Investimento","link":"https:\/\/noticiasribeiraopreto.com.br\/index.php\/category\/dinheiro-e-investimento-como-fazer-como-ganhar\/"},"img":{"alt_text":"","src":"https:\/\/i0.wp.com\/noticiasribeiraopreto.com.br\/wp-content\/uploads\/2023\/12\/1703935564_Layout-Carol-Gama-8-715x402.png?fit=715%2C402&ssl=1&resize=350%2C200","width":350,"height":200,"srcset":"https:\/\/i0.wp.com\/noticiasribeiraopreto.com.br\/wp-content\/uploads\/2023\/12\/1703935564_Layout-Carol-Gama-8-715x402.png?fit=715%2C402&ssl=1&resize=350%2C200 1x, https:\/\/i0.wp.com\/noticiasribeiraopreto.com.br\/wp-content\/uploads\/2023\/12\/1703935564_Layout-Carol-Gama-8-715x402.png?fit=715%2C402&ssl=1&resize=525%2C300 1.5x, https:\/\/i0.wp.com\/noticiasribeiraopreto.com.br\/wp-content\/uploads\/2023\/12\/1703935564_Layout-Carol-Gama-8-715x402.png?fit=715%2C402&ssl=1&resize=700%2C400 2x"},"classes":[]},{"id":40546,"url":"https:\/\/noticiasribeiraopreto.com.br\/index.php\/2024\/03\/04\/casamentos-de-idosos-sem-separacao-obrigatoria-de-bens\/","url_meta":{"origin":16697,"position":3},"title":"Casamentos de idosos sem separa\u00e7\u00e3o obrigat\u00f3ria de bens\u00a0","author":"noticiasribeiraopreto.com.br","date":"4 de March de 2024","format":false,"excerpt":"4 de mar\u00e7o de 2024 | 15:004 de mar\u00e7o de 2024 | 10:13 0Pessoas com mais de 70 anos que desejam se casar ou viver em uni\u00e3o est\u00e1vel sem a exig\u00eancia do regime da separa\u00e7\u00e3o obrigat\u00f3ria de bens agora podem fazer esta op\u00e7\u00e3o em qualquer um dos 8.344 cart\u00f3rios de\u2026","rel":"","context":"In &quot;Not\u00edcias de Ribeir\u00e3o Preto-SP e Regi\u00e3o&quot;","block_context":{"text":"Not\u00edcias de Ribeir\u00e3o Preto-SP e Regi\u00e3o","link":"https:\/\/noticiasribeiraopreto.com.br\/index.php\/category\/noticias-de-ribeirao-preto-sp-e-regiao-ismael-colosi\/"},"img":{"alt_text":"","src":"https:\/\/i0.wp.com\/noticiasribeiraopreto.com.br\/wp-content\/uploads\/2024\/03\/idososcasamento.jpg?fit=415%2C623&ssl=1&resize=350%2C200","width":350,"height":200},"classes":[]},{"id":71446,"url":"https:\/\/noticiasribeiraopreto.com.br\/index.php\/2025\/06\/05\/jornal-da-franca-veja-o-que-pode-mudar-no-codigo-civil-projetos-no-senado-alteram-direito-de-familia\/","url_meta":{"origin":16697,"position":4},"title":"Jornal da Franca &#8211; Veja o que pode mudar no C\u00f3digo Civil: projetos no Senado alteram Direito de Fam\u00edlia","author":"noticiasribeiraopreto.com.br","date":"5 de June de 2025","format":false,"excerpt":"compartilhar no whatsapp compartilhar no telegram compartilhar no facebook compartilhar no linkedin Um conjunto de mudan\u00e7as no C\u00f3digo Civil brasileiro, em tramita\u00e7\u00e3o no Senado, tem provocado debates entre juristas, especialmente no campo do Direito de Fam\u00edlia Mudan\u00e7as no C\u00f3digo Civil brasileiro est\u00e3o em tramita\u00e7\u00e3o no Senado \u2013 foto Arquivo Um\u2026","rel":"","context":"In &quot;Not\u00edcias de Franca-SP&quot;","block_context":{"text":"Not\u00edcias de Franca-SP","link":"https:\/\/noticiasribeiraopreto.com.br\/index.php\/category\/noticias-de-ribeirao-preto-sp-e-regiao-ismael-colosi\/noticias-franca-sp\/"},"img":{"alt_text":"","src":"https:\/\/i0.wp.com\/noticiasribeiraopreto.com.br\/wp-content\/uploads\/2025\/06\/natureza-morta-com-a-balanca-da-justica-1.jpg?fit=1000%2C667&ssl=1&resize=350%2C200","width":350,"height":200,"srcset":"https:\/\/i0.wp.com\/noticiasribeiraopreto.com.br\/wp-content\/uploads\/2025\/06\/natureza-morta-com-a-balanca-da-justica-1.jpg?fit=1000%2C667&ssl=1&resize=350%2C200 1x, https:\/\/i0.wp.com\/noticiasribeiraopreto.com.br\/wp-content\/uploads\/2025\/06\/natureza-morta-com-a-balanca-da-justica-1.jpg?fit=1000%2C667&ssl=1&resize=525%2C300 1.5x, https:\/\/i0.wp.com\/noticiasribeiraopreto.com.br\/wp-content\/uploads\/2025\/06\/natureza-morta-com-a-balanca-da-justica-1.jpg?fit=1000%2C667&ssl=1&resize=700%2C400 2x"},"classes":[]},{"id":79042,"url":"https:\/\/noticiasribeiraopreto.com.br\/index.php\/2025\/10\/23\/caso-larissa-medico-acusado-de-matar-professora-admite-ter-sentido-ciumes-da-amante-durante-audiencia-video\/","url_meta":{"origin":16697,"position":5},"title":"Caso Larissa: m\u00e9dico acusado de matar professora admite ter sentido ci\u00fames da amante durante audi\u00eancia; V\u00eddeo","author":"noticiasribeiraopreto.com.br","date":"23 de October de 2025","format":false,"excerpt":"Durante a \u00faltima audi\u00eancia de instru\u00e7\u00e3o, realizada em 14 de outubro, o m\u00e9dico Luiz Ant\u00f4nio Garnica, acusado pela morte da professora Larissa Rodrigues, em mar\u00e7o deste ano, em Ribeir\u00e3o Preto, admitiu ter sentido ci\u00fames da amante, Let\u00edcia Camilo Laurindo. Na ocasi\u00e3o, Garnica foi questionado pelo promotor Marcus T\u00falio Nicolino sobre\u2026","rel":"","context":"In &quot;Not\u00edcias de Ribeir\u00e3o Preto-SP e Regi\u00e3o&quot;","block_context":{"text":"Not\u00edcias de Ribeir\u00e3o Preto-SP e Regi\u00e3o","link":"https:\/\/noticiasribeiraopreto.com.br\/index.php\/category\/noticias-de-ribeirao-preto-sp-e-regiao-ismael-colosi\/"},"img":{"alt_text":"","src":"https:\/\/i0.wp.com\/noticiasribeiraopreto.com.br\/wp-content\/uploads\/2025\/10\/Copia-de-Copia-de-Copia-de-TAMANHO-EXATO-PARA-FOTOS-NO-SISTEMA-NOVO-2025-10-23T120353.631_2025-10-23_15-03-57.webp.webp?fit=1200%2C675&ssl=1&resize=350%2C200","width":350,"height":200,"srcset":"https:\/\/i0.wp.com\/noticiasribeiraopreto.com.br\/wp-content\/uploads\/2025\/10\/Copia-de-Copia-de-Copia-de-TAMANHO-EXATO-PARA-FOTOS-NO-SISTEMA-NOVO-2025-10-23T120353.631_2025-10-23_15-03-57.webp.webp?fit=1200%2C675&ssl=1&resize=350%2C200 1x, https:\/\/i0.wp.com\/noticiasribeiraopreto.com.br\/wp-content\/uploads\/2025\/10\/Copia-de-Copia-de-Copia-de-TAMANHO-EXATO-PARA-FOTOS-NO-SISTEMA-NOVO-2025-10-23T120353.631_2025-10-23_15-03-57.webp.webp?fit=1200%2C675&ssl=1&resize=525%2C300 1.5x, https:\/\/i0.wp.com\/noticiasribeiraopreto.com.br\/wp-content\/uploads\/2025\/10\/Copia-de-Copia-de-Copia-de-TAMANHO-EXATO-PARA-FOTOS-NO-SISTEMA-NOVO-2025-10-23T120353.631_2025-10-23_15-03-57.webp.webp?fit=1200%2C675&ssl=1&resize=700%2C400 2x, https:\/\/i0.wp.com\/noticiasribeiraopreto.com.br\/wp-content\/uploads\/2025\/10\/Copia-de-Copia-de-Copia-de-TAMANHO-EXATO-PARA-FOTOS-NO-SISTEMA-NOVO-2025-10-23T120353.631_2025-10-23_15-03-57.webp.webp?fit=1200%2C675&ssl=1&resize=1050%2C600 3x"},"classes":[]}],"jetpack_sharing_enabled":true,"jetpack_shortlink":"https:\/\/wp.me\/peQAOb-4lj","_links":{"self":[{"href":"https:\/\/noticiasribeiraopreto.com.br\/index.php\/wp-json\/wp\/v2\/posts\/16697","targetHints":{"allow":["GET"]}}],"collection":[{"href":"https:\/\/noticiasribeiraopreto.com.br\/index.php\/wp-json\/wp\/v2\/posts"}],"about":[{"href":"https:\/\/noticiasribeiraopreto.com.br\/index.php\/wp-json\/wp\/v2\/types\/post"}],"author":[{"embeddable":true,"href":"https:\/\/noticiasribeiraopreto.com.br\/index.php\/wp-json\/wp\/v2\/users\/1"}],"replies":[{"embeddable":true,"href":"https:\/\/noticiasribeiraopreto.com.br\/index.php\/wp-json\/wp\/v2\/comments?post=16697"}],"version-history":[{"count":0,"href":"https:\/\/noticiasribeiraopreto.com.br\/index.php\/wp-json\/wp\/v2\/posts\/16697\/revisions"}],"wp:featuredmedia":[{"embeddable":true,"href":"https:\/\/noticiasribeiraopreto.com.br\/index.php\/wp-json\/wp\/v2\/media\/16698"}],"wp:attachment":[{"href":"https:\/\/noticiasribeiraopreto.com.br\/index.php\/wp-json\/wp\/v2\/media?parent=16697"}],"wp:term":[{"taxonomy":"category","embeddable":true,"href":"https:\/\/noticiasribeiraopreto.com.br\/index.php\/wp-json\/wp\/v2\/categories?post=16697"},{"taxonomy":"post_tag","embeddable":true,"href":"https:\/\/noticiasribeiraopreto.com.br\/index.php\/wp-json\/wp\/v2\/tags?post=16697"}],"curies":[{"name":"wp","href":"https:\/\/api.w.org\/{rel}","templated":true}]}}