{"id":16701,"date":"2023-12-16T07:34:52","date_gmt":"2023-12-16T10:34:52","guid":{"rendered":"https:\/\/noticiasribeiraopreto.com.br\/index.php\/2023\/12\/16\/ingrediente-conhecido-pelo-uso-culinario-reduz-o-colesterol\/"},"modified":"2023-12-16T07:34:52","modified_gmt":"2023-12-16T10:34:52","slug":"ingrediente-conhecido-pelo-uso-culinario-reduz-o-colesterol","status":"publish","type":"post","link":"https:\/\/noticiasribeiraopreto.com.br\/index.php\/2023\/12\/16\/ingrediente-conhecido-pelo-uso-culinario-reduz-o-colesterol\/","title":{"rendered":"Ingrediente conhecido pelo uso culin\u00e1rio reduz o colesterol\u00a0\u00a0"},"content":{"rendered":"<div class='code-block code-block-1' style='margin: 8px 0 8px auto; text-align: right; display: block; clear: both;'>\n<p><a href=\"https:\/\/wa.link\/vpicfd\"><img data-recalc-dims=\"1\" class=\"wp-image-4922\" style=\"aspect-ratio: 2.0253164556962027; width: 561px; height: auto;\" src=\"https:\/\/i0.wp.com\/ismaelcolosi.com.br\/wp-content\/uploads\/2023\/11\/grupo-de-empregos-whatsapp-e-facebook-ismael-colosi-vagas.jpg?ssl=1\" alt=\"\" \/><\/a><\/p>\n<!-- \/wp:image -->\n<\/div>\n<p> <br \/>\n<\/p>\n<div>\n<div id=\"attachment_2327635\" class=\"wp-caption alignnone\">\n<div class=\"d-flex justify-content-center\" data-attachment-id=\"2327635\">\n<div class=\"position-relative d-inline-block\"><img data-recalc-dims=\"1\" data-portal-copyright=\"Getty Images\" fetchpriority=\"high\" decoding=\"async\" class=\"wp-image-2327635 size-full\" src=\"https:\/\/i0.wp.com\/catracalivre.com.br\/wp-content\/uploads\/2023\/12\/istock-1220414182.jpg?resize=1254%2C836&#038;ssl=1\" alt=\"Estudos recentes sobre o tema indicam que compostos presentes na folha de louro, como os antioxidantes e os fitoesterois, podem auxiliar na redu\u00e7\u00e3o dos n\u00edveis de colesterol LDL \u2013 iStock\/Getty Images\" width=\"1254\" height=\"836\" srcset=\"https:\/\/catracalivre.com.br\/wp-content\/uploads\/2023\/12\/istock-1220414182.jpg 1254w, https:\/\/catracalivre.com.br\/wp-content\/uploads\/2023\/12\/istock-1220414182-450x300.jpg 450w, https:\/\/catracalivre.com.br\/wp-content\/uploads\/2023\/12\/istock-1220414182-768x512.jpg 768w\" sizes=\"(max-width: 1254px) 100vw, 1254px\"\/><\/p>\n<p>Cr\u00e9ditos: Getty Images<\/p>\n<\/div>\n<\/div>\n<p><span class=\"post-imagem__legenda\">Estudos recentes sobre o tema indicam que compostos presentes na folha de louro, como os antioxidantes e os fitoesterois, podem auxiliar na redu\u00e7\u00e3o dos n\u00edveis de colesterol LDL \u2013 iStock\/Getty Images<\/span><\/p>\n<\/div>\n<p>Conhecida pelo uso culin\u00e1rio para dar sabor e aroma aos pratos, a folha de louro tamb\u00e9m est\u00e1 associada a propriedades medicinais. \u00c9 o que revela estudos recentes, que destacam os benef\u00edcios da planta para a sa\u00fade, incluindo a redu\u00e7\u00e3o do colesterol, al\u00edvio gastrointestinal e o controle dos n\u00edveis de a\u00e7\u00facar no sangue.<\/p>\n<p>Estudos recentes sobre o tema indicam que compostos presentes na <strong><a href=\"https:\/\/catracalivre.com.br\/entretenimento\/plantas-como-louro-e-eucalipto-sao-fortes-aliadas-no-combate-aos-insetos\/\" target=\"_blank\" rel=\"noopener\">folha de louro<\/a><\/strong>, como os antioxidantes e os fitoesterois, podem auxiliar na redu\u00e7\u00e3o dos n\u00edveis de colesterol LDL.<\/p>\n<p>Os fitoesterois t\u00eam uma estrutura semelhante ao colesterol e podem bloquear sua absor\u00e7\u00e3o pelo intestino, reduzindo sua presen\u00e7a no sangue. Al\u00e9m disso, os antioxidantes presentes na folha de louro ajudam a combater os radicais livres, reduzindo o estresse oxidativo e possivelmente auxiliando na melhoria da <strong><a href=\"https:\/\/www.gov.br\/saude\/pt-br\/composicao\/saps\/ecv\" target=\"_blank\" rel=\"noopener\">sa\u00fade cardiovascular<\/a><\/strong>.<\/p>\n<h2>O que \u00e9 o colesterol?<\/h2>\n<p>O colesterol \u00e9 uma subst\u00e2ncia gordurosa encontrada em nosso organismo e tamb\u00e9m presente em certos alimentos. Quando em excesso, especialmente o colesterol LDL (lipoprote\u00edna de baixa densidade) \u2013 o chamado colesterol \u201cruim\u201d, pode se acumular nas art\u00e9rias e aumentar o risco de doen\u00e7as cardiovasculares.<\/p>\n<h2>Controle do diabetes<\/h2>\n<p>Para pessoas que t\u00eam diabetes ou pr\u00e9-diabetes, o controle dos n\u00edveis de a\u00e7\u00facar no sangue \u00e9 essencial para manter a sa\u00fade em equil\u00edbrio. Estudos em animais t\u00eam sugerido que certos compostos encontrados na folha de louro podem ajudar a melhorar a sensibilidade \u00e0 insulina, o horm\u00f4nio respons\u00e1vel pela regula\u00e7\u00e3o do a\u00e7\u00facar no sangue.<\/p>\n<p>A sensibilidade \u00e0 insulina significa que as c\u00e9lulas do corpo respondem melhor \u00e0 insulina, permitindo uma maior capta\u00e7\u00e3o de a\u00e7\u00facar pelas c\u00e9lulas para uso como energia. Al\u00e9m disso, alguns estudos tamb\u00e9m mostraram que o consumo de extrato de folha de louro pode ajudar a reduzir os n\u00edveis de glicose no sangue ap\u00f3s as refei\u00e7\u00f5es.<\/p>\n<h2>Como preparar a folha de louro?<\/h2>\n<p>A melhor op\u00e7\u00e3o \u00e9 usar a folha de louro para fazer infus\u00f5es. Para isso, basta deixar cerca de 4 folhas secas em cerca de 2300 ml de \u00e1gua em ponto de fervura e deixar ferver por 3 minutos. Depois deixe descansar por 3 minutos e tomar.<\/p>\n<p>\u00c9 importante ressaltar que o uso da folha de louro como tratamento complementar n\u00e3o substitui o acompanhamento m\u00e9dico adequado, especialmente para aqueles que t\u00eam condi\u00e7\u00f5es m\u00e9dicas pr\u00e9-existentes, como diabetes ou colesterol elevado.<\/p>\n<\/div>\n<p><script>\n\t\t! function(f, b, e, v, n, t, s) {\n\t\t\tif (f.fbq) return;\n\t\t\tn = f.fbq = function() {\n\t\t\t\tn.callMethod ?\n\t\t\t\t\tn.callMethod.apply(n, arguments) : n.queue.push(arguments)\n\t\t\t};\n\t\t\tif (!f._fbq) f._fbq = n;\n\t\t\tn.push = n;\n\t\t\tn.loaded = !0;\n\t\t\tn.version = '2.0';\n\t\t\tn.queue = [];\n\t\t\tt = b.createElement(e);\n\t\t\tt.async = !0;\n\t\t\tt.src = v;\n\t\t\ts = b.getElementsByTagName(e)[0];\n\t\t\ts.parentNode.insertBefore(t, s)\n\t\t}(window, document, 'script',\n\t\t\t'https:\/\/connect.facebook.net\/en_US\/fbevents.js');\n\t\tfbq('init', '338315473262380');\n\t\tfbq('track', 'PageView');\n\t<\/script><br \/>\n<br \/><br \/>\n<br \/><a href=\"https:\/\/catracalivre.com.br\/saude-bem-estar\/ingrediente-conhecido-pelo-uso-culinario-reduz-o-colesterol\/\">Source link <\/a><\/p>\n<!-- CONTENT END 1 -->\n","protected":false},"excerpt":{"rendered":"<p>Cr\u00e9ditos: Getty Images Estudos recentes sobre o tema indicam que compostos presentes na folha de louro, como os antioxidantes e os fitoesterois, podem auxiliar na&#8230;<\/p>\n","protected":false},"author":1,"featured_media":16702,"comment_status":"open","ping_status":"open","sticky":false,"template":"","format":"standard","meta":{"advanced_seo_description":"","jetpack_seo_html_title":"","jetpack_seo_noindex":false,"jetpack_post_was_ever_published":false,"_jetpack_newsletter_access":"","_jetpack_dont_email_post_to_subs":false,"_jetpack_newsletter_tier_id":0,"_jetpack_memberships_contains_paywalled_content":false,"_jetpack_memberships_contains_paid_content":false,"footnotes":"","jetpack_publicize_message":"","jetpack_publicize_feature_enabled":true,"jetpack_social_post_already_shared":true,"jetpack_social_options":{"image_generator_settings":{"template":"highway","default_image_id":0,"font":"","enabled":false},"version":2}},"categories":[19],"tags":[],"class_list":["post-16701","post","type-post","status-publish","format-standard","has-post-thumbnail","hentry","category-variedades"],"jetpack_publicize_connections":[],"jetpack_featured_media_url":"https:\/\/i0.wp.com\/noticiasribeiraopreto.com.br\/wp-content\/uploads\/2023\/12\/istock-1220414182.jpg?fit=1200%2C638&ssl=1","jetpack-related-posts":[{"id":67371,"url":"https:\/\/noticiasribeiraopreto.com.br\/index.php\/2025\/04\/13\/jornal-da-franca-guia-do-difusor-tudo-o-que-voce-precisa-saber-para-usar-o-acessorio\/","url_meta":{"origin":16701,"position":0},"title":"Jornal da Franca &#8211; Guia do difusor: tudo o que voc\u00ea precisa saber para usar o acess\u00f3rio","author":"noticiasribeiraopreto.com.br","date":"13 de April de 2025","format":false,"excerpt":"compartilhar no whatsapp compartilhar no telegram compartilhar no facebook compartilhar no linkedin Especialista d\u00e1 dicas de como usar o difusor para tornar o processo mais f\u00e1cil e o resultado mais interessante e duradouro Usar o difusor do secador ajuda a manter os cachos definidos e com mais volume \u2013 foto\u2026","rel":"","context":"In &quot;Not\u00edcias de Franca-SP&quot;","block_context":{"text":"Not\u00edcias de Franca-SP","link":"https:\/\/noticiasribeiraopreto.com.br\/index.php\/category\/noticias-de-ribeirao-preto-sp-e-regiao-ismael-colosi\/noticias-franca-sp\/"},"img":{"alt_text":"","src":"https:\/\/i0.wp.com\/noticiasribeiraopreto.com.br\/wp-content\/uploads\/2025\/04\/difusor-r7.jpg?fit=1200%2C676&ssl=1&resize=350%2C200","width":350,"height":200,"srcset":"https:\/\/i0.wp.com\/noticiasribeiraopreto.com.br\/wp-content\/uploads\/2025\/04\/difusor-r7.jpg?fit=1200%2C676&ssl=1&resize=350%2C200 1x, https:\/\/i0.wp.com\/noticiasribeiraopreto.com.br\/wp-content\/uploads\/2025\/04\/difusor-r7.jpg?fit=1200%2C676&ssl=1&resize=525%2C300 1.5x, https:\/\/i0.wp.com\/noticiasribeiraopreto.com.br\/wp-content\/uploads\/2025\/04\/difusor-r7.jpg?fit=1200%2C676&ssl=1&resize=700%2C400 2x, https:\/\/i0.wp.com\/noticiasribeiraopreto.com.br\/wp-content\/uploads\/2025\/04\/difusor-r7.jpg?fit=1200%2C676&ssl=1&resize=1050%2C600 3x"},"classes":[]},{"id":56950,"url":"https:\/\/noticiasribeiraopreto.com.br\/index.php\/2024\/08\/18\/em-ribeirao-preto-botafogo-empata-com-o-paysandu-pelo-brasileiro-da-serie-b\/","url_meta":{"origin":16701,"position":1},"title":"Em Ribeir\u00e3o Preto, Botafogo empata com o Paysandu pelo Brasileiro da S\u00e9rie B","author":"noticiasribeiraopreto.com.br","date":"18 de August de 2024","format":false,"excerpt":"O Botafogo empatou em 1 a 1 com o Paysandu na noite deste domingo (18), pela 21\u00aa do Campeonato Brasileiro da S\u00e9rie B. O confronto foi realizado no est\u00e1dio Santa Cruz\/Arena Nicnet, em Ribeir\u00e3o Preto. Os gols O Paysandu abriu o placar aos 13 minutos de partida com Borasi. J\u00e1\u2026","rel":"","context":"In &quot;Not\u00edcias de Ribeir\u00e3o Preto-SP e Regi\u00e3o&quot;","block_context":{"text":"Not\u00edcias de Ribeir\u00e3o Preto-SP e Regi\u00e3o","link":"https:\/\/noticiasribeiraopreto.com.br\/index.php\/category\/noticias-de-ribeirao-preto-sp-e-regiao-ismael-colosi\/"},"img":{"alt_text":"","src":"https:\/\/i0.wp.com\/noticiasribeiraopreto.com.br\/wp-content\/uploads\/2024\/08\/botafogo-paysandu_2024-08-18_23-18-15_jpg_2024-08-18_23-18-16.webp.webp?fit=799%2C533&ssl=1&resize=350%2C200","width":350,"height":200,"srcset":"https:\/\/i0.wp.com\/noticiasribeiraopreto.com.br\/wp-content\/uploads\/2024\/08\/botafogo-paysandu_2024-08-18_23-18-15_jpg_2024-08-18_23-18-16.webp.webp?fit=799%2C533&ssl=1&resize=350%2C200 1x, https:\/\/i0.wp.com\/noticiasribeiraopreto.com.br\/wp-content\/uploads\/2024\/08\/botafogo-paysandu_2024-08-18_23-18-15_jpg_2024-08-18_23-18-16.webp.webp?fit=799%2C533&ssl=1&resize=525%2C300 1.5x, https:\/\/i0.wp.com\/noticiasribeiraopreto.com.br\/wp-content\/uploads\/2024\/08\/botafogo-paysandu_2024-08-18_23-18-15_jpg_2024-08-18_23-18-16.webp.webp?fit=799%2C533&ssl=1&resize=700%2C400 2x"},"classes":[]},{"id":54774,"url":"https:\/\/noticiasribeiraopreto.com.br\/index.php\/2024\/07\/22\/botafogo-empata-com-o-brusque-e-segue-na-zona-de-rebaixamento-na-serie-b\/","url_meta":{"origin":16701,"position":2},"title":"Botafogo empata com o Brusque e segue na zona de rebaixamento na S\u00e9rie B","author":"noticiasribeiraopreto.com.br","date":"22 de July de 2024","format":false,"excerpt":"O Botafogo empatou em 2 a 2 com o Brusque na noite deste domingo (21), pelo Campeonato Brasileiro da S\u00e9rie B. O confronto foi realizado no est\u00e1dio Santa Cruz\/Arena Nicnet, em Ribeir\u00e3o Preto. O Pantera segue na zona de rebaixamento. Os gols O Botafogo abriu o placar aos 8 minutos\u2026","rel":"","context":"In &quot;Not\u00edcias de Ribeir\u00e3o Preto-SP e Regi\u00e3o&quot;","block_context":{"text":"Not\u00edcias de Ribeir\u00e3o Preto-SP e Regi\u00e3o","link":"https:\/\/noticiasribeiraopreto.com.br\/index.php\/category\/noticias-de-ribeirao-preto-sp-e-regiao-ismael-colosi\/"},"img":{"alt_text":"","src":"https:\/\/i0.wp.com\/noticiasribeiraopreto.com.br\/wp-content\/uploads\/2024\/07\/Botafogo-brusque_2024-07-21_23-16-11_jpeg_2024-07-21_23-16-12.webp.webp?fit=1200%2C800&ssl=1&resize=350%2C200","width":350,"height":200,"srcset":"https:\/\/i0.wp.com\/noticiasribeiraopreto.com.br\/wp-content\/uploads\/2024\/07\/Botafogo-brusque_2024-07-21_23-16-11_jpeg_2024-07-21_23-16-12.webp.webp?fit=1200%2C800&ssl=1&resize=350%2C200 1x, https:\/\/i0.wp.com\/noticiasribeiraopreto.com.br\/wp-content\/uploads\/2024\/07\/Botafogo-brusque_2024-07-21_23-16-11_jpeg_2024-07-21_23-16-12.webp.webp?fit=1200%2C800&ssl=1&resize=525%2C300 1.5x, https:\/\/i0.wp.com\/noticiasribeiraopreto.com.br\/wp-content\/uploads\/2024\/07\/Botafogo-brusque_2024-07-21_23-16-11_jpeg_2024-07-21_23-16-12.webp.webp?fit=1200%2C800&ssl=1&resize=700%2C400 2x, https:\/\/i0.wp.com\/noticiasribeiraopreto.com.br\/wp-content\/uploads\/2024\/07\/Botafogo-brusque_2024-07-21_23-16-11_jpeg_2024-07-21_23-16-12.webp.webp?fit=1200%2C800&ssl=1&resize=1050%2C600 3x"},"classes":[]},{"id":69875,"url":"https:\/\/noticiasribeiraopreto.com.br\/index.php\/2025\/05\/10\/jornal-da-franca-nutrologa-diz-se-o-metabolismo-lento-atrapalha-ou-nao-o-processo-de-emagrecimento\/","url_meta":{"origin":16701,"position":3},"title":"Jornal da Franca &#8211; Nutr\u00f3loga diz se o metabolismo lento atrapalha ou n\u00e3o o processo de emagrecimento","author":"noticiasribeiraopreto.com.br","date":"10 de May de 2025","format":false,"excerpt":"compartilhar no whatsapp compartilhar no telegram compartilhar no facebook compartilhar no linkedin Taxa metab\u00f3lica influencia no peso, mas n\u00e3o \u00e9 a \u00fanica culpada; veja a orienta\u00e7\u00e3o de como acelerar o metabolismo O metabolismo costuma ser apontado como o grande vil\u00e3o da perda de peso. Mas ser\u00e1 que ele realmente tem\u2026","rel":"","context":"In &quot;Not\u00edcias de Franca-SP&quot;","block_context":{"text":"Not\u00edcias de Franca-SP","link":"https:\/\/noticiasribeiraopreto.com.br\/index.php\/category\/noticias-de-ribeirao-preto-sp-e-regiao-ismael-colosi\/noticias-franca-sp\/"},"img":{"alt_text":"","src":"https:\/\/i0.wp.com\/noticiasribeiraopreto.com.br\/wp-content\/uploads\/2025\/05\/woman-feet-standing-on-weight-scale-on-wooden-background.jpg?fit=1000%2C696&ssl=1&resize=350%2C200","width":350,"height":200,"srcset":"https:\/\/i0.wp.com\/noticiasribeiraopreto.com.br\/wp-content\/uploads\/2025\/05\/woman-feet-standing-on-weight-scale-on-wooden-background.jpg?fit=1000%2C696&ssl=1&resize=350%2C200 1x, https:\/\/i0.wp.com\/noticiasribeiraopreto.com.br\/wp-content\/uploads\/2025\/05\/woman-feet-standing-on-weight-scale-on-wooden-background.jpg?fit=1000%2C696&ssl=1&resize=525%2C300 1.5x, https:\/\/i0.wp.com\/noticiasribeiraopreto.com.br\/wp-content\/uploads\/2025\/05\/woman-feet-standing-on-weight-scale-on-wooden-background.jpg?fit=1000%2C696&ssl=1&resize=700%2C400 2x"},"classes":[]},{"id":29288,"url":"https:\/\/noticiasribeiraopreto.com.br\/index.php\/2024\/01\/17\/botafogo-sofre-gol-no-ultimo-lance-perde-para-o-flamengo-e-se-despede-da-copa-sp\/","url_meta":{"origin":16701,"position":4},"title":"Botafogo sofre gol no \u00faltimo lance, perde para o Flamengo e se despede da Copa SP","author":"noticiasribeiraopreto.com.br","date":"17 de January de 2024","format":false,"excerpt":"Pantera fez bom jogo diante dos cariocas, mas encerra sua participa\u00e7\u00e3o nas oitavas 17 de janeiro de 2024 | 22:09 0O Botafogo foi heroico, brigou at\u00e9 o final e por muito pouco n\u00e3o levou o jogo para os p\u00eanaltis. Por\u00e9m, diante de um Flamengo muito sortudo, o Pantera acabou derrotado\u2026","rel":"","context":"In &quot;Not\u00edcias de Ribeir\u00e3o Preto-SP e Regi\u00e3o&quot;","block_context":{"text":"Not\u00edcias de Ribeir\u00e3o Preto-SP e Regi\u00e3o","link":"https:\/\/noticiasribeiraopreto.com.br\/index.php\/category\/noticias-de-ribeirao-preto-sp-e-regiao-ismael-colosi\/"},"img":{"alt_text":"","src":"https:\/\/i0.wp.com\/noticiasribeiraopreto.com.br\/wp-content\/uploads\/2024\/01\/Botafogo-Copinha-3-scaled.jpg?fit=967%2C645&ssl=1&resize=350%2C200","width":350,"height":200,"srcset":"https:\/\/i0.wp.com\/noticiasribeiraopreto.com.br\/wp-content\/uploads\/2024\/01\/Botafogo-Copinha-3-scaled.jpg?fit=967%2C645&ssl=1&resize=350%2C200 1x, https:\/\/i0.wp.com\/noticiasribeiraopreto.com.br\/wp-content\/uploads\/2024\/01\/Botafogo-Copinha-3-scaled.jpg?fit=967%2C645&ssl=1&resize=525%2C300 1.5x, https:\/\/i0.wp.com\/noticiasribeiraopreto.com.br\/wp-content\/uploads\/2024\/01\/Botafogo-Copinha-3-scaled.jpg?fit=967%2C645&ssl=1&resize=700%2C400 2x"},"classes":[]},{"id":34093,"url":"https:\/\/noticiasribeiraopreto.com.br\/index.php\/2024\/01\/31\/comercial-empata-com-o-noroeste-e-respira-em-bauru\/","url_meta":{"origin":16701,"position":5},"title":"Comercial empata com o Noroeste e respira em Bauru","author":"noticiasribeiraopreto.com.br","date":"31 de January de 2024","format":false,"excerpt":"O Le\u00e3o do Norte volta para Ribeir\u00e3o Preto com um empate da viagem at\u00e9 Bauru, em partida v\u00e1lida pela S\u00e9rie A2 do Campeonato Paulista. O Noroeste abriu o placar cedo, mas o conforto com o resultado permitiu que o Comercial gostasse do jogo.Se o gol do Noroeste saiu no in\u00edcio\u2026","rel":"","context":"In &quot;Not\u00edcias de Ribeir\u00e3o Preto-SP e Regi\u00e3o&quot;","block_context":{"text":"Not\u00edcias de Ribeir\u00e3o Preto-SP e Regi\u00e3o","link":"https:\/\/noticiasribeiraopreto.com.br\/index.php\/category\/noticias-de-ribeirao-preto-sp-e-regiao-ismael-colosi\/"},"img":{"alt_text":"","src":"https:\/\/i0.wp.com\/noticiasribeiraopreto.com.br\/wp-content\/uploads\/2024\/01\/WhatsApp-Image-2024-01-31-at-21.42.54-scaled.jpeg?fit=979%2C645&ssl=1&resize=350%2C200","width":350,"height":200,"srcset":"https:\/\/i0.wp.com\/noticiasribeiraopreto.com.br\/wp-content\/uploads\/2024\/01\/WhatsApp-Image-2024-01-31-at-21.42.54-scaled.jpeg?fit=979%2C645&ssl=1&resize=350%2C200 1x, https:\/\/i0.wp.com\/noticiasribeiraopreto.com.br\/wp-content\/uploads\/2024\/01\/WhatsApp-Image-2024-01-31-at-21.42.54-scaled.jpeg?fit=979%2C645&ssl=1&resize=525%2C300 1.5x, https:\/\/i0.wp.com\/noticiasribeiraopreto.com.br\/wp-content\/uploads\/2024\/01\/WhatsApp-Image-2024-01-31-at-21.42.54-scaled.jpeg?fit=979%2C645&ssl=1&resize=700%2C400 2x"},"classes":[]}],"jetpack_sharing_enabled":true,"jetpack_shortlink":"https:\/\/wp.me\/peQAOb-4ln","_links":{"self":[{"href":"https:\/\/noticiasribeiraopreto.com.br\/index.php\/wp-json\/wp\/v2\/posts\/16701","targetHints":{"allow":["GET"]}}],"collection":[{"href":"https:\/\/noticiasribeiraopreto.com.br\/index.php\/wp-json\/wp\/v2\/posts"}],"about":[{"href":"https:\/\/noticiasribeiraopreto.com.br\/index.php\/wp-json\/wp\/v2\/types\/post"}],"author":[{"embeddable":true,"href":"https:\/\/noticiasribeiraopreto.com.br\/index.php\/wp-json\/wp\/v2\/users\/1"}],"replies":[{"embeddable":true,"href":"https:\/\/noticiasribeiraopreto.com.br\/index.php\/wp-json\/wp\/v2\/comments?post=16701"}],"version-history":[{"count":0,"href":"https:\/\/noticiasribeiraopreto.com.br\/index.php\/wp-json\/wp\/v2\/posts\/16701\/revisions"}],"wp:featuredmedia":[{"embeddable":true,"href":"https:\/\/noticiasribeiraopreto.com.br\/index.php\/wp-json\/wp\/v2\/media\/16702"}],"wp:attachment":[{"href":"https:\/\/noticiasribeiraopreto.com.br\/index.php\/wp-json\/wp\/v2\/media?parent=16701"}],"wp:term":[{"taxonomy":"category","embeddable":true,"href":"https:\/\/noticiasribeiraopreto.com.br\/index.php\/wp-json\/wp\/v2\/categories?post=16701"},{"taxonomy":"post_tag","embeddable":true,"href":"https:\/\/noticiasribeiraopreto.com.br\/index.php\/wp-json\/wp\/v2\/tags?post=16701"}],"curies":[{"name":"wp","href":"https:\/\/api.w.org\/{rel}","templated":true}]}}