{"id":16705,"date":"2023-12-16T08:06:10","date_gmt":"2023-12-16T11:06:10","guid":{"rendered":"https:\/\/noticiasribeiraopreto.com.br\/index.php\/2023\/12\/16\/vendi-meu-vale-alimentacao-mas-ele-foi-cancelado-agora-estou-devendo-e-querem-me-cobrar-80-de-juros\/"},"modified":"2023-12-16T08:06:10","modified_gmt":"2023-12-16T11:06:10","slug":"vendi-meu-vale-alimentacao-mas-ele-foi-cancelado-agora-estou-devendo-e-querem-me-cobrar-80-de-juros","status":"publish","type":"post","link":"https:\/\/noticiasribeiraopreto.com.br\/index.php\/2023\/12\/16\/vendi-meu-vale-alimentacao-mas-ele-foi-cancelado-agora-estou-devendo-e-querem-me-cobrar-80-de-juros\/","title":{"rendered":"Vendi meu vale-alimenta\u00e7\u00e3o, mas ele foi cancelado; agora estou devendo e querem me cobrar 80% de juros"},"content":{"rendered":"<div class='code-block code-block-1' style='margin: 8px 0 8px auto; text-align: right; display: block; clear: both;'>\n<p><a href=\"https:\/\/wa.link\/vpicfd\"><img data-recalc-dims=\"1\" class=\"wp-image-4922\" style=\"aspect-ratio: 2.0253164556962027; width: 561px; height: auto;\" src=\"https:\/\/i0.wp.com\/ismaelcolosi.com.br\/wp-content\/uploads\/2023\/11\/grupo-de-empregos-whatsapp-e-facebook-ismael-colosi-vagas.jpg?ssl=1\" alt=\"\" \/><\/a><\/p>\n<!-- \/wp:image -->\n<\/div>\n<p> <br \/>\n<\/p>\n<div id=\"js-first-letter\">\n<p>O <strong>vale-alimenta\u00e7\u00e3o<\/strong>, assim como o vale-refei\u00e7\u00e3o, \u00e9 um benef\u00edcio que as empresas concedem a seus colaboradores em troca de incentivos tribut\u00e1rios.<\/p>\n<p>Mas muitos trabalhadores prefeririam receber a sua parte em \u201cdinheiro de verdade\u201d e ser livres para gast\u00e1-lo como quisessem, em vez de ter aquela quantia fixa condicionada aos gastos com alimenta\u00e7\u00e3o em supermercados e\/ou restaurantes.<\/p>\n<p>Como o brasileiro sempre tem um jeitinho para tudo, n\u00e3o demorou a se popularizar a pr\u00e1tica da venda do vale-alimenta\u00e7\u00e3o, que continuou mesmo depois que o benef\u00edcio deixou de ser pago em t\u00edquetes de papel e passou a ser creditado em cart\u00f5es.<\/p>\n<p>S\u00f3 que a pr\u00e1tica \u00e9 ilegal e pode acabar gerando problemas tanto para quem vende quanto para quem compra o vale.<\/p>\n<p>A coluna da Dinheirista de hoje vai responder \u00e0 pergunta de uma leitora que vendia seu vale-alimenta\u00e7\u00e3o, mas acabou sendo demitida e teve o benef\u00edcio cancelado depois de j\u00e1 ter pego o dinheiro referente ao \u00faltimo cr\u00e9dito. Agora, ela est\u00e1 devendo para a compradora, que ainda por cima quer cobrar juros de 80%.<\/p>\n<p>Se voc\u00ea tiver alguma d\u00favida sobre finan\u00e7as ou investimentos e quiser v\u00ea-la respondida neste espa\u00e7o, envie-a para <a href=\"http:\/\/www.seudinheiro.com\/cdn-cgi\/l\/email-protection#afcecbc6c1c7cac6ddc6dcdbceefdccadacbc6c1c7cac6ddc081ccc0c2\" target=\"_blank\" rel=\"noreferrer noopener\"><span class=\"__cf_email__\" data-cfemail=\"6203060b0c0a070b100b11160322110717060b0c0a070b100d4c010d0f\">[email\u00a0protected]<\/span><\/a>.<\/p>\n<h3 class=\"wp-block-heading\" id=\"h-trabalhei-como-auxiliar-de-limpeza-em-um-hospital-e-comecei-a-vender-meu-vale-alimentacao-para-uma-conhecida-deixava-o-cartao-com-ela-e-pegava-o-dinheiro-so-que-acabei-perdendo-o-emprego-e-como-tinha-pouco-tempo-de-empresa-e-trabalhava-por-contrato-sai-sem-direito-a-quase-nada-fiquei-devendo-r-1-000-para-essa-pessoa-pois-o-vale-foi-cancelado-quando-eu-ja-tinha-pego-o-dinheiro-agora-ela-esta-me-cobrando-juros-e-quer-receber-r-1-800-nao-tenho-como-pagar-o-valor-total-ela-diz-que-e-advogada-e-quer-vir-ate-minha-casa-cobrar-o-que-eu-faco\">Trabalhei como auxiliar de limpeza em um hospital e comecei a vender meu vale-alimenta\u00e7\u00e3o para uma conhecida \u2013 deixava o cart\u00e3o com ela e pegava o dinheiro. S\u00f3 que acabei perdendo o emprego e, como tinha pouco tempo de empresa e trabalhava por contrato, sa\u00ed sem direito a quase nada. Fiquei devendo R$ 1.000 para essa pessoa, pois o vale foi cancelado quando eu j\u00e1 tinha pego o dinheiro. Agora ela est\u00e1 me cobrando juros e quer receber R$ 1.800. N\u00e3o tenho como pagar o valor total. Ela diz que \u00e9 advogada e quer vir at\u00e9 minha casa cobrar. O que eu fa\u00e7o?<\/h3>\n<p>Segundo a advogada trabalhista Karolen Gualda Beber e o advogado especialista em Direito Civil Osmar Goleg\u00e3, ambos do escrit\u00f3rio Natal &amp; Manssur Advogados, a venda de vale-alimenta\u00e7\u00e3o \u00e9 uma pr\u00e1tica il\u00edcita, podendo ser caracterizada como crime de estelionato para quem vende e de recepta\u00e7\u00e3o para quem compra.<\/p>\n<p>Isso porque h\u00e1 um desvio de finalidade desses recursos, que s\u00e3o concedidos por empresas para a alimenta\u00e7\u00e3o dos seus colaboradores, em troca de benef\u00edcios tribut\u00e1rios.<\/p>\n<p>\u201cNeste caso, n\u00e3o se vislumbra a possibilidade de a conhecida reaver os valores [pela via judicial], uma vez que assumiu o risco de realizar um neg\u00f3cio jur\u00eddico ilegal\u201d, dizem os advogados.<\/p>\n<p>Da mesma forma, a cobran\u00e7a de juros abusivos poderia at\u00e9 ser caracterizada como usura ou agiotagem, mas neste caso a d\u00edvida nasceu a partir de uma transa\u00e7\u00e3o il\u00edcita.<\/p>\n<p>Assim, embora de fato haja uma d\u00edvida, esse conflito n\u00e3o poderia ser solucionado na Justi\u00e7a, at\u00e9 porque ambas as partes acabariam se expondo se tentassem recorrer \u00e0s vias legais.<\/p>\n<div class=\"banner banner-inArticle banner-inArticle--mobile\">\n<div class=\"banner-side\">\n<p class=\"borderAD\" style=\"display: none;\">CONTINUA DEPOIS DA PUBLICIDADE<\/p>\n<\/div>\n<\/div>\n<div class=\"banner banner-inArticle banner-inArticle--desktop\">\n<div class=\"banner-side\">\n<p class=\"borderAD\" style=\"display: none;\">CONTINUA DEPOIS DA PUBLICIDADE<\/p>\n<\/div>\n<\/div>\n<p>Al\u00e9m dessa pergunta sobre o vale-alimenta\u00e7\u00e3o, o \u00faltimo v\u00eddeo da Dinheirista publicado no canal de YouTube do Seu Dinheiro responde \u00e0 d\u00favida de outro leitor, referente a um problema ocorrido em 2022 entre a exchange de criptomoedas Binance e sua intermedi\u00e1ria financeira no Brasil, a Capitual, <a href=\"https:\/\/www.seudinheiro.com\/2022\/criptomoedas\/justica-ordena-bloqueio-de-r-450-milhoes-da-capitual-na-disputa-com-a-binance-recursos-pertencem-aos-clientes-julw\/\" target=\"_blank\" rel=\"noreferrer noopener\">caso que inclusive foi coberto pelo Seu Dinheiro na \u00e9poca<\/a>. Confira:<\/p>\n<h3 class=\"wp-block-heading\" id=\"h-ha-pouco-mais-de-um-ano-fiz-um-pix-de-mais-de-r-5-mil-da-minha-conta-bancaria-para-a-capitual-que-seria-a-instituicao-financeira-intermediaria-para-transferir-o-credito-para-a-exchange-de-criptomoedas-binance-acontece-que-na-epoca-a-binance-ja-havia-descredenciado-a-capitual-desta-funcao-e-eu-nao-sabia-o-credito-assim-nao-foi-repassado-e-nem-devolvido-a-minha-conta-bancaria-ninguem-na-capitual-responde-aos-meus-e-mails-ou-atende-o-telefone-o-que-posso-fazer\">H\u00e1 pouco mais de um ano, fiz um Pix de mais de R$ 5 mil da minha conta banc\u00e1ria para a Capitual, que seria a institui\u00e7\u00e3o financeira intermedi\u00e1ria para transferir o cr\u00e9dito para a exchange de criptomoedas Binance. Acontece que, na \u00e9poca, a Binance j\u00e1 havia descredenciado a Capitual desta fun\u00e7\u00e3o, e eu n\u00e3o sabia. O cr\u00e9dito, assim, n\u00e3o foi repassado e nem devolvido \u00e0 minha conta banc\u00e1ria. Ningu\u00e9m na Capitual responde aos meus e-mails ou atende o telefone. O que posso fazer?<\/h3>\n<p>A resposta voc\u00ea encontra a partir do minuto 04:36 do v\u00eddeo a seguir:<\/p>\n<figure class=\"wp-block-embed is-type-video is-provider-youtube wp-block-embed-youtube wp-embed-aspect-16-9 wp-has-aspect-ratio\">\n<p>\n<iframe loading=\"lazy\" title=\"VENDI MEU VALE-ALIMENTA\u00c7\u00c3O E AGORA ESTOU SENDO AMEA\u00c7ADA! I A DINHEIRISTA\" width=\"500\" height=\"281\" src=\"https:\/\/www.youtube.com\/embed\/plZodys_sF0?feature=oembed\" frameborder=\"0\" allow=\"accelerometer; autoplay; clipboard-write; encrypted-media; gyroscope; picture-in-picture; web-share\" referrerpolicy=\"strict-origin-when-cross-origin\" allowfullscreen><\/iframe>\n<\/p>\n<\/figure>\n<p><em>A Dinheirista, pronta para resolver suas afli\u00e7\u00f5es financeiras (ou te deixar mais desesperado). Envie a sua d\u00favida para <a href=\"http:\/\/www.seudinheiro.com\/cdn-cgi\/l\/email-protection#ec8d8885828489859e859f988dac9f89998885828489859e83c28f8381\" target=\"_blank\" rel=\"noreferrer noopener\"><span class=\"__cf_email__\" data-cfemail=\"3b5a5f5255535e524952484f5a7b485e4e5f5255535e52495415585456\">[email\u00a0protected]<\/span><\/a>.<\/em><\/p>\n<\/div>\n<p><br \/>\n<br \/><a href=\"https:\/\/www.seudinheiro.com\/2023\/colunistas\/vendi-meu-vale-alimentacao-mas-ele-foi-cancelado-agora-estou-devendo-e-querem-me-cobrar-80-de-juros-julw\/\">Source link <\/a><\/p>\n<!-- CONTENT END 1 -->\n","protected":false},"excerpt":{"rendered":"<p>O vale-alimenta\u00e7\u00e3o, assim como o vale-refei\u00e7\u00e3o, \u00e9 um benef\u00edcio que as empresas concedem a seus colaboradores em troca de incentivos tribut\u00e1rios. Mas muitos trabalhadores prefeririam&#8230;<\/p>\n","protected":false},"author":1,"featured_media":16706,"comment_status":"open","ping_status":"open","sticky":false,"template":"","format":"standard","meta":{"advanced_seo_description":"","jetpack_seo_html_title":"","jetpack_seo_noindex":false,"jetpack_post_was_ever_published":false,"_jetpack_newsletter_access":"","_jetpack_dont_email_post_to_subs":false,"_jetpack_newsletter_tier_id":0,"_jetpack_memberships_contains_paywalled_content":false,"_jetpack_memberships_contains_paid_content":false,"footnotes":"","jetpack_publicize_message":"","jetpack_publicize_feature_enabled":true,"jetpack_social_post_already_shared":true,"jetpack_social_options":{"image_generator_settings":{"template":"highway","default_image_id":0,"font":"","enabled":false},"version":2}},"categories":[1235],"tags":[],"class_list":["post-16705","post","type-post","status-publish","format-standard","has-post-thumbnail","hentry","category-dinheiro-e-investimento-como-fazer-como-ganhar"],"jetpack_publicize_connections":[],"jetpack_featured_media_url":"https:\/\/i0.wp.com\/noticiasribeiraopreto.com.br\/wp-content\/uploads\/2023\/12\/1702724773_dinheirista-nota-real-715x402.jpg?fit=715%2C402&ssl=1","jetpack-related-posts":[{"id":54639,"url":"https:\/\/noticiasribeiraopreto.com.br\/index.php\/2024\/07\/15\/10-vagas-em-ribeirao-preto-sp-2\/","url_meta":{"origin":16705,"position":0},"title":"10 vagas em Ribeir\u00e3o Preto\/SP","author":"noticiasribeiraopreto.com.br","date":"15 de July de 2024","format":false,"excerpt":"10 vagas em Ribeir\u00e3o Preto\/SPPorteiro PCDMRVRibeir\u00e3o Preto, SPSal\u00e1rioR$1977,00Benef\u00edciosVale Transporte, Vale Alimenta\u00e7\u00e3o, Seguro de Vida, Caf\u00e9 da manh\u00e3ContratoCLT (Efetivo)Vaga para pessoas com defici\u00eancia (PCD). Atuar em Portaria de constru\u00e7\u00e3o civil (Obra). CLT -Montador de Formas Met\u00e1licasMRVRibeir\u00e3o Preto, SPSal\u00e1rioR$2405,00Benef\u00edciosVale Transporte, Vale Alimenta\u00e7\u00e3o, Seguro de Vida, Caf\u00e9 da manh\u00e3ContratoCLT (Efetivo)Executar montagem e desmontagem\u2026","rel":"","context":"In &quot;Vagas de Emprego em Ribeir\u00e3o Preto-SP&quot;","block_context":{"text":"Vagas de Emprego em Ribeir\u00e3o Preto-SP","link":"https:\/\/noticiasribeiraopreto.com.br\/index.php\/category\/empregos-classificados-vagas-trabalho\/vagas-de-empregos-em-ribeirao-preto-regiao-brasil\/"},"img":{"alt_text":"","src":"https:\/\/i0.wp.com\/noticiasribeiraopreto.com.br\/wp-content\/uploads\/2024\/07\/1721076852_a3e97088f30f8acd4c21ea69ffbecb43.jpg?fit=1080%2C981&ssl=1&resize=350%2C200","width":350,"height":200,"srcset":"https:\/\/i0.wp.com\/noticiasribeiraopreto.com.br\/wp-content\/uploads\/2024\/07\/1721076852_a3e97088f30f8acd4c21ea69ffbecb43.jpg?fit=1080%2C981&ssl=1&resize=350%2C200 1x, https:\/\/i0.wp.com\/noticiasribeiraopreto.com.br\/wp-content\/uploads\/2024\/07\/1721076852_a3e97088f30f8acd4c21ea69ffbecb43.jpg?fit=1080%2C981&ssl=1&resize=525%2C300 1.5x, https:\/\/i0.wp.com\/noticiasribeiraopreto.com.br\/wp-content\/uploads\/2024\/07\/1721076852_a3e97088f30f8acd4c21ea69ffbecb43.jpg?fit=1080%2C981&ssl=1&resize=700%2C400 2x, https:\/\/i0.wp.com\/noticiasribeiraopreto.com.br\/wp-content\/uploads\/2024\/07\/1721076852_a3e97088f30f8acd4c21ea69ffbecb43.jpg?fit=1080%2C981&ssl=1&resize=1050%2C600 3x"},"classes":[]},{"id":53769,"url":"https:\/\/noticiasribeiraopreto.com.br\/index.php\/2024\/06\/24\/14-vagas-em-ribeirao-preto-sp\/","url_meta":{"origin":16705,"position":1},"title":"14 vagas em Ribeir\u00e3o Preto\/SP","author":"noticiasribeiraopreto.com.br","date":"24 de June de 2024","format":false,"excerpt":"14 vagas em Ribeir\u00e3o Preto\/SPOperador TelemarketingRibeir\u00e3o Preto, SPSal\u00e1rioA combinarContratoCLT (Efetivo)ESTAMOS EM BUSCA DE UM(A) OPERADORA DE TELEMARKETING PARA FAZER PARTE DO NOSSO TIME. ATIVIDADES: - PROSPEC\u00c7\u00c3O DE NOVOS CLIENTES; - APRESENTA\u00c7\u00c3O DA EMPRESA; - BUSCAR NOVOS NEG\u00d3CIOS.Vendedor(a) T\u00e9cnico(a)Ribeir\u00e3o Preto, SPSal\u00e1rioA combinarContratoCLT (Efetivo)N\u00f3s da estamos em busca de um(a) Vendedor(a) T\u00e9cnico(a)\u2026","rel":"","context":"In &quot;Vagas de Emprego em Ribeir\u00e3o Preto-SP&quot;","block_context":{"text":"Vagas de Emprego em Ribeir\u00e3o Preto-SP","link":"https:\/\/noticiasribeiraopreto.com.br\/index.php\/category\/empregos-classificados-vagas-trabalho\/vagas-de-empregos-em-ribeirao-preto-regiao-brasil\/"},"img":{"alt_text":"","src":"https:\/\/i0.wp.com\/noticiasribeiraopreto.com.br\/wp-content\/uploads\/2024\/06\/1719245914_a3e97088f30f8acd4c21ea69ffbecb43.jpg?fit=1080%2C981&ssl=1&resize=350%2C200","width":350,"height":200,"srcset":"https:\/\/i0.wp.com\/noticiasribeiraopreto.com.br\/wp-content\/uploads\/2024\/06\/1719245914_a3e97088f30f8acd4c21ea69ffbecb43.jpg?fit=1080%2C981&ssl=1&resize=350%2C200 1x, https:\/\/i0.wp.com\/noticiasribeiraopreto.com.br\/wp-content\/uploads\/2024\/06\/1719245914_a3e97088f30f8acd4c21ea69ffbecb43.jpg?fit=1080%2C981&ssl=1&resize=525%2C300 1.5x, https:\/\/i0.wp.com\/noticiasribeiraopreto.com.br\/wp-content\/uploads\/2024\/06\/1719245914_a3e97088f30f8acd4c21ea69ffbecb43.jpg?fit=1080%2C981&ssl=1&resize=700%2C400 2x, https:\/\/i0.wp.com\/noticiasribeiraopreto.com.br\/wp-content\/uploads\/2024\/06\/1719245914_a3e97088f30f8acd4c21ea69ffbecb43.jpg?fit=1080%2C981&ssl=1&resize=1050%2C600 3x"},"classes":[]},{"id":84062,"url":"https:\/\/noticiasribeiraopreto.com.br\/index.php\/2026\/04\/01\/servidores-aceitam-proposta-de-511\/","url_meta":{"origin":16705,"position":2},"title":"\u2028Servidores aceitam proposta de 5,11%","author":"noticiasribeiraopreto.com.br","date":"1 de April de 2026","format":false,"excerpt":"Funcionalismo p\u00fablico municipal decidiu aceitar a proposta da gest\u00e3o Ricardo Silva (PSD), de reajuste salarial de 5,11% e corre\u00e7\u00e3o de 7,11% no vale- alimenta\u00e7\u00e3o O funcionalismo p\u00fablico municipal decidiu, em assembleia realizada na noite desta nesta ter\u00e7a-feira, 31 de mar\u00e7o, na sede do Sindicato dos Servidores Municipais de Ribeir\u00e3o Preto,\u2026","rel":"","context":"In &quot;Not\u00edcias de Ribeir\u00e3o Preto-SP e Regi\u00e3o&quot;","block_context":{"text":"Not\u00edcias de Ribeir\u00e3o Preto-SP e Regi\u00e3o","link":"https:\/\/noticiasribeiraopreto.com.br\/index.php\/category\/noticias-de-ribeirao-preto-sp-e-regiao-ismael-colosi\/"},"img":{"alt_text":"","src":"https:\/\/i0.wp.com\/noticiasribeiraopreto.com.br\/wp-content\/uploads\/2026\/04\/ReajusteSSM-Divulgacao-SSMRPGP-scaled.jpg?fit=1177%2C780&ssl=1&resize=350%2C200","width":350,"height":200,"srcset":"https:\/\/i0.wp.com\/noticiasribeiraopreto.com.br\/wp-content\/uploads\/2026\/04\/ReajusteSSM-Divulgacao-SSMRPGP-scaled.jpg?fit=1177%2C780&ssl=1&resize=350%2C200 1x, https:\/\/i0.wp.com\/noticiasribeiraopreto.com.br\/wp-content\/uploads\/2026\/04\/ReajusteSSM-Divulgacao-SSMRPGP-scaled.jpg?fit=1177%2C780&ssl=1&resize=525%2C300 1.5x, https:\/\/i0.wp.com\/noticiasribeiraopreto.com.br\/wp-content\/uploads\/2026\/04\/ReajusteSSM-Divulgacao-SSMRPGP-scaled.jpg?fit=1177%2C780&ssl=1&resize=700%2C400 2x, https:\/\/i0.wp.com\/noticiasribeiraopreto.com.br\/wp-content\/uploads\/2026\/04\/ReajusteSSM-Divulgacao-SSMRPGP-scaled.jpg?fit=1177%2C780&ssl=1&resize=1050%2C600 3x"},"classes":[]},{"id":78003,"url":"https:\/\/noticiasribeiraopreto.com.br\/index.php\/2025\/09\/30\/mudancas-no-vale-alimentacao-devem-ser-anunciadas-em-outubro\/","url_meta":{"origin":16705,"position":3},"title":"Mudan\u00e7as no vale-alimenta\u00e7\u00e3o devem ser anunciadas em outubro","author":"noticiasribeiraopreto.com.br","date":"30 de September de 2025","format":false,"excerpt":"O ministro do Trabalho e Emprego, Luiz Marinho, disse na segunda-feira (29) que o governo deve anunciar em outubro as mudan\u00e7as para o PAT (Programa de Alimenta\u00e7\u00e3o do Trabalhado). A inten\u00e7\u00e3o \u00e9 limitar a taxa de desconto cobradas de bares, restaurantes e supermercados nas vendas com vale-refei\u00e7\u00e3o e vale-alimenta\u00e7\u00e3o. Durante\u2026","rel":"","context":"In &quot;Not\u00edcias de Ribeir\u00e3o Preto-SP e Regi\u00e3o&quot;","block_context":{"text":"Not\u00edcias de Ribeir\u00e3o Preto-SP e Regi\u00e3o","link":"https:\/\/noticiasribeiraopreto.com.br\/index.php\/category\/noticias-de-ribeirao-preto-sp-e-regiao-ismael-colosi\/"},"img":{"alt_text":"","src":"https:\/\/i0.wp.com\/noticiasribeiraopreto.com.br\/wp-content\/uploads\/2025\/09\/vale-alimentacao_2025-09-30_13-55-05.webp.webp?fit=1200%2C800&ssl=1&resize=350%2C200","width":350,"height":200,"srcset":"https:\/\/i0.wp.com\/noticiasribeiraopreto.com.br\/wp-content\/uploads\/2025\/09\/vale-alimentacao_2025-09-30_13-55-05.webp.webp?fit=1200%2C800&ssl=1&resize=350%2C200 1x, https:\/\/i0.wp.com\/noticiasribeiraopreto.com.br\/wp-content\/uploads\/2025\/09\/vale-alimentacao_2025-09-30_13-55-05.webp.webp?fit=1200%2C800&ssl=1&resize=525%2C300 1.5x, https:\/\/i0.wp.com\/noticiasribeiraopreto.com.br\/wp-content\/uploads\/2025\/09\/vale-alimentacao_2025-09-30_13-55-05.webp.webp?fit=1200%2C800&ssl=1&resize=700%2C400 2x, https:\/\/i0.wp.com\/noticiasribeiraopreto.com.br\/wp-content\/uploads\/2025\/09\/vale-alimentacao_2025-09-30_13-55-05.webp.webp?fit=1200%2C800&ssl=1&resize=1050%2C600 3x"},"classes":[]},{"id":55711,"url":"https:\/\/noticiasribeiraopreto.com.br\/index.php\/2024\/08\/05\/14-vagas-em-ribeirao-preto-sp-2\/","url_meta":{"origin":16705,"position":4},"title":"14 vagas em Ribeir\u00e3o Preto\/SP","author":"noticiasribeiraopreto.com.br","date":"5 de August de 2024","format":false,"excerpt":"14 vagas em Ribeir\u00e3o Preto\/SPSOLDADOR TIGRibeir\u00e3o Preto, SPSal\u00e1rioA combinarContratoCLT (Efetivo)Estamos em busca de um(a) Soldador(a) TIG para fazer parte do nosso time. Atividades: - Experi\u00eancia em soldagem e montagem em solda TIG; - Montagem.Engenheiro(a) de VendasRibeir\u00e3o Preto, SPSal\u00e1rioA combinarContratoCLT (Efetivo)Estamos em busca de um(a) Engenheiro(a) de Vendas para fazer parte\u2026","rel":"","context":"In &quot;Vagas de Emprego em Ribeir\u00e3o Preto-SP&quot;","block_context":{"text":"Vagas de Emprego em Ribeir\u00e3o Preto-SP","link":"https:\/\/noticiasribeiraopreto.com.br\/index.php\/category\/empregos-classificados-vagas-trabalho\/vagas-de-empregos-em-ribeirao-preto-regiao-brasil\/"},"img":{"alt_text":"","src":"https:\/\/i0.wp.com\/noticiasribeiraopreto.com.br\/wp-content\/uploads\/2024\/08\/1722892301_a3e97088f30f8acd4c21ea69ffbecb43.jpg?fit=1080%2C981&ssl=1&resize=350%2C200","width":350,"height":200,"srcset":"https:\/\/i0.wp.com\/noticiasribeiraopreto.com.br\/wp-content\/uploads\/2024\/08\/1722892301_a3e97088f30f8acd4c21ea69ffbecb43.jpg?fit=1080%2C981&ssl=1&resize=350%2C200 1x, https:\/\/i0.wp.com\/noticiasribeiraopreto.com.br\/wp-content\/uploads\/2024\/08\/1722892301_a3e97088f30f8acd4c21ea69ffbecb43.jpg?fit=1080%2C981&ssl=1&resize=525%2C300 1.5x, https:\/\/i0.wp.com\/noticiasribeiraopreto.com.br\/wp-content\/uploads\/2024\/08\/1722892301_a3e97088f30f8acd4c21ea69ffbecb43.jpg?fit=1080%2C981&ssl=1&resize=700%2C400 2x, https:\/\/i0.wp.com\/noticiasribeiraopreto.com.br\/wp-content\/uploads\/2024\/08\/1722892301_a3e97088f30f8acd4c21ea69ffbecb43.jpg?fit=1080%2C981&ssl=1&resize=1050%2C600 3x"},"classes":[]},{"id":84729,"url":"https:\/\/noticiasribeiraopreto.com.br\/index.php\/2026\/04\/15\/vereadores-votam-projeto-de-reajuste\/","url_meta":{"origin":16705,"position":5},"title":"Vereadores votam \u2028projeto de reajuste","author":"noticiasribeiraopreto.com.br","date":"15 de April de 2026","format":false,"excerpt":"A C\u00e2mara de Vereadores vota na sess\u00e3o desta quarta-feira, 15 de abril, o projeto de lei complementar da prefeitura de Ribeir\u00e3o Preto que oficializa o reajuste dos servidores p\u00fablicos municipais ativos, inativos e pensionistas da administra\u00e7\u00e3o direta, autarquias e funda\u00e7\u00f5es municipais, al\u00e9m dos funcion\u00e1rios do Legislativo. O projeto foi protocolado\u2026","rel":"","context":"In &quot;Not\u00edcias de Ribeir\u00e3o Preto-SP e Regi\u00e3o&quot;","block_context":{"text":"Not\u00edcias de Ribeir\u00e3o Preto-SP e Regi\u00e3o","link":"https:\/\/noticiasribeiraopreto.com.br\/index.php\/category\/noticias-de-ribeirao-preto-sp-e-regiao-ismael-colosi\/"},"img":{"alt_text":"","src":"https:\/\/i0.wp.com\/noticiasribeiraopreto.com.br\/wp-content\/uploads\/2026\/04\/ReajusteSSM-Divulgacao-SSMRPGP-1-scaled.jpg?fit=1177%2C780&ssl=1&resize=350%2C200","width":350,"height":200,"srcset":"https:\/\/i0.wp.com\/noticiasribeiraopreto.com.br\/wp-content\/uploads\/2026\/04\/ReajusteSSM-Divulgacao-SSMRPGP-1-scaled.jpg?fit=1177%2C780&ssl=1&resize=350%2C200 1x, https:\/\/i0.wp.com\/noticiasribeiraopreto.com.br\/wp-content\/uploads\/2026\/04\/ReajusteSSM-Divulgacao-SSMRPGP-1-scaled.jpg?fit=1177%2C780&ssl=1&resize=525%2C300 1.5x, https:\/\/i0.wp.com\/noticiasribeiraopreto.com.br\/wp-content\/uploads\/2026\/04\/ReajusteSSM-Divulgacao-SSMRPGP-1-scaled.jpg?fit=1177%2C780&ssl=1&resize=700%2C400 2x, https:\/\/i0.wp.com\/noticiasribeiraopreto.com.br\/wp-content\/uploads\/2026\/04\/ReajusteSSM-Divulgacao-SSMRPGP-1-scaled.jpg?fit=1177%2C780&ssl=1&resize=1050%2C600 3x"},"classes":[]}],"jetpack_sharing_enabled":true,"jetpack_shortlink":"https:\/\/wp.me\/peQAOb-4lr","_links":{"self":[{"href":"https:\/\/noticiasribeiraopreto.com.br\/index.php\/wp-json\/wp\/v2\/posts\/16705","targetHints":{"allow":["GET"]}}],"collection":[{"href":"https:\/\/noticiasribeiraopreto.com.br\/index.php\/wp-json\/wp\/v2\/posts"}],"about":[{"href":"https:\/\/noticiasribeiraopreto.com.br\/index.php\/wp-json\/wp\/v2\/types\/post"}],"author":[{"embeddable":true,"href":"https:\/\/noticiasribeiraopreto.com.br\/index.php\/wp-json\/wp\/v2\/users\/1"}],"replies":[{"embeddable":true,"href":"https:\/\/noticiasribeiraopreto.com.br\/index.php\/wp-json\/wp\/v2\/comments?post=16705"}],"version-history":[{"count":0,"href":"https:\/\/noticiasribeiraopreto.com.br\/index.php\/wp-json\/wp\/v2\/posts\/16705\/revisions"}],"wp:featuredmedia":[{"embeddable":true,"href":"https:\/\/noticiasribeiraopreto.com.br\/index.php\/wp-json\/wp\/v2\/media\/16706"}],"wp:attachment":[{"href":"https:\/\/noticiasribeiraopreto.com.br\/index.php\/wp-json\/wp\/v2\/media?parent=16705"}],"wp:term":[{"taxonomy":"category","embeddable":true,"href":"https:\/\/noticiasribeiraopreto.com.br\/index.php\/wp-json\/wp\/v2\/categories?post=16705"},{"taxonomy":"post_tag","embeddable":true,"href":"https:\/\/noticiasribeiraopreto.com.br\/index.php\/wp-json\/wp\/v2\/tags?post=16705"}],"curies":[{"name":"wp","href":"https:\/\/api.w.org\/{rel}","templated":true}]}}