{"id":16734,"date":"2023-12-16T10:36:28","date_gmt":"2023-12-16T13:36:28","guid":{"rendered":"https:\/\/noticiasribeiraopreto.com.br\/index.php\/2023\/12\/16\/aprovado-comite-da-populacao-negra\/"},"modified":"2023-12-16T10:36:28","modified_gmt":"2023-12-16T13:36:28","slug":"aprovado-comite-da-populacao-negra","status":"publish","type":"post","link":"https:\/\/noticiasribeiraopreto.com.br\/index.php\/2023\/12\/16\/aprovado-comite-da-populacao-negra\/","title":{"rendered":"Aprovado \u2018comit\u00ea\u2019 da popula\u00e7\u00e3o negra"},"content":{"rendered":"<div class='code-block code-block-1' style='margin: 8px 0 8px auto; text-align: right; display: block; clear: both;'>\n<p><a href=\"https:\/\/wa.link\/vpicfd\"><img data-recalc-dims=\"1\" class=\"wp-image-4922\" style=\"aspect-ratio: 2.0253164556962027; width: 561px; height: auto;\" src=\"https:\/\/i0.wp.com\/ismaelcolosi.com.br\/wp-content\/uploads\/2023\/11\/grupo-de-empregos-whatsapp-e-facebook-ismael-colosi-vagas.jpg?ssl=1\" alt=\"\" \/><\/a><\/p>\n<!-- \/wp:image -->\n<\/div>\n<p> <br \/>\n<\/p>\n<div id=\"post-367497\">\n<header class=\"entry-header penci-entry-header penci-title-center\">\n<p> <span class=\"entry-meta-item penci-posted-on\"><i class=\"fa fa-clock-o\"\/><time class=\"entry-date published\" datetime=\"2023-12-16T08:30:15-03:00\">16 de dezembro de 2023 | 8:30<\/time><time class=\"updated\" datetime=\"2023-12-15T18:57:45-03:00\">15 de dezembro de 2023 | 18:57<\/time><\/span><\/p>\n<p> <span class=\"penci-social-buttons penci-social-share-footer\"><a href=\"#\" class=\"penci-post-like penci_post-meta_item  single-like-button penci-social-item like\" data-post_id=\"367497\" title=\"Like\" data-like=\"Like\" data-unlike=\"Unlike\"><i class=\"fa fa-thumbs-o-up\"\/><span class=\"penci-share-number\">0<\/span><\/a><i class=\"fa fa-facebook\"\/><a class=\"penci-social-item twitter\" target=\"_blank\" rel=\"noopener\" title=\"\" href=\"https:\/\/twitter.com\/intent\/tweet?text=Aprovado%20\u2018comit\u00ea%20da%20popula\u00e7\u00e3o%20negra%20-%20https:\/\/www.tribunaribeirao.com.br\/site\/aprovado-comite-da-populacao-negra\/\"><i class=\"fa fa-twitter\"\/><\/a><i class=\"fa fa-whatsapp\"\/><\/span><\/header>\n<div class=\"penci-entry-content entry-content\">\n<p><span class=\"TextRun SCXW48788070 BCX0\" lang=\"PT-BR\" xml:lang=\"PT-BR\" data-contrast=\"auto\"><span class=\"NormalTextRun SCXW48788070 BCX0\">Com 20 votos favor\u00e1veis, a <\/span><span class=\"NormalTextRun SCXW48788070 BCX0\">C\u00e2mara de <\/span><span class=\"NormalTextRun SCXW48788070 BCX0\">V<\/span><span class=\"NormalTextRun SCXW48788070 BCX0\">ereadores<\/span> <span class=\"NormalTextRun SpellingErrorV2Themed SCXW48788070 BCX0\">aprovou, na<\/span><span class=\"NormalTextRun SCXW48788070 BCX0\"> quinta-feira, 14 de dezembro, <\/span><span class=\"NormalTextRun SCXW48788070 BCX0\">p<\/span><span class=\"NormalTextRun SCXW48788070 BCX0\">rojeto de <\/span><span class=\"NormalTextRun SCXW48788070 BCX0\">l<\/span><span class=\"NormalTextRun SCXW48788070 BCX0\">ei <\/span><span class=\"NormalTextRun SCXW48788070 BCX0\">c<\/span><span class=\"NormalTextRun SCXW48788070 BCX0\">omplementar <\/span><span class=\"NormalTextRun SCXW48788070 BCX0\">da <\/span><span class=\"NormalTextRun SCXW48788070 BCX0\">prefeitura de Ribeir\u00e3o Preto <\/span><span class=\"NormalTextRun SCXW48788070 BCX0\">que cria o Comit\u00ea T\u00e9cnico Municipal de Sa\u00fade da <\/span><span class=\"NormalTextRun SCXW48788070 BCX0\">P<\/span><span class=\"NormalTextRun SCXW48788070 BCX0\">opula\u00e7\u00e3o <\/span><span class=\"NormalTextRun SCXW48788070 BCX0\">N<\/span><span class=\"NormalTextRun SCXW48788070 BCX0\">egra. A proposta <\/span><span class=\"NormalTextRun SCXW48788070 BCX0\">prev\u00ea <\/span><span class=\"NormalTextRun SCXW48788070 BCX0\">atribui\u00e7\u00f5es <\/span><span class=\"NormalTextRun SCXW48788070 BCX0\">para <\/span><span class=\"NormalTextRun SCXW48788070 BCX0\">avalia<\/span><span class=\"NormalTextRun SCXW48788070 BCX0\">\u00e7\u00e3o e <\/span><span class=\"NormalTextRun SCXW48788070 BCX0\">elabora<\/span><span class=\"NormalTextRun SCXW48788070 BCX0\">\u00e7\u00e3o de <\/span><span class=\"NormalTextRun SCXW48788070 BCX0\">estrat\u00e9gias de promo\u00e7\u00e3o, preven\u00e7\u00e3o, assist\u00eancia e reabilita\u00e7\u00e3o deste p\u00fablico<\/span><span class=\"NormalTextRun SCXW48788070 BCX0\">-alvo<\/span><\/span><span class=\"LineBreakBlob BlobObject DragDrop SCXW48788070 BCX0\"><span class=\"SCXW48788070 BCX0\">\u00a0<\/span><br class=\"SCXW48788070 BCX0\"\/><\/span><span class=\"LineBreakBlob BlobObject DragDrop SCXW48788070 BCX0\"><span class=\"SCXW48788070 BCX0\">\u00a0<\/span><br class=\"SCXW48788070 BCX0\"\/><\/span><span class=\"TextRun SCXW48788070 BCX0\" lang=\"PT-BR\" xml:lang=\"PT-BR\" data-contrast=\"auto\"><span class=\"NormalTextRun SCXW48788070 BCX0\">Tamb\u00e9m dever\u00e1 propor e participar de iniciativas intersetoriais, especialmente em conjunto com o Sistema \u00danico de Sa\u00fade (SUS)<\/span><span class=\"NormalTextRun SCXW48788070 BCX0\">, al\u00e9m d<\/span><span class=\"NormalTextRun SCXW48788070 BCX0\">e fortalecer as redes de coopera\u00e7\u00e3o com organiza\u00e7\u00f5es governamentais e n\u00e3o governamentais, universidades, centros de pesquisa, estabelecimentos de ensino para realizar a\u00e7\u00f5es de sa\u00fade destinadas a popula\u00e7\u00e3o negra.<\/span><\/span><span class=\"LineBreakBlob BlobObject DragDrop SCXW48788070 BCX0\"><span class=\"SCXW48788070 BCX0\">\u00a0<\/span><br class=\"SCXW48788070 BCX0\"\/><\/span><span class=\"LineBreakBlob BlobObject DragDrop SCXW48788070 BCX0\"><span class=\"SCXW48788070 BCX0\">\u00a0<\/span><br class=\"SCXW48788070 BCX0\"\/><\/span><span class=\"TextRun SCXW48788070 BCX0\" lang=\"PT-BR\" xml:lang=\"PT-BR\" data-contrast=\"auto\"><span class=\"NormalTextRun SCXW48788070 BCX0\">O <\/span><span class=\"NormalTextRun SCXW48788070 BCX0\">c<\/span><span class=\"NormalTextRun SCXW48788070 BCX0\">omit\u00ea ser\u00e1 composto por representantes do <\/span><span class=\"NormalTextRun SCXW48788070 BCX0\">g<\/span><span class=\"NormalTextRun SCXW48788070 BCX0\">overno <\/span><span class=\"NormalTextRun SCXW48788070 BCX0\">m<\/span><span class=\"NormalTextRun SCXW48788070 BCX0\">unicipal, da <\/span><span class=\"NormalTextRun SCXW48788070 BCX0\">s<\/span><span class=\"NormalTextRun SCXW48788070 BCX0\">ociedade <\/span><span class=\"NormalTextRun SCXW48788070 BCX0\">c<\/span><span class=\"NormalTextRun SCXW48788070 BCX0\">ivil <\/span><span class=\"NormalTextRun SCXW48788070 BCX0\">o<\/span><span class=\"NormalTextRun SCXW48788070 BCX0\">rganizada, do Conselho Municipal da Sa\u00fade, representantes de ONG<\/span><span class=\"NormalTextRun SCXW48788070 BCX0\">s<\/span><span class=\"NormalTextRun SCXW48788070 BCX0\"> do <\/span><span class=\"NormalTextRun SCXW48788070 BCX0\">m<\/span><span class=\"NormalTextRun SCXW48788070 BCX0\">ovimento <\/span><span class=\"NormalTextRun SCXW48788070 BCX0\">n<\/span><span class=\"NormalTextRun SCXW48788070 BCX0\">egro legalmente constitu\u00eddas <\/span><span class=\"NormalTextRun SCXW48788070 BCX0\">em <\/span><span class=\"NormalTextRun SCXW48788070 BCX0\">Ribeir\u00e3o Preto e do Conselho Municipal de Desenvolvimento e Promo\u00e7\u00e3o da Igualdade Racial.<\/span><\/span><span class=\"LineBreakBlob BlobObject DragDrop SCXW48788070 BCX0\"><span class=\"SCXW48788070 BCX0\">\u00a0<\/span><br class=\"SCXW48788070 BCX0\"\/><\/span><span class=\"LineBreakBlob BlobObject DragDrop SCXW48788070 BCX0\"><span class=\"SCXW48788070 BCX0\">\u00a0<\/span><br class=\"SCXW48788070 BCX0\"\/><\/span><span class=\"TextRun SCXW48788070 BCX0\" lang=\"PT-BR\" xml:lang=\"PT-BR\" data-contrast=\"auto\"><span class=\"NormalTextRun SCXW48788070 BCX0\">A prefeitura argumenta que a cidade instituiu<\/span><span class=\"NormalTextRun SCXW48788070 BCX0\">,<\/span><span class=\"NormalTextRun SCXW48788070 BCX0\"> em 2006, por meio da <\/span><span class=\"NormalTextRun SCXW48788070 BCX0\">l<\/span><span class=\"NormalTextRun SCXW48788070 BCX0\">ei <\/span><span class=\"NormalTextRun SCXW48788070 BCX0\">c<\/span><span class=\"NormalTextRun SCXW48788070 BCX0\">omplementar n\u00ba 2.148\/2006, o Comit\u00ea Municipal de Sa\u00fade da Popula\u00e7\u00e3o Negra. No entanto, segundo o governo, ap\u00f3s mais de uma d\u00e9cada, a lei encontra-se desatualizada. <\/span><\/span><span class=\"LineBreakBlob BlobObject DragDrop SCXW48788070 BCX0\"><span class=\"SCXW48788070 BCX0\">\u00a0<\/span><br class=\"SCXW48788070 BCX0\"\/><\/span><span class=\"LineBreakBlob BlobObject DragDrop SCXW48788070 BCX0\"><span class=\"SCXW48788070 BCX0\">\u00a0<\/span><br class=\"SCXW48788070 BCX0\"\/><\/span><span class=\"TextRun SCXW48788070 BCX0\" lang=\"PT-BR\" xml:lang=\"PT-BR\" data-contrast=\"auto\"><span class=\"NormalTextRun SCXW48788070 BCX0\">\u201cPor esta raz\u00e3o, a mesma est\u00e1 sendo revogada e est\u00e1 sendo criado o Comit\u00ea T\u00e9cnico Municipal de Sa\u00fade da Popula\u00e7\u00e3o Negra que visa dar nova estrutura ao \u00f3rg\u00e3o\u201d, afirma.<\/span><span class=\"NormalTextRun SCXW48788070 BCX0\"> C<\/span><span class=\"NormalTextRun SCXW48788070 BCX0\">om a mudan\u00e7a a prefeitura afirma que ser\u00e3o contempladas as <\/span><span class=\"NormalTextRun SCXW48788070 BCX0\">s<\/span><span class=\"NormalTextRun SCXW48788070 BCX0\">ecretarias e demais <\/span><span class=\"NormalTextRun SCXW48788070 BCX0\">\u00f3<\/span><span class=\"NormalTextRun SCXW48788070 BCX0\">rg\u00e3os para auxiliarem na elabora\u00e7\u00e3o das estrat\u00e9gias e prioridades de a\u00e7\u00f5es de promo\u00e7\u00e3o, preven\u00e7\u00e3o, assist\u00eancia e reabilita\u00e7\u00e3o da sa\u00fade da popula\u00e7\u00e3o negra. <\/span><\/span><span class=\"LineBreakBlob BlobObject DragDrop SCXW48788070 BCX0\"><span class=\"SCXW48788070 BCX0\">\u00a0<\/span><br class=\"SCXW48788070 BCX0\"\/><\/span><span class=\"LineBreakBlob BlobObject DragDrop SCXW48788070 BCX0\"><span class=\"SCXW48788070 BCX0\">\u00a0<\/span><br class=\"SCXW48788070 BCX0\"\/><\/span><span class=\"TextRun SCXW48788070 BCX0\" lang=\"PT-BR\" xml:lang=\"PT-BR\" data-contrast=\"auto\"><strong><span class=\"NormalTextRun SCXW48788070 BCX0\">Educa\u00e7\u00e3o <\/span><\/strong><span class=\"NormalTextRun SCXW48788070 BCX0\">\u2013<\/span><\/span><span class=\"TextRun SCXW48788070 BCX0\" lang=\"PT-BR\" xml:lang=\"PT-BR\" data-contrast=\"auto\"><span class=\"NormalTextRun SCXW48788070 BCX0\"> Desde come\u00e7o do ano Ribeir\u00e3o Preto tem um centro de refer\u00eancia \u00e9tnico. Inaugurado em janeiro, pela Prefeitura de Ribeir\u00e3o Preto, por meio da Secretaria Municipal da Educa\u00e7\u00e3o, o Centro de Refer\u00eancia para as Rela\u00e7\u00f5es \u00c9tnico-Raciais \u00e9 o primeiro da Am\u00e9rica Latina. <\/span><span class=\"NormalTextRun SCXW48788070 BCX0\">F<\/span><span class=\"NormalTextRun SCXW48788070 BCX0\">ica na <\/span><span class=\"NormalTextRun SCXW48788070 BCX0\">r<\/span><span class=\"NormalTextRun SCXW48788070 BCX0\">ua Goi\u00e1s<\/span><span class=\"NormalTextRun SCXW48788070 BCX0\"> n\u00ba <\/span><span class=\"NormalTextRun SCXW48788070 BCX0\">1.072, no<\/span><span class=\"NormalTextRun SCXW48788070 BCX0\">s <\/span><span class=\"NormalTextRun SCXW48788070 BCX0\">Campos El\u00edseos<\/span><span class=\"NormalTextRun SCXW48788070 BCX0\">.<\/span><\/span><span class=\"LineBreakBlob BlobObject DragDrop SCXW48788070 BCX0\"><span class=\"SCXW48788070 BCX0\">\u00a0<\/span><br class=\"SCXW48788070 BCX0\"\/><\/span><span class=\"LineBreakBlob BlobObject DragDrop SCXW48788070 BCX0\"><span class=\"SCXW48788070 BCX0\">\u00a0<\/span><br class=\"SCXW48788070 BCX0\"\/><\/span><span class=\"TextRun SCXW48788070 BCX0\" lang=\"PT-BR\" xml:lang=\"PT-BR\" data-contrast=\"auto\"><span class=\"NormalTextRun SCXW48788070 BCX0\">T<\/span><span class=\"NormalTextRun SCXW48788070 BCX0\">em como objetivo apoiar e contribuir com as a\u00e7\u00f5es da rede municipal de ensino no desenvolvimento de pr\u00e1ticas de conscientiza\u00e7\u00e3o junto \u00e0s comunidades escolares em raz\u00e3o da discrimina\u00e7\u00e3o \u00e9tnico-racial. Tamb\u00e9m \u00e9 <\/span><span class=\"NormalTextRun SCXW48788070 BCX0\">respons\u00e1vel pelas diretrizes curriculares da Educa\u00e7\u00e3o Municipal nas rela\u00e7\u00f5es \u00e9tnico-raciais e do ensino de Hist\u00f3ria e da Cultura afro-brasileira, africana e ind\u00edgena e das demais etnias que formam a popula\u00e7\u00e3o ribeir\u00e3o-pretana.<\/span><\/span><span class=\"LineBreakBlob BlobObject DragDrop SCXW48788070 BCX0\"><span class=\"SCXW48788070 BCX0\">\u00a0<\/span><br class=\"SCXW48788070 BCX0\"\/><\/span><span class=\"LineBreakBlob BlobObject DragDrop SCXW48788070 BCX0\"><span class=\"SCXW48788070 BCX0\">\u00a0<\/span><br class=\"SCXW48788070 BCX0\"\/><\/span><span class=\"EOP SCXW48788070 BCX0\" data-ccp-props=\"{&quot;201341983&quot;:0,&quot;335559739&quot;:200,&quot;335559740&quot;:276}\">\u00a0<\/span><\/p>\n<\/div>\n<footer class=\"penci-entry-footer\"\/><\/div>\n<p><script async src=\"\/\/platform.twitter.com\/widgets.js\" charset=\"utf-8\"><\/script><br \/>\n<br \/><br \/>\n<br \/><a href=\"https:\/\/www.tribunaribeirao.com.br\/site\/aprovado-comite-da-populacao-negra\/\">Source link <\/a><\/p>\n<!-- CONTENT END 1 -->\n","protected":false},"excerpt":{"rendered":"<p>16 de dezembro de 2023 | 8:3015 de dezembro de 2023 | 18:57 0 Com 20 votos favor\u00e1veis, a C\u00e2mara de Vereadores aprovou, na quinta-feira,&#8230;<\/p>\n","protected":false},"author":1,"featured_media":16735,"comment_status":"open","ping_status":"open","sticky":false,"template":"","format":"standard","meta":{"advanced_seo_description":"","jetpack_seo_html_title":"","jetpack_seo_noindex":false,"jetpack_post_was_ever_published":false,"_jetpack_newsletter_access":"","_jetpack_dont_email_post_to_subs":false,"_jetpack_newsletter_tier_id":0,"_jetpack_memberships_contains_paywalled_content":false,"_jetpack_memberships_contains_paid_content":false,"footnotes":"","jetpack_publicize_message":"","jetpack_publicize_feature_enabled":true,"jetpack_social_post_already_shared":true,"jetpack_social_options":{"image_generator_settings":{"template":"highway","default_image_id":0,"font":"","enabled":false},"version":2}},"categories":[11],"tags":[730,2259,2260,1525],"class_list":["post-16734","post","type-post","status-publish","format-standard","has-post-thumbnail","hentry","category-noticias-de-ribeirao-preto-sp-e-regiao-ismael-colosi","tag-aprovado","tag-comite","tag-negra","tag-populacao"],"jetpack_publicize_connections":[],"jetpack_featured_media_url":"https:\/\/i0.wp.com\/noticiasribeiraopreto.com.br\/wp-content\/uploads\/2023\/12\/95388358_gettyimages-148460242.jpg?fit=800%2C450&ssl=1","jetpack-related-posts":[{"id":23752,"url":"https:\/\/noticiasribeiraopreto.com.br\/index.php\/2024\/01\/02\/brasil-tera-novo-feriado-a-partir-deste-ano-meu-valor-digital\/","url_meta":{"origin":16734,"position":0},"title":"Brasil ter\u00e1 novo feriado a partir deste ano &#8211; Meu Valor Digital","author":"noticiasribeiraopreto.com.br","date":"2 de January de 2024","format":false,"excerpt":"Muitos brasileiros podem achar que o pa\u00eds j\u00e1 tem feriado demais! Para desagrado dessa parcela de cidad\u00e3os, em 2024, teremos mais um feriado nacional. Teremos dez feriados nacionais, sendo que apenas tr\u00eas v\u00e3o cair pr\u00f3ximos a um fim de semana, ou seja, na segunda-feira ou na sexta-feira. Essas s\u00e3o aquelas\u2026","rel":"","context":"In &quot;Vagas de Emprego em Ribeir\u00e3o Preto-SP&quot;","block_context":{"text":"Vagas de Emprego em Ribeir\u00e3o Preto-SP","link":"https:\/\/noticiasribeiraopreto.com.br\/index.php\/category\/empregos-classificados-vagas-trabalho\/vagas-de-empregos-em-ribeirao-preto-regiao-brasil\/"},"img":{"alt_text":"","src":"https:\/\/i0.wp.com\/noticiasribeiraopreto.com.br\/wp-content\/uploads\/2024\/01\/4-feriado.jpg?fit=1200%2C800&ssl=1&resize=350%2C200","width":350,"height":200,"srcset":"https:\/\/i0.wp.com\/noticiasribeiraopreto.com.br\/wp-content\/uploads\/2024\/01\/4-feriado.jpg?fit=1200%2C800&ssl=1&resize=350%2C200 1x, https:\/\/i0.wp.com\/noticiasribeiraopreto.com.br\/wp-content\/uploads\/2024\/01\/4-feriado.jpg?fit=1200%2C800&ssl=1&resize=525%2C300 1.5x, https:\/\/i0.wp.com\/noticiasribeiraopreto.com.br\/wp-content\/uploads\/2024\/01\/4-feriado.jpg?fit=1200%2C800&ssl=1&resize=700%2C400 2x, https:\/\/i0.wp.com\/noticiasribeiraopreto.com.br\/wp-content\/uploads\/2024\/01\/4-feriado.jpg?fit=1200%2C800&ssl=1&resize=1050%2C600 3x"},"classes":[]},{"id":60270,"url":"https:\/\/noticiasribeiraopreto.com.br\/index.php\/2024\/11\/09\/dia-da-consciencia-negra-e-feriado-nacional-entenda\/","url_meta":{"origin":16734,"position":1},"title":"Dia da Consci\u00eancia Negra \u00e9 feriado nacional? Entenda","author":"noticiasribeiraopreto.com.br","date":"9 de November de 2024","format":false,"excerpt":"O Dia da Consci\u00eancia Negra \u00e9 comemorado em 20 de novembro. Afinal, a data \u00e9 considerada feriado nacional? A resposta \u00e9 sim, j\u00e1 que a Lei 14.759\/2023, sancionada pelo presidente Luiz In\u00e1cio Lula da Silva, em dezembro de 2023, tornou a data feriado em todo o Brasil. Antes, a data\u2026","rel":"","context":"In &quot;Not\u00edcias de Ribeir\u00e3o Preto-SP e Regi\u00e3o&quot;","block_context":{"text":"Not\u00edcias de Ribeir\u00e3o Preto-SP e Regi\u00e3o","link":"https:\/\/noticiasribeiraopreto.com.br\/index.php\/category\/noticias-de-ribeirao-preto-sp-e-regiao-ismael-colosi\/"},"img":{"alt_text":"","src":"https:\/\/i0.wp.com\/noticiasribeiraopreto.com.br\/wp-content\/uploads\/2024\/11\/consciencia-negra_2024-11-09_16-35-58_jpg_2024-11-09_16-35-58.webp.webp?fit=941%2C625&ssl=1&resize=350%2C200","width":350,"height":200,"srcset":"https:\/\/i0.wp.com\/noticiasribeiraopreto.com.br\/wp-content\/uploads\/2024\/11\/consciencia-negra_2024-11-09_16-35-58_jpg_2024-11-09_16-35-58.webp.webp?fit=941%2C625&ssl=1&resize=350%2C200 1x, https:\/\/i0.wp.com\/noticiasribeiraopreto.com.br\/wp-content\/uploads\/2024\/11\/consciencia-negra_2024-11-09_16-35-58_jpg_2024-11-09_16-35-58.webp.webp?fit=941%2C625&ssl=1&resize=525%2C300 1.5x, https:\/\/i0.wp.com\/noticiasribeiraopreto.com.br\/wp-content\/uploads\/2024\/11\/consciencia-negra_2024-11-09_16-35-58_jpg_2024-11-09_16-35-58.webp.webp?fit=941%2C625&ssl=1&resize=700%2C400 2x"},"classes":[]},{"id":41964,"url":"https:\/\/noticiasribeiraopreto.com.br\/index.php\/2024\/03\/12\/detentos-sao-beneficiados-por-primeira-saida-temporaria-de-2024\/","url_meta":{"origin":16734,"position":2},"title":"Detentos s\u00e3o beneficiados por primeira sa\u00edda tempor\u00e1ria de 2024","author":"noticiasribeiraopreto.com.br","date":"12 de March de 2024","format":false,"excerpt":"Milhares de presos do regime semiaberto receberam o benef\u00edcio que vai de 12 a 18 de mar\u00e7o e pode ser um dos \u00faltimos se projeto para acabar com a saidinha for aprovado pelo Congresso 12 de mar\u00e7o de 2024 | 11:18 2Por: Adalberto LuqueV\u00e1rios presos da regi\u00e3o e milhares em\u2026","rel":"","context":"In &quot;Not\u00edcias de Ribeir\u00e3o Preto-SP e Regi\u00e3o&quot;","block_context":{"text":"Not\u00edcias de Ribeir\u00e3o Preto-SP e Regi\u00e3o","link":"https:\/\/noticiasribeiraopreto.com.br\/index.php\/category\/noticias-de-ribeirao-preto-sp-e-regiao-ismael-colosi\/"},"img":{"alt_text":"","src":"https:\/\/i0.wp.com\/noticiasribeiraopreto.com.br\/wp-content\/uploads\/2024\/03\/00-12-mar-2024-saidinha-temporafia-foto-antonio-cruz-agencia-brasil.jpg?fit=1000%2C598&ssl=1&resize=350%2C200","width":350,"height":200,"srcset":"https:\/\/i0.wp.com\/noticiasribeiraopreto.com.br\/wp-content\/uploads\/2024\/03\/00-12-mar-2024-saidinha-temporafia-foto-antonio-cruz-agencia-brasil.jpg?fit=1000%2C598&ssl=1&resize=350%2C200 1x, https:\/\/i0.wp.com\/noticiasribeiraopreto.com.br\/wp-content\/uploads\/2024\/03\/00-12-mar-2024-saidinha-temporafia-foto-antonio-cruz-agencia-brasil.jpg?fit=1000%2C598&ssl=1&resize=525%2C300 1.5x, https:\/\/i0.wp.com\/noticiasribeiraopreto.com.br\/wp-content\/uploads\/2024\/03\/00-12-mar-2024-saidinha-temporafia-foto-antonio-cruz-agencia-brasil.jpg?fit=1000%2C598&ssl=1&resize=700%2C400 2x"},"classes":[]},{"id":11716,"url":"https:\/\/noticiasribeiraopreto.com.br\/index.php\/2023\/12\/06\/ong-oferece-cursos-gratuitos-de-ingles-e-bolsas-de-intercambio\/","url_meta":{"origin":16734,"position":3},"title":"ONG oferece cursos gratuitos de ingl\u00eas e bolsas de interc\u00e2mbio","author":"noticiasribeiraopreto.com.br","date":"6 de December de 2023","format":false,"excerpt":"A ONG Soul Bil\u00edngue est\u00e1 inscri\u00e7\u00f5es abertas no programa de cursos gratuitos de ingl\u00eas e bolsas de interc\u00e2mbio para as turmas do primeiro semestre de 2024. S\u00e3o oferecidas 330 vagas para jovens moradores do Norte, Nordeste e Sudeste do Brasil, com idade de 18 a 26 anos, renda per capita\u2026","rel":"","context":"In &quot;Variedades&quot;","block_context":{"text":"Variedades","link":"https:\/\/noticiasribeiraopreto.com.br\/index.php\/category\/variedades\/"},"img":{"alt_text":"","src":"https:\/\/i0.wp.com\/noticiasribeiraopreto.com.br\/wp-content\/uploads\/2023\/12\/londres.jpg?fit=1200%2C638&ssl=1&resize=350%2C200","width":350,"height":200,"srcset":"https:\/\/i0.wp.com\/noticiasribeiraopreto.com.br\/wp-content\/uploads\/2023\/12\/londres.jpg?fit=1200%2C638&ssl=1&resize=350%2C200 1x, https:\/\/i0.wp.com\/noticiasribeiraopreto.com.br\/wp-content\/uploads\/2023\/12\/londres.jpg?fit=1200%2C638&ssl=1&resize=525%2C300 1.5x, https:\/\/i0.wp.com\/noticiasribeiraopreto.com.br\/wp-content\/uploads\/2023\/12\/londres.jpg?fit=1200%2C638&ssl=1&resize=700%2C400 2x, https:\/\/i0.wp.com\/noticiasribeiraopreto.com.br\/wp-content\/uploads\/2023\/12\/londres.jpg?fit=1200%2C638&ssl=1&resize=1050%2C600 3x"},"classes":[]},{"id":68377,"url":"https:\/\/noticiasribeiraopreto.com.br\/index.php\/2025\/04\/24\/vai-ter-mais-feriados-prolongados-em-2025-veja-o-calendario\/","url_meta":{"origin":16734,"position":4},"title":"Vai ter mais feriados prolongados em 2025? Veja o calend\u00e1rio","author":"noticiasribeiraopreto.com.br","date":"24 de April de 2025","format":false,"excerpt":"Com o fim do feriado de Tiradentes, a popula\u00e7\u00e3o de Ribeir\u00e3o Preto j\u00e1 pode se planejar para os pr\u00f3ximos dias de folga ao longo de 2025. A lista inclui feriados nacionais, estaduais e pontos facultativos que impactam o funcionamento de servi\u00e7os p\u00fablicos e privados na cidade. Confira: Maio 1\u00ba de\u2026","rel":"","context":"In &quot;Not\u00edcias de Ribeir\u00e3o Preto-SP e Regi\u00e3o&quot;","block_context":{"text":"Not\u00edcias de Ribeir\u00e3o Preto-SP e Regi\u00e3o","link":"https:\/\/noticiasribeiraopreto.com.br\/index.php\/category\/noticias-de-ribeirao-preto-sp-e-regiao-ismael-colosi\/"},"img":{"alt_text":"","src":"https:\/\/i0.wp.com\/noticiasribeiraopreto.com.br\/wp-content\/uploads\/2025\/01\/Copia-de-Copia-de-Copia-de-TAMANHO-EXATO-PARA-FOTOS-NO-SISTEMA-NOVO-2025-01-22T154849.670_2025-01-22_18-48-57_png_2025-01-22_18-48-57.webp.webp?fit=1200%2C675&ssl=1&resize=350%2C200","width":350,"height":200,"srcset":"https:\/\/i0.wp.com\/noticiasribeiraopreto.com.br\/wp-content\/uploads\/2025\/01\/Copia-de-Copia-de-Copia-de-TAMANHO-EXATO-PARA-FOTOS-NO-SISTEMA-NOVO-2025-01-22T154849.670_2025-01-22_18-48-57_png_2025-01-22_18-48-57.webp.webp?fit=1200%2C675&ssl=1&resize=350%2C200 1x, https:\/\/i0.wp.com\/noticiasribeiraopreto.com.br\/wp-content\/uploads\/2025\/01\/Copia-de-Copia-de-Copia-de-TAMANHO-EXATO-PARA-FOTOS-NO-SISTEMA-NOVO-2025-01-22T154849.670_2025-01-22_18-48-57_png_2025-01-22_18-48-57.webp.webp?fit=1200%2C675&ssl=1&resize=525%2C300 1.5x, https:\/\/i0.wp.com\/noticiasribeiraopreto.com.br\/wp-content\/uploads\/2025\/01\/Copia-de-Copia-de-Copia-de-TAMANHO-EXATO-PARA-FOTOS-NO-SISTEMA-NOVO-2025-01-22T154849.670_2025-01-22_18-48-57_png_2025-01-22_18-48-57.webp.webp?fit=1200%2C675&ssl=1&resize=700%2C400 2x, https:\/\/i0.wp.com\/noticiasribeiraopreto.com.br\/wp-content\/uploads\/2025\/01\/Copia-de-Copia-de-Copia-de-TAMANHO-EXATO-PARA-FOTOS-NO-SISTEMA-NOVO-2025-01-22T154849.670_2025-01-22_18-48-57_png_2025-01-22_18-48-57.webp.webp?fit=1200%2C675&ssl=1&resize=1050%2C600 3x"},"classes":[]},{"id":60573,"url":"https:\/\/noticiasribeiraopreto.com.br\/index.php\/2024\/11\/18\/dia-da-consciencia-negra-e-feriado-em-ribeirao-preto-entenda\/","url_meta":{"origin":16734,"position":5},"title":"Dia da Consci\u00eancia Negra \u00e9 feriado em Ribeir\u00e3o Preto? Entenda","author":"noticiasribeiraopreto.com.br","date":"18 de November de 2024","format":false,"excerpt":"O Dia da Consci\u00eancia Negra ser\u00e1 celebrado, nesta quarta-feira (20), pela primeira vez em todo o pa\u00eds. A data que relembra a morte de Zumbi dos Palmares, em 1695, se tornou feriado nacional em dezembro de 2023. Antes da promulga\u00e7\u00e3o da Lei 14.759\/2023, a data era comemorada apenas em algumas\u2026","rel":"","context":"In &quot;Not\u00edcias de Ribeir\u00e3o Preto-SP e Regi\u00e3o&quot;","block_context":{"text":"Not\u00edcias de Ribeir\u00e3o Preto-SP e Regi\u00e3o","link":"https:\/\/noticiasribeiraopreto.com.br\/index.php\/category\/noticias-de-ribeirao-preto-sp-e-regiao-ismael-colosi\/"},"img":{"alt_text":"","src":"https:\/\/i0.wp.com\/noticiasribeiraopreto.com.br\/wp-content\/uploads\/2024\/11\/mg_5808_01.webp.webp?fit=1024%2C768&ssl=1&resize=350%2C200","width":350,"height":200,"srcset":"https:\/\/i0.wp.com\/noticiasribeiraopreto.com.br\/wp-content\/uploads\/2024\/11\/mg_5808_01.webp.webp?fit=1024%2C768&ssl=1&resize=350%2C200 1x, https:\/\/i0.wp.com\/noticiasribeiraopreto.com.br\/wp-content\/uploads\/2024\/11\/mg_5808_01.webp.webp?fit=1024%2C768&ssl=1&resize=525%2C300 1.5x, https:\/\/i0.wp.com\/noticiasribeiraopreto.com.br\/wp-content\/uploads\/2024\/11\/mg_5808_01.webp.webp?fit=1024%2C768&ssl=1&resize=700%2C400 2x"},"classes":[]}],"jetpack_sharing_enabled":true,"jetpack_shortlink":"https:\/\/wp.me\/peQAOb-4lU","_links":{"self":[{"href":"https:\/\/noticiasribeiraopreto.com.br\/index.php\/wp-json\/wp\/v2\/posts\/16734","targetHints":{"allow":["GET"]}}],"collection":[{"href":"https:\/\/noticiasribeiraopreto.com.br\/index.php\/wp-json\/wp\/v2\/posts"}],"about":[{"href":"https:\/\/noticiasribeiraopreto.com.br\/index.php\/wp-json\/wp\/v2\/types\/post"}],"author":[{"embeddable":true,"href":"https:\/\/noticiasribeiraopreto.com.br\/index.php\/wp-json\/wp\/v2\/users\/1"}],"replies":[{"embeddable":true,"href":"https:\/\/noticiasribeiraopreto.com.br\/index.php\/wp-json\/wp\/v2\/comments?post=16734"}],"version-history":[{"count":0,"href":"https:\/\/noticiasribeiraopreto.com.br\/index.php\/wp-json\/wp\/v2\/posts\/16734\/revisions"}],"wp:featuredmedia":[{"embeddable":true,"href":"https:\/\/noticiasribeiraopreto.com.br\/index.php\/wp-json\/wp\/v2\/media\/16735"}],"wp:attachment":[{"href":"https:\/\/noticiasribeiraopreto.com.br\/index.php\/wp-json\/wp\/v2\/media?parent=16734"}],"wp:term":[{"taxonomy":"category","embeddable":true,"href":"https:\/\/noticiasribeiraopreto.com.br\/index.php\/wp-json\/wp\/v2\/categories?post=16734"},{"taxonomy":"post_tag","embeddable":true,"href":"https:\/\/noticiasribeiraopreto.com.br\/index.php\/wp-json\/wp\/v2\/tags?post=16734"}],"curies":[{"name":"wp","href":"https:\/\/api.w.org\/{rel}","templated":true}]}}