{"id":16744,"date":"2023-12-16T11:00:43","date_gmt":"2023-12-16T14:00:43","guid":{"rendered":"https:\/\/noticiasribeiraopreto.com.br\/index.php\/2023\/12\/16\/congresso-finalmente-aprova-reforma-tributaria-agora-so-falta-um-passo-para-ela-entrar-em-vigor\/"},"modified":"2023-12-16T11:00:43","modified_gmt":"2023-12-16T14:00:43","slug":"congresso-finalmente-aprova-reforma-tributaria-agora-so-falta-um-passo-para-ela-entrar-em-vigor","status":"publish","type":"post","link":"https:\/\/noticiasribeiraopreto.com.br\/index.php\/2023\/12\/16\/congresso-finalmente-aprova-reforma-tributaria-agora-so-falta-um-passo-para-ela-entrar-em-vigor\/","title":{"rendered":"Congresso finalmente aprova reforma tribut\u00e1ria; agora s\u00f3 falta um passo para ela entrar em vigor"},"content":{"rendered":"<div class='code-block code-block-1' style='margin: 8px 0 8px auto; text-align: right; display: block; clear: both;'>\n<p><a href=\"https:\/\/wa.link\/vpicfd\"><img data-recalc-dims=\"1\" class=\"wp-image-4922\" style=\"aspect-ratio: 2.0253164556962027; width: 561px; height: auto;\" src=\"https:\/\/i0.wp.com\/ismaelcolosi.com.br\/wp-content\/uploads\/2023\/11\/grupo-de-empregos-whatsapp-e-facebook-ismael-colosi-vagas.jpg?ssl=1\" alt=\"\" \/><\/a><\/p>\n<!-- \/wp:image -->\n<\/div>\n<p> <br \/>\n<\/p>\n<div id=\"js-first-letter\">\n<p>Falta apenas um passo para que a <strong>reforma tribut\u00e1ria<\/strong> sobre o consumo no Brasil entre em vigor.<\/p>\n<p>No fim da noite de sexta-feira (15), a C\u00e2mara dos Deputados aprovou em segundo turno o texto-base da reforma. Foram 365 votos a favor, 116 contra e uma absten\u00e7\u00e3o.<\/p>\n<p>Logo em seguida, os parlamentares votaram dois destaques antes do encerramento da sess\u00e3o, no fim da noite de sexta-feira.<\/p>\n<p>O primeiro manteve o texto original, mas o segundo retirou as armas e muni\u00e7\u00f5es do imposto seletivo, por 293 votos a favor e 193 contr\u00e1rios.<\/p>\n<div class=\"banner banner-inArticle banner-inArticle--mobile\">\n<div class=\"banner-side\">\n<p class=\"borderAD\" style=\"display: none;\">CONTINUA DEPOIS DA PUBLICIDADE<\/p>\n<\/div>\n<\/div>\n<div class=\"banner banner-inArticle banner-inArticle--desktop\">\n<div class=\"banner-side\">\n<p class=\"borderAD\" style=\"display: none;\">CONTINUA DEPOIS DA PUBLICIDADE<\/p>\n<\/div>\n<\/div>\n<h2 class=\"wp-block-heading\" id=\"h-promulgacao-da-reforma-tributaria-e-esperada-para-a-proxima-semana\">Promulga\u00e7\u00e3o da reforma tribut\u00e1ria \u00e9 esperada para a pr\u00f3xima semana<\/h2>\n<p>Como a reforma tribut\u00e1ria n\u00e3o sofreu altera\u00e7\u00f5es de m\u00e9rito em rela\u00e7\u00e3o ao texto aprovado pelo Senado, o Congresso promulgar\u00e1 a emenda constitucional da reforma tribut\u00e1ria na pr\u00f3xima semana, anunciou mais cedo o deputado Jos\u00e9 Guimar\u00e3es (PT-CE), l\u00edder do governo na C\u00e2mara.<\/p>\n<p>A inten\u00e7\u00e3o do presidente da C\u00e2mara, Arthur Lira (PP-AL), \u00e9 promulgar a reforma na pr\u00f3xima quarta-feira (20), em cerim\u00f4nia conjunta com o Senado.<\/p>\n<h2 class=\"wp-block-heading\" id=\"h-aprovacao-encerra-30-anos-de-debates-sobre-reforma-tributaria\">Aprova\u00e7\u00e3o encerra 30 anos de debates sobre reforma tribut\u00e1ria<\/h2>\n<p>Com o fim da vota\u00e7\u00e3o, o Congresso conclui mais de 30 anos de debates sobre o tema.<\/p>\n<p>\u201cNeste momento hist\u00f3rico em que muitos de n\u00f3s perguntamos se est\u00e1 acontecendo, o parlamento brasileiro entregou um novo sistema tribut\u00e1rio. Esse sistema que n\u00f3s temos est\u00e1 falido h\u00e1 muito tempo. A carga [tribut\u00e1ria] \u00e9 alt\u00edssima no pa\u00eds, mas estamos reduzindo porque aumentamos a base de arrecada\u00e7\u00e3o. Hoje, quem paga s\u00e3o os que menos t\u00eam e mais precisam\u201d, declarou o relator da reforma e l\u00edder da maioria na C\u00e2mara, deputado Aguinaldo Ribeiro (PP-PB).<\/p>\n<h2 class=\"wp-block-heading\" id=\"h-votacao-da-reforma-tributaria-em-primeiro-turno-tambem-ocorreu-ontem\">Vota\u00e7\u00e3o da reforma tribut\u00e1ria em primeiro turno tamb\u00e9m ocorreu ontem<\/h2>\n<p>Por volta das 17h30 da sexta-feira, <a href=\"https:\/\/www.seudinheiro.com\/2023\/politica\/camara-aprova-de-novo-reforma-tributaria-em-primeiro-turno-o-que-falta-para-a-pec-comecar-a-valer-lvit\/\">a C\u00e2mara tinha aprovado o texto-base da reforma tribut\u00e1ria em primeiro turno<\/a>.<\/p>\n<p>Ap\u00f3s cerca de tr\u00eas horas de debate, os deputados aprovaram tr\u00eas destaques e rejeitaram sete.<\/p>\n<p>Os destaques aprovados mantiveram incentivos ao setor automotivo e a fabricantes de baterias do Norte, Nordeste e Centro-Oeste e reinstitu\u00edram a autoriza\u00e7\u00e3o para que o sal\u00e1rio de auditores-fiscais estaduais e municipais sejam igualados aos dos ministros do Supremo Tribunal Federal (STF).<\/p>\n<h3 class=\"wp-block-heading\" id=\"h-a-dinheirista-vendi-meu-vale-alimentacao-e-agora-estou-sendo-ameacada\"><a href=\"https:\/\/youtu.be\/plZodys_sF0\">A DINHEIRISTA<\/a>\u00a0&#8211; VENDI MEU VALE-ALIMENTA\u00c7\u00c3O E AGORA ESTOU SENDO AMEA\u00c7ADA!<\/h3>\n<figure class=\"wp-block-embed is-type-video is-provider-youtube wp-block-embed-youtube wp-embed-aspect-16-9 wp-has-aspect-ratio\">\n<p>\n<iframe loading=\"lazy\" title=\"VENDI MEU VALE-ALIMENTA\u00c7\u00c3O E AGORA ESTOU SENDO AMEA\u00c7ADA! I A DINHEIRISTA\" width=\"500\" height=\"281\" src=\"https:\/\/www.youtube.com\/embed\/plZodys_sF0?feature=oembed\" frameborder=\"0\" allow=\"accelerometer; autoplay; clipboard-write; encrypted-media; gyroscope; picture-in-picture; web-share\" referrerpolicy=\"strict-origin-when-cross-origin\" allowfullscreen><\/iframe>\n<\/p>\n<\/figure>\n<p>Os destaques rejeitados impediram altera\u00e7\u00f5es em rela\u00e7\u00e3o ao texto do relator.<\/p>\n<p>Os parlamentares n\u00e3o reinclu\u00edram os regimes espec\u00edficos para os setores de saneamento e concess\u00e3o de rodovias.<\/p>\n<p>Mais cedo, os deputados mantiveram, por 326 votos a 161, o imposto seletivo sobre os armamentos e as muni\u00e7\u00f5es, exceto se comprados pela Administra\u00e7\u00e3o P\u00fablica, mas a quest\u00e3o acabou revertida posteriormente. O imposto seletivo incidir\u00e1 sobre produtos prejudiciais \u00e0 sa\u00fade e ao ambiente.<\/p>\n<h2 class=\"wp-block-heading\" id=\"h-por-que-a-reforma-tributaria-precisou-voltar-para-a-camara\">Por que a reforma tribut\u00e1ria precisou voltar para a C\u00e2mara<\/h2>\n<p>A reforma tribut\u00e1ria j\u00e1 havia sido aprovada pela C\u00e2mara, mas sofreu altera\u00e7\u00f5es no Senado.<\/p>\n<p>O relator, deputado Aguinaldo Ribeiro (PP-PB), retirou v\u00e1rios pontos inclu\u00eddos pelo Senado no in\u00edcio de novembro.<\/p>\n<p>Ca\u00edram a cesta b\u00e1sica estendida, que teria al\u00edquota reduzida em 60%, e regimes especiais para o saneamento e o transporte a\u00e9reo. Em contrapartida, o deputado Aguinaldo Ribeiro (PP-PB), manteve o benef\u00edcio a profissionais liberais, que pagar\u00e3o al\u00edquota 30% menor.<\/p>\n<p>A retirada de exce\u00e7\u00f5es tem como objetivo reduzir a al\u00edquota padr\u00e3o do futuro Imposto sobre Valor Adicionado (IVA).<\/p>\n<p>Quando a reforma foi aprovada pela primeira vez na C\u00e2mara, em julho, o Minist\u00e9rio da Fazenda estimava que o IVA cobrado sobre a maioria dos produtos ficaria entre 24,45% e 27%.<\/p>\n<p>Com as exce\u00e7\u00f5es inclu\u00eddas pelo Senado, a al\u00edquota subiria para 27,5%. Isso faria o Brasil ter a maior al\u00edquota entre os pa\u00edses que adotam o imposto tipo IVA.<\/p>\n<p>Atualmente, o pa\u00eds com o IVA mais alto \u00e9 a Hungria, com 27% de imposto.<\/p>\n<\/div>\n<p><br \/>\n<br \/><a href=\"https:\/\/www.seudinheiro.com\/2023\/politica\/reforma-tributaria-camara-aprova-segundo-turno-rsgp\/\">Source link <\/a><\/p>\n<!-- CONTENT END 1 -->\n","protected":false},"excerpt":{"rendered":"<p>Falta apenas um passo para que a reforma tribut\u00e1ria sobre o consumo no Brasil entre em vigor. No fim da noite de sexta-feira (15), a&#8230;<\/p>\n","protected":false},"author":1,"featured_media":16745,"comment_status":"open","ping_status":"open","sticky":false,"template":"","format":"standard","meta":{"advanced_seo_description":"","jetpack_seo_html_title":"","jetpack_seo_noindex":false,"jetpack_post_was_ever_published":false,"_jetpack_newsletter_access":"","_jetpack_dont_email_post_to_subs":false,"_jetpack_newsletter_tier_id":0,"_jetpack_memberships_contains_paywalled_content":false,"_jetpack_memberships_contains_paid_content":false,"footnotes":"","jetpack_publicize_message":"","jetpack_publicize_feature_enabled":true,"jetpack_social_post_already_shared":true,"jetpack_social_options":{"image_generator_settings":{"template":"highway","default_image_id":0,"font":"","enabled":false},"version":2}},"categories":[1235],"tags":[],"class_list":["post-16744","post","type-post","status-publish","format-standard","has-post-thumbnail","hentry","category-dinheiro-e-investimento-como-fazer-como-ganhar"],"jetpack_publicize_connections":[],"jetpack_featured_media_url":"https:\/\/i0.wp.com\/noticiasribeiraopreto.com.br\/wp-content\/uploads\/2023\/12\/Congresso-Mercados-v4-Alta-628x353.jpg?fit=628%2C353&ssl=1","jetpack-related-posts":[{"id":16499,"url":"https:\/\/noticiasribeiraopreto.com.br\/index.php\/2023\/12\/15\/camara-aprova-de-novo-reforma-tributaria-em-primeiro-turno-o-que-falta-para-a-pec-comecar-a-valer\/","url_meta":{"origin":16744,"position":0},"title":"C\u00e2mara aprova (de novo) reforma tribut\u00e1ria em primeiro turno; o que falta para a PEC come\u00e7ar a valer?","author":"noticiasribeiraopreto.com.br","date":"15 de December de 2023","format":false,"excerpt":"A C\u00e2mara dos Deputados acaba de aprovar nesta sexta-feira (15) em vota\u00e7\u00e3o de primeiro turno a Proposta de Emenda \u00e0 Constitui\u00e7\u00e3o (PEC) da Reforma Tribut\u00e1ria. Em sess\u00e3o sempresencial esvaziada, mas com possibilidade de voto virtual, 371 deputados deram sinal verde ao texto, enquanto outros 121 se manisfestaram contra. O placar\u2026","rel":"","context":"In &quot;Dinheiro e Investimento&quot;","block_context":{"text":"Dinheiro e Investimento","link":"https:\/\/noticiasribeiraopreto.com.br\/index.php\/category\/dinheiro-e-investimento-como-fazer-como-ganhar\/"},"img":{"alt_text":"","src":"https:\/\/i0.wp.com\/noticiasribeiraopreto.com.br\/wp-content\/uploads\/2023\/12\/camara-dos-deputados-pec-emergencial-628x353.jpg?fit=628%2C353&ssl=1&resize=350%2C200","width":350,"height":200,"srcset":"https:\/\/i0.wp.com\/noticiasribeiraopreto.com.br\/wp-content\/uploads\/2023\/12\/camara-dos-deputados-pec-emergencial-628x353.jpg?fit=628%2C353&ssl=1&resize=350%2C200 1x, https:\/\/i0.wp.com\/noticiasribeiraopreto.com.br\/wp-content\/uploads\/2023\/12\/camara-dos-deputados-pec-emergencial-628x353.jpg?fit=628%2C353&ssl=1&resize=525%2C300 1.5x"},"classes":[]},{"id":16921,"url":"https:\/\/noticiasribeiraopreto.com.br\/index.php\/2023\/12\/16\/aprovada-reforma-tributaria-historica\/","url_meta":{"origin":16744,"position":1},"title":"Aprovada reforma tribut\u00e1ria hist\u00f3rica\u00a0 &#8211; Jornal Tribuna Ribeir\u00e3o","author":"noticiasribeiraopreto.com.br","date":"16 de December de 2023","format":false,"excerpt":"Ap\u00f3s 30 anos de tentativas frustradas, a C\u00e2mara dos Deputados aprovou, em vota\u00e7\u00e3o hist\u00f3rica nesta sexta-feira, 15 de dezembro, o texto final da Proposta de Emenda \u00e0 Constitui\u00e7\u00e3o (PEC) da Reforma Tribut\u00e1ria. \u00c9 a primeira grande mudan\u00e7a no sistema de tributos desde o fim da ditadura militar no pa\u00eds. \u00a0\u00a0A\u2026","rel":"","context":"In &quot;Not\u00edcias de Ribeir\u00e3o Preto-SP e Regi\u00e3o&quot;","block_context":{"text":"Not\u00edcias de Ribeir\u00e3o Preto-SP e Regi\u00e3o","link":"https:\/\/noticiasribeiraopreto.com.br\/index.php\/category\/noticias-de-ribeirao-preto-sp-e-regiao-ismael-colosi\/"},"img":{"alt_text":"","src":"https:\/\/i0.wp.com\/noticiasribeiraopreto.com.br\/wp-content\/uploads\/2023\/12\/Tributo-Lula-Marques-Ag.Br_-scaled.jpg?fit=1000%2C590&ssl=1&resize=350%2C200","width":350,"height":200,"srcset":"https:\/\/i0.wp.com\/noticiasribeiraopreto.com.br\/wp-content\/uploads\/2023\/12\/Tributo-Lula-Marques-Ag.Br_-scaled.jpg?fit=1000%2C590&ssl=1&resize=350%2C200 1x, https:\/\/i0.wp.com\/noticiasribeiraopreto.com.br\/wp-content\/uploads\/2023\/12\/Tributo-Lula-Marques-Ag.Br_-scaled.jpg?fit=1000%2C590&ssl=1&resize=525%2C300 1.5x, https:\/\/i0.wp.com\/noticiasribeiraopreto.com.br\/wp-content\/uploads\/2023\/12\/Tributo-Lula-Marques-Ag.Br_-scaled.jpg?fit=1000%2C590&ssl=1&resize=700%2C400 2x"},"classes":[]},{"id":18891,"url":"https:\/\/noticiasribeiraopreto.com.br\/index.php\/2023\/12\/21\/brasil-ganha-reforma-tributaria-mas-implementacao-vai-levar-tempo\/","url_meta":{"origin":16744,"position":2},"title":"Brasil ganha reforma tribut\u00e1ria, mas implementa\u00e7\u00e3o vai levar tempo","author":"noticiasribeiraopreto.com.br","date":"21 de December de 2023","format":false,"excerpt":"A aprova\u00e7\u00e3o da primeira reforma tribut\u00e1ria desde a ditadura vem dominando o notici\u00e1rio econ\u00f4mico neste fim de ano. E a vit\u00f3ria do governo na \u00faltima quarta-feira (20) j\u00e1 vem rendendo frutos: a ag\u00eancia de classifica\u00e7\u00e3o de risco de cr\u00e9dito S&P elevou o rating do Brasil, deixando o pa\u00eds a apenas\u2026","rel":"","context":"In &quot;Dinheiro e Investimento&quot;","block_context":{"text":"Dinheiro e Investimento","link":"https:\/\/noticiasribeiraopreto.com.br\/index.php\/category\/dinheiro-e-investimento-como-fazer-como-ganhar\/"},"img":{"alt_text":"","src":"https:\/\/i0.wp.com\/noticiasribeiraopreto.com.br\/wp-content\/uploads\/2023\/12\/a81t0135.jpeg?fit=1024%2C768&ssl=1&resize=350%2C200","width":350,"height":200,"srcset":"https:\/\/i0.wp.com\/noticiasribeiraopreto.com.br\/wp-content\/uploads\/2023\/12\/a81t0135.jpeg?fit=1024%2C768&ssl=1&resize=350%2C200 1x, https:\/\/i0.wp.com\/noticiasribeiraopreto.com.br\/wp-content\/uploads\/2023\/12\/a81t0135.jpeg?fit=1024%2C768&ssl=1&resize=525%2C300 1.5x, https:\/\/i0.wp.com\/noticiasribeiraopreto.com.br\/wp-content\/uploads\/2023\/12\/a81t0135.jpeg?fit=1024%2C768&ssl=1&resize=700%2C400 2x"},"classes":[]},{"id":17642,"url":"https:\/\/noticiasribeiraopreto.com.br\/index.php\/2023\/12\/18\/o-que-muda-com-reforma-tributaria\/","url_meta":{"origin":16744,"position":3},"title":"o que muda com reforma tribut\u00e1ria","author":"noticiasribeiraopreto.com.br","date":"18 de December de 2023","format":false,"excerpt":"Aprovada na sexta-feira, 15, ap\u00f3s 30 anos de discuss\u00e3o, a reforma tribut\u00e1ria simplificar\u00e1 a tributa\u00e7\u00e3o sobre o consumo e provocar\u00e1 mudan\u00e7a na vida dos brasileiros na hora de comprar produtos e servi\u00e7os. Cr\u00e9ditos: istock\/joa_souzaCesta b\u00e1sica, combust\u00edvel, servi\u00e7os: o que muda com reforma tribut\u00e1ria Cesta b\u00e1sica, rem\u00e9dios, combust\u00edveis, servi\u00e7os de internet\u2026","rel":"","context":"In &quot;Variedades&quot;","block_context":{"text":"Variedades","link":"https:\/\/noticiasribeiraopreto.com.br\/index.php\/category\/variedades\/"},"img":{"alt_text":"","src":"https:\/\/i0.wp.com\/noticiasribeiraopreto.com.br\/wp-content\/uploads\/2023\/12\/istock-1344796730.jpg?fit=1200%2C638&ssl=1&resize=350%2C200","width":350,"height":200,"srcset":"https:\/\/i0.wp.com\/noticiasribeiraopreto.com.br\/wp-content\/uploads\/2023\/12\/istock-1344796730.jpg?fit=1200%2C638&ssl=1&resize=350%2C200 1x, https:\/\/i0.wp.com\/noticiasribeiraopreto.com.br\/wp-content\/uploads\/2023\/12\/istock-1344796730.jpg?fit=1200%2C638&ssl=1&resize=525%2C300 1.5x, https:\/\/i0.wp.com\/noticiasribeiraopreto.com.br\/wp-content\/uploads\/2023\/12\/istock-1344796730.jpg?fit=1200%2C638&ssl=1&resize=700%2C400 2x, https:\/\/i0.wp.com\/noticiasribeiraopreto.com.br\/wp-content\/uploads\/2023\/12\/istock-1344796730.jpg?fit=1200%2C638&ssl=1&resize=1050%2C600 3x"},"classes":[]},{"id":35954,"url":"https:\/\/noticiasribeiraopreto.com.br\/index.php\/2024\/02\/08\/entenda-como-as-novas-regras-da-reforma-tributaria-vao-afetar-o-seu-dia-a-dia\/","url_meta":{"origin":16744,"position":4},"title":"Entenda como as novas regras da Reforma tribut\u00e1ria v\u00e3o afetar o seu dia a dia","author":"noticiasribeiraopreto.com.br","date":"8 de February de 2024","format":false,"excerpt":"Imagem: Google A reforma tribut\u00e1ria, que terminou sua vota\u00e7\u00e3o na C\u00e2mara dos Deputados na madrugada desta sexta-feira (7), traz diversas mudan\u00e7as nos impostos relacionados ao consumo, inclusive aqueles voltados para cestas b\u00e1sicas e medicamentos, afetando o dia a dia do povo brasileiro. Isso porque essas mudan\u00e7as afetam diretamente o consumidor\u2026","rel":"","context":"In &quot;Dinheiro e Investimento&quot;","block_context":{"text":"Dinheiro e Investimento","link":"https:\/\/noticiasribeiraopreto.com.br\/index.php\/category\/dinheiro-e-investimento-como-fazer-como-ganhar\/"},"img":{"alt_text":"","src":"https:\/\/i0.wp.com\/noticiasribeiraopreto.com.br\/wp-content\/uploads\/2024\/02\/front-view-finance-business-elements-assortment.webp.jpeg?fit=1200%2C675&ssl=1&resize=350%2C200","width":350,"height":200,"srcset":"https:\/\/i0.wp.com\/noticiasribeiraopreto.com.br\/wp-content\/uploads\/2024\/02\/front-view-finance-business-elements-assortment.webp.jpeg?fit=1200%2C675&ssl=1&resize=350%2C200 1x, https:\/\/i0.wp.com\/noticiasribeiraopreto.com.br\/wp-content\/uploads\/2024\/02\/front-view-finance-business-elements-assortment.webp.jpeg?fit=1200%2C675&ssl=1&resize=525%2C300 1.5x, https:\/\/i0.wp.com\/noticiasribeiraopreto.com.br\/wp-content\/uploads\/2024\/02\/front-view-finance-business-elements-assortment.webp.jpeg?fit=1200%2C675&ssl=1&resize=700%2C400 2x, https:\/\/i0.wp.com\/noticiasribeiraopreto.com.br\/wp-content\/uploads\/2024\/02\/front-view-finance-business-elements-assortment.webp.jpeg?fit=1200%2C675&ssl=1&resize=1050%2C600 3x"},"classes":[]},{"id":17802,"url":"https:\/\/noticiasribeiraopreto.com.br\/index.php\/2023\/12\/19\/veja-o-que-fica-mais-barato-e-o-que-fica-mais-caro\/","url_meta":{"origin":16744,"position":5},"title":"veja o que fica mais barato e o que fica mais caro","author":"noticiasribeiraopreto.com.br","date":"19 de December de 2023","format":false,"excerpt":"Aprovada na sexta-feira, 15, ap\u00f3s 30 anos de discuss\u00e3o, a reforma tribut\u00e1ria simplificar\u00e1 a tributa\u00e7\u00e3o sobre o consumo e provocar\u00e1 mudan\u00e7a na vida dos brasileiros na hora de comprar produtos e servi\u00e7os. Cr\u00e9ditos: Istock\/Edson SouzaReforma tribut\u00e1ria: Veja o que fica mais barato e o que fica mais caro Cesta b\u00e1sica,\u2026","rel":"","context":"In &quot;Variedades&quot;","block_context":{"text":"Variedades","link":"https:\/\/noticiasribeiraopreto.com.br\/index.php\/category\/variedades\/"},"img":{"alt_text":"","src":"https:\/\/i0.wp.com\/noticiasribeiraopreto.com.br\/wp-content\/uploads\/2023\/12\/istock-1379164747.jpg?fit=1200%2C638&ssl=1&resize=350%2C200","width":350,"height":200,"srcset":"https:\/\/i0.wp.com\/noticiasribeiraopreto.com.br\/wp-content\/uploads\/2023\/12\/istock-1379164747.jpg?fit=1200%2C638&ssl=1&resize=350%2C200 1x, https:\/\/i0.wp.com\/noticiasribeiraopreto.com.br\/wp-content\/uploads\/2023\/12\/istock-1379164747.jpg?fit=1200%2C638&ssl=1&resize=525%2C300 1.5x, https:\/\/i0.wp.com\/noticiasribeiraopreto.com.br\/wp-content\/uploads\/2023\/12\/istock-1379164747.jpg?fit=1200%2C638&ssl=1&resize=700%2C400 2x, https:\/\/i0.wp.com\/noticiasribeiraopreto.com.br\/wp-content\/uploads\/2023\/12\/istock-1379164747.jpg?fit=1200%2C638&ssl=1&resize=1050%2C600 3x"},"classes":[]}],"jetpack_sharing_enabled":true,"jetpack_shortlink":"https:\/\/wp.me\/peQAOb-4m4","_links":{"self":[{"href":"https:\/\/noticiasribeiraopreto.com.br\/index.php\/wp-json\/wp\/v2\/posts\/16744","targetHints":{"allow":["GET"]}}],"collection":[{"href":"https:\/\/noticiasribeiraopreto.com.br\/index.php\/wp-json\/wp\/v2\/posts"}],"about":[{"href":"https:\/\/noticiasribeiraopreto.com.br\/index.php\/wp-json\/wp\/v2\/types\/post"}],"author":[{"embeddable":true,"href":"https:\/\/noticiasribeiraopreto.com.br\/index.php\/wp-json\/wp\/v2\/users\/1"}],"replies":[{"embeddable":true,"href":"https:\/\/noticiasribeiraopreto.com.br\/index.php\/wp-json\/wp\/v2\/comments?post=16744"}],"version-history":[{"count":0,"href":"https:\/\/noticiasribeiraopreto.com.br\/index.php\/wp-json\/wp\/v2\/posts\/16744\/revisions"}],"wp:featuredmedia":[{"embeddable":true,"href":"https:\/\/noticiasribeiraopreto.com.br\/index.php\/wp-json\/wp\/v2\/media\/16745"}],"wp:attachment":[{"href":"https:\/\/noticiasribeiraopreto.com.br\/index.php\/wp-json\/wp\/v2\/media?parent=16744"}],"wp:term":[{"taxonomy":"category","embeddable":true,"href":"https:\/\/noticiasribeiraopreto.com.br\/index.php\/wp-json\/wp\/v2\/categories?post=16744"},{"taxonomy":"post_tag","embeddable":true,"href":"https:\/\/noticiasribeiraopreto.com.br\/index.php\/wp-json\/wp\/v2\/tags?post=16744"}],"curies":[{"name":"wp","href":"https:\/\/api.w.org\/{rel}","templated":true}]}}