{"id":16746,"date":"2023-12-16T11:03:44","date_gmt":"2023-12-16T14:03:44","guid":{"rendered":"https:\/\/noticiasribeiraopreto.com.br\/index.php\/2023\/12\/16\/anac-abre-concurso-publico-para-70-vagas-de-nivel-superior\/"},"modified":"2023-12-16T11:03:44","modified_gmt":"2023-12-16T14:03:44","slug":"anac-abre-concurso-publico-para-70-vagas-de-nivel-superior","status":"publish","type":"post","link":"https:\/\/noticiasribeiraopreto.com.br\/index.php\/2023\/12\/16\/anac-abre-concurso-publico-para-70-vagas-de-nivel-superior\/","title":{"rendered":"ANAC abre concurso p\u00fablico para 70 vagas de n\u00edvel superior"},"content":{"rendered":"<div class='code-block code-block-1' style='margin: 8px 0 8px auto; text-align: right; display: block; clear: both;'>\n<p><a href=\"https:\/\/wa.link\/vpicfd\"><img data-recalc-dims=\"1\" class=\"wp-image-4922\" style=\"aspect-ratio: 2.0253164556962027; width: 561px; height: auto;\" src=\"https:\/\/i0.wp.com\/ismaelcolosi.com.br\/wp-content\/uploads\/2023\/11\/grupo-de-empregos-whatsapp-e-facebook-ismael-colosi-vagas.jpg?ssl=1\" alt=\"\" \/><\/a><\/p>\n<!-- \/wp:image -->\n<\/div>\n<p> <br \/>\n<\/p>\n<div>\n<div id=\"attachment_2327341\" class=\"wp-caption alignnone\">\n<div class=\"d-flex justify-content-center\" data-attachment-id=\"2327341\">\n<div class=\"position-relative d-inline-block\"><img data-recalc-dims=\"1\" data-portal-copyright=\"IStock\" fetchpriority=\"high\" decoding=\"async\" class=\"size-medium wp-image-2327341\" src=\"https:\/\/i0.wp.com\/catracalivre.com.br\/wp-content\/uploads\/2023\/12\/istock-495639272-450x300.jpg?resize=450%2C300&#038;ssl=1\" alt=\"ANAC abre Concurso P\u00fablico\" width=\"450\" height=\"300\" srcset=\"https:\/\/catracalivre.com.br\/wp-content\/uploads\/2023\/12\/istock-495639272-450x300.jpg 450w, https:\/\/catracalivre.com.br\/wp-content\/uploads\/2023\/12\/istock-495639272-910x607.jpg 910w, https:\/\/catracalivre.com.br\/wp-content\/uploads\/2023\/12\/istock-495639272-768x513.jpg 768w, https:\/\/catracalivre.com.br\/wp-content\/uploads\/2023\/12\/istock-495639272.jpg 1254w\" sizes=\"(max-width: 450px) 100vw, 450px\"\/><\/p>\n<p>Cr\u00e9ditos: IStock<\/p>\n<\/div>\n<\/div>\n<p><span class=\"post-imagem__legenda\">ANAC abre Concurso P\u00fablico<\/span><\/p>\n<\/div>\n<p>A Ag\u00eancia Nacional de Avia\u00e7\u00e3o Civil (ANAC) lan\u00e7a o edital n\u00ba 1\/2023 para <a href=\"https:\/\/catracalivre.com.br\/carreira\/13-concursos-publicos-com-salarios-de-ate-r-19-mil\/\">concurso<\/a> p\u00fablico, disponibilizando 70 vagas imediatas e a forma\u00e7\u00e3o de um banco reserva. As oportunidades s\u00e3o direcionadas a profissionais com forma\u00e7\u00e3o superior completa e t\u00eam lota\u00e7\u00e3o prevista para S\u00e3o Paulo ou Distrito Federal, conforme demanda da institui\u00e7\u00e3o.<\/p>\n<p>Oportunidades para Diversidade e Especializa\u00e7\u00e3o<\/p>\n<p>Al\u00e9m das vagas de ampla concorr\u00eancia, o <a href=\"https:\/\/catracalivre.com.br\/educacao\/sites-oferecem-cursos-online-gratuitos-de-preparacao-para-concursos-publicos\/\">concurso<\/a> reserva posi\u00e7\u00f5es espec\u00edficas para pessoas com defici\u00eancia e candidatos afrodescendentes. A remunera\u00e7\u00e3o para os selecionados \u00e9 de R$ 16.413,35, com carga hor\u00e1ria de 40 horas semanais.<\/p>\n<p>Cargos e Responsabilidades<\/p>\n<p>Os cargos dispon\u00edveis para profissionais de n\u00edvel superior incluem Especialista em Regula\u00e7\u00e3o de Avia\u00e7\u00e3o Civil, subdividido em tr\u00eas \u00e1reas distintas. O profissional nesse cargo tem como atribui\u00e7\u00f5es:<br \/>Realizar atividades especializadas de regula\u00e7\u00e3o, inspe\u00e7\u00e3o, fiscaliza\u00e7\u00e3o e controle da avia\u00e7\u00e3o civil.<br \/>Atuar nos servi\u00e7os a\u00e9reos, infraestrutura aeroportu\u00e1ria civil e sistemas aeron\u00e1uticos.<br \/>Auxiliar na implementa\u00e7\u00e3o de pol\u00edticas e estudos relacionados \u00e0s atividades.<br \/>Requisitos e Inscri\u00e7\u00f5es<\/p>\n<p>Os requisitos para os cargos variam conforme a \u00e1rea de atua\u00e7\u00e3o. Para a inscri\u00e7\u00e3o, que ocorre via site oficial, o per\u00edodo vai de 13 de dezembro de 2023, a partir das 10h, at\u00e9 4 de janeiro de 2024, \u00e0s 18h, sendo necess\u00e1rio o pagamento de uma taxa no valor de R$ 160,00.<\/p>\n<div class=\"partner d-flex rounded shadow-sm p-2 mb-3 align-items-center\" id=\"partner\" data-print=\"ignore\">\n<div class=\"image mr-2\">\n<img data-recalc-dims=\"1\" src=\"https:\/\/i0.wp.com\/robohash.org\/b730afd4cf5c5d237c7f93163ed023b6.png?resize=110%2C110&#038;ssl=1\" width=\"110\" height=\"110\" title=\"Thatyana Costa\" loading=\"lazy\" decoding=\"async\" class=\"rounded-circle\"\/>\n<\/div>\n<\/div>\n<\/div>\n<p><script>\n\t\t! function(f, b, e, v, n, t, s) {\n\t\t\tif (f.fbq) return;\n\t\t\tn = f.fbq = function() {\n\t\t\t\tn.callMethod ?\n\t\t\t\t\tn.callMethod.apply(n, arguments) : n.queue.push(arguments)\n\t\t\t};\n\t\t\tif (!f._fbq) f._fbq = n;\n\t\t\tn.push = n;\n\t\t\tn.loaded = !0;\n\t\t\tn.version = '2.0';\n\t\t\tn.queue = [];\n\t\t\tt = b.createElement(e);\n\t\t\tt.async = !0;\n\t\t\tt.src = v;\n\t\t\ts = b.getElementsByTagName(e)[0];\n\t\t\ts.parentNode.insertBefore(t, s)\n\t\t}(window, document, 'script',\n\t\t\t'https:\/\/connect.facebook.net\/en_US\/fbevents.js');\n\t\tfbq('init', '338315473262380');\n\t\tfbq('track', 'PageView');\n\t<\/script><br \/>\n<br \/><br \/>\n<br \/><a href=\"https:\/\/catracalivre.com.br\/educacao\/anac-abre-concurso-publico-para-70-vagas-de-nivel-superior\/\">Source link <\/a><\/p>\n<!-- CONTENT END 1 -->\n","protected":false},"excerpt":{"rendered":"<p>Cr\u00e9ditos: IStock ANAC abre Concurso P\u00fablico A Ag\u00eancia Nacional de Avia\u00e7\u00e3o Civil (ANAC) lan\u00e7a o edital n\u00ba 1\/2023 para concurso p\u00fablico, disponibilizando 70 vagas imediatas&#8230;<\/p>\n","protected":false},"author":1,"featured_media":16747,"comment_status":"open","ping_status":"open","sticky":false,"template":"","format":"standard","meta":{"advanced_seo_description":"","jetpack_seo_html_title":"","jetpack_seo_noindex":false,"jetpack_post_was_ever_published":false,"_jetpack_newsletter_access":"","_jetpack_dont_email_post_to_subs":false,"_jetpack_newsletter_tier_id":0,"_jetpack_memberships_contains_paywalled_content":false,"_jetpack_memberships_contains_paid_content":false,"footnotes":"","jetpack_publicize_message":"","jetpack_publicize_feature_enabled":true,"jetpack_social_post_already_shared":true,"jetpack_social_options":{"image_generator_settings":{"template":"highway","default_image_id":0,"font":"","enabled":false},"version":2}},"categories":[19],"tags":[],"class_list":["post-16746","post","type-post","status-publish","format-standard","has-post-thumbnail","hentry","category-variedades"],"jetpack_publicize_connections":[],"jetpack_featured_media_url":"https:\/\/i0.wp.com\/noticiasribeiraopreto.com.br\/wp-content\/uploads\/2023\/12\/istock-495639272.jpg?fit=1200%2C638&ssl=1","jetpack-related-posts":[{"id":15908,"url":"https:\/\/noticiasribeiraopreto.com.br\/index.php\/2023\/12\/14\/concurso-publico-da-anac-oferece-70-vagas-para-sao-paulo-e-distrito-federal\/","url_meta":{"origin":16746,"position":0},"title":"Concurso p\u00fablico da ANAC oferece 70 vagas para S\u00e3o Paulo e Distrito Federal","author":"noticiasribeiraopreto.com.br","date":"14 de December de 2023","format":false,"excerpt":"Cr\u00e9ditos: IStockConcurso P\u00fablico da ANAC A Ag\u00eancia Nacional de Avia\u00e7\u00e3o Civil (ANAC) anuncia edital de n\u00ba 1\/2023 para concurso p\u00fablico, que prev\u00ea o preenchimento de 70 vagas imediatas e forma\u00e7\u00e3o de banco reserva. As oportunidades abrangem profissionais de n\u00edvel superior completo, com lota\u00e7\u00e3o pela administra\u00e7\u00e3o em S\u00e3o Paulo ou Distrito\u2026","rel":"","context":"In &quot;Variedades&quot;","block_context":{"text":"Variedades","link":"https:\/\/noticiasribeiraopreto.com.br\/index.php\/category\/variedades\/"},"img":{"alt_text":"","src":"https:\/\/i0.wp.com\/noticiasribeiraopreto.com.br\/wp-content\/uploads\/2023\/12\/istock-857317792.jpg?fit=1200%2C638&ssl=1&resize=350%2C200","width":350,"height":200,"srcset":"https:\/\/i0.wp.com\/noticiasribeiraopreto.com.br\/wp-content\/uploads\/2023\/12\/istock-857317792.jpg?fit=1200%2C638&ssl=1&resize=350%2C200 1x, https:\/\/i0.wp.com\/noticiasribeiraopreto.com.br\/wp-content\/uploads\/2023\/12\/istock-857317792.jpg?fit=1200%2C638&ssl=1&resize=525%2C300 1.5x, https:\/\/i0.wp.com\/noticiasribeiraopreto.com.br\/wp-content\/uploads\/2023\/12\/istock-857317792.jpg?fit=1200%2C638&ssl=1&resize=700%2C400 2x, https:\/\/i0.wp.com\/noticiasribeiraopreto.com.br\/wp-content\/uploads\/2023\/12\/istock-857317792.jpg?fit=1200%2C638&ssl=1&resize=1050%2C600 3x"},"classes":[]},{"id":13352,"url":"https:\/\/noticiasribeiraopreto.com.br\/index.php\/2023\/12\/09\/concurso-anac-sao-70-vagas-para-nivel-superior-salarios-de-ate-r-16-413-vale-alimentacao-de-r-65800-beneficios\/","url_meta":{"origin":16746,"position":1},"title":"Concurso ANAC: S\u00e3o 70 vagas para n\u00edvel superior, sal\u00e1rios de at\u00e9 R$ 16.413 + vale-alimenta\u00e7\u00e3o de R$ 658,00 + benef\u00edcios","author":"noticiasribeiraopreto.com.br","date":"9 de December de 2023","format":false,"excerpt":"Foto: Canva O edital do concurso p\u00fablico da ANAC foi publicado e visa preencher 70 vagas dispon\u00edveis na Ag\u00eancia. Poder\u00e3o se candidatar no certame, brasileiros que possuem o ensino superior completo. A Ag\u00eancia Nacional de Avia\u00e7\u00e3o Civil (ANAC) anunciou que as inscri\u00e7\u00f5es para o aguardado Concurso P\u00fablico ter\u00e3o in\u00edcio no\u2026","rel":"","context":"In &quot;Vagas de Emprego em Ribeir\u00e3o Preto-SP&quot;","block_context":{"text":"Vagas de Emprego em Ribeir\u00e3o Preto-SP","link":"https:\/\/noticiasribeiraopreto.com.br\/index.php\/category\/empregos-classificados-vagas-trabalho\/vagas-de-empregos-em-ribeirao-preto-regiao-brasil\/"},"img":{"alt_text":"","src":"https:\/\/i0.wp.com\/noticiasribeiraopreto.com.br\/wp-content\/uploads\/2023\/12\/concurso-publico-anac-vagas-edital-830x450.jpg?fit=830%2C450&ssl=1&resize=350%2C200","width":350,"height":200,"srcset":"https:\/\/i0.wp.com\/noticiasribeiraopreto.com.br\/wp-content\/uploads\/2023\/12\/concurso-publico-anac-vagas-edital-830x450.jpg?fit=830%2C450&ssl=1&resize=350%2C200 1x, https:\/\/i0.wp.com\/noticiasribeiraopreto.com.br\/wp-content\/uploads\/2023\/12\/concurso-publico-anac-vagas-edital-830x450.jpg?fit=830%2C450&ssl=1&resize=525%2C300 1.5x, https:\/\/i0.wp.com\/noticiasribeiraopreto.com.br\/wp-content\/uploads\/2023\/12\/concurso-publico-anac-vagas-edital-830x450.jpg?fit=830%2C450&ssl=1&resize=700%2C400 2x"},"classes":[]},{"id":16538,"url":"https:\/\/noticiasribeiraopreto.com.br\/index.php\/2023\/12\/15\/concurso-anac-prazo-de-inscricoes-ja-esta-aberto-70-vagas-com-inicias-de-r-16-mil\/","url_meta":{"origin":16746,"position":2},"title":"Concurso ANAC: prazo de inscri\u00e7\u00f5es j\u00e1 est\u00e1 aberto; 70 vagas com inicias de R$ 16 mil","author":"noticiasribeiraopreto.com.br","date":"15 de December de 2023","format":false,"excerpt":"Edital do concurso ANAC prev\u00ea vagas para o cargo de Especialista em Regula\u00e7\u00e3o de Avia\u00e7\u00e3o Civil. Inscri\u00e7\u00f5es v\u00e3o at\u00e9 o dia 04 de janeiro. J\u00e1 est\u00e3o abertas as inscri\u00e7\u00f5es do concurso ANAC. Os interessados em participar da sele\u00e7\u00e3o podem realizar a efetiva\u00e7\u00e3o no certame por meio do site da banca\u2026","rel":"","context":"In &quot;Vagas de Emprego em Ribeir\u00e3o Preto-SP&quot;","block_context":{"text":"Vagas de Emprego em Ribeir\u00e3o Preto-SP","link":"https:\/\/noticiasribeiraopreto.com.br\/index.php\/category\/empregos-classificados-vagas-trabalho\/vagas-de-empregos-em-ribeirao-preto-regiao-brasil\/"},"img":{"alt_text":"","src":"https:\/\/i0.wp.com\/noticiasribeiraopreto.com.br\/wp-content\/uploads\/2023\/12\/noticiasconcursos.com_.br-concurso-anac-prazo-de-inscricoes-ja-esta-aberto-70-vagas-com-inicias-de-r-16-mil-anac-a24.jpeg?fit=1200%2C675&ssl=1&resize=350%2C200","width":350,"height":200,"srcset":"https:\/\/i0.wp.com\/noticiasribeiraopreto.com.br\/wp-content\/uploads\/2023\/12\/noticiasconcursos.com_.br-concurso-anac-prazo-de-inscricoes-ja-esta-aberto-70-vagas-com-inicias-de-r-16-mil-anac-a24.jpeg?fit=1200%2C675&ssl=1&resize=350%2C200 1x, https:\/\/i0.wp.com\/noticiasribeiraopreto.com.br\/wp-content\/uploads\/2023\/12\/noticiasconcursos.com_.br-concurso-anac-prazo-de-inscricoes-ja-esta-aberto-70-vagas-com-inicias-de-r-16-mil-anac-a24.jpeg?fit=1200%2C675&ssl=1&resize=525%2C300 1.5x, https:\/\/i0.wp.com\/noticiasribeiraopreto.com.br\/wp-content\/uploads\/2023\/12\/noticiasconcursos.com_.br-concurso-anac-prazo-de-inscricoes-ja-esta-aberto-70-vagas-com-inicias-de-r-16-mil-anac-a24.jpeg?fit=1200%2C675&ssl=1&resize=700%2C400 2x, https:\/\/i0.wp.com\/noticiasribeiraopreto.com.br\/wp-content\/uploads\/2023\/12\/noticiasconcursos.com_.br-concurso-anac-prazo-de-inscricoes-ja-esta-aberto-70-vagas-com-inicias-de-r-16-mil-anac-a24.jpeg?fit=1200%2C675&ssl=1&resize=1050%2C600 3x"},"classes":[]},{"id":57903,"url":"https:\/\/noticiasribeiraopreto.com.br\/index.php\/2024\/09\/13\/carro-voador-apresentado-em-ribeirao-preto-ganha-autorizacao-para-testes-no-brasil\/","url_meta":{"origin":16746,"position":3},"title":"Carro voador apresentado em Ribeir\u00e3o Preto ganha autoriza\u00e7\u00e3o para testes no Brasil","author":"noticiasribeiraopreto.com.br","date":"13 de September de 2024","format":false,"excerpt":"A Anac (Ag\u00eancia Nacional de Avia\u00e7\u00e3o Civil) emitiu uma autoriza\u00e7\u00e3o de voo experimental para o carro voador apresentado na \u00faltima edi\u00e7\u00e3o da Agrishow, em Ribeir\u00e3o Preto. Segundo a ag\u00eancia, a autoriza\u00e7\u00e3o permite \u00e0 empresa que trouxe o ve\u00edculo para o Brasil em executar testes e ensaios para avaliar as caracter\u00edsticas\u2026","rel":"","context":"In &quot;Not\u00edcias de Ribeir\u00e3o Preto-SP e Regi\u00e3o&quot;","block_context":{"text":"Not\u00edcias de Ribeir\u00e3o Preto-SP e Regi\u00e3o","link":"https:\/\/noticiasribeiraopreto.com.br\/index.php\/category\/noticias-de-ribeirao-preto-sp-e-regiao-ismael-colosi\/"},"img":{"alt_text":"","src":"https:\/\/i0.wp.com\/noticiasribeiraopreto.com.br\/wp-content\/uploads\/2024\/09\/carro-voador-interna_2024-09-13_13-42-57_jpg_2024-09-13_13-42-57.webp.webp?fit=1200%2C676&ssl=1&resize=350%2C200","width":350,"height":200,"srcset":"https:\/\/i0.wp.com\/noticiasribeiraopreto.com.br\/wp-content\/uploads\/2024\/09\/carro-voador-interna_2024-09-13_13-42-57_jpg_2024-09-13_13-42-57.webp.webp?fit=1200%2C676&ssl=1&resize=350%2C200 1x, https:\/\/i0.wp.com\/noticiasribeiraopreto.com.br\/wp-content\/uploads\/2024\/09\/carro-voador-interna_2024-09-13_13-42-57_jpg_2024-09-13_13-42-57.webp.webp?fit=1200%2C676&ssl=1&resize=525%2C300 1.5x, https:\/\/i0.wp.com\/noticiasribeiraopreto.com.br\/wp-content\/uploads\/2024\/09\/carro-voador-interna_2024-09-13_13-42-57_jpg_2024-09-13_13-42-57.webp.webp?fit=1200%2C676&ssl=1&resize=700%2C400 2x, https:\/\/i0.wp.com\/noticiasribeiraopreto.com.br\/wp-content\/uploads\/2024\/09\/carro-voador-interna_2024-09-13_13-42-57_jpg_2024-09-13_13-42-57.webp.webp?fit=1200%2C676&ssl=1&resize=1050%2C600 3x"},"classes":[]},{"id":12682,"url":"https:\/\/noticiasribeiraopreto.com.br\/index.php\/2023\/12\/08\/saiba-tudo-sobre-vagas-inscricoes-provas-e-mais-8\/","url_meta":{"origin":16746,"position":4},"title":"saiba tudo sobre vagas, inscri\u00e7\u00f5es, provas e mais","author":"noticiasribeiraopreto.com.br","date":"8 de December de 2023","format":false,"excerpt":"Com edital publicado nesta sexta-feira (8), o novo concurso da Anac (Ag\u00eancia Nacional de Avia\u00e7\u00e3o Civil) oferece 246 vagas para especialista em regula\u00e7\u00e3o de avia\u00e7\u00e3o civil, das quais 70 imediatas e 176 para cadastro reserva. Distribu\u00eddas entre tr\u00eas \u00e1reas (veja as op\u00e7\u00f5es mais abaixo), as oportunidades s\u00e3o para trabalhar no\u2026","rel":"","context":"In &quot;Vagas de Emprego em Ribeir\u00e3o Preto-SP&quot;","block_context":{"text":"Vagas de Emprego em Ribeir\u00e3o Preto-SP","link":"https:\/\/noticiasribeiraopreto.com.br\/index.php\/category\/empregos-classificados-vagas-trabalho\/vagas-de-empregos-em-ribeirao-preto-regiao-brasil\/"},"img":{"alt_text":"","src":"https:\/\/i0.wp.com\/noticiasribeiraopreto.com.br\/wp-content\/uploads\/2023\/12\/concurso-anac-edital-1-2023-quadro-vagas.jpg?fit=713%2C389&ssl=1&resize=350%2C200","width":350,"height":200,"srcset":"https:\/\/i0.wp.com\/noticiasribeiraopreto.com.br\/wp-content\/uploads\/2023\/12\/concurso-anac-edital-1-2023-quadro-vagas.jpg?fit=713%2C389&ssl=1&resize=350%2C200 1x, https:\/\/i0.wp.com\/noticiasribeiraopreto.com.br\/wp-content\/uploads\/2023\/12\/concurso-anac-edital-1-2023-quadro-vagas.jpg?fit=713%2C389&ssl=1&resize=525%2C300 1.5x, https:\/\/i0.wp.com\/noticiasribeiraopreto.com.br\/wp-content\/uploads\/2023\/12\/concurso-anac-edital-1-2023-quadro-vagas.jpg?fit=713%2C389&ssl=1&resize=700%2C400 2x"},"classes":[]},{"id":20785,"url":"https:\/\/noticiasribeiraopreto.com.br\/index.php\/2023\/12\/26\/rp-abre-concurso-publico-para-cargos-de-ensino-fundamental-medio-e-tecnico\/","url_meta":{"origin":16746,"position":5},"title":"RP abre concurso p\u00fablico para cargos de Ensino Fundamental, M\u00e9dio e T\u00e9cnico","author":"noticiasribeiraopreto.com.br","date":"26 de December de 2023","format":false,"excerpt":"Destaque Empregos e Est\u00e1gios 26 de dezembro de 2023 | 14:0026 de dezembro de 2023 | 13:37 0A prefeitura de Ribeir\u00e3o Preto, por meio da Secretaria Municipal da Administra\u00e7\u00e3o, publicou, no Di\u00e1rio Oficial do Munic\u00edpio de sexta-feira, 22 de dezembro, o Edital n\u00ba06\/2023 para a realiza\u00e7\u00e3o de um novo concurso\u2026","rel":"","context":"In &quot;Not\u00edcias de Ribeir\u00e3o Preto-SP e Regi\u00e3o&quot;","block_context":{"text":"Not\u00edcias de Ribeir\u00e3o Preto-SP e Regi\u00e3o","link":"https:\/\/noticiasribeiraopreto.com.br\/index.php\/category\/noticias-de-ribeirao-preto-sp-e-regiao-ismael-colosi\/"},"img":{"alt_text":"","src":"https:\/\/i0.wp.com\/noticiasribeiraopreto.com.br\/wp-content\/uploads\/2023\/12\/concurso1-scaled.jpeg?fit=968%2C645&ssl=1&resize=350%2C200","width":350,"height":200,"srcset":"https:\/\/i0.wp.com\/noticiasribeiraopreto.com.br\/wp-content\/uploads\/2023\/12\/concurso1-scaled.jpeg?fit=968%2C645&ssl=1&resize=350%2C200 1x, https:\/\/i0.wp.com\/noticiasribeiraopreto.com.br\/wp-content\/uploads\/2023\/12\/concurso1-scaled.jpeg?fit=968%2C645&ssl=1&resize=525%2C300 1.5x, https:\/\/i0.wp.com\/noticiasribeiraopreto.com.br\/wp-content\/uploads\/2023\/12\/concurso1-scaled.jpeg?fit=968%2C645&ssl=1&resize=700%2C400 2x"},"classes":[]}],"jetpack_sharing_enabled":true,"jetpack_shortlink":"https:\/\/wp.me\/peQAOb-4m6","_links":{"self":[{"href":"https:\/\/noticiasribeiraopreto.com.br\/index.php\/wp-json\/wp\/v2\/posts\/16746","targetHints":{"allow":["GET"]}}],"collection":[{"href":"https:\/\/noticiasribeiraopreto.com.br\/index.php\/wp-json\/wp\/v2\/posts"}],"about":[{"href":"https:\/\/noticiasribeiraopreto.com.br\/index.php\/wp-json\/wp\/v2\/types\/post"}],"author":[{"embeddable":true,"href":"https:\/\/noticiasribeiraopreto.com.br\/index.php\/wp-json\/wp\/v2\/users\/1"}],"replies":[{"embeddable":true,"href":"https:\/\/noticiasribeiraopreto.com.br\/index.php\/wp-json\/wp\/v2\/comments?post=16746"}],"version-history":[{"count":0,"href":"https:\/\/noticiasribeiraopreto.com.br\/index.php\/wp-json\/wp\/v2\/posts\/16746\/revisions"}],"wp:featuredmedia":[{"embeddable":true,"href":"https:\/\/noticiasribeiraopreto.com.br\/index.php\/wp-json\/wp\/v2\/media\/16747"}],"wp:attachment":[{"href":"https:\/\/noticiasribeiraopreto.com.br\/index.php\/wp-json\/wp\/v2\/media?parent=16746"}],"wp:term":[{"taxonomy":"category","embeddable":true,"href":"https:\/\/noticiasribeiraopreto.com.br\/index.php\/wp-json\/wp\/v2\/categories?post=16746"},{"taxonomy":"post_tag","embeddable":true,"href":"https:\/\/noticiasribeiraopreto.com.br\/index.php\/wp-json\/wp\/v2\/tags?post=16746"}],"curies":[{"name":"wp","href":"https:\/\/api.w.org\/{rel}","templated":true}]}}