{"id":16756,"date":"2023-12-16T11:46:21","date_gmt":"2023-12-16T14:46:21","guid":{"rendered":"https:\/\/noticiasribeiraopreto.com.br\/index.php\/2023\/12\/16\/nao-sentir-bem-estes-cheiros-pode-indicar-doenca\/"},"modified":"2023-12-16T11:46:21","modified_gmt":"2023-12-16T14:46:21","slug":"nao-sentir-bem-estes-cheiros-pode-indicar-doenca","status":"publish","type":"post","link":"https:\/\/noticiasribeiraopreto.com.br\/index.php\/2023\/12\/16\/nao-sentir-bem-estes-cheiros-pode-indicar-doenca\/","title":{"rendered":"N\u00e3o sentir bem estes cheiros pode indicar doen\u00e7a"},"content":{"rendered":"<div class='code-block code-block-1' style='margin: 8px 0 8px auto; text-align: right; display: block; clear: both;'>\n<p><a href=\"https:\/\/wa.link\/vpicfd\"><img data-recalc-dims=\"1\" class=\"wp-image-4922\" style=\"aspect-ratio: 2.0253164556962027; width: 561px; height: auto;\" src=\"https:\/\/i0.wp.com\/ismaelcolosi.com.br\/wp-content\/uploads\/2023\/11\/grupo-de-empregos-whatsapp-e-facebook-ismael-colosi-vagas.jpg?ssl=1\" alt=\"\" \/><\/a><\/p>\n<!-- \/wp:image -->\n<\/div>\n<p> <br \/>\n<\/p>\n<div>\n<div id=\"attachment_2327656\" class=\"wp-caption alignnone\">\n<div class=\"d-flex justify-content-center\" data-attachment-id=\"2327656\">\n<div class=\"position-relative d-inline-block\"><img data-recalc-dims=\"1\" data-portal-copyright=\"Getty Images\" fetchpriority=\"high\" decoding=\"async\" class=\"wp-image-2327656 size-full\" src=\"https:\/\/i0.wp.com\/catracalivre.com.br\/wp-content\/uploads\/2023\/12\/istock-1497106386.jpg?resize=1259%2C833&#038;ssl=1\" alt=\"Estudo se prop\u00f5e a investigar rela\u00e7\u00e3o entre cheiros e aumento do risco de dem\u00eancia \u2013 iStock\/Getty Images\" width=\"1259\" height=\"833\" srcset=\"https:\/\/catracalivre.com.br\/wp-content\/uploads\/2023\/12\/istock-1497106386.jpg 1259w, https:\/\/catracalivre.com.br\/wp-content\/uploads\/2023\/12\/istock-1497106386-450x298.jpg 450w, https:\/\/catracalivre.com.br\/wp-content\/uploads\/2023\/12\/istock-1497106386-768x508.jpg 768w\" sizes=\"(max-width: 1259px) 100vw, 1259px\"\/><\/p>\n<p>Cr\u00e9ditos: Getty Images<\/p>\n<\/div>\n<\/div>\n<p><span class=\"post-imagem__legenda\">Estudo se prop\u00f5e a investigar rela\u00e7\u00e3o entre cheiros e aumento do risco de dem\u00eancia \u2013 iStock\/Getty Images<\/span><\/p>\n<\/div>\n<p>Caracterizada pelo decl\u00ednio progressivo da fun\u00e7\u00e3o cognitiva, a dem\u00eancia ainda \u00e9 uma doen\u00e7a sem cura, embora in\u00fameras pesquisas se dediquem \u00e0 investiga\u00e7\u00e3o de marcadores precoces do decl\u00ednio cerebral. O objetivo \u00e9 identificar os mecanismos que d\u00e3o origem \u00e0 doen\u00e7a na esperan\u00e7a de encontrar formas de combat\u00ea-la.<\/p>\n<p>\u00c9 o que mostra estudo recente publicado pela revista<strong><a href=\"https:\/\/www.diabetesresearchclinicalpractice.com\/\" target=\"_blank\" rel=\"noopener\"> Diabetes Research and Clinical Practice<\/a><\/strong>, que concluiu que a disfun\u00e7\u00e3o olfativa prediz o desenvolvimento de dem\u00eancia em pacientes idosos com <strong><a href=\"https:\/\/catracalivre.com.br\/saude-bem-estar\/diabetes-tipo-2-quais-sao-os-3-principais-fatores-de-risco\/\" target=\"_blank\" rel=\"noopener\">diabetes tipo 2<\/a><\/strong>.<\/p>\n<p>Este estudo teve como objetivo investigar se a disfun\u00e7\u00e3o poderia ser um marcador precoce de dem\u00eancia em pacientes com diabetes. A disfun\u00e7\u00e3o olfativa \u00e9 definida como a capacidade prejudicada ou distorcida de sentir cheiros.<br \/>Detalhes do estudo<\/p>\n<p>O estudo incluiu 151 pacientes japoneses mais velhos com diabetes tipo 2, que n\u00e3o tinham diagn\u00f3stico de prov\u00e1vel dem\u00eancia. A fun\u00e7\u00e3o cognitiva foi monitorada ao longo de cinco anos.<\/p>\n<h2>Fator cheiros e dem\u00eancia<\/h2>\n<p>Os testes consistiram em nove odores, incluindo tinta indiana, madeira, perfume, mentol, laranja, curry, g\u00e1s de cozinha, rosa e hinoki (madeira de cipreste japon\u00eas). Os pesquisadores usaram ainda\u00a0 tr\u00eas odores adicionais para testar o olfato: meias com cheiro de suor, leite condensado e alho assado.<\/p>\n<p>Para cada odor, o participante recebeu um cart\u00e3o com quatro nomes de odores e duas respostas alternativas (desconhecido e n\u00e3o detectado).\u00a0O participante precisava selecionar a resposta mais adequada e registr\u00e1-la na folha de respostas.<\/p>\n<p>Uma pontua\u00e7\u00e3o de 12 pontos representava a identifica\u00e7\u00e3o correta de todos os odores, enquanto pontua\u00e7\u00f5es mais baixas indicam disfun\u00e7\u00e3o olfativa. A disfun\u00e7\u00e3o foi definida como tendo pontua\u00e7\u00e3o de sete ou menos.<\/p>\n<p>Ao longo de tr\u00eas anos, cerca de 9% dos participantes do estudo desenvolveram prov\u00e1vel dem\u00eancia.\u00a0A menor pontua\u00e7\u00e3o no teste do olfato esteve significativamente associada ao desenvolvimento de prov\u00e1vel dem\u00eancia.<\/p>\n<p>Diferentes tipos de dem\u00eancia podem ocorrer de maneira diferente e com sintomas diferentes. No entanto, existem alguns sinais precoces comuns que podem aparecer algum tempo antes do diagn\u00f3stico.<\/p>\n<p>Esses incluem:<\/p>\n<p>perda de mem\u00f3ria<br \/>dificuldade de concentra\u00e7\u00e3o<br \/>dificuldade em realizar atividades di\u00e1rias familiares<br \/>dificuldade em acompanhar uma conversa<br \/>ficar confuso sobre tempo e lugar<br \/>mudan\u00e7a de humor<\/p>\n<\/div>\n<p><script>\n\t\t! function(f, b, e, v, n, t, s) {\n\t\t\tif (f.fbq) return;\n\t\t\tn = f.fbq = function() {\n\t\t\t\tn.callMethod ?\n\t\t\t\t\tn.callMethod.apply(n, arguments) : n.queue.push(arguments)\n\t\t\t};\n\t\t\tif (!f._fbq) f._fbq = n;\n\t\t\tn.push = n;\n\t\t\tn.loaded = !0;\n\t\t\tn.version = '2.0';\n\t\t\tn.queue = [];\n\t\t\tt = b.createElement(e);\n\t\t\tt.async = !0;\n\t\t\tt.src = v;\n\t\t\ts = b.getElementsByTagName(e)[0];\n\t\t\ts.parentNode.insertBefore(t, s)\n\t\t}(window, document, 'script',\n\t\t\t'https:\/\/connect.facebook.net\/en_US\/fbevents.js');\n\t\tfbq('init', '338315473262380');\n\t\tfbq('track', 'PageView');\n\t<\/script><br \/>\n<br \/><br \/>\n<br \/><a href=\"https:\/\/catracalivre.com.br\/saude-bem-estar\/demencia-nao-sentir-bem-estes-cheiros-pode-indicar-doenca\/\">Source link <\/a><\/p>\n<!-- CONTENT END 1 -->\n","protected":false},"excerpt":{"rendered":"<p>Cr\u00e9ditos: Getty Images Estudo se prop\u00f5e a investigar rela\u00e7\u00e3o entre cheiros e aumento do risco de dem\u00eancia \u2013 iStock\/Getty Images Caracterizada pelo decl\u00ednio progressivo da&#8230;<\/p>\n","protected":false},"author":1,"featured_media":16757,"comment_status":"open","ping_status":"open","sticky":false,"template":"","format":"standard","meta":{"advanced_seo_description":"","jetpack_seo_html_title":"","jetpack_seo_noindex":false,"jetpack_post_was_ever_published":false,"_jetpack_newsletter_access":"","_jetpack_dont_email_post_to_subs":false,"_jetpack_newsletter_tier_id":0,"_jetpack_memberships_contains_paywalled_content":false,"_jetpack_memberships_contains_paid_content":false,"footnotes":"","jetpack_publicize_message":"","jetpack_publicize_feature_enabled":true,"jetpack_social_post_already_shared":true,"jetpack_social_options":{"image_generator_settings":{"template":"highway","default_image_id":0,"font":"","enabled":false},"version":2}},"categories":[19],"tags":[],"class_list":["post-16756","post","type-post","status-publish","format-standard","has-post-thumbnail","hentry","category-variedades"],"jetpack_publicize_connections":[],"jetpack_featured_media_url":"https:\/\/i0.wp.com\/noticiasribeiraopreto.com.br\/wp-content\/uploads\/2023\/12\/istock-1497106386.jpg?fit=1200%2C638&ssl=1","jetpack-related-posts":[{"id":6401,"url":"https:\/\/noticiasribeiraopreto.com.br\/index.php\/2023\/11\/25\/entenda-por-que-o-cheiro-do-seu-xixi-esta-mais-forte\/","url_meta":{"origin":16756,"position":0},"title":"Entenda por que o cheiro do seu xixi est\u00e1 mais forte","author":"noticiasribeiraopreto.com.br","date":"25 de November de 2023","format":false,"excerpt":"Cr\u00e9ditos: Getty Images\/iStockphotoCheiro do xixi est\u00e1 associado a subst\u00e2ncias qu\u00edmicas metabolizadas pelo corpo \u2013 iStock\/Getty Images \u00c9 fato que alguns alimentos podem causar um cheiro mais forte no xixi devido a subst\u00e2ncias qu\u00edmicas que s\u00e3o metabolizadas pelo corpo e eliminadas na urina. De acordo com especialistas, a cor da urina\u2026","rel":"","context":"In &quot;Variedades&quot;","block_context":{"text":"Variedades","link":"https:\/\/noticiasribeiraopreto.com.br\/index.php\/category\/variedades\/"},"img":{"alt_text":"","src":"https:\/\/i0.wp.com\/noticiasribeiraopreto.com.br\/wp-content\/uploads\/2023\/11\/istock-1013931722.jpg?fit=1200%2C638&ssl=1&resize=350%2C200","width":350,"height":200,"srcset":"https:\/\/i0.wp.com\/noticiasribeiraopreto.com.br\/wp-content\/uploads\/2023\/11\/istock-1013931722.jpg?fit=1200%2C638&ssl=1&resize=350%2C200 1x, https:\/\/i0.wp.com\/noticiasribeiraopreto.com.br\/wp-content\/uploads\/2023\/11\/istock-1013931722.jpg?fit=1200%2C638&ssl=1&resize=525%2C300 1.5x, https:\/\/i0.wp.com\/noticiasribeiraopreto.com.br\/wp-content\/uploads\/2023\/11\/istock-1013931722.jpg?fit=1200%2C638&ssl=1&resize=700%2C400 2x, https:\/\/i0.wp.com\/noticiasribeiraopreto.com.br\/wp-content\/uploads\/2023\/11\/istock-1013931722.jpg?fit=1200%2C638&ssl=1&resize=1050%2C600 3x"},"classes":[]},{"id":19041,"url":"https:\/\/noticiasribeiraopreto.com.br\/index.php\/2023\/12\/21\/estas-sao-as-condicoes-que-podem-explicar-cheiro-forte-da-sua-urina\/","url_meta":{"origin":16756,"position":1},"title":"Estas s\u00e3o as condi\u00e7\u00f5es que podem explicar cheiro forte da sua urina","author":"noticiasribeiraopreto.com.br","date":"21 de December de 2023","format":false,"excerpt":"A presen\u00e7a de um cheiro forte na urina pode ser causada por diversos fatores e, na maioria das vezes, n\u00e3o \u00e9 motivo de preocupa\u00e7\u00e3o. Por\u00e9m, alguns casos, condi\u00e7\u00f5es m\u00e9dicas que merecem aten\u00e7\u00e3o podem estar por tr\u00e1s disso. Toda urina tem um cheiro caracter\u00edstico causado pela presen\u00e7a de uma subst\u00e2ncia chamada\u2026","rel":"","context":"In &quot;Variedades&quot;","block_context":{"text":"Variedades","link":"https:\/\/noticiasribeiraopreto.com.br\/index.php\/category\/variedades\/"},"img":{"alt_text":"","src":"https:\/\/i0.wp.com\/noticiasribeiraopreto.com.br\/wp-content\/uploads\/2023\/12\/istock-1223416558.jpg?fit=1200%2C638&ssl=1&resize=350%2C200","width":350,"height":200,"srcset":"https:\/\/i0.wp.com\/noticiasribeiraopreto.com.br\/wp-content\/uploads\/2023\/12\/istock-1223416558.jpg?fit=1200%2C638&ssl=1&resize=350%2C200 1x, https:\/\/i0.wp.com\/noticiasribeiraopreto.com.br\/wp-content\/uploads\/2023\/12\/istock-1223416558.jpg?fit=1200%2C638&ssl=1&resize=525%2C300 1.5x, https:\/\/i0.wp.com\/noticiasribeiraopreto.com.br\/wp-content\/uploads\/2023\/12\/istock-1223416558.jpg?fit=1200%2C638&ssl=1&resize=700%2C400 2x, https:\/\/i0.wp.com\/noticiasribeiraopreto.com.br\/wp-content\/uploads\/2023\/12\/istock-1223416558.jpg?fit=1200%2C638&ssl=1&resize=1050%2C600 3x"},"classes":[]},{"id":66872,"url":"https:\/\/noticiasribeiraopreto.com.br\/index.php\/2025\/04\/06\/jornal-da-franca-sal-no-banheiro-truque-simples-elimina-mau-cheiro-e-umidade-indesejada\/","url_meta":{"origin":16756,"position":2},"title":"Jornal da Franca &#8211; Sal no banheiro? Truque simples elimina mau cheiro e umidade indesejada!","author":"noticiasribeiraopreto.com.br","date":"6 de April de 2025","format":false,"excerpt":"compartilhar no whatsapp compartilhar no telegram compartilhar no facebook compartilhar no linkedin Essa dica caseira pode ser uma \u00f3tima solu\u00e7\u00e3o de baixo custo para manter seu banheiro sempre fresco e sem cheiros desagrad\u00e1veis Mau cheiro e unidade no banheiro t\u00eam solu\u00e7\u00e3o caseira (Foto: Arquivo) Se voc\u00ea entrou no banheiro e\u2026","rel":"","context":"In &quot;Not\u00edcias de Franca-SP&quot;","block_context":{"text":"Not\u00edcias de Franca-SP","link":"https:\/\/noticiasribeiraopreto.com.br\/index.php\/category\/noticias-de-ribeirao-preto-sp-e-regiao-ismael-colosi\/noticias-franca-sp\/"},"img":{"alt_text":"","src":"https:\/\/i0.wp.com\/noticiasribeiraopreto.com.br\/wp-content\/uploads\/2025\/04\/sal-grosso-shutterstock.jpg?fit=1200%2C675&ssl=1&resize=350%2C200","width":350,"height":200,"srcset":"https:\/\/i0.wp.com\/noticiasribeiraopreto.com.br\/wp-content\/uploads\/2025\/04\/sal-grosso-shutterstock.jpg?fit=1200%2C675&ssl=1&resize=350%2C200 1x, https:\/\/i0.wp.com\/noticiasribeiraopreto.com.br\/wp-content\/uploads\/2025\/04\/sal-grosso-shutterstock.jpg?fit=1200%2C675&ssl=1&resize=525%2C300 1.5x, https:\/\/i0.wp.com\/noticiasribeiraopreto.com.br\/wp-content\/uploads\/2025\/04\/sal-grosso-shutterstock.jpg?fit=1200%2C675&ssl=1&resize=700%2C400 2x, https:\/\/i0.wp.com\/noticiasribeiraopreto.com.br\/wp-content\/uploads\/2025\/04\/sal-grosso-shutterstock.jpg?fit=1200%2C675&ssl=1&resize=1050%2C600 3x"},"classes":[]},{"id":9046,"url":"https:\/\/noticiasribeiraopreto.com.br\/index.php\/2023\/12\/01\/cheiro-de-esgoto-incomoda-quem-passa-proximo-ao-retiro-saudoso\/","url_meta":{"origin":16756,"position":3},"title":"Cheiro de esgoto incomoda quem passa pr\u00f3ximo ao Retiro Saudoso","author":"noticiasribeiraopreto.com.br","date":"1 de December de 2023","format":false,"excerpt":"C\u00f3rrego que atravessa a cidade da zona Sul \u00e0 zona Norte tem exalado forte cheiro h\u00e1 v\u00e1rios dias 1 de dezembro de 2023 | 12:261 de dezembro de 2023 | 12:27 0Por: Adalberto LuqueMuitos motoristas e pedestres que passam pela Avenida Francisco Junqueira t\u00eam se queixado do forte cheiro de\u2026","rel":"","context":"In &quot;Not\u00edcias de Ribeir\u00e3o Preto-SP e Regi\u00e3o&quot;","block_context":{"text":"Not\u00edcias de Ribeir\u00e3o Preto-SP e Regi\u00e3o","link":"https:\/\/noticiasribeiraopreto.com.br\/index.php\/category\/noticias-de-ribeirao-preto-sp-e-regiao-ismael-colosi\/"},"img":{"alt_text":"","src":"https:\/\/i0.wp.com\/noticiasribeiraopreto.com.br\/wp-content\/uploads\/2023\/12\/00-01-dez-2023-cheiro-ruim-retiro-saudoso-00-foto-alfredo-risk-scaled.jpg?fit=967%2C645&ssl=1&resize=350%2C200","width":350,"height":200,"srcset":"https:\/\/i0.wp.com\/noticiasribeiraopreto.com.br\/wp-content\/uploads\/2023\/12\/00-01-dez-2023-cheiro-ruim-retiro-saudoso-00-foto-alfredo-risk-scaled.jpg?fit=967%2C645&ssl=1&resize=350%2C200 1x, https:\/\/i0.wp.com\/noticiasribeiraopreto.com.br\/wp-content\/uploads\/2023\/12\/00-01-dez-2023-cheiro-ruim-retiro-saudoso-00-foto-alfredo-risk-scaled.jpg?fit=967%2C645&ssl=1&resize=525%2C300 1.5x, https:\/\/i0.wp.com\/noticiasribeiraopreto.com.br\/wp-content\/uploads\/2023\/12\/00-01-dez-2023-cheiro-ruim-retiro-saudoso-00-foto-alfredo-risk-scaled.jpg?fit=967%2C645&ssl=1&resize=700%2C400 2x"},"classes":[]},{"id":66883,"url":"https:\/\/noticiasribeiraopreto.com.br\/index.php\/2025\/04\/06\/jornal-da-franca-suor-sempre-tem-cheiro-forte-confira-8-mitos-e-verdades-sobre-o-tema\/","url_meta":{"origin":16756,"position":4},"title":"Jornal da Franca &#8211; Suor sempre tem cheiro forte? Confira 8 mitos e verdades sobre o tema","author":"noticiasribeiraopreto.com.br","date":"6 de April de 2025","format":false,"excerpt":"compartilhar no whatsapp compartilhar no telegram compartilhar no facebook compartilhar no linkedin O suor \u00e9 um mecanismo natural do corpo para regular a temperatura. Sua rela\u00e7\u00e3o com o cheiro forte, o famoso \u201ccec\u00ea\u201d, varia conforme diversos fatores O famoso \u201ccec\u00ea\u201d, na verdade, varia de acordo com v\u00e1rios fatores \u2013 foto\u2026","rel":"","context":"In &quot;Not\u00edcias de Franca-SP&quot;","block_context":{"text":"Not\u00edcias de Franca-SP","link":"https:\/\/noticiasribeiraopreto.com.br\/index.php\/category\/noticias-de-ribeirao-preto-sp-e-regiao-ismael-colosi\/noticias-franca-sp\/"},"img":{"alt_text":"","src":"https:\/\/i0.wp.com\/noticiasribeiraopreto.com.br\/wp-content\/uploads\/2025\/04\/suor-e-mau-cheiro-axilas.jpg?fit=1200%2C675&ssl=1&resize=350%2C200","width":350,"height":200,"srcset":"https:\/\/i0.wp.com\/noticiasribeiraopreto.com.br\/wp-content\/uploads\/2025\/04\/suor-e-mau-cheiro-axilas.jpg?fit=1200%2C675&ssl=1&resize=350%2C200 1x, https:\/\/i0.wp.com\/noticiasribeiraopreto.com.br\/wp-content\/uploads\/2025\/04\/suor-e-mau-cheiro-axilas.jpg?fit=1200%2C675&ssl=1&resize=525%2C300 1.5x, https:\/\/i0.wp.com\/noticiasribeiraopreto.com.br\/wp-content\/uploads\/2025\/04\/suor-e-mau-cheiro-axilas.jpg?fit=1200%2C675&ssl=1&resize=700%2C400 2x, https:\/\/i0.wp.com\/noticiasribeiraopreto.com.br\/wp-content\/uploads\/2025\/04\/suor-e-mau-cheiro-axilas.jpg?fit=1200%2C675&ssl=1&resize=1050%2C600 3x"},"classes":[]},{"id":72824,"url":"https:\/\/noticiasribeiraopreto.com.br\/index.php\/2025\/06\/21\/jornal-da-franca-saiba-como-tirar-o-cheiro-de-guardado-das-roupas-de-frio-sem-muito-esforco\/","url_meta":{"origin":16756,"position":5},"title":"Jornal da Franca &#8211; Saiba como tirar o &#8220;cheiro de guardado&#8221; das roupas de frio sem muito esfor\u00e7o","author":"noticiasribeiraopreto.com.br","date":"21 de June de 2025","format":false,"excerpt":"compartilhar no whatsapp compartilhar no telegram compartilhar no facebook compartilhar no linkedin Veja truques caseiros para extinguir o \u2018cheiro de guardado\u2019 desagrad\u00e1vel dos seus agasalhos e garanta que vai estar cheirosa no inverno. O inverno chegou e com a aproxima\u00e7\u00e3o das \u00e9pocas mais frias do ano, chega o momento de\u2026","rel":"","context":"In &quot;Not\u00edcias de Franca-SP&quot;","block_context":{"text":"Not\u00edcias de Franca-SP","link":"https:\/\/noticiasribeiraopreto.com.br\/index.php\/category\/noticias-de-ribeirao-preto-sp-e-regiao-ismael-colosi\/noticias-franca-sp\/"},"img":{"alt_text":"","src":"https:\/\/i0.wp.com\/noticiasribeiraopreto.com.br\/wp-content\/uploads\/2025\/06\/2149190375.jpg?fit=1000%2C667&ssl=1&resize=350%2C200","width":350,"height":200,"srcset":"https:\/\/i0.wp.com\/noticiasribeiraopreto.com.br\/wp-content\/uploads\/2025\/06\/2149190375.jpg?fit=1000%2C667&ssl=1&resize=350%2C200 1x, https:\/\/i0.wp.com\/noticiasribeiraopreto.com.br\/wp-content\/uploads\/2025\/06\/2149190375.jpg?fit=1000%2C667&ssl=1&resize=525%2C300 1.5x, https:\/\/i0.wp.com\/noticiasribeiraopreto.com.br\/wp-content\/uploads\/2025\/06\/2149190375.jpg?fit=1000%2C667&ssl=1&resize=700%2C400 2x"},"classes":[]}],"jetpack_sharing_enabled":true,"jetpack_shortlink":"https:\/\/wp.me\/peQAOb-4mg","_links":{"self":[{"href":"https:\/\/noticiasribeiraopreto.com.br\/index.php\/wp-json\/wp\/v2\/posts\/16756","targetHints":{"allow":["GET"]}}],"collection":[{"href":"https:\/\/noticiasribeiraopreto.com.br\/index.php\/wp-json\/wp\/v2\/posts"}],"about":[{"href":"https:\/\/noticiasribeiraopreto.com.br\/index.php\/wp-json\/wp\/v2\/types\/post"}],"author":[{"embeddable":true,"href":"https:\/\/noticiasribeiraopreto.com.br\/index.php\/wp-json\/wp\/v2\/users\/1"}],"replies":[{"embeddable":true,"href":"https:\/\/noticiasribeiraopreto.com.br\/index.php\/wp-json\/wp\/v2\/comments?post=16756"}],"version-history":[{"count":0,"href":"https:\/\/noticiasribeiraopreto.com.br\/index.php\/wp-json\/wp\/v2\/posts\/16756\/revisions"}],"wp:featuredmedia":[{"embeddable":true,"href":"https:\/\/noticiasribeiraopreto.com.br\/index.php\/wp-json\/wp\/v2\/media\/16757"}],"wp:attachment":[{"href":"https:\/\/noticiasribeiraopreto.com.br\/index.php\/wp-json\/wp\/v2\/media?parent=16756"}],"wp:term":[{"taxonomy":"category","embeddable":true,"href":"https:\/\/noticiasribeiraopreto.com.br\/index.php\/wp-json\/wp\/v2\/categories?post=16756"},{"taxonomy":"post_tag","embeddable":true,"href":"https:\/\/noticiasribeiraopreto.com.br\/index.php\/wp-json\/wp\/v2\/tags?post=16756"}],"curies":[{"name":"wp","href":"https:\/\/api.w.org\/{rel}","templated":true}]}}