{"id":16874,"date":"2023-12-16T18:46:27","date_gmt":"2023-12-16T21:46:27","guid":{"rendered":"https:\/\/noticiasribeiraopreto.com.br\/index.php\/2023\/12\/16\/comer-nestes-horarios-reduz-risco-de-doenca-cardiovascular-diz-estudo\/"},"modified":"2023-12-16T18:46:27","modified_gmt":"2023-12-16T21:46:27","slug":"comer-nestes-horarios-reduz-risco-de-doenca-cardiovascular-diz-estudo","status":"publish","type":"post","link":"https:\/\/noticiasribeiraopreto.com.br\/index.php\/2023\/12\/16\/comer-nestes-horarios-reduz-risco-de-doenca-cardiovascular-diz-estudo\/","title":{"rendered":"Comer nestes hor\u00e1rios reduz risco de doen\u00e7a cardiovascular, diz estudo"},"content":{"rendered":"<div class='code-block code-block-1' style='margin: 8px 0 8px auto; text-align: right; display: block; clear: both;'>\n<p><a href=\"https:\/\/wa.link\/vpicfd\"><img data-recalc-dims=\"1\" class=\"wp-image-4922\" style=\"aspect-ratio: 2.0253164556962027; width: 561px; height: auto;\" src=\"https:\/\/i0.wp.com\/ismaelcolosi.com.br\/wp-content\/uploads\/2023\/11\/grupo-de-empregos-whatsapp-e-facebook-ismael-colosi-vagas.jpg?ssl=1\" alt=\"\" \/><\/a><\/p>\n<!-- \/wp:image -->\n<\/div>\n<p> <br \/>\n<\/p>\n<div>\n<div id=\"attachment_2328549\" class=\"wp-caption alignnone\">\n<div class=\"d-flex justify-content-center\" data-attachment-id=\"2328549\">\n<div class=\"position-relative d-inline-block\"><img data-recalc-dims=\"1\" data-portal-copyright=\"Depositphotos\/pressmaster\" fetchpriority=\"high\" decoding=\"async\" class=\"size-full wp-image-2328549\" src=\"https:\/\/i0.wp.com\/catracalivre.com.br\/wp-content\/uploads\/2023\/12\/depositphotos-115722702-xl-scaled.jpg?resize=2560%2C1707&#038;ssl=1\" alt=\"Fazer refei\u00e7\u00f5es mais cedo reduz risco de doen\u00e7a cardiovascular\" width=\"2560\" height=\"1707\" srcset=\"https:\/\/catracalivre.com.br\/wp-content\/uploads\/2023\/12\/depositphotos-115722702-xl-scaled.jpg 2560w, https:\/\/catracalivre.com.br\/wp-content\/uploads\/2023\/12\/depositphotos-115722702-xl-450x300.jpg 450w, https:\/\/catracalivre.com.br\/wp-content\/uploads\/2023\/12\/depositphotos-115722702-xl-768x512.jpg 768w\" sizes=\"(max-width: 2560px) 100vw, 2560px\"\/><\/p>\n<p>Cr\u00e9ditos: Depositphotos\/pressmaster<\/p>\n<\/div>\n<\/div>\n<p><span class=\"post-imagem__legenda\">Fazer refei\u00e7\u00f5es mais cedo reduz risco de doen\u00e7a cardiovascular<\/span><\/p>\n<\/div>\n<p>O cotidiano do ser humano \u00e9 marcado por <a href=\"https:\/\/catracalivre.com.br\/saude-bem-estar\/estudo-indica-11-habitos-alimentares-que-impulsionam-diabetes\/\" target=\"_blank\" rel=\"noopener\">rituais alimentares<\/a> que, muitas vezes, s\u00e3o influenciados por h\u00e1bitos pessoais, pela cultura local e at\u00e9 mesmo pelo ritmo de trabalho e lazer.<\/p>\n<p>Mas voc\u00ea j\u00e1 parou para pensar que o hor\u00e1rio em que voc\u00ea faz suas refei\u00e7\u00f5es pode ter um impacto direto na sa\u00fade do cora\u00e7\u00e3o? Um recente <a href=\"https:\/\/www.nature.com\/articles\/s41467-023-43444-3\" target=\"_blank\" rel=\"noopener\">estudo franc\u00eas<\/a> veio para lan\u00e7ar novas luzes sobre essa quest\u00e3o.<\/p>\n<p>Os pesquisadores do Instituto Nacional de Pesquisa de Agricultura, Alimenta\u00e7\u00e3o e Meio Ambiente da Fran\u00e7a conduziram uma ampla pesquisa, analisando os dados de mais de 100 mil pessoas.<\/p>\n<p>O que eles descobriram foi uma liga\u00e7\u00e3o intrigante entre o momento em que os participantes se alimentavam e o risco de desenvolver doen\u00e7as cardiovasculares.<\/p>\n<h2>Liga\u00e7\u00e3o entre o hor\u00e1rio das refei\u00e7\u00f5es e o risco de doen\u00e7as<\/h2>\n<p>Ap\u00f3s analisar os dados de 103.389 indiv\u00edduos, sendo 79% do sexo feminino e com idade m\u00e9dia de 42 anos, os pesquisadores notaram um padr\u00e3o. Eles conclu\u00edram que o risco de doen\u00e7as cardiovasculares cresce 6% a cada hora de atraso para a ingest\u00e3o da primeira refei\u00e7\u00e3o do dia.<\/p>\n<p>Em outras palavras, se voc\u00ea toma seu caf\u00e9 da manh\u00e3 \u00e0s 9h, tem 6% mais chances de desenvolver uma doen\u00e7a cardiovascular do que aqueles que se alimentam \u00e0s 8h.<\/p>\n<p>Essa porcentagem aumenta ainda mais quando observamos o hor\u00e1rio da \u00faltima refei\u00e7\u00e3o. Aqueles que jantam ap\u00f3s as 21h t\u00eam um risco 28% maior de desenvolver <a href=\"https:\/\/catracalivre.com.br\/saude-bem-estar\/os-principais-fatores-de-risco-evitaveis-de-doencas-cardiacas\/\" target=\"_blank\" rel=\"noopener\">doen\u00e7as card\u00edacas<\/a> quando comparados com aqueles que comem antes das 20h.<\/p>\n<div id=\"attachment_2328551\" class=\"wp-caption alignnone\">\n<div class=\"d-flex justify-content-center\" data-attachment-id=\"2328551\">\n<div class=\"position-relative d-inline-block\"><img data-recalc-dims=\"1\" loading=\"lazy\" data-portal-copyright=\"Depositphotos\/belchonock\" decoding=\"async\" class=\"size-full wp-image-2328551\" src=\"https:\/\/i0.wp.com\/catracalivre.com.br\/wp-content\/uploads\/2023\/12\/depositphotos-137424878-xl-scaled.jpg?resize=2560%2C1706&#038;ssl=1\" alt=\"O ideal \u00e9 jantar antes das 20h\" width=\"2560\" height=\"1706\" srcset=\"https:\/\/catracalivre.com.br\/wp-content\/uploads\/2023\/12\/depositphotos-137424878-xl-scaled.jpg 2560w, https:\/\/catracalivre.com.br\/wp-content\/uploads\/2023\/12\/depositphotos-137424878-xl-450x300.jpg 450w, https:\/\/catracalivre.com.br\/wp-content\/uploads\/2023\/12\/depositphotos-137424878-xl-768x512.jpg 768w\" sizes=\"auto, (max-width: 2560px) 100vw, 2560px\"\/><\/p>\n<p>Cr\u00e9ditos: Depositphotos\/belchonock<\/p>\n<\/div>\n<\/div>\n<p><span class=\"post-imagem__legenda\">O ideal \u00e9 jantar antes das 20h<\/span><\/p>\n<\/div>\n<h2>Como prevenir doen\u00e7as cardiovasculares com h\u00e1bitos alimentares mais saud\u00e1veis?<\/h2>\n<p>O estudo aponta ainda que a dura\u00e7\u00e3o do jejum noturno tamb\u00e9m pode influenciar na redu\u00e7\u00e3o do risco de doen\u00e7as cardiovasculares. O maior intervalo entre a \u00faltima refei\u00e7\u00e3o de um dia e a primeira do outro tende a reduzir as chances de desenvolvimento desse tipo de doen\u00e7as.<\/p>\n<p>Por fim, a conclus\u00e3o \u00e9 de que fazer a primeira e a \u00faltima refei\u00e7\u00f5es mais cedo contribui para a redu\u00e7\u00e3o dos riscos de doen\u00e7as card\u00edacas.<\/p>\n<p>Afinal, s\u00f3 em 2019, 18,6 milh\u00f5es de mortes foram registradas por doen\u00e7as cardiovasculares no mundo, sendo que 7,9% desses casos s\u00e3o atribu\u00eddos \u00e0 m\u00e1 alimenta\u00e7\u00e3o, segundo o estudo Global Burden of Disease.<\/p>\n<\/div>\n<p><script>\n\t\t! function(f, b, e, v, n, t, s) {\n\t\t\tif (f.fbq) return;\n\t\t\tn = f.fbq = function() {\n\t\t\t\tn.callMethod ?\n\t\t\t\t\tn.callMethod.apply(n, arguments) : n.queue.push(arguments)\n\t\t\t};\n\t\t\tif (!f._fbq) f._fbq = n;\n\t\t\tn.push = n;\n\t\t\tn.loaded = !0;\n\t\t\tn.version = '2.0';\n\t\t\tn.queue = [];\n\t\t\tt = b.createElement(e);\n\t\t\tt.async = !0;\n\t\t\tt.src = v;\n\t\t\ts = b.getElementsByTagName(e)[0];\n\t\t\ts.parentNode.insertBefore(t, s)\n\t\t}(window, document, 'script',\n\t\t\t'https:\/\/connect.facebook.net\/en_US\/fbevents.js');\n\t\tfbq('init', '338315473262380');\n\t\tfbq('track', 'PageView');\n\t<\/script><br \/>\n<br \/><br \/>\n<br \/><a href=\"https:\/\/catracalivre.com.br\/saude-bem-estar\/comer-nestes-horarios-reduz-risco-de-doenca-cardiovascular-diz-estudo\/\">Source link <\/a><\/p>\n<!-- CONTENT END 1 -->\n","protected":false},"excerpt":{"rendered":"<p>Cr\u00e9ditos: Depositphotos\/pressmaster Fazer refei\u00e7\u00f5es mais cedo reduz risco de doen\u00e7a cardiovascular O cotidiano do ser humano \u00e9 marcado por rituais alimentares que, muitas vezes, s\u00e3o&#8230;<\/p>\n","protected":false},"author":1,"featured_media":16875,"comment_status":"open","ping_status":"open","sticky":false,"template":"","format":"standard","meta":{"advanced_seo_description":"","jetpack_seo_html_title":"","jetpack_seo_noindex":false,"jetpack_post_was_ever_published":false,"_jetpack_newsletter_access":"","_jetpack_dont_email_post_to_subs":false,"_jetpack_newsletter_tier_id":0,"_jetpack_memberships_contains_paywalled_content":false,"_jetpack_memberships_contains_paid_content":false,"footnotes":"","jetpack_publicize_message":"","jetpack_publicize_feature_enabled":true,"jetpack_social_post_already_shared":true,"jetpack_social_options":{"image_generator_settings":{"template":"highway","default_image_id":0,"font":"","enabled":false},"version":2}},"categories":[19],"tags":[],"class_list":["post-16874","post","type-post","status-publish","format-standard","has-post-thumbnail","hentry","category-variedades"],"jetpack_publicize_connections":[],"jetpack_featured_media_url":"https:\/\/i0.wp.com\/noticiasribeiraopreto.com.br\/wp-content\/uploads\/2023\/12\/depositphotos-115722702-xl-scaled.jpg?fit=1200%2C638&ssl=1","jetpack-related-posts":[{"id":69863,"url":"https:\/\/noticiasribeiraopreto.com.br\/index.php\/2025\/05\/09\/jornal-da-franca-vacina-contra-herpes-zoster-reduz-em-23-risco-cardiovascular-diz-estudo\/","url_meta":{"origin":16874,"position":0},"title":"Jornal da Franca &#8211; Vacina contra herpes-z\u00f3ster reduz em 23% risco cardiovascular, diz estudo","author":"noticiasribeiraopreto.com.br","date":"9 de May de 2025","format":false,"excerpt":"compartilhar no whatsapp compartilhar no telegram compartilhar no facebook compartilhar no linkedin A doen\u00e7a pode causar danos aos vasos sangu\u00edneos, inflama\u00e7\u00e3o e forma\u00e7\u00e3o de co\u00e1gulos, fatores de risco para doen\u00e7as card\u00edacas Vacina contra herpes-z\u00f3ster reduz risco de problemas cardiovasculares, incluindo AVC \u2013 foto Arquivo \u00a0 A vacina contra herpes-z\u00f3ster reduz\u2026","rel":"","context":"In &quot;Not\u00edcias de Franca-SP&quot;","block_context":{"text":"Not\u00edcias de Franca-SP","link":"https:\/\/noticiasribeiraopreto.com.br\/index.php\/category\/noticias-de-ribeirao-preto-sp-e-regiao-ismael-colosi\/noticias-franca-sp\/"},"img":{"alt_text":"","src":"https:\/\/i0.wp.com\/noticiasribeiraopreto.com.br\/wp-content\/uploads\/2025\/05\/vacina-gripe-1571259524015_v2_1254x836.jpg?fit=1200%2C800&ssl=1&resize=350%2C200","width":350,"height":200,"srcset":"https:\/\/i0.wp.com\/noticiasribeiraopreto.com.br\/wp-content\/uploads\/2025\/05\/vacina-gripe-1571259524015_v2_1254x836.jpg?fit=1200%2C800&ssl=1&resize=350%2C200 1x, https:\/\/i0.wp.com\/noticiasribeiraopreto.com.br\/wp-content\/uploads\/2025\/05\/vacina-gripe-1571259524015_v2_1254x836.jpg?fit=1200%2C800&ssl=1&resize=525%2C300 1.5x, https:\/\/i0.wp.com\/noticiasribeiraopreto.com.br\/wp-content\/uploads\/2025\/05\/vacina-gripe-1571259524015_v2_1254x836.jpg?fit=1200%2C800&ssl=1&resize=700%2C400 2x, https:\/\/i0.wp.com\/noticiasribeiraopreto.com.br\/wp-content\/uploads\/2025\/05\/vacina-gripe-1571259524015_v2_1254x836.jpg?fit=1200%2C800&ssl=1&resize=1050%2C600 3x"},"classes":[]},{"id":70009,"url":"https:\/\/noticiasribeiraopreto.com.br\/index.php\/2025\/05\/21\/jornal-da-franca-estar-em-forma-ou-perder-peso-descubra-o-que-e-melhor-para-longevidade\/","url_meta":{"origin":16874,"position":1},"title":"Jornal da Franca &#8211; Estar em forma ou perder peso? Descubra o que \u00e9 melhor para longevidade!","author":"noticiasribeiraopreto.com.br","date":"21 de May de 2025","format":false,"excerpt":"compartilhar no whatsapp compartilhar no telegram compartilhar no facebook compartilhar no linkedin Estudo avalia o impacto da aptid\u00e3o cardiorrespirat\u00f3ria e do IMC no risco de doen\u00e7as cardiovasculares e morte por todas as causas Tanto o sedentarismo quanto a obesidade s\u00e3o extremamente prejudiciais para a sa\u00fade \u2013 foto Arquivo \u00a0 A\u2026","rel":"","context":"In &quot;Not\u00edcias de Franca-SP&quot;","block_context":{"text":"Not\u00edcias de Franca-SP","link":"https:\/\/noticiasribeiraopreto.com.br\/index.php\/category\/noticias-de-ribeirao-preto-sp-e-regiao-ismael-colosi\/noticias-franca-sp\/"},"img":{"alt_text":"","src":"https:\/\/i0.wp.com\/noticiasribeiraopreto.com.br\/wp-content\/uploads\/2025\/05\/simpatias-para-emagrecer-shutterstock.jpg?fit=1200%2C675&ssl=1&resize=350%2C200","width":350,"height":200,"srcset":"https:\/\/i0.wp.com\/noticiasribeiraopreto.com.br\/wp-content\/uploads\/2025\/05\/simpatias-para-emagrecer-shutterstock.jpg?fit=1200%2C675&ssl=1&resize=350%2C200 1x, https:\/\/i0.wp.com\/noticiasribeiraopreto.com.br\/wp-content\/uploads\/2025\/05\/simpatias-para-emagrecer-shutterstock.jpg?fit=1200%2C675&ssl=1&resize=525%2C300 1.5x, https:\/\/i0.wp.com\/noticiasribeiraopreto.com.br\/wp-content\/uploads\/2025\/05\/simpatias-para-emagrecer-shutterstock.jpg?fit=1200%2C675&ssl=1&resize=700%2C400 2x, https:\/\/i0.wp.com\/noticiasribeiraopreto.com.br\/wp-content\/uploads\/2025\/05\/simpatias-para-emagrecer-shutterstock.jpg?fit=1200%2C675&ssl=1&resize=1050%2C600 3x"},"classes":[]},{"id":3931,"url":"https:\/\/noticiasribeiraopreto.com.br\/index.php\/2023\/11\/20\/suplemento-reduz-o-risco-de-ataque-cardiaco-aponta-estudo\/","url_meta":{"origin":16874,"position":2},"title":"Suplemento reduz o risco de ataque card\u00edaco, aponta estudo","author":"noticiasribeiraopreto.com.br","date":"20 de November de 2023","format":false,"excerpt":"Cr\u00e9ditos: Getty ImagesGupo que recebeu suplemento de vitamina D teve at\u00e9 seis vezes menos incid\u00eancia de eventos card\u00edacos \u2013 iStock\/Getty Images A possibilidade de que um suplemento de determinada vitamina possa ter efeito protetor contra eventual ataque card\u00edaco foi observada por um estudo recente, publicado pelo instituto British Medical Journal\u2026","rel":"","context":"In &quot;Variedades&quot;","block_context":{"text":"Variedades","link":"https:\/\/noticiasribeiraopreto.com.br\/index.php\/category\/variedades\/"},"img":{"alt_text":"","src":"https:\/\/i0.wp.com\/noticiasribeiraopreto.com.br\/wp-content\/uploads\/2023\/11\/istock-135385338.jpg?fit=1200%2C638&ssl=1&resize=350%2C200","width":350,"height":200,"srcset":"https:\/\/i0.wp.com\/noticiasribeiraopreto.com.br\/wp-content\/uploads\/2023\/11\/istock-135385338.jpg?fit=1200%2C638&ssl=1&resize=350%2C200 1x, https:\/\/i0.wp.com\/noticiasribeiraopreto.com.br\/wp-content\/uploads\/2023\/11\/istock-135385338.jpg?fit=1200%2C638&ssl=1&resize=525%2C300 1.5x, https:\/\/i0.wp.com\/noticiasribeiraopreto.com.br\/wp-content\/uploads\/2023\/11\/istock-135385338.jpg?fit=1200%2C638&ssl=1&resize=700%2C400 2x, https:\/\/i0.wp.com\/noticiasribeiraopreto.com.br\/wp-content\/uploads\/2023\/11\/istock-135385338.jpg?fit=1200%2C638&ssl=1&resize=1050%2C600 3x"},"classes":[]},{"id":67406,"url":"https:\/\/noticiasribeiraopreto.com.br\/index.php\/2025\/04\/13\/jornal-da-franca-medicamento-para-baixar-colesterol-reduz-o-risco-de-demencia-diz-estudo\/","url_meta":{"origin":16874,"position":3},"title":"Jornal da Franca &#8211; Medicamento para baixar colesterol reduz o risco de dem\u00eancia, diz estudo","author":"noticiasribeiraopreto.com.br","date":"13 de April de 2025","format":false,"excerpt":"compartilhar no whatsapp compartilhar no telegram compartilhar no facebook compartilhar no linkedin Um dos medicamentos mais populares no mundo, as estatinas (usadas para baixar n\u00edveis de colesterol \u201cruim\u201d) podem tamb\u00e9m reduzir os riscos de dem\u00eancia Segundo estudos, as estatinas podem tamb\u00e9m reduzir os riscos de dem\u00eancia \u2013 foto Arquivo \u00a0\u2026","rel":"","context":"In &quot;Not\u00edcias de Franca-SP&quot;","block_context":{"text":"Not\u00edcias de Franca-SP","link":"https:\/\/noticiasribeiraopreto.com.br\/index.php\/category\/noticias-de-ribeirao-preto-sp-e-regiao-ismael-colosi\/noticias-franca-sp\/"},"img":{"alt_text":"","src":"https:\/\/i0.wp.com\/noticiasribeiraopreto.com.br\/wp-content\/uploads\/2025\/04\/remedios_agencia_brasil-1.jpg?fit=1170%2C700&ssl=1&resize=350%2C200","width":350,"height":200,"srcset":"https:\/\/i0.wp.com\/noticiasribeiraopreto.com.br\/wp-content\/uploads\/2025\/04\/remedios_agencia_brasil-1.jpg?fit=1170%2C700&ssl=1&resize=350%2C200 1x, https:\/\/i0.wp.com\/noticiasribeiraopreto.com.br\/wp-content\/uploads\/2025\/04\/remedios_agencia_brasil-1.jpg?fit=1170%2C700&ssl=1&resize=525%2C300 1.5x, https:\/\/i0.wp.com\/noticiasribeiraopreto.com.br\/wp-content\/uploads\/2025\/04\/remedios_agencia_brasil-1.jpg?fit=1170%2C700&ssl=1&resize=700%2C400 2x, https:\/\/i0.wp.com\/noticiasribeiraopreto.com.br\/wp-content\/uploads\/2025\/04\/remedios_agencia_brasil-1.jpg?fit=1170%2C700&ssl=1&resize=1050%2C600 3x"},"classes":[]},{"id":22361,"url":"https:\/\/noticiasribeiraopreto.com.br\/index.php\/2023\/12\/29\/vegetal-barato-ajuda-a-reduzir-a-gordura-nas-arterias\/","url_meta":{"origin":16874,"position":4},"title":"Vegetal barato ajuda a reduzir a gordura nas art\u00e9rias","author":"noticiasribeiraopreto.com.br","date":"29 de December de 2023","format":false,"excerpt":"Al\u00e9m de reduzir a gordura das art\u00e9rias, a vegetal diminui o risco de doen\u00e7as cardiovasculares \u2013 iStock\/Getty Images Os carotenos, encontrados em frutas, legumes e verduras alaranjados, amarelos e verdes, desempenham pap\u00e9is essenciais para a sa\u00fade. Em especial a cenoura, vegetal que se destaca por sua alta concentra\u00e7\u00e3o de carotenos,\u2026","rel":"","context":"In &quot;Variedades&quot;","block_context":{"text":"Variedades","link":"https:\/\/noticiasribeiraopreto.com.br\/index.php\/category\/variedades\/"},"img":{"alt_text":"","src":"https:\/\/i0.wp.com\/noticiasribeiraopreto.com.br\/wp-content\/uploads\/2023\/12\/10700586_940374645978530_1356126968148297852_o.jpg?fit=1200%2C638&ssl=1&resize=350%2C200","width":350,"height":200,"srcset":"https:\/\/i0.wp.com\/noticiasribeiraopreto.com.br\/wp-content\/uploads\/2023\/12\/10700586_940374645978530_1356126968148297852_o.jpg?fit=1200%2C638&ssl=1&resize=350%2C200 1x, https:\/\/i0.wp.com\/noticiasribeiraopreto.com.br\/wp-content\/uploads\/2023\/12\/10700586_940374645978530_1356126968148297852_o.jpg?fit=1200%2C638&ssl=1&resize=525%2C300 1.5x, https:\/\/i0.wp.com\/noticiasribeiraopreto.com.br\/wp-content\/uploads\/2023\/12\/10700586_940374645978530_1356126968148297852_o.jpg?fit=1200%2C638&ssl=1&resize=700%2C400 2x, https:\/\/i0.wp.com\/noticiasribeiraopreto.com.br\/wp-content\/uploads\/2023\/12\/10700586_940374645978530_1356126968148297852_o.jpg?fit=1200%2C638&ssl=1&resize=1050%2C600 3x"},"classes":[]},{"id":21136,"url":"https:\/\/noticiasribeiraopreto.com.br\/index.php\/2023\/12\/27\/estudo-conclui-que-consumo-diario-deste-cha-reduz-risco-de-diabetes\/","url_meta":{"origin":16874,"position":5},"title":"Estudo conclui que consumo di\u00e1rio deste ch\u00e1 reduz risco de diabetes","author":"noticiasribeiraopreto.com.br","date":"27 de December de 2023","format":false,"excerpt":"Uma pesquisa recente traz not\u00edcias positivas para entusiastas do ch\u00e1 preto. Conforme o estudo, o consumo di\u00e1rio dessa infus\u00e3o pode contribuir para o controle dos n\u00edveis de glicose no sangue, reduzindo os potenciais riscos de diabetes tipo 2. O estudo foi conduzido por acad\u00eamicos da Universidade de Adelaide, na Austr\u00e1lia,\u2026","rel":"","context":"In &quot;Variedades&quot;","block_context":{"text":"Variedades","link":"https:\/\/noticiasribeiraopreto.com.br\/index.php\/category\/variedades\/"},"img":{"alt_text":"","src":"https:\/\/i0.wp.com\/noticiasribeiraopreto.com.br\/wp-content\/uploads\/2023\/12\/1703674487_istock-1441044138.jpg?fit=1200%2C638&ssl=1&resize=350%2C200","width":350,"height":200,"srcset":"https:\/\/i0.wp.com\/noticiasribeiraopreto.com.br\/wp-content\/uploads\/2023\/12\/1703674487_istock-1441044138.jpg?fit=1200%2C638&ssl=1&resize=350%2C200 1x, https:\/\/i0.wp.com\/noticiasribeiraopreto.com.br\/wp-content\/uploads\/2023\/12\/1703674487_istock-1441044138.jpg?fit=1200%2C638&ssl=1&resize=525%2C300 1.5x, https:\/\/i0.wp.com\/noticiasribeiraopreto.com.br\/wp-content\/uploads\/2023\/12\/1703674487_istock-1441044138.jpg?fit=1200%2C638&ssl=1&resize=700%2C400 2x, https:\/\/i0.wp.com\/noticiasribeiraopreto.com.br\/wp-content\/uploads\/2023\/12\/1703674487_istock-1441044138.jpg?fit=1200%2C638&ssl=1&resize=1050%2C600 3x"},"classes":[]}],"jetpack_sharing_enabled":true,"jetpack_shortlink":"https:\/\/wp.me\/peQAOb-4oa","_links":{"self":[{"href":"https:\/\/noticiasribeiraopreto.com.br\/index.php\/wp-json\/wp\/v2\/posts\/16874","targetHints":{"allow":["GET"]}}],"collection":[{"href":"https:\/\/noticiasribeiraopreto.com.br\/index.php\/wp-json\/wp\/v2\/posts"}],"about":[{"href":"https:\/\/noticiasribeiraopreto.com.br\/index.php\/wp-json\/wp\/v2\/types\/post"}],"author":[{"embeddable":true,"href":"https:\/\/noticiasribeiraopreto.com.br\/index.php\/wp-json\/wp\/v2\/users\/1"}],"replies":[{"embeddable":true,"href":"https:\/\/noticiasribeiraopreto.com.br\/index.php\/wp-json\/wp\/v2\/comments?post=16874"}],"version-history":[{"count":0,"href":"https:\/\/noticiasribeiraopreto.com.br\/index.php\/wp-json\/wp\/v2\/posts\/16874\/revisions"}],"wp:featuredmedia":[{"embeddable":true,"href":"https:\/\/noticiasribeiraopreto.com.br\/index.php\/wp-json\/wp\/v2\/media\/16875"}],"wp:attachment":[{"href":"https:\/\/noticiasribeiraopreto.com.br\/index.php\/wp-json\/wp\/v2\/media?parent=16874"}],"wp:term":[{"taxonomy":"category","embeddable":true,"href":"https:\/\/noticiasribeiraopreto.com.br\/index.php\/wp-json\/wp\/v2\/categories?post=16874"},{"taxonomy":"post_tag","embeddable":true,"href":"https:\/\/noticiasribeiraopreto.com.br\/index.php\/wp-json\/wp\/v2\/tags?post=16874"}],"curies":[{"name":"wp","href":"https:\/\/api.w.org\/{rel}","templated":true}]}}