{"id":16889,"date":"2023-12-16T19:52:23","date_gmt":"2023-12-16T22:52:23","guid":{"rendered":"https:\/\/noticiasribeiraopreto.com.br\/index.php\/2023\/12\/16\/substancia-presente-em-fruta-pode-prevenir-cancer\/"},"modified":"2023-12-16T19:52:23","modified_gmt":"2023-12-16T22:52:23","slug":"substancia-presente-em-fruta-pode-prevenir-cancer","status":"publish","type":"post","link":"https:\/\/noticiasribeiraopreto.com.br\/index.php\/2023\/12\/16\/substancia-presente-em-fruta-pode-prevenir-cancer\/","title":{"rendered":"Subst\u00e2ncia presente em fruta pode prevenir c\u00e2ncer"},"content":{"rendered":"<div class='code-block code-block-1' style='margin: 8px 0 8px auto; text-align: right; display: block; clear: both;'>\n<p><a href=\"https:\/\/wa.link\/vpicfd\"><img data-recalc-dims=\"1\" class=\"wp-image-4922\" style=\"aspect-ratio: 2.0253164556962027; width: 561px; height: auto;\" src=\"https:\/\/i0.wp.com\/ismaelcolosi.com.br\/wp-content\/uploads\/2023\/11\/grupo-de-empregos-whatsapp-e-facebook-ismael-colosi-vagas.jpg?ssl=1\" alt=\"\" \/><\/a><\/p>\n<!-- \/wp:image -->\n<\/div>\n<p> <br \/>\n<\/p>\n<div>\n<div id=\"attachment_2327684\" class=\"wp-caption alignnone\">\n<div class=\"d-flex justify-content-center\" data-attachment-id=\"2327684\">\n<div class=\"position-relative d-inline-block\"><img data-recalc-dims=\"1\" data-portal-copyright=\"Getty Images\/iStockphoto\" fetchpriority=\"high\" decoding=\"async\" class=\"wp-image-2327684 size-full\" src=\"https:\/\/i0.wp.com\/catracalivre.com.br\/wp-content\/uploads\/2023\/12\/istock-826939388.jpg?resize=1254%2C836&#038;ssl=1\" alt=\"A rela\u00e7\u00e3o entre a fruta e a preven\u00e7\u00e3o do c\u00e2ncer no sistema digestivo tem sido considerada uma das descobertas mais not\u00e1veis desses estudos \u2013 iStock\/Getty Images\" width=\"1254\" height=\"836\" srcset=\"https:\/\/catracalivre.com.br\/wp-content\/uploads\/2023\/12\/istock-826939388.jpg 1254w, https:\/\/catracalivre.com.br\/wp-content\/uploads\/2023\/12\/istock-826939388-450x300.jpg 450w, https:\/\/catracalivre.com.br\/wp-content\/uploads\/2023\/12\/istock-826939388-768x512.jpg 768w\" sizes=\"(max-width: 1254px) 100vw, 1254px\"\/><\/p>\n<p>Cr\u00e9ditos: Getty Images\/iStockphoto<\/p>\n<\/div>\n<\/div>\n<p><span class=\"post-imagem__legenda\">A rela\u00e7\u00e3o entre a fruta e a preven\u00e7\u00e3o do c\u00e2ncer no sistema digestivo tem sido considerada uma das descobertas mais not\u00e1veis desses estudos \u2013 iStock\/Getty Images<\/span><\/p>\n<\/div>\n<p>Diversos benef\u00edcios surpreendentes associados ao consumo regular de melancia ganharam destaque em uma s\u00e9rie de pesquisas publicadas no <strong><a href=\"https:\/\/www.mdpi.com\/journal\/nutrients\" target=\"_blank\" rel=\"noopener\">peri\u00f3dico cient\u00edfico Nutrients<\/a>. <\/strong>A fruta, al\u00e9m de ser uma escolha refrescante e saborosa para <strong><a href=\"https:\/\/catracalivre.com.br\/equilibre-se\/dicas-para-nao-desistir-da-rotina-de-treinos-nos-dias-quentes\/\" target=\"_blank\" rel=\"noopener\">dias quentes<\/a><\/strong>, \u00e9 considerada uma aliada na promo\u00e7\u00e3o da sa\u00fade geral, principalmente no que diz respeito ao sistema digestivo.<\/p>\n<h2>Por que esta fruta previne o c\u00e2ncer?<\/h2>\n<p>A rela\u00e7\u00e3o entre a melancia e a preven\u00e7\u00e3o do c\u00e2ncer no sistema digestivo tem sido considerada uma das descobertas mais not\u00e1veis desses estudos. Segundo especialistas, isso se deve \u00e0 presen\u00e7a do licopeno, um composto que confere a colora\u00e7\u00e3o vermelha caracter\u00edstica dessa fruta e que tem mostrado potenciais propriedades anticancer\u00edgenas.<\/p>\n<p>Antioxidante poderoso que combate o estresse oxidativo, o licopeno desempenha um papel fundamental na redu\u00e7\u00e3o do risco de doen\u00e7as card\u00edacas e tamb\u00e9m dos n\u00edveis de colesterol.<\/p>\n<p>Essas descobertas fornecem um ponto de partida importante para futuras investiga\u00e7\u00f5es sobre os benef\u00edcios da melancia para a sa\u00fade cardiometab\u00f3lica, embora as pesquisas iniciais tenham sido realizadas com um grupo de apenas 18 homens e mulheres jovens saud\u00e1veis.<\/p>\n<h2>Outros benef\u00edcios da melancia<\/h2>\n<p>Um dos principais benef\u00edcios da melancia est\u00e1 relacionado \u00e0 sa\u00fade vascular, como apontado pelos estudos publicados pelo Nutrients.\u00a0Al\u00e9m do licopeno, a melancia tamb\u00e9m \u00e9 uma rica fonte de outros nutrientes essenciais, como vitaminas C e A, fibras, magn\u00e9sio e pot\u00e1ssio.<\/p>\n<p><strong>Sa\u00fade vascular<\/strong><\/p>\n<p>A combina\u00e7\u00e3o \u00fanica de nutrientes contribui para uma s\u00e9rie de vantagens para a sa\u00fade, incluindo a melhora da sa\u00fade vascular, protegendo a fun\u00e7\u00e3o do cora\u00e7\u00e3o.<\/p>\n<p><strong>Contribui no bom funcionamento dos rins<\/strong><br \/>Al\u00e9m disso, a melancia \u00e9 uma fonte de sais minerais, como c\u00e1lcio, f\u00f3sforo e s\u00f3dio, e tamb\u00e9m cont\u00e9m carboidratos em sua composi\u00e7\u00e3o. Essa combina\u00e7\u00e3o de nutrientes contribui para o bom funcionamento dos rins, intestino e est\u00f4mago, e atua como um calmante natural.<\/p>\n<p>Al\u00e9m disso, a alta concentra\u00e7\u00e3o de \u00e1gua na melancia e as fibras presentes em sua polpa favorecem a digest\u00e3o saud\u00e1vel, melhorando o tr\u00e2nsito intestinal e prevenindo problemas como constipa\u00e7\u00e3o e obstru\u00e7\u00e3o intestinal.<\/p>\n<p><strong>Ajuda a manter a hidrata\u00e7\u00e3o<\/strong><br \/>Outro destaque da melancia \u00e9 a sua capacidade de hidrata\u00e7\u00e3o, uma vez que consiste em cerca de 90% de \u00e1gua.<\/p>\n<p>Manter o corpo adequadamente hidratado \u00e9 essencial para o funcionamento correto do organismo e est\u00e1 associado \u00e0 preven\u00e7\u00e3o de doen\u00e7as cr\u00f4nicas, ao retardamento do envelhecimento e \u00e0 promo\u00e7\u00e3o da longevidade.<\/p>\n<p><strong>Fortalece o sistema imunol\u00f3gico<\/strong><br \/>Al\u00e9m de todos esses benef\u00edcios, a melancia fortalece o sistema imunol\u00f3gico devido aos nutrientes e vitaminas que cont\u00e9m, incluindo a vitamina C. Essas subst\u00e2ncias auxiliam na preven\u00e7\u00e3o de defici\u00eancias nutricionais e na prote\u00e7\u00e3o contra doen\u00e7as virais e infec\u00e7\u00f5es.<\/p>\n<p><strong>Previne problemas na vis\u00e3o<\/strong><br \/>Por fim, a melancia tamb\u00e9m desempenha um papel importante na preven\u00e7\u00e3o de problemas na vis\u00e3o, como a cegueira nutricional causada pela defici\u00eancia de vitamina A. Suas vitaminas antioxidantes combatem os radicais livres e ajudam a manter a sa\u00fade ocular.<\/p>\n<\/div>\n<p><script>\n\t\t! function(f, b, e, v, n, t, s) {\n\t\t\tif (f.fbq) return;\n\t\t\tn = f.fbq = function() {\n\t\t\t\tn.callMethod ?\n\t\t\t\t\tn.callMethod.apply(n, arguments) : n.queue.push(arguments)\n\t\t\t};\n\t\t\tif (!f._fbq) f._fbq = n;\n\t\t\tn.push = n;\n\t\t\tn.loaded = !0;\n\t\t\tn.version = '2.0';\n\t\t\tn.queue = [];\n\t\t\tt = b.createElement(e);\n\t\t\tt.async = !0;\n\t\t\tt.src = v;\n\t\t\ts = b.getElementsByTagName(e)[0];\n\t\t\ts.parentNode.insertBefore(t, s)\n\t\t}(window, document, 'script',\n\t\t\t'https:\/\/connect.facebook.net\/en_US\/fbevents.js');\n\t\tfbq('init', '338315473262380');\n\t\tfbq('track', 'PageView');\n\t<\/script><br \/>\n<br \/><br \/>\n<br \/><a href=\"https:\/\/catracalivre.com.br\/saude-bem-estar\/substancia-presente-em-fruta-pode-prevenir-cancer\/\">Source link <\/a><\/p>\n<!-- CONTENT END 1 -->\n","protected":false},"excerpt":{"rendered":"<p>Cr\u00e9ditos: Getty Images\/iStockphoto A rela\u00e7\u00e3o entre a fruta e a preven\u00e7\u00e3o do c\u00e2ncer no sistema digestivo tem sido considerada uma das descobertas mais not\u00e1veis desses&#8230;<\/p>\n","protected":false},"author":1,"featured_media":16890,"comment_status":"open","ping_status":"open","sticky":false,"template":"","format":"standard","meta":{"advanced_seo_description":"","jetpack_seo_html_title":"","jetpack_seo_noindex":false,"jetpack_post_was_ever_published":false,"_jetpack_newsletter_access":"","_jetpack_dont_email_post_to_subs":false,"_jetpack_newsletter_tier_id":0,"_jetpack_memberships_contains_paywalled_content":false,"_jetpack_memberships_contains_paid_content":false,"footnotes":"","jetpack_publicize_message":"","jetpack_publicize_feature_enabled":true,"jetpack_social_post_already_shared":true,"jetpack_social_options":{"image_generator_settings":{"template":"highway","default_image_id":0,"font":"","enabled":false},"version":2}},"categories":[19],"tags":[],"class_list":["post-16889","post","type-post","status-publish","format-standard","has-post-thumbnail","hentry","category-variedades"],"jetpack_publicize_connections":[],"jetpack_featured_media_url":"https:\/\/i0.wp.com\/noticiasribeiraopreto.com.br\/wp-content\/uploads\/2023\/12\/istock-826939388.jpg?fit=1200%2C638&ssl=1","jetpack-related-posts":[{"id":20483,"url":"https:\/\/noticiasribeiraopreto.com.br\/index.php\/2023\/12\/25\/esta-fruta-previne-um-tipo-de-cancer-comum-entre-homens-diz-estudo\/","url_meta":{"origin":16889,"position":0},"title":"Esta fruta previne um tipo de c\u00e2ncer comum entre homens, diz estudo","author":"noticiasribeiraopreto.com.br","date":"25 de December de 2023","format":false,"excerpt":"Cr\u00e9ditos: Chinnapong\/istockFruta que ajuda a prevenir c\u00e2ncer de pr\u00f3stata O baga\u00e7o do maracuj\u00e1, frequentemente descartado, pode ser mais \u00fatil e valioso do que muitos imaginam. Estudos da Universidade de Campinas (Unicamp) indicam que o extrato desta fruta pode ser um aliado importante na preven\u00e7\u00e3o do c\u00e2ncer de pr\u00f3stata. O composto,\u2026","rel":"","context":"In &quot;Variedades&quot;","block_context":{"text":"Variedades","link":"https:\/\/noticiasribeiraopreto.com.br\/index.php\/category\/variedades\/"},"img":{"alt_text":"","src":"https:\/\/i0.wp.com\/noticiasribeiraopreto.com.br\/wp-content\/uploads\/2023\/12\/istock-968086632.jpg?fit=1200%2C638&ssl=1&resize=350%2C200","width":350,"height":200,"srcset":"https:\/\/i0.wp.com\/noticiasribeiraopreto.com.br\/wp-content\/uploads\/2023\/12\/istock-968086632.jpg?fit=1200%2C638&ssl=1&resize=350%2C200 1x, https:\/\/i0.wp.com\/noticiasribeiraopreto.com.br\/wp-content\/uploads\/2023\/12\/istock-968086632.jpg?fit=1200%2C638&ssl=1&resize=525%2C300 1.5x, https:\/\/i0.wp.com\/noticiasribeiraopreto.com.br\/wp-content\/uploads\/2023\/12\/istock-968086632.jpg?fit=1200%2C638&ssl=1&resize=700%2C400 2x, https:\/\/i0.wp.com\/noticiasribeiraopreto.com.br\/wp-content\/uploads\/2023\/12\/istock-968086632.jpg?fit=1200%2C638&ssl=1&resize=1050%2C600 3x"},"classes":[]},{"id":16503,"url":"https:\/\/noticiasribeiraopreto.com.br\/index.php\/2023\/12\/15\/conheca-os-beneficios-de-uma-das-frutas-caracteristicas-de-natal\/","url_meta":{"origin":16889,"position":1},"title":"conhe\u00e7a os benef\u00edcios de uma das frutas caracter\u00edsticas de Natal","author":"noticiasribeiraopreto.com.br","date":"15 de December de 2023","format":false,"excerpt":"Final de ano e a tradicional ceia de natal se aproxima. Para encher a mesa de guloseimas, a lista das compras s\u00f3 tende a crescer. Alguns alimentos s\u00e3o quase que obrigat\u00f3rios marcarem presen\u00e7a.Um deles \u00e9 o damasco. Usado como enfeite, aperitivo ou protagonista em alguma receita, a fruta t\u00edpica usada\u2026","rel":"","context":"In &quot;Blog&quot;","block_context":{"text":"Blog","link":"https:\/\/noticiasribeiraopreto.com.br\/index.php\/category\/blog\/"},"img":{"alt_text":"","src":"https:\/\/i0.wp.com\/noticiasribeiraopreto.com.br\/wp-content\/uploads\/2023\/12\/postimg-657cb22dbb6d59411.jpg?fit=1200%2C628&ssl=1&resize=350%2C200","width":350,"height":200,"srcset":"https:\/\/i0.wp.com\/noticiasribeiraopreto.com.br\/wp-content\/uploads\/2023\/12\/postimg-657cb22dbb6d59411.jpg?fit=1200%2C628&ssl=1&resize=350%2C200 1x, https:\/\/i0.wp.com\/noticiasribeiraopreto.com.br\/wp-content\/uploads\/2023\/12\/postimg-657cb22dbb6d59411.jpg?fit=1200%2C628&ssl=1&resize=525%2C300 1.5x, https:\/\/i0.wp.com\/noticiasribeiraopreto.com.br\/wp-content\/uploads\/2023\/12\/postimg-657cb22dbb6d59411.jpg?fit=1200%2C628&ssl=1&resize=700%2C400 2x, https:\/\/i0.wp.com\/noticiasribeiraopreto.com.br\/wp-content\/uploads\/2023\/12\/postimg-657cb22dbb6d59411.jpg?fit=1200%2C628&ssl=1&resize=1050%2C600 3x"},"classes":[]},{"id":84604,"url":"https:\/\/noticiasribeiraopreto.com.br\/index.php\/2026\/04\/13\/campanha-em-ribeirao-preto-arrecada-gelatina-vermelha-para-pacientes-em-tratamento-contra-o-cancer\/","url_meta":{"origin":16889,"position":2},"title":"Campanha em Ribeir\u00e3o Preto arrecada gelatina vermelha para pacientes em tratamento contra o c\u00e2ncer","author":"noticiasribeiraopreto.com.br","date":"13 de April de 2026","format":false,"excerpt":"Uma campanha arrecada gelatinas vermelhas em Ribeir\u00e3o Preto para pacientes que est\u00e3o em tratamento contra o c\u00e2ncer. A a\u00e7\u00e3o tem parceria do Corpo de Bombeiros e Abutre\u2019s Moto Clube. As gelatinas de cor vermelha, como morango, framboesa, frutas vermelhas, entre outras, podem ser entregues at\u00e9 15 de maio na sede\u2026","rel":"","context":"In &quot;Not\u00edcias de Ribeir\u00e3o Preto-SP e Regi\u00e3o&quot;","block_context":{"text":"Not\u00edcias de Ribeir\u00e3o Preto-SP e Regi\u00e3o","link":"https:\/\/noticiasribeiraopreto.com.br\/index.php\/category\/noticias-de-ribeirao-preto-sp-e-regiao-ismael-colosi\/"},"img":{"alt_text":"","src":"https:\/\/i0.wp.com\/noticiasribeiraopreto.com.br\/wp-content\/uploads\/2026\/04\/645_2026-04-13_11-22-40.webp.webp?fit=1200%2C900&ssl=1&resize=350%2C200","width":350,"height":200,"srcset":"https:\/\/i0.wp.com\/noticiasribeiraopreto.com.br\/wp-content\/uploads\/2026\/04\/645_2026-04-13_11-22-40.webp.webp?fit=1200%2C900&ssl=1&resize=350%2C200 1x, https:\/\/i0.wp.com\/noticiasribeiraopreto.com.br\/wp-content\/uploads\/2026\/04\/645_2026-04-13_11-22-40.webp.webp?fit=1200%2C900&ssl=1&resize=525%2C300 1.5x, https:\/\/i0.wp.com\/noticiasribeiraopreto.com.br\/wp-content\/uploads\/2026\/04\/645_2026-04-13_11-22-40.webp.webp?fit=1200%2C900&ssl=1&resize=700%2C400 2x, https:\/\/i0.wp.com\/noticiasribeiraopreto.com.br\/wp-content\/uploads\/2026\/04\/645_2026-04-13_11-22-40.webp.webp?fit=1200%2C900&ssl=1&resize=1050%2C600 3x"},"classes":[]},{"id":13174,"url":"https:\/\/noticiasribeiraopreto.com.br\/index.php\/2023\/12\/09\/dicas-indispensaveis-para-evitar-doencas-cardiacas-cancer-e-alzheimer\/","url_meta":{"origin":16889,"position":3},"title":"Dicas indispens\u00e1veis para evitar doen\u00e7as card\u00edacas, c\u00e2ncer e Alzheimer","author":"noticiasribeiraopreto.com.br","date":"9 de December de 2023","format":false,"excerpt":"Cr\u00e9ditos: Getty ImagesAl\u00e9m da gen\u00e9tica, longevidade est\u00e1 relacionada aos h\u00e1bitos alimentares e estilo de vida. Confira algumas dicas para evitar doen\u00e7as\u00a0 \u2013 iStock\/Getty Imags Um estudo realizado pela Associa\u00e7\u00e3o Americana do Cora\u00e7\u00e3o (American Hear Association) avaliou a sa\u00fade de 500 g\u00eameos para entender como\u00a0dieta e estilo de vida sobrep\u00f5em a\u2026","rel":"","context":"In &quot;Variedades&quot;","block_context":{"text":"Variedades","link":"https:\/\/noticiasribeiraopreto.com.br\/index.php\/category\/variedades\/"},"img":{"alt_text":"","src":"https:\/\/i0.wp.com\/noticiasribeiraopreto.com.br\/wp-content\/uploads\/2023\/12\/istock-1317687961.jpg?fit=1200%2C638&ssl=1&resize=350%2C200","width":350,"height":200,"srcset":"https:\/\/i0.wp.com\/noticiasribeiraopreto.com.br\/wp-content\/uploads\/2023\/12\/istock-1317687961.jpg?fit=1200%2C638&ssl=1&resize=350%2C200 1x, https:\/\/i0.wp.com\/noticiasribeiraopreto.com.br\/wp-content\/uploads\/2023\/12\/istock-1317687961.jpg?fit=1200%2C638&ssl=1&resize=525%2C300 1.5x, https:\/\/i0.wp.com\/noticiasribeiraopreto.com.br\/wp-content\/uploads\/2023\/12\/istock-1317687961.jpg?fit=1200%2C638&ssl=1&resize=700%2C400 2x, https:\/\/i0.wp.com\/noticiasribeiraopreto.com.br\/wp-content\/uploads\/2023\/12\/istock-1317687961.jpg?fit=1200%2C638&ssl=1&resize=1050%2C600 3x"},"classes":[]},{"id":22723,"url":"https:\/\/noticiasribeiraopreto.com.br\/index.php\/2023\/12\/30\/5-frutas-que-ajudam-a-regular-seu-intestino\/","url_meta":{"origin":16889,"position":4},"title":"5 frutas que ajudam a regular seu intestino","author":"noticiasribeiraopreto.com.br","date":"30 de December de 2023","format":false,"excerpt":"Cr\u00e9ditos: iStock\/AnnaElizabethPhotographyApesar de seu teor de gordura, o abacate \u00e9 rico em fibras, especificamente a fibra sol\u00favel, \u00e9 uma das frutas que ajuda a regular o intestino \u2013 iStock\/Getty Images \u00c9 essencial dar a devida aten\u00e7\u00e3o ao funcionamento saud\u00e1vel do nosso sistema digestivo. Por isso, especialistas destacam cinco hero\u00ednas da\u2026","rel":"","context":"In &quot;Variedades&quot;","block_context":{"text":"Variedades","link":"https:\/\/noticiasribeiraopreto.com.br\/index.php\/category\/variedades\/"},"img":{"alt_text":"","src":"https:\/\/i0.wp.com\/noticiasribeiraopreto.com.br\/wp-content\/uploads\/2023\/12\/istock-485899981.jpg?fit=1200%2C638&ssl=1&resize=350%2C200","width":350,"height":200,"srcset":"https:\/\/i0.wp.com\/noticiasribeiraopreto.com.br\/wp-content\/uploads\/2023\/12\/istock-485899981.jpg?fit=1200%2C638&ssl=1&resize=350%2C200 1x, https:\/\/i0.wp.com\/noticiasribeiraopreto.com.br\/wp-content\/uploads\/2023\/12\/istock-485899981.jpg?fit=1200%2C638&ssl=1&resize=525%2C300 1.5x, https:\/\/i0.wp.com\/noticiasribeiraopreto.com.br\/wp-content\/uploads\/2023\/12\/istock-485899981.jpg?fit=1200%2C638&ssl=1&resize=700%2C400 2x, https:\/\/i0.wp.com\/noticiasribeiraopreto.com.br\/wp-content\/uploads\/2023\/12\/istock-485899981.jpg?fit=1200%2C638&ssl=1&resize=1050%2C600 3x"},"classes":[]},{"id":19086,"url":"https:\/\/noticiasribeiraopreto.com.br\/index.php\/2023\/12\/21\/fruta-que-todos-conhecem-reduz-colesterol-ruim-saiba-qual\/","url_meta":{"origin":16889,"position":5},"title":"Fruta que todos conhecem reduz colesterol ruim; saiba qual","author":"noticiasribeiraopreto.com.br","date":"21 de December de 2023","format":false,"excerpt":"Cr\u00e9ditos: Depositphotos\/lightsourceFruta que ajuda a reduzir colesterol ruim Se voc\u00ea est\u00e1 buscando formas naturais para melhorar a sua sa\u00fade, \u00e9 imposs\u00edvel ignorar os benef\u00edcios do abacate. Conhecido por seu alto valor nutricional, o abacate tem conquistado cada vez mais espa\u00e7o nas mesas e nos card\u00e1pios dos brasileiros. A fruta, que\u2026","rel":"","context":"In &quot;Variedades&quot;","block_context":{"text":"Variedades","link":"https:\/\/noticiasribeiraopreto.com.br\/index.php\/category\/variedades\/"},"img":{"alt_text":"","src":"https:\/\/i0.wp.com\/noticiasribeiraopreto.com.br\/wp-content\/uploads\/2023\/12\/depositphotos-193073748-xl-scaled.jpg?fit=1200%2C638&ssl=1&resize=350%2C200","width":350,"height":200,"srcset":"https:\/\/i0.wp.com\/noticiasribeiraopreto.com.br\/wp-content\/uploads\/2023\/12\/depositphotos-193073748-xl-scaled.jpg?fit=1200%2C638&ssl=1&resize=350%2C200 1x, https:\/\/i0.wp.com\/noticiasribeiraopreto.com.br\/wp-content\/uploads\/2023\/12\/depositphotos-193073748-xl-scaled.jpg?fit=1200%2C638&ssl=1&resize=525%2C300 1.5x, https:\/\/i0.wp.com\/noticiasribeiraopreto.com.br\/wp-content\/uploads\/2023\/12\/depositphotos-193073748-xl-scaled.jpg?fit=1200%2C638&ssl=1&resize=700%2C400 2x, https:\/\/i0.wp.com\/noticiasribeiraopreto.com.br\/wp-content\/uploads\/2023\/12\/depositphotos-193073748-xl-scaled.jpg?fit=1200%2C638&ssl=1&resize=1050%2C600 3x"},"classes":[]}],"jetpack_sharing_enabled":true,"jetpack_shortlink":"https:\/\/wp.me\/peQAOb-4op","_links":{"self":[{"href":"https:\/\/noticiasribeiraopreto.com.br\/index.php\/wp-json\/wp\/v2\/posts\/16889","targetHints":{"allow":["GET"]}}],"collection":[{"href":"https:\/\/noticiasribeiraopreto.com.br\/index.php\/wp-json\/wp\/v2\/posts"}],"about":[{"href":"https:\/\/noticiasribeiraopreto.com.br\/index.php\/wp-json\/wp\/v2\/types\/post"}],"author":[{"embeddable":true,"href":"https:\/\/noticiasribeiraopreto.com.br\/index.php\/wp-json\/wp\/v2\/users\/1"}],"replies":[{"embeddable":true,"href":"https:\/\/noticiasribeiraopreto.com.br\/index.php\/wp-json\/wp\/v2\/comments?post=16889"}],"version-history":[{"count":0,"href":"https:\/\/noticiasribeiraopreto.com.br\/index.php\/wp-json\/wp\/v2\/posts\/16889\/revisions"}],"wp:featuredmedia":[{"embeddable":true,"href":"https:\/\/noticiasribeiraopreto.com.br\/index.php\/wp-json\/wp\/v2\/media\/16890"}],"wp:attachment":[{"href":"https:\/\/noticiasribeiraopreto.com.br\/index.php\/wp-json\/wp\/v2\/media?parent=16889"}],"wp:term":[{"taxonomy":"category","embeddable":true,"href":"https:\/\/noticiasribeiraopreto.com.br\/index.php\/wp-json\/wp\/v2\/categories?post=16889"},{"taxonomy":"post_tag","embeddable":true,"href":"https:\/\/noticiasribeiraopreto.com.br\/index.php\/wp-json\/wp\/v2\/tags?post=16889"}],"curies":[{"name":"wp","href":"https:\/\/api.w.org\/{rel}","templated":true}]}}