{"id":16918,"date":"2023-12-16T21:46:51","date_gmt":"2023-12-17T00:46:51","guid":{"rendered":"https:\/\/noticiasribeiraopreto.com.br\/index.php\/2023\/12\/16\/instagram-testa-opcao-inedita-para-maior-controle-de-atividades-no-app\/"},"modified":"2023-12-16T21:46:51","modified_gmt":"2023-12-17T00:46:51","slug":"instagram-testa-opcao-inedita-para-maior-controle-de-atividades-no-app","status":"publish","type":"post","link":"https:\/\/noticiasribeiraopreto.com.br\/index.php\/2023\/12\/16\/instagram-testa-opcao-inedita-para-maior-controle-de-atividades-no-app\/","title":{"rendered":"Instagram testa op\u00e7\u00e3o in\u00e9dita para maior controle de atividades no app"},"content":{"rendered":"<div class='code-block code-block-1' style='margin: 8px 0 8px auto; text-align: right; display: block; clear: both;'>\n<p><a href=\"https:\/\/wa.link\/vpicfd\"><img data-recalc-dims=\"1\" class=\"wp-image-4922\" style=\"aspect-ratio: 2.0253164556962027; width: 561px; height: auto;\" src=\"https:\/\/i0.wp.com\/ismaelcolosi.com.br\/wp-content\/uploads\/2023\/11\/grupo-de-empregos-whatsapp-e-facebook-ismael-colosi-vagas.jpg?ssl=1\" alt=\"\" \/><\/a><\/p>\n<!-- \/wp:image -->\n<\/div>\n<p> <br \/>\n<\/p>\n<div>\n<div id=\"attachment_2306017\" class=\"wp-caption alignnone\">\n<div class=\"d-flex justify-content-center\" data-attachment-id=\"2306017\">\n<div class=\"position-relative d-inline-block\"><img data-recalc-dims=\"1\" data-portal-copyright=\"Reprodu\u00e7\u00e3o\/Instagram\" fetchpriority=\"high\" decoding=\"async\" class=\"size-full wp-image-2306017\" src=\"https:\/\/i0.wp.com\/catracalivre.com.br\/wp-content\/uploads\/2023\/10\/fotos-catraca-2023-10-22t222351043.png?resize=1200%2C660&#038;ssl=1\" alt=\"Instagram testa atualiza\u00e7\u00e3o para atividades no aplicativo\" width=\"1200\" height=\"660\" srcset=\"https:\/\/catracalivre.com.br\/wp-content\/uploads\/2023\/10\/fotos-catraca-2023-10-22t222351043.png 1200w, https:\/\/catracalivre.com.br\/wp-content\/uploads\/2023\/10\/fotos-catraca-2023-10-22t222351043-450x248.png 450w, https:\/\/catracalivre.com.br\/wp-content\/uploads\/2023\/10\/fotos-catraca-2023-10-22t222351043-768x422.png 768w\" sizes=\"(max-width: 1200px) 100vw, 1200px\"\/><\/p>\n<p>Cr\u00e9ditos: Reprodu\u00e7\u00e3o\/Instagram<\/p>\n<\/div>\n<\/div>\n<p><span class=\"post-imagem__legenda\">Instagram testa atualiza\u00e7\u00e3o para atividades no aplicativo<\/span><\/p>\n<\/div>\n<p>Voc\u00ea j\u00e1 quis ter um maior controle sobre quem pode ver suas <a href=\"https:\/\/catracalivre.com.br\/entretenimento\/aprenda-a-tirar-o-visto-por-ultimo-do-instagram-com-o-passo-a-passo\/\" target=\"_blank\" rel=\"noopener\">atividades<\/a> no Instagram, como suas curtidas em <a href=\"https:\/\/catracalivre.com.br\/equilibre-se\/instagram-13-perfis-com-atividades-saudaveis-para-o-isolamento\/\" target=\"_blank\" rel=\"noopener\">publica\u00e7\u00f5es<\/a> de outras pessoas? Se sim, voc\u00ea pode estar com sorte.<\/p>\n<p>A gigante das <a href=\"https:\/\/catracalivre.com.br\/saude-bem-estar\/suas-fotos-nas-redes-sociais-podem-indicar-sinais-de-depressao\/\" target=\"_blank\" rel=\"noopener\">redes sociais<\/a> est\u00e1 testando uma op\u00e7\u00e3o de privacidade que pode revolucionar a maneira como os usu\u00e1rios gerenciam a atividade na plataforma.<\/p>\n<p>Um usu\u00e1rio an\u00f4nimo do Instagram descobriu recentemente uma nova op\u00e7\u00e3o nas <a href=\"https:\/\/catracalivre.com.br\/entretenimento\/faca-isso-no-whatsapp-e-aumente-sua-privacidade-agora-mesmo\/\" target=\"_blank\" rel=\"noopener\">configura\u00e7\u00f5es de privacidade<\/a> do aplicativo, rotulada como \u201cCurtidas que voc\u00ea fez\u201d. O novo recurso tem o potencial de dar aos usu\u00e1rios um controle sem precedentes sobre sua atividade vis\u00edvel na rede social.<\/p>\n<h2>O que isso significa para os usu\u00e1rios do Instagram?<\/h2>\n<p>De acordo com as capturas de tela compartilhadas pelo usu\u00e1rio, a op\u00e7\u00e3o \u201cCurtidas que voc\u00ea fez\u201d oferece quatro maneiras diferentes de gerenciar quem pode ver suas curtidas em posts. As op\u00e7\u00f5es s\u00e3o:<\/p>\n<ul>\n<li>Permitir que todos vejam suas curtidas;<\/li>\n<li>Limitar a visualiza\u00e7\u00e3o de suas curtidas \u00e0s pessoas que voc\u00ea segue;<\/li>\n<li>Restringir a visualiza\u00e7\u00e3o de suas curtidas apenas aos seus \u201cAmigos Pr\u00f3ximos\u201d;<\/li>\n<li>Ocultar suas curtidas de todos.<\/li>\n<\/ul>\n<p>As op\u00e7\u00f5es podem permitir que os usu\u00e1rios tenham maior controle sobre sua privacidade, limitando quem pode ver sua atividade na plataforma.<\/p>\n<blockquote class=\"twitter-tweet\">\n<p dir=\"ltr\" lang=\"en\"><a href=\"https:\/\/twitter.com\/hashtag\/Instagram?src=hash&amp;ref_src=twsrc%5Etfw\" rel=\"noopener\">#Instagram<\/a> is testing the ability to decide who can see when you like other people\u2019s posts and reels <a href=\"https:\/\/t.co\/BWeOhWSLyJ\" rel=\"noopener\">pic.twitter.com\/BWeOhWSLyJ<\/a><\/p>\n<p>\u2014 Hammod Oh (@ihammod_oh) <a href=\"https:\/\/twitter.com\/ihammod_oh\/status\/1733932388583952438?ref_src=twsrc%5Etfw\" rel=\"noopener\">December 10, 2023<\/a><\/p>\n<\/blockquote>\n<h2>Quando essa mudan\u00e7a ocorrer\u00e1?<\/h2>\n<p>\u00c9 importante notar, no entanto, que essa nova funcionalidade ainda est\u00e1 em est\u00e1gio experimental. N\u00e3o existe uma data oficial para o lan\u00e7amento do recurso, ou a certeza de que ser\u00e1 lan\u00e7ado de todo.<\/p>\n<p>Apesar das incertezas, a funcionalidade potencial \u00e9 um indicativo da crescente preocupa\u00e7\u00e3o do Instagram com a privacidade e o controle dos usu\u00e1rios sobre suas pr\u00f3prias atividades na plataforma.<\/p>\n<p>A quest\u00e3o de quem realmente pode ver o que voc\u00ea curtiu, aparentemente, ser\u00e1 decidida inteiramente por voc\u00ea em breve.<\/p>\n<\/div>\n<p><script async src=\"\/\/platform.twitter.com\/widgets.js\" charset=\"utf-8\"><\/script><script>\n\t\t! function(f, b, e, v, n, t, s) {\n\t\t\tif (f.fbq) return;\n\t\t\tn = f.fbq = function() {\n\t\t\t\tn.callMethod ?\n\t\t\t\t\tn.callMethod.apply(n, arguments) : n.queue.push(arguments)\n\t\t\t};\n\t\t\tif (!f._fbq) f._fbq = n;\n\t\t\tn.push = n;\n\t\t\tn.loaded = !0;\n\t\t\tn.version = '2.0';\n\t\t\tn.queue = [];\n\t\t\tt = b.createElement(e);\n\t\t\tt.async = !0;\n\t\t\tt.src = v;\n\t\t\ts = b.getElementsByTagName(e)[0];\n\t\t\ts.parentNode.insertBefore(t, s)\n\t\t}(window, document, 'script',\n\t\t\t'https:\/\/connect.facebook.net\/en_US\/fbevents.js');\n\t\tfbq('init', '338315473262380');\n\t\tfbq('track', 'PageView');\n\t<\/script><br \/>\n<br \/><br \/>\n<br \/><a href=\"https:\/\/catracalivre.com.br\/entretenimento\/instagram-testa-opcao-inedita-para-maior-controle-de-atividades-no-app\/\">Source link <\/a><\/p>\n<!-- CONTENT END 1 -->\n","protected":false},"excerpt":{"rendered":"<p>Cr\u00e9ditos: Reprodu\u00e7\u00e3o\/Instagram Instagram testa atualiza\u00e7\u00e3o para atividades no aplicativo Voc\u00ea j\u00e1 quis ter um maior controle sobre quem pode ver suas atividades no Instagram, como&#8230;<\/p>\n","protected":false},"author":1,"featured_media":16919,"comment_status":"open","ping_status":"open","sticky":false,"template":"","format":"standard","meta":{"advanced_seo_description":"","jetpack_seo_html_title":"","jetpack_seo_noindex":false,"jetpack_post_was_ever_published":false,"_jetpack_newsletter_access":"","_jetpack_dont_email_post_to_subs":false,"_jetpack_newsletter_tier_id":0,"_jetpack_memberships_contains_paywalled_content":false,"_jetpack_memberships_contains_paid_content":false,"footnotes":"","jetpack_publicize_message":"","jetpack_publicize_feature_enabled":true,"jetpack_social_post_already_shared":true,"jetpack_social_options":{"image_generator_settings":{"template":"highway","default_image_id":0,"font":"","enabled":false},"version":2}},"categories":[19],"tags":[],"class_list":["post-16918","post","type-post","status-publish","format-standard","has-post-thumbnail","hentry","category-variedades"],"jetpack_publicize_connections":[],"jetpack_featured_media_url":"https:\/\/i0.wp.com\/noticiasribeiraopreto.com.br\/wp-content\/uploads\/2023\/12\/fotos-catraca-2023-10-22t222351043.png?fit=1200%2C638&ssl=1","jetpack-related-posts":[{"id":11923,"url":"https:\/\/noticiasribeiraopreto.com.br\/index.php\/2023\/12\/07\/instagram-tera-recurso-para-facilitar-a-vida-dos-usuarios-das-dms\/","url_meta":{"origin":16918,"position":0},"title":"Instagram ter\u00e1 recurso para facilitar a vida dos usu\u00e1rios das DMs","author":"noticiasribeiraopreto.com.br","date":"7 de December de 2023","format":false,"excerpt":"Cr\u00e9ditos: Reprodu\u00e7\u00e3o\/InstagramInstagram testa apagar mensagens de uma vez s\u00f3 nas DMs Uma nova funcionalidade para aprimorar a experi\u00eancia do usu\u00e1rio vem sendo testada pelo Instagram. A rede social est\u00e1 desenvolvendo uma ferramenta que permitir\u00e1 aos usu\u00e1rios apagar m\u00faltiplas mensagens de uma \u00fanica conversa simultaneamente. Mais do que isso, a fun\u00e7\u00e3o\u2026","rel":"","context":"In &quot;Variedades&quot;","block_context":{"text":"Variedades","link":"https:\/\/noticiasribeiraopreto.com.br\/index.php\/category\/variedades\/"},"img":{"alt_text":"","src":"https:\/\/i0.wp.com\/noticiasribeiraopreto.com.br\/wp-content\/uploads\/2023\/12\/fotos-catraca-2023-11-26t234058312.png?fit=1200%2C638&ssl=1&resize=350%2C200","width":350,"height":200,"srcset":"https:\/\/i0.wp.com\/noticiasribeiraopreto.com.br\/wp-content\/uploads\/2023\/12\/fotos-catraca-2023-11-26t234058312.png?fit=1200%2C638&ssl=1&resize=350%2C200 1x, https:\/\/i0.wp.com\/noticiasribeiraopreto.com.br\/wp-content\/uploads\/2023\/12\/fotos-catraca-2023-11-26t234058312.png?fit=1200%2C638&ssl=1&resize=525%2C300 1.5x, https:\/\/i0.wp.com\/noticiasribeiraopreto.com.br\/wp-content\/uploads\/2023\/12\/fotos-catraca-2023-11-26t234058312.png?fit=1200%2C638&ssl=1&resize=700%2C400 2x, https:\/\/i0.wp.com\/noticiasribeiraopreto.com.br\/wp-content\/uploads\/2023\/12\/fotos-catraca-2023-11-26t234058312.png?fit=1200%2C638&ssl=1&resize=1050%2C600 3x"},"classes":[]},{"id":32246,"url":"https:\/\/noticiasribeiraopreto.com.br\/index.php\/2024\/01\/24\/greve-testa-terapia-de-choque-na-argentina-e-milei-reage\/","url_meta":{"origin":16918,"position":1},"title":"Greve testa terapia de choque na Argentina e Milei reage","author":"noticiasribeiraopreto.com.br","date":"24 de January de 2024","format":false,"excerpt":"Terapia de choque \u00e9 um tratamento psiqui\u00e1trico, mas tamb\u00e9m \u00e9 um termo usado para definir pol\u00edticas que devem ser implementadas simultaneamente para liberalizar a economia \u2014 exatamente o que o presidente Javier Milei pretende para a Argentina.\u00a0 Acontece que esse plano vem encontrando obst\u00e1culos pol\u00edticos, na justi\u00e7a e agora nas\u2026","rel":"","context":"In &quot;Dinheiro e Investimento&quot;","block_context":{"text":"Dinheiro e Investimento","link":"https:\/\/noticiasribeiraopreto.com.br\/index.php\/category\/dinheiro-e-investimento-como-fazer-como-ganhar\/"},"img":{"alt_text":"","src":"https:\/\/i0.wp.com\/noticiasribeiraopreto.com.br\/wp-content\/uploads\/2024\/01\/1706119032_3-715x402.jpg?fit=715%2C402&ssl=1&resize=350%2C200","width":350,"height":200,"srcset":"https:\/\/i0.wp.com\/noticiasribeiraopreto.com.br\/wp-content\/uploads\/2024\/01\/1706119032_3-715x402.jpg?fit=715%2C402&ssl=1&resize=350%2C200 1x, https:\/\/i0.wp.com\/noticiasribeiraopreto.com.br\/wp-content\/uploads\/2024\/01\/1706119032_3-715x402.jpg?fit=715%2C402&ssl=1&resize=525%2C300 1.5x, https:\/\/i0.wp.com\/noticiasribeiraopreto.com.br\/wp-content\/uploads\/2024\/01\/1706119032_3-715x402.jpg?fit=715%2C402&ssl=1&resize=700%2C400 2x"},"classes":[]},{"id":29811,"url":"https:\/\/noticiasribeiraopreto.com.br\/index.php\/2024\/01\/19\/coreia-do-norte-testa-drone-subaquatico-com-capacidade-nuclear\/","url_meta":{"origin":16918,"position":2},"title":"Coreia do Norte testa drone subaqu\u00e1tico com capacidade nuclear","author":"noticiasribeiraopreto.com.br","date":"19 de January de 2024","format":false,"excerpt":"19 de janeiro de 2024 | 12:3019 de janeiro de 2024 | 10:59 0A Coreia do Norte afirmou nesta sexta-feira, 19, que testou um drone de ataque submarino com capacidade nuclear, em resposta a um exerc\u00edcio naval combinado da Coreia do Sul, dos Estados Unidos e do Jap\u00e3o nesta semana,\u2026","rel":"","context":"In &quot;Not\u00edcias de Ribeir\u00e3o Preto-SP e Regi\u00e3o&quot;","block_context":{"text":"Not\u00edcias de Ribeir\u00e3o Preto-SP e Regi\u00e3o","link":"https:\/\/noticiasribeiraopreto.com.br\/index.php\/category\/noticias-de-ribeirao-preto-sp-e-regiao-ismael-colosi\/"},"img":{"alt_text":"","src":"https:\/\/i0.wp.com\/noticiasribeiraopreto.com.br\/wp-content\/uploads\/2024\/01\/37211830-f114-4046-82ec-c4f2b441bcbb.jpg?fit=840%2C520&ssl=1&resize=350%2C200","width":350,"height":200,"srcset":"https:\/\/i0.wp.com\/noticiasribeiraopreto.com.br\/wp-content\/uploads\/2024\/01\/37211830-f114-4046-82ec-c4f2b441bcbb.jpg?fit=840%2C520&ssl=1&resize=350%2C200 1x, https:\/\/i0.wp.com\/noticiasribeiraopreto.com.br\/wp-content\/uploads\/2024\/01\/37211830-f114-4046-82ec-c4f2b441bcbb.jpg?fit=840%2C520&ssl=1&resize=525%2C300 1.5x, https:\/\/i0.wp.com\/noticiasribeiraopreto.com.br\/wp-content\/uploads\/2024\/01\/37211830-f114-4046-82ec-c4f2b441bcbb.jpg?fit=840%2C520&ssl=1&resize=700%2C400 2x"},"classes":[]},{"id":15713,"url":"https:\/\/noticiasribeiraopreto.com.br\/index.php\/2023\/12\/14\/45-minutos-dessa-pratica-em-casa-ajudam-a-baixar-pressao-alta\/","url_meta":{"origin":16918,"position":3},"title":"45 minutos dessa pr\u00e1tica em casa ajudam a baixar press\u00e3o alta","author":"noticiasribeiraopreto.com.br","date":"14 de December de 2023","format":false,"excerpt":"Cr\u00e9ditos: Depositphotos\/2p2play26Novas diretrizes recomendadas para o controle da press\u00e3o alta O fato \u00e9 que a hipertens\u00e3o \u00e9 uma das grandes respons\u00e1veis por in\u00fameras mortes precoces ao redor do mundo. O aumento da press\u00e3o no organismo pode, ao longo dos anos, provocar s\u00e9rios danos ao sistema cardiovascular, como infarto e AVC.\u2026","rel":"","context":"In &quot;Variedades&quot;","block_context":{"text":"Variedades","link":"https:\/\/noticiasribeiraopreto.com.br\/index.php\/category\/variedades\/"},"img":{"alt_text":"","src":"https:\/\/i0.wp.com\/noticiasribeiraopreto.com.br\/wp-content\/uploads\/2023\/12\/depositphotos-42418399-xl-scaled.jpg?fit=1200%2C638&ssl=1&resize=350%2C200","width":350,"height":200,"srcset":"https:\/\/i0.wp.com\/noticiasribeiraopreto.com.br\/wp-content\/uploads\/2023\/12\/depositphotos-42418399-xl-scaled.jpg?fit=1200%2C638&ssl=1&resize=350%2C200 1x, https:\/\/i0.wp.com\/noticiasribeiraopreto.com.br\/wp-content\/uploads\/2023\/12\/depositphotos-42418399-xl-scaled.jpg?fit=1200%2C638&ssl=1&resize=525%2C300 1.5x, https:\/\/i0.wp.com\/noticiasribeiraopreto.com.br\/wp-content\/uploads\/2023\/12\/depositphotos-42418399-xl-scaled.jpg?fit=1200%2C638&ssl=1&resize=700%2C400 2x, https:\/\/i0.wp.com\/noticiasribeiraopreto.com.br\/wp-content\/uploads\/2023\/12\/depositphotos-42418399-xl-scaled.jpg?fit=1200%2C638&ssl=1&resize=1050%2C600 3x"},"classes":[]},{"id":19760,"url":"https:\/\/noticiasribeiraopreto.com.br\/index.php\/2023\/12\/23\/as-5-profissoes-mais-ligadas-a-risco-de-demencia-segundo-estudo\/","url_meta":{"origin":16918,"position":4},"title":"As 5 profiss\u00f5es mais ligadas a risco de dem\u00eancia, segundo estudo","author":"noticiasribeiraopreto.com.br","date":"23 de December de 2023","format":false,"excerpt":"Cr\u00e9ditos: Getty ImagesPara entender a eventual rela\u00e7\u00e3o entre profiss\u00f5es e risco de dem\u00eancia, os pesquisadores se pautaram em uma amostra de 7.005 indiv\u00edduos acima de 70 anos \u2013 iStock\/Getty Images A dem\u00eancia, doen\u00e7a caracterizada pela perda da fun\u00e7\u00e3o cognitiva, pode ter uma provocante rela\u00e7\u00e3o com o mundo laboral, aponta estudo\u2026","rel":"","context":"In &quot;Variedades&quot;","block_context":{"text":"Variedades","link":"https:\/\/noticiasribeiraopreto.com.br\/index.php\/category\/variedades\/"},"img":{"alt_text":"","src":"https:\/\/i0.wp.com\/noticiasribeiraopreto.com.br\/wp-content\/uploads\/2023\/12\/istock-1438133166.jpg?fit=1200%2C638&ssl=1&resize=350%2C200","width":350,"height":200,"srcset":"https:\/\/i0.wp.com\/noticiasribeiraopreto.com.br\/wp-content\/uploads\/2023\/12\/istock-1438133166.jpg?fit=1200%2C638&ssl=1&resize=350%2C200 1x, https:\/\/i0.wp.com\/noticiasribeiraopreto.com.br\/wp-content\/uploads\/2023\/12\/istock-1438133166.jpg?fit=1200%2C638&ssl=1&resize=525%2C300 1.5x, https:\/\/i0.wp.com\/noticiasribeiraopreto.com.br\/wp-content\/uploads\/2023\/12\/istock-1438133166.jpg?fit=1200%2C638&ssl=1&resize=700%2C400 2x, https:\/\/i0.wp.com\/noticiasribeiraopreto.com.br\/wp-content\/uploads\/2023\/12\/istock-1438133166.jpg?fit=1200%2C638&ssl=1&resize=1050%2C600 3x"},"classes":[]},{"id":827,"url":"https:\/\/noticiasribeiraopreto.com.br\/index.php\/2023\/11\/09\/larapio-e-baleado-na-testa-durante-fuga-apos-roubo-em-ribeirao-preto-x-tudo-ribeirao\/","url_meta":{"origin":16918,"position":5},"title":"Lar\u00e1pio \u00e9 baleado na testa durante fuga ap\u00f3s roubo em Ribeir\u00e3o Preto \u2013 X Tudo Ribeir\u00e3o","author":"noticiasribeiraopreto.com.br","date":"9 de November de 2023","format":false,"excerpt":"Um lar\u00e1pio se deu mal e foi baleado na rua Romano Cor\u00f3, ap\u00f3s roubar um carro na tarde deste s\u00e1bado (4\/11), no bairro Campos El\u00edseos, na zona Norte de Ribeir\u00e3o Preto. Segundo informa\u00e7\u00f5es da Pol\u00edcia Militar, por volta das 13h deste s\u00e1bado, tr\u00eas bandidos armados invadiram uma empresa situada na\u2026","rel":"","context":"In &quot;Not\u00edcias de Ribeir\u00e3o Preto-SP e Regi\u00e3o&quot;","block_context":{"text":"Not\u00edcias de Ribeir\u00e3o Preto-SP e Regi\u00e3o","link":"https:\/\/noticiasribeiraopreto.com.br\/index.php\/category\/noticias-de-ribeirao-preto-sp-e-regiao-ismael-colosi\/"},"img":{"alt_text":"","src":"https:\/\/i0.wp.com\/noticiasribeiraopreto.com.br\/wp-content\/uploads\/2023\/11\/79f53c00-e8b8-441c-886a-85e7e254b144.jpeg?fit=1200%2C883&ssl=1&resize=350%2C200","width":350,"height":200,"srcset":"https:\/\/i0.wp.com\/noticiasribeiraopreto.com.br\/wp-content\/uploads\/2023\/11\/79f53c00-e8b8-441c-886a-85e7e254b144.jpeg?fit=1200%2C883&ssl=1&resize=350%2C200 1x, https:\/\/i0.wp.com\/noticiasribeiraopreto.com.br\/wp-content\/uploads\/2023\/11\/79f53c00-e8b8-441c-886a-85e7e254b144.jpeg?fit=1200%2C883&ssl=1&resize=525%2C300 1.5x, https:\/\/i0.wp.com\/noticiasribeiraopreto.com.br\/wp-content\/uploads\/2023\/11\/79f53c00-e8b8-441c-886a-85e7e254b144.jpeg?fit=1200%2C883&ssl=1&resize=700%2C400 2x, https:\/\/i0.wp.com\/noticiasribeiraopreto.com.br\/wp-content\/uploads\/2023\/11\/79f53c00-e8b8-441c-886a-85e7e254b144.jpeg?fit=1200%2C883&ssl=1&resize=1050%2C600 3x"},"classes":[]}],"jetpack_sharing_enabled":true,"jetpack_shortlink":"https:\/\/wp.me\/peQAOb-4oS","_links":{"self":[{"href":"https:\/\/noticiasribeiraopreto.com.br\/index.php\/wp-json\/wp\/v2\/posts\/16918","targetHints":{"allow":["GET"]}}],"collection":[{"href":"https:\/\/noticiasribeiraopreto.com.br\/index.php\/wp-json\/wp\/v2\/posts"}],"about":[{"href":"https:\/\/noticiasribeiraopreto.com.br\/index.php\/wp-json\/wp\/v2\/types\/post"}],"author":[{"embeddable":true,"href":"https:\/\/noticiasribeiraopreto.com.br\/index.php\/wp-json\/wp\/v2\/users\/1"}],"replies":[{"embeddable":true,"href":"https:\/\/noticiasribeiraopreto.com.br\/index.php\/wp-json\/wp\/v2\/comments?post=16918"}],"version-history":[{"count":0,"href":"https:\/\/noticiasribeiraopreto.com.br\/index.php\/wp-json\/wp\/v2\/posts\/16918\/revisions"}],"wp:featuredmedia":[{"embeddable":true,"href":"https:\/\/noticiasribeiraopreto.com.br\/index.php\/wp-json\/wp\/v2\/media\/16919"}],"wp:attachment":[{"href":"https:\/\/noticiasribeiraopreto.com.br\/index.php\/wp-json\/wp\/v2\/media?parent=16918"}],"wp:term":[{"taxonomy":"category","embeddable":true,"href":"https:\/\/noticiasribeiraopreto.com.br\/index.php\/wp-json\/wp\/v2\/categories?post=16918"},{"taxonomy":"post_tag","embeddable":true,"href":"https:\/\/noticiasribeiraopreto.com.br\/index.php\/wp-json\/wp\/v2\/tags?post=16918"}],"curies":[{"name":"wp","href":"https:\/\/api.w.org\/{rel}","templated":true}]}}