{"id":16921,"date":"2023-12-16T21:53:52","date_gmt":"2023-12-17T00:53:52","guid":{"rendered":"https:\/\/noticiasribeiraopreto.com.br\/index.php\/2023\/12\/16\/aprovada-reforma-tributaria-historica\/"},"modified":"2023-12-16T21:53:52","modified_gmt":"2023-12-17T00:53:52","slug":"aprovada-reforma-tributaria-historica","status":"publish","type":"post","link":"https:\/\/noticiasribeiraopreto.com.br\/index.php\/2023\/12\/16\/aprovada-reforma-tributaria-historica\/","title":{"rendered":"Aprovada reforma tribut\u00e1ria hist\u00f3rica\u00a0 &#8211; Jornal Tribuna Ribeir\u00e3o"},"content":{"rendered":"<div class='code-block code-block-1' style='margin: 8px 0 8px auto; text-align: right; display: block; clear: both;'>\n<p><a href=\"https:\/\/wa.link\/vpicfd\"><img data-recalc-dims=\"1\" class=\"wp-image-4922\" style=\"aspect-ratio: 2.0253164556962027; width: 561px; height: auto;\" src=\"https:\/\/i0.wp.com\/ismaelcolosi.com.br\/wp-content\/uploads\/2023\/11\/grupo-de-empregos-whatsapp-e-facebook-ismael-colosi-vagas.jpg?ssl=1\" alt=\"\" \/><\/a><\/p>\n<!-- \/wp:image -->\n<\/div>\n<p> <br \/>\n<\/p>\n<div>\n<p><span class=\"TextRun SCXW87677365 BCX0\" lang=\"PT-BR\" xml:lang=\"PT-BR\" data-contrast=\"auto\"><span class=\"NormalTextRun SCXW87677365 BCX0\">Ap\u00f3s 30 anos de tentativas frustradas, a C\u00e2mara dos Deputados aprovou, em vota\u00e7\u00e3o hist\u00f3rica<\/span><span class=\"NormalTextRun SCXW87677365 BCX0\"> nesta sexta-feira, 15 de dezembro<\/span><span class=\"NormalTextRun SCXW87677365 BCX0\">, o texto final da Proposta de Emenda \u00e0 Constitui\u00e7\u00e3o (PEC) da <\/span><span class=\"NormalTextRun SCXW87677365 BCX0\">R<\/span><span class=\"NormalTextRun SCXW87677365 BCX0\">eforma <\/span><span class=\"NormalTextRun SCXW87677365 BCX0\">T<\/span><span class=\"NormalTextRun SCXW87677365 BCX0\">ribut\u00e1ria. \u00c9 a primeira grande mudan\u00e7a no sistema de tributos desde o fim da ditadura militar no <\/span><span class=\"NormalTextRun SCXW87677365 BCX0\">p<\/span><span class=\"NormalTextRun SCXW87677365 BCX0\">a\u00eds.<\/span> <\/span><span class=\"LineBreakBlob BlobObject DragDrop SCXW87677365 BCX0\"><span class=\"SCXW87677365 BCX0\">\u00a0<\/span><br class=\"SCXW87677365 BCX0\"\/><\/span><span class=\"LineBreakBlob BlobObject DragDrop SCXW87677365 BCX0\"><span class=\"SCXW87677365 BCX0\">\u00a0<\/span><br class=\"SCXW87677365 BCX0\"\/><\/span><span class=\"TextRun SCXW87677365 BCX0\" lang=\"PT-BR\" xml:lang=\"PT-BR\" data-contrast=\"auto\"><span class=\"NormalTextRun SCXW87677365 BCX0\">A \u00faltima reforma tribut\u00e1ria dessa magnitude ocorreu <\/span><span class=\"NormalTextRun SCXW87677365 BCX0\">h\u00e1<\/span> <span class=\"NormalTextRun SCXW87677365 BCX0\">60 anos, quando foram criados os Impostos sobre Circula\u00e7\u00e3o de Mercadorias e Servi\u00e7os (ICMS) e Sobre Servi\u00e7os (<\/span><span class=\"NormalTextRun SCXW87677365 BCX0\">ISS<\/span><span class=\"NormalTextRun SCXW87677365 BCX0\">)<\/span><span class=\"NormalTextRun SCXW87677365 BCX0\">, considerados inovadores \u00e0 \u00e9poca.<\/span><\/span><span class=\"LineBreakBlob BlobObject DragDrop SCXW87677365 BCX0\"><br class=\"SCXW87677365 BCX0\"\/><\/span><span class=\"LineBreakBlob BlobObject DragDrop SCXW87677365 BCX0\"><span class=\"SCXW87677365 BCX0\">\u00a0<\/span><\/span><\/p>\n<p>Por 365 votos a favor, 116 contra e uma absten\u00e7\u00e3o, a C\u00e2mara dos Deputados aprovou, em segundo turno, o texto-base da reforma tribut\u00e1ria sobre o consumo. Os parlamentares votaram dois destaques antes de concluir a sess\u00e3o. O primeiro manteve o texto original, mas o segundo retirou as armas e muni\u00e7\u00f5es do imposto seletivo, por 293 votos a favor e 193 contr\u00e1rios.<noscript><img data-recalc-dims=\"1\" decoding=\"async\" src=\"https:\/\/i0.wp.com\/agenciabrasil.ebc.com.br\/ebc.png?ssl=1\"\/><\/noscript><img data-recalc-dims=\"1\" decoding=\"async\" src=\"https:\/\/i0.wp.com\/agenciabrasil.ebc.com.br\/ebc.gif?ssl=1\" class=\"lazyload\"\/><noscript><img data-recalc-dims=\"1\" decoding=\"async\" src=\"https:\/\/i0.wp.com\/agenciabrasil.ebc.com.br\/ebc.gif?ssl=1\"\/><\/noscript><\/p>\n<p>Como a reforma tribut\u00e1ria n\u00e3o sofreu altera\u00e7\u00f5es de m\u00e9rito em rela\u00e7\u00e3o ao texto aprovado pelo Senado, o Congresso promulgar\u00e1 a emenda constitucional da reforma tribut\u00e1ria na pr\u00f3xima semana, anunciou mais cedo o deputado Jos\u00e9 Guimar\u00e3es (PT-CE), l\u00edder do Governo na C\u00e2mara. Com o fim da vota\u00e7\u00e3o, o Congresso conclui mais de 30 anos de discuss\u00f5es, ap\u00f3s sucessivas propostas que n\u00e3o prosperaram nas \u00faltimas d\u00e9cadas.<\/p>\n<p>\u201cNeste momento hist\u00f3rico em que muitos de n\u00f3s perguntamos se est\u00e1 acontecendo, o parlamento brasileiro entregou um novo sistema tribut\u00e1rio. Esse sistema que n\u00f3s temos est\u00e1 falido h\u00e1 muito tempo. A carga [tribut\u00e1ria] \u00e9 alt\u00edssima no pa\u00eds, mas estamos reduzindo porque aumentamos a base de arrecada\u00e7\u00e3o. Hoje, quem paga s\u00e3o os que menos t\u00eam e mais precisam\u201d, declarou o relator da reforma e l\u00edder da maioria na C\u00e2mara, deputado Aguinaldo Ribeiro (PP-PB).<\/p>\n<p>Por volta das 17h30, a C\u00e2mara tinha aprovado o texto-base da reforma tribut\u00e1ria\u00a0<a href=\"https:\/\/agenciabrasil.ebc.com.br\/politica\/noticia\/2023-12\/camara-aprova-texto-base-da-reforma-tributaria-em-primeiro-turno\" target=\"_blank\" rel=\"noopener\">em primeiro turno<\/a>. Ap\u00f3s cerca de tr\u00eas horas de debate, os deputados aprovaram tr\u00eas destaques e rejeitaram sete. Os destaques aprovados\u00a0<a href=\"https:\/\/agenciabrasil.ebc.com.br\/politica\/noticia\/2023-12\/camara-mantem-incentivos-fiscais-para-norte-nordeste-e-centro-oeste\" target=\"_blank\" rel=\"noopener\">mantiveram incentivos ao setor automotivo<\/a>\u00a0e a fabricantes de baterias do Norte, Nordeste e Centro-Oeste e reinstitu\u00edram a autoriza\u00e7\u00e3o para que o sal\u00e1rio de auditores-fiscais estaduais e municipais sejam igualados aos dos ministros do Supremo Tribunal Federal (STF).<\/p>\n<p>Os destaques rejeitados impediram altera\u00e7\u00f5es em rela\u00e7\u00e3o ao texto do relator. Os parlamentares n\u00e3o reinclu\u00edram os regimes espec\u00edficos para os setores de saneamento e concess\u00e3o de rodovias.\u00a0Mais cedo, os deputados mantiveram,\u00a0por 326 votos a 161, o imposto seletivo sobre os armamentos e as muni\u00e7\u00f5es, exceto se comprados pela Administra\u00e7\u00e3o P\u00fablica, mas a quest\u00e3o acabou revertida posteriormente.\u00a0O imposto seletivo incidir\u00e1 sobre produtos prejudiciais \u00e0 sa\u00fade e ao meio ambiente.<\/p>\n<p>Relator \u2013 O relator, deputado Aguinaldo Ribeiro (PP-PB), retirou v\u00e1rios pontos inclu\u00eddos pelo Senado no in\u00edcio de novembro. Ca\u00edram a cesta b\u00e1sica estendida, que teria al\u00edquota reduzida em 60%, e regimes especiais para o saneamento e o transporte a\u00e9reo. Em contrapartida, o deputado Aguinaldo Ribeiro (PP-PB), manteve o benef\u00edcio a profissionais liberais, que pagar\u00e3o al\u00edquota 30% menor.<\/p>\n<p>A retirada de exce\u00e7\u00f5es tem como objetivo reduzir a al\u00edquota padr\u00e3o do futuro Imposto sobre Valor Adicionado (IVA). Quando a reforma foi aprovada pela primeira vez na C\u00e2mara, em julho, o Minist\u00e9rio da Fazenda estimava que o IVA cobrado sobre a maioria dos produtos\u00a0<a href=\"https:\/\/agenciabrasil.ebc.com.br\/economia\/noticia\/2023-08\/aliquota-padrao-do-iva-ficara-entre-2545-e-27-calcula-fazenda-0\" target=\"_blank\" rel=\"noopener\">ficaria entre 24,45% e 27%<\/a>.<\/p>\n<p>Com as exce\u00e7\u00f5es inclu\u00eddas pelo Senado, a al\u00edquota subiria para 27,5%. Isso faria o Brasil ter a maior al\u00edquota entre os pa\u00edses que adotam o imposto tipo IVA. Atualmente, o pa\u00eds com o IVA mais alto \u00e9 a Hungria, com 27% de imposto.<\/p>\n<p><strong>Sess\u00e3o h\u00edbrida<\/strong> \u2013 A segunda vota\u00e7\u00e3o da reforma tribut\u00e1ria na C\u00e2mara come\u00e7ou pouco antes das 15h e est\u00e1 sendo realizada em car\u00e1ter h\u00edbrido, com alguns parlamentares no plen\u00e1rio e outros votando pela internet. A oposi\u00e7\u00e3o tentou obstruir a vota\u00e7\u00e3o ao longo do dia, mas o presidente da Casa, Arthur Lira, manteve a vota\u00e7\u00e3o dos dois turnos da PEC nesta sexta-feira.<\/p>\n<p>Como a C\u00e2mara apenas retirou e reinstituiu pontos da PEC aprovada pelos senadores, sem mudar o m\u00e9rito, a proposta n\u00e3o precisa voltar ao Senado.<\/p>\n<p><span class=\"LineBreakBlob BlobObject DragDrop SCXW87677365 BCX0\">\u00a0<\/span><\/p>\n<\/div>\n<p><br \/>\n<br \/><a href=\"https:\/\/www.tribunaribeirao.com.br\/site\/aprovada-reforma-tributaria-historica\/\">Source link <\/a><\/p>\n<!-- CONTENT END 1 -->\n","protected":false},"excerpt":{"rendered":"<p>Ap\u00f3s 30 anos de tentativas frustradas, a C\u00e2mara dos Deputados aprovou, em vota\u00e7\u00e3o hist\u00f3rica nesta sexta-feira, 15 de dezembro, o texto final da Proposta de&#8230;<\/p>\n","protected":false},"author":1,"featured_media":16922,"comment_status":"open","ping_status":"open","sticky":false,"template":"","format":"standard","meta":{"advanced_seo_description":"","jetpack_seo_html_title":"","jetpack_seo_noindex":false,"jetpack_post_was_ever_published":false,"_jetpack_newsletter_access":"","_jetpack_dont_email_post_to_subs":false,"_jetpack_newsletter_tier_id":0,"_jetpack_memberships_contains_paywalled_content":false,"_jetpack_memberships_contains_paid_content":false,"footnotes":"","jetpack_publicize_message":"","jetpack_publicize_feature_enabled":true,"jetpack_social_post_already_shared":true,"jetpack_social_options":{"image_generator_settings":{"template":"highway","default_image_id":0,"font":"","enabled":false},"version":2}},"categories":[11],"tags":[2286,1043,785,2287,26,786,2288],"class_list":["post-16921","post","type-post","status-publish","format-standard","has-post-thumbnail","hentry","category-noticias-de-ribeirao-preto-sp-e-regiao-ismael-colosi","tag-aprovada","tag-historica","tag-jornal","tag-reforma","tag-ribeirao","tag-tribuna","tag-tributaria"],"jetpack_publicize_connections":[],"jetpack_featured_media_url":"https:\/\/i0.wp.com\/noticiasribeiraopreto.com.br\/wp-content\/uploads\/2023\/12\/Tributo-Lula-Marques-Ag.Br_-scaled.jpg?fit=1000%2C590&ssl=1","jetpack-related-posts":[{"id":61634,"url":"https:\/\/noticiasribeiraopreto.com.br\/index.php\/2024\/12\/17\/saiba-o-que-muda-com-a-reforma-tributaria-aprovada-pela-camara\/","url_meta":{"origin":16921,"position":0},"title":"Saiba o que muda com a reforma tribut\u00e1ria aprovada pela C\u00e2mara","author":"noticiasribeiraopreto.com.br","date":"17 de December de 2024","format":false,"excerpt":"A C\u00e2mara dos Deputados aprovou, por 324 votos a favor, 123 contr\u00e1rios e 3 absten\u00e7\u00f5es, o projeto de lei complementar que regulamenta a reforma tribut\u00e1ria sobre o consumo. A proposta, que precisava de maioria absoluta para ser aprovada, segue agora para a san\u00e7\u00e3o do presidente Luiz In\u00e1cio Lula da Silva.\u2026","rel":"","context":"In &quot;Not\u00edcias de Ribeir\u00e3o Preto-SP e Regi\u00e3o&quot;","block_context":{"text":"Not\u00edcias de Ribeir\u00e3o Preto-SP e Regi\u00e3o","link":"https:\/\/noticiasribeiraopreto.com.br\/index.php\/category\/noticias-de-ribeirao-preto-sp-e-regiao-ismael-colosi\/"},"img":{"alt_text":"","src":"https:\/\/i0.wp.com\/noticiasribeiraopreto.com.br\/wp-content\/uploads\/2024\/11\/PEC-6-X-1_2024-11-13_13-08-23_jpg_2024-11-13_13-08-24.webp.webp?fit=768%2C473&ssl=1&resize=350%2C200","width":350,"height":200,"srcset":"https:\/\/i0.wp.com\/noticiasribeiraopreto.com.br\/wp-content\/uploads\/2024\/11\/PEC-6-X-1_2024-11-13_13-08-23_jpg_2024-11-13_13-08-24.webp.webp?fit=768%2C473&ssl=1&resize=350%2C200 1x, https:\/\/i0.wp.com\/noticiasribeiraopreto.com.br\/wp-content\/uploads\/2024\/11\/PEC-6-X-1_2024-11-13_13-08-23_jpg_2024-11-13_13-08-24.webp.webp?fit=768%2C473&ssl=1&resize=525%2C300 1.5x, https:\/\/i0.wp.com\/noticiasribeiraopreto.com.br\/wp-content\/uploads\/2024\/11\/PEC-6-X-1_2024-11-13_13-08-23_jpg_2024-11-13_13-08-24.webp.webp?fit=768%2C473&ssl=1&resize=700%2C400 2x"},"classes":[]},{"id":61637,"url":"https:\/\/noticiasribeiraopreto.com.br\/index.php\/2024\/12\/17\/saiba-o-que-muda-com-a-regulamentacao-da-reforma-tributaria-aprovada-pela-camara\/","url_meta":{"origin":16921,"position":1},"title":"Saiba o que muda com a regulamenta\u00e7\u00e3o da reforma tribut\u00e1ria aprovada pela C\u00e2mara","author":"noticiasribeiraopreto.com.br","date":"17 de December de 2024","format":false,"excerpt":"A C\u00e2mara dos Deputados aprovou, por 324 votos a favor, 123 contr\u00e1rios e 3 absten\u00e7\u00f5es, o projeto de lei complementar que regulamenta a reforma tribut\u00e1ria sobre o consumo. A proposta, que precisava de maioria absoluta para ser aprovada, segue agora para a san\u00e7\u00e3o do presidente Luiz In\u00e1cio Lula da Silva.\u2026","rel":"","context":"In &quot;Not\u00edcias de Ribeir\u00e3o Preto-SP e Regi\u00e3o&quot;","block_context":{"text":"Not\u00edcias de Ribeir\u00e3o Preto-SP e Regi\u00e3o","link":"https:\/\/noticiasribeiraopreto.com.br\/index.php\/category\/noticias-de-ribeirao-preto-sp-e-regiao-ismael-colosi\/"},"img":{"alt_text":"","src":"https:\/\/i0.wp.com\/noticiasribeiraopreto.com.br\/wp-content\/uploads\/2024\/11\/PEC-6-X-1_2024-11-13_13-08-23_jpg_2024-11-13_13-08-24.webp.webp?fit=768%2C473&ssl=1&resize=350%2C200","width":350,"height":200,"srcset":"https:\/\/i0.wp.com\/noticiasribeiraopreto.com.br\/wp-content\/uploads\/2024\/11\/PEC-6-X-1_2024-11-13_13-08-23_jpg_2024-11-13_13-08-24.webp.webp?fit=768%2C473&ssl=1&resize=350%2C200 1x, https:\/\/i0.wp.com\/noticiasribeiraopreto.com.br\/wp-content\/uploads\/2024\/11\/PEC-6-X-1_2024-11-13_13-08-23_jpg_2024-11-13_13-08-24.webp.webp?fit=768%2C473&ssl=1&resize=525%2C300 1.5x, https:\/\/i0.wp.com\/noticiasribeiraopreto.com.br\/wp-content\/uploads\/2024\/11\/PEC-6-X-1_2024-11-13_13-08-23_jpg_2024-11-13_13-08-24.webp.webp?fit=768%2C473&ssl=1&resize=700%2C400 2x"},"classes":[]},{"id":16744,"url":"https:\/\/noticiasribeiraopreto.com.br\/index.php\/2023\/12\/16\/congresso-finalmente-aprova-reforma-tributaria-agora-so-falta-um-passo-para-ela-entrar-em-vigor\/","url_meta":{"origin":16921,"position":2},"title":"Congresso finalmente aprova reforma tribut\u00e1ria; agora s\u00f3 falta um passo para ela entrar em vigor","author":"noticiasribeiraopreto.com.br","date":"16 de December de 2023","format":false,"excerpt":"Falta apenas um passo para que a reforma tribut\u00e1ria sobre o consumo no Brasil entre em vigor. No fim da noite de sexta-feira (15), a C\u00e2mara dos Deputados aprovou em segundo turno o texto-base da reforma. Foram 365 votos a favor, 116 contra e uma absten\u00e7\u00e3o. Logo em seguida, os\u2026","rel":"","context":"In &quot;Dinheiro e Investimento&quot;","block_context":{"text":"Dinheiro e Investimento","link":"https:\/\/noticiasribeiraopreto.com.br\/index.php\/category\/dinheiro-e-investimento-como-fazer-como-ganhar\/"},"img":{"alt_text":"","src":"https:\/\/i0.wp.com\/noticiasribeiraopreto.com.br\/wp-content\/uploads\/2023\/12\/Congresso-Mercados-v4-Alta-628x353.jpg?fit=628%2C353&ssl=1&resize=350%2C200","width":350,"height":200,"srcset":"https:\/\/i0.wp.com\/noticiasribeiraopreto.com.br\/wp-content\/uploads\/2023\/12\/Congresso-Mercados-v4-Alta-628x353.jpg?fit=628%2C353&ssl=1&resize=350%2C200 1x, https:\/\/i0.wp.com\/noticiasribeiraopreto.com.br\/wp-content\/uploads\/2023\/12\/Congresso-Mercados-v4-Alta-628x353.jpg?fit=628%2C353&ssl=1&resize=525%2C300 1.5x"},"classes":[]},{"id":17822,"url":"https:\/\/noticiasribeiraopreto.com.br\/index.php\/2023\/12\/19\/promulgacao-da-reforma-tributaria-ja-tem-data-certa-saiba-quando-medidas-comecam-a-valer-2\/","url_meta":{"origin":16921,"position":3},"title":"Promulga\u00e7\u00e3o da Reforma Tribut\u00e1ria j\u00e1 tem data certa; Saiba quando medidas come\u00e7am a valer","author":"noticiasribeiraopreto.com.br","date":"19 de December de 2023","format":false,"excerpt":"Ap\u00f3s debates intensos, a reforma tribut\u00e1ria, que visa transformar o cen\u00e1rio da tributa\u00e7\u00e3o do consumo no Brasil, foi aprovada na semana passada e j\u00e1 tem data marcada para sua promulga\u00e7\u00e3o. A sess\u00e3o conjunta do Congresso Nacional que oficializar\u00e1 as mudan\u00e7as est\u00e1 agendada para a pr\u00f3xima quarta-feira, 20 de dezembro. O\u2026","rel":"","context":"In &quot;Vagas de Emprego em Ribeir\u00e3o Preto-SP&quot;","block_context":{"text":"Vagas de Emprego em Ribeir\u00e3o Preto-SP","link":"https:\/\/noticiasribeiraopreto.com.br\/index.php\/category\/empregos-classificados-vagas-trabalho\/vagas-de-empregos-em-ribeirao-preto-regiao-brasil\/"},"img":{"alt_text":"","src":"https:\/\/i0.wp.com\/noticiasribeiraopreto.com.br\/wp-content\/uploads\/2023\/12\/1702981785_moeda-real-34.jpg?fit=1200%2C675&ssl=1&resize=350%2C200","width":350,"height":200,"srcset":"https:\/\/i0.wp.com\/noticiasribeiraopreto.com.br\/wp-content\/uploads\/2023\/12\/1702981785_moeda-real-34.jpg?fit=1200%2C675&ssl=1&resize=350%2C200 1x, https:\/\/i0.wp.com\/noticiasribeiraopreto.com.br\/wp-content\/uploads\/2023\/12\/1702981785_moeda-real-34.jpg?fit=1200%2C675&ssl=1&resize=525%2C300 1.5x, https:\/\/i0.wp.com\/noticiasribeiraopreto.com.br\/wp-content\/uploads\/2023\/12\/1702981785_moeda-real-34.jpg?fit=1200%2C675&ssl=1&resize=700%2C400 2x, https:\/\/i0.wp.com\/noticiasribeiraopreto.com.br\/wp-content\/uploads\/2023\/12\/1702981785_moeda-real-34.jpg?fit=1200%2C675&ssl=1&resize=1050%2C600 3x"},"classes":[]},{"id":16640,"url":"https:\/\/noticiasribeiraopreto.com.br\/index.php\/2023\/12\/16\/apos-mais-de-30-anos-reforma-tributaria-e-aprovada-pelo-congresso-e-haddad-comemora-2\/","url_meta":{"origin":16921,"position":4},"title":"Ap\u00f3s mais de 30 anos, Reforma Tribut\u00e1ria \u00e9 aprovada pelo Congresso e Haddad comemora","author":"noticiasribeiraopreto.com.br","date":"16 de December de 2023","format":false,"excerpt":"Por uma expressiva vota\u00e7\u00e3o de 365 a favor, 116 contra e uma absten\u00e7\u00e3o, a C\u00e2mara dos Deputados aprovou, em segundo turno, o texto-base da aguardada reforma tribut\u00e1ria sobre o consumo. O resultado representa um marco hist\u00f3rico, encerrando mais de 30 anos de debates e tentativas frustradas de reformula\u00e7\u00e3o do sistema\u2026","rel":"","context":"In &quot;Vagas de Emprego em Ribeir\u00e3o Preto-SP&quot;","block_context":{"text":"Vagas de Emprego em Ribeir\u00e3o Preto-SP","link":"https:\/\/noticiasribeiraopreto.com.br\/index.php\/category\/empregos-classificados-vagas-trabalho\/vagas-de-empregos-em-ribeirao-preto-regiao-brasil\/"},"img":{"alt_text":"","src":"https:\/\/i0.wp.com\/noticiasribeiraopreto.com.br\/wp-content\/uploads\/2023\/12\/fernando-haddad-bom-dia-ministro-agencia-brasil-.jpg?fit=1200%2C675&ssl=1&resize=350%2C200","width":350,"height":200,"srcset":"https:\/\/i0.wp.com\/noticiasribeiraopreto.com.br\/wp-content\/uploads\/2023\/12\/fernando-haddad-bom-dia-ministro-agencia-brasil-.jpg?fit=1200%2C675&ssl=1&resize=350%2C200 1x, https:\/\/i0.wp.com\/noticiasribeiraopreto.com.br\/wp-content\/uploads\/2023\/12\/fernando-haddad-bom-dia-ministro-agencia-brasil-.jpg?fit=1200%2C675&ssl=1&resize=525%2C300 1.5x, https:\/\/i0.wp.com\/noticiasribeiraopreto.com.br\/wp-content\/uploads\/2023\/12\/fernando-haddad-bom-dia-ministro-agencia-brasil-.jpg?fit=1200%2C675&ssl=1&resize=700%2C400 2x, https:\/\/i0.wp.com\/noticiasribeiraopreto.com.br\/wp-content\/uploads\/2023\/12\/fernando-haddad-bom-dia-ministro-agencia-brasil-.jpg?fit=1200%2C675&ssl=1&resize=1050%2C600 3x"},"classes":[]},{"id":67689,"url":"https:\/\/noticiasribeiraopreto.com.br\/index.php\/2025\/04\/17\/encontros-juridicos-de-escritorio-de-franca-apresentam-o-impacto-da-reforma-tributaria-em-5-setores-da-economia\/","url_meta":{"origin":16921,"position":5},"title":"Encontros jur\u00eddicos de escrit\u00f3rio de Franca apresentam o impacto da reforma tribut\u00e1ria em 5 setores da economia","author":"noticiasribeiraopreto.com.br","date":"17 de April de 2025","format":false,"excerpt":"A partir de 2026, come\u00e7a o per\u00edodo de transi\u00e7\u00e3o da Reforma Tribut\u00e1ria brasileira \u2013 promulgada em 2023 e regulamentada no in\u00edcio de 2025 -, com previs\u00e3o de validade integral a partir de 2033. At\u00e9 l\u00e1, a economia de modo geral atravessar\u00e1 um per\u00edodo de ajustes diversos para acomodar as regras\u2026","rel":"","context":"In &quot;Not\u00edcias de Franca-SP&quot;","block_context":{"text":"Not\u00edcias de Franca-SP","link":"https:\/\/noticiasribeiraopreto.com.br\/index.php\/category\/noticias-de-ribeirao-preto-sp-e-regiao-ismael-colosi\/noticias-franca-sp\/"},"img":{"alt_text":"","src":"https:\/\/i0.wp.com\/noticiasribeiraopreto.com.br\/wp-content\/uploads\/2025\/04\/construcao-civil.jpg?fit=600%2C399&ssl=1&resize=350%2C200","width":350,"height":200,"srcset":"https:\/\/i0.wp.com\/noticiasribeiraopreto.com.br\/wp-content\/uploads\/2025\/04\/construcao-civil.jpg?fit=600%2C399&ssl=1&resize=350%2C200 1x, https:\/\/i0.wp.com\/noticiasribeiraopreto.com.br\/wp-content\/uploads\/2025\/04\/construcao-civil.jpg?fit=600%2C399&ssl=1&resize=525%2C300 1.5x"},"classes":[]}],"jetpack_sharing_enabled":true,"jetpack_shortlink":"https:\/\/wp.me\/peQAOb-4oV","_links":{"self":[{"href":"https:\/\/noticiasribeiraopreto.com.br\/index.php\/wp-json\/wp\/v2\/posts\/16921","targetHints":{"allow":["GET"]}}],"collection":[{"href":"https:\/\/noticiasribeiraopreto.com.br\/index.php\/wp-json\/wp\/v2\/posts"}],"about":[{"href":"https:\/\/noticiasribeiraopreto.com.br\/index.php\/wp-json\/wp\/v2\/types\/post"}],"author":[{"embeddable":true,"href":"https:\/\/noticiasribeiraopreto.com.br\/index.php\/wp-json\/wp\/v2\/users\/1"}],"replies":[{"embeddable":true,"href":"https:\/\/noticiasribeiraopreto.com.br\/index.php\/wp-json\/wp\/v2\/comments?post=16921"}],"version-history":[{"count":0,"href":"https:\/\/noticiasribeiraopreto.com.br\/index.php\/wp-json\/wp\/v2\/posts\/16921\/revisions"}],"wp:featuredmedia":[{"embeddable":true,"href":"https:\/\/noticiasribeiraopreto.com.br\/index.php\/wp-json\/wp\/v2\/media\/16922"}],"wp:attachment":[{"href":"https:\/\/noticiasribeiraopreto.com.br\/index.php\/wp-json\/wp\/v2\/media?parent=16921"}],"wp:term":[{"taxonomy":"category","embeddable":true,"href":"https:\/\/noticiasribeiraopreto.com.br\/index.php\/wp-json\/wp\/v2\/categories?post=16921"},{"taxonomy":"post_tag","embeddable":true,"href":"https:\/\/noticiasribeiraopreto.com.br\/index.php\/wp-json\/wp\/v2\/tags?post=16921"}],"curies":[{"name":"wp","href":"https:\/\/api.w.org\/{rel}","templated":true}]}}