{"id":16925,"date":"2023-12-16T22:25:40","date_gmt":"2023-12-17T01:25:40","guid":{"rendered":"https:\/\/noticiasribeiraopreto.com.br\/index.php\/2023\/12\/16\/dormir-depois-deste-horario-favorece-ganho-de-peso-revela-estudo\/"},"modified":"2023-12-16T22:25:40","modified_gmt":"2023-12-17T01:25:40","slug":"dormir-depois-deste-horario-favorece-ganho-de-peso-revela-estudo","status":"publish","type":"post","link":"https:\/\/noticiasribeiraopreto.com.br\/index.php\/2023\/12\/16\/dormir-depois-deste-horario-favorece-ganho-de-peso-revela-estudo\/","title":{"rendered":"Dormir depois deste hor\u00e1rio favorece ganho de peso, revela estudo"},"content":{"rendered":"<div class='code-block code-block-1' style='margin: 8px 0 8px auto; text-align: right; display: block; clear: both;'>\n<p><a href=\"https:\/\/wa.link\/vpicfd\"><img data-recalc-dims=\"1\" class=\"wp-image-4922\" style=\"aspect-ratio: 2.0253164556962027; width: 561px; height: auto;\" src=\"https:\/\/i0.wp.com\/ismaelcolosi.com.br\/wp-content\/uploads\/2023\/11\/grupo-de-empregos-whatsapp-e-facebook-ismael-colosi-vagas.jpg?ssl=1\" alt=\"\" \/><\/a><\/p>\n<!-- \/wp:image -->\n<\/div>\n<p> <br \/>\n<\/p>\n<div>\n<div id=\"attachment_2328578\" class=\"wp-caption alignnone\">\n<div class=\"d-flex justify-content-center\" data-attachment-id=\"2328578\">\n<div class=\"position-relative d-inline-block\"><img data-recalc-dims=\"1\" data-portal-copyright=\"Depositphotos\/stokkete\" fetchpriority=\"high\" decoding=\"async\" class=\"size-full wp-image-2328578\" src=\"https:\/\/i0.wp.com\/catracalivre.com.br\/wp-content\/uploads\/2023\/12\/depositphotos-51827461-xl-scaled.jpg?resize=2560%2C1707&#038;ssl=1\" alt=\"Dormir ap\u00f3s as 23 horas pode favorecer ganho de peso\" width=\"2560\" height=\"1707\" srcset=\"https:\/\/catracalivre.com.br\/wp-content\/uploads\/2023\/12\/depositphotos-51827461-xl-scaled.jpg 2560w, https:\/\/catracalivre.com.br\/wp-content\/uploads\/2023\/12\/depositphotos-51827461-xl-450x300.jpg 450w, https:\/\/catracalivre.com.br\/wp-content\/uploads\/2023\/12\/depositphotos-51827461-xl-768x512.jpg 768w\" sizes=\"(max-width: 2560px) 100vw, 2560px\"\/><\/p>\n<p>Cr\u00e9ditos: Depositphotos\/stokkete<\/p>\n<\/div>\n<\/div>\n<p><span class=\"post-imagem__legenda\">Dormir ap\u00f3s as 23 horas pode favorecer ganho de peso<\/span><\/p>\n<\/div>\n<p>Dormir tarde, mais precisamente depois das 23 horas, e ter um sono mais curto pode estar diretamente relacionado ao <a href=\"https:\/\/catracalivre.com.br\/saude-bem-estar\/estes-sao-os-habitos-que-nao-deixam-voce-perder-peso\/\" target=\"_blank\" rel=\"noopener\">aumento do peso corporal<\/a>.<\/p>\n<p>Uma pesquisa realizada pela Faculdade de Nutri\u00e7\u00e3o da Universidade Federal de Alagoas (Ufal), publicada na revista cient\u00edfica <a href=\"https:\/\/www.sciencedirect.com\/journal\/sleep-medicine-x\" target=\"_blank\" rel=\"noopener\">Sleep Med X<\/a> e apresentada no World Sleep Congress 2023, no Rio de Janeiro, trouxe novas luzes sobre esta quest\u00e3o.<\/p>\n<p>Os cientistas observaram que mesmo aqueles que, apesar de dormir tarde, ainda mantinham um padr\u00e3o de 8 horas de sono apresentavam maior \u00edndice de massa corporal (<a href=\"https:\/\/catracalivre.com.br\/saude-bem-estar\/entenda-a-curiosa-ligacao-entre-tamanho-da-barriga-e-vitamina-d\/\" target=\"_blank\" rel=\"noopener\">IMC<\/a>). O fato desafia o conceito de que apenas a redu\u00e7\u00e3o na quantidade de sono poderia ocasionar ganho de peso.<\/p>\n<h2>Como a pesquisa foi conduzida?<\/h2>\n<p>A pesquisa, realizada de agosto a dezembro de 2021, teve participa\u00e7\u00e3o de 755 pessoas de diversas regi\u00f5es do pa\u00eds, com idades entre 18 e 65 anos.<\/p>\n<p>Atrav\u00e9s de question\u00e1rios online, os participantes forneceram informa\u00e7\u00f5es sobre suas rotinas de sono, peso, altura e h\u00e1bitos alimentares. As fases subsequentes do estudo, chamado \u201cSONAR-Brasil: investiga\u00e7\u00f5es cronobiol\u00f3gicas do sono, alimenta\u00e7\u00e3o e nutri\u00e7\u00e3o\u201d, continuam em andamento com a participa\u00e7\u00e3o de mais volunt\u00e1rios.<\/p>\n<p>Atrav\u00e9s deste estudo, os especialistas defendem a import\u00e2ncia de considerar n\u00e3o apenas a dura\u00e7\u00e3o, mas tamb\u00e9m o hor\u00e1rio do sono quando se investiga a rela\u00e7\u00e3o entre sono e obesidade.<\/p>\n<p>Assim, tais informa\u00e7\u00f5es passariam a ser importantes na orienta\u00e7\u00e3o m\u00e9dica e nutricional, principalmente quando se trata do controle de peso.<\/p>\n<div id=\"attachment_2328577\" class=\"wp-caption alignnone\">\n<div class=\"d-flex justify-content-center\" data-attachment-id=\"2328577\">\n<div class=\"position-relative d-inline-block\"><img data-recalc-dims=\"1\" loading=\"lazy\" data-portal-copyright=\"Depositphotos\/monkeybusiness\" decoding=\"async\" class=\"size-full wp-image-2328577\" src=\"https:\/\/i0.wp.com\/catracalivre.com.br\/wp-content\/uploads\/2023\/12\/depositphotos-102737732-xl-scaled.jpg?resize=2560%2C1707&#038;ssl=1\" alt=\"H\u00e1bito pode favorecer aumento de peso, segundo estudo\" width=\"2560\" height=\"1707\" srcset=\"https:\/\/catracalivre.com.br\/wp-content\/uploads\/2023\/12\/depositphotos-102737732-xl-scaled.jpg 2560w, https:\/\/catracalivre.com.br\/wp-content\/uploads\/2023\/12\/depositphotos-102737732-xl-450x300.jpg 450w, https:\/\/catracalivre.com.br\/wp-content\/uploads\/2023\/12\/depositphotos-102737732-xl-768x512.jpg 768w\" sizes=\"auto, (max-width: 2560px) 100vw, 2560px\"\/><\/p>\n<p>Cr\u00e9ditos: Depositphotos\/monkeybusiness<\/p>\n<\/div>\n<\/div>\n<p><span class=\"post-imagem__legenda\">H\u00e1bito pode favorecer aumento de peso, segundo estudo<\/span><\/p>\n<\/div>\n<h2>Por que dormir tarde pode contribuir para o ganho de peso?<\/h2>\n<p>O estudo sugere que est\u00e3o associados ao h\u00e1bito de dormir tarde uma s\u00e9rie de outros comportamentos n\u00e3o saud\u00e1veis. Entre eles, est\u00e3o o consumo de uma dieta pior, passar mais tempo em frente a telas antes de dormir \u2013 o que prejudica a qualidade do sono \u2013 e fumar. Esses fatores podem favorecer o ganho de peso a longo prazo.<\/p>\n<p>Outro ponto relevante \u00e9 a consequ\u00eancia destes h\u00e1bitos na qualidade do sono. Dormir mal ou pouco aumenta a produ\u00e7\u00e3o do horm\u00f4nio da fome, a leptina, e reduz a produ\u00e7\u00e3o da grelina, que \u00e9 o horm\u00f4nio da saciedade.<\/p>\n<p>Tal fato pode acarretar em um aumento na sensa\u00e7\u00e3o de fome no dia seguinte, promovendo o aumento do consumo alimentar.<\/p>\n<h2>O papel do metabolismo<\/h2>\n<p>A pesquisadora \u00e0 frente do estudo, Giovana Longo-Silva, destaca que o corpo humano acaba sendo mais ativo no in\u00edcio do dia. \u00c9 neste momento que ele est\u00e1 mais preparado para metabolizar o alimento.<\/p>\n<p>Dessa forma, quem tem o h\u00e1bito de se alimentar tarde da noite, quando o metabolismo \u00e9 mais lento, pode estar predisposto ao ganho de peso.<\/p>\n<p>Estudos do Brigham and Women\u2019s Hospital, afiliado \u00e0 Universidade Harvard, corroboram essa teoria, sugerindo que a alimenta\u00e7\u00e3o noturna pode interferir na produ\u00e7\u00e3o de leptina, aumentar a sensa\u00e7\u00e3o de fome pela manh\u00e3 e at\u00e9 alterar a express\u00e3o gen\u00e9tica do tecido adiposo, favorecendo o ac\u00famulo de gordura.<\/p>\n<p>Essas pesquisas evidenciam a complexidade do controle do peso corporal e enfatizam a necessidade de abordagens multifatoriais para a promo\u00e7\u00e3o da sa\u00fade, onde a qualidade do sono e os h\u00e1bitos noturnos t\u00eam papel fundamental.<\/p>\n<\/div>\n<p><script>\n\t\t! function(f, b, e, v, n, t, s) {\n\t\t\tif (f.fbq) return;\n\t\t\tn = f.fbq = function() {\n\t\t\t\tn.callMethod ?\n\t\t\t\t\tn.callMethod.apply(n, arguments) : n.queue.push(arguments)\n\t\t\t};\n\t\t\tif (!f._fbq) f._fbq = n;\n\t\t\tn.push = n;\n\t\t\tn.loaded = !0;\n\t\t\tn.version = '2.0';\n\t\t\tn.queue = [];\n\t\t\tt = b.createElement(e);\n\t\t\tt.async = !0;\n\t\t\tt.src = v;\n\t\t\ts = b.getElementsByTagName(e)[0];\n\t\t\ts.parentNode.insertBefore(t, s)\n\t\t}(window, document, 'script',\n\t\t\t'https:\/\/connect.facebook.net\/en_US\/fbevents.js');\n\t\tfbq('init', '338315473262380');\n\t\tfbq('track', 'PageView');\n\t<\/script><br \/>\n<br \/><br \/>\n<br \/><a href=\"https:\/\/catracalivre.com.br\/saude-bem-estar\/dormir-depois-deste-horario-favorece-ganho-de-peso-revela-estudo\/\">Source link <\/a><\/p>\n<!-- CONTENT END 1 -->\n","protected":false},"excerpt":{"rendered":"<p>Cr\u00e9ditos: Depositphotos\/stokkete Dormir ap\u00f3s as 23 horas pode favorecer ganho de peso Dormir tarde, mais precisamente depois das 23 horas, e ter um sono mais&#8230;<\/p>\n","protected":false},"author":1,"featured_media":16926,"comment_status":"open","ping_status":"open","sticky":false,"template":"","format":"standard","meta":{"advanced_seo_description":"","jetpack_seo_html_title":"","jetpack_seo_noindex":false,"jetpack_post_was_ever_published":false,"_jetpack_newsletter_access":"","_jetpack_dont_email_post_to_subs":false,"_jetpack_newsletter_tier_id":0,"_jetpack_memberships_contains_paywalled_content":false,"_jetpack_memberships_contains_paid_content":false,"footnotes":"","jetpack_publicize_message":"","jetpack_publicize_feature_enabled":true,"jetpack_social_post_already_shared":true,"jetpack_social_options":{"image_generator_settings":{"template":"highway","default_image_id":0,"font":"","enabled":false},"version":2}},"categories":[19],"tags":[],"class_list":["post-16925","post","type-post","status-publish","format-standard","has-post-thumbnail","hentry","category-variedades"],"jetpack_publicize_connections":[],"jetpack_featured_media_url":"https:\/\/i0.wp.com\/noticiasribeiraopreto.com.br\/wp-content\/uploads\/2023\/12\/depositphotos-51827461-xl-scaled.jpg?fit=1200%2C638&ssl=1","jetpack-related-posts":[{"id":73009,"url":"https:\/\/noticiasribeiraopreto.com.br\/index.php\/2025\/06\/23\/jornal-da-franca-veja-o-que-os-especialistas-dizem-sobre-o-costume-de-dormir-com-a-tv-ligada\/","url_meta":{"origin":16925,"position":0},"title":"Jornal da Franca &#8211; Veja o que os especialistas dizem sobre o costume de dormir com a TV ligada","author":"noticiasribeiraopreto.com.br","date":"23 de June de 2025","format":false,"excerpt":"compartilhar no whatsapp compartilhar no telegram compartilhar no facebook compartilhar no linkedin Consulte um profissional de sa\u00fade se voc\u00ea tentar implementar esses h\u00e1bitos antes de dormir, mas ainda tiver dificuldades para dormir.\u00a0 Muitas pessoas ficam de olho em uma tela antes de dormir, mas \u00e9 aceit\u00e1vel dormir com a TV\u2026","rel":"","context":"In &quot;Not\u00edcias de Franca-SP&quot;","block_context":{"text":"Not\u00edcias de Franca-SP","link":"https:\/\/noticiasribeiraopreto.com.br\/index.php\/category\/noticias-de-ribeirao-preto-sp-e-regiao-ismael-colosi\/noticias-franca-sp\/"},"img":{"alt_text":"","src":"https:\/\/i0.wp.com\/noticiasribeiraopreto.com.br\/wp-content\/uploads\/2025\/06\/assistindo-videos-scaled.jpg?fit=1200%2C675&ssl=1&resize=350%2C200","width":350,"height":200,"srcset":"https:\/\/i0.wp.com\/noticiasribeiraopreto.com.br\/wp-content\/uploads\/2025\/06\/assistindo-videos-scaled.jpg?fit=1200%2C675&ssl=1&resize=350%2C200 1x, https:\/\/i0.wp.com\/noticiasribeiraopreto.com.br\/wp-content\/uploads\/2025\/06\/assistindo-videos-scaled.jpg?fit=1200%2C675&ssl=1&resize=525%2C300 1.5x, https:\/\/i0.wp.com\/noticiasribeiraopreto.com.br\/wp-content\/uploads\/2025\/06\/assistindo-videos-scaled.jpg?fit=1200%2C675&ssl=1&resize=700%2C400 2x, https:\/\/i0.wp.com\/noticiasribeiraopreto.com.br\/wp-content\/uploads\/2025\/06\/assistindo-videos-scaled.jpg?fit=1200%2C675&ssl=1&resize=1050%2C600 3x"},"classes":[]},{"id":70898,"url":"https:\/\/noticiasribeiraopreto.com.br\/index.php\/2025\/05\/31\/jornal-da-franca-franca-vive-clima-polar-dormir-de-luvas-e-meias-e-charme-ou-uma-questao-de-saude\/","url_meta":{"origin":16925,"position":1},"title":"Jornal da Franca &#8211; Franca vive clima &#8220;polar&#8221;: dormir de luvas e meias \u00e9 charme ou uma quest\u00e3o de sa\u00fade?","author":"noticiasribeiraopreto.com.br","date":"31 de May de 2025","format":false,"excerpt":"compartilhar no whatsapp compartilhar no telegram compartilhar no facebook compartilhar no linkedin Especialistas explicam os efeitos de manter m\u00e3os e p\u00e9s aquecidos durante o sono Com a chegada das noites mais frias, \u00e9 comum recorrer a cobertores pesados e roupas mais quentes \u2014 e, para alguns, incluir luvas e meias\u2026","rel":"","context":"In &quot;Not\u00edcias de Franca-SP&quot;","block_context":{"text":"Not\u00edcias de Franca-SP","link":"https:\/\/noticiasribeiraopreto.com.br\/index.php\/category\/noticias-de-ribeirao-preto-sp-e-regiao-ismael-colosi\/noticias-franca-sp\/"},"img":{"alt_text":"","src":"https:\/\/i0.wp.com\/noticiasribeiraopreto.com.br\/wp-content\/uploads\/2025\/05\/pessoa-de-meia-na-lareira.jpg?fit=1200%2C675&ssl=1&resize=350%2C200","width":350,"height":200,"srcset":"https:\/\/i0.wp.com\/noticiasribeiraopreto.com.br\/wp-content\/uploads\/2025\/05\/pessoa-de-meia-na-lareira.jpg?fit=1200%2C675&ssl=1&resize=350%2C200 1x, https:\/\/i0.wp.com\/noticiasribeiraopreto.com.br\/wp-content\/uploads\/2025\/05\/pessoa-de-meia-na-lareira.jpg?fit=1200%2C675&ssl=1&resize=525%2C300 1.5x, https:\/\/i0.wp.com\/noticiasribeiraopreto.com.br\/wp-content\/uploads\/2025\/05\/pessoa-de-meia-na-lareira.jpg?fit=1200%2C675&ssl=1&resize=700%2C400 2x, https:\/\/i0.wp.com\/noticiasribeiraopreto.com.br\/wp-content\/uploads\/2025\/05\/pessoa-de-meia-na-lareira.jpg?fit=1200%2C675&ssl=1&resize=1050%2C600 3x"},"classes":[]},{"id":68651,"url":"https:\/\/noticiasribeiraopreto.com.br\/index.php\/2025\/04\/27\/jornal-da-franca-saiba-quais-sao-os-grandes-obstaculos-para-quem-quer-perder-peso-rapido-e-com-saude\/","url_meta":{"origin":16925,"position":2},"title":"Jornal da Franca &#8211; Saiba quais s\u00e3o os grandes obst\u00e1culos para quem quer perder peso r\u00e1pido e com sa\u00fade","author":"noticiasribeiraopreto.com.br","date":"27 de April de 2025","format":false,"excerpt":"compartilhar no whatsapp compartilhar no telegram compartilhar no facebook compartilhar no linkedin Alguns h\u00e1bitos podem ser prejudiciais ao processo; \u00e9 preciso conhecer bem cada um deles Para emagrecer r\u00e1pido muitas pessoas recorrem a medidas extremas. Essas atitudes, no entanto, s\u00e3o um grande erro e, al\u00e9m de n\u00e3o perder peso, a\u2026","rel":"","context":"In &quot;Not\u00edcias de Franca-SP&quot;","block_context":{"text":"Not\u00edcias de Franca-SP","link":"https:\/\/noticiasribeiraopreto.com.br\/index.php\/category\/noticias-de-ribeirao-preto-sp-e-regiao-ismael-colosi\/noticias-franca-sp\/"},"img":{"alt_text":"","src":"https:\/\/i0.wp.com\/noticiasribeiraopreto.com.br\/wp-content\/uploads\/2025\/04\/dietas.jpg?fit=1200%2C675&ssl=1&resize=350%2C200","width":350,"height":200,"srcset":"https:\/\/i0.wp.com\/noticiasribeiraopreto.com.br\/wp-content\/uploads\/2025\/04\/dietas.jpg?fit=1200%2C675&ssl=1&resize=350%2C200 1x, https:\/\/i0.wp.com\/noticiasribeiraopreto.com.br\/wp-content\/uploads\/2025\/04\/dietas.jpg?fit=1200%2C675&ssl=1&resize=525%2C300 1.5x, https:\/\/i0.wp.com\/noticiasribeiraopreto.com.br\/wp-content\/uploads\/2025\/04\/dietas.jpg?fit=1200%2C675&ssl=1&resize=700%2C400 2x, https:\/\/i0.wp.com\/noticiasribeiraopreto.com.br\/wp-content\/uploads\/2025\/04\/dietas.jpg?fit=1200%2C675&ssl=1&resize=1050%2C600 3x"},"classes":[]},{"id":64633,"url":"https:\/\/noticiasribeiraopreto.com.br\/index.php\/2025\/03\/10\/jornal-da-franca-veja-5-erros-que-voce-comete-tentando-dormir-melhor-e-prejudicam-seu-sono\/","url_meta":{"origin":16925,"position":3},"title":"Jornal da Franca &#8211; Veja 5 erros que voc\u00ea comete tentando dormir melhor e prejudicam seu sono","author":"noticiasribeiraopreto.com.br","date":"10 de March de 2025","format":false,"excerpt":"compartilhar no whatsapp compartilhar no telegram compartilhar no facebook compartilhar no linkedin Embora o objetivo seja positivo, algumas pr\u00e1ticas podem ter efeito contr\u00e1rio. Especialista conta o porqu\u00ea Nem todas as pr\u00e1ticas para dormir bem s\u00e3o t\u00e3o eficazes quanto parecem \u2013 foto Arquivo \u00a0 Uma boa noite de sono \u00e9 um\u2026","rel":"","context":"In &quot;Not\u00edcias de Franca-SP&quot;","block_context":{"text":"Not\u00edcias de Franca-SP","link":"https:\/\/noticiasribeiraopreto.com.br\/index.php\/category\/noticias-de-ribeirao-preto-sp-e-regiao-ismael-colosi\/noticias-franca-sp\/"},"img":{"alt_text":"","src":"https:\/\/i0.wp.com\/noticiasribeiraopreto.com.br\/wp-content\/uploads\/2025\/03\/jovem-femea-dormir-no-quarto-insonia-dormindo-preocupado-e-estressado.jpg?fit=1000%2C667&ssl=1&resize=350%2C200","width":350,"height":200,"srcset":"https:\/\/i0.wp.com\/noticiasribeiraopreto.com.br\/wp-content\/uploads\/2025\/03\/jovem-femea-dormir-no-quarto-insonia-dormindo-preocupado-e-estressado.jpg?fit=1000%2C667&ssl=1&resize=350%2C200 1x, https:\/\/i0.wp.com\/noticiasribeiraopreto.com.br\/wp-content\/uploads\/2025\/03\/jovem-femea-dormir-no-quarto-insonia-dormindo-preocupado-e-estressado.jpg?fit=1000%2C667&ssl=1&resize=525%2C300 1.5x, https:\/\/i0.wp.com\/noticiasribeiraopreto.com.br\/wp-content\/uploads\/2025\/03\/jovem-femea-dormir-no-quarto-insonia-dormindo-preocupado-e-estressado.jpg?fit=1000%2C667&ssl=1&resize=700%2C400 2x"},"classes":[]},{"id":66422,"url":"https:\/\/noticiasribeiraopreto.com.br\/index.php\/2025\/04\/01\/jornal-da-franca-saiba-como-fazer-uma-dieta-eficiente-mas-tambem-saudavel-especialistas-dao-dicas\/","url_meta":{"origin":16925,"position":4},"title":"Jornal da Franca &#8211; Saiba como fazer uma dieta eficiente, mas tamb\u00e9m saud\u00e1vel; especialistas d\u00e3o dicas","author":"noticiasribeiraopreto.com.br","date":"1 de April de 2025","format":false,"excerpt":"compartilhar no whatsapp compartilhar no telegram compartilhar no facebook compartilhar no linkedin Nutricionistas afirmam que a perda de peso tem que ser feita de forma equilibrada Para emagrecer r\u00e1pido muitas pessoas recorrem a medidas extremas. Essas atitudes, no entanto, s\u00e3o um grande erro e, al\u00e9m de n\u00e3o perder peso, a\u2026","rel":"","context":"In &quot;Not\u00edcias de Franca-SP&quot;","block_context":{"text":"Not\u00edcias de Franca-SP","link":"https:\/\/noticiasribeiraopreto.com.br\/index.php\/category\/noticias-de-ribeirao-preto-sp-e-regiao-ismael-colosi\/noticias-franca-sp\/"},"img":{"alt_text":"","src":"https:\/\/i0.wp.com\/noticiasribeiraopreto.com.br\/wp-content\/uploads\/2025\/04\/tigela-de-buda-com-bulgur-frango-grelhado-vegetais-abacate-e-espinafre-conceito-de-comida-saudavel.jpg?fit=1000%2C667&ssl=1&resize=350%2C200","width":350,"height":200,"srcset":"https:\/\/i0.wp.com\/noticiasribeiraopreto.com.br\/wp-content\/uploads\/2025\/04\/tigela-de-buda-com-bulgur-frango-grelhado-vegetais-abacate-e-espinafre-conceito-de-comida-saudavel.jpg?fit=1000%2C667&ssl=1&resize=350%2C200 1x, https:\/\/i0.wp.com\/noticiasribeiraopreto.com.br\/wp-content\/uploads\/2025\/04\/tigela-de-buda-com-bulgur-frango-grelhado-vegetais-abacate-e-espinafre-conceito-de-comida-saudavel.jpg?fit=1000%2C667&ssl=1&resize=525%2C300 1.5x, https:\/\/i0.wp.com\/noticiasribeiraopreto.com.br\/wp-content\/uploads\/2025\/04\/tigela-de-buda-com-bulgur-frango-grelhado-vegetais-abacate-e-espinafre-conceito-de-comida-saudavel.jpg?fit=1000%2C667&ssl=1&resize=700%2C400 2x"},"classes":[]},{"id":69047,"url":"https:\/\/noticiasribeiraopreto.com.br\/index.php\/2025\/05\/01\/jornal-da-franca-com-o-que-e-preciso-se-preocupar-na-hora-de-dormir-especialistas-respondem\/","url_meta":{"origin":16925,"position":5},"title":"Jornal da Franca &#8211; Com o que \u00e9 preciso se preocupar na hora de dormir? Especialistas respondem!","author":"noticiasribeiraopreto.com.br","date":"1 de May de 2025","format":false,"excerpt":"compartilhar no whatsapp compartilhar no telegram compartilhar no facebook compartilhar no linkedin Estudos apontam mitos e os classificaram por grau de falsidade e import\u00e2ncia para a sa\u00fade \u00a0 Estudos apontam mitos e os classificaram por grau de falsidade e import\u00e2ncia para a sa\u00fade Muitos de n\u00f3s temos no\u00e7\u00f5es sobre o\u2026","rel":"","context":"In &quot;Not\u00edcias de Franca-SP&quot;","block_context":{"text":"Not\u00edcias de Franca-SP","link":"https:\/\/noticiasribeiraopreto.com.br\/index.php\/category\/noticias-de-ribeirao-preto-sp-e-regiao-ismael-colosi\/noticias-franca-sp\/"},"img":{"alt_text":"","src":"https:\/\/i0.wp.com\/noticiasribeiraopreto.com.br\/wp-content\/uploads\/2025\/05\/mulher-com-sono.jpg?fit=847%2C572&ssl=1&resize=350%2C200","width":350,"height":200,"srcset":"https:\/\/i0.wp.com\/noticiasribeiraopreto.com.br\/wp-content\/uploads\/2025\/05\/mulher-com-sono.jpg?fit=847%2C572&ssl=1&resize=350%2C200 1x, https:\/\/i0.wp.com\/noticiasribeiraopreto.com.br\/wp-content\/uploads\/2025\/05\/mulher-com-sono.jpg?fit=847%2C572&ssl=1&resize=525%2C300 1.5x, https:\/\/i0.wp.com\/noticiasribeiraopreto.com.br\/wp-content\/uploads\/2025\/05\/mulher-com-sono.jpg?fit=847%2C572&ssl=1&resize=700%2C400 2x"},"classes":[]}],"jetpack_sharing_enabled":true,"jetpack_shortlink":"https:\/\/wp.me\/peQAOb-4oZ","_links":{"self":[{"href":"https:\/\/noticiasribeiraopreto.com.br\/index.php\/wp-json\/wp\/v2\/posts\/16925","targetHints":{"allow":["GET"]}}],"collection":[{"href":"https:\/\/noticiasribeiraopreto.com.br\/index.php\/wp-json\/wp\/v2\/posts"}],"about":[{"href":"https:\/\/noticiasribeiraopreto.com.br\/index.php\/wp-json\/wp\/v2\/types\/post"}],"author":[{"embeddable":true,"href":"https:\/\/noticiasribeiraopreto.com.br\/index.php\/wp-json\/wp\/v2\/users\/1"}],"replies":[{"embeddable":true,"href":"https:\/\/noticiasribeiraopreto.com.br\/index.php\/wp-json\/wp\/v2\/comments?post=16925"}],"version-history":[{"count":0,"href":"https:\/\/noticiasribeiraopreto.com.br\/index.php\/wp-json\/wp\/v2\/posts\/16925\/revisions"}],"wp:featuredmedia":[{"embeddable":true,"href":"https:\/\/noticiasribeiraopreto.com.br\/index.php\/wp-json\/wp\/v2\/media\/16926"}],"wp:attachment":[{"href":"https:\/\/noticiasribeiraopreto.com.br\/index.php\/wp-json\/wp\/v2\/media?parent=16925"}],"wp:term":[{"taxonomy":"category","embeddable":true,"href":"https:\/\/noticiasribeiraopreto.com.br\/index.php\/wp-json\/wp\/v2\/categories?post=16925"},{"taxonomy":"post_tag","embeddable":true,"href":"https:\/\/noticiasribeiraopreto.com.br\/index.php\/wp-json\/wp\/v2\/tags?post=16925"}],"curies":[{"name":"wp","href":"https:\/\/api.w.org\/{rel}","templated":true}]}}