{"id":16927,"date":"2023-12-16T22:30:16","date_gmt":"2023-12-17T01:30:16","guid":{"rendered":"https:\/\/noticiasribeiraopreto.com.br\/index.php\/2023\/12\/16\/veja-as-series-e-filmes-para-voce-assistir-no-natal-meu-valor-digital\/"},"modified":"2023-12-16T22:30:16","modified_gmt":"2023-12-17T01:30:16","slug":"veja-as-series-e-filmes-para-voce-assistir-no-natal-meu-valor-digital","status":"publish","type":"post","link":"https:\/\/noticiasribeiraopreto.com.br\/index.php\/2023\/12\/16\/veja-as-series-e-filmes-para-voce-assistir-no-natal-meu-valor-digital\/","title":{"rendered":"Veja as s\u00e9ries e filmes para voc\u00ea assistir no Natal &#8211; Meu Valor Digital"},"content":{"rendered":"<div class='code-block code-block-1' style='margin: 8px 0 8px auto; text-align: right; display: block; clear: both;'>\n<p><a href=\"https:\/\/wa.link\/vpicfd\"><img data-recalc-dims=\"1\" class=\"wp-image-4922\" style=\"aspect-ratio: 2.0253164556962027; width: 561px; height: auto;\" src=\"https:\/\/i0.wp.com\/ismaelcolosi.com.br\/wp-content\/uploads\/2023\/11\/grupo-de-empregos-whatsapp-e-facebook-ismael-colosi-vagas.jpg?ssl=1\" alt=\"\" \/><\/a><\/p>\n<!-- \/wp:image -->\n<\/div>\n<p> <br \/>\n<\/p>\n<div>\n<p>Estamos todos em <a href=\"https:\/\/meuvalordigital.com.br\/veja-as-series-com-episodios-de-natal-para-voce-assistir-no-dia-24\/\" target=\"_blank\" rel=\"noreferrer noopener\">ritmo de Natal.<\/a> Muita gente est\u00e1 atr\u00e1s do presente perfeito. Tem aqueles que j\u00e1 compraram o presente bem antes. Em dias de crise, as lembrancinhas v\u00e3o fazer sucesso. Mas existem pessoas que amam o Natal e curtem ficar diante da TV, do computador, do celular e assistir uma boa hist\u00f3ria baseada no clima natalino.<\/p>\n<p>Reservamos para voc\u00ea \u00f3timas dicas para curtir nesse per\u00edodo de fim de ano. Tem aquele garoto que todo ano \u00e9 esquecido pelos pais na \u00e9poca\u00a0 de Natal, e ele apronta muito para cima de bandidos que queriam roubar sua casa.<\/p>\n<p>Tem aquela mo\u00e7a que odeia Natal, n\u00e3o gosta nem de ouvir falar dos festejos, justamente porque todo ano a fam\u00edlia cobra dela um marido. E tem Eddie Murphy que est\u00e1 de volta em uma aventura c\u00f4mica sobre um homem com a miss\u00e3o de vencer a competi\u00e7\u00e3o anual de decora\u00e7\u00e3o de Natal de seu bairro.<\/p>\n<h2 class=\"wp-block-heading\" id=\"h-o-melhor-natal-de-todos-netflix\">O Melhor Natal de Todos \u2013 Netflix<\/h2>\n<figure class=\"wp-block-image size-large\"><img data-recalc-dims=\"1\" fetchpriority=\"high\" decoding=\"async\" width=\"1024\" height=\"661\" alt=\"\" class=\"wp-image-34387\" srcset=\"https:\/\/meuvalordigital.com.br\/wp-content\/uploads\/2023\/12\/O-Melhor-Natal-de-Todos-1024x661.jpg 1024w, https:\/\/meuvalordigital.com.br\/wp-content\/uploads\/2023\/12\/O-Melhor-Natal-de-Todos-300x194.jpg 300w, https:\/\/meuvalordigital.com.br\/wp-content\/uploads\/2023\/12\/O-Melhor-Natal-de-Todos-768x495.jpg 768w, https:\/\/meuvalordigital.com.br\/wp-content\/uploads\/2023\/12\/O-Melhor-Natal-de-Todos-210x136.jpg 210w, https:\/\/meuvalordigital.com.br\/wp-content\/uploads\/2023\/12\/O-Melhor-Natal-de-Todos-150x97.jpg 150w, https:\/\/meuvalordigital.com.br\/wp-content\/uploads\/2023\/12\/O-Melhor-Natal-de-Todos.jpg 1240w\" data-lazy-sizes=\"(max-width: 1024px) 100vw, 1024px\" src=\"https:\/\/i0.wp.com\/meuvalordigital.com.br\/wp-content\/uploads\/2023\/12\/O-Melhor-Natal-de-Todos-1024x661.jpg?resize=1024%2C661&#038;ssl=1\"\/><noscript><img data-recalc-dims=\"1\" fetchpriority=\"high\" decoding=\"async\" width=\"1024\" height=\"661\" src=\"https:\/\/i0.wp.com\/meuvalordigital.com.br\/wp-content\/uploads\/2023\/12\/O-Melhor-Natal-de-Todos-1024x661.jpg?resize=1024%2C661&#038;ssl=1\" alt=\"\" class=\"wp-image-34387\" srcset=\"https:\/\/meuvalordigital.com.br\/wp-content\/uploads\/2023\/12\/O-Melhor-Natal-de-Todos-1024x661.jpg 1024w, https:\/\/meuvalordigital.com.br\/wp-content\/uploads\/2023\/12\/O-Melhor-Natal-de-Todos-300x194.jpg 300w, https:\/\/meuvalordigital.com.br\/wp-content\/uploads\/2023\/12\/O-Melhor-Natal-de-Todos-768x495.jpg 768w, https:\/\/meuvalordigital.com.br\/wp-content\/uploads\/2023\/12\/O-Melhor-Natal-de-Todos-210x136.jpg 210w, https:\/\/meuvalordigital.com.br\/wp-content\/uploads\/2023\/12\/O-Melhor-Natal-de-Todos-150x97.jpg 150w, https:\/\/meuvalordigital.com.br\/wp-content\/uploads\/2023\/12\/O-Melhor-Natal-de-Todos.jpg 1240w\" sizes=\"(max-width: 1024px) 100vw, 1024px\"\/><\/noscript><figcaption class=\"wp-element-caption\">O Melhor Natal de Todos \/ Imagem de divulga\u00e7\u00e3o.<\/figcaption><\/figure>\n<p>A com\u00e9dia rom\u00e2ntica gira em torno das amigas Charlotte Sanders (Heather Graham) e Jackie Jennings (Brandy Norwood) que, h\u00e1 anos, t\u00eam certas rivalidades entre si, apesar da amizade. Isso acontece principalmente por conta de Jackie, que faz quest\u00e3o de exibir sua vida perfeita.\u00a0<\/p>\n<p>No entanto, gra\u00e7as a uma reviravolta do destino, Charlotte e sua fam\u00edlia acabam parando na porta da amiga dela na v\u00e9spera do Natal, o que pode provar que, \u00e0s vezes, as apar\u00eancias enganam.<\/p>\n<h2 class=\"wp-block-heading\" id=\"h-meu-papai-ainda-e-noel-disney-plus\">Meu Papai (Ainda) \u00c9 Noel \u2013 Disney Plus<\/h2>\n<figure class=\"wp-block-image size-large\"><img data-recalc-dims=\"1\" loading=\"lazy\" decoding=\"async\" width=\"1024\" height=\"661\" alt=\"\" class=\"wp-image-34386\" srcset=\"https:\/\/meuvalordigital.com.br\/wp-content\/uploads\/2023\/12\/Meu-Papai-Ainda-E-Noel-1024x661.jpg 1024w, https:\/\/meuvalordigital.com.br\/wp-content\/uploads\/2023\/12\/Meu-Papai-Ainda-E-Noel-300x194.jpg 300w, https:\/\/meuvalordigital.com.br\/wp-content\/uploads\/2023\/12\/Meu-Papai-Ainda-E-Noel-768x495.jpg 768w, https:\/\/meuvalordigital.com.br\/wp-content\/uploads\/2023\/12\/Meu-Papai-Ainda-E-Noel-210x136.jpg 210w, https:\/\/meuvalordigital.com.br\/wp-content\/uploads\/2023\/12\/Meu-Papai-Ainda-E-Noel-150x97.jpg 150w, https:\/\/meuvalordigital.com.br\/wp-content\/uploads\/2023\/12\/Meu-Papai-Ainda-E-Noel.jpg 1240w\" data-lazy-sizes=\"(max-width: 1024px) 100vw, 1024px\" src=\"https:\/\/i0.wp.com\/meuvalordigital.com.br\/wp-content\/uploads\/2023\/12\/Meu-Papai-Ainda-E-Noel-1024x661.jpg?resize=1024%2C661&#038;ssl=1\"\/><noscript><img data-recalc-dims=\"1\" loading=\"lazy\" decoding=\"async\" width=\"1024\" height=\"661\" src=\"https:\/\/i0.wp.com\/meuvalordigital.com.br\/wp-content\/uploads\/2023\/12\/Meu-Papai-Ainda-E-Noel-1024x661.jpg?resize=1024%2C661&#038;ssl=1\" alt=\"\" class=\"wp-image-34386\" srcset=\"https:\/\/meuvalordigital.com.br\/wp-content\/uploads\/2023\/12\/Meu-Papai-Ainda-E-Noel-1024x661.jpg 1024w, https:\/\/meuvalordigital.com.br\/wp-content\/uploads\/2023\/12\/Meu-Papai-Ainda-E-Noel-300x194.jpg 300w, https:\/\/meuvalordigital.com.br\/wp-content\/uploads\/2023\/12\/Meu-Papai-Ainda-E-Noel-768x495.jpg 768w, https:\/\/meuvalordigital.com.br\/wp-content\/uploads\/2023\/12\/Meu-Papai-Ainda-E-Noel-210x136.jpg 210w, https:\/\/meuvalordigital.com.br\/wp-content\/uploads\/2023\/12\/Meu-Papai-Ainda-E-Noel-150x97.jpg 150w, https:\/\/meuvalordigital.com.br\/wp-content\/uploads\/2023\/12\/Meu-Papai-Ainda-E-Noel.jpg 1240w\" sizes=\"auto, (max-width: 1024px) 100vw, 1024px\"\/><\/noscript><figcaption class=\"wp-element-caption\">Meu Papai Ainda \u00c9 Noel \/ Imagem de divulga\u00e7\u00e3o.<\/figcaption><\/figure>\n<p>Meu Papai (Ainda) \u00c9 Noel gira em torno de Scott Calvin que est\u00e1 prestes a completar 64 anos e percebe que n\u00e3o pode ser o Papai Noel para sempre. Ele est\u00e1 come\u00e7ando a perder um passo em seus deveres de Papai Noel e, mais importante, ele tem uma fam\u00edlia que poderia se beneficiar de uma vida no mundo normal, especialmente seu filho e sua filha adolescentes.\u00a0<\/p>\n<p>Seu filho adulto cresceu em Lakeside, Illinois, enquanto seus dois filhos adolescentes cresceram no P\u00f3lo. Com muitos elfos, crian\u00e7as e fam\u00edlia para agradar, Scott sai em busca de um substituto adequado para o Papai Noel enquanto prepara sua fam\u00edlia para uma nova aventura em uma vida ao sul do p\u00f3lo.<\/p>\n<p>No elenco est\u00e3o Tim Allen como Scott Calvin \/ Papai Noel, Elizabeth Mitchell como Carol Calvin\/Sra. Claus, Austin Kane como Buddy \u201cCal\u201d Calvin-Claus, Elizabeth Allen-Dick como Sandra Calvin-Claus e Matilda Lawler como Betty.<\/p>\n<h2 class=\"wp-block-heading\" id=\"h-hannah-waddingham-em-casa-para-o-natal-appletv\">Hannah Waddingham: Em casa para o Natal \u2013 AppleTV+<\/h2>\n<figure class=\"wp-block-image size-large\"><img data-recalc-dims=\"1\" loading=\"lazy\" decoding=\"async\" width=\"1024\" height=\"661\" alt=\"\" class=\"wp-image-34384\" srcset=\"https:\/\/meuvalordigital.com.br\/wp-content\/uploads\/2023\/12\/Hannah-Waddingham-Em-casa-para-o-Natal-1024x661.jpg 1024w, https:\/\/meuvalordigital.com.br\/wp-content\/uploads\/2023\/12\/Hannah-Waddingham-Em-casa-para-o-Natal-300x194.jpg 300w, https:\/\/meuvalordigital.com.br\/wp-content\/uploads\/2023\/12\/Hannah-Waddingham-Em-casa-para-o-Natal-768x495.jpg 768w, https:\/\/meuvalordigital.com.br\/wp-content\/uploads\/2023\/12\/Hannah-Waddingham-Em-casa-para-o-Natal-210x136.jpg 210w, https:\/\/meuvalordigital.com.br\/wp-content\/uploads\/2023\/12\/Hannah-Waddingham-Em-casa-para-o-Natal-150x97.jpg 150w, https:\/\/meuvalordigital.com.br\/wp-content\/uploads\/2023\/12\/Hannah-Waddingham-Em-casa-para-o-Natal.jpg 1240w\" data-lazy-sizes=\"(max-width: 1024px) 100vw, 1024px\" src=\"https:\/\/i0.wp.com\/meuvalordigital.com.br\/wp-content\/uploads\/2023\/12\/Hannah-Waddingham-Em-casa-para-o-Natal-1024x661.jpg?resize=1024%2C661&#038;ssl=1\"\/><noscript><img data-recalc-dims=\"1\" loading=\"lazy\" decoding=\"async\" width=\"1024\" height=\"661\" src=\"https:\/\/i0.wp.com\/meuvalordigital.com.br\/wp-content\/uploads\/2023\/12\/Hannah-Waddingham-Em-casa-para-o-Natal-1024x661.jpg?resize=1024%2C661&#038;ssl=1\" alt=\"\" class=\"wp-image-34384\" srcset=\"https:\/\/meuvalordigital.com.br\/wp-content\/uploads\/2023\/12\/Hannah-Waddingham-Em-casa-para-o-Natal-1024x661.jpg 1024w, https:\/\/meuvalordigital.com.br\/wp-content\/uploads\/2023\/12\/Hannah-Waddingham-Em-casa-para-o-Natal-300x194.jpg 300w, https:\/\/meuvalordigital.com.br\/wp-content\/uploads\/2023\/12\/Hannah-Waddingham-Em-casa-para-o-Natal-768x495.jpg 768w, https:\/\/meuvalordigital.com.br\/wp-content\/uploads\/2023\/12\/Hannah-Waddingham-Em-casa-para-o-Natal-210x136.jpg 210w, https:\/\/meuvalordigital.com.br\/wp-content\/uploads\/2023\/12\/Hannah-Waddingham-Em-casa-para-o-Natal-150x97.jpg 150w, https:\/\/meuvalordigital.com.br\/wp-content\/uploads\/2023\/12\/Hannah-Waddingham-Em-casa-para-o-Natal.jpg 1240w\" sizes=\"auto, (max-width: 1024px) 100vw, 1024px\"\/><\/noscript><figcaption class=\"wp-element-caption\">Hannah Waddingham: Em casa para o Natal \/ Imagem de divulga\u00e7\u00e3o.<\/figcaption><\/figure>\n<p>O Apple TV+ j\u00e1 liberou para os seus assinantes o especial de fim de ano Hannah Waddingham: Em casa para o Natal. A produ\u00e7\u00e3o foi<\/p>\n<p>\u00a0gravada ao vivo no London Coliseum, em Londres.<\/p>\n<p>Ela recebe Sam Ryder, Luke Evans, Leslie Odom Jr., Phil Dunster e outros convidados especiais, al\u00e9m da English National Opera, o London Gay Men\u2019s Chorus, The Fabulous Lounge Swingers e uma banda de 18 integrantes.<\/p>\n<p>Durante o show, Hannah compartilha sua jornada pessoal at\u00e9 esse momento m\u00e1gico com relatos engra\u00e7ados e lembran\u00e7as de suas pr\u00f3prias festas de fim de ano.<\/p>\n<h2 class=\"wp-block-heading\" id=\"h-a-familia-noel-3-netflix\">A Fam\u00edlia Noel 3 \u2013 Netflix<\/h2>\n<figure class=\"wp-block-image size-large\"><img data-recalc-dims=\"1\" loading=\"lazy\" decoding=\"async\" width=\"1024\" height=\"661\" alt=\"\" class=\"wp-image-34383\" srcset=\"https:\/\/meuvalordigital.com.br\/wp-content\/uploads\/2023\/12\/A-Familia-Noel-3-1024x661.jpg 1024w, https:\/\/meuvalordigital.com.br\/wp-content\/uploads\/2023\/12\/A-Familia-Noel-3-300x194.jpg 300w, https:\/\/meuvalordigital.com.br\/wp-content\/uploads\/2023\/12\/A-Familia-Noel-3-768x495.jpg 768w, https:\/\/meuvalordigital.com.br\/wp-content\/uploads\/2023\/12\/A-Familia-Noel-3-210x136.jpg 210w, https:\/\/meuvalordigital.com.br\/wp-content\/uploads\/2023\/12\/A-Familia-Noel-3-150x97.jpg 150w, https:\/\/meuvalordigital.com.br\/wp-content\/uploads\/2023\/12\/A-Familia-Noel-3.jpg 1240w\" data-lazy-sizes=\"(max-width: 1024px) 100vw, 1024px\" src=\"https:\/\/i0.wp.com\/meuvalordigital.com.br\/wp-content\/uploads\/2023\/12\/A-Familia-Noel-3-1024x661.jpg?resize=1024%2C661&#038;ssl=1\"\/><noscript><img data-recalc-dims=\"1\" loading=\"lazy\" decoding=\"async\" width=\"1024\" height=\"661\" src=\"https:\/\/i0.wp.com\/meuvalordigital.com.br\/wp-content\/uploads\/2023\/12\/A-Familia-Noel-3-1024x661.jpg?resize=1024%2C661&#038;ssl=1\" alt=\"\" class=\"wp-image-34383\" srcset=\"https:\/\/meuvalordigital.com.br\/wp-content\/uploads\/2023\/12\/A-Familia-Noel-3-1024x661.jpg 1024w, https:\/\/meuvalordigital.com.br\/wp-content\/uploads\/2023\/12\/A-Familia-Noel-3-300x194.jpg 300w, https:\/\/meuvalordigital.com.br\/wp-content\/uploads\/2023\/12\/A-Familia-Noel-3-768x495.jpg 768w, https:\/\/meuvalordigital.com.br\/wp-content\/uploads\/2023\/12\/A-Familia-Noel-3-210x136.jpg 210w, https:\/\/meuvalordigital.com.br\/wp-content\/uploads\/2023\/12\/A-Familia-Noel-3-150x97.jpg 150w, https:\/\/meuvalordigital.com.br\/wp-content\/uploads\/2023\/12\/A-Familia-Noel-3.jpg 1240w\" sizes=\"auto, (max-width: 1024px) 100vw, 1024px\"\/><\/noscript><figcaption class=\"wp-element-caption\">A Fam\u00edlia Noel 3 \/ Imagem de divulga\u00e7\u00e3o.<\/figcaption><\/figure>\n<p>Ao descobrir o legado da fam\u00edlia, Norah quer provar para o irm\u00e3o mais velho que d\u00e1 conta do recado. No entanto, um passo em falso amea\u00e7a estragar as comemora\u00e7\u00f5es, ent\u00e3o os irm\u00e3os precisam trabalhar juntos para resgatar o vov\u00f4 Noel e salvar o Natal.<\/p>\n<p>Para a tristeza do Vov\u00f4 e de Jules, a matriarca Suzanne organiza uma viagem de Natal nas montanhas para aproveitar um tempo em fam\u00edlia como nos velhos tempos. Por isso, a dupla din\u00e2mica se tranca no quarto de hotel para comandar sua opera\u00e7\u00e3o natalina secreta, estragando o programa familiar.\u00a0<\/p>\n<p>E essa hist\u00f3ria n\u00e3o s\u00f3 chateia a mam\u00e3e, como tamb\u00e9m Noor. Com saudades do irm\u00e3o, ela faz o que qualquer irm\u00e3zinha faria: segue Jules para todos os lugares\u2026 at\u00e9 que o inevit\u00e1vel acontece e a menina descobre o mundo do Natal, causando uma grande confus\u00e3o.<\/p>\n<h2 class=\"wp-block-heading\" id=\"h-eu-odeio-o-natal-netflix\">Eu Odeio o Natal \u2013 Netflix<\/h2>\n<figure class=\"wp-block-image size-large\"><img data-recalc-dims=\"1\" loading=\"lazy\" decoding=\"async\" width=\"1024\" height=\"661\" alt=\"\" class=\"wp-image-34382\" srcset=\"https:\/\/meuvalordigital.com.br\/wp-content\/uploads\/2023\/12\/Eu-Odeio-o-Natal-1024x661.jpg 1024w, https:\/\/meuvalordigital.com.br\/wp-content\/uploads\/2023\/12\/Eu-Odeio-o-Natal-300x194.jpg 300w, https:\/\/meuvalordigital.com.br\/wp-content\/uploads\/2023\/12\/Eu-Odeio-o-Natal-768x495.jpg 768w, https:\/\/meuvalordigital.com.br\/wp-content\/uploads\/2023\/12\/Eu-Odeio-o-Natal-210x136.jpg 210w, https:\/\/meuvalordigital.com.br\/wp-content\/uploads\/2023\/12\/Eu-Odeio-o-Natal-150x97.jpg 150w, https:\/\/meuvalordigital.com.br\/wp-content\/uploads\/2023\/12\/Eu-Odeio-o-Natal.jpg 1240w\" data-lazy-sizes=\"(max-width: 1024px) 100vw, 1024px\" src=\"https:\/\/i0.wp.com\/meuvalordigital.com.br\/wp-content\/uploads\/2023\/12\/Eu-Odeio-o-Natal-1024x661.jpg?resize=1024%2C661&#038;ssl=1\"\/><noscript><img data-recalc-dims=\"1\" loading=\"lazy\" decoding=\"async\" width=\"1024\" height=\"661\" src=\"https:\/\/i0.wp.com\/meuvalordigital.com.br\/wp-content\/uploads\/2023\/12\/Eu-Odeio-o-Natal-1024x661.jpg?resize=1024%2C661&#038;ssl=1\" alt=\"\" class=\"wp-image-34382\" srcset=\"https:\/\/meuvalordigital.com.br\/wp-content\/uploads\/2023\/12\/Eu-Odeio-o-Natal-1024x661.jpg 1024w, https:\/\/meuvalordigital.com.br\/wp-content\/uploads\/2023\/12\/Eu-Odeio-o-Natal-300x194.jpg 300w, https:\/\/meuvalordigital.com.br\/wp-content\/uploads\/2023\/12\/Eu-Odeio-o-Natal-768x495.jpg 768w, https:\/\/meuvalordigital.com.br\/wp-content\/uploads\/2023\/12\/Eu-Odeio-o-Natal-210x136.jpg 210w, https:\/\/meuvalordigital.com.br\/wp-content\/uploads\/2023\/12\/Eu-Odeio-o-Natal-150x97.jpg 150w, https:\/\/meuvalordigital.com.br\/wp-content\/uploads\/2023\/12\/Eu-Odeio-o-Natal.jpg 1240w\" sizes=\"auto, (max-width: 1024px) 100vw, 1024px\"\/><\/noscript><figcaption class=\"wp-element-caption\">Eu Odeio o Natal \/ Imagem de divulga\u00e7\u00e3o.<\/figcaption><\/figure>\n<p>Cansada das exig\u00eancias de sua fam\u00edlia, a solteirona Gianna (Pilar Fogliati) mente sobre ter um namorado e diz que ir\u00e1 lev\u00e1-lo para a festa de natal. Aflita, a mo\u00e7a tem apenas 24 dias para achar um homem interessante para come\u00e7ar um namoro de verdade.<\/p>\n<p>Embora seja uma trama natalina, a s\u00e9rie a aborda o fantasma da solteirice que assombra especialmente as mulheres, j\u00e1 que elas s\u00e3o mais cobradas pela sociedade.\u00a0<\/p>\n<p>A trama tem duas temporadas.<\/p>\n<h2 class=\"wp-block-heading\" id=\"h-a-batalha-de-natal-prime-video\">A Batalha de Natal \u2013 Prime Video<\/h2>\n<figure class=\"wp-block-image size-large\"><img data-recalc-dims=\"1\" loading=\"lazy\" decoding=\"async\" width=\"1024\" height=\"661\" alt=\"\" class=\"wp-image-34381\" srcset=\"https:\/\/meuvalordigital.com.br\/wp-content\/uploads\/2023\/12\/A-Batalha-de-Natal-1024x661.jpg 1024w, https:\/\/meuvalordigital.com.br\/wp-content\/uploads\/2023\/12\/A-Batalha-de-Natal-300x194.jpg 300w, https:\/\/meuvalordigital.com.br\/wp-content\/uploads\/2023\/12\/A-Batalha-de-Natal-768x495.jpg 768w, https:\/\/meuvalordigital.com.br\/wp-content\/uploads\/2023\/12\/A-Batalha-de-Natal-210x136.jpg 210w, https:\/\/meuvalordigital.com.br\/wp-content\/uploads\/2023\/12\/A-Batalha-de-Natal-150x97.jpg 150w, https:\/\/meuvalordigital.com.br\/wp-content\/uploads\/2023\/12\/A-Batalha-de-Natal.jpg 1240w\" data-lazy-sizes=\"(max-width: 1024px) 100vw, 1024px\" src=\"https:\/\/i0.wp.com\/meuvalordigital.com.br\/wp-content\/uploads\/2023\/12\/A-Batalha-de-Natal-1024x661.jpg?resize=1024%2C661&#038;ssl=1\"\/><noscript><img data-recalc-dims=\"1\" loading=\"lazy\" decoding=\"async\" width=\"1024\" height=\"661\" src=\"https:\/\/i0.wp.com\/meuvalordigital.com.br\/wp-content\/uploads\/2023\/12\/A-Batalha-de-Natal-1024x661.jpg?resize=1024%2C661&#038;ssl=1\" alt=\"\" class=\"wp-image-34381\" srcset=\"https:\/\/meuvalordigital.com.br\/wp-content\/uploads\/2023\/12\/A-Batalha-de-Natal-1024x661.jpg 1024w, https:\/\/meuvalordigital.com.br\/wp-content\/uploads\/2023\/12\/A-Batalha-de-Natal-300x194.jpg 300w, https:\/\/meuvalordigital.com.br\/wp-content\/uploads\/2023\/12\/A-Batalha-de-Natal-768x495.jpg 768w, https:\/\/meuvalordigital.com.br\/wp-content\/uploads\/2023\/12\/A-Batalha-de-Natal-210x136.jpg 210w, https:\/\/meuvalordigital.com.br\/wp-content\/uploads\/2023\/12\/A-Batalha-de-Natal-150x97.jpg 150w, https:\/\/meuvalordigital.com.br\/wp-content\/uploads\/2023\/12\/A-Batalha-de-Natal.jpg 1240w\" sizes=\"auto, (max-width: 1024px) 100vw, 1024px\"\/><\/noscript><figcaption class=\"wp-element-caption\">A Batalha de Natal \/ Imagem de divulga\u00e7\u00e3o.<\/figcaption><\/figure>\n<p>Eddie Murphy est\u00e1 de volta em uma aventura c\u00f4mica sobre um homem com a miss\u00e3o de vencer a competi\u00e7\u00e3o anual de decora\u00e7\u00e3o de Natal de seu bairro, mas fecha um acordo sem querer com uma duende maligna e traz os enfeites de Natal \u00e0 vida.<\/p>\n<p>Depois que Chris (Eddie Murphy) faz um acordo com uma elfo travessa chamada Pepper (Jillian Bell) para aumentar suas chances de vit\u00f3ria, ela lan\u00e7a um feiti\u00e7o que d\u00e1 vida aos 12 dias de Natal e causa estragos em toda a cidade.<\/p>\n<p>Correndo o risco de arruinar as f\u00e9rias de sua fam\u00edlia, Chris, sua esposa Carol (Tracee Ellis Ross) e seus tr\u00eas filhos devem correr contra o rel\u00f3gio para quebrar o feiti\u00e7o de Pepper, lutar contra personagens m\u00e1gicos e salvar o Natal para todos.\u201d<\/p>\n<h2 class=\"wp-block-heading\" id=\"h-um-chamado-natalino-disneyplus\">Um Chamado Natalino \u2013 DisneyPlus<\/h2>\n<figure class=\"wp-block-image size-large\"><img data-recalc-dims=\"1\" loading=\"lazy\" decoding=\"async\" width=\"1024\" height=\"661\" alt=\"\" class=\"wp-image-34380\" srcset=\"https:\/\/meuvalordigital.com.br\/wp-content\/uploads\/2023\/12\/Um-Chamado-Natalino-1024x661.jpg 1024w, https:\/\/meuvalordigital.com.br\/wp-content\/uploads\/2023\/12\/Um-Chamado-Natalino-300x194.jpg 300w, https:\/\/meuvalordigital.com.br\/wp-content\/uploads\/2023\/12\/Um-Chamado-Natalino-768x495.jpg 768w, https:\/\/meuvalordigital.com.br\/wp-content\/uploads\/2023\/12\/Um-Chamado-Natalino-210x136.jpg 210w, https:\/\/meuvalordigital.com.br\/wp-content\/uploads\/2023\/12\/Um-Chamado-Natalino-150x97.jpg 150w, https:\/\/meuvalordigital.com.br\/wp-content\/uploads\/2023\/12\/Um-Chamado-Natalino.jpg 1240w\" data-lazy-sizes=\"(max-width: 1024px) 100vw, 1024px\" src=\"https:\/\/i0.wp.com\/meuvalordigital.com.br\/wp-content\/uploads\/2023\/12\/Um-Chamado-Natalino-1024x661.jpg?resize=1024%2C661&#038;ssl=1\"\/><noscript><img data-recalc-dims=\"1\" loading=\"lazy\" decoding=\"async\" width=\"1024\" height=\"661\" src=\"https:\/\/i0.wp.com\/meuvalordigital.com.br\/wp-content\/uploads\/2023\/12\/Um-Chamado-Natalino-1024x661.jpg?resize=1024%2C661&#038;ssl=1\" alt=\"\" class=\"wp-image-34380\" srcset=\"https:\/\/meuvalordigital.com.br\/wp-content\/uploads\/2023\/12\/Um-Chamado-Natalino-1024x661.jpg 1024w, https:\/\/meuvalordigital.com.br\/wp-content\/uploads\/2023\/12\/Um-Chamado-Natalino-300x194.jpg 300w, https:\/\/meuvalordigital.com.br\/wp-content\/uploads\/2023\/12\/Um-Chamado-Natalino-768x495.jpg 768w, https:\/\/meuvalordigital.com.br\/wp-content\/uploads\/2023\/12\/Um-Chamado-Natalino-210x136.jpg 210w, https:\/\/meuvalordigital.com.br\/wp-content\/uploads\/2023\/12\/Um-Chamado-Natalino-150x97.jpg 150w, https:\/\/meuvalordigital.com.br\/wp-content\/uploads\/2023\/12\/Um-Chamado-Natalino.jpg 1240w\" sizes=\"auto, (max-width: 1024px) 100vw, 1024px\"\/><\/noscript><figcaption class=\"wp-element-caption\">Um Chamado Natalino \/ Imagem de divulga\u00e7\u00e3o.<\/figcaption><\/figure>\n<p>Um Chamado Natalino acompanha Eddie Garrick (Chris \u201cLudacris\u201d Bridges). Eddie \u00e9 um homem bondoso que, devido a um evento traum\u00e1tico de sua inf\u00e2ncia, se afastou do esp\u00edrito natalino. Em um determinado Natal, a pedido de sua esposa Allison Garrick (Teyonah Parris), da qual ele est\u00e1 separado, Eddie leva sua filha Charlotte, de nove anos, ao trabalho. \u00c9 neste contexto que eles cruzam com um homem misterioso vestido de vermelho, Nick (Lil Rel Howery).<\/p>\n<p>Leia tamb\u00e9m | <strong><a href=\"https:\/\/meuvalordigital.com.br\/as-series-que-os-adolescentes-assistiam-nos-anos-90\/\" target=\"_blank\" rel=\"noreferrer noopener\">As s\u00e9ries que os adolescentes assistiam nos anos 90<\/a><\/strong><\/p>\n<h2 class=\"wp-block-heading\" id=\"h-esqueceram-de-mim-disneyplus-nbsp-nbsp-nbsp\">Esqueceram de Mim \u2013 DisneyPlus\u00a0\u00a0\u00a0<\/h2>\n<figure class=\"wp-block-image size-large\"><img data-recalc-dims=\"1\" loading=\"lazy\" decoding=\"async\" width=\"1024\" height=\"660\" alt=\"\" class=\"wp-image-32563\" srcset=\"https:\/\/meuvalordigital.com.br\/wp-content\/uploads\/2023\/12\/Esqueceram-de-Mim-1990-1-1024x660.jpg 1024w, https:\/\/meuvalordigital.com.br\/wp-content\/uploads\/2023\/12\/Esqueceram-de-Mim-1990-1-300x193.jpg 300w, https:\/\/meuvalordigital.com.br\/wp-content\/uploads\/2023\/12\/Esqueceram-de-Mim-1990-1-768x495.jpg 768w, https:\/\/meuvalordigital.com.br\/wp-content\/uploads\/2023\/12\/Esqueceram-de-Mim-1990-1-210x136.jpg 210w, https:\/\/meuvalordigital.com.br\/wp-content\/uploads\/2023\/12\/Esqueceram-de-Mim-1990-1-150x97.jpg 150w, https:\/\/meuvalordigital.com.br\/wp-content\/uploads\/2023\/12\/Esqueceram-de-Mim-1990-1.jpg 1242w\" data-lazy-sizes=\"(max-width: 1024px) 100vw, 1024px\" src=\"https:\/\/i0.wp.com\/meuvalordigital.com.br\/wp-content\/uploads\/2023\/12\/Esqueceram-de-Mim-1990-1-1024x660.jpg?resize=1024%2C660&#038;ssl=1\"\/><noscript><img data-recalc-dims=\"1\" loading=\"lazy\" decoding=\"async\" width=\"1024\" height=\"660\" src=\"https:\/\/i0.wp.com\/meuvalordigital.com.br\/wp-content\/uploads\/2023\/12\/Esqueceram-de-Mim-1990-1-1024x660.jpg?resize=1024%2C660&#038;ssl=1\" alt=\"\" class=\"wp-image-32563\" srcset=\"https:\/\/meuvalordigital.com.br\/wp-content\/uploads\/2023\/12\/Esqueceram-de-Mim-1990-1-1024x660.jpg 1024w, https:\/\/meuvalordigital.com.br\/wp-content\/uploads\/2023\/12\/Esqueceram-de-Mim-1990-1-300x193.jpg 300w, https:\/\/meuvalordigital.com.br\/wp-content\/uploads\/2023\/12\/Esqueceram-de-Mim-1990-1-768x495.jpg 768w, https:\/\/meuvalordigital.com.br\/wp-content\/uploads\/2023\/12\/Esqueceram-de-Mim-1990-1-210x136.jpg 210w, https:\/\/meuvalordigital.com.br\/wp-content\/uploads\/2023\/12\/Esqueceram-de-Mim-1990-1-150x97.jpg 150w, https:\/\/meuvalordigital.com.br\/wp-content\/uploads\/2023\/12\/Esqueceram-de-Mim-1990-1.jpg 1242w\" sizes=\"auto, (max-width: 1024px) 100vw, 1024px\"\/><\/noscript><\/figure>\n<p>Esqueceram de Mim \u00e9 um cl\u00e1ssico que n\u00e3o pode faltar no Natal. Uma fam\u00edlia de Chicago planeja passar o Natal em Paris. Por\u00e9m, em meio \u00e0s confus\u00f5es da viagem, um dos filhos, Kevin (Macaulay Culkin), acaba esquecido em casa. O garoto de apenas oito anos \u00e9 obrigado a se virar sozinho e defender a casa de dois insistentes ladr\u00f5es.<\/p>\n<p>Para quem gosta de um bom filme ou s\u00e9rie na noite de Natal pode dar uma olhada nas nossas e dicas e se divertir enquanto esperam pelo Papai Noel!\u00a0<\/p>\n<\/div>\n<p><br \/>\n<br \/><a href=\"https:\/\/meuvalordigital.com.br\/veja-as-series-e-filmes-para-voce-assistir-no-natal\/\">Source link <\/a><\/p>\n<!-- CONTENT END 1 -->\n","protected":false},"excerpt":{"rendered":"<p>Estamos todos em ritmo de Natal. Muita gente est\u00e1 atr\u00e1s do presente perfeito. Tem aqueles que j\u00e1 compraram o presente bem antes. Em dias de&#8230;<\/p>\n","protected":false},"author":1,"featured_media":16928,"comment_status":"open","ping_status":"open","sticky":false,"template":"","format":"standard","meta":{"advanced_seo_description":"","jetpack_seo_html_title":"","jetpack_seo_noindex":false,"jetpack_post_was_ever_published":false,"_jetpack_newsletter_access":"","_jetpack_dont_email_post_to_subs":false,"_jetpack_newsletter_tier_id":0,"_jetpack_memberships_contains_paywalled_content":false,"_jetpack_memberships_contains_paid_content":false,"footnotes":"","jetpack_publicize_message":"","jetpack_publicize_feature_enabled":true,"jetpack_social_post_already_shared":true,"jetpack_social_options":{"image_generator_settings":{"template":"highway","default_image_id":0,"font":"","enabled":false},"version":2}},"categories":[7],"tags":[],"class_list":["post-16927","post","type-post","status-publish","format-standard","has-post-thumbnail","hentry","category-vagas-de-empregos-em-ribeirao-preto-regiao-brasil"],"jetpack_publicize_connections":[],"jetpack_featured_media_url":"https:\/\/i0.wp.com\/noticiasribeiraopreto.com.br\/wp-content\/uploads\/2023\/12\/A-Familia-Noel-3-1.jpg?fit=1240%2C800&ssl=1","jetpack-related-posts":[{"id":20313,"url":"https:\/\/noticiasribeiraopreto.com.br\/index.php\/2023\/12\/24\/mensagens-de-natal-para-voce-compartilhar-com-seus-amigos-e-amores\/","url_meta":{"origin":16927,"position":0},"title":"Mensagens de Natal para voc\u00ea compartilhar com seus amigos e amores!","author":"noticiasribeiraopreto.com.br","date":"24 de December de 2023","format":false,"excerpt":"O Natal \u00e9 um tempo de celebra\u00e7\u00e3o, gratid\u00e3o e amor. Aqui est\u00e3o algumas mensagens natalinas que voc\u00ea pode compartilhar com seus amigos e entes queridos para expressar seus sentimentos de carinho e uni\u00e3o durante este per\u00edodo festivo. Esp\u00edrito Natalino e Esperan\u00e7a A Magia do Natal Neste per\u00edodo encantador do ano,\u2026","rel":"","context":"In &quot;Vagas de Emprego em Ribeir\u00e3o Preto-SP&quot;","block_context":{"text":"Vagas de Emprego em Ribeir\u00e3o Preto-SP","link":"https:\/\/noticiasribeiraopreto.com.br\/index.php\/category\/empregos-classificados-vagas-trabalho\/vagas-de-empregos-em-ribeirao-preto-regiao-brasil\/"},"img":{"alt_text":"","src":"","width":0,"height":0},"classes":[]},{"id":13414,"url":"https:\/\/noticiasribeiraopreto.com.br\/index.php\/2023\/12\/10\/10-romances-de-natal-para-fugir-da-realidade-por-algumas-horas\/","url_meta":{"origin":16927,"position":1},"title":"10 romances de Natal para fugir da realidade por algumas horas","author":"noticiasribeiraopreto.com.br","date":"10 de December de 2023","format":false,"excerpt":"Cr\u00e9ditos: iStock\/FTiareConhe\u00e7a 10 romances para ver nos streamings neste Natal As ruas enfeitadas, as avenidas iluminadas e o bom velhinho espalhado para todo lado, \u00e9 dezembro! O m\u00eas mais aguardado do ano para os amantes do Natal chegou, e com ele os filmes mais encantadores, alegres e rom\u00e2nticos.\u00a0 Os longas\u2026","rel":"","context":"In &quot;Variedades&quot;","block_context":{"text":"Variedades","link":"https:\/\/noticiasribeiraopreto.com.br\/index.php\/category\/variedades\/"},"img":{"alt_text":"","src":"https:\/\/i0.wp.com\/noticiasribeiraopreto.com.br\/wp-content\/uploads\/2023\/12\/istock-1358418951.jpg?fit=1200%2C638&ssl=1&resize=350%2C200","width":350,"height":200,"srcset":"https:\/\/i0.wp.com\/noticiasribeiraopreto.com.br\/wp-content\/uploads\/2023\/12\/istock-1358418951.jpg?fit=1200%2C638&ssl=1&resize=350%2C200 1x, https:\/\/i0.wp.com\/noticiasribeiraopreto.com.br\/wp-content\/uploads\/2023\/12\/istock-1358418951.jpg?fit=1200%2C638&ssl=1&resize=525%2C300 1.5x, https:\/\/i0.wp.com\/noticiasribeiraopreto.com.br\/wp-content\/uploads\/2023\/12\/istock-1358418951.jpg?fit=1200%2C638&ssl=1&resize=700%2C400 2x, https:\/\/i0.wp.com\/noticiasribeiraopreto.com.br\/wp-content\/uploads\/2023\/12\/istock-1358418951.jpg?fit=1200%2C638&ssl=1&resize=1050%2C600 3x"},"classes":[]},{"id":20088,"url":"https:\/\/noticiasribeiraopreto.com.br\/index.php\/2023\/12\/24\/20-mensagens-de-natal-para-voce-mandar-no-whatsapp-meu-valor-digital\/","url_meta":{"origin":16927,"position":2},"title":"20 mensagens de natal para voc\u00ea mandar no WhatsApp &#8211; Meu Valor Digital","author":"noticiasribeiraopreto.com.br","date":"24 de December de 2023","format":false,"excerpt":"Hoje \u00e9 v\u00e9spera de Natal, uma noite cheia de expectativas e alegria. As ruas est\u00e3o iluminadas com luzes de Natal e todo mundo se prepara para celebrar. Nesta \u00e9poca, mandar mensagens de Natal pelo WhatsApp \u00e9 um jeito f\u00e1cil e carinhoso de mostrar \u00e0s pessoas que a gente se lembra\u2026","rel":"","context":"In &quot;Vagas de Emprego em Ribeir\u00e3o Preto-SP&quot;","block_context":{"text":"Vagas de Emprego em Ribeir\u00e3o Preto-SP","link":"https:\/\/noticiasribeiraopreto.com.br\/index.php\/category\/empregos-classificados-vagas-trabalho\/vagas-de-empregos-em-ribeirao-preto-regiao-brasil\/"},"img":{"alt_text":"","src":"https:\/\/i0.wp.com\/noticiasribeiraopreto.com.br\/wp-content\/uploads\/2023\/12\/Mensagens-de-Natal.jpg?fit=1200%2C773&ssl=1&resize=350%2C200","width":350,"height":200,"srcset":"https:\/\/i0.wp.com\/noticiasribeiraopreto.com.br\/wp-content\/uploads\/2023\/12\/Mensagens-de-Natal.jpg?fit=1200%2C773&ssl=1&resize=350%2C200 1x, https:\/\/i0.wp.com\/noticiasribeiraopreto.com.br\/wp-content\/uploads\/2023\/12\/Mensagens-de-Natal.jpg?fit=1200%2C773&ssl=1&resize=525%2C300 1.5x, https:\/\/i0.wp.com\/noticiasribeiraopreto.com.br\/wp-content\/uploads\/2023\/12\/Mensagens-de-Natal.jpg?fit=1200%2C773&ssl=1&resize=700%2C400 2x, https:\/\/i0.wp.com\/noticiasribeiraopreto.com.br\/wp-content\/uploads\/2023\/12\/Mensagens-de-Natal.jpg?fit=1200%2C773&ssl=1&resize=1050%2C600 3x"},"classes":[]},{"id":18682,"url":"https:\/\/noticiasribeiraopreto.com.br\/index.php\/2023\/12\/20\/10-filmes-para-ver-em-familia-no-dia-da-ceia-de-natal\/","url_meta":{"origin":16927,"position":3},"title":"10 filmes para ver em fam\u00edlia no dia da ceia de Natal","author":"noticiasribeiraopreto.com.br","date":"20 de December de 2023","format":false,"excerpt":"Cr\u00e9ditos: reprodu\u00e7\u00e3o\/NetflixFilmes de Natal para ver com a fam\u00edlia reunida O Natal est\u00e1 cada vez mais pr\u00f3ximo, e com ele a temporada de filmes natalinos que o p\u00fablico ama.\u00a0 As produ\u00e7\u00f5es natalinas s\u00e3o muito famosas e o padr\u00e3o dos filmes s\u00e3o bem semelhantes, ent\u00e3o por que s\u00e3o t\u00e3o assistidos? Com\u2026","rel":"","context":"In &quot;Variedades&quot;","block_context":{"text":"Variedades","link":"https:\/\/noticiasribeiraopreto.com.br\/index.php\/category\/variedades\/"},"img":{"alt_text":"","src":"https:\/\/i0.wp.com\/noticiasribeiraopreto.com.br\/wp-content\/uploads\/2023\/12\/screenshot-2023-12-20-003510-e1703043396297.png?fit=1200%2C638&ssl=1&resize=350%2C200","width":350,"height":200,"srcset":"https:\/\/i0.wp.com\/noticiasribeiraopreto.com.br\/wp-content\/uploads\/2023\/12\/screenshot-2023-12-20-003510-e1703043396297.png?fit=1200%2C638&ssl=1&resize=350%2C200 1x, https:\/\/i0.wp.com\/noticiasribeiraopreto.com.br\/wp-content\/uploads\/2023\/12\/screenshot-2023-12-20-003510-e1703043396297.png?fit=1200%2C638&ssl=1&resize=525%2C300 1.5x, https:\/\/i0.wp.com\/noticiasribeiraopreto.com.br\/wp-content\/uploads\/2023\/12\/screenshot-2023-12-20-003510-e1703043396297.png?fit=1200%2C638&ssl=1&resize=700%2C400 2x, https:\/\/i0.wp.com\/noticiasribeiraopreto.com.br\/wp-content\/uploads\/2023\/12\/screenshot-2023-12-20-003510-e1703043396297.png?fit=1200%2C638&ssl=1&resize=1050%2C600 3x"},"classes":[]},{"id":5115,"url":"https:\/\/noticiasribeiraopreto.com.br\/index.php\/2023\/11\/22\/5-filmes-para-assistir-hoje-na-netflix-e-entrar-no-clima-natalino\/","url_meta":{"origin":16927,"position":4},"title":"5 filmes para assistir hoje na Netflix e entrar no clima natalino","author":"noticiasribeiraopreto.com.br","date":"22 de November de 2023","format":false,"excerpt":"Cr\u00e9ditos: Divulga\u00e7\u00e3o\/Netflix Filmes de Natal para ver na Netflix Pois \u00e9\u2026 Falta pouco mais de um m\u00eas para o Natal e chegou a hora de entrar no clima. Todos os anos, a Netflix lan\u00e7a diversos filmes e s\u00e9ries com a tem\u00e1tica natalina e em 2023 n\u00e3o ser\u00e1 diferente. Os filmes\u2026","rel":"","context":"In &quot;Variedades&quot;","block_context":{"text":"Variedades","link":"https:\/\/noticiasribeiraopreto.com.br\/index.php\/category\/variedades\/"},"img":{"alt_text":"","src":"https:\/\/i0.wp.com\/noticiasribeiraopreto.com.br\/wp-content\/uploads\/2023\/11\/filme-natal.jpg?fit=1200%2C638&ssl=1&resize=350%2C200","width":350,"height":200,"srcset":"https:\/\/i0.wp.com\/noticiasribeiraopreto.com.br\/wp-content\/uploads\/2023\/11\/filme-natal.jpg?fit=1200%2C638&ssl=1&resize=350%2C200 1x, https:\/\/i0.wp.com\/noticiasribeiraopreto.com.br\/wp-content\/uploads\/2023\/11\/filme-natal.jpg?fit=1200%2C638&ssl=1&resize=525%2C300 1.5x, https:\/\/i0.wp.com\/noticiasribeiraopreto.com.br\/wp-content\/uploads\/2023\/11\/filme-natal.jpg?fit=1200%2C638&ssl=1&resize=700%2C400 2x, https:\/\/i0.wp.com\/noticiasribeiraopreto.com.br\/wp-content\/uploads\/2023\/11\/filme-natal.jpg?fit=1200%2C638&ssl=1&resize=1050%2C600 3x"},"classes":[]},{"id":18627,"url":"https:\/\/noticiasribeiraopreto.com.br\/index.php\/2023\/12\/20\/acompanhe-a-lista-dos-melhores-filmes-de-natal-para-assistir-ainda-no-finalzinho-de-2023\/","url_meta":{"origin":16927,"position":5},"title":"Acompanhe a lista dos melhores filmes de Natal para assistir ainda no finalzinho de 2023","author":"noticiasribeiraopreto.com.br","date":"20 de December de 2023","format":false,"excerpt":"Crian\u00e7ada de f\u00e9rias, casa cheia e n\u00e3o sabe o que assistir? Acompanhe a lista de filmes de natal que encanta a todas as idades. Prepara a pipoca, re\u00fana todo mundo e se acomode no sof\u00e1. \u00c9 hora de ver filme.A primeira dica fica com o cl\u00e1ssico O Grinch, (Jim Carrey)\u2026","rel":"","context":"In &quot;Blog&quot;","block_context":{"text":"Blog","link":"https:\/\/noticiasribeiraopreto.com.br\/index.php\/category\/blog\/"},"img":{"alt_text":"","src":"https:\/\/i0.wp.com\/noticiasribeiraopreto.com.br\/wp-content\/uploads\/2023\/12\/postimg-658359b8eb91e8713.jpg?fit=1200%2C628&ssl=1&resize=350%2C200","width":350,"height":200,"srcset":"https:\/\/i0.wp.com\/noticiasribeiraopreto.com.br\/wp-content\/uploads\/2023\/12\/postimg-658359b8eb91e8713.jpg?fit=1200%2C628&ssl=1&resize=350%2C200 1x, https:\/\/i0.wp.com\/noticiasribeiraopreto.com.br\/wp-content\/uploads\/2023\/12\/postimg-658359b8eb91e8713.jpg?fit=1200%2C628&ssl=1&resize=525%2C300 1.5x, https:\/\/i0.wp.com\/noticiasribeiraopreto.com.br\/wp-content\/uploads\/2023\/12\/postimg-658359b8eb91e8713.jpg?fit=1200%2C628&ssl=1&resize=700%2C400 2x, https:\/\/i0.wp.com\/noticiasribeiraopreto.com.br\/wp-content\/uploads\/2023\/12\/postimg-658359b8eb91e8713.jpg?fit=1200%2C628&ssl=1&resize=1050%2C600 3x"},"classes":[]}],"jetpack_sharing_enabled":true,"jetpack_shortlink":"https:\/\/wp.me\/peQAOb-4p1","_links":{"self":[{"href":"https:\/\/noticiasribeiraopreto.com.br\/index.php\/wp-json\/wp\/v2\/posts\/16927","targetHints":{"allow":["GET"]}}],"collection":[{"href":"https:\/\/noticiasribeiraopreto.com.br\/index.php\/wp-json\/wp\/v2\/posts"}],"about":[{"href":"https:\/\/noticiasribeiraopreto.com.br\/index.php\/wp-json\/wp\/v2\/types\/post"}],"author":[{"embeddable":true,"href":"https:\/\/noticiasribeiraopreto.com.br\/index.php\/wp-json\/wp\/v2\/users\/1"}],"replies":[{"embeddable":true,"href":"https:\/\/noticiasribeiraopreto.com.br\/index.php\/wp-json\/wp\/v2\/comments?post=16927"}],"version-history":[{"count":0,"href":"https:\/\/noticiasribeiraopreto.com.br\/index.php\/wp-json\/wp\/v2\/posts\/16927\/revisions"}],"wp:featuredmedia":[{"embeddable":true,"href":"https:\/\/noticiasribeiraopreto.com.br\/index.php\/wp-json\/wp\/v2\/media\/16928"}],"wp:attachment":[{"href":"https:\/\/noticiasribeiraopreto.com.br\/index.php\/wp-json\/wp\/v2\/media?parent=16927"}],"wp:term":[{"taxonomy":"category","embeddable":true,"href":"https:\/\/noticiasribeiraopreto.com.br\/index.php\/wp-json\/wp\/v2\/categories?post=16927"},{"taxonomy":"post_tag","embeddable":true,"href":"https:\/\/noticiasribeiraopreto.com.br\/index.php\/wp-json\/wp\/v2\/tags?post=16927"}],"curies":[{"name":"wp","href":"https:\/\/api.w.org\/{rel}","templated":true}]}}