{"id":16935,"date":"2023-12-16T22:49:36","date_gmt":"2023-12-17T01:49:36","guid":{"rendered":"https:\/\/noticiasribeiraopreto.com.br\/index.php\/2023\/12\/16\/pib-per-capita-de-rp-e-o-753o-do-ranking\/"},"modified":"2023-12-16T22:49:36","modified_gmt":"2023-12-17T01:49:36","slug":"pib-per-capita-de-rp-e-o-753o-do-ranking","status":"publish","type":"post","link":"https:\/\/noticiasribeiraopreto.com.br\/index.php\/2023\/12\/16\/pib-per-capita-de-rp-e-o-753o-do-ranking\/","title":{"rendered":"PIB per capita de RP \u00e9 o 753\u00ba do ranking\u00a0"},"content":{"rendered":"<div class='code-block code-block-1' style='margin: 8px 0 8px auto; text-align: right; display: block; clear: both;'>\n<p><a href=\"https:\/\/wa.link\/vpicfd\"><img data-recalc-dims=\"1\" class=\"wp-image-4922\" style=\"aspect-ratio: 2.0253164556962027; width: 561px; height: auto;\" src=\"https:\/\/i0.wp.com\/ismaelcolosi.com.br\/wp-content\/uploads\/2023\/11\/grupo-de-empregos-whatsapp-e-facebook-ismael-colosi-vagas.jpg?ssl=1\" alt=\"\" \/><\/a><\/p>\n<!-- \/wp:image -->\n<\/div>\n<p> <br \/>\n<\/p>\n<div>\n<p><span data-contrast=\"none\">A pesquisa \u201c<\/span><span data-contrast=\"none\">Produto Interno Bruto \u2013 PIB dos Munic\u00edpios 2021<\/span><span data-contrast=\"none\">\u201d, divulgada pelo Instituto Brasileiro de Geografia e Estat\u00edstica (IBGE) nesta sexta-feira, 15 de dezembro, mostra que Ribeir\u00e3o Preto perdeu 146 posi\u00e7\u00f5es no ranking do PIB per capita \u2013 divis\u00e3o da produ\u00e7\u00e3o local pelo n\u00famero de habitantes.<\/span><span data-ccp-props=\"{&quot;201341983&quot;:0,&quot;335559739&quot;:200,&quot;335559740&quot;:276}\">\u00a0<\/span><\/p>\n<p><span data-contrast=\"none\">Recuou do 607\u00ba lugar em 2020 para o 753\u00ba no ano seguinte. Ribeir\u00e3o Preto detinha o 296\u00ba maior PIB per capita em 2017, o 414\u00ba em 2016 e era a 403\u00aa em 2015. Em 2018 era o 419\u00ba. Na passagem de 2019 <\/span><span data-contrast=\"auto\">\u2013 quando era o 438\u00ba \u2013<\/span><span data-contrast=\"none\"> para 2020, perdeu 169 posi\u00e7\u00f5es. <\/span><\/p>\n<p><span data-contrast=\"none\">Entretanto, o valor anual de produ\u00e7\u00e3o por habitante na cidade disparou 12,14% na passagem de 2020 para 2021, de R$ 49.476,86 para R$ 55.484,91. S\u00e3o R$ 6.008,05 a mais. O PIB per capita de Ribeir\u00e3o Preto era 31,33% superior ao nacional, de R$ 42.247,52. S\u00e3o R$ 13.237,39 a mais<\/span><\/p>\n<p><span data-contrast=\"none\">Havia recuado 1,6% no ano anterior <\/span><span data-contrast=\"auto\">\u2013 era de <\/span><span data-contrast=\"none\">R$ 50.270,98 em 2019, corte de R$ 794,12. Era de R$ 49.425,29 em 2018. Era de R$ 51.759,84 em 2017, de R$ 44.463,80 em 2016 e, em 2015, o PIB per capita da cidade estava em R$ 41.736,07. <\/span><span data-contrast=\"none\">Em 2014, cada trabalhador da cidade recebia, em m\u00e9dia, <\/span><span data-contrast=\"none\">R$ 42.682,19 por ano.<\/span><\/p>\n<p><span data-contrast=\"none\">O valor de 2021 equivale a 50 sal\u00e1rios m\u00ednimos da \u00e9poca (R$ 1.100. Em 202, eram 47 (o piso nacional era de R$ 1.045). Em 2019, quando o piso era de R$ 998, tamb\u00e9m, correspondia a 50. Considerando o valor atual de R$ 1.320, seriam cerca de 42. <\/span><\/p>\n<p><span data-contrast=\"auto\">Em 2021, o munic\u00edpio de Catas Altas, no Estado de Minas Gerais, registrou o maior PIB per capita do pa\u00eds: R$ 920.833,97, puxado pela extra\u00e7\u00e3o de min\u00e9rio de ferro. S\u00e3o R$ 865.349,06 acima do ribeir\u00e3o-pretano, varia\u00e7\u00e3o de aproximadamente 1.560%<\/span><\/p>\n<p><span data-contrast=\"auto\">No mesmo ano, o PIB per capita brasileiro foi de R$ 42.247,52, alta de 17,56% e R$ 6.311,78 a mais que os <\/span><span data-contrast=\"none\">R$ 35.935,74 de 2020 <\/span><span data-contrast=\"auto\">\u2013 em 2019 era de <\/span><span data-contrast=\"none\">R$ 35.161,70<\/span><span data-contrast=\"none\">. No segundo lugar do ranking de maior PIB per capita ficou Cana\u00e3 dos Caraj\u00e1s, no Par\u00e1, seguido por S\u00e3o Gon\u00e7alo do Rio Abaixo (MG) e Itatiaiu\u00e7u (MG).<\/span><\/p>\n<p><span data-contrast=\"none\">A lista ainda traz Presidente Kennedy (ES), Concei\u00e7\u00e3o do Mato Dentro (MG), Maric\u00e1 (RJ), Saquarema (RJ), Paul\u00ednia (SP) e Campos de J\u00falio (MT). <\/span><span data-contrast=\"auto\">No extremo oposto, tr\u00eas munic\u00edpios maranhenses tinham os menores PIB per capita em 2021: Santana do Maranh\u00e3o (MA), com R$5 407,66; Primeira Cruz (MA), com R$ 5.732,25; e Mat\u00f5es do Norte (MA), com R$ 5.737,04.<\/span><\/p>\n<p><b><span data-contrast=\"none\">PIB da ind\u00fastria dispara <\/span><\/b><b><span data-contrast=\"auto\">\u2013 <\/span><\/b><span data-contrast=\"none\">Os dados por segmentos mostram que a ind\u00fastria de Ribeir\u00e3o Preto contribuiu com R$ 5,37 bilh\u00f5es (R$ 5.374.499.000) em 2021, com participa\u00e7\u00e3o na produ\u00e7\u00e3o nacional de 0,27% \u2013 era de 0,26% no estudo anterior e de 0,27% em 2019. O valor \u00e9 38,48% superior aos R$ 3,88 bilh\u00f5es (R$ 3.881.064.000) de 2020, aporte de R$ 1,49 bilh\u00e3o (R$ 1.493.435.000). Ocupava o 67\u00ba lugar no ranking nacional.<\/span><\/p>\n<p><span data-contrast=\"none\">J\u00e1 o setor de servi\u00e7os segue sendo o mais forte de Ribeir\u00e3o Preto, com valor estimado em R$ 26,67 bilh\u00f5es (R$ 26.672.939.000), contra R$ 24,62 em 2020 (R$ 24.629.556.000). A alta chega a 8,30%, com ganho de R$ 2,04 bilh\u00f5es (R$ 2.043.383.000). A participa\u00e7\u00e3o na riqueza nacional era de 0,68%, contra 0,70% do per\u00edodo anterior e de 2019, ante 0,71% de 2018. Ocupava o 18\u00ba lugar no ranking nacional.<\/span><\/p>\n<p><span data-contrast=\"none\">O PIB do setor de administra\u00e7\u00e3o, defesa, educa\u00e7\u00e3o, a sa\u00fade p\u00fablica e seguridade social de Ribeir\u00e3o Preto, em 2021, somava R$ 2,86 bilh\u00f5es (R$ 2.865.374.000), contra R$ 2,78 bilh\u00f5es (R$ 2.781.753.000) do per\u00edodo anterior, alta de 3% e R$ 83,62 milh\u00f5es a mais (R$ 83.621.000) A participa\u00e7\u00e3o do setor no PIB nacional foi de 0,24%, a mesma do per\u00edodo anterior. Em 2019 era de 0,27%. Ocupava o 42\u00ba lugar no ranking nacional.<\/span><\/p>\n<p><span data-contrast=\"none\">O PIB da agropecu\u00e1ria gerou R$ 120,3 milh\u00f5es (R$ 120.324.000), contra <\/span><br \/><span data-contrast=\"none\">R$ 131,4 milh\u00f5es (R$ 131.403.000) do per\u00edodo anterior, queda de 8,43% e R$ 11.079.000 a menos. A participa\u00e7\u00e3o no PIB do agro nacional era de apenas 0,02% em 2021, contra 0,03% de 2020 e de 0,28% em 2019. Ocupava o 1.291\u00ba lugar no ranking nacional.<\/span><\/p>\n<p><b><span data-contrast=\"none\">A riqueza na<\/span><\/b>\u00a0<b><span data-contrast=\"none\">cidade de RP<\/span><\/b><br \/><b><span data-contrast=\"none\">PIB de 2021<\/span><\/b><br \/><b><span data-contrast=\"none\">Valor: R$ 39,95 bilh\u00f5es<\/span><\/b><br \/><span data-contrast=\"none\">(<\/span><b><span data-contrast=\"none\">R$ 39.955.572.000)<\/span><\/b><br \/><span data-contrast=\"none\">Ranking nacional: 29\u00ba <\/span><br \/><span data-contrast=\"none\">Participa\u00e7\u00e3o: 0,44%<\/span><br \/><span data-contrast=\"none\">Ranking estadual: 11\u00ba<\/span><br \/><span data-contrast=\"none\">PIB per capita: R$ 55.484,91<\/span><br \/><span data-contrast=\"none\">Ranking nacional: 753\u00ba<\/span><br \/><span data-contrast=\"none\">PIB da ind\u00fastria: R$ 5,37 <\/span><span data-contrast=\"none\">bilh\u00f5es (R$ 5.374.499.000)<\/span><br \/><span data-contrast=\"none\">Participa\u00e7\u00e3o: 027%<\/span><br \/><span data-contrast=\"none\">PIB de servi\u00e7os: <\/span><span data-contrast=\"none\">R$ 26,67 <\/span><span data-contrast=\"none\">bilh\u00f5es (R$ 26.672.939.000),<\/span><br \/><span data-contrast=\"none\">Participa\u00e7\u00e3o: 0,68%<\/span><br \/><span data-contrast=\"none\">PIB da administra\u00e7\u00e3o: R$ 2,86 <\/span><span data-contrast=\"none\">bilh\u00f5es (R$ 2.865.374.000)<\/span><br \/><span data-contrast=\"none\">Participa\u00e7\u00e3o: 0,24%<\/span><br \/><span data-contrast=\"none\">PIB da agropecu\u00e1ria: R$ 120,3 <\/span><span data-contrast=\"none\">milh\u00f5es (R$ 120.324.000)<\/span><br \/><span data-contrast=\"none\">Participa\u00e7\u00e3o: 0,02% <\/span><br \/><b><span data-contrast=\"none\">PIB de 2020<\/span><\/b><br \/><b><span data-contrast=\"none\">Valor: R$ 35,21 bilh\u00f5es<\/span><\/b><br \/><b><span data-contrast=\"none\">(R$ <\/span><\/b><b><span data-contrast=\"none\">R$ 35.218.869.000)<\/span><\/b><br \/><span data-contrast=\"none\">Ranking nacional: 27\u00ba <\/span><br \/><span data-contrast=\"none\">Participa\u00e7\u00e3o: 0,46%<\/span><br \/><span data-contrast=\"none\">Ranking estadual: 11\u00ba<\/span><br \/><span data-contrast=\"none\">PIB per capita: R$ 49.476,86<\/span><br \/><span data-contrast=\"none\">Ranking nacional: 607\u00ba<\/span><br \/><span data-contrast=\"none\">PIB da ind\u00fastria: R$ 3,88 bilh\u00f5es <\/span><span data-contrast=\"none\">(R$ 3.881.064.000)<\/span><br \/><span data-contrast=\"none\">Participa\u00e7\u00e3o: 026%<\/span><br \/><span data-contrast=\"none\">PIB de servi\u00e7os: <\/span><span data-contrast=\"none\">R$ 24,62 bilh\u00f5es<\/span> <span data-contrast=\"none\">(R$ 24.629.556.000)<\/span><br \/><span data-contrast=\"none\">Participa\u00e7\u00e3o: 0,70%<\/span><br \/><span data-contrast=\"none\">PIB da agropecu\u00e1ria: R$ 131,4 milh\u00f5es <\/span><span data-contrast=\"none\">(R$ 131.403.000),<\/span><br \/><span data-contrast=\"none\">Participa\u00e7\u00e3o: 0,03% <\/span><br \/><span data-contrast=\"none\">PIB da administra\u00e7\u00e3o: R$ 2,78 bilh\u00f5es <\/span><span data-contrast=\"none\">(R$ 2.781.753.000)<\/span><br \/><span data-contrast=\"none\">Participa\u00e7\u00e3o: 0,24%<\/span><br \/><b><span data-contrast=\"none\">Fonte:<\/span><\/b><span data-contrast=\"none\"> Instituto Brasileiro de Geografia e Estat\u00edstica (IBGE)<\/span><span data-ccp-props=\"{&quot;201341983&quot;:0,&quot;335559739&quot;:200,&quot;335559740&quot;:276}\">\u00a0<\/span><\/p>\n<p><span data-ccp-props=\"{&quot;201341983&quot;:0,&quot;335559739&quot;:200,&quot;335559740&quot;:276}\">\u00a0<\/span><\/p>\n<\/div>\n<p><br \/>\n<br \/><a href=\"https:\/\/www.tribunaribeirao.com.br\/site\/pib-per-capita-de-rp-e-o-753o-do-ranking\/\">Source link <\/a><\/p>\n<!-- CONTENT END 1 -->\n","protected":false},"excerpt":{"rendered":"<p>A pesquisa \u201cProduto Interno Bruto \u2013 PIB dos Munic\u00edpios 2021\u201d, divulgada pelo Instituto Brasileiro de Geografia e Estat\u00edstica (IBGE) nesta sexta-feira, 15 de dezembro, mostra&#8230;<\/p>\n","protected":false},"author":1,"featured_media":16936,"comment_status":"open","ping_status":"open","sticky":false,"template":"","format":"standard","meta":{"advanced_seo_description":"","jetpack_seo_html_title":"","jetpack_seo_noindex":false,"jetpack_post_was_ever_published":false,"_jetpack_newsletter_access":"","_jetpack_dont_email_post_to_subs":false,"_jetpack_newsletter_tier_id":0,"_jetpack_memberships_contains_paywalled_content":false,"_jetpack_memberships_contains_paid_content":false,"footnotes":"","jetpack_publicize_message":"","jetpack_publicize_feature_enabled":true,"jetpack_social_post_already_shared":true,"jetpack_social_options":{"image_generator_settings":{"template":"highway","default_image_id":0,"font":"","enabled":false},"version":2}},"categories":[11],"tags":[2291,2290,2289,1703],"class_list":["post-16935","post","type-post","status-publish","format-standard","has-post-thumbnail","hentry","category-noticias-de-ribeirao-preto-sp-e-regiao-ismael-colosi","tag-753o","tag-capita","tag-pib","tag-ranking"],"jetpack_publicize_connections":[],"jetpack_featured_media_url":"https:\/\/i0.wp.com\/noticiasribeiraopreto.com.br\/wp-content\/uploads\/2023\/12\/RiberPIB-Box-JF-Pimenta-Arquivo-scaled.jpg?fit=1000%2C521&ssl=1","jetpack-related-posts":[{"id":80980,"url":"https:\/\/noticiasribeiraopreto.com.br\/index.php\/2025\/12\/19\/pib-de-ribeirao-preto-e-o-26o-do-pais-gaviao-peixoto-se-destaca-na-regiao\/","url_meta":{"origin":16935,"position":0},"title":"PIB de Ribeir\u00e3o Preto \u00e9 o 26\u00ba do pa\u00eds; Gavi\u00e3o Peixoto se destaca na regi\u00e3o","author":"noticiasribeiraopreto.com.br","date":"19 de December de 2025","format":false,"excerpt":"A pesquisa \u201cProduto Interno Bruto \u2013 PIB dos Munic\u00edpios 2022-2023\u201d, divulgada pelo Instituto Brasileiro de Geografia e Estat\u00edstica (IBGE) nesta sexta-feira, 19 de dezembro, mostra que Ribeir\u00e3o Preto galgou tr\u00eas posi\u00e7\u00f5es no ranking nacional da produ\u00e7\u00e3o de riquezas e saltou da 29\u00aa coloca\u00e7\u00e3o em 2022 para a 26\u00aa em 2023.\u2026","rel":"","context":"In &quot;Not\u00edcias de Ribeir\u00e3o Preto-SP e Regi\u00e3o&quot;","block_context":{"text":"Not\u00edcias de Ribeir\u00e3o Preto-SP e Regi\u00e3o","link":"https:\/\/noticiasribeiraopreto.com.br\/index.php\/category\/noticias-de-ribeirao-preto-sp-e-regiao-ismael-colosi\/"},"img":{"alt_text":"","src":"https:\/\/i0.wp.com\/noticiasribeiraopreto.com.br\/wp-content\/uploads\/2025\/12\/TributoRP-Alfredo-Risk-scaled.jpg?fit=1200%2C675&ssl=1&resize=350%2C200","width":350,"height":200,"srcset":"https:\/\/i0.wp.com\/noticiasribeiraopreto.com.br\/wp-content\/uploads\/2025\/12\/TributoRP-Alfredo-Risk-scaled.jpg?fit=1200%2C675&ssl=1&resize=350%2C200 1x, https:\/\/i0.wp.com\/noticiasribeiraopreto.com.br\/wp-content\/uploads\/2025\/12\/TributoRP-Alfredo-Risk-scaled.jpg?fit=1200%2C675&ssl=1&resize=525%2C300 1.5x, https:\/\/i0.wp.com\/noticiasribeiraopreto.com.br\/wp-content\/uploads\/2025\/12\/TributoRP-Alfredo-Risk-scaled.jpg?fit=1200%2C675&ssl=1&resize=700%2C400 2x, https:\/\/i0.wp.com\/noticiasribeiraopreto.com.br\/wp-content\/uploads\/2025\/12\/TributoRP-Alfredo-Risk-scaled.jpg?fit=1200%2C675&ssl=1&resize=1050%2C600 3x"},"classes":[]},{"id":72924,"url":"https:\/\/noticiasribeiraopreto.com.br\/index.php\/2025\/06\/23\/consumo-deve-crescer-4-em-rp\/","url_meta":{"origin":16935,"position":1},"title":"Consumo deve crescer 4% em RP","author":"noticiasribeiraopreto.com.br","date":"23 de June de 2025","format":false,"excerpt":"Potencial de consumo da cidade at\u00e9 31 de dezembro \u00e9 de R$ 39.331.235.782, crescimento de 4,00% em rela\u00e7\u00e3o aos R$ 37.818.718.369 do ano passado Ribeir\u00e3o Preto ser\u00e1 respons\u00e1vel por aproximadamente 0,48% dos gastos dos brasileiros neste ano, segundo a pesquisa IPC Maps 2024, da IPC Marketing Editora, divulgada nesta semana.\u2026","rel":"","context":"In &quot;Not\u00edcias de Ribeir\u00e3o Preto-SP e Regi\u00e3o&quot;","block_context":{"text":"Not\u00edcias de Ribeir\u00e3o Preto-SP e Regi\u00e3o","link":"https:\/\/noticiasribeiraopreto.com.br\/index.php\/category\/noticias-de-ribeirao-preto-sp-e-regiao-ismael-colosi\/"},"img":{"alt_text":"","src":"https:\/\/i0.wp.com\/noticiasribeiraopreto.com.br\/wp-content\/uploads\/2025\/06\/Consumo-Alfredo-Risk-scaled.jpg?fit=800%2C450&ssl=1&resize=350%2C200","width":350,"height":200,"srcset":"https:\/\/i0.wp.com\/noticiasribeiraopreto.com.br\/wp-content\/uploads\/2025\/06\/Consumo-Alfredo-Risk-scaled.jpg?fit=800%2C450&ssl=1&resize=350%2C200 1x, https:\/\/i0.wp.com\/noticiasribeiraopreto.com.br\/wp-content\/uploads\/2025\/06\/Consumo-Alfredo-Risk-scaled.jpg?fit=800%2C450&ssl=1&resize=525%2C300 1.5x, https:\/\/i0.wp.com\/noticiasribeiraopreto.com.br\/wp-content\/uploads\/2025\/06\/Consumo-Alfredo-Risk-scaled.jpg?fit=800%2C450&ssl=1&resize=700%2C400 2x"},"classes":[]},{"id":16337,"url":"https:\/\/noticiasribeiraopreto.com.br\/index.php\/2023\/12\/15\/ribeirao-preto-e-a-29a-cidade-mais-rica-do-brasil-veja-o-ranking\/","url_meta":{"origin":16935,"position":2},"title":"Ribeir\u00e3o Preto \u00e9 a 29\u00aa cidade mais rica do Brasil; Veja o ranking","author":"noticiasribeiraopreto.com.br","date":"15 de December de 2023","format":false,"excerpt":"O IBGE (Instituto Brasileiro de Geografia e Estat\u00edstica) divulgou nesta sexta-feira (15) o PIB (Produto Interno Bruto) dos munic\u00edpios referente a 2021. E, Ribeir\u00e3o Preto, ap\u00f3s apresentar queda no levantamento anterior, voltou ter aumento na produ\u00e7\u00e3o de riquezas, e aparece na 29\u00aa coloca\u00e7\u00e3o entre as cidades mais ricas do Brasil.\u2026","rel":"","context":"In &quot;Not\u00edcias de Ribeir\u00e3o Preto-SP e Regi\u00e3o&quot;","block_context":{"text":"Not\u00edcias de Ribeir\u00e3o Preto-SP e Regi\u00e3o","link":"https:\/\/noticiasribeiraopreto.com.br\/index.php\/category\/noticias-de-ribeirao-preto-sp-e-regiao-ismael-colosi\/"},"img":{"alt_text":"","src":"https:\/\/i0.wp.com\/noticiasribeiraopreto.com.br\/wp-content\/uploads\/2023\/12\/ribeirao-preto.jpg?fit=1200%2C800&ssl=1&resize=350%2C200","width":350,"height":200,"srcset":"https:\/\/i0.wp.com\/noticiasribeiraopreto.com.br\/wp-content\/uploads\/2023\/12\/ribeirao-preto.jpg?fit=1200%2C800&ssl=1&resize=350%2C200 1x, https:\/\/i0.wp.com\/noticiasribeiraopreto.com.br\/wp-content\/uploads\/2023\/12\/ribeirao-preto.jpg?fit=1200%2C800&ssl=1&resize=525%2C300 1.5x, https:\/\/i0.wp.com\/noticiasribeiraopreto.com.br\/wp-content\/uploads\/2023\/12\/ribeirao-preto.jpg?fit=1200%2C800&ssl=1&resize=700%2C400 2x, https:\/\/i0.wp.com\/noticiasribeiraopreto.com.br\/wp-content\/uploads\/2023\/12\/ribeirao-preto.jpg?fit=1200%2C800&ssl=1&resize=1050%2C600 3x"},"classes":[]},{"id":40112,"url":"https:\/\/noticiasribeiraopreto.com.br\/index.php\/2024\/03\/01\/producao-de-chocolate-cresceu-6-em-2023-consumo-subiu-para-39-kg-per-capita\/","url_meta":{"origin":16935,"position":3},"title":"Produ\u00e7\u00e3o de chocolate cresceu 6% em 2023; consumo subiu para 3,9 kg per capita","author":"noticiasribeiraopreto.com.br","date":"1 de March de 2024","format":false,"excerpt":"1 de mar\u00e7o de 2024 | 8:3029 de fevereiro de 2024 | 15:22 0O Brasil produziu e consumiu mais chocolates no ano passado Segundo levantamento in\u00e9dito da Associa\u00e7\u00e3o Brasileira da Ind\u00fastria de Chocolates, Amendoim e Balas (Abicab), o Pa\u00eds teve um crescimento de 6% na produ\u00e7\u00e3o de chocolates em 2023\u2026","rel":"","context":"In &quot;Not\u00edcias de Ribeir\u00e3o Preto-SP e Regi\u00e3o&quot;","block_context":{"text":"Not\u00edcias de Ribeir\u00e3o Preto-SP e Regi\u00e3o","link":"https:\/\/noticiasribeiraopreto.com.br\/index.php\/category\/noticias-de-ribeirao-preto-sp-e-regiao-ismael-colosi\/"},"img":{"alt_text":"","src":"https:\/\/i0.wp.com\/noticiasribeiraopreto.com.br\/wp-content\/uploads\/2024\/03\/61b1697d466cd.jpg?fit=708%2C476&ssl=1&resize=350%2C200","width":350,"height":200,"srcset":"https:\/\/i0.wp.com\/noticiasribeiraopreto.com.br\/wp-content\/uploads\/2024\/03\/61b1697d466cd.jpg?fit=708%2C476&ssl=1&resize=350%2C200 1x, https:\/\/i0.wp.com\/noticiasribeiraopreto.com.br\/wp-content\/uploads\/2024\/03\/61b1697d466cd.jpg?fit=708%2C476&ssl=1&resize=525%2C300 1.5x, https:\/\/i0.wp.com\/noticiasribeiraopreto.com.br\/wp-content\/uploads\/2024\/03\/61b1697d466cd.jpg?fit=708%2C476&ssl=1&resize=700%2C400 2x"},"classes":[]},{"id":72422,"url":"https:\/\/noticiasribeiraopreto.com.br\/index.php\/2025\/06\/17\/camara-custa-r-7021-por-habitante\/","url_meta":{"origin":16935,"position":4},"title":"C\u00e2mara custa R$ 70,21 por habitante","author":"noticiasribeiraopreto.com.br","date":"17 de June de 2025","format":false,"excerpt":"Valor \u00e9 referente ao ano passado; despesa total passa de R$ 51 milh\u00f5es, segundo o Tribunal de Contas do Estado O custo per capta da C\u00e2mara de Vereadores de Ribeir\u00e3o Preto, entre janeiro e dezembro do ano passado, foi de R$ 70,21, segundo levantamento divulgado nesta segunda-feira, 16 de junho,\u2026","rel":"","context":"In &quot;Not\u00edcias de Ribeir\u00e3o Preto-SP e Regi\u00e3o&quot;","block_context":{"text":"Not\u00edcias de Ribeir\u00e3o Preto-SP e Regi\u00e3o","link":"https:\/\/noticiasribeiraopreto.com.br\/index.php\/category\/noticias-de-ribeirao-preto-sp-e-regiao-ismael-colosi\/"},"img":{"alt_text":"","src":"https:\/\/i0.wp.com\/noticiasribeiraopreto.com.br\/wp-content\/uploads\/2025\/06\/CamaraTCE-Alfredo-Risk-scaled.jpg?fit=750%2C500&ssl=1&resize=350%2C200","width":350,"height":200,"srcset":"https:\/\/i0.wp.com\/noticiasribeiraopreto.com.br\/wp-content\/uploads\/2025\/06\/CamaraTCE-Alfredo-Risk-scaled.jpg?fit=750%2C500&ssl=1&resize=350%2C200 1x, https:\/\/i0.wp.com\/noticiasribeiraopreto.com.br\/wp-content\/uploads\/2025\/06\/CamaraTCE-Alfredo-Risk-scaled.jpg?fit=750%2C500&ssl=1&resize=525%2C300 1.5x, https:\/\/i0.wp.com\/noticiasribeiraopreto.com.br\/wp-content\/uploads\/2025\/06\/CamaraTCE-Alfredo-Risk-scaled.jpg?fit=750%2C500&ssl=1&resize=700%2C400 2x"},"classes":[]},{"id":67017,"url":"https:\/\/noticiasribeiraopreto.com.br\/index.php\/2025\/04\/08\/pib-da-regiao-de-ribeirao-preto-cresce-51-veja-ranking\/","url_meta":{"origin":16935,"position":5},"title":"PIB da regi\u00e3o de Ribeir\u00e3o Preto cresce 5,1%; Veja ranking","author":"noticiasribeiraopreto.com.br","date":"8 de April de 2025","format":false,"excerpt":"O PIB (Produto Interno Bruto) da regi\u00e3o de Ribeir\u00e3o Preto, composta por 25 munic\u00edpios, cresceu 5,1% no comparativo do acumulado de 2024 com o ano anterior, de acordo com levantamento da Funda\u00e7\u00e3o Seade. Em valores correntes, o total acumulado no ano passado foi de R$ 90,9 bilh\u00f5es, frente a R$\u2026","rel":"","context":"In &quot;Not\u00edcias de Ribeir\u00e3o Preto-SP e Regi\u00e3o&quot;","block_context":{"text":"Not\u00edcias de Ribeir\u00e3o Preto-SP e Regi\u00e3o","link":"https:\/\/noticiasribeiraopreto.com.br\/index.php\/category\/noticias-de-ribeirao-preto-sp-e-regiao-ismael-colosi\/"},"img":{"alt_text":"","src":"https:\/\/i0.wp.com\/noticiasribeiraopreto.com.br\/wp-content\/uploads\/2025\/04\/aerea_ribeirao_nove_julho_piton_217_2507.jpg?fit=1200%2C800&ssl=1&resize=350%2C200","width":350,"height":200,"srcset":"https:\/\/i0.wp.com\/noticiasribeiraopreto.com.br\/wp-content\/uploads\/2025\/04\/aerea_ribeirao_nove_julho_piton_217_2507.jpg?fit=1200%2C800&ssl=1&resize=350%2C200 1x, https:\/\/i0.wp.com\/noticiasribeiraopreto.com.br\/wp-content\/uploads\/2025\/04\/aerea_ribeirao_nove_julho_piton_217_2507.jpg?fit=1200%2C800&ssl=1&resize=525%2C300 1.5x, https:\/\/i0.wp.com\/noticiasribeiraopreto.com.br\/wp-content\/uploads\/2025\/04\/aerea_ribeirao_nove_julho_piton_217_2507.jpg?fit=1200%2C800&ssl=1&resize=700%2C400 2x, https:\/\/i0.wp.com\/noticiasribeiraopreto.com.br\/wp-content\/uploads\/2025\/04\/aerea_ribeirao_nove_julho_piton_217_2507.jpg?fit=1200%2C800&ssl=1&resize=1050%2C600 3x"},"classes":[]}],"jetpack_sharing_enabled":true,"jetpack_shortlink":"https:\/\/wp.me\/peQAOb-4p9","_links":{"self":[{"href":"https:\/\/noticiasribeiraopreto.com.br\/index.php\/wp-json\/wp\/v2\/posts\/16935","targetHints":{"allow":["GET"]}}],"collection":[{"href":"https:\/\/noticiasribeiraopreto.com.br\/index.php\/wp-json\/wp\/v2\/posts"}],"about":[{"href":"https:\/\/noticiasribeiraopreto.com.br\/index.php\/wp-json\/wp\/v2\/types\/post"}],"author":[{"embeddable":true,"href":"https:\/\/noticiasribeiraopreto.com.br\/index.php\/wp-json\/wp\/v2\/users\/1"}],"replies":[{"embeddable":true,"href":"https:\/\/noticiasribeiraopreto.com.br\/index.php\/wp-json\/wp\/v2\/comments?post=16935"}],"version-history":[{"count":0,"href":"https:\/\/noticiasribeiraopreto.com.br\/index.php\/wp-json\/wp\/v2\/posts\/16935\/revisions"}],"wp:featuredmedia":[{"embeddable":true,"href":"https:\/\/noticiasribeiraopreto.com.br\/index.php\/wp-json\/wp\/v2\/media\/16936"}],"wp:attachment":[{"href":"https:\/\/noticiasribeiraopreto.com.br\/index.php\/wp-json\/wp\/v2\/media?parent=16935"}],"wp:term":[{"taxonomy":"category","embeddable":true,"href":"https:\/\/noticiasribeiraopreto.com.br\/index.php\/wp-json\/wp\/v2\/categories?post=16935"},{"taxonomy":"post_tag","embeddable":true,"href":"https:\/\/noticiasribeiraopreto.com.br\/index.php\/wp-json\/wp\/v2\/tags?post=16935"}],"curies":[{"name":"wp","href":"https:\/\/api.w.org\/{rel}","templated":true}]}}