{"id":16946,"date":"2023-12-16T23:28:09","date_gmt":"2023-12-17T02:28:09","guid":{"rendered":"https:\/\/noticiasribeiraopreto.com.br\/index.php\/2023\/12\/16\/estudo-aponta-bebida-que-homens-devem-abandonar-antes-de-terem-filhos\/"},"modified":"2023-12-16T23:28:09","modified_gmt":"2023-12-17T02:28:09","slug":"estudo-aponta-bebida-que-homens-devem-abandonar-antes-de-terem-filhos","status":"publish","type":"post","link":"https:\/\/noticiasribeiraopreto.com.br\/index.php\/2023\/12\/16\/estudo-aponta-bebida-que-homens-devem-abandonar-antes-de-terem-filhos\/","title":{"rendered":"Estudo aponta bebida que homens devem abandonar antes de terem filhos"},"content":{"rendered":"<div class='code-block code-block-1' style='margin: 8px 0 8px auto; text-align: right; display: block; clear: both;'>\n<p><a href=\"https:\/\/wa.link\/vpicfd\"><img data-recalc-dims=\"1\" class=\"wp-image-4922\" style=\"aspect-ratio: 2.0253164556962027; width: 561px; height: auto;\" src=\"https:\/\/i0.wp.com\/ismaelcolosi.com.br\/wp-content\/uploads\/2023\/11\/grupo-de-empregos-whatsapp-e-facebook-ismael-colosi-vagas.jpg?ssl=1\" alt=\"\" \/><\/a><\/p>\n<!-- \/wp:image -->\n<\/div>\n<p> <br \/>\n<\/p>\n<div>\n<div id=\"attachment_2328581\" class=\"wp-caption alignnone\">\n<div class=\"d-flex justify-content-center\" data-attachment-id=\"2328581\">\n<div class=\"position-relative d-inline-block\"><img data-recalc-dims=\"1\" data-portal-copyright=\"Depositphotos\/ufabizphoto\" fetchpriority=\"high\" decoding=\"async\" class=\"size-full wp-image-2328581\" src=\"https:\/\/i0.wp.com\/catracalivre.com.br\/wp-content\/uploads\/2023\/12\/depositphotos-178322854-xl-scaled-e1702743867140.jpg?resize=2082%2C1254&#038;ssl=1\" alt=\"Homens devem abandonar o \u00e1lcool 3 meses antes de tentarem ter filhos\" width=\"2082\" height=\"1254\" srcset=\"https:\/\/catracalivre.com.br\/wp-content\/uploads\/2023\/12\/depositphotos-178322854-xl-scaled-e1702743867140.jpg 2082w, https:\/\/catracalivre.com.br\/wp-content\/uploads\/2023\/12\/depositphotos-178322854-xl-scaled-e1702743867140-450x271.jpg 450w, https:\/\/catracalivre.com.br\/wp-content\/uploads\/2023\/12\/depositphotos-178322854-xl-scaled-e1702743867140-768x463.jpg 768w\" sizes=\"(max-width: 2082px) 100vw, 2082px\"\/><\/p>\n<p>Cr\u00e9ditos: Depositphotos\/ufabizphoto<\/p>\n<\/div>\n<\/div>\n<p><span class=\"post-imagem__legenda\">Homens devem abandonar o \u00e1lcool 3 meses antes de tentarem ter filhos<\/span><\/p>\n<\/div>\n<p>Deseja se tornar pai? Ent\u00e3o \u00e9 melhor deixar o \u00e1lcool de lado com anteced\u00eancia. Um estudo, realizado pela <a href=\"https:\/\/www.tamu.edu\/index.html\" target=\"_blank\" rel=\"noopener\">Texas A&amp;M University<\/a>, aponta que o <a href=\"https:\/\/catracalivre.com.br\/saude-bem-estar\/qual-a-quantidade-maxima-alcool-que-pode-ser-ingerida\/\" target=\"_blank\" rel=\"noopener\">consumo de bebidas alco\u00f3licas<\/a> pode interferir negativamente no desenvolvimento fetal, mesmo que ocorra meses antes da concep\u00e7\u00e3o.<\/p>\n<p>A pesquisa, publicada na revista cient\u00edfica Andrology, demonstrou que para o esperma do <a href=\"https:\/\/catracalivre.com.br\/entretenimento\/filme-da-netflix-baseado-em-historia-real-fala-de-paternidade-e-comove\/\" target=\"_blank\" rel=\"noopener\">futuro pai<\/a> se livrar completamente dos efeitos do consumo de \u00e1lcool, \u00e9 necess\u00e1rio um per\u00edodo de mais de um m\u00eas de abstin\u00eancia.<\/p>\n<p>E mais: os h\u00e1bitos paternos de consumo de \u00e1lcool antes da concep\u00e7\u00e3o podem causar preju\u00edzos como defeitos cerebrais e faciais associados \u00e0 <a href=\"https:\/\/catracalivre.com.br\/saude-bem-estar\/sindrome-alcoolica-fetal-os-riscos-da-bebida-na-gestacao\/\" target=\"_blank\" rel=\"noopener\">s\u00edndrome alco\u00f3lica fetal (SAF)<\/a>. Al\u00e9m de afetar a forma\u00e7\u00e3o da placenta e at\u00e9 mesmo os resultados de fertiliza\u00e7\u00e3o in vitro.<\/p>\n<h2>Mas afinal, o que ocorre no organismo durante a abstin\u00eancia?<\/h2>\n<p>Michael Golding, professor da Faculdade de Medicina Veterin\u00e1ria e Ci\u00eancias Biom\u00e9dicas da Texas A&amp;M University, explica que durante esse processo, o corpo precisa aprender a funcionar sem a presen\u00e7a do \u00e1lcool, provocando o que chamamos de abstin\u00eancia.<\/p>\n<p>E \u00e9 justamente durante esse per\u00edodo que o esperma do homem continua a ser impactado negativamente pelo efeito da bebida, retendo os danos por mais tempo do que se imaginava.<\/p>\n<div id=\"attachment_2328582\" class=\"wp-caption alignnone\">\n<div class=\"d-flex justify-content-center\" data-attachment-id=\"2328582\">\n<div class=\"position-relative d-inline-block\"><img data-recalc-dims=\"1\" loading=\"lazy\" data-portal-copyright=\"Depositphotos\/jordan_rusev\" decoding=\"async\" class=\"size-full wp-image-2328582\" src=\"https:\/\/i0.wp.com\/catracalivre.com.br\/wp-content\/uploads\/2023\/12\/depositphotos-24166009-xl-scaled.jpg?resize=2560%2C1707&#038;ssl=1\" alt=\"H\u00e1bitos paternos de consumo de \u00e1lcool\" width=\"2560\" height=\"1707\" srcset=\"https:\/\/catracalivre.com.br\/wp-content\/uploads\/2023\/12\/depositphotos-24166009-xl-scaled.jpg 2560w, https:\/\/catracalivre.com.br\/wp-content\/uploads\/2023\/12\/depositphotos-24166009-xl-450x300.jpg 450w, https:\/\/catracalivre.com.br\/wp-content\/uploads\/2023\/12\/depositphotos-24166009-xl-768x512.jpg 768w\" sizes=\"auto, (max-width: 2560px) 100vw, 2560px\"\/><\/p>\n<p>Cr\u00e9ditos: Depositphotos\/jordan_rusev<\/p>\n<\/div>\n<\/div>\n<p><span class=\"post-imagem__legenda\">H\u00e1bitos paternos de consumo de \u00e1lcool<\/span><\/p>\n<\/div>\n<h2>Quais os principais riscos do consumo de \u00e1lcool para o feto?<\/h2>\n<p>A SAF (S\u00edndrome Alco\u00f3lica Fetal), citada anteriormente, \u00e9 uma das principais consequ\u00eancias. A s\u00edndrome se caracteriza por apresentar caracter\u00edsticas faciais anormais no beb\u00ea, baixo peso ao nascer, problemas relacionados \u00e0 aten\u00e7\u00e3o e hiperatividade, al\u00e9m de m\u00e1 coordena\u00e7\u00e3o.<\/p>\n<p>O diagn\u00f3stico de SAF, atualmente, leva em considera\u00e7\u00e3o apenas o consumo de \u00e1lcool da m\u00e3e, o que, conforme a pesquisa, precisa de revis\u00e3o.<\/p>\n<p>Apesar de ainda restarem muitas d\u00favidas sobre quais os reais efeitos do \u00e1lcool no organismo humano e como eles se manifestam, a abstin\u00eancia completa de \u00e1lcool antes da concep\u00e7\u00e3o se apresenta como uma precau\u00e7\u00e3o para aqueles que desejam se tornar pais.<\/p>\n<p>Seguindo a orienta\u00e7\u00e3o dos pesquisadores da Texas A&amp;M University, o ideal seria um per\u00edodo de pelo menos tr\u00eas meses de abstin\u00eancia antes do in\u00edcio das tentativas de engravidar.<\/p>\n<p>Ainda assim, os estudos continuam com a finalidade de entender melhor estes processos e explorar ferramentas de interven\u00e7\u00e3o compat\u00edveis.<\/p>\n<\/div>\n<p><script>\n\t\t! function(f, b, e, v, n, t, s) {\n\t\t\tif (f.fbq) return;\n\t\t\tn = f.fbq = function() {\n\t\t\t\tn.callMethod ?\n\t\t\t\t\tn.callMethod.apply(n, arguments) : n.queue.push(arguments)\n\t\t\t};\n\t\t\tif (!f._fbq) f._fbq = n;\n\t\t\tn.push = n;\n\t\t\tn.loaded = !0;\n\t\t\tn.version = '2.0';\n\t\t\tn.queue = [];\n\t\t\tt = b.createElement(e);\n\t\t\tt.async = !0;\n\t\t\tt.src = v;\n\t\t\ts = b.getElementsByTagName(e)[0];\n\t\t\ts.parentNode.insertBefore(t, s)\n\t\t}(window, document, 'script',\n\t\t\t'https:\/\/connect.facebook.net\/en_US\/fbevents.js');\n\t\tfbq('init', '338315473262380');\n\t\tfbq('track', 'PageView');\n\t<\/script><br \/>\n<br \/><br \/>\n<br \/><a href=\"https:\/\/catracalivre.com.br\/saude-bem-estar\/estudo-aponta-bebida-que-homens-devem-abandonar-antes-de-terem-filhos\/\">Source link <\/a><\/p>\n<!-- CONTENT END 1 -->\n","protected":false},"excerpt":{"rendered":"<p>Cr\u00e9ditos: Depositphotos\/ufabizphoto Homens devem abandonar o \u00e1lcool 3 meses antes de tentarem ter filhos Deseja se tornar pai? Ent\u00e3o \u00e9 melhor deixar o \u00e1lcool de&#8230;<\/p>\n","protected":false},"author":1,"featured_media":16947,"comment_status":"open","ping_status":"open","sticky":false,"template":"","format":"standard","meta":{"advanced_seo_description":"","jetpack_seo_html_title":"","jetpack_seo_noindex":false,"jetpack_post_was_ever_published":false,"_jetpack_newsletter_access":"","_jetpack_dont_email_post_to_subs":false,"_jetpack_newsletter_tier_id":0,"_jetpack_memberships_contains_paywalled_content":false,"_jetpack_memberships_contains_paid_content":false,"footnotes":"","jetpack_publicize_message":"","jetpack_publicize_feature_enabled":true,"jetpack_social_post_already_shared":true,"jetpack_social_options":{"image_generator_settings":{"template":"highway","default_image_id":0,"font":"","enabled":false},"version":2}},"categories":[19],"tags":[],"class_list":["post-16946","post","type-post","status-publish","format-standard","has-post-thumbnail","hentry","category-variedades"],"jetpack_publicize_connections":[],"jetpack_featured_media_url":"https:\/\/i0.wp.com\/noticiasribeiraopreto.com.br\/wp-content\/uploads\/2023\/12\/depositphotos-178322854-xl-scaled-e1702743867140.jpg?fit=1200%2C638&ssl=1","jetpack-related-posts":[{"id":63840,"url":"https:\/\/noticiasribeiraopreto.com.br\/index.php\/2025\/02\/23\/homem-e-autuado-por-abandonar-filhotes-de-gatos-em-caixa-no-interior-de-sp-veja-video\/","url_meta":{"origin":16946,"position":0},"title":"Homem \u00e9 autuado por abandonar filhotes de gatos em caixa no interior de SP; Veja v\u00eddeo","author":"noticiasribeiraopreto.com.br","date":"23 de February de 2025","format":false,"excerpt":"Um homem de 51 anos foi atuado por abandonar cinco filhotes de gatos em uma caixa de sapato no \u00faltimo domingo (16), em uma rua no Centro de Rifaina, cidade a aproximadamente 150 quil\u00f4metros de Ribeir\u00e3o Preto. Assista ao v\u00eddeo abaixo. Segundo a GCM (Guarda Civil Municipal) de Rifaina, o\u2026","rel":"","context":"In &quot;Not\u00edcias de Ribeir\u00e3o Preto-SP e Regi\u00e3o&quot;","block_context":{"text":"Not\u00edcias de Ribeir\u00e3o Preto-SP e Regi\u00e3o","link":"https:\/\/noticiasribeiraopreto.com.br\/index.php\/category\/noticias-de-ribeirao-preto-sp-e-regiao-ismael-colosi\/"},"img":{"alt_text":"","src":"https:\/\/i0.wp.com\/noticiasribeiraopreto.com.br\/wp-content\/uploads\/2025\/02\/WhatsApp-Image-2025-02-23-at-17.19.17_2025-02-23_20-23-25_jpeg_2025-02-23_20-23-25.webp.webp?fit=1200%2C675&ssl=1&resize=350%2C200","width":350,"height":200,"srcset":"https:\/\/i0.wp.com\/noticiasribeiraopreto.com.br\/wp-content\/uploads\/2025\/02\/WhatsApp-Image-2025-02-23-at-17.19.17_2025-02-23_20-23-25_jpeg_2025-02-23_20-23-25.webp.webp?fit=1200%2C675&ssl=1&resize=350%2C200 1x, https:\/\/i0.wp.com\/noticiasribeiraopreto.com.br\/wp-content\/uploads\/2025\/02\/WhatsApp-Image-2025-02-23-at-17.19.17_2025-02-23_20-23-25_jpeg_2025-02-23_20-23-25.webp.webp?fit=1200%2C675&ssl=1&resize=525%2C300 1.5x, https:\/\/i0.wp.com\/noticiasribeiraopreto.com.br\/wp-content\/uploads\/2025\/02\/WhatsApp-Image-2025-02-23-at-17.19.17_2025-02-23_20-23-25_jpeg_2025-02-23_20-23-25.webp.webp?fit=1200%2C675&ssl=1&resize=700%2C400 2x, https:\/\/i0.wp.com\/noticiasribeiraopreto.com.br\/wp-content\/uploads\/2025\/02\/WhatsApp-Image-2025-02-23-at-17.19.17_2025-02-23_20-23-25_jpeg_2025-02-23_20-23-25.webp.webp?fit=1200%2C675&ssl=1&resize=1050%2C600 3x"},"classes":[]},{"id":66264,"url":"https:\/\/noticiasribeiraopreto.com.br\/index.php\/2025\/03\/29\/jornal-da-franca-veja-3-recursos-do-telegram-que-vao-fazer-voce-abandonar-o-whatsapp\/","url_meta":{"origin":16946,"position":1},"title":"Jornal da Franca &#8211; Veja 3 recursos do Telegram que v\u00e3o fazer voc\u00ea abandonar o WhatsApp!","author":"noticiasribeiraopreto.com.br","date":"29 de March de 2025","format":false,"excerpt":"compartilhar no whatsapp compartilhar no telegram compartilhar no facebook compartilhar no linkedin Usu\u00e1rios do Telegram podem ter acesso a grupos com milhares de participantes e armazenamento na nuvem, recursos limitados no WhatsApp Telegram possui recursos interessantes que ainda n\u00e3o est\u00e3o dispon\u00edveis no WhatsApp \u2013 foto Arquivo \u00a0 O Telegram tem\u2026","rel":"","context":"In &quot;Not\u00edcias de Franca-SP&quot;","block_context":{"text":"Not\u00edcias de Franca-SP","link":"https:\/\/noticiasribeiraopreto.com.br\/index.php\/category\/noticias-de-ribeirao-preto-sp-e-regiao-ismael-colosi\/noticias-franca-sp\/"},"img":{"alt_text":"","src":"https:\/\/i0.wp.com\/noticiasribeiraopreto.com.br\/wp-content\/uploads\/2025\/03\/telegram.jpg?fit=1200%2C800&ssl=1&resize=350%2C200","width":350,"height":200,"srcset":"https:\/\/i0.wp.com\/noticiasribeiraopreto.com.br\/wp-content\/uploads\/2025\/03\/telegram.jpg?fit=1200%2C800&ssl=1&resize=350%2C200 1x, https:\/\/i0.wp.com\/noticiasribeiraopreto.com.br\/wp-content\/uploads\/2025\/03\/telegram.jpg?fit=1200%2C800&ssl=1&resize=525%2C300 1.5x, https:\/\/i0.wp.com\/noticiasribeiraopreto.com.br\/wp-content\/uploads\/2025\/03\/telegram.jpg?fit=1200%2C800&ssl=1&resize=700%2C400 2x, https:\/\/i0.wp.com\/noticiasribeiraopreto.com.br\/wp-content\/uploads\/2025\/03\/telegram.jpg?fit=1200%2C800&ssl=1&resize=1050%2C600 3x"},"classes":[]},{"id":72858,"url":"https:\/\/noticiasribeiraopreto.com.br\/index.php\/2025\/06\/22\/jornal-da-franca-quem-usar-veiculo-para-abandonar-animais-pode-perder-a-cnh\/","url_meta":{"origin":16946,"position":2},"title":"Jornal da Franca &#8211; Quem usar ve\u00edculo para abandonar animais pode perder a CNH","author":"noticiasribeiraopreto.com.br","date":"22 de June de 2025","format":false,"excerpt":"compartilhar no whatsapp compartilhar no telegram compartilhar no facebook compartilhar no linkedin Nova proposta de lei prev\u00ea suspens\u00e3o da carteira de motorista para quem usar ve\u00edculos no abandono de animais. Entenda os detalhes e por que a puni\u00e7\u00e3o ficou mais r\u00edgida Projeto de lei prev\u00ea puni\u00e7\u00f5es mais r\u00edgidas para crimes\u2026","rel":"","context":"In &quot;Not\u00edcias de Franca-SP&quot;","block_context":{"text":"Not\u00edcias de Franca-SP","link":"https:\/\/noticiasribeiraopreto.com.br\/index.php\/category\/noticias-de-ribeirao-preto-sp-e-regiao-ismael-colosi\/noticias-franca-sp\/"},"img":{"alt_text":"","src":"https:\/\/i0.wp.com\/noticiasribeiraopreto.com.br\/wp-content\/uploads\/2025\/06\/cao-abandonado-foto-ja-imaginou-isso.jpg?fit=1088%2C720&ssl=1&resize=350%2C200","width":350,"height":200,"srcset":"https:\/\/i0.wp.com\/noticiasribeiraopreto.com.br\/wp-content\/uploads\/2025\/06\/cao-abandonado-foto-ja-imaginou-isso.jpg?fit=1088%2C720&ssl=1&resize=350%2C200 1x, https:\/\/i0.wp.com\/noticiasribeiraopreto.com.br\/wp-content\/uploads\/2025\/06\/cao-abandonado-foto-ja-imaginou-isso.jpg?fit=1088%2C720&ssl=1&resize=525%2C300 1.5x, https:\/\/i0.wp.com\/noticiasribeiraopreto.com.br\/wp-content\/uploads\/2025\/06\/cao-abandonado-foto-ja-imaginou-isso.jpg?fit=1088%2C720&ssl=1&resize=700%2C400 2x, https:\/\/i0.wp.com\/noticiasribeiraopreto.com.br\/wp-content\/uploads\/2025\/06\/cao-abandonado-foto-ja-imaginou-isso.jpg?fit=1088%2C720&ssl=1&resize=1050%2C600 3x"},"classes":[]},{"id":71276,"url":"https:\/\/noticiasribeiraopreto.com.br\/index.php\/2025\/06\/04\/abandonar-caes-e-gatos-em-ruas-pode-dar-multa-de-r-3-70200\/","url_meta":{"origin":16946,"position":3},"title":"Abandonar c\u00e3es e gatos em ruas pode dar multa de R$ 3.702,00","author":"noticiasribeiraopreto.com.br","date":"4 de June de 2025","format":false,"excerpt":"4 de junho de 2025 14:322 Compartilhar0 O prefeito de Ribeir\u00e3o Preto, Ricardo Silva (PSD) sancionou a lei 15.079, que considera infra\u00e7\u00e3o administrativa o abandono de animais dom\u00e9sticos com o uso de ve\u00edculos automotores em vias p\u00fablicas, \u00e1reas urbanas ou rurais. A proposta, de autoria do vereador Bigodini (MDB), foi\u2026","rel":"","context":"In &quot;Not\u00edcias de Ribeir\u00e3o Preto-SP e Regi\u00e3o&quot;","block_context":{"text":"Not\u00edcias de Ribeir\u00e3o Preto-SP e Regi\u00e3o","link":"https:\/\/noticiasribeiraopreto.com.br\/index.php\/category\/noticias-de-ribeirao-preto-sp-e-regiao-ismael-colosi\/"},"img":{"alt_text":"","src":"https:\/\/i0.wp.com\/noticiasribeiraopreto.com.br\/wp-content\/uploads\/2025\/06\/depositphotos_257812662-stock-photo-abandoned-dog-on-the-road.webp.webp?fit=600%2C400&ssl=1&resize=350%2C200","width":350,"height":200,"srcset":"https:\/\/i0.wp.com\/noticiasribeiraopreto.com.br\/wp-content\/uploads\/2025\/06\/depositphotos_257812662-stock-photo-abandoned-dog-on-the-road.webp.webp?fit=600%2C400&ssl=1&resize=350%2C200 1x, https:\/\/i0.wp.com\/noticiasribeiraopreto.com.br\/wp-content\/uploads\/2025\/06\/depositphotos_257812662-stock-photo-abandoned-dog-on-the-road.webp.webp?fit=600%2C400&ssl=1&resize=525%2C300 1.5x"},"classes":[]},{"id":69238,"url":"https:\/\/noticiasribeiraopreto.com.br\/index.php\/2025\/05\/03\/jornal-da-franca-estudo-mostra-que-duas-semanas-sem-internet-no-celular-melhoram-saude-mental\/","url_meta":{"origin":16946,"position":4},"title":"Jornal da Franca &#8211; Estudo mostra que duas semanas sem internet no celular melhoram sa\u00fade mental","author":"noticiasribeiraopreto.com.br","date":"3 de May de 2025","format":false,"excerpt":"compartilhar no whatsapp compartilhar no telegram compartilhar no facebook compartilhar no linkedin A recomenda\u00e7\u00e3o do estudo da universidade \u00e9 clara: n\u00e3o se trata de abandonar a tecnologia, mas de buscar o equil\u00edbrio no seu uso. Um\u00a0estudo da Universidade de Alberta, no Canad\u00e1, publicado na revista cient\u00edfica\u00a0PNAS Nexus, mostrou que\u00a0duas semanas\u2026","rel":"","context":"In &quot;Not\u00edcias de Franca-SP&quot;","block_context":{"text":"Not\u00edcias de Franca-SP","link":"https:\/\/noticiasribeiraopreto.com.br\/index.php\/category\/noticias-de-ribeirao-preto-sp-e-regiao-ismael-colosi\/noticias-franca-sp\/"},"img":{"alt_text":"","src":"https:\/\/i0.wp.com\/noticiasribeiraopreto.com.br\/wp-content\/uploads\/2025\/05\/Essa-1.jpg?fit=1000%2C667&ssl=1&resize=350%2C200","width":350,"height":200,"srcset":"https:\/\/i0.wp.com\/noticiasribeiraopreto.com.br\/wp-content\/uploads\/2025\/05\/Essa-1.jpg?fit=1000%2C667&ssl=1&resize=350%2C200 1x, https:\/\/i0.wp.com\/noticiasribeiraopreto.com.br\/wp-content\/uploads\/2025\/05\/Essa-1.jpg?fit=1000%2C667&ssl=1&resize=525%2C300 1.5x, https:\/\/i0.wp.com\/noticiasribeiraopreto.com.br\/wp-content\/uploads\/2025\/05\/Essa-1.jpg?fit=1000%2C667&ssl=1&resize=700%2C400 2x"},"classes":[]},{"id":20664,"url":"https:\/\/noticiasribeiraopreto.com.br\/index.php\/2023\/12\/26\/hora-de-abandonar-os-fiis-de-credito-para-analista-existe-uma-oportunidade-quicando-nesse-mercado-saiba-qual\/","url_meta":{"origin":16946,"position":5},"title":"Hora de abandonar os FIIs de cr\u00e9dito? Para analista, existe uma oportunidade &#8216;quicando&#8217; nesse mercado; saiba qual","author":"noticiasribeiraopreto.com.br","date":"26 de December de 2023","format":false,"excerpt":"Neste m\u00eas de dezembro, o Comit\u00ea de Pol\u00edtica Monet\u00e1ria (Copom) reduziu a taxa b\u00e1sica de juros para 11,75% a.a. O corte de 0,50 p.p n\u00e3o surpreendeu o mercado financeiro porque o presidente do Banco Central, Roberto Campos Neto, j\u00e1 vinha indicando que manteria esse ritmo. Contudo, plantou uma d\u00favida na\u2026","rel":"","context":"In &quot;Dinheiro e Investimento&quot;","block_context":{"text":"Dinheiro e Investimento","link":"https:\/\/noticiasribeiraopreto.com.br\/index.php\/category\/dinheiro-e-investimento-como-fazer-como-ganhar\/"},"img":{"alt_text":"","src":"https:\/\/i0.wp.com\/noticiasribeiraopreto.com.br\/wp-content\/uploads\/2023\/12\/jpeg-optimizer_vista-de-baixo-angulo-de-edificios-modernos-em-azul-e-branco-sob-um-ceu-nublado-715x402.jpg?fit=715%2C402&ssl=1&resize=350%2C200","width":350,"height":200,"srcset":"https:\/\/i0.wp.com\/noticiasribeiraopreto.com.br\/wp-content\/uploads\/2023\/12\/jpeg-optimizer_vista-de-baixo-angulo-de-edificios-modernos-em-azul-e-branco-sob-um-ceu-nublado-715x402.jpg?fit=715%2C402&ssl=1&resize=350%2C200 1x, https:\/\/i0.wp.com\/noticiasribeiraopreto.com.br\/wp-content\/uploads\/2023\/12\/jpeg-optimizer_vista-de-baixo-angulo-de-edificios-modernos-em-azul-e-branco-sob-um-ceu-nublado-715x402.jpg?fit=715%2C402&ssl=1&resize=525%2C300 1.5x, https:\/\/i0.wp.com\/noticiasribeiraopreto.com.br\/wp-content\/uploads\/2023\/12\/jpeg-optimizer_vista-de-baixo-angulo-de-edificios-modernos-em-azul-e-branco-sob-um-ceu-nublado-715x402.jpg?fit=715%2C402&ssl=1&resize=700%2C400 2x"},"classes":[]}],"jetpack_sharing_enabled":true,"jetpack_shortlink":"https:\/\/wp.me\/peQAOb-4pk","_links":{"self":[{"href":"https:\/\/noticiasribeiraopreto.com.br\/index.php\/wp-json\/wp\/v2\/posts\/16946","targetHints":{"allow":["GET"]}}],"collection":[{"href":"https:\/\/noticiasribeiraopreto.com.br\/index.php\/wp-json\/wp\/v2\/posts"}],"about":[{"href":"https:\/\/noticiasribeiraopreto.com.br\/index.php\/wp-json\/wp\/v2\/types\/post"}],"author":[{"embeddable":true,"href":"https:\/\/noticiasribeiraopreto.com.br\/index.php\/wp-json\/wp\/v2\/users\/1"}],"replies":[{"embeddable":true,"href":"https:\/\/noticiasribeiraopreto.com.br\/index.php\/wp-json\/wp\/v2\/comments?post=16946"}],"version-history":[{"count":0,"href":"https:\/\/noticiasribeiraopreto.com.br\/index.php\/wp-json\/wp\/v2\/posts\/16946\/revisions"}],"wp:featuredmedia":[{"embeddable":true,"href":"https:\/\/noticiasribeiraopreto.com.br\/index.php\/wp-json\/wp\/v2\/media\/16947"}],"wp:attachment":[{"href":"https:\/\/noticiasribeiraopreto.com.br\/index.php\/wp-json\/wp\/v2\/media?parent=16946"}],"wp:term":[{"taxonomy":"category","embeddable":true,"href":"https:\/\/noticiasribeiraopreto.com.br\/index.php\/wp-json\/wp\/v2\/categories?post=16946"},{"taxonomy":"post_tag","embeddable":true,"href":"https:\/\/noticiasribeiraopreto.com.br\/index.php\/wp-json\/wp\/v2\/tags?post=16946"}],"curies":[{"name":"wp","href":"https:\/\/api.w.org\/{rel}","templated":true}]}}