{"id":16950,"date":"2023-12-16T23:43:42","date_gmt":"2023-12-17T02:43:42","guid":{"rendered":"https:\/\/noticiasribeiraopreto.com.br\/index.php\/2023\/12\/16\/quais-sao-os-riscos-de-se-exercitar-apenas-nos-finais-de-semana\/"},"modified":"2023-12-16T23:43:42","modified_gmt":"2023-12-17T02:43:42","slug":"quais-sao-os-riscos-de-se-exercitar-apenas-nos-finais-de-semana","status":"publish","type":"post","link":"https:\/\/noticiasribeiraopreto.com.br\/index.php\/2023\/12\/16\/quais-sao-os-riscos-de-se-exercitar-apenas-nos-finais-de-semana\/","title":{"rendered":"Quais s\u00e3o os riscos de se exercitar apenas nos finais de semana?"},"content":{"rendered":"<div class='code-block code-block-1' style='margin: 8px 0 8px auto; text-align: right; display: block; clear: both;'>\n<p><a href=\"https:\/\/wa.link\/vpicfd\"><img data-recalc-dims=\"1\" class=\"wp-image-4922\" style=\"aspect-ratio: 2.0253164556962027; width: 561px; height: auto;\" src=\"https:\/\/i0.wp.com\/ismaelcolosi.com.br\/wp-content\/uploads\/2023\/11\/grupo-de-empregos-whatsapp-e-facebook-ismael-colosi-vagas.jpg?ssl=1\" alt=\"\" \/><\/a><\/p>\n<!-- \/wp:image -->\n<\/div>\n<p> <br \/>\n<\/p>\n<div>\n<div id=\"attachment_2328046\" class=\"wp-caption alignnone\">\n<div class=\"d-flex justify-content-center\" data-attachment-id=\"2328046\">\n<div class=\"position-relative d-inline-block\"><img data-recalc-dims=\"1\" data-portal-copyright=\"Getty Images\" fetchpriority=\"high\" decoding=\"async\" class=\"wp-image-2328046 size-full\" src=\"https:\/\/i0.wp.com\/catracalivre.com.br\/wp-content\/uploads\/2023\/12\/istock-155284174.jpg?resize=1254%2C836&#038;ssl=1\" alt=\"Os \u201catletas de final de semana\u201d s\u00e3o, de acordo com a pesquisa,\u00a0 pessoas que se exercitam entre 1 a 2 dias. Entenda os riscos \u2013 iStock\/Getty Images\" width=\"1254\" height=\"836\" srcset=\"https:\/\/catracalivre.com.br\/wp-content\/uploads\/2023\/12\/istock-155284174.jpg 1254w, https:\/\/catracalivre.com.br\/wp-content\/uploads\/2023\/12\/istock-155284174-450x300.jpg 450w, https:\/\/catracalivre.com.br\/wp-content\/uploads\/2023\/12\/istock-155284174-768x512.jpg 768w\" sizes=\"(max-width: 1254px) 100vw, 1254px\"\/><\/p>\n<p>Cr\u00e9ditos: Getty Images<\/p>\n<\/div>\n<\/div>\n<p><span class=\"post-imagem__legenda\">Os \u201catletas de final de semana\u201d s\u00e3o, de acordo com a pesquisa,\u00a0 pessoas que se exercitam entre 1 a 2 dias. Entenda os riscos \u2013 iStock\/Getty Images<\/span><\/p>\n<\/div>\n<p>N\u00e3o importa o dia da semana em que se exercita, a atividade f\u00edsica re\u00fane benef\u00edcios para a sa\u00fade do cora\u00e7\u00e3o. Um estudo realizado com 90 mil pessoas de meia idade, realizado na <strong><a href=\"https:\/\/www.leeds.ac.uk\/\" target=\"_blank\" rel=\"noopener\">Universidade de Leeds<\/a><\/strong>, no Reino Unido, concluiu que a incid\u00eancia de problemas card\u00edacos era menor entre aqueles que praticavam exerc\u00edcios f\u00edsicos regularmente, incluindo os que concentravam a <strong><a href=\"https:\/\/catracalivre.com.br\/equilibre-se\/atividades-fisicas-recomendadas-para-cada-faixa-etaria\/\">atividade f\u00edsica<\/a><\/strong> nos finais de semana.<\/p>\n<p>Por outro lado, outras pesquisas destacam os riscos potenciais para quem s\u00f3 faz exerc\u00edcios no final de semana. Isso porque a pessoa pode for\u00e7ar seu corpo a realizar esfor\u00e7os intensos em um curto espa\u00e7o de tempo, o que pode causar um impacto negativo, especialmente quando h\u00e1 estresse f\u00edsico extremo.<\/p>\n<p>Essas preocupa\u00e7\u00f5es s\u00e3o confirmadas por incidentes de indiv\u00edduos que tiveram uma parada card\u00edaca durante partidas amadoras de futebol, longas pedaladas ou corridas.<\/p>\n<p>Al\u00e9m disso, o professor alerta para o erro de acreditar que apenas se exercitar intensamente nos finais de semana seja suficiente para evitar doen\u00e7as card\u00edacas.<\/p>\n<p>Ele afirma que essa \u00e9 o m\u00ednimo necess\u00e1rio para manter a sa\u00fade do cora\u00e7\u00e3o e, para obter benef\u00edcios reais, \u00e9 necess\u00e1rio praticar exerc\u00edcios f\u00edsicos com maior frequ\u00eancia e intensidade.<\/p>\n<h2>Eu sou um \u201catletas de final de semana\u201d?<\/h2>\n<p>Os \u201catletas de final de semana\u201d s\u00e3o, de acordo com a pesquisa, as pessoas que realizam a maior parte de seus exerc\u00edcios f\u00edsicos durante 1-2 dias, normalmente aos s\u00e1bados e domingos.<\/p>\n<p>Esse grupo, que se exercita intensamente nos finais de semana, formou mais de 37 mil participantes do estudo, mostrando a preval\u00eancia dessa tend\u00eancia de condensar a pr\u00e1tica de exerc\u00edcios f\u00edsicos em menos dias.<\/p>\n<p>No entanto, \u00e9 importante notar que a escala de atividade f\u00edsica usada no estudo, chamada de MET (equivalente metab\u00f3lico de tarefa, na sigla em ingl\u00eas), inclui atividades rotineiras como lavar pratos, varrer e aspirar a casa como forma de exerc\u00edcio moderado.<\/p>\n<h2>Por que se exercitar mais que o equivalente a um fim de semana?<\/h2>\n<p>Ainda de acordo com Swoboda, as conclus\u00f5es do estudo n\u00e3o se aplicam a exerc\u00edcios mais intensos.\u00a0Assim, para aqueles que t\u00eam a oportunidade de ir de bicicleta para o trabalho durante a semana ou ir nadar, por exemplo, \u00e9 muito importante que aproveitem. Quanto mais exerc\u00edcio, melhor para a sua sa\u00fade.<\/p>\n<p>A recomenda\u00e7\u00e3o de praticar 150 minutos de atividade f\u00edsica por semana ainda continua sendo v\u00e1lida e extremamente importante para a manuten\u00e7\u00e3o da sa\u00fade do cora\u00e7\u00e3o.<\/p>\n<p>O estudo deixa claro que qualquer exerc\u00edcio f\u00edsico, independentemente de quando seja feito, \u00e9 ben\u00e9fico para o cora\u00e7\u00e3o. No entanto, a mensagem principal \u00e9 a de que o sedentarismo \u00e9 prejudicial para a sa\u00fade. Portanto, o ideal \u00e9 praticar exerc\u00edcios f\u00edsicos com regularidade e intensidade, seja durante a semana ou aos finais de semana.<\/p>\n<\/div>\n<p><script>\n\t\t! function(f, b, e, v, n, t, s) {\n\t\t\tif (f.fbq) return;\n\t\t\tn = f.fbq = function() {\n\t\t\t\tn.callMethod ?\n\t\t\t\t\tn.callMethod.apply(n, arguments) : n.queue.push(arguments)\n\t\t\t};\n\t\t\tif (!f._fbq) f._fbq = n;\n\t\t\tn.push = n;\n\t\t\tn.loaded = !0;\n\t\t\tn.version = '2.0';\n\t\t\tn.queue = [];\n\t\t\tt = b.createElement(e);\n\t\t\tt.async = !0;\n\t\t\tt.src = v;\n\t\t\ts = b.getElementsByTagName(e)[0];\n\t\t\ts.parentNode.insertBefore(t, s)\n\t\t}(window, document, 'script',\n\t\t\t'https:\/\/connect.facebook.net\/en_US\/fbevents.js');\n\t\tfbq('init', '338315473262380');\n\t\tfbq('track', 'PageView');\n\t<\/script><br \/>\n<br \/><br \/>\n<br \/><a href=\"https:\/\/catracalivre.com.br\/saude-bem-estar\/quais-sao-os-riscos-de-se-exercitar-apenas-nos-finais-de-semana\/\">Source link <\/a><\/p>\n<!-- CONTENT END 1 -->\n","protected":false},"excerpt":{"rendered":"<p>Cr\u00e9ditos: Getty Images Os \u201catletas de final de semana\u201d s\u00e3o, de acordo com a pesquisa,\u00a0 pessoas que se exercitam entre 1 a 2 dias. Entenda&#8230;<\/p>\n","protected":false},"author":1,"featured_media":16951,"comment_status":"open","ping_status":"open","sticky":false,"template":"","format":"standard","meta":{"advanced_seo_description":"","jetpack_seo_html_title":"","jetpack_seo_noindex":false,"jetpack_post_was_ever_published":false,"_jetpack_newsletter_access":"","_jetpack_dont_email_post_to_subs":false,"_jetpack_newsletter_tier_id":0,"_jetpack_memberships_contains_paywalled_content":false,"_jetpack_memberships_contains_paid_content":false,"footnotes":"","jetpack_publicize_message":"","jetpack_publicize_feature_enabled":true,"jetpack_social_post_already_shared":true,"jetpack_social_options":{"image_generator_settings":{"template":"highway","default_image_id":0,"font":"","enabled":false},"version":2}},"categories":[19],"tags":[],"class_list":["post-16950","post","type-post","status-publish","format-standard","has-post-thumbnail","hentry","category-variedades"],"jetpack_publicize_connections":[],"jetpack_featured_media_url":"https:\/\/i0.wp.com\/noticiasribeiraopreto.com.br\/wp-content\/uploads\/2023\/12\/istock-155284174.jpg?fit=1200%2C638&ssl=1","jetpack-related-posts":[{"id":52359,"url":"https:\/\/noticiasribeiraopreto.com.br\/index.php\/2024\/06\/06\/vagas-de-emprego-para-engenheiro-civil-em-ribeirao-preto-sp-7\/","url_meta":{"origin":16950,"position":0},"title":"Vagas de emprego para Engenheiro Civil em Ribeir\u00e3o Preto-SP","author":"noticiasribeiraopreto.com.br","date":"6 de June de 2024","format":false,"excerpt":"Engenheiro(a) Civil COORDENADOR ASSISTENCIA TECNICA EST\u00c1GIO EM ENGENHARIA CIVIL S\u00c3O PAULO- RIBEIR\u00c3O PRETO EST\u00c1GIO EM ENGENHARIA CIVIL S\u00c3O PAULO- RIBEIR\u00c3O PRETO Est\u00e1gio Engenharia Civil\/Arquitetura Engenheiro Civil-Desenhista Projetista Est\u00e1gio Engenharia Civil\/Arquitetura Receba alertas de novas vagas de Engenheiro Civil em: Ribeir\u00e3o Preto e Regi\u00e3o. Entre para criar um alerta de vaga\u2026","rel":"","context":"In &quot;Vagas de Emprego em Ribeir\u00e3o Preto-SP&quot;","block_context":{"text":"Vagas de Emprego em Ribeir\u00e3o Preto-SP","link":"https:\/\/noticiasribeiraopreto.com.br\/index.php\/category\/empregos-classificados-vagas-trabalho\/vagas-de-empregos-em-ribeirao-preto-regiao-brasil\/"},"img":{"alt_text":"","src":"https:\/\/i0.wp.com\/noticiasribeiraopreto.com.br\/wp-content\/uploads\/2024\/06\/quanto-ganha-engenheiro-civil.png?fit=1200%2C635&ssl=1&resize=350%2C200","width":350,"height":200,"srcset":"https:\/\/i0.wp.com\/noticiasribeiraopreto.com.br\/wp-content\/uploads\/2024\/06\/quanto-ganha-engenheiro-civil.png?fit=1200%2C635&ssl=1&resize=350%2C200 1x, https:\/\/i0.wp.com\/noticiasribeiraopreto.com.br\/wp-content\/uploads\/2024\/06\/quanto-ganha-engenheiro-civil.png?fit=1200%2C635&ssl=1&resize=525%2C300 1.5x, https:\/\/i0.wp.com\/noticiasribeiraopreto.com.br\/wp-content\/uploads\/2024\/06\/quanto-ganha-engenheiro-civil.png?fit=1200%2C635&ssl=1&resize=700%2C400 2x, https:\/\/i0.wp.com\/noticiasribeiraopreto.com.br\/wp-content\/uploads\/2024\/06\/quanto-ganha-engenheiro-civil.png?fit=1200%2C635&ssl=1&resize=1050%2C600 3x"},"classes":[]},{"id":63413,"url":"https:\/\/noticiasribeiraopreto.com.br\/index.php\/2025\/02\/12\/50-vagas-de-emprego-para-trabalhar-de-casa-na-area-de-atendimento-ao-cliente-sac-vagas-home-office-clique-em-candidatar-10\/","url_meta":{"origin":16950,"position":1},"title":"50 vagas de emprego para trabalhar de casa na \u00e1rea de Atendimento ao Cliente &#8211; SAC. Vagas Home Office, clique em candidatar","author":"noticiasribeiraopreto.com.br","date":"12 de February de 2025","format":false,"excerpt":"ANALISTA DE ATENDIMENTO RECEPTIVO TRIL\u00cdNGUE SA\u00daDE E HIGIENE \u2013 SP Concentrix S\u00e3o Paulo - SP SAC Publicado h\u00e1 16 horas Candidatar ESPECIALISTA DE ATENDIMENTO A CLIENTES EMPRESA DE SNACKS \u2013 SP Concentrix S\u00e3o Paulo - SP SAC Publicado h\u00e1 16 horas Candidatar ESPECIALISTA DE ATENDIMENTO RECEPTIVO SA\u00daDE E HIGIENE S\u00c3O\u2026","rel":"","context":"In &quot;Vagas de Emprego Remoto - Home Office&quot;","block_context":{"text":"Vagas de Emprego Remoto - Home Office","link":"https:\/\/noticiasribeiraopreto.com.br\/index.php\/category\/empregos-classificados-vagas-trabalho\/vagas-de-empregos-em-ribeirao-preto-regiao-brasil\/vagas-de-emprego-para-trabalhar-de-casa-home-office-remoto\/"},"img":{"alt_text":"","src":"https:\/\/i0.wp.com\/noticiasribeiraopreto.com.br\/wp-content\/uploads\/2025\/02\/entenda-a-importancia-do-sac-como-uma-estrategia-de-marketing.jpeg?fit=1000%2C1000&ssl=1&resize=350%2C200","width":350,"height":200,"srcset":"https:\/\/i0.wp.com\/noticiasribeiraopreto.com.br\/wp-content\/uploads\/2025\/02\/entenda-a-importancia-do-sac-como-uma-estrategia-de-marketing.jpeg?fit=1000%2C1000&ssl=1&resize=350%2C200 1x, https:\/\/i0.wp.com\/noticiasribeiraopreto.com.br\/wp-content\/uploads\/2025\/02\/entenda-a-importancia-do-sac-como-uma-estrategia-de-marketing.jpeg?fit=1000%2C1000&ssl=1&resize=525%2C300 1.5x, https:\/\/i0.wp.com\/noticiasribeiraopreto.com.br\/wp-content\/uploads\/2025\/02\/entenda-a-importancia-do-sac-como-uma-estrategia-de-marketing.jpeg?fit=1000%2C1000&ssl=1&resize=700%2C400 2x"},"classes":[]},{"id":46426,"url":"https:\/\/noticiasribeiraopreto.com.br\/index.php\/2024\/04\/11\/vagas-de-emprego-para-engenheiro-civil-em-ribeirao-preto-sp-3\/","url_meta":{"origin":16950,"position":2},"title":"Vagas de emprego para Engenheiro Civil em Ribeir\u00e3o Preto-SP","author":"noticiasribeiraopreto.com.br","date":"11 de April de 2024","format":false,"excerpt":"Engenheiro Civil EST\u00c1GIO EM ENGENHARIA CIVIL S\u00c3O PAULO- RIBEIR\u00c3O PRETO EST\u00c1GIO EM ENGENHARIA CIVIL - RIBEIR\u00c3O PRETO SP EST\u00c1GIO EM ENGENHARIA CIVIL - RIBEIR\u00c3O PRETO SP Est\u00e1gio Engenharia Civil\/Arquitetura Est\u00e1gio: Engenharia Civil Receba alertas de novas vagas de Engenheiro Civil em: Ribeir\u00e3o Preto e Regi\u00e3o. Entre para criar um alerta\u2026","rel":"","context":"In &quot;Vagas de Emprego em Ribeir\u00e3o Preto-SP&quot;","block_context":{"text":"Vagas de Emprego em Ribeir\u00e3o Preto-SP","link":"https:\/\/noticiasribeiraopreto.com.br\/index.php\/category\/empregos-classificados-vagas-trabalho\/vagas-de-empregos-em-ribeirao-preto-regiao-brasil\/"},"img":{"alt_text":"","src":"https:\/\/i0.wp.com\/noticiasribeiraopreto.com.br\/wp-content\/uploads\/2024\/04\/quanto-ganha-engenheiro-civil.png?fit=1200%2C635&ssl=1&resize=350%2C200","width":350,"height":200,"srcset":"https:\/\/i0.wp.com\/noticiasribeiraopreto.com.br\/wp-content\/uploads\/2024\/04\/quanto-ganha-engenheiro-civil.png?fit=1200%2C635&ssl=1&resize=350%2C200 1x, https:\/\/i0.wp.com\/noticiasribeiraopreto.com.br\/wp-content\/uploads\/2024\/04\/quanto-ganha-engenheiro-civil.png?fit=1200%2C635&ssl=1&resize=525%2C300 1.5x, https:\/\/i0.wp.com\/noticiasribeiraopreto.com.br\/wp-content\/uploads\/2024\/04\/quanto-ganha-engenheiro-civil.png?fit=1200%2C635&ssl=1&resize=700%2C400 2x, https:\/\/i0.wp.com\/noticiasribeiraopreto.com.br\/wp-content\/uploads\/2024\/04\/quanto-ganha-engenheiro-civil.png?fit=1200%2C635&ssl=1&resize=1050%2C600 3x"},"classes":[]},{"id":45864,"url":"https:\/\/noticiasribeiraopreto.com.br\/index.php\/2024\/04\/08\/nova-frente-fria-avanca-em-direcao-ao-estado-de-sp-nesta-semana-confira-a-previsao\/","url_meta":{"origin":16950,"position":3},"title":"Nova frente fria avan\u00e7a em dire\u00e7\u00e3o ao estado de SP nesta semana; Confira a previs\u00e3o","author":"noticiasribeiraopreto.com.br","date":"8 de April de 2024","format":false,"excerpt":"Uma nova frente fria deve se deslocar nesta semana em dire\u00e7\u00e3o ao estado de S\u00e3o Paulo e aumentar a condi\u00e7\u00e3o para chuva e queda de temperatura no pr\u00f3ximo fim de semana. Segundo a Climatempo, o sistema come\u00e7a a se formar ao longo desta ter\u00e7a-feira (9) e se aproxima do Rio\u2026","rel":"","context":"In &quot;Not\u00edcias de Ribeir\u00e3o Preto-SP e Regi\u00e3o&quot;","block_context":{"text":"Not\u00edcias de Ribeir\u00e3o Preto-SP e Regi\u00e3o","link":"https:\/\/noticiasribeiraopreto.com.br\/index.php\/category\/noticias-de-ribeirao-preto-sp-e-regiao-ismael-colosi\/"},"img":{"alt_text":"","src":"https:\/\/i0.wp.com\/noticiasribeiraopreto.com.br\/wp-content\/uploads\/2024\/04\/WhatsApp-Image-2024-04-08-at-12.03.16.jpeg?fit=1200%2C639&ssl=1&resize=350%2C200","width":350,"height":200,"srcset":"https:\/\/i0.wp.com\/noticiasribeiraopreto.com.br\/wp-content\/uploads\/2024\/04\/WhatsApp-Image-2024-04-08-at-12.03.16.jpeg?fit=1200%2C639&ssl=1&resize=350%2C200 1x, https:\/\/i0.wp.com\/noticiasribeiraopreto.com.br\/wp-content\/uploads\/2024\/04\/WhatsApp-Image-2024-04-08-at-12.03.16.jpeg?fit=1200%2C639&ssl=1&resize=525%2C300 1.5x, https:\/\/i0.wp.com\/noticiasribeiraopreto.com.br\/wp-content\/uploads\/2024\/04\/WhatsApp-Image-2024-04-08-at-12.03.16.jpeg?fit=1200%2C639&ssl=1&resize=700%2C400 2x, https:\/\/i0.wp.com\/noticiasribeiraopreto.com.br\/wp-content\/uploads\/2024\/04\/WhatsApp-Image-2024-04-08-at-12.03.16.jpeg?fit=1200%2C639&ssl=1&resize=1050%2C600 3x"},"classes":[]},{"id":82912,"url":"https:\/\/noticiasribeiraopreto.com.br\/index.php\/2026\/03\/03\/bolha-de-calor-pode-afetar-o-interior-de-sp-nesta-semana-veja-previsao\/","url_meta":{"origin":16950,"position":4},"title":"Bolha de calor pode afetar o interior de SP nesta semana; Veja previs\u00e3o","author":"noticiasribeiraopreto.com.br","date":"3 de March de 2026","format":false,"excerpt":"Uma bolha de calor deve ganhar intensidade nesta primeira semana de mar\u00e7o, com o seu centro sobre o Paraguai e norte da Argentina.\u00a0 Segundo a Climatempo, parte do ar muito quente desta bolha deve se espalhar pelas regi\u00f5es de fronteira com estes pa\u00edses e afetar estados da regi\u00e3o Sul e\u2026","rel":"","context":"In &quot;Not\u00edcias de Ribeir\u00e3o Preto-SP e Regi\u00e3o&quot;","block_context":{"text":"Not\u00edcias de Ribeir\u00e3o Preto-SP e Regi\u00e3o","link":"https:\/\/noticiasribeiraopreto.com.br\/index.php\/category\/noticias-de-ribeirao-preto-sp-e-regiao-ismael-colosi\/"},"img":{"alt_text":"","src":"https:\/\/i0.wp.com\/noticiasribeiraopreto.com.br\/wp-content\/uploads\/2026\/03\/WhatsApp-Image-2023-09-14-at-09.35.50.jpeg?fit=1200%2C675&ssl=1&resize=350%2C200","width":350,"height":200,"srcset":"https:\/\/i0.wp.com\/noticiasribeiraopreto.com.br\/wp-content\/uploads\/2026\/03\/WhatsApp-Image-2023-09-14-at-09.35.50.jpeg?fit=1200%2C675&ssl=1&resize=350%2C200 1x, https:\/\/i0.wp.com\/noticiasribeiraopreto.com.br\/wp-content\/uploads\/2026\/03\/WhatsApp-Image-2023-09-14-at-09.35.50.jpeg?fit=1200%2C675&ssl=1&resize=525%2C300 1.5x, https:\/\/i0.wp.com\/noticiasribeiraopreto.com.br\/wp-content\/uploads\/2026\/03\/WhatsApp-Image-2023-09-14-at-09.35.50.jpeg?fit=1200%2C675&ssl=1&resize=700%2C400 2x, https:\/\/i0.wp.com\/noticiasribeiraopreto.com.br\/wp-content\/uploads\/2026\/03\/WhatsApp-Image-2023-09-14-at-09.35.50.jpeg?fit=1200%2C675&ssl=1&resize=1050%2C600 3x"},"classes":[]},{"id":47085,"url":"https:\/\/noticiasribeiraopreto.com.br\/index.php\/2024\/04\/22\/como-funciona-o-trabalho-hibrido-no-nubank-com-uma-semana-presencial-por-trimestre\/","url_meta":{"origin":16950,"position":5},"title":"Como funciona o trabalho h\u00edbrido no Nubank com uma semana presencial por trimestre","author":"noticiasribeiraopreto.com.br","date":"22 de April de 2024","format":false,"excerpt":"Bruno Pavani Bruno Pavan 19\/04\/2024 - 7:05 Com um modelo diferente de trabalho h\u00edbrido, o Nubank vem se destacando no mercado dando mais flexibilidade para mais de 7 mil funcion\u00e1rios. Ao contr\u00e1rio da maioria das empresas brasileiras, que adota a jornada de dois dias no escrit\u00f3rio e tr\u00eas dias de\u2026","rel":"","context":"In &quot;Empregos - Classificados&quot;","block_context":{"text":"Empregos - Classificados","link":"https:\/\/noticiasribeiraopreto.com.br\/index.php\/category\/empregos-classificados-vagas-trabalho\/"},"img":{"alt_text":"","src":"https:\/\/i0.wp.com\/noticiasribeiraopreto.com.br\/wp-content\/uploads\/2024\/04\/nubankspark.jpg?fit=900%2C600&ssl=1&resize=350%2C200","width":350,"height":200,"srcset":"https:\/\/i0.wp.com\/noticiasribeiraopreto.com.br\/wp-content\/uploads\/2024\/04\/nubankspark.jpg?fit=900%2C600&ssl=1&resize=350%2C200 1x, https:\/\/i0.wp.com\/noticiasribeiraopreto.com.br\/wp-content\/uploads\/2024\/04\/nubankspark.jpg?fit=900%2C600&ssl=1&resize=525%2C300 1.5x, https:\/\/i0.wp.com\/noticiasribeiraopreto.com.br\/wp-content\/uploads\/2024\/04\/nubankspark.jpg?fit=900%2C600&ssl=1&resize=700%2C400 2x"},"classes":[]}],"jetpack_sharing_enabled":true,"jetpack_shortlink":"https:\/\/wp.me\/peQAOb-4po","_links":{"self":[{"href":"https:\/\/noticiasribeiraopreto.com.br\/index.php\/wp-json\/wp\/v2\/posts\/16950","targetHints":{"allow":["GET"]}}],"collection":[{"href":"https:\/\/noticiasribeiraopreto.com.br\/index.php\/wp-json\/wp\/v2\/posts"}],"about":[{"href":"https:\/\/noticiasribeiraopreto.com.br\/index.php\/wp-json\/wp\/v2\/types\/post"}],"author":[{"embeddable":true,"href":"https:\/\/noticiasribeiraopreto.com.br\/index.php\/wp-json\/wp\/v2\/users\/1"}],"replies":[{"embeddable":true,"href":"https:\/\/noticiasribeiraopreto.com.br\/index.php\/wp-json\/wp\/v2\/comments?post=16950"}],"version-history":[{"count":0,"href":"https:\/\/noticiasribeiraopreto.com.br\/index.php\/wp-json\/wp\/v2\/posts\/16950\/revisions"}],"wp:featuredmedia":[{"embeddable":true,"href":"https:\/\/noticiasribeiraopreto.com.br\/index.php\/wp-json\/wp\/v2\/media\/16951"}],"wp:attachment":[{"href":"https:\/\/noticiasribeiraopreto.com.br\/index.php\/wp-json\/wp\/v2\/media?parent=16950"}],"wp:term":[{"taxonomy":"category","embeddable":true,"href":"https:\/\/noticiasribeiraopreto.com.br\/index.php\/wp-json\/wp\/v2\/categories?post=16950"},{"taxonomy":"post_tag","embeddable":true,"href":"https:\/\/noticiasribeiraopreto.com.br\/index.php\/wp-json\/wp\/v2\/tags?post=16950"}],"curies":[{"name":"wp","href":"https:\/\/api.w.org\/{rel}","templated":true}]}}