{"id":16952,"date":"2023-12-16T23:48:14","date_gmt":"2023-12-17T02:48:14","guid":{"rendered":"https:\/\/noticiasribeiraopreto.com.br\/index.php\/2023\/12\/16\/seda-mais-vendido-do-brasil-continua-a-impressionar-veja-detalhes-do-chevrolet-onix-plus-2024\/"},"modified":"2023-12-16T23:48:14","modified_gmt":"2023-12-17T02:48:14","slug":"seda-mais-vendido-do-brasil-continua-a-impressionar-veja-detalhes-do-chevrolet-onix-plus-2024","status":"publish","type":"post","link":"https:\/\/noticiasribeiraopreto.com.br\/index.php\/2023\/12\/16\/seda-mais-vendido-do-brasil-continua-a-impressionar-veja-detalhes-do-chevrolet-onix-plus-2024\/","title":{"rendered":"Sed\u00e3 mais vendido do Brasil continua a impressionar, veja detalhes do Chevrolet Onix Plus 2024"},"content":{"rendered":"<div class='code-block code-block-1' style='margin: 8px 0 8px auto; text-align: right; display: block; clear: both;'>\n<p><a href=\"https:\/\/wa.link\/vpicfd\"><img data-recalc-dims=\"1\" class=\"wp-image-4922\" style=\"aspect-ratio: 2.0253164556962027; width: 561px; height: auto;\" src=\"https:\/\/i0.wp.com\/ismaelcolosi.com.br\/wp-content\/uploads\/2023\/11\/grupo-de-empregos-whatsapp-e-facebook-ismael-colosi-vagas.jpg?ssl=1\" alt=\"\" \/><\/a><\/p>\n<!-- \/wp:image -->\n<\/div>\n<p> <br \/>\n<\/p>\n<div>\n<figure><picture><source srcset=\"https:\/\/clickpetroleoegas.com.br\/wp-content\/uploads\/2023\/12\/Seda-mais-vendido-do-Brasil-continua-a-impressionar-veja-detalhes-do-Chevrolet-Onix-Plus-2024-830x450.jpg.webp\" type=\"image\/webp\"><img data-recalc-dims=\"1\" loading=\"lazy\" width=\"830\" height=\"450\" src=\"https:\/\/i0.wp.com\/clickpetroleoegas.com.br\/wp-content\/uploads\/2023\/12\/Seda-mais-vendido-do-Brasil-continua-a-impressionar-veja-detalhes-do-Chevrolet-Onix-Plus-2024-830x450.jpg?resize=830%2C450&#038;ssl=1\" class=\"fdnw-post-thumbnail fdnw-first-card-thumbnail wp-post-image\" alt=\"Sed\u00e3 mais vendido do Brasil continua a impressionar, veja detalhes do Chevrolet Onix Plus 2024\" decoding=\"async\" data-eio=\"p\"\/><\/source><\/picture><figcaption class=\"fdnw-image-caption\">Foto: Divulga\u00e7\u00e3o\/ Chevrolet<\/figcaption><\/figure>\n<h2 class=\"wp-block-heading\" id=\"h-o-chevrolet-onix-plus-2024-mantem-sua-posicao-como-o-seda-mais-vendido-do-brasil-apresentando-uma-serie-de-caracteristicas-que-continuam-a-cativar-o-coracao-dos-consumidores-apesar-de-algumas-expectativas-de-mudancas-e-melhorias-o-modelo-permanece-fiel-as-suas-raizes-oferecendo-um-pacote-equilibrado-de-desempenho-eficiencia-e-conforto\">O <em>Chevrolet Onix Plus 2024<\/em> mant\u00e9m sua posi\u00e7\u00e3o como o sed\u00e3 mais vendido do Brasil, apresentando uma s\u00e9rie de caracter\u00edsticas que continuam a cativar o cora\u00e7\u00e3o dos consumidores. Apesar de algumas expectativas de mudan\u00e7as e melhorias, o modelo permanece fiel \u00e0s suas ra\u00edzes, oferecendo um pacote equilibrado de desempenho, efici\u00eancia e conforto.<\/h2>\n<p>O <em>Chevrolet Onix Plus<\/em> recebeu algumas atualiza\u00e7\u00f5es na linha 2024, lan\u00e7ada em abril de 2023. Ap\u00f3s um per\u00edodo em que perdeu alguns equipamentos devido \u00e0 pandemia, o modelo teve esses itens repostos. Apesar de n\u00e3o haver grandes mudan\u00e7as no design externo ou internamente, o Onix Plus mant\u00e9m seu apelo atrav\u00e9s de caracter\u00edsticas consagradas e a adi\u00e7\u00e3o de alguns recursos.<\/p>\n<h2 class=\"wp-block-heading\" id=\"h-desempenho-e-consumo-pontos-fortes-do-onix-plus\"><strong>Desempenho e consumo: pontos fortes do Onix Plus<\/strong><\/h2>\n<p>O motor 1.0 Turbo de tr\u00eas cilindros do Onix Plus, conhecido por sua efici\u00eancia, continua a ser um dos destaques do ve\u00edculo. Em termos de desempenho e consumo, o Onix Plus 2024 impressiona com n\u00fameros excelentes, mantendo-se como uma op\u00e7\u00e3o econ\u00f4mica e \u00e1gil para a condu\u00e7\u00e3o urbana e rodovi\u00e1ria. A<strong> tabela Fipe do Onix Plus<\/strong> reflete essa <a href=\"https:\/\/clickpetroleoegas.com.br\/com-design-espetacular-e-tecnologia-avancada-o-novo-ford-focus-2024-entra-no-mercado-global-para-competir-com-os-lideres-da-categoria\/\">combina\u00e7\u00e3o de efici\u00eancia e desempenho<\/a>, mantendo o carro como uma escolha atraente para os consumidores, com pre\u00e7o a partir de 93 mil reais.<\/p>\n<p> <span class=\"fdnw-card-article-related\"> <span class=\"h4 fdnw-card-article-related-title\">Artigos recomendados<\/span> <\/span> <\/p>\n<p>Em termos de tecnologia e conectividade, o <em>Chevrolet Onix Plus 2024<\/em> oferece funcionalidades como carregamento sem fio para smartphones e uma central multim\u00eddia com internet incorporada, proporcionando conveni\u00eancia e conectividade para os ocupantes. E mais, recursos como sensores de estacionamento e o <a href=\"https:\/\/www.chevrolet.com.br\/servicos\/onstar\" class=\"external\" rel=\"nofollow noopener\" target=\"_blank\">sistema OnStar<\/a> acrescentam uma camada extra de funcionalidade e seguran\u00e7a.<\/p>\n<h2 class=\"wp-block-heading\" id=\"h-areas-para-melhoria\"><strong>\u00c1reas para melhoria<\/strong><\/h2>\n<p>Apesar de suas muitas qualidades, h\u00e1 \u00e1reas onde o Onix Plus poderia melhorar. A falta de far\u00f3is LED, por exemplo, \u00e9 uma omiss\u00e3o not\u00e1vel, especialmente considerando a preval\u00eancia desta tecnologia em modelos concorrentes. E vamos al\u00e9m, o painel de instrumentos poderia se beneficiar de uma atualiza\u00e7\u00e3o para acompanhar as tend\u00eancias modernas de design e tecnologia.<\/p>\n<figure class=\"wp-block-embed is-type-video is-provider-youtube wp-block-embed-youtube wp-embed-aspect-16-9 wp-has-aspect-ratio\">\n<p><noscript><iframe loading=\"lazy\" title=\"Chevrolet Onix Plus 2024 - TEM ALGO ESPECIAL? O QUE PRECISA MUDAR NO SED\u00c3 MAIS VENDIDO DO BRASIL?\" width=\"500\" height=\"281\" src=\"https:\/\/www.youtube.com\/embed\/wLyXmS9fbGs?feature=oembed\" frameborder=\"0\" allow=\"accelerometer; autoplay; clipboard-write; encrypted-media; gyroscope; picture-in-picture; web-share\" referrerpolicy=\"strict-origin-when-cross-origin\" allowfullscreen><\/iframe><\/noscript><\/p>\n<\/figure>\n<h2 class=\"wp-block-heading\" id=\"h-por-que-o-chevrolet-onix-plus-2024-continua-a-ser-uma-escolha-popular\"><strong>Por que o Chevrolet Onix Plus 2024 continua a ser uma escolha popular?<\/strong><\/h2>\n<p>O <em>Chevrolet Onix Plus<\/em> permanece uma escolha popular devido \u00e0 sua combina\u00e7\u00e3o bem-sucedida de efici\u00eancia, desempenho, e um pacote de equipamentos equilibrado, tudo a um pre\u00e7o competitivo. As refer\u00eancias \u00e0 tabela Fipe do Onix Plus reiteram seu valor no mercado, enquanto as atualiza\u00e7\u00f5es mant\u00eam o <a href=\"https:\/\/clickpetroleoegas.com.br\/um-gigante-do-asfalto-ainda-nao-disponivel-no-brasil-pela-montadora-volkswagen-golf-r-mk8\/\">modelo relevante e desej\u00e1vel<\/a>. Enfim, o Chevrolet Onix Plus 2024 \u00e9 uma escolha s\u00f3lida para quem procura um sed\u00e3 compacto eficiente e confi\u00e1vel.<\/p>\n<p>Para mais informa\u00e7\u00f5es e detalhes sobre o sed\u00e3 mais vendido do Brasil, Chevrolet Onix Plus 2024, fique atento \u00e0s atualiza\u00e7\u00f5es e an\u00e1lises do setor automotivo, garantindo que voc\u00ea tenha as informa\u00e7\u00f5es mais recentes para tomar a melhor decis\u00e3o de compra.<\/p>\n<div class=\"code-block code-block-10\" style=\"margin: 8px auto; text-align: center; display: block; clear: both;\">\n<hr class=\"wp-block-separator has-alpha-channel-opacity is-style-wide\"\/>\n<p>Voc\u00ea quer receber apenas not\u00edcias e vagas de emprego do seu interesse? A solu\u00e7\u00e3o chegou atrav\u00e9s do app <a href=\"https:\/\/play.google.com\/store\/apps\/details?id=com.clickpetroleoapp&amp;hl=pt&amp;gl=US\" class=\"external\" rel=\"nofollow noopener\" target=\"_blank\"><strong>CPG VAGAS E NOT\u00cdCIAS!<\/strong><\/a> Se voc\u00ea \u00e9 pintor, vai receber no seu celular apenas oportunidades neste cargo. E ser\u00e1 assim com pedreiro, t\u00e9cnico, engenheiro e etc\u2026.. N\u00e3o perca nada do que acontece no mercado de trabalho e econ\u00f4mico do Brasil, baixe agora o app <a href=\"https:\/\/play.google.com\/store\/apps\/details?id=com.clickpetroleoapp&amp;hl=pt&amp;gl=US\" class=\"external\" rel=\"nofollow noopener\" target=\"_blank\">CPG VAGAS E NOT\u00cdCIAS, dispon\u00edvel para Android e IOS!<\/a><\/p>\n<figure class=\"wp-block-image aligncenter size-full\"><a href=\"https:\/\/play.google.com\/store\/apps\/details?id=com.clickpetroleoapp&amp;hl=pt&amp;gl=US\" target=\"_blank\" rel=\"noreferrer noopener nofollow\" class=\"external\"><img data-recalc-dims=\"1\" loading=\"lazy\" decoding=\"async\" width=\"1280\" height=\"387\" http=\"\" alt=\"APP CPG VAGAS E NOT\u00cdCIAS\" class=\"wp-image-105306 ewww_webp_lazy_load\" src=\"https:\/\/i0.wp.com\/clickpetroleoegas.com.br\/wp-content\/uploads\/2023\/09\/Aplicativo-de-vagas-de-empregos-e-noticias-da-sua-regiao.jpg?resize=1280%2C387&#038;ssl=1\" src-webp=\"https:\/\/clickpetroleoegas.com.br\/wp-content\/uploads\/2023\/09\/Aplicativo-de-vagas-de-empregos-e-noticias-da-sua-regiao.jpg.webp\"\/><noscript><img data-recalc-dims=\"1\" loading=\"lazy\" decoding=\"async\" width=\"1280\" height=\"387\" src=\"https:\/\/i0.wp.com\/clickpetroleoegas.com.br\/wp-content\/uploads\/2023\/09\/Aplicativo-de-vagas-de-empregos-e-noticias-da-sua-regiao.jpg?resize=1280%2C387&#038;ssl=1\" alt=\"APP CPG VAGAS E NOT\u00cdCIAS\" class=\"wp-image-105306\"\/><\/noscript><\/a><\/figure>\n<\/p><\/div>\n<\/p><\/div>\n<p><script type=\"text\/plain\" data-service=\"facebook\" data-category=\"marketing\">\n!function(f,b,e,v,n,t,s)\n{if(f.fbq)return;n=f.fbq=function(){n.callMethod?\nn.callMethod.apply(n,arguments):n.queue.push(arguments)};\nif(!f._fbq)f._fbq=n;n.push=n;n.loaded=!0;n.version='2.0';\nn.queue=[];t=b.createElement(e);t.async=!0;\nt.src=v;s=b.getElementsByTagName(e)[0];\ns.parentNode.insertBefore(t,s)}(window, document,'script',\n'https:\/\/connect.facebook.net\/en_US\/fbevents.js');\nfbq('init', '5536651029690406');\nfbq('track', 'PageView');\n<\/script><script type=\"text\/plain\" data-service=\"facebook\" data-category=\"marketing\" async defer crossorigin=\"anonymous\" data-rocket-data-cmplz-src=\"https:\/\/connect.facebook.net\/en_US\/sdk.js#xfbml=1&#038;version=v12.0&amp;appId=1127332727839552&#038;autoLogAppEvents=1\">\n<\/script><br \/>\n<br \/><br \/>\n<br \/><a href=\"https:\/\/ismaelcolosi.com.br\/seda-mais-vendido-do-brasil-continua-a-impressionar-veja-detalhes-do-chevrolet-onix-plus-2024\/\">Source link <\/a><\/p>\n<!-- CONTENT END 1 -->\n","protected":false},"excerpt":{"rendered":"<p>Foto: Divulga\u00e7\u00e3o\/ Chevrolet O Chevrolet Onix Plus 2024 mant\u00e9m sua posi\u00e7\u00e3o como o sed\u00e3 mais vendido do Brasil, apresentando uma s\u00e9rie de caracter\u00edsticas que continuam&#8230;<\/p>\n","protected":false},"author":1,"featured_media":16953,"comment_status":"open","ping_status":"open","sticky":false,"template":"","format":"standard","meta":{"advanced_seo_description":"","jetpack_seo_html_title":"","jetpack_seo_noindex":false,"jetpack_post_was_ever_published":false,"_jetpack_newsletter_access":"","_jetpack_dont_email_post_to_subs":false,"_jetpack_newsletter_tier_id":0,"_jetpack_memberships_contains_paywalled_content":false,"_jetpack_memberships_contains_paid_content":false,"footnotes":"","jetpack_publicize_message":"","jetpack_publicize_feature_enabled":true,"jetpack_social_post_already_shared":true,"jetpack_social_options":{"image_generator_settings":{"template":"highway","default_image_id":0,"font":"","enabled":false},"version":2}},"categories":[7],"tags":[],"class_list":["post-16952","post","type-post","status-publish","format-standard","has-post-thumbnail","hentry","category-vagas-de-empregos-em-ribeirao-preto-regiao-brasil"],"jetpack_publicize_connections":[],"jetpack_featured_media_url":"https:\/\/i0.wp.com\/noticiasribeiraopreto.com.br\/wp-content\/uploads\/2023\/12\/Seda-mais-vendido-do-Brasil-continua-a-impressionar-veja-detalhes-do-Chevrolet-Onix-Plus-2024-830x450.jpg?fit=830%2C450&ssl=1","jetpack-related-posts":[{"id":15598,"url":"https:\/\/noticiasribeiraopreto.com.br\/index.php\/2023\/12\/13\/xeque-mate-da-chevrolet-onix-extinto-e-monza-triunfante-a-jogada-que-deixou-a-volkswagen-sem-resposta\/","url_meta":{"origin":16952,"position":0},"title":"Xeque-mate da Chevrolet: \u00d4nix extinto e Monza triunfante, a jogada que deixou a Volkswagen sem resposta!\u00a0","author":"noticiasribeiraopreto.com.br","date":"13 de December de 2023","format":false,"excerpt":"Logo da Chevrolet e da Volkswagem- Foto Reprodu\u00e7\u00e3o Internet \u00d4nix extinto retorno do Monza para aniquilar a Volkswagen fazem parte do planejamento da Chevrolet para o ano de 2024 A Chevrolet, gigante da ind\u00fastria automotiva, est\u00e1 causando uma reviravolta \u00e9pica com a extin\u00e7\u00e3o do \u00d4nix e o triunfal retorno do\u2026","rel":"","context":"In &quot;Vagas de Emprego em Ribeir\u00e3o Preto-SP&quot;","block_context":{"text":"Vagas de Emprego em Ribeir\u00e3o Preto-SP","link":"https:\/\/noticiasribeiraopreto.com.br\/index.php\/category\/empregos-classificados-vagas-trabalho\/vagas-de-empregos-em-ribeirao-preto-regiao-brasil\/"},"img":{"alt_text":"","src":"https:\/\/i0.wp.com\/noticiasribeiraopreto.com.br\/wp-content\/uploads\/2023\/12\/Sem-titulo-3-9-830x450.jpg?fit=830%2C450&ssl=1&resize=350%2C200","width":350,"height":200,"srcset":"https:\/\/i0.wp.com\/noticiasribeiraopreto.com.br\/wp-content\/uploads\/2023\/12\/Sem-titulo-3-9-830x450.jpg?fit=830%2C450&ssl=1&resize=350%2C200 1x, https:\/\/i0.wp.com\/noticiasribeiraopreto.com.br\/wp-content\/uploads\/2023\/12\/Sem-titulo-3-9-830x450.jpg?fit=830%2C450&ssl=1&resize=525%2C300 1.5x, https:\/\/i0.wp.com\/noticiasribeiraopreto.com.br\/wp-content\/uploads\/2023\/12\/Sem-titulo-3-9-830x450.jpg?fit=830%2C450&ssl=1&resize=700%2C400 2x"},"classes":[]},{"id":13461,"url":"https:\/\/noticiasribeiraopreto.com.br\/index.php\/2023\/12\/10\/chevrolet-montana-rs-a-picape-que-atrai-o-publico-jovem-analise-completa-da-caminhonete\/","url_meta":{"origin":16952,"position":1},"title":"Chevrolet Montana RS: A picape que atrai o p\u00fablico jovem &#8211; An\u00e1lise completa da caminhonete&#8221;.","author":"noticiasribeiraopreto.com.br","date":"10 de December de 2023","format":false,"excerpt":"Falta de elementos no SUV: conectividade, seguran\u00e7a, suspens\u00e3o, motor, usabilidade, espa\u00e7o interno, acabamento. Pre\u00e7os competitivos, vers\u00f5es. A Chevrolet Montana RS foi anunciada como uma caminhonete com um toque de SUV, uma estrat\u00e9gia da General Motors para conquistar o p\u00fablico interessado nesse tipo de ve\u00edculo. Assim como fez com o Cruze\u2026","rel":"","context":"In &quot;Vagas de Emprego em Ribeir\u00e3o Preto-SP&quot;","block_context":{"text":"Vagas de Emprego em Ribeir\u00e3o Preto-SP","link":"https:\/\/noticiasribeiraopreto.com.br\/index.php\/category\/empregos-classificados-vagas-trabalho\/vagas-de-empregos-em-ribeirao-preto-regiao-brasil\/"},"img":{"alt_text":"","src":"https:\/\/i0.wp.com\/noticiasribeiraopreto.com.br\/wp-content\/uploads\/2023\/12\/chevrolet-montana-rs-a-picape-que-atrai-o-publico-jovem-analise-completa-da-caminhonete-830x450.jpg?fit=830%2C450&ssl=1&resize=350%2C200","width":350,"height":200,"srcset":"https:\/\/i0.wp.com\/noticiasribeiraopreto.com.br\/wp-content\/uploads\/2023\/12\/chevrolet-montana-rs-a-picape-que-atrai-o-publico-jovem-analise-completa-da-caminhonete-830x450.jpg?fit=830%2C450&ssl=1&resize=350%2C200 1x, https:\/\/i0.wp.com\/noticiasribeiraopreto.com.br\/wp-content\/uploads\/2023\/12\/chevrolet-montana-rs-a-picape-que-atrai-o-publico-jovem-analise-completa-da-caminhonete-830x450.jpg?fit=830%2C450&ssl=1&resize=525%2C300 1.5x, https:\/\/i0.wp.com\/noticiasribeiraopreto.com.br\/wp-content\/uploads\/2023\/12\/chevrolet-montana-rs-a-picape-que-atrai-o-publico-jovem-analise-completa-da-caminhonete-830x450.jpg?fit=830%2C450&ssl=1&resize=700%2C400 2x"},"classes":[]},{"id":12911,"url":"https:\/\/noticiasribeiraopreto.com.br\/index.php\/2023\/12\/08\/chevrolet-bolt-nova-geracao-com-preco-mais-acessivel-chega-em-2025\/","url_meta":{"origin":16952,"position":2},"title":"Chevrolet Bolt: Nova gera\u00e7\u00e3o com pre\u00e7o mais acess\u00edvel chega em 2025","author":"noticiasribeiraopreto.com.br","date":"8 de December de 2023","format":false,"excerpt":"Divulga\u00e7\u00e3o\/Chevrolet \u2013 Todos os direitos: CanalTech A nova gera\u00e7\u00e3o do Chevrolet Bolt est\u00e1 prevista para chegar ao mercado em 2025, trazendo consigo uma s\u00e9rie de novidades e inova\u00e7\u00f5es. A CEO da General Motors, Mary Barra, anunciou a data de lan\u00e7amento e garantiu que o hatch el\u00e9trico passar\u00e1 por significativas mudan\u00e7as\u2026","rel":"","context":"In &quot;Vagas de Emprego em Ribeir\u00e3o Preto-SP&quot;","block_context":{"text":"Vagas de Emprego em Ribeir\u00e3o Preto-SP","link":"https:\/\/noticiasribeiraopreto.com.br\/index.php\/category\/empregos-classificados-vagas-trabalho\/vagas-de-empregos-em-ribeirao-preto-regiao-brasil\/"},"img":{"alt_text":"","src":"https:\/\/i0.wp.com\/noticiasribeiraopreto.com.br\/wp-content\/uploads\/2023\/12\/chevrolet-bolt-nova-geracao-com-preco-mais-acessivel-chega-em-2025-830x450.jpg?fit=830%2C450&ssl=1&resize=350%2C200","width":350,"height":200,"srcset":"https:\/\/i0.wp.com\/noticiasribeiraopreto.com.br\/wp-content\/uploads\/2023\/12\/chevrolet-bolt-nova-geracao-com-preco-mais-acessivel-chega-em-2025-830x450.jpg?fit=830%2C450&ssl=1&resize=350%2C200 1x, https:\/\/i0.wp.com\/noticiasribeiraopreto.com.br\/wp-content\/uploads\/2023\/12\/chevrolet-bolt-nova-geracao-com-preco-mais-acessivel-chega-em-2025-830x450.jpg?fit=830%2C450&ssl=1&resize=525%2C300 1.5x, https:\/\/i0.wp.com\/noticiasribeiraopreto.com.br\/wp-content\/uploads\/2023\/12\/chevrolet-bolt-nova-geracao-com-preco-mais-acessivel-chega-em-2025-830x450.jpg?fit=830%2C450&ssl=1&resize=700%2C400 2x"},"classes":[]},{"id":23891,"url":"https:\/\/noticiasribeiraopreto.com.br\/index.php\/2024\/01\/03\/inovacao-sem-precedentes-o-novo-motor-da-chevrolet-que-vai-sacudir-o-mundo-das-picapes-e-suvs\/","url_meta":{"origin":16952,"position":3},"title":"Inova\u00e7\u00e3o sem precedentes: o novo motor da Chevrolet que vai sacudir o mundo das PICAPES e SUVS!","author":"noticiasribeiraopreto.com.br","date":"3 de January de 2024","format":false,"excerpt":"Foto: Youtube\/Reprodu\u00e7\u00e3o A Silverado, ap\u00f3s seu retorno ao mercado brasileiro na exclusiva variante High Country, adaptada especialmente para o Brasil, se prepara para novos lan\u00e7amentos. No in\u00edcio de 2024, espera-se a chegada da aguardada vers\u00e3o Z71. Contudo, uma op\u00e7\u00e3o que pode ser menos conhecida \u00e9 a Silverado equipada com o\u2026","rel":"","context":"In &quot;Vagas de Emprego em Ribeir\u00e3o Preto-SP&quot;","block_context":{"text":"Vagas de Emprego em Ribeir\u00e3o Preto-SP","link":"https:\/\/noticiasribeiraopreto.com.br\/index.php\/category\/empregos-classificados-vagas-trabalho\/vagas-de-empregos-em-ribeirao-preto-regiao-brasil\/"},"img":{"alt_text":"","src":"https:\/\/i0.wp.com\/noticiasribeiraopreto.com.br\/wp-content\/uploads\/2024\/01\/novo-motor-da-Chevrolet-que-vai-sacudir-o-mundo-das-PICAPES-e-SUVS-830x450.jpg?fit=830%2C450&ssl=1&resize=350%2C200","width":350,"height":200,"srcset":"https:\/\/i0.wp.com\/noticiasribeiraopreto.com.br\/wp-content\/uploads\/2024\/01\/novo-motor-da-Chevrolet-que-vai-sacudir-o-mundo-das-PICAPES-e-SUVS-830x450.jpg?fit=830%2C450&ssl=1&resize=350%2C200 1x, https:\/\/i0.wp.com\/noticiasribeiraopreto.com.br\/wp-content\/uploads\/2024\/01\/novo-motor-da-Chevrolet-que-vai-sacudir-o-mundo-das-PICAPES-e-SUVS-830x450.jpg?fit=830%2C450&ssl=1&resize=525%2C300 1.5x, https:\/\/i0.wp.com\/noticiasribeiraopreto.com.br\/wp-content\/uploads\/2024\/01\/novo-motor-da-Chevrolet-que-vai-sacudir-o-mundo-das-PICAPES-e-SUVS-830x450.jpg?fit=830%2C450&ssl=1&resize=700%2C400 2x"},"classes":[]},{"id":31023,"url":"https:\/\/noticiasribeiraopreto.com.br\/index.php\/2024\/01\/20\/10-carros-novos-mais-vendidos-do-brasil-em-dezembro-de-2023-lista-10\/","url_meta":{"origin":16952,"position":4},"title":"10 carros novos mais vendidos do Brasil em dezembro de 2023 \u2013 Lista 10","author":"noticiasribeiraopreto.com.br","date":"20 de January de 2024","format":false,"excerpt":"\r \r 19 de janeiro de 2024 \r \r Carros \r \r \r 0\r J\u00e1 vamos dar um spoiler que foi um modelo da Volkswagen que liderou essa lista como o carro mais vendido. Confira agora os 10 carros novos mais vendidos do Brasil em dezembro de 2023.10. Chevrolet Onix\u2026","rel":"","context":"In &quot;Blog&quot;","block_context":{"text":"Blog","link":"https:\/\/noticiasribeiraopreto.com.br\/index.php\/category\/blog\/"},"img":{"alt_text":"","src":"https:\/\/i0.wp.com\/noticiasribeiraopreto.com.br\/wp-content\/uploads\/2024\/01\/tcross1_23122021_70179_1280_960.jpg?fit=1200%2C900&ssl=1&resize=350%2C200","width":350,"height":200,"srcset":"https:\/\/i0.wp.com\/noticiasribeiraopreto.com.br\/wp-content\/uploads\/2024\/01\/tcross1_23122021_70179_1280_960.jpg?fit=1200%2C900&ssl=1&resize=350%2C200 1x, https:\/\/i0.wp.com\/noticiasribeiraopreto.com.br\/wp-content\/uploads\/2024\/01\/tcross1_23122021_70179_1280_960.jpg?fit=1200%2C900&ssl=1&resize=525%2C300 1.5x, https:\/\/i0.wp.com\/noticiasribeiraopreto.com.br\/wp-content\/uploads\/2024\/01\/tcross1_23122021_70179_1280_960.jpg?fit=1200%2C900&ssl=1&resize=700%2C400 2x, https:\/\/i0.wp.com\/noticiasribeiraopreto.com.br\/wp-content\/uploads\/2024\/01\/tcross1_23122021_70179_1280_960.jpg?fit=1200%2C900&ssl=1&resize=1050%2C600 3x"},"classes":[]},{"id":63335,"url":"https:\/\/noticiasribeiraopreto.com.br\/index.php\/2025\/02\/10\/novo-leilao-da-receita-tem-carros-a-partir-de-r-800-saiba-como-participar\/","url_meta":{"origin":16952,"position":5},"title":"Novo leil\u00e3o da Receita tem carros a partir de R$ 800; saiba como participar","author":"noticiasribeiraopreto.com.br","date":"10 de February de 2025","format":false,"excerpt":"A Receita Federal vai realizar um leil\u00e3o regional de ve\u00edculos em S\u00e3o Paulo, neste m\u00eas. Ser\u00e3o 83 lotes dispon\u00edveis, que incluem autom\u00f3veis, SUVs, caminhonetes, caminh\u00f5es, cavalos mec\u00e2nicos, carretas, semirreboques, tratores, furg\u00f5es, \u00f4nibus e micro-\u00f4nibus com valores a partir de R$ 800. O leil\u00e3o vai acontecer de forma 100% eletr\u00f4nica e\u2026","rel":"","context":"In &quot;Not\u00edcias de Ribeir\u00e3o Preto-SP e Regi\u00e3o&quot;","block_context":{"text":"Not\u00edcias de Ribeir\u00e3o Preto-SP e Regi\u00e3o","link":"https:\/\/noticiasribeiraopreto.com.br\/index.php\/category\/noticias-de-ribeirao-preto-sp-e-regiao-ismael-colosi\/"},"img":{"alt_text":"","src":"https:\/\/i0.wp.com\/noticiasribeiraopreto.com.br\/wp-content\/uploads\/2025\/02\/Copia-de-Copia-de-Copia-de-TAMANHO-EXATO-PARA-FOTOS-NO-SISTEMA-NOVO-2025-02-10T164013.603_2025-02-10_19-48-55_png_2025-02-10_19-48-55.webp.webp?fit=1200%2C675&ssl=1&resize=350%2C200","width":350,"height":200,"srcset":"https:\/\/i0.wp.com\/noticiasribeiraopreto.com.br\/wp-content\/uploads\/2025\/02\/Copia-de-Copia-de-Copia-de-TAMANHO-EXATO-PARA-FOTOS-NO-SISTEMA-NOVO-2025-02-10T164013.603_2025-02-10_19-48-55_png_2025-02-10_19-48-55.webp.webp?fit=1200%2C675&ssl=1&resize=350%2C200 1x, https:\/\/i0.wp.com\/noticiasribeiraopreto.com.br\/wp-content\/uploads\/2025\/02\/Copia-de-Copia-de-Copia-de-TAMANHO-EXATO-PARA-FOTOS-NO-SISTEMA-NOVO-2025-02-10T164013.603_2025-02-10_19-48-55_png_2025-02-10_19-48-55.webp.webp?fit=1200%2C675&ssl=1&resize=525%2C300 1.5x, https:\/\/i0.wp.com\/noticiasribeiraopreto.com.br\/wp-content\/uploads\/2025\/02\/Copia-de-Copia-de-Copia-de-TAMANHO-EXATO-PARA-FOTOS-NO-SISTEMA-NOVO-2025-02-10T164013.603_2025-02-10_19-48-55_png_2025-02-10_19-48-55.webp.webp?fit=1200%2C675&ssl=1&resize=700%2C400 2x, https:\/\/i0.wp.com\/noticiasribeiraopreto.com.br\/wp-content\/uploads\/2025\/02\/Copia-de-Copia-de-Copia-de-TAMANHO-EXATO-PARA-FOTOS-NO-SISTEMA-NOVO-2025-02-10T164013.603_2025-02-10_19-48-55_png_2025-02-10_19-48-55.webp.webp?fit=1200%2C675&ssl=1&resize=1050%2C600 3x"},"classes":[]}],"jetpack_sharing_enabled":true,"jetpack_shortlink":"https:\/\/wp.me\/peQAOb-4pq","_links":{"self":[{"href":"https:\/\/noticiasribeiraopreto.com.br\/index.php\/wp-json\/wp\/v2\/posts\/16952","targetHints":{"allow":["GET"]}}],"collection":[{"href":"https:\/\/noticiasribeiraopreto.com.br\/index.php\/wp-json\/wp\/v2\/posts"}],"about":[{"href":"https:\/\/noticiasribeiraopreto.com.br\/index.php\/wp-json\/wp\/v2\/types\/post"}],"author":[{"embeddable":true,"href":"https:\/\/noticiasribeiraopreto.com.br\/index.php\/wp-json\/wp\/v2\/users\/1"}],"replies":[{"embeddable":true,"href":"https:\/\/noticiasribeiraopreto.com.br\/index.php\/wp-json\/wp\/v2\/comments?post=16952"}],"version-history":[{"count":0,"href":"https:\/\/noticiasribeiraopreto.com.br\/index.php\/wp-json\/wp\/v2\/posts\/16952\/revisions"}],"wp:featuredmedia":[{"embeddable":true,"href":"https:\/\/noticiasribeiraopreto.com.br\/index.php\/wp-json\/wp\/v2\/media\/16953"}],"wp:attachment":[{"href":"https:\/\/noticiasribeiraopreto.com.br\/index.php\/wp-json\/wp\/v2\/media?parent=16952"}],"wp:term":[{"taxonomy":"category","embeddable":true,"href":"https:\/\/noticiasribeiraopreto.com.br\/index.php\/wp-json\/wp\/v2\/categories?post=16952"},{"taxonomy":"post_tag","embeddable":true,"href":"https:\/\/noticiasribeiraopreto.com.br\/index.php\/wp-json\/wp\/v2\/tags?post=16952"}],"curies":[{"name":"wp","href":"https:\/\/api.w.org\/{rel}","templated":true}]}}