{"id":16972,"date":"2023-12-17T05:13:41","date_gmt":"2023-12-17T08:13:41","guid":{"rendered":"https:\/\/noticiasribeiraopreto.com.br\/index.php\/2023\/12\/17\/bolsa-familia-2024-tem-novas-regras\/"},"modified":"2023-12-17T05:13:41","modified_gmt":"2023-12-17T08:13:41","slug":"bolsa-familia-2024-tem-novas-regras","status":"publish","type":"post","link":"https:\/\/noticiasribeiraopreto.com.br\/index.php\/2023\/12\/17\/bolsa-familia-2024-tem-novas-regras\/","title":{"rendered":"Bolsa Fam\u00edlia 2024 tem novas regras?"},"content":{"rendered":"<div class='code-block code-block-1' style='margin: 8px 0 8px auto; text-align: right; display: block; clear: both;'>\n<p><a href=\"https:\/\/wa.link\/vpicfd\"><img data-recalc-dims=\"1\" class=\"wp-image-4922\" style=\"aspect-ratio: 2.0253164556962027; width: 561px; height: auto;\" src=\"https:\/\/i0.wp.com\/ismaelcolosi.com.br\/wp-content\/uploads\/2023\/11\/grupo-de-empregos-whatsapp-e-facebook-ismael-colosi-vagas.jpg?ssl=1\" alt=\"\" \/><\/a><\/p>\n<!-- \/wp:image -->\n<\/div>\n<p> <br \/>\n<\/p>\n<div>\n<div id=\"attachment_2280054\" class=\"wp-caption alignnone\">\n<div class=\"d-flex justify-content-center\" data-attachment-id=\"2280054\">\n<div class=\"position-relative d-inline-block\"><img data-recalc-dims=\"1\" data-portal-copyright=\"\" fetchpriority=\"high\" decoding=\"async\" class=\"size-full wp-image-2280054\" src=\"https:\/\/i0.wp.com\/catracalivre.com.br\/wp-content\/uploads\/2023\/06\/bolsa-familia-surpreende-pagando-valores-mais-altos-veja-quem-tem-direito.png?resize=768%2C399&#038;ssl=1\" alt=\"Bolsa Fam\u00edlia SURPREENDE\" width=\"768\" height=\"399\" srcset=\"https:\/\/catracalivre.com.br\/wp-content\/uploads\/2023\/06\/bolsa-familia-surpreende-pagando-valores-mais-altos-veja-quem-tem-direito.png 768w, https:\/\/catracalivre.com.br\/wp-content\/uploads\/2023\/06\/bolsa-familia-surpreende-pagando-valores-mais-altos-veja-quem-tem-direito-450x234.png 450w\" sizes=\"(max-width: 768px) 100vw, 768px\"\/><\/div>\n<\/div>\n<p><span class=\"post-imagem__legenda\">Bolsa Fam\u00edlia SURPREENDE<\/span><\/p>\n<\/div>\n<p>O <a href=\"https:\/\/catracalivre.com.br\/cidadania\/bolsa-familia-inicia-pagamentos-em-breve-veja-quando-e-quem-recebe\/\">Bolsa Fam\u00edlia<\/a>, programa de apoio a fam\u00edlias em vulnerabilidade social, imp\u00f5e condicionalidades para garantir a perman\u00eancia no benef\u00edcio. Uma dessas exig\u00eancias \u00e9 o acompanhamento de sa\u00fade, uma medida crucial para manter o v\u00ednculo com o programa.<\/p>\n<h2>Por que o acompanhamento de sa\u00fade \u00e9 importante?<\/h2>\n<p>O acompanhamento de sa\u00fade no <a href=\"https:\/\/catracalivre.com.br\/cidadania\/bolsa-familia-surpreende-beneficiarios-em-novembro-veja-as-novidades\/\">Bolsa Fam\u00edlia<\/a> \u00e9 uma estrat\u00e9gia que visa n\u00e3o apenas garantir a continuidade do benef\u00edcio, mas tamb\u00e9m assegurar o bem-estar e a qualidade de vida das fam\u00edlias beneficiadas. Periodicamente, uma lista de benefici\u00e1rios \u00e9 convocada para realizar o acompanhamento de sa\u00fade, incluindo mulheres, gestantes e crian\u00e7as.<\/p>\n<h2>Quem s\u00e3o os focados pelas regras de sa\u00fade no Bolsa Fam\u00edlia?<\/h2>\n<p>As regras de sa\u00fade do Bolsa Fam\u00edlia t\u00eam como foco principal mulheres, gestantes e crian\u00e7as. A ideia \u00e9 acompanhar de perto o estado de sa\u00fade dessas pessoas, incentivando a participa\u00e7\u00e3o em campanhas de vacina\u00e7\u00e3o, exames de preven\u00e7\u00e3o, entre outros.<\/p>\n<h2>Alertas e convoca\u00e7\u00f5es<\/h2>\n<p>As prefeituras emitem alertas para benefici\u00e1rios que n\u00e3o cumpriram com suas obriga\u00e7\u00f5es de sa\u00fade e n\u00e3o compareceram aos postos de sa\u00fade conforme convocado. O objetivo \u00e9 manter a integridade do programa, garantindo que os recursos sejam direcionados efetivamente para quem mais necessita.<\/p>\n<h2>Condicionalidades em 2023<\/h2>\n<p>\u00c9 fundamental que os titulares do Bolsa Fam\u00edlia estejam cientes das condicionalidades do programa em 2023. O n\u00e3o cumprimento dessas obriga\u00e7\u00f5es pode resultar na suspens\u00e3o do pagamento, prejudicando as fam\u00edlias beneficiadas.<\/p>\n<h2>Como funcionam as condicionalidades de sa\u00fade no Bolsa Fam\u00edlia?<\/h2>\n<p>As condicionalidades s\u00e3o compromissos assumidos pelas fam\u00edlias benefici\u00e1rias nas \u00e1reas de sa\u00fade e educa\u00e7\u00e3o. No \u00e2mbito da sa\u00fade, o monitoramento \u00e9 de responsabilidade do Minist\u00e9rio da Sa\u00fade, sendo compartilhado com as esferas estaduais e municipais do Sistema \u00danico de Sa\u00fade (SUS).<\/p>\n<h2>Obriga\u00e7\u00f5es de sa\u00fade no Bolsa Fam\u00edlia:<\/h2>\n<ul>\n<li><strong>Atualiza\u00e7\u00e3o do Cadastro \u00danico: <\/strong>a\u00a0cada dois anos ou sempre que houver mudan\u00e7a.<\/li>\n<li><strong>Acompanhamento de Sa\u00fade: <\/strong>realizado em postos p\u00fablicos, incluindo campanhas de sa\u00fade do governo federal.<\/li>\n<li><strong>Frequ\u00eancia Escolar: <\/strong>manter a frequ\u00eancia escolar das crian\u00e7as e adolescentes sempre acima de 70%, justific\u00e1veis apenas com atestado.<\/li>\n<li><strong>Como Realizar o Acompanhamento de Sa\u00fade<\/strong>: o acompanhamento de sa\u00fade inclui:<\/li>\n<li><strong>Calend\u00e1rio Nacional de Vacina\u00e7\u00e3o: <\/strong>ara beb\u00eas, homens e mulheres, incluindo a vacina\u00e7\u00e3o da Covid-19.<\/li>\n<li><strong>Estado Nutricional: <\/strong>medi\u00e7\u00e3o de altura e peso para benefici\u00e1rios com at\u00e9 7 anos de idade<\/li>\n<li><strong>Pr\u00e9-natal das Gestantes: <\/strong>realizado em postos ou hospitais p\u00fablicos.<\/li>\n<\/ul>\n<h2><strong>Prazos Importantes<\/strong><\/h2>\n<ul>\n<li><strong>Antropometria (medi\u00e7\u00e3o de peso e altura):\u00a0<\/strong>Duas vezes ao ano, de janeiro a junho e de julho a dezembro at\u00e9 a crian\u00e7a completar 7 anos.<\/li>\n<li><strong>Campanha de Vacina\u00e7\u00e3o:<\/strong> Crian\u00e7as at\u00e9 4 anos devem seguir o calend\u00e1rio de vacina\u00e7\u00e3o.<\/li>\n<li><strong>Pr\u00e9-natal da Gestante:<\/strong>\u00a0Uma vez por m\u00eas at\u00e9 o nascimento da crian\u00e7a.<\/li>\n<\/ul>\n<h2>A import\u00e2ncia dos CRAS<\/h2>\n<p>As unidades do CRAS desempenham um papel crucial, orientando os benefici\u00e1rios sobre as condi\u00e7\u00f5es do Bolsa Fam\u00edlia, informando sobre prazos e oferecendo suporte para o cumprimento das obriga\u00e7\u00f5es.<\/p>\n<\/div>\n<p><script>\n\t\t! function(f, b, e, v, n, t, s) {\n\t\t\tif (f.fbq) return;\n\t\t\tn = f.fbq = function() {\n\t\t\t\tn.callMethod ?\n\t\t\t\t\tn.callMethod.apply(n, arguments) : n.queue.push(arguments)\n\t\t\t};\n\t\t\tif (!f._fbq) f._fbq = n;\n\t\t\tn.push = n;\n\t\t\tn.loaded = !0;\n\t\t\tn.version = '2.0';\n\t\t\tn.queue = [];\n\t\t\tt = b.createElement(e);\n\t\t\tt.async = !0;\n\t\t\tt.src = v;\n\t\t\ts = b.getElementsByTagName(e)[0];\n\t\t\ts.parentNode.insertBefore(t, s)\n\t\t}(window, document, 'script',\n\t\t\t'https:\/\/connect.facebook.net\/en_US\/fbevents.js');\n\t\tfbq('init', '338315473262380');\n\t\tfbq('track', 'PageView');\n\t<\/script><br \/>\n<br \/><br \/>\n<br \/><a href=\"https:\/\/catracalivre.com.br\/cidadania\/bolsa-familia-2024-tem-novas-regras\/\">Source link <\/a><\/p>\n<!-- CONTENT END 1 -->\n","protected":false},"excerpt":{"rendered":"<p>Bolsa Fam\u00edlia SURPREENDE O Bolsa Fam\u00edlia, programa de apoio a fam\u00edlias em vulnerabilidade social, imp\u00f5e condicionalidades para garantir a perman\u00eancia no benef\u00edcio. Uma dessas exig\u00eancias&#8230;<\/p>\n","protected":false},"author":1,"featured_media":16973,"comment_status":"open","ping_status":"open","sticky":false,"template":"","format":"standard","meta":{"advanced_seo_description":"","jetpack_seo_html_title":"","jetpack_seo_noindex":false,"jetpack_post_was_ever_published":false,"_jetpack_newsletter_access":"","_jetpack_dont_email_post_to_subs":false,"_jetpack_newsletter_tier_id":0,"_jetpack_memberships_contains_paywalled_content":false,"_jetpack_memberships_contains_paid_content":false,"footnotes":"","jetpack_publicize_message":"","jetpack_publicize_feature_enabled":true,"jetpack_social_post_already_shared":true,"jetpack_social_options":{"image_generator_settings":{"template":"highway","default_image_id":0,"font":"","enabled":false},"version":2}},"categories":[19],"tags":[],"class_list":["post-16972","post","type-post","status-publish","format-standard","has-post-thumbnail","hentry","category-variedades"],"jetpack_publicize_connections":[],"jetpack_featured_media_url":"https:\/\/i0.wp.com\/noticiasribeiraopreto.com.br\/wp-content\/uploads\/2023\/12\/a-espera-acabou-bolsa-familia-divulga-novo-cronograma-de-pagamentos.jpg?fit=1200%2C638&ssl=1","jetpack-related-posts":[{"id":6173,"url":"https:\/\/noticiasribeiraopreto.com.br\/index.php\/2023\/11\/25\/reducao-no-valor-surpreende-beneficiarios\/","url_meta":{"origin":16972,"position":0},"title":"redu\u00e7\u00e3o no valor surpreende benefici\u00e1rios","author":"noticiasribeiraopreto.com.br","date":"25 de November de 2023","format":false,"excerpt":"Cr\u00e9ditos: Ag\u00eancia BrasilNot\u00edcia mais aguardada do Bolsa Fam\u00edlia chega ainda esta semana; confira O Bolsa Fam\u00edlia, um dos principais programas de transfer\u00eancia de renda do Governo Federal, est\u00e1 passando por mudan\u00e7as que pegaram muitos dos seus mais de 20 milh\u00f5es de benefici\u00e1rios de surpresa. Uma redu\u00e7\u00e3o no valor do benef\u00edcio\u2026","rel":"","context":"In &quot;Variedades&quot;","block_context":{"text":"Variedades","link":"https:\/\/noticiasribeiraopreto.com.br\/index.php\/category\/variedades\/"},"img":{"alt_text":"","src":"https:\/\/i0.wp.com\/noticiasribeiraopreto.com.br\/wp-content\/uploads\/2023\/11\/1700911029_istock-992914674.jpg?fit=1200%2C638&ssl=1&resize=350%2C200","width":350,"height":200,"srcset":"https:\/\/i0.wp.com\/noticiasribeiraopreto.com.br\/wp-content\/uploads\/2023\/11\/1700911029_istock-992914674.jpg?fit=1200%2C638&ssl=1&resize=350%2C200 1x, https:\/\/i0.wp.com\/noticiasribeiraopreto.com.br\/wp-content\/uploads\/2023\/11\/1700911029_istock-992914674.jpg?fit=1200%2C638&ssl=1&resize=525%2C300 1.5x, https:\/\/i0.wp.com\/noticiasribeiraopreto.com.br\/wp-content\/uploads\/2023\/11\/1700911029_istock-992914674.jpg?fit=1200%2C638&ssl=1&resize=700%2C400 2x, https:\/\/i0.wp.com\/noticiasribeiraopreto.com.br\/wp-content\/uploads\/2023\/11\/1700911029_istock-992914674.jpg?fit=1200%2C638&ssl=1&resize=1050%2C600 3x"},"classes":[]},{"id":16898,"url":"https:\/\/noticiasribeiraopreto.com.br\/index.php\/2023\/12\/16\/bolsa-familia-em-2024-valor-minimo-sera-mantido\/","url_meta":{"origin":16972,"position":1},"title":"Bolsa Fam\u00edlia em 2024: valor m\u00ednimo ser\u00e1 mantido?","author":"noticiasribeiraopreto.com.br","date":"16 de December de 2023","format":false,"excerpt":"Cr\u00e9ditos: Ag\u00eancia Brasil\/Jos\u00e9 CruzBolsa Fam\u00edlia SURPREENDE com pagamento diferenciado perto do NatalO Bolsa Fam\u00edlia, programa essencial para milh\u00f5es de fam\u00edlias brasileiras em situa\u00e7\u00e3o de vulnerabilidade, foi relan\u00e7ado neste ano, trazendo a promessa de apoio financeiro mensal. Com um pagamento m\u00ednimo de R$ 600, o programa visa proporcionar aux\u00edlio \u00e0s fam\u00edlias\u2026","rel":"","context":"In &quot;Variedades&quot;","block_context":{"text":"Variedades","link":"https:\/\/noticiasribeiraopreto.com.br\/index.php\/category\/variedades\/"},"img":{"alt_text":"","src":"https:\/\/i0.wp.com\/noticiasribeiraopreto.com.br\/wp-content\/uploads\/2023\/12\/1702769323_bolsa-familia-a-noticia-mais-esperada-de-setembro-acaba-de-chegar.jpg?fit=1200%2C638&ssl=1&resize=350%2C200","width":350,"height":200,"srcset":"https:\/\/i0.wp.com\/noticiasribeiraopreto.com.br\/wp-content\/uploads\/2023\/12\/1702769323_bolsa-familia-a-noticia-mais-esperada-de-setembro-acaba-de-chegar.jpg?fit=1200%2C638&ssl=1&resize=350%2C200 1x, https:\/\/i0.wp.com\/noticiasribeiraopreto.com.br\/wp-content\/uploads\/2023\/12\/1702769323_bolsa-familia-a-noticia-mais-esperada-de-setembro-acaba-de-chegar.jpg?fit=1200%2C638&ssl=1&resize=525%2C300 1.5x, https:\/\/i0.wp.com\/noticiasribeiraopreto.com.br\/wp-content\/uploads\/2023\/12\/1702769323_bolsa-familia-a-noticia-mais-esperada-de-setembro-acaba-de-chegar.jpg?fit=1200%2C638&ssl=1&resize=700%2C400 2x, https:\/\/i0.wp.com\/noticiasribeiraopreto.com.br\/wp-content\/uploads\/2023\/12\/1702769323_bolsa-familia-a-noticia-mais-esperada-de-setembro-acaba-de-chegar.jpg?fit=1200%2C638&ssl=1&resize=1050%2C600 3x"},"classes":[]},{"id":8251,"url":"https:\/\/noticiasribeiraopreto.com.br\/index.php\/2023\/11\/29\/bolsa-familia-de-novembro-e-pago-a-novo-grupo-hoje-e-valor-surpreende\/","url_meta":{"origin":16972,"position":2},"title":"Bolsa Fam\u00edlia de novembro \u00e9 pago a novo grupo HOJE e valor SURPREENDE","author":"noticiasribeiraopreto.com.br","date":"29 de November de 2023","format":false,"excerpt":"A Caixa Econ\u00f4mica Federal paga nesta quarta-feira, 29, a parcela de novembro do novo Bolsa Fam\u00edlia aos benefici\u00e1rios com N\u00famero de Inscri\u00e7\u00e3o Social (NIS) de final 9. Pelo segundo m\u00eas seguido, o benef\u00edcio tem um adicional para m\u00e3es de beb\u00eas de at\u00e9 seis meses de idade. Cr\u00e9ditos: Ag\u00eancia Brasil\/Marcello Casal\u2026","rel":"","context":"In &quot;Variedades&quot;","block_context":{"text":"Variedades","link":"https:\/\/noticiasribeiraopreto.com.br\/index.php\/category\/variedades\/"},"img":{"alt_text":"","src":"https:\/\/i0.wp.com\/noticiasribeiraopreto.com.br\/wp-content\/uploads\/2023\/11\/bolsa-familia-surpreende-beneficiarios-valor-maior-e-muito-mais.jpg?fit=1200%2C638&ssl=1&resize=350%2C200","width":350,"height":200,"srcset":"https:\/\/i0.wp.com\/noticiasribeiraopreto.com.br\/wp-content\/uploads\/2023\/11\/bolsa-familia-surpreende-beneficiarios-valor-maior-e-muito-mais.jpg?fit=1200%2C638&ssl=1&resize=350%2C200 1x, https:\/\/i0.wp.com\/noticiasribeiraopreto.com.br\/wp-content\/uploads\/2023\/11\/bolsa-familia-surpreende-beneficiarios-valor-maior-e-muito-mais.jpg?fit=1200%2C638&ssl=1&resize=525%2C300 1.5x, https:\/\/i0.wp.com\/noticiasribeiraopreto.com.br\/wp-content\/uploads\/2023\/11\/bolsa-familia-surpreende-beneficiarios-valor-maior-e-muito-mais.jpg?fit=1200%2C638&ssl=1&resize=700%2C400 2x, https:\/\/i0.wp.com\/noticiasribeiraopreto.com.br\/wp-content\/uploads\/2023\/11\/bolsa-familia-surpreende-beneficiarios-valor-maior-e-muito-mais.jpg?fit=1200%2C638&ssl=1&resize=1050%2C600 3x"},"classes":[]},{"id":8730,"url":"https:\/\/noticiasribeiraopreto.com.br\/index.php\/2023\/11\/30\/ultimo-grupo-recebe-bolsa-familia-de-novembro-hoje-e-valor-surpreende\/","url_meta":{"origin":16972,"position":3},"title":"\u00daltimo grupo recebe Bolsa Fam\u00edlia de novembro HOJE e valor SURPREENDE","author":"noticiasribeiraopreto.com.br","date":"30 de November de 2023","format":false,"excerpt":"A Caixa Econ\u00f4mica Federal paga nesta quinta-feira, 30, a parcela de novembro do novo Bolsa Fam\u00edlia aos benefici\u00e1rios com N\u00famero de Inscri\u00e7\u00e3o Social (NIS) de final 0. Pelo segundo m\u00eas seguido, o benef\u00edcio tem um adicional para m\u00e3es de beb\u00eas de at\u00e9 seis meses de idade. Cr\u00e9ditos: Divulga\u00e7\u00e3o\/MDAS\u00daltimo grupo recebe\u2026","rel":"","context":"In &quot;Variedades&quot;","block_context":{"text":"Variedades","link":"https:\/\/noticiasribeiraopreto.com.br\/index.php\/category\/variedades\/"},"img":{"alt_text":"","src":"https:\/\/i0.wp.com\/noticiasribeiraopreto.com.br\/wp-content\/uploads\/2023\/11\/1701381099_julho-chega-com-surpresas-incriveis-no-bolsa-familia.png?fit=1200%2C638&ssl=1&resize=350%2C200","width":350,"height":200,"srcset":"https:\/\/i0.wp.com\/noticiasribeiraopreto.com.br\/wp-content\/uploads\/2023\/11\/1701381099_julho-chega-com-surpresas-incriveis-no-bolsa-familia.png?fit=1200%2C638&ssl=1&resize=350%2C200 1x, https:\/\/i0.wp.com\/noticiasribeiraopreto.com.br\/wp-content\/uploads\/2023\/11\/1701381099_julho-chega-com-surpresas-incriveis-no-bolsa-familia.png?fit=1200%2C638&ssl=1&resize=525%2C300 1.5x, https:\/\/i0.wp.com\/noticiasribeiraopreto.com.br\/wp-content\/uploads\/2023\/11\/1701381099_julho-chega-com-surpresas-incriveis-no-bolsa-familia.png?fit=1200%2C638&ssl=1&resize=700%2C400 2x, https:\/\/i0.wp.com\/noticiasribeiraopreto.com.br\/wp-content\/uploads\/2023\/11\/1701381099_julho-chega-com-surpresas-incriveis-no-bolsa-familia.png?fit=1200%2C638&ssl=1&resize=1050%2C600 3x"},"classes":[]},{"id":2483,"url":"https:\/\/noticiasribeiraopreto.com.br\/index.php\/2023\/11\/15\/bolsa-familia-com-valor-extra-no-natal-surpreende-veja-quem-recebe\/","url_meta":{"origin":16972,"position":4},"title":"Bolsa Fam\u00edlia com valor extra no Natal SURPREENDE; veja quem recebe","author":"noticiasribeiraopreto.com.br","date":"15 de November de 2023","format":false,"excerpt":"Recentemente, uma excelente not\u00edcia chegou aos benefici\u00e1rios do Bolsa Fam\u00edlia, com a confirma\u00e7\u00e3o do t\u00e3o aguardado abono de natal para o ano de 2023. Esta medida visa beneficiar aproximadamente 695 mil fam\u00edlias paraibanas que est\u00e3o inscritas no programa social. Infelizmente, n\u00e3o h\u00e1 previs\u00e3o para pagamento aos benefici\u00e1rios de outros estados.\u2026","rel":"","context":"In &quot;Variedades&quot;","block_context":{"text":"Variedades","link":"https:\/\/noticiasribeiraopreto.com.br\/index.php\/category\/variedades\/"},"img":{"alt_text":"","src":"https:\/\/i0.wp.com\/noticiasribeiraopreto.com.br\/wp-content\/uploads\/2023\/11\/bolsa-familia-faz-ultimo-pagamento-do-mes-hoje.jpg?fit=1200%2C638&ssl=1&resize=350%2C200","width":350,"height":200,"srcset":"https:\/\/i0.wp.com\/noticiasribeiraopreto.com.br\/wp-content\/uploads\/2023\/11\/bolsa-familia-faz-ultimo-pagamento-do-mes-hoje.jpg?fit=1200%2C638&ssl=1&resize=350%2C200 1x, https:\/\/i0.wp.com\/noticiasribeiraopreto.com.br\/wp-content\/uploads\/2023\/11\/bolsa-familia-faz-ultimo-pagamento-do-mes-hoje.jpg?fit=1200%2C638&ssl=1&resize=525%2C300 1.5x, https:\/\/i0.wp.com\/noticiasribeiraopreto.com.br\/wp-content\/uploads\/2023\/11\/bolsa-familia-faz-ultimo-pagamento-do-mes-hoje.jpg?fit=1200%2C638&ssl=1&resize=700%2C400 2x, https:\/\/i0.wp.com\/noticiasribeiraopreto.com.br\/wp-content\/uploads\/2023\/11\/bolsa-familia-faz-ultimo-pagamento-do-mes-hoje.jpg?fit=1200%2C638&ssl=1&resize=1050%2C600 3x"},"classes":[]},{"id":16592,"url":"https:\/\/noticiasribeiraopreto.com.br\/index.php\/2023\/12\/15\/ha-possibilidade-de-reducao-no-valor\/","url_meta":{"origin":16972,"position":5},"title":"h\u00e1 possibilidade de redu\u00e7\u00e3o no valor?","author":"noticiasribeiraopreto.com.br","date":"15 de December de 2023","format":false,"excerpt":"Cr\u00e9ditos: Jefferson Rudy\/Ag\u00eancia SenadoBolsa Fam\u00edlia aprova nova regra que reduz 50% do benef\u00edcio Bolsa Fam\u00edlia, relan\u00e7ado neste ano, desempenha um papel crucial no amparo a milh\u00f5es de fam\u00edlias brasileiras em situa\u00e7\u00e3o de vulnerabilidade social ou econ\u00f4mica. O programa assegura um pagamento m\u00ednimo mensal de R$ 600 como forma de apoio\u2026","rel":"","context":"In &quot;Variedades&quot;","block_context":{"text":"Variedades","link":"https:\/\/noticiasribeiraopreto.com.br\/index.php\/category\/variedades\/"},"img":{"alt_text":"","src":"https:\/\/i0.wp.com\/noticiasribeiraopreto.com.br\/wp-content\/uploads\/2023\/12\/a-melhor-noticia-sobre-o-bolsa-familia-acaba-de-chegar.png?fit=1200%2C638&ssl=1&resize=350%2C200","width":350,"height":200,"srcset":"https:\/\/i0.wp.com\/noticiasribeiraopreto.com.br\/wp-content\/uploads\/2023\/12\/a-melhor-noticia-sobre-o-bolsa-familia-acaba-de-chegar.png?fit=1200%2C638&ssl=1&resize=350%2C200 1x, https:\/\/i0.wp.com\/noticiasribeiraopreto.com.br\/wp-content\/uploads\/2023\/12\/a-melhor-noticia-sobre-o-bolsa-familia-acaba-de-chegar.png?fit=1200%2C638&ssl=1&resize=525%2C300 1.5x, https:\/\/i0.wp.com\/noticiasribeiraopreto.com.br\/wp-content\/uploads\/2023\/12\/a-melhor-noticia-sobre-o-bolsa-familia-acaba-de-chegar.png?fit=1200%2C638&ssl=1&resize=700%2C400 2x, https:\/\/i0.wp.com\/noticiasribeiraopreto.com.br\/wp-content\/uploads\/2023\/12\/a-melhor-noticia-sobre-o-bolsa-familia-acaba-de-chegar.png?fit=1200%2C638&ssl=1&resize=1050%2C600 3x"},"classes":[]}],"jetpack_sharing_enabled":true,"jetpack_shortlink":"https:\/\/wp.me\/peQAOb-4pK","_links":{"self":[{"href":"https:\/\/noticiasribeiraopreto.com.br\/index.php\/wp-json\/wp\/v2\/posts\/16972","targetHints":{"allow":["GET"]}}],"collection":[{"href":"https:\/\/noticiasribeiraopreto.com.br\/index.php\/wp-json\/wp\/v2\/posts"}],"about":[{"href":"https:\/\/noticiasribeiraopreto.com.br\/index.php\/wp-json\/wp\/v2\/types\/post"}],"author":[{"embeddable":true,"href":"https:\/\/noticiasribeiraopreto.com.br\/index.php\/wp-json\/wp\/v2\/users\/1"}],"replies":[{"embeddable":true,"href":"https:\/\/noticiasribeiraopreto.com.br\/index.php\/wp-json\/wp\/v2\/comments?post=16972"}],"version-history":[{"count":0,"href":"https:\/\/noticiasribeiraopreto.com.br\/index.php\/wp-json\/wp\/v2\/posts\/16972\/revisions"}],"wp:featuredmedia":[{"embeddable":true,"href":"https:\/\/noticiasribeiraopreto.com.br\/index.php\/wp-json\/wp\/v2\/media\/16973"}],"wp:attachment":[{"href":"https:\/\/noticiasribeiraopreto.com.br\/index.php\/wp-json\/wp\/v2\/media?parent=16972"}],"wp:term":[{"taxonomy":"category","embeddable":true,"href":"https:\/\/noticiasribeiraopreto.com.br\/index.php\/wp-json\/wp\/v2\/categories?post=16972"},{"taxonomy":"post_tag","embeddable":true,"href":"https:\/\/noticiasribeiraopreto.com.br\/index.php\/wp-json\/wp\/v2\/tags?post=16972"}],"curies":[{"name":"wp","href":"https:\/\/api.w.org\/{rel}","templated":true}]}}