{"id":16974,"date":"2023-12-17T05:59:38","date_gmt":"2023-12-17T08:59:38","guid":{"rendered":"https:\/\/noticiasribeiraopreto.com.br\/index.php\/2023\/12\/17\/movimentos-oculares-podem-indicar-diagnostico-de-autismo\/"},"modified":"2023-12-17T05:59:38","modified_gmt":"2023-12-17T08:59:38","slug":"movimentos-oculares-podem-indicar-diagnostico-de-autismo","status":"publish","type":"post","link":"https:\/\/noticiasribeiraopreto.com.br\/index.php\/2023\/12\/17\/movimentos-oculares-podem-indicar-diagnostico-de-autismo\/","title":{"rendered":"Movimentos oculares podem indicar diagn\u00f3stico de autismo"},"content":{"rendered":"<div class='code-block code-block-1' style='margin: 8px 0 8px auto; text-align: right; display: block; clear: both;'>\n<p><a href=\"https:\/\/wa.link\/vpicfd\"><img data-recalc-dims=\"1\" class=\"wp-image-4922\" style=\"aspect-ratio: 2.0253164556962027; width: 561px; height: auto;\" src=\"https:\/\/i0.wp.com\/ismaelcolosi.com.br\/wp-content\/uploads\/2023\/11\/grupo-de-empregos-whatsapp-e-facebook-ismael-colosi-vagas.jpg?ssl=1\" alt=\"\" \/><\/a><\/p>\n<!-- \/wp:image -->\n<\/div>\n<p> <br \/>\n<\/p>\n<div>\n<div id=\"attachment_2328054\" class=\"wp-caption alignnone\">\n<div class=\"d-flex justify-content-center\" data-attachment-id=\"2328054\">\n<div class=\"position-relative d-inline-block\"><img data-recalc-dims=\"1\" data-portal-copyright=\"Getty Images\" fetchpriority=\"high\" decoding=\"async\" class=\"wp-image-2328054 size-full\" src=\"https:\/\/i0.wp.com\/catracalivre.com.br\/wp-content\/uploads\/2023\/12\/istock-463244921.jpg?resize=1208%2C867&#038;ssl=1\" alt=\"Estudos se concentram em um m\u00e9todo que se baseia na reprodu\u00e7\u00e3o de v\u00eddeos infantis contendo intera\u00e7\u00f5es sociais enquanto monitora \u2013 iStock\/Getty Images\" width=\"1208\" height=\"867\" srcset=\"https:\/\/catracalivre.com.br\/wp-content\/uploads\/2023\/12\/istock-463244921.jpg 1208w, https:\/\/catracalivre.com.br\/wp-content\/uploads\/2023\/12\/istock-463244921-450x323.jpg 450w, https:\/\/catracalivre.com.br\/wp-content\/uploads\/2023\/12\/istock-463244921-768x551.jpg 768w\" sizes=\"(max-width: 1208px) 100vw, 1208px\"\/><\/p>\n<p>Cr\u00e9ditos: Getty Images<\/p>\n<\/div>\n<\/div>\n<p><span class=\"post-imagem__legenda\">Estudos se concentram em um m\u00e9todo que se baseia na reprodu\u00e7\u00e3o de v\u00eddeos infantis contendo intera\u00e7\u00f5es sociais enquanto monitora \u2013 iStock\/Getty Images<\/span><\/p>\n<\/div>\n<p>Novos estudos t\u00eam direcionado esfor\u00e7os para diagn\u00f3sticos mais precoces e assertivos no campo dos transtornos de desenvolvimento infantil, como o<strong><a href=\"https:\/\/www.gov.br\/saude\/pt-br\/assuntos\/noticias\/2023\/setembro\/pela-primeira-vez-ministerio-da-saude-inclui-tratamento-do-transtorno-do-espectro-autista-na-politica-nacional-da-pessoa-com-deficiencia#:~:text=O%20TEA%20%C3%A9%20caracterizado%20pela,linguagem%2C%20intera%C3%A7%C3%A3o%20social%20e%20comportamento.\" target=\"_blank\" rel=\"noopener\"> Transtorno do Espectro Autista (TEA).<\/a><\/strong><\/p>\n<p>\u00c9 o que mostram algumas pesquisas recentes publicadas nas renomadas revistas JAMA e JAMA Network Open ao apontar que o <strong><a href=\"https:\/\/catracalivre.com.br\/saude-bem-estar\/autismo-como-identificar-sinais-na-fase-adulta\/\" target=\"_blank\" rel=\"noopener\">TEA<\/a><\/strong> pode ser diagnosticado a partir dos 16 meses de idade atrav\u00e9s da an\u00e1lise de movimentos oculares.<\/p>\n<h2>Autismo: O que mostram os dados<\/h2>\n<p>Para chegar aos resultados sobre o tema, os\u00a0estudos se concentram principalmente em um m\u00e9todo que se baseia na reprodu\u00e7\u00e3o de v\u00eddeos infantis contendo intera\u00e7\u00f5es sociais enquanto monitora os micromovimentos dos globos oculares das crian\u00e7as. As pesquisas apontam que essa detec\u00e7\u00e3o precoce n\u00e3o apenas torna o diagn\u00f3stico mais r\u00e1pido, mas tamb\u00e9m mais acess\u00edvel.<\/p>\n<p>A pesquisa inicial, conduzida pelo hospital Children\u2019s Healthcare de Atlanta, EUA, analisou mais de 1.000 crian\u00e7as entre um e dois anos e meio, todas com sintomas associados ou fatores gen\u00e9ticos de risco para o TEA.\u00a0As crian\u00e7as assistiram 14 v\u00eddeos de intera\u00e7\u00f5es sociais entre pares enquanto suas atividades oculares eram rastreadas por c\u00e2meras especializadas, capazes de captar esses micro-movimentos a uma taxa de 120 vezes por segundo.<\/p>\n<p>Os dados coletados foram ent\u00e3o analisados por um programa de computador treinado para detectar padr\u00f5es de movimento ocular associados ao autismo.<\/p>\n<p>Dos 1.089 participantes, 519 foram diagnosticados dentro de algum grau do espectro autista. O m\u00e9todo de rastreamento ocular, comparado ao diagn\u00f3stico realizado por um m\u00e9dico especializado, obteve 86% de precis\u00e3o.<\/p>\n<h2>Futuro da medicina<\/h2>\n<p>Esse tipo de diagn\u00f3stico precoce tem o potencial de mudar radicalmente o cen\u00e1rio de detec\u00e7\u00e3o e tratamento do TEA. Afinal, quanto mais cedo o diagn\u00f3stico, mais r\u00e1pido a crian\u00e7a pode iniciar a terapia e desenvolver habilidades que auxiliam na integra\u00e7\u00e3o social e acad\u00eamica.<\/p>\n<p>\u201cOs resultados mostram que a maneira como as crian\u00e7as olham para a informa\u00e7\u00e3o social pode servir como um biomarcador eficaz e objetivo para sinais precoces de autismo\u201d, afirma o pesquisador Warren Jones, autor principal do estudo.<\/p>\n<p>Diagn\u00f3stico do TEA?<\/p>\n<p>Esse avan\u00e7o na metodologia de diagn\u00f3stico do TEA \u00e9 um marco significativo, por\u00e9m a pesquisa ainda precisa ser mais explorada e ampliada. Vale a pena salientar que o TEA \u00e9 um transtorno complexo e ainda n\u00e3o totalmente entendido pela ci\u00eancia, uma vez que pode envolver uma combina\u00e7\u00e3o de fatores gen\u00e9ticos, como hist\u00f3rico familiar, idade dos pais, e fatores ambientais.<\/p>\n<p>Apesar disso, a possibilidade de detec\u00e7\u00e3o precoce do transtorno a partir da an\u00e1lise de movimentos oculares \u00e9 um avan\u00e7o significativo no campo da medicina, abrindo portas para um diagn\u00f3stico mais r\u00e1pido, preciso e menos invasivo, beneficiando crian\u00e7as e suas fam\u00edlias ao redor do mundo.<\/p>\n<\/div>\n<p><script>\n\t\t! function(f, b, e, v, n, t, s) {\n\t\t\tif (f.fbq) return;\n\t\t\tn = f.fbq = function() {\n\t\t\t\tn.callMethod ?\n\t\t\t\t\tn.callMethod.apply(n, arguments) : n.queue.push(arguments)\n\t\t\t};\n\t\t\tif (!f._fbq) f._fbq = n;\n\t\t\tn.push = n;\n\t\t\tn.loaded = !0;\n\t\t\tn.version = '2.0';\n\t\t\tn.queue = [];\n\t\t\tt = b.createElement(e);\n\t\t\tt.async = !0;\n\t\t\tt.src = v;\n\t\t\ts = b.getElementsByTagName(e)[0];\n\t\t\ts.parentNode.insertBefore(t, s)\n\t\t}(window, document, 'script',\n\t\t\t'https:\/\/connect.facebook.net\/en_US\/fbevents.js');\n\t\tfbq('init', '338315473262380');\n\t\tfbq('track', 'PageView');\n\t<\/script><br \/>\n<br \/><br \/>\n<br \/><a href=\"https:\/\/catracalivre.com.br\/saude-bem-estar\/movimentos-oculares-podem-indicar-diagnostico-de-autismo\/\">Source link <\/a><\/p>\n<!-- CONTENT END 1 -->\n","protected":false},"excerpt":{"rendered":"<p>Cr\u00e9ditos: Getty Images Estudos se concentram em um m\u00e9todo que se baseia na reprodu\u00e7\u00e3o de v\u00eddeos infantis contendo intera\u00e7\u00f5es sociais enquanto monitora \u2013 iStock\/Getty Images&#8230;<\/p>\n","protected":false},"author":1,"featured_media":16975,"comment_status":"open","ping_status":"open","sticky":false,"template":"","format":"standard","meta":{"advanced_seo_description":"","jetpack_seo_html_title":"","jetpack_seo_noindex":false,"jetpack_post_was_ever_published":false,"_jetpack_newsletter_access":"","_jetpack_dont_email_post_to_subs":false,"_jetpack_newsletter_tier_id":0,"_jetpack_memberships_contains_paywalled_content":false,"_jetpack_memberships_contains_paid_content":false,"footnotes":"","jetpack_publicize_message":"","jetpack_publicize_feature_enabled":true,"jetpack_social_post_already_shared":true,"jetpack_social_options":{"image_generator_settings":{"template":"highway","default_image_id":0,"font":"","enabled":false},"version":2}},"categories":[19],"tags":[],"class_list":["post-16974","post","type-post","status-publish","format-standard","has-post-thumbnail","hentry","category-variedades"],"jetpack_publicize_connections":[],"jetpack_featured_media_url":"https:\/\/i0.wp.com\/noticiasribeiraopreto.com.br\/wp-content\/uploads\/2023\/12\/istock-463244921.jpg?fit=1200%2C638&ssl=1","jetpack-related-posts":[{"id":55475,"url":"https:\/\/noticiasribeiraopreto.com.br\/index.php\/2024\/08\/02\/contrata-se-operadora-de-brinquedos-pcd-2\/","url_meta":{"origin":16974,"position":0},"title":"CONTRATA-SE OPERADOR(A) DE BRINQUEDOS PCD","author":"noticiasribeiraopreto.com.br","date":"2 de August de 2024","format":false,"excerpt":"An\u00fancios CONTRATA-SE OPERADOR(A) DE BRINQUEDOS PCD Empregos - - 14\/07\/2024 Park do Goril\u00e3o - Ir\u00e1 tirar d\u00favidas dos clientes sobre os brinquedos, zelar pela limpeza dos brinquedos, operar brinquedos. Hor\u00e1rio das 13h40\u00e0s 22h - escala 6x1. Sal\u00e1rio R$ 1.441,30 + Vale Alim. + Vale Ref. + Vale Transp. + Conv\u00eanio\u2026","rel":"","context":"In &quot;Vagas de Emprego em Ribeir\u00e3o Preto-SP&quot;","block_context":{"text":"Vagas de Emprego em Ribeir\u00e3o Preto-SP","link":"https:\/\/noticiasribeiraopreto.com.br\/index.php\/category\/empregos-classificados-vagas-trabalho\/vagas-de-empregos-em-ribeirao-preto-regiao-brasil\/"},"img":{"alt_text":"CONTRATA-SE OPERADOR(A) DE BRINQUEDOS PCD","src":"https:\/\/i0.wp.com\/tribunaribeirao.com.br\/classificadostribuna\/oc-content\/uploads\/39\/4455_thumbnail.jpg?resize=350%2C200&ssl=1","width":350,"height":200},"classes":[]},{"id":54799,"url":"https:\/\/noticiasribeiraopreto.com.br\/index.php\/2024\/07\/23\/contrata-se-operadora-de-brinquedos-pcd\/","url_meta":{"origin":16974,"position":1},"title":"CONTRATA-SE OPERADOR(A) DE BRINQUEDOS PCD","author":"noticiasribeiraopreto.com.br","date":"23 de July de 2024","format":false,"excerpt":"An\u00fancios CONTRATA-SE OPERADOR(A) DE BRINQUEDOS PCD Empregos - - 14\/07\/2024 Park do Goril\u00e3o - Ir\u00e1 tirar d\u00favidas dos clientes sobre os brinquedos, zelar pela limpeza dos brinquedos, operar brinquedos. Hor\u00e1rio das 13h40\u00e0s 22h - escala 6x1. Sal\u00e1rio R$ 1.441,30 + Vale Alim. + Vale Ref. + Vale Transp. + Conv\u00eanio\u2026","rel":"","context":"In &quot;Vagas de Emprego em Ribeir\u00e3o Preto-SP&quot;","block_context":{"text":"Vagas de Emprego em Ribeir\u00e3o Preto-SP","link":"https:\/\/noticiasribeiraopreto.com.br\/index.php\/category\/empregos-classificados-vagas-trabalho\/vagas-de-empregos-em-ribeirao-preto-regiao-brasil\/"},"img":{"alt_text":"CONTRATA-SE OPERADOR(A) DE BRINQUEDOS PCD","src":"https:\/\/i0.wp.com\/tribunaribeirao.com.br\/classificadostribuna\/oc-content\/uploads\/39\/4455_thumbnail.jpg?resize=350%2C200&ssl=1","width":350,"height":200},"classes":[]},{"id":54582,"url":"https:\/\/noticiasribeiraopreto.com.br\/index.php\/2024\/07\/13\/contrata-se-tosadora-com-experiencia\/","url_meta":{"origin":16974,"position":2},"title":"CONTRATA-SE TOSADORA COM EXPERI\u00caNCIA","author":"noticiasribeiraopreto.com.br","date":"13 de July de 2024","format":false,"excerpt":"An\u00fancios VAGAS PARA PCD E REABILITADOS Empregos - - 11\/07\/2024 Empresa em grande expans\u00e3o no mercado, contrata Recuperadores de Cr\u00e9ditos (Vagas para PCD e Reabilitados). Carga hor\u00e1ria de 6 horas di\u00e1rias de Segunda a S\u00e1bado (das 08h \u00e0s 14h ou das 14h \u00e0s 20h). Interessados favor encaminhar o curr\u00edculo no\u2026","rel":"","context":"In &quot;Vagas de Emprego em Ribeir\u00e3o Preto-SP&quot;","block_context":{"text":"Vagas de Emprego em Ribeir\u00e3o Preto-SP","link":"https:\/\/noticiasribeiraopreto.com.br\/index.php\/category\/empregos-classificados-vagas-trabalho\/vagas-de-empregos-em-ribeirao-preto-regiao-brasil\/"},"img":{"alt_text":"CONTRATA-SE TOSADORA COM EXPERI\u00caNCIA","src":"https:\/\/i0.wp.com\/tribunaribeirao.com.br\/classificadostribuna\/oc-content\/uploads\/39\/4438_thumbnail.jpg?resize=350%2C200&ssl=1","width":350,"height":200},"classes":[]},{"id":34933,"url":"https:\/\/noticiasribeiraopreto.com.br\/index.php\/2024\/02\/04\/contrata-se-assistente-contabil-feminino\/","url_meta":{"origin":16974,"position":3},"title":"CONTRATA-SE ASSISTENTE CONT\u00c1BIL (FEMININO)","author":"noticiasribeiraopreto.com.br","date":"4 de February de 2024","format":false,"excerpt":"An\u00fancios CONTRATA-SE ASSISTENTE CONT\u00c1BIL (FEMININO) Empregos - - 02\/02\/2024 Contrata-se. Carga hor\u00e1ria: 40 horas semanais. Dias trabalhados: de segunda a sexta. Sal\u00e1rio: R$ 2.500,00 bruto. Benef\u00edcios: R$ 27,50 de vale alimenta\u00e7\u00e3o por dia \u00fatil; Seguro de vida; Conv\u00eanio m\u00e9dico ap\u00f3s experi\u00eancia sem desconto; PLR ap\u00f3s 1 ano de r... CONTRATA-SE\u2026","rel":"","context":"In &quot;Vagas de Emprego em Ribeir\u00e3o Preto-SP&quot;","block_context":{"text":"Vagas de Emprego em Ribeir\u00e3o Preto-SP","link":"https:\/\/noticiasribeiraopreto.com.br\/index.php\/category\/empregos-classificados-vagas-trabalho\/vagas-de-empregos-em-ribeirao-preto-regiao-brasil\/"},"img":{"alt_text":"CONTRATA-SE ASSISTENTE CONT\u00c1BIL (FEMININO)","src":"https:\/\/i0.wp.com\/www.tribunaribeirao.com.br\/classificadostribuna\/oc-content\/uploads\/33\/3879_thumbnail.jpg?resize=350%2C200&ssl=1","width":350,"height":200},"classes":[]},{"id":54178,"url":"https:\/\/noticiasribeiraopreto.com.br\/index.php\/2024\/07\/02\/contrata-se-costureira\/","url_meta":{"origin":16974,"position":4},"title":"CONTRATA-SE COSTUREIRA","author":"noticiasribeiraopreto.com.br","date":"2 de July de 2024","format":false,"excerpt":"An\u00fancios CONTRATA-SE COSTUREIRA Empregos - - 02\/07\/2024 Confec\u00e7\u00e3o de moda praia precisa de costureira com pr\u00e1tica. Interessados comparecer \u00e0 Avenida Jo\u00e3o Fiusa, 1287 \u2013 Ribeir\u00e3o Preto\/SP em hor\u00e1rio comercial. CONTRATA-SE ASSISTENTE CONT\u00c1BIL (FEMININO) Empregos - - 02\/07\/2024 Carga hor\u00e1ria: 40 horas semanais.Dias trabalhados: de segunda a sexta. Sal\u00e1rio: R$ 2.500,00\u2026","rel":"","context":"In &quot;Vagas de Emprego em Ribeir\u00e3o Preto-SP&quot;","block_context":{"text":"Vagas de Emprego em Ribeir\u00e3o Preto-SP","link":"https:\/\/noticiasribeiraopreto.com.br\/index.php\/category\/empregos-classificados-vagas-trabalho\/vagas-de-empregos-em-ribeirao-preto-regiao-brasil\/"},"img":{"alt_text":"CONTRATA-SE COSTUREIRA","src":"https:\/\/i0.wp.com\/tribunaribeirao.com.br\/classificadostribuna\/oc-content\/uploads\/37\/4315_thumbnail.jpg?resize=350%2C200&ssl=1","width":350,"height":200},"classes":[]},{"id":46758,"url":"https:\/\/noticiasribeiraopreto.com.br\/index.php\/2024\/04\/14\/contrata-se-lavador-acabador-polidor\/","url_meta":{"origin":16974,"position":5},"title":"CONTRATA-SE LAVADOR, ACABADOR, POLIDOR","author":"noticiasribeiraopreto.com.br","date":"14 de April de 2024","format":false,"excerpt":"An\u00fancios CONTRATA-SE SECRET\u00c1RIA Empregos - - 05\/04\/2024 Precisa-se para consult\u00f3rio m\u00e9dico. Com experi\u00eancia em conv\u00eanio m\u00e9dico. Meio per\u00edodo. Tratar (16) 99109-3032 CONTRATA-SE REPRESENTANTE COMERCIAL Empregos - - 04\/04\/2024 Maxqualy empresa da linha de Puericultura leve e perfumaria contrata. Para a \u00e1rea de Ribeir\u00e3o Preto e cidades vizinhas. \u00d3timos ganhos. Contato\u2026","rel":"","context":"In &quot;Vagas de Emprego em Ribeir\u00e3o Preto-SP&quot;","block_context":{"text":"Vagas de Emprego em Ribeir\u00e3o Preto-SP","link":"https:\/\/noticiasribeiraopreto.com.br\/index.php\/category\/empregos-classificados-vagas-trabalho\/vagas-de-empregos-em-ribeirao-preto-regiao-brasil\/"},"img":{"alt_text":"CONTRATA-SE LAVADOR, ACABADOR, POLIDOR","src":"https:\/\/i0.wp.com\/www.tribunaribeirao.com.br\/classificadostribuna\/oc-content\/uploads\/35\/4081_thumbnail.jpg?resize=350%2C200&ssl=1","width":350,"height":200},"classes":[]}],"jetpack_sharing_enabled":true,"jetpack_shortlink":"https:\/\/wp.me\/peQAOb-4pM","_links":{"self":[{"href":"https:\/\/noticiasribeiraopreto.com.br\/index.php\/wp-json\/wp\/v2\/posts\/16974","targetHints":{"allow":["GET"]}}],"collection":[{"href":"https:\/\/noticiasribeiraopreto.com.br\/index.php\/wp-json\/wp\/v2\/posts"}],"about":[{"href":"https:\/\/noticiasribeiraopreto.com.br\/index.php\/wp-json\/wp\/v2\/types\/post"}],"author":[{"embeddable":true,"href":"https:\/\/noticiasribeiraopreto.com.br\/index.php\/wp-json\/wp\/v2\/users\/1"}],"replies":[{"embeddable":true,"href":"https:\/\/noticiasribeiraopreto.com.br\/index.php\/wp-json\/wp\/v2\/comments?post=16974"}],"version-history":[{"count":0,"href":"https:\/\/noticiasribeiraopreto.com.br\/index.php\/wp-json\/wp\/v2\/posts\/16974\/revisions"}],"wp:featuredmedia":[{"embeddable":true,"href":"https:\/\/noticiasribeiraopreto.com.br\/index.php\/wp-json\/wp\/v2\/media\/16975"}],"wp:attachment":[{"href":"https:\/\/noticiasribeiraopreto.com.br\/index.php\/wp-json\/wp\/v2\/media?parent=16974"}],"wp:term":[{"taxonomy":"category","embeddable":true,"href":"https:\/\/noticiasribeiraopreto.com.br\/index.php\/wp-json\/wp\/v2\/categories?post=16974"},{"taxonomy":"post_tag","embeddable":true,"href":"https:\/\/noticiasribeiraopreto.com.br\/index.php\/wp-json\/wp\/v2\/tags?post=16974"}],"curies":[{"name":"wp","href":"https:\/\/api.w.org\/{rel}","templated":true}]}}