{"id":16976,"date":"2023-12-17T06:20:24","date_gmt":"2023-12-17T09:20:24","guid":{"rendered":"https:\/\/noticiasribeiraopreto.com.br\/index.php\/2023\/12\/17\/10-frutas-que-fazem-bem-a-saude-do-coracao-meu-valor-digital\/"},"modified":"2023-12-17T06:20:24","modified_gmt":"2023-12-17T09:20:24","slug":"10-frutas-que-fazem-bem-a-saude-do-coracao-meu-valor-digital","status":"publish","type":"post","link":"https:\/\/noticiasribeiraopreto.com.br\/index.php\/2023\/12\/17\/10-frutas-que-fazem-bem-a-saude-do-coracao-meu-valor-digital\/","title":{"rendered":"10 frutas que fazem bem a sa\u00fade do cora\u00e7\u00e3o &#8211; Meu Valor Digital"},"content":{"rendered":"<div class='code-block code-block-1' style='margin: 8px 0 8px auto; text-align: right; display: block; clear: both;'>\n<p><a href=\"https:\/\/wa.link\/vpicfd\"><img data-recalc-dims=\"1\" class=\"wp-image-4922\" style=\"aspect-ratio: 2.0253164556962027; width: 561px; height: auto;\" src=\"https:\/\/i0.wp.com\/ismaelcolosi.com.br\/wp-content\/uploads\/2023\/11\/grupo-de-empregos-whatsapp-e-facebook-ismael-colosi-vagas.jpg?ssl=1\" alt=\"\" \/><\/a><\/p>\n<!-- \/wp:image -->\n<\/div>\n<p> <br \/>\n<\/p>\n<div>\n<p>Em meio \u00e0 realidade alarmante da sa\u00fade cardiovascular no Brasil, onde 14 milh\u00f5es de pessoas enfrentam enfermidades card\u00edacas, emerge uma quest\u00e3o cr\u00edtica: como podemos melhorar a preven\u00e7\u00e3o e o cuidado?<\/p>\n<p>A despeito da alta preval\u00eancia de doen\u00e7as card\u00edacas, uma parcela significativa da popula\u00e7\u00e3o, cerca de 23%, permanece distante dos consult\u00f3rios cardiol\u00f3gicos.<\/p>\n<p>]A gravidade desta situa\u00e7\u00e3o \u00e9 refletida nas estat\u00edsticas do Instituto Nacional de Cardiologia, que revelam mais de 7 milh\u00f5es de \u00f3bitos relacionados a complica\u00e7\u00f5es card\u00edacas de 2017 a 2021. <\/p>\n<p>Este cen\u00e1rio n\u00e3o somente chama a aten\u00e7\u00e3o para a urg\u00eancia de medidas preventivas, mas tamb\u00e9m abre caminho para a discuss\u00e3o sobre o papel fundamental da nutri\u00e7\u00e3o na sa\u00fade do cora\u00e7\u00e3o. <\/p>\n<p>Diante disso, este artigo se prop\u00f5e a mergulhar no universo das frutas e seus benef\u00edcios card\u00edacos, oferecendo percep\u00e7\u00f5es sobre como pequenas escolhas alimentares podem ser passos na dire\u00e7\u00e3o de um cora\u00e7\u00e3o mais saud\u00e1vel e uma vida mais longa.<\/p>\n<p><strong>Leia +: <\/strong><a href=\"https:\/\/meuvalordigital.com.br\/conheca-os-beneficios-do-tomate-para-a-sua-saude\/\">Conhe\u00e7a os benef\u00edcios do tomate para a sua sa\u00fade<\/a><\/p>\n<h2 class=\"wp-block-heading\" id=\"h-laranja\">Laranja<\/h2>\n<p><strong>Benef\u00edcios: <\/strong>as laranjas s\u00e3o conhecidas por sua riqueza em vitamina C e flavonoides. Estes compostos antioxidantes ajudam a proteger o cora\u00e7\u00e3o ao reduzir o estresse oxidativo e fortalecer os vasos sangu\u00edneos.<\/p>\n<p><strong>Impacto na sa\u00fade do cora\u00e7\u00e3o:<\/strong> o consumo regular de laranjas tem sido associado \u00e0 redu\u00e7\u00e3o da press\u00e3o arterial e \u00e0 melhoria da sa\u00fade das art\u00e9rias. Al\u00e9m disso, a fibra pectina presente nas laranjas ajuda a baixar os n\u00edveis de colesterol.<\/p>\n<h2 class=\"wp-block-heading\" id=\"h-macas\">Ma\u00e7\u00e3s<\/h2>\n<p><strong>Benef\u00edcios:<\/strong> ma\u00e7\u00e3s s\u00e3o uma excelente fonte de fibras sol\u00faveis e antioxidantes. Elas cont\u00eam compostos como a quercetina, que t\u00eam efeitos anti-inflamat\u00f3rios e vasoprotetores.<\/p>\n<p><strong>Impacto na sa\u00fade do cora\u00e7\u00e3o: <\/strong>estudos sugerem que comer ma\u00e7\u00e3s regularmente pode reduzir o risco de doen\u00e7as card\u00edacas coron\u00e1rias. As fibras ajudam a diminuir o colesterol ruim (LDL), enquanto os antioxidantes protegem contra o dano arterial.<\/p>\n<h2 class=\"wp-block-heading\" id=\"h-frutas-vermelhas-morangos-framboesas-amoras\">Frutas Vermelhas (Morangos, Framboesas, Amoras)<\/h2>\n<p><strong>Benef\u00edcios: <\/strong>frutas vermelhas s\u00e3o ricas em antioxidantes, como as antocianinas, que conferem n\u00e3o apenas suas cores vibrantes, mas tamb\u00e9m propriedades de sa\u00fade cardiovascular.<\/p>\n<p><strong>Impacto na sa\u00fade do cora\u00e7\u00e3o: <\/strong>o consumo de frutas vermelhas est\u00e1 associado \u00e0 melhoria da fun\u00e7\u00e3o dos vasos sangu\u00edneos e \u00e0 redu\u00e7\u00e3o do risco de aterosclerose. Elas tamb\u00e9m ajudam a controlar os n\u00edveis de colesterol e press\u00e3o arterial.<\/p>\n<h2 class=\"wp-block-heading\" id=\"h-mamao\">Mam\u00e3o<\/h2>\n<p><strong>Benef\u00edcios: <\/strong>o mam\u00e3o \u00e9 uma fonte rica de vitamina C, pot\u00e1ssio e antioxidantes, como o licopeno. Estes nutrientes s\u00e3o cruciais para combater o estresse oxidativo e melhorar a sa\u00fade cardiovascular.<\/p>\n<p><strong>Impacto na sa\u00fade do cora\u00e7\u00e3o: <\/strong>o pot\u00e1ssio no mam\u00e3o ajuda a regular a press\u00e3o arterial, enquanto os antioxidantes reduzem a inflama\u00e7\u00e3o, um fator de risco significativo para doen\u00e7as card\u00edacas. Al\u00e9m disso, o mam\u00e3o ajuda na digest\u00e3o e redu\u00e7\u00e3o do colesterol.<\/p>\n<h2 class=\"wp-block-heading\" id=\"h-uvas\">Uvas<\/h2>\n<p><strong>Benef\u00edcios: <\/strong>as uvas, especialmente as escuras, s\u00e3o conhecidas por seu alto teor de resveratrol, um antioxidante poderoso. Elas tamb\u00e9m cont\u00eam flavonoides, que protegem o cora\u00e7\u00e3o.<\/p>\n<p><strong>Impacto na sa\u00fade do cora\u00e7\u00e3o: <\/strong>o resveratrol ajuda a melhorar a circula\u00e7\u00e3o sangu\u00ednea e reduzir a inflama\u00e7\u00e3o. Estudos indicam que ele pode tamb\u00e9m ajudar a prevenir a forma\u00e7\u00e3o de co\u00e1gulos sangu\u00edneos e a reduzir o risco de aterosclerose.<\/p>\n<p><strong>Leia +: <\/strong><a href=\"https:\/\/meuvalordigital.com.br\/10-alimentos-ricos-em-vitamina-c-para-impulsionar-sua-saude\/\">10 alimentos ricos em vitamina C para impulsionar sua sa\u00fade<\/a><\/p>\n<h2 class=\"wp-block-heading\" id=\"h-pessegos\">P\u00eassegos<\/h2>\n<p><strong>Benef\u00edcios: <\/strong>p\u00eassegos s\u00e3o ricos em fibras, pot\u00e1ssio e vitamina C. Eles s\u00e3o especialmente ben\u00e9ficos para a manuten\u00e7\u00e3o de um sistema cardiovascular saud\u00e1vel.<\/p>\n<p><strong>Impacto na sa\u00fade do cora\u00e7\u00e3o: <\/strong>o pot\u00e1ssio nos p\u00eassegos ajuda a controlar a press\u00e3o arterial, enquanto as fibras ajudam a reduzir o colesterol. A vitamina C e os antioxidantes presentes nos p\u00eassegos tamb\u00e9m contribuem para a sa\u00fade das art\u00e9rias.<\/p>\n<h2 class=\"wp-block-heading\" id=\"h-damasco\">Damasco<\/h2>\n<p><strong>Benef\u00edcios: <\/strong>damascos s\u00e3o uma excelente fonte de vitamina A, pot\u00e1ssio e fibras. Eles cont\u00eam tamb\u00e9m antioxidantes que protegem o cora\u00e7\u00e3o.<\/p>\n<p><strong>Impacto na sa\u00fade do cora\u00e7\u00e3o:<\/strong> o alto teor de pot\u00e1ssio nos damascos contribui para a sa\u00fade cardiovascular, ajudando a controlar a press\u00e3o arterial. As fibras ajudam na redu\u00e7\u00e3o do colesterol, enquanto os antioxidantes protegem contra o dano oxidativo.<\/p>\n<h2 class=\"wp-block-heading\" id=\"h-melancia\">Melancia<\/h2>\n<p><strong>Benef\u00edcios: <\/strong>a melancia \u00e9 rica em L-citrulina, um amino\u00e1cido que ajuda a melhorar a circula\u00e7\u00e3o sangu\u00ednea. Tamb\u00e9m \u00e9 uma boa fonte de antioxidantes, como o licopeno.<\/p>\n<p><strong>Impacto na sa\u00fade do cora\u00e7\u00e3o:<\/strong> a L-citrulina na melancia pode ajudar a reduzir a press\u00e3o arterial e melhorar a fun\u00e7\u00e3o arterial. O licopeno ajuda a reduzir a rigidez e o espessamento das paredes das art\u00e9rias.<\/p>\n<h2 class=\"wp-block-heading\" id=\"h-peras\">Peras<\/h2>\n<p><strong>Benef\u00edcios: <\/strong>peras s\u00e3o ricas em fibras e vitaminas essenciais. Elas t\u00eam um perfil nutricional que \u00e9 particularmente ben\u00e9fico para a sa\u00fade do cora\u00e7\u00e3o.<\/p>\n<p><strong>Impacto na sa\u00fade do cora\u00e7\u00e3o: <\/strong>as fibras nas peras ajudam a reduzir os n\u00edveis de colesterol LDL. Al\u00e9m disso, as peras t\u00eam propriedades anti-inflamat\u00f3rias que podem ajudar a reduzir o risco de doen\u00e7as card\u00edacas.<\/p>\n<h2 class=\"wp-block-heading\" id=\"h-cerejas\">Cerejas<\/h2>\n<p><strong>Benef\u00edcios: <\/strong>cerejas s\u00e3o uma excelente fonte de antocianinas e pot\u00e1ssio. Estes compostos t\u00eam propriedades antioxidantes e anti-inflamat\u00f3rias.<\/p>\n<p><strong>Impacto na sa\u00fade do cora\u00e7\u00e3o:<\/strong> as cerejas podem ajudar a reduzir a inflama\u00e7\u00e3o e a tens\u00e3o arterial. Estudos sugerem que elas tamb\u00e9m podem melhorar a sa\u00fade vascular e reduzir o risco de acidentes vasculares cerebrais.<\/p>\n<\/div>\n<p><br \/>\n<br \/><a href=\"https:\/\/meuvalordigital.com.br\/10-frutas-que-fazem-bem-a-saude-do-coracao\/\">Source link <\/a><\/p>\n<!-- CONTENT END 1 -->\n","protected":false},"excerpt":{"rendered":"<p>Em meio \u00e0 realidade alarmante da sa\u00fade cardiovascular no Brasil, onde 14 milh\u00f5es de pessoas enfrentam enfermidades card\u00edacas, emerge uma quest\u00e3o cr\u00edtica: como podemos melhorar&#8230;<\/p>\n","protected":false},"author":1,"featured_media":16977,"comment_status":"open","ping_status":"open","sticky":false,"template":"","format":"standard","meta":{"advanced_seo_description":"","jetpack_seo_html_title":"","jetpack_seo_noindex":false,"jetpack_post_was_ever_published":false,"_jetpack_newsletter_access":"","_jetpack_dont_email_post_to_subs":false,"_jetpack_newsletter_tier_id":0,"_jetpack_memberships_contains_paywalled_content":false,"_jetpack_memberships_contains_paid_content":false,"footnotes":"","jetpack_publicize_message":"","jetpack_publicize_feature_enabled":true,"jetpack_social_post_already_shared":true,"jetpack_social_options":{"image_generator_settings":{"template":"highway","default_image_id":0,"font":"","enabled":false},"version":2}},"categories":[7],"tags":[],"class_list":["post-16976","post","type-post","status-publish","format-standard","has-post-thumbnail","hentry","category-vagas-de-empregos-em-ribeirao-preto-regiao-brasil"],"jetpack_publicize_connections":[],"jetpack_featured_media_url":"https:\/\/i0.wp.com\/noticiasribeiraopreto.com.br\/wp-content\/uploads\/2023\/12\/Frutas-Coracao.jpg?fit=1242%2C800&ssl=1","jetpack-related-posts":[{"id":79903,"url":"https:\/\/noticiasribeiraopreto.com.br\/index.php\/2025\/11\/10\/rodoviaria-de-ribeirao-preto-recebe-acao-de-conscientizacao-sobre-saude-cardiaca\/","url_meta":{"origin":16976,"position":0},"title":"Rodovi\u00e1ria de Ribeir\u00e3o Preto recebe a\u00e7\u00e3o de conscientiza\u00e7\u00e3o sobre sa\u00fade card\u00edaca","author":"noticiasribeiraopreto.com.br","date":"10 de November de 2025","format":false,"excerpt":"A Rodovi\u00e1ria de Ribeir\u00e3o Preto recebe nesta quarta-feira (12) uma a\u00e7\u00e3o de conscientiza\u00e7\u00e3o sobre sa\u00fade do cora\u00e7\u00e3o. A campanha \u201cCora\u00e7\u00e3o na Batida Certa\u201d tem o objetivo orientar a popula\u00e7\u00e3o sobre a import\u00e2ncia do manejo imediato da parada cardiorrespirat\u00f3ria, al\u00e9m de refor\u00e7ar a preven\u00e7\u00e3o e o diagn\u00f3stico precoce das arritmias card\u00edacas.\u2026","rel":"","context":"In &quot;Not\u00edcias de Ribeir\u00e3o Preto-SP e Regi\u00e3o&quot;","block_context":{"text":"Not\u00edcias de Ribeir\u00e3o Preto-SP e Regi\u00e3o","link":"https:\/\/noticiasribeiraopreto.com.br\/index.php\/category\/noticias-de-ribeirao-preto-sp-e-regiao-ismael-colosi\/"},"img":{"alt_text":"","src":"https:\/\/i0.wp.com\/noticiasribeiraopreto.com.br\/wp-content\/uploads\/2025\/10\/Copia-de-Copia-de-Copia-de-TAMANHO-EXATO-PARA-FOTOS-NO-SISTEMA-NOVO-2025-10-09T172553.467_2025-10-09_20-25-58.webp.webp?fit=1200%2C675&ssl=1&resize=350%2C200","width":350,"height":200,"srcset":"https:\/\/i0.wp.com\/noticiasribeiraopreto.com.br\/wp-content\/uploads\/2025\/10\/Copia-de-Copia-de-Copia-de-TAMANHO-EXATO-PARA-FOTOS-NO-SISTEMA-NOVO-2025-10-09T172553.467_2025-10-09_20-25-58.webp.webp?fit=1200%2C675&ssl=1&resize=350%2C200 1x, https:\/\/i0.wp.com\/noticiasribeiraopreto.com.br\/wp-content\/uploads\/2025\/10\/Copia-de-Copia-de-Copia-de-TAMANHO-EXATO-PARA-FOTOS-NO-SISTEMA-NOVO-2025-10-09T172553.467_2025-10-09_20-25-58.webp.webp?fit=1200%2C675&ssl=1&resize=525%2C300 1.5x, https:\/\/i0.wp.com\/noticiasribeiraopreto.com.br\/wp-content\/uploads\/2025\/10\/Copia-de-Copia-de-Copia-de-TAMANHO-EXATO-PARA-FOTOS-NO-SISTEMA-NOVO-2025-10-09T172553.467_2025-10-09_20-25-58.webp.webp?fit=1200%2C675&ssl=1&resize=700%2C400 2x, https:\/\/i0.wp.com\/noticiasribeiraopreto.com.br\/wp-content\/uploads\/2025\/10\/Copia-de-Copia-de-Copia-de-TAMANHO-EXATO-PARA-FOTOS-NO-SISTEMA-NOVO-2025-10-09T172553.467_2025-10-09_20-25-58.webp.webp?fit=1200%2C675&ssl=1&resize=1050%2C600 3x"},"classes":[]},{"id":69881,"url":"https:\/\/noticiasribeiraopreto.com.br\/index.php\/2025\/05\/10\/jornal-da-franca-energetico-faz-mal-a-saude-entenda-os-efeitos-da-bebida-no-seu-organismo\/","url_meta":{"origin":16976,"position":1},"title":"Jornal da Franca &#8211; Energ\u00e9tico faz mal \u00e0 sa\u00fade? Entenda os efeitos da bebida no seu organismo","author":"noticiasribeiraopreto.com.br","date":"10 de May de 2025","format":false,"excerpt":"compartilhar no whatsapp compartilhar no telegram compartilhar no facebook compartilhar no linkedin Especialista explica de que formas o energ\u00e9tico faz mal \u00e0 sa\u00fade, se consumido em excesso; entenda os principais riscos Consumo de energ\u00e9ticos requer cuidado \u2013 foto Arquivo \u00a0 Por todo o Brasil, muitas pessoas amam as chamadas bebidas\u2026","rel":"","context":"In &quot;Not\u00edcias de Franca-SP&quot;","block_context":{"text":"Not\u00edcias de Franca-SP","link":"https:\/\/noticiasribeiraopreto.com.br\/index.php\/category\/noticias-de-ribeirao-preto-sp-e-regiao-ismael-colosi\/noticias-franca-sp\/"},"img":{"alt_text":"","src":"https:\/\/i0.wp.com\/noticiasribeiraopreto.com.br\/wp-content\/uploads\/2025\/05\/energetico-shutterstock.jpg?fit=1200%2C675&ssl=1&resize=350%2C200","width":350,"height":200,"srcset":"https:\/\/i0.wp.com\/noticiasribeiraopreto.com.br\/wp-content\/uploads\/2025\/05\/energetico-shutterstock.jpg?fit=1200%2C675&ssl=1&resize=350%2C200 1x, https:\/\/i0.wp.com\/noticiasribeiraopreto.com.br\/wp-content\/uploads\/2025\/05\/energetico-shutterstock.jpg?fit=1200%2C675&ssl=1&resize=525%2C300 1.5x, https:\/\/i0.wp.com\/noticiasribeiraopreto.com.br\/wp-content\/uploads\/2025\/05\/energetico-shutterstock.jpg?fit=1200%2C675&ssl=1&resize=700%2C400 2x, https:\/\/i0.wp.com\/noticiasribeiraopreto.com.br\/wp-content\/uploads\/2025\/05\/energetico-shutterstock.jpg?fit=1200%2C675&ssl=1&resize=1050%2C600 3x"},"classes":[]},{"id":39990,"url":"https:\/\/noticiasribeiraopreto.com.br\/index.php\/2024\/02\/29\/faustao-fala-sobre-transplante-de-rim\/","url_meta":{"origin":16976,"position":2},"title":"Faust\u00e3o fala sobre transplante de rim \u00a0","author":"noticiasribeiraopreto.com.br","date":"29 de February de 2024","format":false,"excerpt":"O apresentador Fausto Silva, conhecido como Faust\u00e3o, de 73 anos, falou pela primeira vez sobre o transplante de rim ao qual foi submetido na segunda-feira, 26 de fevereiro. Em declara\u00e7\u00e3o ao colunista Lauro Jardim, do jornal O Globo, disse que \u201cpara quem fez um transplante do cora\u00e7\u00e3o, o de rim\u2026","rel":"","context":"In &quot;Not\u00edcias de Ribeir\u00e3o Preto-SP e Regi\u00e3o&quot;","block_context":{"text":"Not\u00edcias de Ribeir\u00e3o Preto-SP e Regi\u00e3o","link":"https:\/\/noticiasribeiraopreto.com.br\/index.php\/category\/noticias-de-ribeirao-preto-sp-e-regiao-ismael-colosi\/"},"img":{"alt_text":"","src":"https:\/\/i0.wp.com\/noticiasribeiraopreto.com.br\/wp-content\/uploads\/2024\/02\/Faustao-Instagram-Fausto-Silva-scaled.jpg?fit=1000%2C598&ssl=1&resize=350%2C200","width":350,"height":200,"srcset":"https:\/\/i0.wp.com\/noticiasribeiraopreto.com.br\/wp-content\/uploads\/2024\/02\/Faustao-Instagram-Fausto-Silva-scaled.jpg?fit=1000%2C598&ssl=1&resize=350%2C200 1x, https:\/\/i0.wp.com\/noticiasribeiraopreto.com.br\/wp-content\/uploads\/2024\/02\/Faustao-Instagram-Fausto-Silva-scaled.jpg?fit=1000%2C598&ssl=1&resize=525%2C300 1.5x, https:\/\/i0.wp.com\/noticiasribeiraopreto.com.br\/wp-content\/uploads\/2024\/02\/Faustao-Instagram-Fausto-Silva-scaled.jpg?fit=1000%2C598&ssl=1&resize=700%2C400 2x"},"classes":[]},{"id":68677,"url":"https:\/\/noticiasribeiraopreto.com.br\/index.php\/2025\/04\/27\/jornal-da-franca-cafe-faz-bem-ou-mal-para-o-coracao-entenda-aqui\/","url_meta":{"origin":16976,"position":3},"title":"Jornal da Franca &#8211; Caf\u00e9 faz bem ou mal para o cora\u00e7\u00e3o? Entenda aqui!","author":"noticiasribeiraopreto.com.br","date":"27 de April de 2025","format":false,"excerpt":"compartilhar no whatsapp compartilhar no telegram compartilhar no facebook compartilhar no linkedin O caf\u00e9 pode fazer bem ou mal para a sua sa\u00fade cardiovascular, dependendo de como voc\u00ea o ingere; entenda como Para muita gente, tomar caf\u00e9 \u00e9 uma rotina quase sagrada \u2013 foto Arquivo \u00a0 Para muitos brasileiros, o\u2026","rel":"","context":"In &quot;Not\u00edcias de Franca-SP&quot;","block_context":{"text":"Not\u00edcias de Franca-SP","link":"https:\/\/noticiasribeiraopreto.com.br\/index.php\/category\/noticias-de-ribeirao-preto-sp-e-regiao-ismael-colosi\/noticias-franca-sp\/"},"img":{"alt_text":"","src":"https:\/\/i0.wp.com\/noticiasribeiraopreto.com.br\/wp-content\/uploads\/2025\/04\/cafe-e-pressao-alta.png?fit=1050%2C700&ssl=1&resize=350%2C200","width":350,"height":200,"srcset":"https:\/\/i0.wp.com\/noticiasribeiraopreto.com.br\/wp-content\/uploads\/2025\/04\/cafe-e-pressao-alta.png?fit=1050%2C700&ssl=1&resize=350%2C200 1x, https:\/\/i0.wp.com\/noticiasribeiraopreto.com.br\/wp-content\/uploads\/2025\/04\/cafe-e-pressao-alta.png?fit=1050%2C700&ssl=1&resize=525%2C300 1.5x, https:\/\/i0.wp.com\/noticiasribeiraopreto.com.br\/wp-content\/uploads\/2025\/04\/cafe-e-pressao-alta.png?fit=1050%2C700&ssl=1&resize=700%2C400 2x, https:\/\/i0.wp.com\/noticiasribeiraopreto.com.br\/wp-content\/uploads\/2025\/04\/cafe-e-pressao-alta.png?fit=1050%2C700&ssl=1&resize=1050%2C600 3x"},"classes":[]},{"id":65586,"url":"https:\/\/noticiasribeiraopreto.com.br\/index.php\/2025\/03\/21\/jornal-da-franca-abacate-e-um-verdadeiro-amigo-do-peito-faz-bem-para-o-seu-coracao-e-e-muito-gostoso\/","url_meta":{"origin":16976,"position":4},"title":"Jornal da Franca &#8211; Abacate \u00e9 um verdadeiro amigo do peito; faz bem para o seu cora\u00e7\u00e3o e \u00e9 muito gostoso","author":"noticiasribeiraopreto.com.br","date":"21 de March de 2025","format":false,"excerpt":"compartilhar no whatsapp compartilhar no telegram compartilhar no facebook compartilhar no linkedin Estudo realizado nos Estados Unidos acompanhou mais de 68 mil mulheres e 41 mil homens Estudo realizado nos Estados Unidos acompanhou mais de 68 mil mulheres e 41 mil homens Comer abacates reduz o risco de ataques card\u00edacos\u2026","rel":"","context":"In &quot;Not\u00edcias de Franca-SP&quot;","block_context":{"text":"Not\u00edcias de Franca-SP","link":"https:\/\/noticiasribeiraopreto.com.br\/index.php\/category\/noticias-de-ribeirao-preto-sp-e-regiao-ismael-colosi\/noticias-franca-sp\/"},"img":{"alt_text":"","src":"https:\/\/i0.wp.com\/noticiasribeiraopreto.com.br\/wp-content\/uploads\/2025\/03\/IMG-20230503-WA0035.jpg?fit=1200%2C900&ssl=1&resize=350%2C200","width":350,"height":200,"srcset":"https:\/\/i0.wp.com\/noticiasribeiraopreto.com.br\/wp-content\/uploads\/2025\/03\/IMG-20230503-WA0035.jpg?fit=1200%2C900&ssl=1&resize=350%2C200 1x, https:\/\/i0.wp.com\/noticiasribeiraopreto.com.br\/wp-content\/uploads\/2025\/03\/IMG-20230503-WA0035.jpg?fit=1200%2C900&ssl=1&resize=525%2C300 1.5x, https:\/\/i0.wp.com\/noticiasribeiraopreto.com.br\/wp-content\/uploads\/2025\/03\/IMG-20230503-WA0035.jpg?fit=1200%2C900&ssl=1&resize=700%2C400 2x, https:\/\/i0.wp.com\/noticiasribeiraopreto.com.br\/wp-content\/uploads\/2025\/03\/IMG-20230503-WA0035.jpg?fit=1200%2C900&ssl=1&resize=1050%2C600 3x"},"classes":[]},{"id":69901,"url":"https:\/\/noticiasribeiraopreto.com.br\/index.php\/2025\/05\/10\/jornal-da-franca-tem-mais-de-50-anos-veja-11-alimentos-que-deve-comer-para-proteger-a-saude\/","url_meta":{"origin":16976,"position":5},"title":"Jornal da Franca &#8211; Tem mais de 50 anos? Veja 11 alimentos que deve comer para proteger a sa\u00fade","author":"noticiasribeiraopreto.com.br","date":"10 de May de 2025","format":false,"excerpt":"compartilhar no whatsapp compartilhar no telegram compartilhar no facebook compartilhar no linkedin A dieta adequada fortalece o cora\u00e7\u00e3o, o c\u00e9rebro, os ossos e o sistema imunol\u00f3gico, al\u00e9m de favorecer a digest\u00e3o e o equil\u00edbrio hormonal Alguns cuidados com a alimenta\u00e7\u00e3o v\u00e3o permitir que voc\u00ea passe dos 50\u00a0 anos de forma\u2026","rel":"","context":"In &quot;Not\u00edcias de Franca-SP&quot;","block_context":{"text":"Not\u00edcias de Franca-SP","link":"https:\/\/noticiasribeiraopreto.com.br\/index.php\/category\/noticias-de-ribeirao-preto-sp-e-regiao-ismael-colosi\/noticias-franca-sp\/"},"img":{"alt_text":"","src":"https:\/\/i0.wp.com\/noticiasribeiraopreto.com.br\/wp-content\/uploads\/2025\/05\/mulher-50-.jpg?fit=960%2C540&ssl=1&resize=350%2C200","width":350,"height":200,"srcset":"https:\/\/i0.wp.com\/noticiasribeiraopreto.com.br\/wp-content\/uploads\/2025\/05\/mulher-50-.jpg?fit=960%2C540&ssl=1&resize=350%2C200 1x, https:\/\/i0.wp.com\/noticiasribeiraopreto.com.br\/wp-content\/uploads\/2025\/05\/mulher-50-.jpg?fit=960%2C540&ssl=1&resize=525%2C300 1.5x, https:\/\/i0.wp.com\/noticiasribeiraopreto.com.br\/wp-content\/uploads\/2025\/05\/mulher-50-.jpg?fit=960%2C540&ssl=1&resize=700%2C400 2x"},"classes":[]}],"jetpack_sharing_enabled":true,"jetpack_shortlink":"https:\/\/wp.me\/peQAOb-4pO","_links":{"self":[{"href":"https:\/\/noticiasribeiraopreto.com.br\/index.php\/wp-json\/wp\/v2\/posts\/16976","targetHints":{"allow":["GET"]}}],"collection":[{"href":"https:\/\/noticiasribeiraopreto.com.br\/index.php\/wp-json\/wp\/v2\/posts"}],"about":[{"href":"https:\/\/noticiasribeiraopreto.com.br\/index.php\/wp-json\/wp\/v2\/types\/post"}],"author":[{"embeddable":true,"href":"https:\/\/noticiasribeiraopreto.com.br\/index.php\/wp-json\/wp\/v2\/users\/1"}],"replies":[{"embeddable":true,"href":"https:\/\/noticiasribeiraopreto.com.br\/index.php\/wp-json\/wp\/v2\/comments?post=16976"}],"version-history":[{"count":0,"href":"https:\/\/noticiasribeiraopreto.com.br\/index.php\/wp-json\/wp\/v2\/posts\/16976\/revisions"}],"wp:featuredmedia":[{"embeddable":true,"href":"https:\/\/noticiasribeiraopreto.com.br\/index.php\/wp-json\/wp\/v2\/media\/16977"}],"wp:attachment":[{"href":"https:\/\/noticiasribeiraopreto.com.br\/index.php\/wp-json\/wp\/v2\/media?parent=16976"}],"wp:term":[{"taxonomy":"category","embeddable":true,"href":"https:\/\/noticiasribeiraopreto.com.br\/index.php\/wp-json\/wp\/v2\/categories?post=16976"},{"taxonomy":"post_tag","embeddable":true,"href":"https:\/\/noticiasribeiraopreto.com.br\/index.php\/wp-json\/wp\/v2\/tags?post=16976"}],"curies":[{"name":"wp","href":"https:\/\/api.w.org\/{rel}","templated":true}]}}