{"id":17008,"date":"2023-12-17T09:55:47","date_gmt":"2023-12-17T12:55:47","guid":{"rendered":"https:\/\/noticiasribeiraopreto.com.br\/index.php\/2023\/12\/17\/onda-de-calor-vai-continuar-veja-a-previsao-para-os-proximos-dias-em-ribeirao\/"},"modified":"2023-12-17T09:55:47","modified_gmt":"2023-12-17T12:55:47","slug":"onda-de-calor-vai-continuar-veja-a-previsao-para-os-proximos-dias-em-ribeirao","status":"publish","type":"post","link":"https:\/\/noticiasribeiraopreto.com.br\/index.php\/2023\/12\/17\/onda-de-calor-vai-continuar-veja-a-previsao-para-os-proximos-dias-em-ribeirao\/","title":{"rendered":"Onda de calor vai continuar? Veja a previs\u00e3o para os pr\u00f3ximos dias em Ribeir\u00e3o"},"content":{"rendered":"<div class='code-block code-block-1' style='margin: 8px 0 8px auto; text-align: right; display: block; clear: both;'>\n<p><a href=\"https:\/\/wa.link\/vpicfd\"><img data-recalc-dims=\"1\" class=\"wp-image-4922\" style=\"aspect-ratio: 2.0253164556962027; width: 561px; height: auto;\" src=\"https:\/\/i0.wp.com\/ismaelcolosi.com.br\/wp-content\/uploads\/2023\/11\/grupo-de-empregos-whatsapp-e-facebook-ismael-colosi-vagas.jpg?ssl=1\" alt=\"\" \/><\/a><\/p>\n<!-- \/wp:image -->\n<\/div>\n<p> <br \/>\n<\/p>\n<div data-td-block-uid=\"tdi_104\">\n<div class=\"tdb-block-inner td-fix-index\">\n<p><strong>Ribeir\u00e3o Preto<\/strong> tem mais um dia de <strong>onda de calor<\/strong>, neste domingo (17). <mark style=\"background-color:#fcb900\" class=\"has-inline-color\">Os term\u00f4metros devem atingir os <strong>37\u00baC<\/strong>, de acordo com a <strong><a href=\"https:\/\/www.climatempo.com.br\/previsao-do-tempo\/15-dias\/cidade\/530\/ribeiraopreto-sp\" target=\"_blank\" rel=\"noreferrer noopener\">Climatempo<\/a><\/strong>.<\/mark> A <strong>CETESB (Companhia Ambiental do Estado de S\u00e3o Paulo)<\/strong> registrou m\u00ednima de <strong>23,5\u00baC<\/strong>, durante a madrugada.<\/p>\n<p>A meteorologia prev\u00ea um dia de sol com aumento de nuvens pela manh\u00e3. Contudo, <strong>pancadas de chuva podem ocorrer no per\u00edodo da tarde.<\/strong> Existe a possibilidade de chover at\u00e9 4 mil\u00edmetros.<\/p>\n<p>A umidade relativa do ar fica entre 21% e 62%. <strong>Vale lembrar que, as pancadas de chuva mencionadas pela Climatempo s\u00e3o isoladas.<\/strong><\/p>\n<h4 class=\"wp-block-heading\"><strong>Durante a semana<\/strong><\/h4>\n<p>O <strong>Inmet (Instituto Nacional de Meteorologia)<\/strong> emitiu um alerta de perigo para a nova <strong>onda de calor<\/strong> na \u00faltima <strong>quinta-feira (14)<\/strong>. <mark style=\"background-color:#fcb900\" class=\"has-inline-color\">O comunicado laranja \u00e9 v\u00e1lido at\u00e9 \u00e0s <strong>19h deste domingo<\/strong>, no entanto, as <strong>altas temperaturas devem continuar<\/strong>.<\/mark><\/p>\n<p>Segundo a plataforma <strong><a href=\"https:\/\/www.climatempo.com.br\/previsao-do-tempo\/15-dias\/cidade\/530\/ribeiraopreto-sp\" target=\"_blank\" rel=\"noreferrer noopener\">Climatempo<\/a><\/strong>, o calor intenso atingiu o pico neste final de semana, <strong>mas as temperaturas v\u00e3o come\u00e7ar a cair, a partir de quarta-feira (20), quando a m\u00e1xima \u00e9 de 35\u00baC.<\/strong><\/p>\n<p>A previs\u00e3o para <strong>Ribeir\u00e3o Preto<\/strong> \u00e9 que os term\u00f4metros atinjam <strong>37\u00baC<\/strong> e <strong>36\u00baC<\/strong>, na <strong>segunda (18)<\/strong> e <strong>ter\u00e7a-feira (19)<\/strong>, respectivamente. As m\u00ednimas ficam na casa dos 24\u00baC e 22\u00baC.<\/p>\n<h4 class=\"wp-block-heading\"><strong>Veja a previs\u00e3o para os previs\u00e3o para os pr\u00f3ximos 5 dias:<\/strong><\/h4>\n<ul>\n<li><strong>Segunda-feira (18):<\/strong> Temperaturas entre 24\u00baC e 37\u00baC. Sol e aumento de nuvens de manh\u00e3. Pancadas de chuva \u00e0 tarde e \u00e0 noite;<\/li>\n<\/ul>\n<ul>\n<li><strong>Ter\u00e7a-feira (19):<\/strong> Temperaturas entre 22\u00baC e 36\u00baC. Sol e aumento de nuvens de manh\u00e3. Pancadas de chuva \u00e0 tarde e \u00e0 noite;<\/li>\n<\/ul>\n<ul>\n<li><strong>Quarta-feira (20)<\/strong>: Temperaturas entre 23\u00baC e 35\u00baC. Sol e aumento de nuvens de manh\u00e3. Pancadas de chuva \u00e0 tarde. Tempo aberto \u00e0 noite;<\/li>\n<\/ul>\n<ul>\n<li><strong>Quinta-feira (21):<\/strong> Temperaturas entre 22\u00baC e 32\u00baC. Sol com algumas nuvens. Chove r\u00e1pido durante o dia e \u00e0 noite;<\/li>\n<\/ul>\n<ul>\n<li><strong>Sexta-feira (22):<\/strong> Temperaturas entre 22\u00baC e 32\u00baC. Sol com muitas nuvens durante o dia. Per\u00edodos nublados, com chuva a qualquer hora. Vale lembrar que neste dia come\u00e7a o ver\u00e3o.<\/li>\n<\/ul>\n<p>VEJA TAMB\u00c9M<\/p>\n<p>S\u00e3o Sebasti\u00e3o, no litoral paulista, \u00e9 op\u00e7\u00e3o para o per\u00edodo de f\u00e9rias e festas<\/p>\n<h4 class=\"wp-block-heading\"><strong><mark style=\"background-color:rgba(0, 0, 0, 0)\" class=\"has-inline-color has-luminous-vivid-orange-color\">FIQUE ON<\/mark><\/strong><\/h4>\n<p>Fique ligado em tudo que acontece em Ribeir\u00e3o Preto e regi\u00e3o. Siga os perfis do\u00a0<strong>acidade on<\/strong>\u00a0no\u00a0<a href=\"https:\/\/www.instagram.com\/acidadeonribeirao\" target=\"_blank\" rel=\"noreferrer noopener\">Instagram<\/a>\u00a0e no\u00a0<a href=\"https:\/\/www.facebook.com\/acidadeonribeirao\" target=\"_blank\" rel=\"noreferrer noopener\">Facebook<\/a>.<\/p>\n<p>Receba not\u00edcias do\u00a0<strong>acidade on<\/strong>\u00a0no WhatsApp.\u00a0<a href=\"https:\/\/chat.whatsapp.com\/Bnv2w66ZT4VDyZW3oiZ69n\" target=\"_blank\" rel=\"noreferrer noopener\">Para entrar no grupo, basta clicar aqui.<\/a><\/p>\n<p>Fa\u00e7a uma den\u00fancia ou sugira uma reportagem sobre a Ribeir\u00e3o Preto e regi\u00e3o pelo WhatsApp: (16) 99117 7802.<\/p>\n<p>LEIA MAIS<\/p>\n<p><a href=\"https:\/\/www.tudoep.com\/tudo-receitas\/NOT,0,0,1868803,mousse-de-laranja-veja-como-fazer-essa-sobremesa-refrescante.aspx\" target=\"_blank\" rel=\"noreferrer noopener\">Mousse de laranja: veja como fazer essa sobremesa refrescante<\/a><\/p>\n<p><!-- AI CONTENT END 1 -->\n<\/div>\n<\/div>\n<p><script async src=\"\/\/www.instagram.com\/embed.js\"><\/script><br \/>\n<br \/><br \/>\n<br \/><a href=\"https:\/\/www.acidadeon.com\/ribeiraopreto\/cotidiano\/onda-de-calor-vai-continuar-veja-a-previsao-para-os-proximos-dias-em-ribeirao\/\">Source link <\/a><\/p>\n<!-- CONTENT END 1 -->\n","protected":false},"excerpt":{"rendered":"<p>Ribeir\u00e3o Preto tem mais um dia de onda de calor, neste domingo (17). Os term\u00f4metros devem atingir os 37\u00baC, de acordo com a Climatempo. A&#8230;<\/p>\n","protected":false},"author":1,"featured_media":17009,"comment_status":"open","ping_status":"open","sticky":false,"template":"","format":"standard","meta":{"advanced_seo_description":"","jetpack_seo_html_title":"","jetpack_seo_noindex":false,"jetpack_post_was_ever_published":false,"_jetpack_newsletter_access":"","_jetpack_dont_email_post_to_subs":false,"_jetpack_newsletter_tier_id":0,"_jetpack_memberships_contains_paywalled_content":false,"_jetpack_memberships_contains_paid_content":false,"footnotes":"","jetpack_publicize_message":"","jetpack_publicize_feature_enabled":true,"jetpack_social_post_already_shared":true,"jetpack_social_options":{"image_generator_settings":{"template":"highway","default_image_id":0,"font":"","enabled":false},"version":2}},"categories":[11],"tags":[834,532,493,1983,71,350,835,26,529,48],"class_list":["post-17008","post","type-post","status-publish","format-standard","has-post-thumbnail","hentry","category-noticias-de-ribeirao-preto-sp-e-regiao-ismael-colosi","tag-calor","tag-continuar","tag-dias","tag-onda","tag-para","tag-previsao","tag-proximos","tag-ribeirao","tag-vai","tag-veja"],"jetpack_publicize_connections":[],"jetpack_featured_media_url":"https:\/\/i0.wp.com\/noticiasribeiraopreto.com.br\/wp-content\/uploads\/2023\/12\/WhatsApp-Image-2023-11-26-at-17.35.53.jpeg?fit=1600%2C900&ssl=1","jetpack-related-posts":[{"id":2313,"url":"https:\/\/noticiasribeiraopreto.com.br\/index.php\/2023\/11\/15\/calor-vai-continuar-veja-a-previsao-do-tempo-para-os-proximos-5-dias-em-ribeirao\/","url_meta":{"origin":17008,"position":0},"title":"Calor vai continuar? Veja a previs\u00e3o do tempo para os pr\u00f3ximos 5 dias em Ribeir\u00e3o","author":"noticiasribeiraopreto.com.br","date":"15 de November de 2023","format":false,"excerpt":"O calor\u00e3o deve continuar nesta quarta-feira (15). Segundo a previs\u00e3o do tempo, Ribeir\u00e3o Preto deve ter temperatura m\u00e1xima de 40\u00b0C. A temperatura m\u00ednima foi de 22\u00b0C, \u00e0s 6h. Para quem espera chuva, a Climatempo aponta que h\u00e1 possibilidade de pancadas isoladas no per\u00edodo da tarde \u2013 pode chover at\u00e9 5\u2026","rel":"","context":"In &quot;Not\u00edcias de Ribeir\u00e3o Preto-SP e Regi\u00e3o&quot;","block_context":{"text":"Not\u00edcias de Ribeir\u00e3o Preto-SP e Regi\u00e3o","link":"https:\/\/noticiasribeiraopreto.com.br\/index.php\/category\/noticias-de-ribeirao-preto-sp-e-regiao-ismael-colosi\/"},"img":{"alt_text":"","src":"https:\/\/i0.wp.com\/noticiasribeiraopreto.com.br\/wp-content\/uploads\/2023\/11\/WhatsApp-Image-2023-11-15-at-09.05.42.jpeg?fit=1200%2C675&ssl=1&resize=350%2C200","width":350,"height":200,"srcset":"https:\/\/i0.wp.com\/noticiasribeiraopreto.com.br\/wp-content\/uploads\/2023\/11\/WhatsApp-Image-2023-11-15-at-09.05.42.jpeg?fit=1200%2C675&ssl=1&resize=350%2C200 1x, https:\/\/i0.wp.com\/noticiasribeiraopreto.com.br\/wp-content\/uploads\/2023\/11\/WhatsApp-Image-2023-11-15-at-09.05.42.jpeg?fit=1200%2C675&ssl=1&resize=525%2C300 1.5x, https:\/\/i0.wp.com\/noticiasribeiraopreto.com.br\/wp-content\/uploads\/2023\/11\/WhatsApp-Image-2023-11-15-at-09.05.42.jpeg?fit=1200%2C675&ssl=1&resize=700%2C400 2x, https:\/\/i0.wp.com\/noticiasribeiraopreto.com.br\/wp-content\/uploads\/2023\/11\/WhatsApp-Image-2023-11-15-at-09.05.42.jpeg?fit=1200%2C675&ssl=1&resize=1050%2C600 3x"},"classes":[]},{"id":14254,"url":"https:\/\/noticiasribeiraopreto.com.br\/index.php\/2023\/12\/11\/com-onda-de-calor-veja-a-previsao-para-os-proximos-5-dias-em-ribeirao-preto\/","url_meta":{"origin":17008,"position":1},"title":"Com onda de calor, veja a previs\u00e3o para os pr\u00f3ximos 5 dias em Ribeir\u00e3o Preto","author":"noticiasribeiraopreto.com.br","date":"11 de December de 2023","format":false,"excerpt":"Uma nova onda de calor deve atingir Ribeir\u00e3o Preto e regi\u00e3o, a partir de quinta-feira (14), e deve fazer com que os term\u00f4metros se aproximem dos 40\u00baC na reta final da primavera. O fen\u00f4meno, que tamb\u00e9m acontece em grande parte do Brasil, far\u00e1 com que a as temperaturas voltem a\u2026","rel":"","context":"In &quot;Not\u00edcias de Ribeir\u00e3o Preto-SP e Regi\u00e3o&quot;","block_context":{"text":"Not\u00edcias de Ribeir\u00e3o Preto-SP e Regi\u00e3o","link":"https:\/\/noticiasribeiraopreto.com.br\/index.php\/category\/noticias-de-ribeirao-preto-sp-e-regiao-ismael-colosi\/"},"img":{"alt_text":"","src":"https:\/\/noticiasribeiraopreto.com.br\/wp-content\/uploads\/2023\/12\/whatsapp_image_2023-03-18_at_09_01_45.jpe","width":350,"height":200,"srcset":"https:\/\/noticiasribeiraopreto.com.br\/wp-content\/uploads\/2023\/12\/whatsapp_image_2023-03-18_at_09_01_45.jpe 1x, https:\/\/noticiasribeiraopreto.com.br\/wp-content\/uploads\/2023\/12\/whatsapp_image_2023-03-18_at_09_01_45.jpe 1.5x, https:\/\/noticiasribeiraopreto.com.br\/wp-content\/uploads\/2023\/12\/whatsapp_image_2023-03-18_at_09_01_45.jpe 2x, https:\/\/noticiasribeiraopreto.com.br\/wp-content\/uploads\/2023\/12\/whatsapp_image_2023-03-18_at_09_01_45.jpe 3x"},"classes":[]},{"id":42805,"url":"https:\/\/noticiasribeiraopreto.com.br\/index.php\/2024\/03\/17\/onda-de-calor-continua-no-estado-de-sp-veja-o-clima-em-ribeirao-nos-proximos-5-dias\/","url_meta":{"origin":17008,"position":2},"title":"Onda de calor continua no estado de SP; Veja o clima em Ribeir\u00e3o nos pr\u00f3ximos 5 dias","author":"noticiasribeiraopreto.com.br","date":"17 de March de 2024","format":false,"excerpt":"O Estado de S\u00e3o Paulo continua sob os efeitos de uma nova onda de calor, que deve permanecer at\u00e9 o fim do ver\u00e3o. Portanto, neste domingo (17), a meteorologia prev\u00ea um dia de sol com altas temperaturas em diversas regi\u00f5es. Em Ribeir\u00e3o Preto, por exemplo, a temperatura m\u00e1xima pode chegar\u2026","rel":"","context":"In &quot;Not\u00edcias de Ribeir\u00e3o Preto-SP e Regi\u00e3o&quot;","block_context":{"text":"Not\u00edcias de Ribeir\u00e3o Preto-SP e Regi\u00e3o","link":"https:\/\/noticiasribeiraopreto.com.br\/index.php\/category\/noticias-de-ribeirao-preto-sp-e-regiao-ismael-colosi\/"},"img":{"alt_text":"","src":"https:\/\/i0.wp.com\/noticiasribeiraopreto.com.br\/wp-content\/uploads\/2024\/03\/calor-onda.jpeg?fit=1200%2C675&ssl=1&resize=350%2C200","width":350,"height":200,"srcset":"https:\/\/i0.wp.com\/noticiasribeiraopreto.com.br\/wp-content\/uploads\/2024\/03\/calor-onda.jpeg?fit=1200%2C675&ssl=1&resize=350%2C200 1x, https:\/\/i0.wp.com\/noticiasribeiraopreto.com.br\/wp-content\/uploads\/2024\/03\/calor-onda.jpeg?fit=1200%2C675&ssl=1&resize=525%2C300 1.5x, https:\/\/i0.wp.com\/noticiasribeiraopreto.com.br\/wp-content\/uploads\/2024\/03\/calor-onda.jpeg?fit=1200%2C675&ssl=1&resize=700%2C400 2x, https:\/\/i0.wp.com\/noticiasribeiraopreto.com.br\/wp-content\/uploads\/2024\/03\/calor-onda.jpeg?fit=1200%2C675&ssl=1&resize=1050%2C600 3x"},"classes":[]},{"id":63951,"url":"https:\/\/noticiasribeiraopreto.com.br\/index.php\/2025\/02\/26\/antes-de-nova-onda-de-calor-pancadas-de-chuva-atingem-o-interior-de-sp-veja-previsao\/","url_meta":{"origin":17008,"position":3},"title":"Antes de nova onda de calor, pancadas de chuva atingem o interior de SP; Veja previs\u00e3o","author":"noticiasribeiraopreto.com.br","date":"26 de February de 2025","format":false,"excerpt":"Uma nova onda de calor \u2013 a quinta em 2025 \u2013 est\u00e1 prevista no estado de S\u00e3o Paulo entre os dias 28 de fevereiro e 5 de mar\u00e7o. A maior parte do estado dever\u00e1 registrar temperaturas superiores a 5\u00b0C acima da m\u00e9dia, segundo a Climatempo. Contudo, antes da chegada desta\u2026","rel":"","context":"In &quot;Not\u00edcias de Ribeir\u00e3o Preto-SP e Regi\u00e3o&quot;","block_context":{"text":"Not\u00edcias de Ribeir\u00e3o Preto-SP e Regi\u00e3o","link":"https:\/\/noticiasribeiraopreto.com.br\/index.php\/category\/noticias-de-ribeirao-preto-sp-e-regiao-ismael-colosi\/"},"img":{"alt_text":"","src":"https:\/\/i0.wp.com\/noticiasribeiraopreto.com.br\/wp-content\/uploads\/2025\/02\/1740566535_RIBEIRAO-PRETO.jpg?fit=1200%2C708&ssl=1&resize=350%2C200","width":350,"height":200,"srcset":"https:\/\/i0.wp.com\/noticiasribeiraopreto.com.br\/wp-content\/uploads\/2025\/02\/1740566535_RIBEIRAO-PRETO.jpg?fit=1200%2C708&ssl=1&resize=350%2C200 1x, https:\/\/i0.wp.com\/noticiasribeiraopreto.com.br\/wp-content\/uploads\/2025\/02\/1740566535_RIBEIRAO-PRETO.jpg?fit=1200%2C708&ssl=1&resize=525%2C300 1.5x, https:\/\/i0.wp.com\/noticiasribeiraopreto.com.br\/wp-content\/uploads\/2025\/02\/1740566535_RIBEIRAO-PRETO.jpg?fit=1200%2C708&ssl=1&resize=700%2C400 2x, https:\/\/i0.wp.com\/noticiasribeiraopreto.com.br\/wp-content\/uploads\/2025\/02\/1740566535_RIBEIRAO-PRETO.jpg?fit=1200%2C708&ssl=1&resize=1050%2C600 3x"},"classes":[]},{"id":16087,"url":"https:\/\/noticiasribeiraopreto.com.br\/index.php\/2023\/12\/14\/veja-ate-quando-deve-durar-a-onda-de-calor-com-temperaturas-de-ate-40oc-no-interior-de-sp\/","url_meta":{"origin":17008,"position":4},"title":"Veja at\u00e9 quando deve durar a onda de calor com temperaturas de at\u00e9 40\u00baC no interior de SP","author":"noticiasribeiraopreto.com.br","date":"14 de December de 2023","format":false,"excerpt":"Uma nova onda de calor chegou ao interior de S\u00e3o Paulo, nesta quinta-feira (14), e promete elevar as temperaturas entre 3\u00baC e 5\u00baC. Isso acontece devido \u00e0 atua\u00e7\u00e3o de uma \u00e1rea de alta press\u00e3o, o que deixa o ar mais seco. Em Ribeir\u00e3o Preto, Barretos e Franca, a previs\u00e3o, de\u2026","rel":"","context":"In &quot;Not\u00edcias de Ribeir\u00e3o Preto-SP e Regi\u00e3o&quot;","block_context":{"text":"Not\u00edcias de Ribeir\u00e3o Preto-SP e Regi\u00e3o","link":"https:\/\/noticiasribeiraopreto.com.br\/index.php\/category\/noticias-de-ribeirao-preto-sp-e-regiao-ismael-colosi\/"},"img":{"alt_text":"","src":"https:\/\/i0.wp.com\/noticiasribeiraopreto.com.br\/wp-content\/uploads\/2023\/12\/trbr5837.png?fit=1170%2C700&ssl=1&resize=350%2C200","width":350,"height":200,"srcset":"https:\/\/i0.wp.com\/noticiasribeiraopreto.com.br\/wp-content\/uploads\/2023\/12\/trbr5837.png?fit=1170%2C700&ssl=1&resize=350%2C200 1x, https:\/\/i0.wp.com\/noticiasribeiraopreto.com.br\/wp-content\/uploads\/2023\/12\/trbr5837.png?fit=1170%2C700&ssl=1&resize=525%2C300 1.5x, https:\/\/i0.wp.com\/noticiasribeiraopreto.com.br\/wp-content\/uploads\/2023\/12\/trbr5837.png?fit=1170%2C700&ssl=1&resize=700%2C400 2x, https:\/\/i0.wp.com\/noticiasribeiraopreto.com.br\/wp-content\/uploads\/2023\/12\/trbr5837.png?fit=1170%2C700&ssl=1&resize=1050%2C600 3x"},"classes":[]},{"id":63685,"url":"https:\/\/noticiasribeiraopreto.com.br\/index.php\/2025\/02\/19\/quando-a-onda-de-calor-vai-acabar-ribeirao-preto-tem-previsao-de-40c-nesta-semana\/","url_meta":{"origin":17008,"position":5},"title":"Quando a onda de calor vai acabar? Ribeir\u00e3o Preto tem previs\u00e3o de 40\u00b0C nesta semana","author":"noticiasribeiraopreto.com.br","date":"19 de February de 2025","format":false,"excerpt":"A temperatura pode atingir 40\u00b0C por dois dias consecutivos nesta semana, em Ribeir\u00e3o Preto. Segundo a Climatempo, os term\u00f4metros podem registrar o pico de calor nesta quinta-feira (20) e na sexta-feira (21). J\u00e1 no domingo (23), a m\u00e1xima na cidade est\u00e1 prevista em 31\u00b0C. Confira abaixo. Fim da onda de\u2026","rel":"","context":"In &quot;Not\u00edcias de Ribeir\u00e3o Preto-SP e Regi\u00e3o&quot;","block_context":{"text":"Not\u00edcias de Ribeir\u00e3o Preto-SP e Regi\u00e3o","link":"https:\/\/noticiasribeiraopreto.com.br\/index.php\/category\/noticias-de-ribeirao-preto-sp-e-regiao-ismael-colosi\/"},"img":{"alt_text":"","src":"https:\/\/i0.wp.com\/noticiasribeiraopreto.com.br\/wp-content\/uploads\/2024\/04\/RIBEIRAO-1_2024-04-25_17-33-23_jpg.webp.webp?fit=1200%2C617&ssl=1&resize=350%2C200","width":350,"height":200,"srcset":"https:\/\/i0.wp.com\/noticiasribeiraopreto.com.br\/wp-content\/uploads\/2024\/04\/RIBEIRAO-1_2024-04-25_17-33-23_jpg.webp.webp?fit=1200%2C617&ssl=1&resize=350%2C200 1x, https:\/\/i0.wp.com\/noticiasribeiraopreto.com.br\/wp-content\/uploads\/2024\/04\/RIBEIRAO-1_2024-04-25_17-33-23_jpg.webp.webp?fit=1200%2C617&ssl=1&resize=525%2C300 1.5x, https:\/\/i0.wp.com\/noticiasribeiraopreto.com.br\/wp-content\/uploads\/2024\/04\/RIBEIRAO-1_2024-04-25_17-33-23_jpg.webp.webp?fit=1200%2C617&ssl=1&resize=700%2C400 2x, https:\/\/i0.wp.com\/noticiasribeiraopreto.com.br\/wp-content\/uploads\/2024\/04\/RIBEIRAO-1_2024-04-25_17-33-23_jpg.webp.webp?fit=1200%2C617&ssl=1&resize=1050%2C600 3x"},"classes":[]}],"jetpack_sharing_enabled":true,"jetpack_shortlink":"https:\/\/wp.me\/peQAOb-4qk","_links":{"self":[{"href":"https:\/\/noticiasribeiraopreto.com.br\/index.php\/wp-json\/wp\/v2\/posts\/17008","targetHints":{"allow":["GET"]}}],"collection":[{"href":"https:\/\/noticiasribeiraopreto.com.br\/index.php\/wp-json\/wp\/v2\/posts"}],"about":[{"href":"https:\/\/noticiasribeiraopreto.com.br\/index.php\/wp-json\/wp\/v2\/types\/post"}],"author":[{"embeddable":true,"href":"https:\/\/noticiasribeiraopreto.com.br\/index.php\/wp-json\/wp\/v2\/users\/1"}],"replies":[{"embeddable":true,"href":"https:\/\/noticiasribeiraopreto.com.br\/index.php\/wp-json\/wp\/v2\/comments?post=17008"}],"version-history":[{"count":0,"href":"https:\/\/noticiasribeiraopreto.com.br\/index.php\/wp-json\/wp\/v2\/posts\/17008\/revisions"}],"wp:featuredmedia":[{"embeddable":true,"href":"https:\/\/noticiasribeiraopreto.com.br\/index.php\/wp-json\/wp\/v2\/media\/17009"}],"wp:attachment":[{"href":"https:\/\/noticiasribeiraopreto.com.br\/index.php\/wp-json\/wp\/v2\/media?parent=17008"}],"wp:term":[{"taxonomy":"category","embeddable":true,"href":"https:\/\/noticiasribeiraopreto.com.br\/index.php\/wp-json\/wp\/v2\/categories?post=17008"},{"taxonomy":"post_tag","embeddable":true,"href":"https:\/\/noticiasribeiraopreto.com.br\/index.php\/wp-json\/wp\/v2\/tags?post=17008"}],"curies":[{"name":"wp","href":"https:\/\/api.w.org\/{rel}","templated":true}]}}