{"id":17182,"date":"2023-12-17T18:02:20","date_gmt":"2023-12-17T21:02:20","guid":{"rendered":"https:\/\/noticiasribeiraopreto.com.br\/index.php\/2023\/12\/17\/quer-trabalhar-na-gocase-brasil-conheca-as-oportunidades\/"},"modified":"2023-12-17T18:02:20","modified_gmt":"2023-12-17T21:02:20","slug":"quer-trabalhar-na-gocase-brasil-conheca-as-oportunidades","status":"publish","type":"post","link":"https:\/\/noticiasribeiraopreto.com.br\/index.php\/2023\/12\/17\/quer-trabalhar-na-gocase-brasil-conheca-as-oportunidades\/","title":{"rendered":"Quer trabalhar na Gocase Brasil? Conhe\u00e7a as OPORTUNIDADES!"},"content":{"rendered":"<div class='code-block code-block-1' style='margin: 8px 0 8px auto; text-align: right; display: block; clear: both;'>\n<p><a href=\"https:\/\/wa.link\/vpicfd\"><img data-recalc-dims=\"1\" class=\"wp-image-4922\" style=\"aspect-ratio: 2.0253164556962027; width: 561px; height: auto;\" src=\"https:\/\/i0.wp.com\/ismaelcolosi.com.br\/wp-content\/uploads\/2023\/11\/grupo-de-empregos-whatsapp-e-facebook-ismael-colosi-vagas.jpg?ssl=1\" alt=\"\" \/><\/a><\/p>\n<!-- \/wp:image -->\n<\/div>\n<p> <br \/>\n<\/p>\n<div>\n<div>\n<p>A Gocase Brasil, empresa que \u00e9 uma startup brasileira com 8 anos de exist\u00eancia, dona do maior e-commerce de acess\u00f3rios personalizados do Brasil, est\u00e1 em busca de novos colaboradores pelo Brasil. Dessa forma, antes de falar com mais detalhes sobre a empresa, veja quais s\u00e3o os <a href=\"https:\/\/noticiasconcursos.com.br\/martins-abre-cargos-em-todas-as-cinco-regioes-do-pais\/\">cargos<\/a> dispon\u00edveis:<\/p>\n<ul>\n<li>Almoxarife \u2013 Extrema \u2013 MG \u2013 Efetivo;<\/li>\n<li>Analista Administrativo \u2013 Extrema \u2013 MG \u2013 Efetivo;<\/li>\n<li>Analista de Desenvolvimento de Produto \u2013 Product Designer \u2013 Fortaleza \u2013 CE \u2013 Efetivo;<\/li>\n<li>Analista de Desenvolvimento de Produto \u2013 Product Designer \u2013 S\u00e3o Paulo \u2013 SP \u2013 Efetivo;<\/li>\n<li>Auxiliar de Expedi\u00e7\u00e3o \u2013 Extrema \u2013 MG \u2013 Efetivo;<\/li>\n<li>Vendedor (a) \u2013 Shopping An\u00e1lia Franco \u2013 S\u00e3o Paulo \u2013 SP \u2013 Efetivo;<\/li>\n<li>Coordenador (a) Comercial \u2013 Lojas \u2013 S\u00e3o Paulo \u2013 SP \u2013 Efetivo;<\/li>\n<li>Gerente de Projetos \u2013 Fortaleza \u2013 CE e H\u00edbrido \u2013 Efetivo;<\/li>\n<li>Especialista de Gente e Gest\u00e3o \u2013 Fortaleza \u2013 CE e H\u00edbrido \u2013 Efetivo;<\/li>\n<li>Impressor (a) de Loja \u2013 S\u00e3o Paulo \u2013 SP \u2013 Efetivo;<\/li>\n<li>Analista Cont\u00e1bil de Ativos \u2013 S\u00e3o Paulo \u2013 SP e H\u00edbrido \u2013 Efetivo;<\/li>\n<li>Analista de Marketplace \u2013 S\u00e3o Paulo \u2013 SP \u2013 Efetivo;<\/li>\n<li>Analista em Marketing de Influ\u00eancia \u2013 Fortaleza \u2013 CE e H\u00edbrido \u2013 Efetivo;<\/li>\n<li>Auxiliar de Controle de Qualidade \u2013 Extrema \u2013 MG \u2013 Tempor\u00e1rio;<\/li>\n<li>Auxiliar de Produ\u00e7\u00e3o \u2013 Extrema \u2013 MG \u2013 Efetivo;<\/li>\n<li>Pessoa Coordenadora de Departamento Pessoal \u2013 Fortaleza \u2013 CE e H\u00edbrido \u2013 Efetivo;<\/li>\n<li>Pessoa Desenvolvedora JR \u2013 Fortaleza \u2013 CE e H\u00edbrido -Efetivo;<\/li>\n<li>Pessoa Estagi\u00e1ria em Dire\u00e7\u00e3o de Arte \u2013 Fortaleza \u2013 CE e H\u00edbrido \u2013 Est\u00e1gio;<\/li>\n<li>Estagi\u00e1rio (a) em Marketing \u2013 Fortaleza \u2013 CE e H\u00edbrido -Est\u00e1gio;<\/li>\n<li>L\u00edder de Produ\u00e7\u00e3o \u2013 Extrema \u2013 MG \u2013 Efetivo;<\/li>\n<li>Operador (a) de Empilhadeira \u2013 Extrema \u2013 MG;<\/li>\n<li>Supervisor de Log\u00edstica \u2013 Extrema \u2013 MG \u2013 Efetivo;<\/li>\n<li>Vendedor (a) \u2013 Bras\u00edlia \u2013 DF \u2013 Efetivo.<\/li>\n<\/ul>\n<figure id=\"attachment_650992\" aria-describedby=\"caption-attachment-650992\" style=\"width: 1200px\" class=\"wp-caption alignnone\"><img data-recalc-dims=\"1\" fetchpriority=\"high\" decoding=\"async\" class=\"size-full wp-image-650992\" alt=\"Quer trabalhar na Gocase Brasil? Conhe\u00e7a as OPORTUNIDADES!\" width=\"1200\" height=\"815\" srcset=\"https:\/\/noticiasconcursos.com.br\/wp-content\/uploads\/2023\/06\/noticiasconcursos.com.br-gocase-brasil-abre-cargos-em-sp-ce-mg-e-df-ren-1503.jpg 1200w, https:\/\/noticiasconcursos.com.br\/wp-content\/uploads\/2023\/06\/noticiasconcursos.com.br-gocase-brasil-abre-cargos-em-sp-ce-mg-e-df-ren-1503-300x204.jpg 300w, https:\/\/noticiasconcursos.com.br\/wp-content\/uploads\/2023\/06\/noticiasconcursos.com.br-gocase-brasil-abre-cargos-em-sp-ce-mg-e-df-ren-1503-1178x800.jpg 1178w, https:\/\/noticiasconcursos.com.br\/wp-content\/uploads\/2023\/06\/noticiasconcursos.com.br-gocase-brasil-abre-cargos-em-sp-ce-mg-e-df-ren-1503-768x522.jpg 768w\" data-lazy-sizes=\"(max-width: 1200px) 100vw, 1200px\" src=\"https:\/\/i0.wp.com\/noticiasconcursos.com.br\/wp-content\/uploads\/2023\/06\/noticiasconcursos.com.br-gocase-brasil-abre-cargos-em-sp-ce-mg-e-df-ren-1503.jpg?resize=1200%2C815&#038;ssl=1\"\/><noscript><img data-recalc-dims=\"1\" fetchpriority=\"high\" decoding=\"async\" class=\"size-full wp-image-650992\" src=\"https:\/\/i0.wp.com\/noticiasconcursos.com.br\/wp-content\/uploads\/2023\/06\/noticiasconcursos.com.br-gocase-brasil-abre-cargos-em-sp-ce-mg-e-df-ren-1503.jpg?resize=1200%2C815&#038;ssl=1\" alt=\"Quer trabalhar na Gocase Brasil? Conhe\u00e7a as OPORTUNIDADES!\" width=\"1200\" height=\"815\" srcset=\"https:\/\/noticiasconcursos.com.br\/wp-content\/uploads\/2023\/06\/noticiasconcursos.com.br-gocase-brasil-abre-cargos-em-sp-ce-mg-e-df-ren-1503.jpg 1200w, https:\/\/noticiasconcursos.com.br\/wp-content\/uploads\/2023\/06\/noticiasconcursos.com.br-gocase-brasil-abre-cargos-em-sp-ce-mg-e-df-ren-1503-300x204.jpg 300w, https:\/\/noticiasconcursos.com.br\/wp-content\/uploads\/2023\/06\/noticiasconcursos.com.br-gocase-brasil-abre-cargos-em-sp-ce-mg-e-df-ren-1503-1178x800.jpg 1178w, https:\/\/noticiasconcursos.com.br\/wp-content\/uploads\/2023\/06\/noticiasconcursos.com.br-gocase-brasil-abre-cargos-em-sp-ce-mg-e-df-ren-1503-768x522.jpg 768w\" sizes=\"(max-width: 1200px) 100vw, 1200px\"\/><\/noscript><figcaption id=\"caption-attachment-650992\" class=\"wp-caption-text\">Gocase \u00e9 refer\u00eancia no seu ramo de atua\u00e7\u00e3o. Foto: Divulga\u00e7\u00e3o.<\/figcaption><\/figure>\n<h3><strong>Mais sobre a Gocase<\/strong><\/h3>\n<p>Sobre a companhia, vale frisar que a Gocase vende os produtos para mais de 130 pa\u00edses e, atualmente possui al\u00e9m da sede no Brasil, um escrit\u00f3rio tamb\u00e9m na Holanda e o centro de produ\u00e7\u00e3o e distribui\u00e7\u00e3o em Extrema, <a href=\"https:\/\/noticiasconcursos.com.br\/minas-tenis-clube-oferece-empregos-envie-o-curriculo\/\">Minas Gerais<\/a>.<\/p>\n<p>Al\u00e9m disso, \u00e9 uma Love Brand apaixonada pelos mais de 1 milh\u00e3o de clientes e j\u00e1 conquistou mais de 2,2 milh\u00f5es de f\u00e3s online. Seu neg\u00f3cio \u00e9 sobre moda, arte, divers\u00e3o, inova\u00e7\u00e3o e criatividade e o prop\u00f3sito \u00e9 sobre transformar ideias em objetos \u00fanicos e customizados para expressar seu <a href=\"https:\/\/noticiasconcursos.com.br\/7-dicas-para-um-estilo-de-vida-saudavel\/\">estilo de vida<\/a>.<\/p>\n<h3><strong>Consulte o que \u00e9 preciso para se candidatar<\/strong><\/h3>\n<p>Agora que j\u00e1 foi poss\u00edvel verificar a lista de cargos, a inscri\u00e7\u00e3o acontece de forma bastante intuitiva e r\u00e1pida. Voc\u00ea s\u00f3 precisa <strong><em><a href=\"https:\/\/gocase.gupy.io\/\" target=\"_blank\" rel=\"noopener\">CLICAR NESSE LINK<\/a><\/em><\/strong> para ir automaticamente \u00e0 p\u00e1gina da <strong>Gupy<\/strong>.<\/p>\n<p>Por l\u00e1, \u00e9 s\u00f3 conferir todos os detalhes referentes \u00e0 vaga (requisitos, fun\u00e7\u00f5es, benef\u00edcios, hor\u00e1rio de trabalho, etc..) com aten\u00e7\u00e3o e se candidatar.<\/p>\n<div class=\"bs-irp left bs-irp-thumbnail-1\">\n<p>&#13;<br \/><span class=\"h-text heading-typo\">Voc\u00ea tamb\u00e9m pode gostar:<\/span>&#13; <\/p>\n<\/p><\/div>\n<p>Quer se manter inteirado(a) em todas as principais not\u00edcias do pa\u00eds e ainda ficar ligado(a) nas diversas vagas de empregos espalhadas pelo Brasil? Acesse agora mesmo o\u00a0<strong>NC<\/strong>!<\/p>\n<\/p><\/div>\n<p><a href=\"https:\/\/noticiasconcursos.com.br\/quer-trabalhar-na-gocase-brasil-conheca-as-oportunidades\/\">Source link <\/a><\/p>\n<\/p><\/div>\n<p><br \/>\n<br \/><a href=\"https:\/\/ismaelcolosi.com.br\/quer-trabalhar-na-gocase-brasil-conheca-as-oportunidades\/\">Source link <\/a><\/p>\n<!-- CONTENT END 1 -->\n","protected":false},"excerpt":{"rendered":"<p>A Gocase Brasil, empresa que \u00e9 uma startup brasileira com 8 anos de exist\u00eancia, dona do maior e-commerce de acess\u00f3rios personalizados do Brasil, est\u00e1 em&#8230;<\/p>\n","protected":false},"author":1,"featured_media":17183,"comment_status":"open","ping_status":"open","sticky":false,"template":"","format":"standard","meta":{"advanced_seo_description":"","jetpack_seo_html_title":"","jetpack_seo_noindex":false,"jetpack_post_was_ever_published":false,"_jetpack_newsletter_access":"","_jetpack_dont_email_post_to_subs":false,"_jetpack_newsletter_tier_id":0,"_jetpack_memberships_contains_paywalled_content":false,"_jetpack_memberships_contains_paid_content":false,"footnotes":"","jetpack_publicize_message":"","jetpack_publicize_feature_enabled":true,"jetpack_social_post_already_shared":true,"jetpack_social_options":{"image_generator_settings":{"template":"highway","default_image_id":0,"font":"","enabled":false},"version":2}},"categories":[7],"tags":[],"class_list":["post-17182","post","type-post","status-publish","format-standard","has-post-thumbnail","hentry","category-vagas-de-empregos-em-ribeirao-preto-regiao-brasil"],"jetpack_publicize_connections":[],"jetpack_featured_media_url":"https:\/\/i0.wp.com\/noticiasribeiraopreto.com.br\/wp-content\/uploads\/2023\/12\/noticiasconcursos.com_.br-gocase-brasil-abre-cargos-em-sp-ce-mg-e-df-ren-1503.jpg?fit=1200%2C815&ssl=1","jetpack-related-posts":[{"id":54720,"url":"https:\/\/noticiasribeiraopreto.com.br\/index.php\/2024\/07\/19\/vagas-de-empregos-na-ems-para-trabalhar-de-casa-em-ribeirao-preto-sp-ou-qualquer-lugar-do-brasil-vagas-home-office-ems-30\/","url_meta":{"origin":17182,"position":0},"title":"Vagas de empregos na EMS para trabalhar de casa em Ribeir\u00e3o Preto-SP ou qualquer lugar do Brasil (vagas home office EMS)","author":"noticiasribeiraopreto.com.br","date":"19 de July de 2024","format":false,"excerpt":"SOMOS A EMSCuidar das pessoas: essa \u00e9 a miss\u00e3o da EMS, empresa do Grupo NC e o maior laborat\u00f3rio farmac\u00eautico no Brasil, l\u00edder de mercado h\u00e1 mais de 15 anos consecutivos e l\u00edder no segmento de gen\u00e9ricos desde 2013. Com quase 60 anos de hist\u00f3ria e mais de cinco mil\u2026","rel":"","context":"In &quot;Vagas de Emprego em Ribeir\u00e3o Preto-SP&quot;","block_context":{"text":"Vagas de Emprego em Ribeir\u00e3o Preto-SP","link":"https:\/\/noticiasribeiraopreto.com.br\/index.php\/category\/empregos-classificados-vagas-trabalho\/vagas-de-empregos-em-ribeirao-preto-regiao-brasil\/"},"img":{"alt_text":"","src":"https:\/\/i0.wp.com\/noticiasribeiraopreto.com.br\/wp-content\/uploads\/2024\/07\/ems.jpg?fit=1200%2C675&ssl=1&resize=350%2C200","width":350,"height":200,"srcset":"https:\/\/i0.wp.com\/noticiasribeiraopreto.com.br\/wp-content\/uploads\/2024\/07\/ems.jpg?fit=1200%2C675&ssl=1&resize=350%2C200 1x, https:\/\/i0.wp.com\/noticiasribeiraopreto.com.br\/wp-content\/uploads\/2024\/07\/ems.jpg?fit=1200%2C675&ssl=1&resize=525%2C300 1.5x, https:\/\/i0.wp.com\/noticiasribeiraopreto.com.br\/wp-content\/uploads\/2024\/07\/ems.jpg?fit=1200%2C675&ssl=1&resize=700%2C400 2x, https:\/\/i0.wp.com\/noticiasribeiraopreto.com.br\/wp-content\/uploads\/2024\/07\/ems.jpg?fit=1200%2C675&ssl=1&resize=1050%2C600 3x"},"classes":[]},{"id":13522,"url":"https:\/\/noticiasribeiraopreto.com.br\/index.php\/2023\/12\/10\/quer-trabalhar-no-grupo-tigre-veja-a-lista-de-vagas-abertas\/","url_meta":{"origin":17182,"position":1},"title":"Quer trabalhar no Grupo Tigre? Veja a lista de VAGAS ABERTAS!","author":"noticiasribeiraopreto.com.br","date":"10 de December de 2023","format":false,"excerpt":"O Grupo Tigre, empresa com mais de 80 anos de hist\u00f3ria, atuando em 10 pa\u00edses e sendo l\u00edder na oferta de solu\u00e7\u00f5es para os mercados de constru\u00e7\u00e3o civil, infraestrutura, irriga\u00e7\u00e3o e industrial, est\u00e1 contratando novos profissionais no mercado. Isto \u00e9, antes de falar mais sobre, confira quais s\u00e3o as vagas\u2026","rel":"","context":"In &quot;Vagas de Emprego em Ribeir\u00e3o Preto-SP&quot;","block_context":{"text":"Vagas de Emprego em Ribeir\u00e3o Preto-SP","link":"https:\/\/noticiasribeiraopreto.com.br\/index.php\/category\/empregos-classificados-vagas-trabalho\/vagas-de-empregos-em-ribeirao-preto-regiao-brasil\/"},"img":{"alt_text":"","src":"https:\/\/i0.wp.com\/noticiasribeiraopreto.com.br\/wp-content\/uploads\/2023\/12\/noticiasconcursos.com_.br-grupo-tigre-abre-novas-vagas-para-seu-programa-de-estagio-grupo-tigre-logo.jpg?fit=1000%2C700&ssl=1&resize=350%2C200","width":350,"height":200,"srcset":"https:\/\/i0.wp.com\/noticiasribeiraopreto.com.br\/wp-content\/uploads\/2023\/12\/noticiasconcursos.com_.br-grupo-tigre-abre-novas-vagas-para-seu-programa-de-estagio-grupo-tigre-logo.jpg?fit=1000%2C700&ssl=1&resize=350%2C200 1x, https:\/\/i0.wp.com\/noticiasribeiraopreto.com.br\/wp-content\/uploads\/2023\/12\/noticiasconcursos.com_.br-grupo-tigre-abre-novas-vagas-para-seu-programa-de-estagio-grupo-tigre-logo.jpg?fit=1000%2C700&ssl=1&resize=525%2C300 1.5x, https:\/\/i0.wp.com\/noticiasribeiraopreto.com.br\/wp-content\/uploads\/2023\/12\/noticiasconcursos.com_.br-grupo-tigre-abre-novas-vagas-para-seu-programa-de-estagio-grupo-tigre-logo.jpg?fit=1000%2C700&ssl=1&resize=700%2C400 2x"},"classes":[]},{"id":47070,"url":"https:\/\/noticiasribeiraopreto.com.br\/index.php\/2024\/04\/19\/vagas-de-empregos-na-ems-para-trabalhar-de-casa-em-ribeirao-preto-sp-ou-qualquer-lugar-do-brasil-vagas-home-office-ems-27\/","url_meta":{"origin":17182,"position":2},"title":"Vagas de empregos na EMS para trabalhar de casa em Ribeir\u00e3o Preto-SP ou qualquer lugar do Brasil (vagas home office EMS)","author":"noticiasribeiraopreto.com.br","date":"19 de April de 2024","format":false,"excerpt":"SOMOS A EMSCuidar das pessoas: essa \u00e9 a miss\u00e3o da EMS, empresa do Grupo NC e o maior laborat\u00f3rio farmac\u00eautico no Brasil, l\u00edder de mercado h\u00e1 mais de 15 anos consecutivos e l\u00edder no segmento de gen\u00e9ricos desde 2013. Com quase 60 anos de hist\u00f3ria e mais de cinco mil\u2026","rel":"","context":"In &quot;Vagas de Emprego em Ribeir\u00e3o Preto-SP&quot;","block_context":{"text":"Vagas de Emprego em Ribeir\u00e3o Preto-SP","link":"https:\/\/noticiasribeiraopreto.com.br\/index.php\/category\/empregos-classificados-vagas-trabalho\/vagas-de-empregos-em-ribeirao-preto-regiao-brasil\/"},"img":{"alt_text":"","src":"https:\/\/i0.wp.com\/noticiasribeiraopreto.com.br\/wp-content\/uploads\/2024\/04\/ems.jpg?fit=1200%2C675&ssl=1&resize=350%2C200","width":350,"height":200,"srcset":"https:\/\/i0.wp.com\/noticiasribeiraopreto.com.br\/wp-content\/uploads\/2024\/04\/ems.jpg?fit=1200%2C675&ssl=1&resize=350%2C200 1x, https:\/\/i0.wp.com\/noticiasribeiraopreto.com.br\/wp-content\/uploads\/2024\/04\/ems.jpg?fit=1200%2C675&ssl=1&resize=525%2C300 1.5x, https:\/\/i0.wp.com\/noticiasribeiraopreto.com.br\/wp-content\/uploads\/2024\/04\/ems.jpg?fit=1200%2C675&ssl=1&resize=700%2C400 2x, https:\/\/i0.wp.com\/noticiasribeiraopreto.com.br\/wp-content\/uploads\/2024\/04\/ems.jpg?fit=1200%2C675&ssl=1&resize=1050%2C600 3x"},"classes":[]},{"id":22862,"url":"https:\/\/noticiasribeiraopreto.com.br\/index.php\/2023\/12\/31\/quata-alimentos-contrata-profissionais-no-seu-ramo\/","url_meta":{"origin":17182,"position":3},"title":"Quat\u00e1 Alimentos CONTRATA profissionais no seu ramo!","author":"noticiasribeiraopreto.com.br","date":"31 de December de 2023","format":false,"excerpt":"A Quat\u00e1 Alimentos, empresa que \u00e9\u00a0uma das maiores ind\u00fastrias de latic\u00ednios no pa\u00eds, est\u00e1 contratando profissionais no mercado de trabalho. Quer dizer, antes mesmo de falar mais sobre a companhia,, confira quais s\u00e3o as vagas da empresa atua para levar os melhores produtos de base l\u00e1ctea \u00e0 mesa das fam\u00edlias:\u2026","rel":"","context":"In &quot;Vagas de Emprego em Ribeir\u00e3o Preto-SP&quot;","block_context":{"text":"Vagas de Emprego em Ribeir\u00e3o Preto-SP","link":"https:\/\/noticiasribeiraopreto.com.br\/index.php\/category\/empregos-classificados-vagas-trabalho\/vagas-de-empregos-em-ribeirao-preto-regiao-brasil\/"},"img":{"alt_text":"","src":"https:\/\/i0.wp.com\/noticiasribeiraopreto.com.br\/wp-content\/uploads\/2023\/12\/noticiasconcursos.com_.br-quer-trabalhar-na-quata-alimentos-conheca-os-cargos-quata.jpg?fit=800%2C490&ssl=1&resize=350%2C200","width":350,"height":200,"srcset":"https:\/\/i0.wp.com\/noticiasribeiraopreto.com.br\/wp-content\/uploads\/2023\/12\/noticiasconcursos.com_.br-quer-trabalhar-na-quata-alimentos-conheca-os-cargos-quata.jpg?fit=800%2C490&ssl=1&resize=350%2C200 1x, https:\/\/i0.wp.com\/noticiasribeiraopreto.com.br\/wp-content\/uploads\/2023\/12\/noticiasconcursos.com_.br-quer-trabalhar-na-quata-alimentos-conheca-os-cargos-quata.jpg?fit=800%2C490&ssl=1&resize=525%2C300 1.5x, https:\/\/i0.wp.com\/noticiasribeiraopreto.com.br\/wp-content\/uploads\/2023\/12\/noticiasconcursos.com_.br-quer-trabalhar-na-quata-alimentos-conheca-os-cargos-quata.jpg?fit=800%2C490&ssl=1&resize=700%2C400 2x"},"classes":[]},{"id":43517,"url":"https:\/\/noticiasribeiraopreto.com.br\/index.php\/2024\/03\/21\/vagas-de-empregos-na-ems-para-trabalhar-de-casa-em-ribeirao-preto-sp-ou-qualquer-lugar-do-brasil-vagas-home-office-ems-26\/","url_meta":{"origin":17182,"position":4},"title":"Vagas de empregos na EMS para trabalhar de casa em Ribeir\u00e3o Preto-SP ou qualquer lugar do Brasil (vagas home office EMS)","author":"noticiasribeiraopreto.com.br","date":"21 de March de 2024","format":false,"excerpt":"SOMOS A EMSCuidar das pessoas: essa \u00e9 a miss\u00e3o da EMS, empresa do Grupo NC e o maior laborat\u00f3rio farmac\u00eautico no Brasil, l\u00edder de mercado h\u00e1 mais de 15 anos consecutivos e l\u00edder no segmento de gen\u00e9ricos desde 2013. Com quase 60 anos de hist\u00f3ria e mais de cinco mil\u2026","rel":"","context":"In &quot;Vagas de Emprego em Ribeir\u00e3o Preto-SP&quot;","block_context":{"text":"Vagas de Emprego em Ribeir\u00e3o Preto-SP","link":"https:\/\/noticiasribeiraopreto.com.br\/index.php\/category\/empregos-classificados-vagas-trabalho\/vagas-de-empregos-em-ribeirao-preto-regiao-brasil\/"},"img":{"alt_text":"","src":"https:\/\/i0.wp.com\/noticiasribeiraopreto.com.br\/wp-content\/uploads\/2024\/03\/ems.jpg?fit=1200%2C675&ssl=1&resize=350%2C200","width":350,"height":200,"srcset":"https:\/\/i0.wp.com\/noticiasribeiraopreto.com.br\/wp-content\/uploads\/2024\/03\/ems.jpg?fit=1200%2C675&ssl=1&resize=350%2C200 1x, https:\/\/i0.wp.com\/noticiasribeiraopreto.com.br\/wp-content\/uploads\/2024\/03\/ems.jpg?fit=1200%2C675&ssl=1&resize=525%2C300 1.5x, https:\/\/i0.wp.com\/noticiasribeiraopreto.com.br\/wp-content\/uploads\/2024\/03\/ems.jpg?fit=1200%2C675&ssl=1&resize=700%2C400 2x, https:\/\/i0.wp.com\/noticiasribeiraopreto.com.br\/wp-content\/uploads\/2024\/03\/ems.jpg?fit=1200%2C675&ssl=1&resize=1050%2C600 3x"},"classes":[]},{"id":50813,"url":"https:\/\/noticiasribeiraopreto.com.br\/index.php\/2024\/05\/19\/vagas-de-empregos-na-ems-para-trabalhar-de-casa-em-ribeirao-preto-sp-ou-qualquer-lugar-do-brasil-vagas-home-office-ems-28\/","url_meta":{"origin":17182,"position":5},"title":"Vagas de empregos na EMS para trabalhar de casa em Ribeir\u00e3o Preto-SP ou qualquer lugar do Brasil (vagas home office EMS)","author":"noticiasribeiraopreto.com.br","date":"19 de May de 2024","format":false,"excerpt":"SOMOS A EMSCuidar das pessoas: essa \u00e9 a miss\u00e3o da EMS, empresa do Grupo NC e o maior laborat\u00f3rio farmac\u00eautico no Brasil, l\u00edder de mercado h\u00e1 mais de 15 anos consecutivos e l\u00edder no segmento de gen\u00e9ricos desde 2013. Com quase 60 anos de hist\u00f3ria e mais de cinco mil\u2026","rel":"","context":"In &quot;Vagas de Emprego em Ribeir\u00e3o Preto-SP&quot;","block_context":{"text":"Vagas de Emprego em Ribeir\u00e3o Preto-SP","link":"https:\/\/noticiasribeiraopreto.com.br\/index.php\/category\/empregos-classificados-vagas-trabalho\/vagas-de-empregos-em-ribeirao-preto-regiao-brasil\/"},"img":{"alt_text":"","src":"https:\/\/i0.wp.com\/noticiasribeiraopreto.com.br\/wp-content\/uploads\/2024\/05\/ems.jpg?fit=1200%2C675&ssl=1&resize=350%2C200","width":350,"height":200,"srcset":"https:\/\/i0.wp.com\/noticiasribeiraopreto.com.br\/wp-content\/uploads\/2024\/05\/ems.jpg?fit=1200%2C675&ssl=1&resize=350%2C200 1x, https:\/\/i0.wp.com\/noticiasribeiraopreto.com.br\/wp-content\/uploads\/2024\/05\/ems.jpg?fit=1200%2C675&ssl=1&resize=525%2C300 1.5x, https:\/\/i0.wp.com\/noticiasribeiraopreto.com.br\/wp-content\/uploads\/2024\/05\/ems.jpg?fit=1200%2C675&ssl=1&resize=700%2C400 2x, https:\/\/i0.wp.com\/noticiasribeiraopreto.com.br\/wp-content\/uploads\/2024\/05\/ems.jpg?fit=1200%2C675&ssl=1&resize=1050%2C600 3x"},"classes":[]}],"jetpack_sharing_enabled":true,"jetpack_shortlink":"https:\/\/wp.me\/peQAOb-4t8","_links":{"self":[{"href":"https:\/\/noticiasribeiraopreto.com.br\/index.php\/wp-json\/wp\/v2\/posts\/17182","targetHints":{"allow":["GET"]}}],"collection":[{"href":"https:\/\/noticiasribeiraopreto.com.br\/index.php\/wp-json\/wp\/v2\/posts"}],"about":[{"href":"https:\/\/noticiasribeiraopreto.com.br\/index.php\/wp-json\/wp\/v2\/types\/post"}],"author":[{"embeddable":true,"href":"https:\/\/noticiasribeiraopreto.com.br\/index.php\/wp-json\/wp\/v2\/users\/1"}],"replies":[{"embeddable":true,"href":"https:\/\/noticiasribeiraopreto.com.br\/index.php\/wp-json\/wp\/v2\/comments?post=17182"}],"version-history":[{"count":0,"href":"https:\/\/noticiasribeiraopreto.com.br\/index.php\/wp-json\/wp\/v2\/posts\/17182\/revisions"}],"wp:featuredmedia":[{"embeddable":true,"href":"https:\/\/noticiasribeiraopreto.com.br\/index.php\/wp-json\/wp\/v2\/media\/17183"}],"wp:attachment":[{"href":"https:\/\/noticiasribeiraopreto.com.br\/index.php\/wp-json\/wp\/v2\/media?parent=17182"}],"wp:term":[{"taxonomy":"category","embeddable":true,"href":"https:\/\/noticiasribeiraopreto.com.br\/index.php\/wp-json\/wp\/v2\/categories?post=17182"},{"taxonomy":"post_tag","embeddable":true,"href":"https:\/\/noticiasribeiraopreto.com.br\/index.php\/wp-json\/wp\/v2\/tags?post=17182"}],"curies":[{"name":"wp","href":"https:\/\/api.w.org\/{rel}","templated":true}]}}