{"id":17184,"date":"2023-12-17T18:06:04","date_gmt":"2023-12-17T21:06:04","guid":{"rendered":"https:\/\/noticiasribeiraopreto.com.br\/index.php\/2023\/12\/17\/ubds-vila-virginia-reabrira-nesta-segunda-18\/"},"modified":"2023-12-17T18:06:04","modified_gmt":"2023-12-17T21:06:04","slug":"ubds-vila-virginia-reabrira-nesta-segunda-18","status":"publish","type":"post","link":"https:\/\/noticiasribeiraopreto.com.br\/index.php\/2023\/12\/17\/ubds-vila-virginia-reabrira-nesta-segunda-18\/","title":{"rendered":"UBDS Vila Virg\u00ednia reabrir\u00e1 nesta segunda (18)"},"content":{"rendered":"<div class='code-block code-block-1' style='margin: 8px 0 8px auto; text-align: right; display: block; clear: both;'>\n<p><a href=\"https:\/\/wa.link\/vpicfd\"><img data-recalc-dims=\"1\" class=\"wp-image-4922\" style=\"aspect-ratio: 2.0253164556962027; width: 561px; height: auto;\" src=\"https:\/\/i0.wp.com\/ismaelcolosi.com.br\/wp-content\/uploads\/2023\/11\/grupo-de-empregos-whatsapp-e-facebook-ismael-colosi-vagas.jpg?ssl=1\" alt=\"\" \/><\/a><\/p>\n<!-- \/wp:image -->\n<\/div>\n<p> <br \/>\n<\/p>\n<div id=\"post-367021\">\n<header class=\"entry-header penci-entry-header penci-title-center\">\n<p> <span class=\"entry-meta-item penci-posted-on\"><i class=\"fa fa-clock-o\"\/><time class=\"entry-date published\" datetime=\"2023-12-17T18:00:20-03:00\">17 de dezembro de 2023 | 18:00<\/time><time class=\"updated\" datetime=\"2023-12-17T15:19:51-03:00\">17 de dezembro de 2023 | 15:19<\/time><\/span><\/p>\n<p> <span class=\"penci-social-buttons penci-social-share-footer\"><a href=\"#\" class=\"penci-post-like penci_post-meta_item  single-like-button penci-social-item like\" data-post_id=\"367021\" title=\"Like\" data-like=\"Like\" data-unlike=\"Unlike\"><i class=\"fa fa-thumbs-o-up\"\/><span class=\"penci-share-number\">0<\/span><\/a><i class=\"fa fa-facebook\"\/><a class=\"penci-social-item twitter\" target=\"_blank\" rel=\"noopener\" title=\"\" href=\"https:\/\/twitter.com\/intent\/tweet?text=UBDS%20Vila%20Virg\u00ednia%20reabrir\u00e1%20nesta%20segunda%20(18)%20-%20https:\/\/www.tribunaribeirao.com.br\/site\/ubds-vila-virginia-reabrira-nesta-segunda-18\/\"><i class=\"fa fa-twitter\"\/><\/a><i class=\"fa fa-whatsapp\"\/><\/span><\/header>\n<div class=\"penci-entry-content entry-content\">\n<p>A UBDS \u2013 Unidade B\u00e1sica e Distrital de Sa\u00fade Dr. Marco Ant\u00f4nio Sah\u00e3o, na Vila Virg\u00ednia, reabrir\u00e1 nesta segunda-feira, dia 18 de dezembro.<\/p>\n<p>A unidade de sa\u00fade foi fechada temporariamente para reforma, depois de sofrer graves danos estruturais em consequ\u00eancia das chuvas de outubro.<\/p>\n<p>O telhado e estrutura da UBDS foi totalmente substitu\u00eddo; foram implantados quatro novos banheiros com adapta\u00e7\u00e3o para pessoas com necessidades especiais; al\u00e9m de constru\u00e7\u00e3o de novo acesso \u00e0 unidade de sa\u00fade com o equipamento de acessibilidade.<\/p>\n<p>As medidas foram necess\u00e1rias para preservar a seguran\u00e7a e bem estar da popula\u00e7\u00e3o que utiliza a unidade.<\/p>\n<p>\u00a0<\/p>\n<\/div>\n<footer class=\"penci-entry-footer\"\/><\/div>\n<p><script async src=\"\/\/platform.twitter.com\/widgets.js\" charset=\"utf-8\"><\/script><br \/>\n<br \/><br \/>\n<br \/><a href=\"https:\/\/www.tribunaribeirao.com.br\/site\/ubds-vila-virginia-reabrira-nesta-segunda-18\/\">Source link <\/a><\/p>\n<!-- CONTENT END 1 -->\n","protected":false},"excerpt":{"rendered":"<p>17 de dezembro de 2023 | 18:0017 de dezembro de 2023 | 15:19 0 A UBDS \u2013 Unidade B\u00e1sica e Distrital de Sa\u00fade Dr. Marco&#8230;<\/p>\n","protected":false},"author":1,"featured_media":17185,"comment_status":"open","ping_status":"open","sticky":false,"template":"","format":"standard","meta":{"advanced_seo_description":"","jetpack_seo_html_title":"","jetpack_seo_noindex":false,"jetpack_post_was_ever_published":false,"_jetpack_newsletter_access":"","_jetpack_dont_email_post_to_subs":false,"_jetpack_newsletter_tier_id":0,"_jetpack_memberships_contains_paywalled_content":false,"_jetpack_memberships_contains_paid_content":false,"footnotes":"","jetpack_publicize_message":"","jetpack_publicize_feature_enabled":true,"jetpack_social_post_already_shared":true,"jetpack_social_options":{"image_generator_settings":{"template":"highway","default_image_id":0,"font":"","enabled":false},"version":2}},"categories":[11],"tags":[207,2322,839,876,553,1946],"class_list":["post-17184","post","type-post","status-publish","format-standard","has-post-thumbnail","hentry","category-noticias-de-ribeirao-preto-sp-e-regiao-ismael-colosi","tag-nesta","tag-reabrira","tag-segunda","tag-ubds","tag-vila","tag-virginia"],"jetpack_publicize_connections":[],"jetpack_featured_media_url":"https:\/\/i0.wp.com\/noticiasribeiraopreto.com.br\/wp-content\/uploads\/2023\/12\/ubs-vila-virginia-scaled.jpg?fit=967%2C645&ssl=1","jetpack-related-posts":[{"id":2145,"url":"https:\/\/noticiasribeiraopreto.com.br\/index.php\/2023\/11\/14\/ubds-da-vila-virginia-permanecera-fechada-ate-dezembro-em-ribeirao-preto\/","url_meta":{"origin":17184,"position":0},"title":"UBDS da Vila Virg\u00ednia permanecer\u00e1 fechada at\u00e9 dezembro em Ribeir\u00e3o Preto","author":"noticiasribeiraopreto.com.br","date":"14 de November de 2023","format":false,"excerpt":"A Prefeitura de Ribeir\u00e3o Preto anunciou, nesta quarta-feira (14), que a UBDS (Unidade B\u00e1sica e Distrital de Sa\u00fade) da Vila Virg\u00ednia permanecer\u00e1 fechada at\u00e9 o m\u00eas que vem. A previs\u00e3o de reabertura \u00e9 para a primeira quinzena de dezembro. \u00a0A previs\u00e3o de reabertura era para o dia 21 de novembro,\u2026","rel":"","context":"In &quot;Not\u00edcias de Ribeir\u00e3o Preto-SP e Regi\u00e3o&quot;","block_context":{"text":"Not\u00edcias de Ribeir\u00e3o Preto-SP e Regi\u00e3o","link":"https:\/\/noticiasribeiraopreto.com.br\/index.php\/category\/noticias-de-ribeirao-preto-sp-e-regiao-ismael-colosi\/"},"img":{"alt_text":"","src":"https:\/\/i0.wp.com\/noticiasribeiraopreto.com.br\/wp-content\/uploads\/2023\/11\/WhatsApp-Image-2023-10-30-at-07.11.20-scaled.jpeg?fit=1200%2C900&ssl=1&resize=350%2C200","width":350,"height":200,"srcset":"https:\/\/i0.wp.com\/noticiasribeiraopreto.com.br\/wp-content\/uploads\/2023\/11\/WhatsApp-Image-2023-10-30-at-07.11.20-scaled.jpeg?fit=1200%2C900&ssl=1&resize=350%2C200 1x, https:\/\/i0.wp.com\/noticiasribeiraopreto.com.br\/wp-content\/uploads\/2023\/11\/WhatsApp-Image-2023-10-30-at-07.11.20-scaled.jpeg?fit=1200%2C900&ssl=1&resize=525%2C300 1.5x, https:\/\/i0.wp.com\/noticiasribeiraopreto.com.br\/wp-content\/uploads\/2023\/11\/WhatsApp-Image-2023-10-30-at-07.11.20-scaled.jpeg?fit=1200%2C900&ssl=1&resize=700%2C400 2x, https:\/\/i0.wp.com\/noticiasribeiraopreto.com.br\/wp-content\/uploads\/2023\/11\/WhatsApp-Image-2023-10-30-at-07.11.20-scaled.jpeg?fit=1200%2C900&ssl=1&resize=1050%2C600 3x"},"classes":[]},{"id":15993,"url":"https:\/\/noticiasribeiraopreto.com.br\/index.php\/2023\/12\/14\/ubds-reabre-dia-18-de-dezembro\/","url_meta":{"origin":17184,"position":1},"title":"UBDS reabre dia 18 de dezembro \u00a0","author":"noticiasribeiraopreto.com.br","date":"14 de December de 2023","format":false,"excerpt":"14 de dezembro de 2023 | 18:0014 de dezembro de 2023 | 10:57 0A Unidade B\u00e1sica e Distrital de Sa\u00fade Doutor Marco Ant\u00f4nio Sah\u00e3o, a UBDS Sul, na rua Franco da Rocha n\u00ba 1.270, Vila Virg\u00ednia, que come\u00e7ou a ser reformada em 10 de julho, com previs\u00e3o de reabertura dois\u2026","rel":"","context":"In &quot;Not\u00edcias de Ribeir\u00e3o Preto-SP e Regi\u00e3o&quot;","block_context":{"text":"Not\u00edcias de Ribeir\u00e3o Preto-SP e Regi\u00e3o","link":"https:\/\/noticiasribeiraopreto.com.br\/index.php\/category\/noticias-de-ribeirao-preto-sp-e-regiao-ismael-colosi\/"},"img":{"alt_text":"","src":"https:\/\/i0.wp.com\/noticiasribeiraopreto.com.br\/wp-content\/uploads\/2023\/12\/SaudeUBDS-Alfredo-Risk-scaled.jpg?fit=1000%2C517&ssl=1&resize=350%2C200","width":350,"height":200,"srcset":"https:\/\/i0.wp.com\/noticiasribeiraopreto.com.br\/wp-content\/uploads\/2023\/12\/SaudeUBDS-Alfredo-Risk-scaled.jpg?fit=1000%2C517&ssl=1&resize=350%2C200 1x, https:\/\/i0.wp.com\/noticiasribeiraopreto.com.br\/wp-content\/uploads\/2023\/12\/SaudeUBDS-Alfredo-Risk-scaled.jpg?fit=1000%2C517&ssl=1&resize=525%2C300 1.5x, https:\/\/i0.wp.com\/noticiasribeiraopreto.com.br\/wp-content\/uploads\/2023\/12\/SaudeUBDS-Alfredo-Risk-scaled.jpg?fit=1000%2C517&ssl=1&resize=700%2C400 2x"},"classes":[]},{"id":15046,"url":"https:\/\/noticiasribeiraopreto.com.br\/index.php\/2023\/12\/12\/ubds-de-ribeirao-preto-sera-reaberta-apos-ficar-fechada-por-mais-de-um-mes-veja-quando\/","url_meta":{"origin":17184,"position":2},"title":"UBDS de Ribeir\u00e3o Preto ser\u00e1 reaberta ap\u00f3s ficar fechada por mais de um m\u00eas; Veja quando","author":"noticiasribeiraopreto.com.br","date":"12 de December de 2023","format":false,"excerpt":"A Prefeitura de Ribeir\u00e3o Preto informou, nesta ter\u00e7a-feira (12), que a UBDS (Unidade B\u00e1sica e Distrital de Sa\u00fade) da Vila Virg\u00ednia ser\u00e1 reaberta na pr\u00f3xima semana. O local est\u00e1 fechado desde o dia 27 de outubro, devido a uma forte chuva que atingiu o munic\u00edpio. De acordo com a Administra\u00e7\u00e3o\u2026","rel":"","context":"In &quot;Not\u00edcias de Ribeir\u00e3o Preto-SP e Regi\u00e3o&quot;","block_context":{"text":"Not\u00edcias de Ribeir\u00e3o Preto-SP e Regi\u00e3o","link":"https:\/\/noticiasribeiraopreto.com.br\/index.php\/category\/noticias-de-ribeirao-preto-sp-e-regiao-ismael-colosi\/"},"img":{"alt_text":"","src":"https:\/\/i0.wp.com\/noticiasribeiraopreto.com.br\/wp-content\/uploads\/2023\/12\/ubds_vila_1024x576_03092021201236.jpg?fit=1024%2C576&ssl=1&resize=350%2C200","width":350,"height":200,"srcset":"https:\/\/i0.wp.com\/noticiasribeiraopreto.com.br\/wp-content\/uploads\/2023\/12\/ubds_vila_1024x576_03092021201236.jpg?fit=1024%2C576&ssl=1&resize=350%2C200 1x, https:\/\/i0.wp.com\/noticiasribeiraopreto.com.br\/wp-content\/uploads\/2023\/12\/ubds_vila_1024x576_03092021201236.jpg?fit=1024%2C576&ssl=1&resize=525%2C300 1.5x, https:\/\/i0.wp.com\/noticiasribeiraopreto.com.br\/wp-content\/uploads\/2023\/12\/ubds_vila_1024x576_03092021201236.jpg?fit=1024%2C576&ssl=1&resize=700%2C400 2x"},"classes":[]},{"id":83415,"url":"https:\/\/noticiasribeiraopreto.com.br\/index.php\/2026\/03\/18\/upas-emitem-58-158-atestados-em-ribeirao\/","url_meta":{"origin":17184,"position":3},"title":"UPAs emitem 58.158 atestados em Ribeir\u00e3o","author":"noticiasribeiraopreto.com.br","date":"18 de March de 2026","format":false,"excerpt":"\r \r \r 18 de mar\u00e7o de 2026 06:3618 de mar\u00e7o de 2026 01:45 \r Compartilhar0 Segunda-feira concentra o maior n\u00famero de emiss\u00f5es, com 10.628 atestados, seguida pela quinta, com 10.235 Dados da Secretaria Municipal da Sa\u00fade indicam que, apenas em janeiro e fevereiro deste ano, foram emitidos 58.158 atestados\u2026","rel":"","context":"In &quot;Not\u00edcias de Ribeir\u00e3o Preto-SP e Regi\u00e3o&quot;","block_context":{"text":"Not\u00edcias de Ribeir\u00e3o Preto-SP e Regi\u00e3o","link":"https:\/\/noticiasribeiraopreto.com.br\/index.php\/category\/noticias-de-ribeirao-preto-sp-e-regiao-ismael-colosi\/"},"img":{"alt_text":"","src":"https:\/\/i0.wp.com\/noticiasribeiraopreto.com.br\/wp-content\/uploads\/2026\/03\/Atestados-Fernado-Gonzaga-scaled.jpg?fit=1170%2C780&ssl=1&resize=350%2C200","width":350,"height":200,"srcset":"https:\/\/i0.wp.com\/noticiasribeiraopreto.com.br\/wp-content\/uploads\/2026\/03\/Atestados-Fernado-Gonzaga-scaled.jpg?fit=1170%2C780&ssl=1&resize=350%2C200 1x, https:\/\/i0.wp.com\/noticiasribeiraopreto.com.br\/wp-content\/uploads\/2026\/03\/Atestados-Fernado-Gonzaga-scaled.jpg?fit=1170%2C780&ssl=1&resize=525%2C300 1.5x, https:\/\/i0.wp.com\/noticiasribeiraopreto.com.br\/wp-content\/uploads\/2026\/03\/Atestados-Fernado-Gonzaga-scaled.jpg?fit=1170%2C780&ssl=1&resize=700%2C400 2x, https:\/\/i0.wp.com\/noticiasribeiraopreto.com.br\/wp-content\/uploads\/2026\/03\/Atestados-Fernado-Gonzaga-scaled.jpg?fit=1170%2C780&ssl=1&resize=1050%2C600 3x"},"classes":[]},{"id":13832,"url":"https:\/\/noticiasribeiraopreto.com.br\/index.php\/2023\/12\/11\/vila-virginia-e-bairros-proximos-podem-ficar-sem-agua-nesta-segunda-em-ribeirao\/","url_meta":{"origin":17184,"position":4},"title":"Vila Virg\u00ednia e bairros pr\u00f3ximos podem ficar sem \u00e1gua nesta segunda em Ribeir\u00e3o \u00a0","author":"noticiasribeiraopreto.com.br","date":"11 de December de 2023","format":false,"excerpt":"A Saerp (Secretaria de \u00c1gua e Esgoto de Ribeir\u00e3o Preto) informou, na manh\u00e3 desta segunda-feira (11), que cinco bairros podem ficar sem \u00e1gua na zona Oeste da cidade. \u00a0 Segundo a Pasta, est\u00e1 sendo realizada a substitui\u00e7\u00e3o emergencial da bomba do Po\u00e7o Patriarca, ap\u00f3s apresentar falhas eletromec\u00e2nicas. \u00a0 Os bairros\u2026","rel":"","context":"In &quot;Not\u00edcias de Ribeir\u00e3o Preto-SP e Regi\u00e3o&quot;","block_context":{"text":"Not\u00edcias de Ribeir\u00e3o Preto-SP e Regi\u00e3o","link":"https:\/\/noticiasribeiraopreto.com.br\/index.php\/category\/noticias-de-ribeirao-preto-sp-e-regiao-ismael-colosi\/"},"img":{"alt_text":"","src":"https:\/\/i0.wp.com\/noticiasribeiraopreto.com.br\/wp-content\/uploads\/2023\/12\/torneira_falta_1024x576_01122020133928.jpg?fit=1024%2C576&ssl=1&resize=350%2C200","width":350,"height":200,"srcset":"https:\/\/i0.wp.com\/noticiasribeiraopreto.com.br\/wp-content\/uploads\/2023\/12\/torneira_falta_1024x576_01122020133928.jpg?fit=1024%2C576&ssl=1&resize=350%2C200 1x, https:\/\/i0.wp.com\/noticiasribeiraopreto.com.br\/wp-content\/uploads\/2023\/12\/torneira_falta_1024x576_01122020133928.jpg?fit=1024%2C576&ssl=1&resize=525%2C300 1.5x, https:\/\/i0.wp.com\/noticiasribeiraopreto.com.br\/wp-content\/uploads\/2023\/12\/torneira_falta_1024x576_01122020133928.jpg?fit=1024%2C576&ssl=1&resize=700%2C400 2x"},"classes":[]},{"id":84475,"url":"https:\/\/noticiasribeiraopreto.com.br\/index.php\/2026\/04\/10\/atendimento-24h-em-rp-aumenta-1083\/","url_meta":{"origin":17184,"position":5},"title":"Atendimento 24h em\u2028 RP aumenta 10,83%","author":"noticiasribeiraopreto.com.br","date":"10 de April de 2026","format":false,"excerpt":"O dia com maior demanda em UBDS e Unidades de Pronto Atendimento\u00e9 a segunda-feira, com 80.358 atendimentos O n\u00famero de atendimentos na Unidade B\u00e1sica Distrital de Sa\u00fade (UBDS) Doutor Marco Ant\u00f4nio Sah\u00e3o (na rua Franco da Rocha n\u00ba 1.270), a chamada UPA Sul, na Vila Virg\u00ednia, e nas Unidades de\u2026","rel":"","context":"In &quot;Not\u00edcias de Ribeir\u00e3o Preto-SP e Regi\u00e3o&quot;","block_context":{"text":"Not\u00edcias de Ribeir\u00e3o Preto-SP e Regi\u00e3o","link":"https:\/\/noticiasribeiraopreto.com.br\/index.php\/category\/noticias-de-ribeirao-preto-sp-e-regiao-ismael-colosi\/"},"img":{"alt_text":"","src":"https:\/\/i0.wp.com\/noticiasribeiraopreto.com.br\/wp-content\/uploads\/2026\/04\/SaudeUPA-Alfredo-Risk-scaled.jpg?fit=1170%2C780&ssl=1&resize=350%2C200","width":350,"height":200,"srcset":"https:\/\/i0.wp.com\/noticiasribeiraopreto.com.br\/wp-content\/uploads\/2026\/04\/SaudeUPA-Alfredo-Risk-scaled.jpg?fit=1170%2C780&ssl=1&resize=350%2C200 1x, https:\/\/i0.wp.com\/noticiasribeiraopreto.com.br\/wp-content\/uploads\/2026\/04\/SaudeUPA-Alfredo-Risk-scaled.jpg?fit=1170%2C780&ssl=1&resize=525%2C300 1.5x, https:\/\/i0.wp.com\/noticiasribeiraopreto.com.br\/wp-content\/uploads\/2026\/04\/SaudeUPA-Alfredo-Risk-scaled.jpg?fit=1170%2C780&ssl=1&resize=700%2C400 2x, https:\/\/i0.wp.com\/noticiasribeiraopreto.com.br\/wp-content\/uploads\/2026\/04\/SaudeUPA-Alfredo-Risk-scaled.jpg?fit=1170%2C780&ssl=1&resize=1050%2C600 3x"},"classes":[]}],"jetpack_sharing_enabled":true,"jetpack_shortlink":"https:\/\/wp.me\/peQAOb-4ta","_links":{"self":[{"href":"https:\/\/noticiasribeiraopreto.com.br\/index.php\/wp-json\/wp\/v2\/posts\/17184","targetHints":{"allow":["GET"]}}],"collection":[{"href":"https:\/\/noticiasribeiraopreto.com.br\/index.php\/wp-json\/wp\/v2\/posts"}],"about":[{"href":"https:\/\/noticiasribeiraopreto.com.br\/index.php\/wp-json\/wp\/v2\/types\/post"}],"author":[{"embeddable":true,"href":"https:\/\/noticiasribeiraopreto.com.br\/index.php\/wp-json\/wp\/v2\/users\/1"}],"replies":[{"embeddable":true,"href":"https:\/\/noticiasribeiraopreto.com.br\/index.php\/wp-json\/wp\/v2\/comments?post=17184"}],"version-history":[{"count":0,"href":"https:\/\/noticiasribeiraopreto.com.br\/index.php\/wp-json\/wp\/v2\/posts\/17184\/revisions"}],"wp:featuredmedia":[{"embeddable":true,"href":"https:\/\/noticiasribeiraopreto.com.br\/index.php\/wp-json\/wp\/v2\/media\/17185"}],"wp:attachment":[{"href":"https:\/\/noticiasribeiraopreto.com.br\/index.php\/wp-json\/wp\/v2\/media?parent=17184"}],"wp:term":[{"taxonomy":"category","embeddable":true,"href":"https:\/\/noticiasribeiraopreto.com.br\/index.php\/wp-json\/wp\/v2\/categories?post=17184"},{"taxonomy":"post_tag","embeddable":true,"href":"https:\/\/noticiasribeiraopreto.com.br\/index.php\/wp-json\/wp\/v2\/tags?post=17184"}],"curies":[{"name":"wp","href":"https:\/\/api.w.org\/{rel}","templated":true}]}}