{"id":17194,"date":"2023-12-17T18:29:24","date_gmt":"2023-12-17T21:29:24","guid":{"rendered":"https:\/\/noticiasribeiraopreto.com.br\/index.php\/2023\/12\/17\/caravana-de-natal-da-coca-cola-volta-a-ribeirao-preto-nesta-semana-veja-as-datas\/"},"modified":"2023-12-17T18:29:24","modified_gmt":"2023-12-17T21:29:24","slug":"caravana-de-natal-da-coca-cola-volta-a-ribeirao-preto-nesta-semana-veja-as-datas","status":"publish","type":"post","link":"https:\/\/noticiasribeiraopreto.com.br\/index.php\/2023\/12\/17\/caravana-de-natal-da-coca-cola-volta-a-ribeirao-preto-nesta-semana-veja-as-datas\/","title":{"rendered":"Caravana de Natal da Coca-Cola volta a Ribeir\u00e3o Preto nesta semana; Veja as datas"},"content":{"rendered":"<div class='code-block code-block-1' style='margin: 8px 0 8px auto; text-align: right; display: block; clear: both;'>\n<p><a href=\"https:\/\/wa.link\/vpicfd\"><img data-recalc-dims=\"1\" class=\"wp-image-4922\" style=\"aspect-ratio: 2.0253164556962027; width: 561px; height: auto;\" src=\"https:\/\/i0.wp.com\/ismaelcolosi.com.br\/wp-content\/uploads\/2023\/11\/grupo-de-empregos-whatsapp-e-facebook-ismael-colosi-vagas.jpg?ssl=1\" alt=\"\" \/><\/a><\/p>\n<!-- \/wp:image -->\n<\/div>\n<p> <br \/>\n<\/p>\n<div>\n<p><strong>Ribeir\u00e3o Preto<\/strong> recebe novamente, nesta <strong>quarta (20)<\/strong> e <strong>quinta-feira (21)<\/strong>, a caravana do <strong>Natal Iluminado da Coca-Cola<\/strong>, a partir das 19h. A atra\u00e7\u00e3o j\u00e1 visitou a cidade no dia 11 de dezembro (veja o v\u00eddeo abaixo).<\/p>\n<p>Por\u00e9m, antes de retornar a Ribeir\u00e3o, o tradicional desfile dos caminh\u00f5es iluminados<strong> tamb\u00e9m passa por outras duas cidades na regi\u00e3o.<\/strong><\/p>\n<p>Neste ano, o tema da Caravana de Natal da Coca-Cola \u00e9 \u2018Desperte o Papai Noel que h\u00e1 em voc\u00ea\u2019, com cinco caminh\u00f5es iluminados.\u00a0<\/p>\n<p><mark style=\"background-color:#fcb900\" class=\"has-inline-color\">Os trajetos realizados pela<strong> Caravana de Natal<\/strong> s\u00e3o distintos, portanto, \u00e9 importante ficar atento ao dia e aos pontos de refer\u00eancia que os ve\u00edculos passar\u00e3o.<\/mark><\/p>\n<h4 class=\"wp-block-heading\"><strong>Confira a programa\u00e7\u00e3o da caravana de Natal da Coca-Cola na regi\u00e3o<\/strong><\/h4>\n<ul>\n<li><strong>Dia 18 de dezembro, segunda-feira, \u00e0s 19h<\/strong><\/li>\n<\/ul>\n<p><em><strong><mark style=\"background-color:rgba(0, 0, 0, 0)\" class=\"has-inline-color has-luminous-vivid-orange-color\">S\u00e3o Joaquim da Barra<\/mark><\/strong><\/em><\/p>\n<p>Pontos de refer\u00eancia: R. Maranh\u00e3o; Medeiros Supermercado; Av. Orestes Qu\u00e9reia; R. 15 de Novembro<\/p>\n<p>O trajeto completo pode ser conferido<a href=\"https:\/\/www.coca-cola.com.br\/natal\" target=\"_blank\" rel=\"noreferrer noopener\"> clicando aqui<\/a>.<\/p>\n<ul>\n<li><strong>Dia 19 de dezembro, ter\u00e7a-feira, \u00e0s 19h<\/strong><\/li>\n<\/ul>\n<p><strong><em><mark style=\"background-color:rgba(0, 0, 0, 0)\" class=\"has-inline-color has-luminous-vivid-orange-color\">Sert\u00e3ozinho<\/mark><\/em><\/strong><\/p>\n<p>Pontos de refer\u00eancia: Pra\u00e7a Jos\u00e9 Ferraz de Toledo, Av. Nossa Sra Aparecida, Av. Affonso Trigo<\/p>\n<p>O trajeto completo pode ser conferido <a href=\"https:\/\/www.coca-cola.com.br\/natal\" target=\"_blank\" rel=\"noreferrer noopener\">clicando aqui<\/a>.<\/p>\n<ul>\n<li><strong>Dia 20 de dezembro, quarta-feira, \u00e0s 19h<\/strong><\/li>\n<\/ul>\n<p><strong><em><mark style=\"background-color:rgba(0, 0, 0, 0)\" class=\"has-inline-color has-luminous-vivid-orange-color\">Ribeir\u00e3o Preto<\/mark><\/em><\/strong><\/p>\n<p>Pontos de refer\u00eancia: Novo Shopping; Av. Pres. Kenned; EPTV Ribeir\u00e3o; Bairro Ipiranga; Av. Bar\u00e3o do Bananal<\/p>\n<p>O trajeto completo pode ser conferido <a href=\"https:\/\/www.coca-cola.com.br\/natal\" target=\"_blank\" rel=\"noreferrer noopener\">clicando aqui<\/a>.<\/p>\n<ul>\n<li><strong>Dia 21 de dezembro, quinta-feira, \u00e0s 19h<\/strong><\/li>\n<\/ul>\n<p><strong><em><mark style=\"background-color:rgba(0, 0, 0, 0)\" class=\"has-inline-color has-luminous-vivid-orange-color\">Ribeir\u00e3o Preto<\/mark><\/em><\/strong><\/p>\n<p>Ponto de refer\u00eancia: Av. Prof. Jo\u00e3o Fi\u00fasa; Ribeir\u00e3o Shopping; Av. Pres. Vargas; Av. Independ\u00eancia; Av. Le\u00e3o XIII<\/p>\n<p>O trajeto completo pode ser conferido <a href=\"https:\/\/www.coca-cola.com.br\/natal\" target=\"_blank\" rel=\"noreferrer noopener\">clicando aqui<\/a>.<\/p>\n<blockquote class=\"instagram-media\" data-instgrm-permalink=\"https:\/\/www.instagram.com\/reel\/C0u43YouEwV\/?utm_source=ig_embed&amp;utm_campaign=loading\" data-instgrm-version=\"14\" style=\" background:#FFF; border:0; border-radius:3px; box-shadow:0 0 1px 0 rgba(0,0,0,0.5),0 1px 10px 0 rgba(0,0,0,0.15); margin: 1px; max-width:540px; min-width:326px; padding:0; width:99.375%; width:-webkit-calc(100% - 2px); width:calc(100% - 2px);\"\/>\n<p>VEJA TAMB\u00c9M<\/p>\n<p>S\u00e3o Sebasti\u00e3o, no litoral paulista, \u00e9 op\u00e7\u00e3o para o per\u00edodo de f\u00e9rias e festas<\/p>\n<h4 class=\"wp-block-heading\"><strong><mark style=\"background-color:rgba(0, 0, 0, 0)\" class=\"has-inline-color has-luminous-vivid-orange-color\">FIQUE ON<\/mark><\/strong><\/h4>\n<p>Fique ligado em tudo que acontece em Ribeir\u00e3o Preto e regi\u00e3o. Siga os perfis do\u00a0<strong>acidade on<\/strong>\u00a0no\u00a0<a href=\"https:\/\/www.instagram.com\/acidadeonribeirao\" target=\"_blank\" rel=\"noreferrer noopener\">Instagram<\/a>\u00a0e no\u00a0<a href=\"https:\/\/www.facebook.com\/acidadeonribeirao\" target=\"_blank\" rel=\"noreferrer noopener\">Facebook<\/a>.<\/p>\n<p>Receba not\u00edcias do\u00a0<strong>acidade on<\/strong>\u00a0no WhatsApp.\u00a0<a href=\"https:\/\/chat.whatsapp.com\/Bnv2w66ZT4VDyZW3oiZ69n\" target=\"_blank\" rel=\"noreferrer noopener\">Para entrar no grupo, basta clicar aqui.<\/a><\/p>\n<p>Fa\u00e7a uma den\u00fancia ou sugira uma reportagem sobre a Ribeir\u00e3o Preto e regi\u00e3o pelo WhatsApp: (16) 99117 7802.<\/p>\n<p>LEIA MAIS<\/p>\n<p><a href=\"https:\/\/www.tudoep.com\/tudo-inovacao\/NOT,0,0,1868805,spotify-testa-recurso-de-ia-para-criar-playlists-personalizadas.aspx\" target=\"_blank\" rel=\"noreferrer noopener\">Spotify testa recurso de IA para criar playlists personalizadas<\/a><\/p>\n<p><!-- AI CONTENT END 1 -->\n<\/div>\n<p><script async src=\"\/\/www.instagram.com\/embed.js\"><\/script><br \/>\n<br \/><br \/>\n<br \/><a href=\"https:\/\/www.acidadeon.com\/ribeiraopreto\/lazer-e-cultura\/caravana-de-natal-da-coca-cola-volta-a-ribeirao-preto-nesta-semana-veja-as-datas\/\">Source link <\/a><\/p>\n<!-- CONTENT END 1 -->\n","protected":false},"excerpt":{"rendered":"<p>Ribeir\u00e3o Preto recebe novamente, nesta quarta (20) e quinta-feira (21), a caravana do Natal Iluminado da Coca-Cola, a partir das 19h. A atra\u00e7\u00e3o j\u00e1 visitou&#8230;<\/p>\n","protected":false},"author":1,"featured_media":17195,"comment_status":"open","ping_status":"open","sticky":false,"template":"","format":"standard","meta":{"advanced_seo_description":"","jetpack_seo_html_title":"","jetpack_seo_noindex":false,"jetpack_post_was_ever_published":false,"_jetpack_newsletter_access":"","_jetpack_dont_email_post_to_subs":false,"_jetpack_newsletter_tier_id":0,"_jetpack_memberships_contains_paywalled_content":false,"_jetpack_memberships_contains_paid_content":false,"footnotes":"","jetpack_publicize_message":"","jetpack_publicize_feature_enabled":true,"jetpack_social_post_already_shared":true,"jetpack_social_options":{"image_generator_settings":{"template":"highway","default_image_id":0,"font":"","enabled":false},"version":2}},"categories":[11],"tags":[601,602,600,288,207,27,26,126,48,2052],"class_list":["post-17194","post","type-post","status-publish","format-standard","has-post-thumbnail","hentry","category-noticias-de-ribeirao-preto-sp-e-regiao-ismael-colosi","tag-caravana","tag-cocacola","tag-datas","tag-natal","tag-nesta","tag-preto","tag-ribeirao","tag-semana","tag-veja","tag-volta"],"jetpack_publicize_connections":[],"jetpack_featured_media_url":"https:\/\/i0.wp.com\/noticiasribeiraopreto.com.br\/wp-content\/uploads\/2023\/12\/carreata-coca-cola.jpg?fit=1200%2C675&ssl=1","jetpack-related-posts":[{"id":61477,"url":"https:\/\/noticiasribeiraopreto.com.br\/index.php\/2024\/12\/13\/caravana-da-coca-cola-passa-por-ribeirao-nesta-sexta-feira-veja-o-trajeto\/","url_meta":{"origin":17194,"position":0},"title":"Caravana da Coca-Cola passa por Ribeir\u00e3o nesta sexta-feira; Veja o trajeto","author":"noticiasribeiraopreto.com.br","date":"13 de December de 2024","format":false,"excerpt":"A Caravana da Coca-Cola retorna para Ribeir\u00e3o Preto nesta sexta-feira (13). Os caminh\u00f5es decorados, iluminados e com o Papai Noel sair\u00e3o de pontos espec\u00edficos da cidade e percorreram diversos bairros \u2013 veja o trajeto abaixo. Com o tema \u201cDesperte o Papai Noel que h\u00e1 em Voc\u00ea\u201d, o desfile acontece todos\u2026","rel":"","context":"In &quot;Not\u00edcias de Ribeir\u00e3o Preto-SP e Regi\u00e3o&quot;","block_context":{"text":"Not\u00edcias de Ribeir\u00e3o Preto-SP e Regi\u00e3o","link":"https:\/\/noticiasribeiraopreto.com.br\/index.php\/category\/noticias-de-ribeirao-preto-sp-e-regiao-ismael-colosi\/"},"img":{"alt_text":"","src":"https:\/\/i0.wp.com\/noticiasribeiraopreto.com.br\/wp-content\/uploads\/2024\/12\/carreata-coca-cola.jpg?fit=1200%2C675&ssl=1&resize=350%2C200","width":350,"height":200,"srcset":"https:\/\/i0.wp.com\/noticiasribeiraopreto.com.br\/wp-content\/uploads\/2024\/12\/carreata-coca-cola.jpg?fit=1200%2C675&ssl=1&resize=350%2C200 1x, https:\/\/i0.wp.com\/noticiasribeiraopreto.com.br\/wp-content\/uploads\/2024\/12\/carreata-coca-cola.jpg?fit=1200%2C675&ssl=1&resize=525%2C300 1.5x, https:\/\/i0.wp.com\/noticiasribeiraopreto.com.br\/wp-content\/uploads\/2024\/12\/carreata-coca-cola.jpg?fit=1200%2C675&ssl=1&resize=700%2C400 2x, https:\/\/i0.wp.com\/noticiasribeiraopreto.com.br\/wp-content\/uploads\/2024\/12\/carreata-coca-cola.jpg?fit=1200%2C675&ssl=1&resize=1050%2C600 3x"},"classes":[]},{"id":60832,"url":"https:\/\/noticiasribeiraopreto.com.br\/index.php\/2024\/11\/26\/confira-o-trajeto-da-caravana-de-natal-da-coca-cola-em-ribeirao-preto\/","url_meta":{"origin":17194,"position":1},"title":"Confira o trajeto da Caravana de Natal da Coca-Cola em Ribeir\u00e3o Preto","author":"noticiasribeiraopreto.com.br","date":"26 de November de 2024","format":false,"excerpt":"A Caravana de Natal da Coca-Cola vai passar em Ribeir\u00e3o Preto entre os dias 1, 13 e 22 de dezembro. Os caminh\u00f5es decorados, iluminados e com o Papai Noel sair\u00e3o de pontos espec\u00edficos da cidade e percorreram diversos bairros. Com o tema \u201cDesperte o Papai Noel que h\u00e1 em Voc\u00ea\u201d,\u2026","rel":"","context":"In &quot;Not\u00edcias de Ribeir\u00e3o Preto-SP e Regi\u00e3o&quot;","block_context":{"text":"Not\u00edcias de Ribeir\u00e3o Preto-SP e Regi\u00e3o","link":"https:\/\/noticiasribeiraopreto.com.br\/index.php\/category\/noticias-de-ribeirao-preto-sp-e-regiao-ismael-colosi\/"},"img":{"alt_text":"","src":"https:\/\/i0.wp.com\/noticiasribeiraopreto.com.br\/wp-content\/uploads\/2024\/11\/carreata_natal_1024x576_20122019154323.jpg?fit=1024%2C576&ssl=1&resize=350%2C200","width":350,"height":200,"srcset":"https:\/\/i0.wp.com\/noticiasribeiraopreto.com.br\/wp-content\/uploads\/2024\/11\/carreata_natal_1024x576_20122019154323.jpg?fit=1024%2C576&ssl=1&resize=350%2C200 1x, https:\/\/i0.wp.com\/noticiasribeiraopreto.com.br\/wp-content\/uploads\/2024\/11\/carreata_natal_1024x576_20122019154323.jpg?fit=1024%2C576&ssl=1&resize=525%2C300 1.5x, https:\/\/i0.wp.com\/noticiasribeiraopreto.com.br\/wp-content\/uploads\/2024\/11\/carreata_natal_1024x576_20122019154323.jpg?fit=1024%2C576&ssl=1&resize=700%2C400 2x"},"classes":[]},{"id":61741,"url":"https:\/\/noticiasribeiraopreto.com.br\/index.php\/2024\/12\/20\/caravana-da-coca-cola-passa-por-ribeirao-neste-fim-de-semana-veja-o-trajeto\/","url_meta":{"origin":17194,"position":2},"title":"Caravana da Coca-Cola passa por Ribeir\u00e3o neste fim de semana; Veja o trajeto","author":"noticiasribeiraopreto.com.br","date":"20 de December de 2024","format":false,"excerpt":"Aqueles que ainda n\u00e3o conseguiram ver a Caravana de Natal da Coca-Cola passando por Ribeir\u00e3o Preto, ter\u00e3o mais uma chance neste final de semana. O comboio de caminh\u00f5es decorados, iluminados e com o Papai Noel passam pela \u00faltima vez neste domingo (22), por diversos bairros da cidade, a partir das\u2026","rel":"","context":"In &quot;Not\u00edcias de Ribeir\u00e3o Preto-SP e Regi\u00e3o&quot;","block_context":{"text":"Not\u00edcias de Ribeir\u00e3o Preto-SP e Regi\u00e3o","link":"https:\/\/noticiasribeiraopreto.com.br\/index.php\/category\/noticias-de-ribeirao-preto-sp-e-regiao-ismael-colosi\/"},"img":{"alt_text":"","src":"https:\/\/i0.wp.com\/noticiasribeiraopreto.com.br\/wp-content\/uploads\/2024\/11\/Copia-de-Copia-de-Copia-de-TAMANHO-EXATO-PARA-FOTOS-NO-SISTEMA-NOVO-2024-11-29T164936.356_2024-11-29_19-49-42_png_2024-11-29_19-49-42.webp.webp?fit=1200%2C675&ssl=1&resize=350%2C200","width":350,"height":200,"srcset":"https:\/\/i0.wp.com\/noticiasribeiraopreto.com.br\/wp-content\/uploads\/2024\/11\/Copia-de-Copia-de-Copia-de-TAMANHO-EXATO-PARA-FOTOS-NO-SISTEMA-NOVO-2024-11-29T164936.356_2024-11-29_19-49-42_png_2024-11-29_19-49-42.webp.webp?fit=1200%2C675&ssl=1&resize=350%2C200 1x, https:\/\/i0.wp.com\/noticiasribeiraopreto.com.br\/wp-content\/uploads\/2024\/11\/Copia-de-Copia-de-Copia-de-TAMANHO-EXATO-PARA-FOTOS-NO-SISTEMA-NOVO-2024-11-29T164936.356_2024-11-29_19-49-42_png_2024-11-29_19-49-42.webp.webp?fit=1200%2C675&ssl=1&resize=525%2C300 1.5x, https:\/\/i0.wp.com\/noticiasribeiraopreto.com.br\/wp-content\/uploads\/2024\/11\/Copia-de-Copia-de-Copia-de-TAMANHO-EXATO-PARA-FOTOS-NO-SISTEMA-NOVO-2024-11-29T164936.356_2024-11-29_19-49-42_png_2024-11-29_19-49-42.webp.webp?fit=1200%2C675&ssl=1&resize=700%2C400 2x, https:\/\/i0.wp.com\/noticiasribeiraopreto.com.br\/wp-content\/uploads\/2024\/11\/Copia-de-Copia-de-Copia-de-TAMANHO-EXATO-PARA-FOTOS-NO-SISTEMA-NOVO-2024-11-29T164936.356_2024-11-29_19-49-42_png_2024-11-29_19-49-42.webp.webp?fit=1200%2C675&ssl=1&resize=1050%2C600 3x"},"classes":[]},{"id":14404,"url":"https:\/\/noticiasribeiraopreto.com.br\/index.php\/2023\/12\/12\/ribeirao-preto-recebe-caravana-do-natal-iluminado-da-coca-cola-nesta-segunda\/","url_meta":{"origin":17194,"position":3},"title":"Ribeir\u00e3o Preto recebe caravana do Natal iluminado da Coca-Cola nesta segunda","author":"noticiasribeiraopreto.com.br","date":"12 de December de 2023","format":false,"excerpt":"Ribeir\u00e3o Preto recebe nesta segunda-feira (11) a primeira caravana do Natal Iluminado da Coca-Cola, a partir das 19h. A cidade ainda vai receber a atra\u00e7\u00e3o nos dias 20 e 21 de dezembro. A caravana desta segunda-feira tem como pontos de refer\u00eancia o Carrefour da Via Norte, a Choperia Pinguim e\u2026","rel":"","context":"In &quot;Not\u00edcias de Ribeir\u00e3o Preto-SP e Regi\u00e3o&quot;","block_context":{"text":"Not\u00edcias de Ribeir\u00e3o Preto-SP e Regi\u00e3o","link":"https:\/\/noticiasribeiraopreto.com.br\/index.php\/category\/noticias-de-ribeirao-preto-sp-e-regiao-ismael-colosi\/"},"img":{"alt_text":"","src":"https:\/\/i0.wp.com\/noticiasribeiraopreto.com.br\/wp-content\/uploads\/2023\/12\/1702354549_WhatsApp-Image-2023-12-06-at-11.29.55.jpeg?fit=1200%2C675&ssl=1&resize=350%2C200","width":350,"height":200,"srcset":"https:\/\/i0.wp.com\/noticiasribeiraopreto.com.br\/wp-content\/uploads\/2023\/12\/1702354549_WhatsApp-Image-2023-12-06-at-11.29.55.jpeg?fit=1200%2C675&ssl=1&resize=350%2C200 1x, https:\/\/i0.wp.com\/noticiasribeiraopreto.com.br\/wp-content\/uploads\/2023\/12\/1702354549_WhatsApp-Image-2023-12-06-at-11.29.55.jpeg?fit=1200%2C675&ssl=1&resize=525%2C300 1.5x, https:\/\/i0.wp.com\/noticiasribeiraopreto.com.br\/wp-content\/uploads\/2023\/12\/1702354549_WhatsApp-Image-2023-12-06-at-11.29.55.jpeg?fit=1200%2C675&ssl=1&resize=700%2C400 2x, https:\/\/i0.wp.com\/noticiasribeiraopreto.com.br\/wp-content\/uploads\/2023\/12\/1702354549_WhatsApp-Image-2023-12-06-at-11.29.55.jpeg?fit=1200%2C675&ssl=1&resize=1050%2C600 3x"},"classes":[]},{"id":5446,"url":"https:\/\/noticiasribeiraopreto.com.br\/index.php\/2023\/11\/23\/confira-as-datas-da-caravana-de-natal-da-coca-cola-em-ribeirao\/","url_meta":{"origin":17194,"position":4},"title":"Confira as datas da Caravana de Natal da Coca-Cola em Ribeir\u00e3o Preto","author":"noticiasribeiraopreto.com.br","date":"23 de November de 2023","format":false,"excerpt":"A tradicional Caravana de Natal da Coca-Cola foi confirmada em Ribeir\u00e3o Preto. De acordo com a empresa, a comitiva com os carros iluminados e com o Papai Noel passar\u00e1 pelo munic\u00edpio nos dias 11, 20 e 21 de dezembro. Neste ano, o tema central da campanha \u2018Desperte o Papai Noel\u2026","rel":"","context":"In &quot;Not\u00edcias de Ribeir\u00e3o Preto-SP e Regi\u00e3o&quot;","block_context":{"text":"Not\u00edcias de Ribeir\u00e3o Preto-SP e Regi\u00e3o","link":"https:\/\/noticiasribeiraopreto.com.br\/index.php\/category\/noticias-de-ribeirao-preto-sp-e-regiao-ismael-colosi\/"},"img":{"alt_text":"","src":"https:\/\/i0.wp.com\/noticiasribeiraopreto.com.br\/wp-content\/uploads\/2023\/11\/carreata_natal_1024x576_20122019154323.jpg?fit=1024%2C576&ssl=1&resize=350%2C200","width":350,"height":200,"srcset":"https:\/\/i0.wp.com\/noticiasribeiraopreto.com.br\/wp-content\/uploads\/2023\/11\/carreata_natal_1024x576_20122019154323.jpg?fit=1024%2C576&ssl=1&resize=350%2C200 1x, https:\/\/i0.wp.com\/noticiasribeiraopreto.com.br\/wp-content\/uploads\/2023\/11\/carreata_natal_1024x576_20122019154323.jpg?fit=1024%2C576&ssl=1&resize=525%2C300 1.5x, https:\/\/i0.wp.com\/noticiasribeiraopreto.com.br\/wp-content\/uploads\/2023\/11\/carreata_natal_1024x576_20122019154323.jpg?fit=1024%2C576&ssl=1&resize=700%2C400 2x"},"classes":[]},{"id":80763,"url":"https:\/\/noticiasribeiraopreto.com.br\/index.php\/2025\/12\/13\/caravana-de-natal-da-coca-cola-vai-voltar-a-ribeirao-preto-veja-detalhes\/","url_meta":{"origin":17194,"position":5},"title":"Caravana de Natal da Coca-Cola vai voltar a Ribeir\u00e3o Preto? Veja detalhes","author":"noticiasribeiraopreto.com.br","date":"13 de December de 2025","format":false,"excerpt":"A Caravana de Natal da Coca-Cola retorna a Ribeir\u00e3o Preto no dia 23 de dezembro, a partir das 19h, e encerra a participa\u00e7\u00e3o da cidade na programa\u00e7\u00e3o natalina de 2025. A marca j\u00e1 levou o desfile \u00e0 regi\u00e3o em outras tr\u00eas ocasi\u00f5es neste ano: 26, 29 e 30 de novembro,\u2026","rel":"","context":"In &quot;Not\u00edcias de Ribeir\u00e3o Preto-SP e Regi\u00e3o&quot;","block_context":{"text":"Not\u00edcias de Ribeir\u00e3o Preto-SP e Regi\u00e3o","link":"https:\/\/noticiasribeiraopreto.com.br\/index.php\/category\/noticias-de-ribeirao-preto-sp-e-regiao-ismael-colosi\/"},"img":{"alt_text":"","src":"https:\/\/i0.wp.com\/noticiasribeiraopreto.com.br\/wp-content\/uploads\/2025\/12\/Imagem-do-WhatsApp-de-2025-12-01-as-13.18.24_52341c3a_2025-12-01_16-20-19.webp.webp?fit=1200%2C675&ssl=1&resize=350%2C200","width":350,"height":200,"srcset":"https:\/\/i0.wp.com\/noticiasribeiraopreto.com.br\/wp-content\/uploads\/2025\/12\/Imagem-do-WhatsApp-de-2025-12-01-as-13.18.24_52341c3a_2025-12-01_16-20-19.webp.webp?fit=1200%2C675&ssl=1&resize=350%2C200 1x, https:\/\/i0.wp.com\/noticiasribeiraopreto.com.br\/wp-content\/uploads\/2025\/12\/Imagem-do-WhatsApp-de-2025-12-01-as-13.18.24_52341c3a_2025-12-01_16-20-19.webp.webp?fit=1200%2C675&ssl=1&resize=525%2C300 1.5x, https:\/\/i0.wp.com\/noticiasribeiraopreto.com.br\/wp-content\/uploads\/2025\/12\/Imagem-do-WhatsApp-de-2025-12-01-as-13.18.24_52341c3a_2025-12-01_16-20-19.webp.webp?fit=1200%2C675&ssl=1&resize=700%2C400 2x, https:\/\/i0.wp.com\/noticiasribeiraopreto.com.br\/wp-content\/uploads\/2025\/12\/Imagem-do-WhatsApp-de-2025-12-01-as-13.18.24_52341c3a_2025-12-01_16-20-19.webp.webp?fit=1200%2C675&ssl=1&resize=1050%2C600 3x"},"classes":[]}],"jetpack_sharing_enabled":true,"jetpack_shortlink":"https:\/\/wp.me\/peQAOb-4tk","_links":{"self":[{"href":"https:\/\/noticiasribeiraopreto.com.br\/index.php\/wp-json\/wp\/v2\/posts\/17194","targetHints":{"allow":["GET"]}}],"collection":[{"href":"https:\/\/noticiasribeiraopreto.com.br\/index.php\/wp-json\/wp\/v2\/posts"}],"about":[{"href":"https:\/\/noticiasribeiraopreto.com.br\/index.php\/wp-json\/wp\/v2\/types\/post"}],"author":[{"embeddable":true,"href":"https:\/\/noticiasribeiraopreto.com.br\/index.php\/wp-json\/wp\/v2\/users\/1"}],"replies":[{"embeddable":true,"href":"https:\/\/noticiasribeiraopreto.com.br\/index.php\/wp-json\/wp\/v2\/comments?post=17194"}],"version-history":[{"count":0,"href":"https:\/\/noticiasribeiraopreto.com.br\/index.php\/wp-json\/wp\/v2\/posts\/17194\/revisions"}],"wp:featuredmedia":[{"embeddable":true,"href":"https:\/\/noticiasribeiraopreto.com.br\/index.php\/wp-json\/wp\/v2\/media\/17195"}],"wp:attachment":[{"href":"https:\/\/noticiasribeiraopreto.com.br\/index.php\/wp-json\/wp\/v2\/media?parent=17194"}],"wp:term":[{"taxonomy":"category","embeddable":true,"href":"https:\/\/noticiasribeiraopreto.com.br\/index.php\/wp-json\/wp\/v2\/categories?post=17194"},{"taxonomy":"post_tag","embeddable":true,"href":"https:\/\/noticiasribeiraopreto.com.br\/index.php\/wp-json\/wp\/v2\/tags?post=17194"}],"curies":[{"name":"wp","href":"https:\/\/api.w.org\/{rel}","templated":true}]}}