{"id":17327,"date":"2023-12-18T07:13:01","date_gmt":"2023-12-18T10:13:01","guid":{"rendered":"https:\/\/noticiasribeiraopreto.com.br\/index.php\/2023\/12\/18\/video-veiculo-pega-fogo-no-jardim-aeroporto\/"},"modified":"2023-12-18T07:13:01","modified_gmt":"2023-12-18T10:13:01","slug":"video-veiculo-pega-fogo-no-jardim-aeroporto","status":"publish","type":"post","link":"https:\/\/noticiasribeiraopreto.com.br\/index.php\/2023\/12\/18\/video-veiculo-pega-fogo-no-jardim-aeroporto\/","title":{"rendered":"V\u00cdDEO &#8211; Ve\u00edculo pega fogo no Jardim Aeroporto"},"content":{"rendered":"<div class='code-block code-block-1' style='margin: 8px 0 8px auto; text-align: right; display: block; clear: both;'>\n<p><a href=\"https:\/\/wa.link\/vpicfd\"><img data-recalc-dims=\"1\" class=\"wp-image-4922\" style=\"aspect-ratio: 2.0253164556962027; width: 561px; height: auto;\" src=\"https:\/\/i0.wp.com\/ismaelcolosi.com.br\/wp-content\/uploads\/2023\/11\/grupo-de-empregos-whatsapp-e-facebook-ismael-colosi-vagas.jpg?ssl=1\" alt=\"\" \/><\/a><\/p>\n<!-- \/wp:image -->\n<\/div>\n<p> <br \/>\n<\/p>\n<div id=\"post-367638\">\n<header class=\"entry-header penci-entry-header penci-title-center\">\n<h2 class=\"penci-post-subtitle\">Principal suspeita \u00e9 que ve\u00edculo teria sofrido pane el\u00e9trica<\/h2>\n<p> <span class=\"entry-meta-item penci-posted-on\"><i class=\"fa fa-clock-o\"\/><time class=\"entry-date published\" datetime=\"2023-12-18T07:05:48-03:00\">18 de dezembro de 2023 | 7:05<\/time><time class=\"updated\" datetime=\"2023-12-18T07:12:38-03:00\">18 de dezembro de 2023 | 7:12<\/time><\/span><\/p>\n<p> <span class=\"penci-social-buttons penci-social-share-footer\"><a href=\"#\" class=\"penci-post-like penci_post-meta_item  single-like-button penci-social-item like\" data-post_id=\"367638\" title=\"Like\" data-like=\"Like\" data-unlike=\"Unlike\"><i class=\"fa fa-thumbs-o-up\"\/><span class=\"penci-share-number\">1<\/span><\/a><i class=\"fa fa-facebook\"\/><a class=\"penci-social-item twitter\" target=\"_blank\" rel=\"noopener\" title=\"\" href=\"https:\/\/twitter.com\/intent\/tweet?text=V\u00cdDEO%20-%20Ve\u00edculo%20pega%20fogo%20no%20Jardim%20Aeroporto%20-%20https:\/\/www.tribunaribeirao.com.br\/site\/video-veiculo-pega-fogo-no-jardim-aeroporto\/\"><i class=\"fa fa-twitter\"\/><\/a><i class=\"fa fa-whatsapp\"\/><\/span><\/header>\n<div class=\"penci-entry-content entry-content\">\n<p>Um ve\u00edculo sofreu um inc\u00eandio, no in\u00edcio da noite deste domingo (17). O ve\u00edculo trafegava pela Avenida Recife, Jardim Aeroporto, zona Norte da cidade.<\/p>\n<p>O carro estava na faixa da esquerda quando o fogo come\u00e7ou. As chamas atingiram rapidamente todo o ve\u00edculo. O Corpo de Bombeiros chegou rapidamente ao local e extinguiu as chamas, mas o carro ficou destru\u00eddo. A principal suspeita \u00e9 de que possa ter ocorrido pane el\u00e9trica, mas isso n\u00e3o foi confirmado. N\u00e3o houve feridos.<\/p>\n<p>(V\u00eddeo: Marcelo Pinto)<\/p>\n<\/div>\n<footer class=\"penci-entry-footer\"\/><\/div>\n<p><script async src=\"\/\/platform.twitter.com\/widgets.js\" charset=\"utf-8\"><\/script><br \/>\n<br \/><br \/>\n<br \/><a href=\"https:\/\/www.tribunaribeirao.com.br\/site\/video-veiculo-pega-fogo-no-jardim-aeroporto\/\">Source link <\/a><\/p>\n<!-- CONTENT END 1 -->\n","protected":false},"excerpt":{"rendered":"<p>Principal suspeita \u00e9 que ve\u00edculo teria sofrido pane el\u00e9trica 18 de dezembro de 2023 | 7:0518 de dezembro de 2023 | 7:12 1 Um ve\u00edculo&#8230;<\/p>\n","protected":false},"author":1,"featured_media":17328,"comment_status":"open","ping_status":"open","sticky":false,"template":"","format":"standard","meta":{"advanced_seo_description":"","jetpack_seo_html_title":"","jetpack_seo_noindex":false,"jetpack_post_was_ever_published":false,"_jetpack_newsletter_access":"","_jetpack_dont_email_post_to_subs":false,"_jetpack_newsletter_tier_id":0,"_jetpack_memberships_contains_paywalled_content":false,"_jetpack_memberships_contains_paid_content":false,"footnotes":"","jetpack_publicize_message":"","jetpack_publicize_feature_enabled":true,"jetpack_social_post_already_shared":true,"jetpack_social_options":{"image_generator_settings":{"template":"highway","default_image_id":0,"font":"","enabled":false},"version":2}},"categories":[11],"tags":[868,426,971,425,1800,67],"class_list":["post-17327","post","type-post","status-publish","format-standard","has-post-thumbnail","hentry","category-noticias-de-ribeirao-preto-sp-e-regiao-ismael-colosi","tag-aeroporto","tag-fogo","tag-jardim","tag-pega","tag-veiculo","tag-video"],"jetpack_publicize_connections":[],"jetpack_featured_media_url":"https:\/\/i0.wp.com\/noticiasribeiraopreto.com.br\/wp-content\/uploads\/2023\/12\/00-18-dez-2023-fogo-carro-foto-redes-sociais.jpg?fit=850%2C645&ssl=1","jetpack-related-posts":[{"id":16642,"url":"https:\/\/noticiasribeiraopreto.com.br\/index.php\/2023\/12\/16\/carro-pega-fogo-em-rotatoria-de-rp\/","url_meta":{"origin":17327,"position":0},"title":"Carro pega fogo em rotat\u00f3ria de RP","author":"noticiasribeiraopreto.com.br","date":"16 de December de 2023","format":false,"excerpt":"Ve\u00edculo pode ter sofrido pane el\u00e9trica e bombeiros interviram 15 de dezembro de 2023 | 15:52 2Por: Adalberto LuqueUm ve\u00edculo pegou fogo, no in\u00edcio da tarde desta sexta-feira (15), na Rotat\u00f3ria da conflu\u00eancia das avenidas Castelo Branco, 13 de Maio e Maria de Jesus Condeixa, no Castelo Branco, zona Leste\u2026","rel":"","context":"In &quot;Not\u00edcias de Ribeir\u00e3o Preto-SP e Regi\u00e3o&quot;","block_context":{"text":"Not\u00edcias de Ribeir\u00e3o Preto-SP e Regi\u00e3o","link":"https:\/\/noticiasribeiraopreto.com.br\/index.php\/category\/noticias-de-ribeirao-preto-sp-e-regiao-ismael-colosi\/"},"img":{"alt_text":"","src":"https:\/\/i0.wp.com\/noticiasribeiraopreto.com.br\/wp-content\/uploads\/2023\/12\/00-15-dez-2023-carro-incendiado-foto-max-gallao-mesquita-scaled.jpg?fit=1000%2C639&ssl=1&resize=350%2C200","width":350,"height":200,"srcset":"https:\/\/i0.wp.com\/noticiasribeiraopreto.com.br\/wp-content\/uploads\/2023\/12\/00-15-dez-2023-carro-incendiado-foto-max-gallao-mesquita-scaled.jpg?fit=1000%2C639&ssl=1&resize=350%2C200 1x, https:\/\/i0.wp.com\/noticiasribeiraopreto.com.br\/wp-content\/uploads\/2023\/12\/00-15-dez-2023-carro-incendiado-foto-max-gallao-mesquita-scaled.jpg?fit=1000%2C639&ssl=1&resize=525%2C300 1.5x, https:\/\/i0.wp.com\/noticiasribeiraopreto.com.br\/wp-content\/uploads\/2023\/12\/00-15-dez-2023-carro-incendiado-foto-max-gallao-mesquita-scaled.jpg?fit=1000%2C639&ssl=1&resize=700%2C400 2x"},"classes":[]},{"id":59043,"url":"https:\/\/noticiasribeiraopreto.com.br\/index.php\/2024\/10\/12\/onibus-que-partiu-de-ribeirao-preto-pega-fogo-na-anhanguera-video\/","url_meta":{"origin":17327,"position":1},"title":"\u00d4nibus que partiu de Ribeir\u00e3o Preto pega fogo na Anhanguera; V\u00eddeo","author":"noticiasribeiraopreto.com.br","date":"12 de October de 2024","format":false,"excerpt":"Um \u00f4nibus fretado que partiu de Ribeir\u00e3o Preto com destino ao aeroporto de Viracopos, em Campinas, pegou fogo na noite da \u00faltima sexta-feira (11), na rodovia Anhanguera. O inc\u00eandio aconteceu pr\u00f3ximo a Sumar\u00e9 e todos os passageiros do \u00f4nibus e o motorista conseguiram sair do ve\u00edculo em seguran\u00e7a. Contudo, as\u2026","rel":"","context":"In &quot;Not\u00edcias de Ribeir\u00e3o Preto-SP e Regi\u00e3o&quot;","block_context":{"text":"Not\u00edcias de Ribeir\u00e3o Preto-SP e Regi\u00e3o","link":"https:\/\/noticiasribeiraopreto.com.br\/index.php\/category\/noticias-de-ribeirao-preto-sp-e-regiao-ismael-colosi\/"},"img":{"alt_text":"","src":"https:\/\/i0.wp.com\/noticiasribeiraopreto.com.br\/wp-content\/uploads\/2024\/10\/fogo-viracopos_2024-10-12_17-59-04_jpg_2024-10-12_17-59-04.webp.webp?fit=1200%2C872&ssl=1&resize=350%2C200","width":350,"height":200,"srcset":"https:\/\/i0.wp.com\/noticiasribeiraopreto.com.br\/wp-content\/uploads\/2024\/10\/fogo-viracopos_2024-10-12_17-59-04_jpg_2024-10-12_17-59-04.webp.webp?fit=1200%2C872&ssl=1&resize=350%2C200 1x, https:\/\/i0.wp.com\/noticiasribeiraopreto.com.br\/wp-content\/uploads\/2024\/10\/fogo-viracopos_2024-10-12_17-59-04_jpg_2024-10-12_17-59-04.webp.webp?fit=1200%2C872&ssl=1&resize=525%2C300 1.5x, https:\/\/i0.wp.com\/noticiasribeiraopreto.com.br\/wp-content\/uploads\/2024\/10\/fogo-viracopos_2024-10-12_17-59-04_jpg_2024-10-12_17-59-04.webp.webp?fit=1200%2C872&ssl=1&resize=700%2C400 2x, https:\/\/i0.wp.com\/noticiasribeiraopreto.com.br\/wp-content\/uploads\/2024\/10\/fogo-viracopos_2024-10-12_17-59-04_jpg_2024-10-12_17-59-04.webp.webp?fit=1200%2C872&ssl=1&resize=1050%2C600 3x"},"classes":[]},{"id":80923,"url":"https:\/\/noticiasribeiraopreto.com.br\/index.php\/2025\/12\/18\/video-carro-pega-fogo-na-anhanguera\/","url_meta":{"origin":17327,"position":2},"title":"V\u00cdDEO &#8211; Carro pega fogo na Anhanguera","author":"noticiasribeiraopreto.com.br","date":"18 de December de 2025","format":false,"excerpt":"\r \r \r Ve\u00edculo estava na pista sentido a Minas Gerais quando fogo come\u00e7ou\r \r 18 de dezembro de 2025 10:45 \r Compartilhar2 \r Por: Adalberto Luque Um carro pegou fogo, na manh\u00e3 desta quinta-feira (18), quando trafegava pela Rodovia Anhanguera (SP-330). Na altura do km 315, as chamas come\u00e7aram.\u2026","rel":"","context":"In &quot;Not\u00edcias de Ribeir\u00e3o Preto-SP e Regi\u00e3o&quot;","block_context":{"text":"Not\u00edcias de Ribeir\u00e3o Preto-SP e Regi\u00e3o","link":"https:\/\/noticiasribeiraopreto.com.br\/index.php\/category\/noticias-de-ribeirao-preto-sp-e-regiao-ismael-colosi\/"},"img":{"alt_text":"","src":"https:\/\/i0.wp.com\/noticiasribeiraopreto.com.br\/wp-content\/uploads\/2025\/12\/18-dez-2025-fogonocarro1-scaled.jpg?fit=868%2C780&ssl=1&resize=350%2C200","width":350,"height":200,"srcset":"https:\/\/i0.wp.com\/noticiasribeiraopreto.com.br\/wp-content\/uploads\/2025\/12\/18-dez-2025-fogonocarro1-scaled.jpg?fit=868%2C780&ssl=1&resize=350%2C200 1x, https:\/\/i0.wp.com\/noticiasribeiraopreto.com.br\/wp-content\/uploads\/2025\/12\/18-dez-2025-fogonocarro1-scaled.jpg?fit=868%2C780&ssl=1&resize=525%2C300 1.5x, https:\/\/i0.wp.com\/noticiasribeiraopreto.com.br\/wp-content\/uploads\/2025\/12\/18-dez-2025-fogonocarro1-scaled.jpg?fit=868%2C780&ssl=1&resize=700%2C400 2x"},"classes":[]},{"id":82685,"url":"https:\/\/noticiasribeiraopreto.com.br\/index.php\/2026\/02\/23\/carro-pega-fogo-em-avenida-de-ribeirao-preto-veja-o-video\/","url_meta":{"origin":17327,"position":3},"title":"Carro pega fogo em avenida de Ribeir\u00e3o Preto; Veja o v\u00eddeo","author":"noticiasribeiraopreto.com.br","date":"23 de February de 2026","format":false,"excerpt":"Ver essa foto no Instagram Um post compartilhado por acidade on Ribeir\u00e3o (@acidadeonribeirao) Um carro pegou fogo na avenida Francisco Junqueira, em Ribeir\u00e3o Preto, no in\u00edcio da tarde deste domingo (22) \u2013 veja o v\u00eddeo acima. N\u00e3o h\u00e1 informa\u00e7\u00f5es sobre feridos. O inc\u00eandio aconteceu pr\u00f3ximo ao cruzamento com a rua\u2026","rel":"","context":"In &quot;Not\u00edcias de Ribeir\u00e3o Preto-SP e Regi\u00e3o&quot;","block_context":{"text":"Not\u00edcias de Ribeir\u00e3o Preto-SP e Regi\u00e3o","link":"https:\/\/noticiasribeiraopreto.com.br\/index.php\/category\/noticias-de-ribeirao-preto-sp-e-regiao-ismael-colosi\/"},"img":{"alt_text":"","src":"https:\/\/i0.wp.com\/noticiasribeiraopreto.com.br\/wp-content\/uploads\/2026\/02\/carro-destruido_2026-02-22_18-07-17.webp.webp?fit=1200%2C1045&ssl=1&resize=350%2C200","width":350,"height":200,"srcset":"https:\/\/i0.wp.com\/noticiasribeiraopreto.com.br\/wp-content\/uploads\/2026\/02\/carro-destruido_2026-02-22_18-07-17.webp.webp?fit=1200%2C1045&ssl=1&resize=350%2C200 1x, https:\/\/i0.wp.com\/noticiasribeiraopreto.com.br\/wp-content\/uploads\/2026\/02\/carro-destruido_2026-02-22_18-07-17.webp.webp?fit=1200%2C1045&ssl=1&resize=525%2C300 1.5x, https:\/\/i0.wp.com\/noticiasribeiraopreto.com.br\/wp-content\/uploads\/2026\/02\/carro-destruido_2026-02-22_18-07-17.webp.webp?fit=1200%2C1045&ssl=1&resize=700%2C400 2x, https:\/\/i0.wp.com\/noticiasribeiraopreto.com.br\/wp-content\/uploads\/2026\/02\/carro-destruido_2026-02-22_18-07-17.webp.webp?fit=1200%2C1045&ssl=1&resize=1050%2C600 3x"},"classes":[]},{"id":79920,"url":"https:\/\/noticiasribeiraopreto.com.br\/index.php\/2025\/11\/11\/carro-pega-fogo-e-fica-destruido-em-avenida-de-ribeirao-preto\/","url_meta":{"origin":17327,"position":4},"title":"Carro pega fogo e fica destru\u00eddo em avenida de Ribeir\u00e3o Preto","author":"noticiasribeiraopreto.com.br","date":"11 de November de 2025","format":false,"excerpt":"Um carro pegou fogo na manh\u00e3 desta ter\u00e7a-feira (11), na avenida Thomaz Alberto Whately, zona Norte de Ribeir\u00e3o Preto. Apesar do susto, n\u00e3o houve registro de feridos. Assista ao v\u00eddeo abaixo. A motorista disse que parou no sem\u00e1foro, no cruzamento com a rua Amparo, quando percebeu que havia uma fuma\u00e7a\u2026","rel":"","context":"In &quot;Not\u00edcias de Ribeir\u00e3o Preto-SP e Regi\u00e3o&quot;","block_context":{"text":"Not\u00edcias de Ribeir\u00e3o Preto-SP e Regi\u00e3o","link":"https:\/\/noticiasribeiraopreto.com.br\/index.php\/category\/noticias-de-ribeirao-preto-sp-e-regiao-ismael-colosi\/"},"img":{"alt_text":"","src":"https:\/\/i0.wp.com\/noticiasribeiraopreto.com.br\/wp-content\/uploads\/2025\/11\/carro-fogo_2025-11-11_10-47-55.webp.webp?fit=1200%2C928&ssl=1&resize=350%2C200","width":350,"height":200,"srcset":"https:\/\/i0.wp.com\/noticiasribeiraopreto.com.br\/wp-content\/uploads\/2025\/11\/carro-fogo_2025-11-11_10-47-55.webp.webp?fit=1200%2C928&ssl=1&resize=350%2C200 1x, https:\/\/i0.wp.com\/noticiasribeiraopreto.com.br\/wp-content\/uploads\/2025\/11\/carro-fogo_2025-11-11_10-47-55.webp.webp?fit=1200%2C928&ssl=1&resize=525%2C300 1.5x, https:\/\/i0.wp.com\/noticiasribeiraopreto.com.br\/wp-content\/uploads\/2025\/11\/carro-fogo_2025-11-11_10-47-55.webp.webp?fit=1200%2C928&ssl=1&resize=700%2C400 2x, https:\/\/i0.wp.com\/noticiasribeiraopreto.com.br\/wp-content\/uploads\/2025\/11\/carro-fogo_2025-11-11_10-47-55.webp.webp?fit=1200%2C928&ssl=1&resize=1050%2C600 3x"},"classes":[]},{"id":39786,"url":"https:\/\/noticiasribeiraopreto.com.br\/index.php\/2024\/02\/28\/carro-pega-fogo-na-zona-sul\/","url_meta":{"origin":17327,"position":5},"title":"Carro pega fogo na zona Sul","author":"noticiasribeiraopreto.com.br","date":"28 de February de 2024","format":false,"excerpt":"Inc\u00eandio destruiu interior do ve\u00edculo e outro condutor alertou sobre as chamas 28 de fevereiro de 2024 | 11:1128 de fevereiro de 2024 | 11:13 2Por: Alfredo Risk e Adalberto LuqueUm carro ficou completamente destru\u00eddo, na manh\u00e3 desta quarta-feira (28). O Fiat Uno branco trafegava pela Rua Cavaleiro Torquato Rizzi\u2026","rel":"","context":"In &quot;Not\u00edcias de Ribeir\u00e3o Preto-SP e Regi\u00e3o&quot;","block_context":{"text":"Not\u00edcias de Ribeir\u00e3o Preto-SP e Regi\u00e3o","link":"https:\/\/noticiasribeiraopreto.com.br\/index.php\/category\/noticias-de-ribeirao-preto-sp-e-regiao-ismael-colosi\/"},"img":{"alt_text":"","src":"https:\/\/i0.wp.com\/noticiasribeiraopreto.com.br\/wp-content\/uploads\/2024\/02\/00-28-fev-2024-incendio-uno-preto-e-branco-01-foto-alfredo-Risk-scaled.jpg?fit=967%2C645&ssl=1&resize=350%2C200","width":350,"height":200,"srcset":"https:\/\/i0.wp.com\/noticiasribeiraopreto.com.br\/wp-content\/uploads\/2024\/02\/00-28-fev-2024-incendio-uno-preto-e-branco-01-foto-alfredo-Risk-scaled.jpg?fit=967%2C645&ssl=1&resize=350%2C200 1x, https:\/\/i0.wp.com\/noticiasribeiraopreto.com.br\/wp-content\/uploads\/2024\/02\/00-28-fev-2024-incendio-uno-preto-e-branco-01-foto-alfredo-Risk-scaled.jpg?fit=967%2C645&ssl=1&resize=525%2C300 1.5x, https:\/\/i0.wp.com\/noticiasribeiraopreto.com.br\/wp-content\/uploads\/2024\/02\/00-28-fev-2024-incendio-uno-preto-e-branco-01-foto-alfredo-Risk-scaled.jpg?fit=967%2C645&ssl=1&resize=700%2C400 2x"},"classes":[]}],"jetpack_sharing_enabled":true,"jetpack_shortlink":"https:\/\/wp.me\/peQAOb-4vt","_links":{"self":[{"href":"https:\/\/noticiasribeiraopreto.com.br\/index.php\/wp-json\/wp\/v2\/posts\/17327","targetHints":{"allow":["GET"]}}],"collection":[{"href":"https:\/\/noticiasribeiraopreto.com.br\/index.php\/wp-json\/wp\/v2\/posts"}],"about":[{"href":"https:\/\/noticiasribeiraopreto.com.br\/index.php\/wp-json\/wp\/v2\/types\/post"}],"author":[{"embeddable":true,"href":"https:\/\/noticiasribeiraopreto.com.br\/index.php\/wp-json\/wp\/v2\/users\/1"}],"replies":[{"embeddable":true,"href":"https:\/\/noticiasribeiraopreto.com.br\/index.php\/wp-json\/wp\/v2\/comments?post=17327"}],"version-history":[{"count":0,"href":"https:\/\/noticiasribeiraopreto.com.br\/index.php\/wp-json\/wp\/v2\/posts\/17327\/revisions"}],"wp:featuredmedia":[{"embeddable":true,"href":"https:\/\/noticiasribeiraopreto.com.br\/index.php\/wp-json\/wp\/v2\/media\/17328"}],"wp:attachment":[{"href":"https:\/\/noticiasribeiraopreto.com.br\/index.php\/wp-json\/wp\/v2\/media?parent=17327"}],"wp:term":[{"taxonomy":"category","embeddable":true,"href":"https:\/\/noticiasribeiraopreto.com.br\/index.php\/wp-json\/wp\/v2\/categories?post=17327"},{"taxonomy":"post_tag","embeddable":true,"href":"https:\/\/noticiasribeiraopreto.com.br\/index.php\/wp-json\/wp\/v2\/tags?post=17327"}],"curies":[{"name":"wp","href":"https:\/\/api.w.org\/{rel}","templated":true}]}}