{"id":17343,"date":"2023-12-18T08:22:14","date_gmt":"2023-12-18T11:22:14","guid":{"rendered":"https:\/\/noticiasribeiraopreto.com.br\/index.php\/2023\/12\/18\/estudos-indicam-2-alimentos-que-reduzem-risco-de-diabetes-tipo-2\/"},"modified":"2023-12-18T08:22:14","modified_gmt":"2023-12-18T11:22:14","slug":"estudos-indicam-2-alimentos-que-reduzem-risco-de-diabetes-tipo-2","status":"publish","type":"post","link":"https:\/\/noticiasribeiraopreto.com.br\/index.php\/2023\/12\/18\/estudos-indicam-2-alimentos-que-reduzem-risco-de-diabetes-tipo-2\/","title":{"rendered":"Estudos indicam 2 alimentos que reduzem risco de diabetes tipo 2"},"content":{"rendered":"<div class='code-block code-block-1' style='margin: 8px 0 8px auto; text-align: right; display: block; clear: both;'>\n<p><a href=\"https:\/\/wa.link\/vpicfd\"><img data-recalc-dims=\"1\" class=\"wp-image-4922\" style=\"aspect-ratio: 2.0253164556962027; width: 561px; height: auto;\" src=\"https:\/\/i0.wp.com\/ismaelcolosi.com.br\/wp-content\/uploads\/2023\/11\/grupo-de-empregos-whatsapp-e-facebook-ismael-colosi-vagas.jpg?ssl=1\" alt=\"\" \/><\/a><\/p>\n<!-- \/wp:image -->\n<\/div>\n<p> <br \/>\n<\/p>\n<div>\n<div id=\"attachment_2328149\" class=\"wp-caption alignnone\">\n<div class=\"d-flex justify-content-center\" data-attachment-id=\"2328149\">\n<div class=\"position-relative d-inline-block\"><img data-recalc-dims=\"1\" data-portal-copyright=\"Getty Images\" fetchpriority=\"high\" decoding=\"async\" class=\"wp-image-2328149 size-full\" src=\"https:\/\/i0.wp.com\/catracalivre.com.br\/wp-content\/uploads\/2023\/12\/istock-910881428.jpg?resize=1254%2C836&#038;ssl=1\" alt=\"Por possu\u00edrem nutrientes, vitaminas e outros compostos bioativos, esses alimentos est\u00e3o diretamente ligados \u00e0 redu\u00e7\u00e3o do risco de diabetes tipo 2 \u2013 iStock\/Getty Images\" width=\"1254\" height=\"836\" srcset=\"https:\/\/catracalivre.com.br\/wp-content\/uploads\/2023\/12\/istock-910881428.jpg 1254w, https:\/\/catracalivre.com.br\/wp-content\/uploads\/2023\/12\/istock-910881428-450x300.jpg 450w, https:\/\/catracalivre.com.br\/wp-content\/uploads\/2023\/12\/istock-910881428-768x512.jpg 768w\" sizes=\"(max-width: 1254px) 100vw, 1254px\"\/><\/p>\n<p>Cr\u00e9ditos: Getty Images<\/p>\n<\/div>\n<\/div>\n<p><span class=\"post-imagem__legenda\">Por possu\u00edrem nutrientes, vitaminas e outros compostos bioativos, esses alimentos est\u00e3o diretamente ligados \u00e0 redu\u00e7\u00e3o do risco de diabetes tipo 2 \u2013 iStock\/Getty Images<\/span><\/p>\n<\/div>\n<p>A ingest\u00e3o di\u00e1ria de <strong><a href=\"https:\/\/catracalivre.com.br\/saude-bem-estar\/as-reacoes-causadas-pelo-leite-no-seu-corpo\/#:~:text=Em%20algumas%20pessoas%2C%20o%20consumo,vias%20respirat%C3%B3rias%20e%20na%20garganta.\" target=\"_blank\" rel=\"noopener\">latic\u00ednios<\/a><\/strong>, como leite e iogurte, pode desempenhar um papel crucial na preven\u00e7\u00e3o da diabetes tipo 2,\u00a0aponta pesquisa conduzida pela <strong><a href=\"https:\/\/www.unina.it\/home;jsessionid=E874C686BC2EB20D29136CDB942505B4.node_staging11\" target=\"_blank\" rel=\"noopener\">Universidade de N\u00e1poles Federico II<\/a><\/strong>, na It\u00e1lia.<\/p>\n<p>O mesmo estudo tamb\u00e9m indica que,\u00a0 o consumo de carnes vermelhas e processadas, pode aumentar o risco de desenvolvimento da doen\u00e7a em aproximadamente 20%.<\/p>\n<p>Para chegar a essas conclus\u00f5es, a equipe de cientistas italianos avaliou os dados coletados de 13 revis\u00f5es cient\u00edficas anteriores, que analisaram um total de 175 estudos. Esses trabalhos buscavam estabelecer uma rela\u00e7\u00e3o entre o consumo de 12 alimentos de origem animal e o desenvolvimento de diabetes tipo 2.<\/p>\n<h2>Quais alimentos ajudam a reduzir diabetes tipo 2<\/h2>\n<p>Para efeito de compara\u00e7\u00e3o, os cientistas analisaram alimentos que inclu\u00edam diferentes tipos de carne vermelha como bovina, ovina e su\u00edna, carnes brancas como frango e peru, carnes processadas como bacon e salsichas, peixe, latic\u00ednios das vers\u00f5es integrais e reduzidas em gordura como leite, queijo e iogurte, al\u00e9m de ovos.<\/p>\n<p>Ao cruzar as informa\u00e7\u00f5es destas pesquisas, em uma segunda etapa do experimento, foi poss\u00edvel identificar que as pessoas que consumiam um copo de leite por dia eram 10% menos propensas a receber um diagn\u00f3stico de diabetes tipo 2, comparadas com aquelas que consumiam menos. Em rela\u00e7\u00e3o ao iogurte, aqueles que consumiam 100 gramas ao dia apresentavam um risco 6% menor.<\/p>\n<p>Al\u00e9m disso, os resultados do estudo indicaram que o consumo de 30g de queijo n\u00e3o apresentava efeitos significativos, o que sugere que uma ingest\u00e3o nesta quantidade n\u00e3o traria benef\u00edcios nem preju\u00edzos.<\/p>\n<h2>\u00a0Por que os lactic\u00ednios?<\/h2>\n<p>A Dra. Annalisa Giosu\u00e8, principal autora do estudo, esclareceu que produtos l\u00e1cteos possuem nutrientes, vitaminas e outros compostos bioativos que podem influenciar positivamente o metabolismo da glucose.<\/p>\n<h2>E os alimentos que aumentam o risco?<\/h2>\n<p>Os dados coletados apontam que os indiv\u00edduos que consumiam 100g de carne vermelha por dia tinham 22% mais chances de desenvolver a doen\u00e7a. Para aqueles que consumiam 50g de carnes processadas por dia, esse risco foi elevado para 30%.<\/p>\n<p>As carnes vermelha e processadas cont\u00eam altas quantidades de \u00e1cidos graxos saturados, colesterol e ferro heme. O que pode causar inflama\u00e7\u00e3o cr\u00f4nica e estresse oxidativo, diminuindo a sensibilidade \u00e0 insulina.<\/p>\n<\/div>\n<p><script>\n\t\t! function(f, b, e, v, n, t, s) {\n\t\t\tif (f.fbq) return;\n\t\t\tn = f.fbq = function() {\n\t\t\t\tn.callMethod ?\n\t\t\t\t\tn.callMethod.apply(n, arguments) : n.queue.push(arguments)\n\t\t\t};\n\t\t\tif (!f._fbq) f._fbq = n;\n\t\t\tn.push = n;\n\t\t\tn.loaded = !0;\n\t\t\tn.version = '2.0';\n\t\t\tn.queue = [];\n\t\t\tt = b.createElement(e);\n\t\t\tt.async = !0;\n\t\t\tt.src = v;\n\t\t\ts = b.getElementsByTagName(e)[0];\n\t\t\ts.parentNode.insertBefore(t, s)\n\t\t}(window, document, 'script',\n\t\t\t'https:\/\/connect.facebook.net\/en_US\/fbevents.js');\n\t\tfbq('init', '338315473262380');\n\t\tfbq('track', 'PageView');\n\t<\/script><br \/>\n<br \/><br \/>\n<br \/><a href=\"https:\/\/catracalivre.com.br\/saude-bem-estar\/diabetes-tipo-2-estudos-indicam-2-alimentos-que-reduzem-risco-da-doenca\/\">Source link <\/a><\/p>\n<!-- CONTENT END 1 -->\n","protected":false},"excerpt":{"rendered":"<p>Cr\u00e9ditos: Getty Images Por possu\u00edrem nutrientes, vitaminas e outros compostos bioativos, esses alimentos est\u00e3o diretamente ligados \u00e0 redu\u00e7\u00e3o do risco de diabetes tipo 2 \u2013&#8230;<\/p>\n","protected":false},"author":1,"featured_media":17344,"comment_status":"open","ping_status":"open","sticky":false,"template":"","format":"standard","meta":{"advanced_seo_description":"","jetpack_seo_html_title":"","jetpack_seo_noindex":false,"jetpack_post_was_ever_published":false,"_jetpack_newsletter_access":"","_jetpack_dont_email_post_to_subs":false,"_jetpack_newsletter_tier_id":0,"_jetpack_memberships_contains_paywalled_content":false,"_jetpack_memberships_contains_paid_content":false,"footnotes":"","jetpack_publicize_message":"","jetpack_publicize_feature_enabled":true,"jetpack_social_post_already_shared":true,"jetpack_social_options":{"image_generator_settings":{"template":"highway","default_image_id":0,"font":"","enabled":false},"version":2}},"categories":[19],"tags":[],"class_list":["post-17343","post","type-post","status-publish","format-standard","has-post-thumbnail","hentry","category-variedades"],"jetpack_publicize_connections":[],"jetpack_featured_media_url":"https:\/\/i0.wp.com\/noticiasribeiraopreto.com.br\/wp-content\/uploads\/2023\/12\/istock-910881428.jpg?fit=1200%2C638&ssl=1","jetpack-related-posts":[{"id":16368,"url":"https:\/\/noticiasribeiraopreto.com.br\/index.php\/2023\/12\/15\/9-alimentos-humanos-que-sao-extremamente-toxicos-para-caes-meu-valor-digital\/","url_meta":{"origin":17343,"position":0},"title":"9 alimentos humanos que s\u00e3o extremamente t\u00f3xicos para c\u00e3es &#8211; Meu Valor Digital","author":"noticiasribeiraopreto.com.br","date":"15 de December de 2023","format":false,"excerpt":"9 alimentos humanos que s\u00e3o extremamente t\u00f3xicos para c\u00e3es - Meu Valor Digital - Not\u00edcias atualizadas In\u00edcioChamadas9 alimentos humanos que s\u00e3o extremamente t\u00f3xicos para c\u00e3es Source link","rel":"","context":"In &quot;Vagas de Emprego em Ribeir\u00e3o Preto-SP&quot;","block_context":{"text":"Vagas de Emprego em Ribeir\u00e3o Preto-SP","link":"https:\/\/noticiasribeiraopreto.com.br\/index.php\/category\/empregos-classificados-vagas-trabalho\/vagas-de-empregos-em-ribeirao-preto-regiao-brasil\/"},"img":{"alt_text":"","src":"https:\/\/i0.wp.com\/noticiasribeiraopreto.com.br\/wp-content\/uploads\/2023\/12\/cachorro-olhando-para-o-prato.jpg?fit=1200%2C801&ssl=1&resize=350%2C200","width":350,"height":200,"srcset":"https:\/\/i0.wp.com\/noticiasribeiraopreto.com.br\/wp-content\/uploads\/2023\/12\/cachorro-olhando-para-o-prato.jpg?fit=1200%2C801&ssl=1&resize=350%2C200 1x, https:\/\/i0.wp.com\/noticiasribeiraopreto.com.br\/wp-content\/uploads\/2023\/12\/cachorro-olhando-para-o-prato.jpg?fit=1200%2C801&ssl=1&resize=525%2C300 1.5x, https:\/\/i0.wp.com\/noticiasribeiraopreto.com.br\/wp-content\/uploads\/2023\/12\/cachorro-olhando-para-o-prato.jpg?fit=1200%2C801&ssl=1&resize=700%2C400 2x, https:\/\/i0.wp.com\/noticiasribeiraopreto.com.br\/wp-content\/uploads\/2023\/12\/cachorro-olhando-para-o-prato.jpg?fit=1200%2C801&ssl=1&resize=1050%2C600 3x"},"classes":[]},{"id":16083,"url":"https:\/\/noticiasribeiraopreto.com.br\/index.php\/2023\/12\/14\/8-alimentos-comuns-que-tem-calorias-negativas\/","url_meta":{"origin":17343,"position":1},"title":"8 alimentos comuns que t\u00eam calorias negativas","author":"noticiasribeiraopreto.com.br","date":"14 de December de 2023","format":false,"excerpt":"Cr\u00e9ditos: Depositphotos\/AnnHaritonenkoAlimentos com calorias negativas H\u00e1 uma infinidade de alimentos que podem nos ajudar a manter ou melhorar a sa\u00fade. Muitos deles, inclusive, s\u00e3o deliciosos, mas tamb\u00e9m podem auxiliar na perda de peso por terem calorias negativas. Calorias negativas? Mas, o que isso significa? Calorias negativas caracterizam os alimentos que,\u2026","rel":"","context":"In &quot;Variedades&quot;","block_context":{"text":"Variedades","link":"https:\/\/noticiasribeiraopreto.com.br\/index.php\/category\/variedades\/"},"img":{"alt_text":"","src":"https:\/\/i0.wp.com\/noticiasribeiraopreto.com.br\/wp-content\/uploads\/2023\/12\/depositphotos-79460820-xl-scaled-e1702597812165.jpg?fit=1200%2C638&ssl=1&resize=350%2C200","width":350,"height":200,"srcset":"https:\/\/i0.wp.com\/noticiasribeiraopreto.com.br\/wp-content\/uploads\/2023\/12\/depositphotos-79460820-xl-scaled-e1702597812165.jpg?fit=1200%2C638&ssl=1&resize=350%2C200 1x, https:\/\/i0.wp.com\/noticiasribeiraopreto.com.br\/wp-content\/uploads\/2023\/12\/depositphotos-79460820-xl-scaled-e1702597812165.jpg?fit=1200%2C638&ssl=1&resize=525%2C300 1.5x, https:\/\/i0.wp.com\/noticiasribeiraopreto.com.br\/wp-content\/uploads\/2023\/12\/depositphotos-79460820-xl-scaled-e1702597812165.jpg?fit=1200%2C638&ssl=1&resize=700%2C400 2x, https:\/\/i0.wp.com\/noticiasribeiraopreto.com.br\/wp-content\/uploads\/2023\/12\/depositphotos-79460820-xl-scaled-e1702597812165.jpg?fit=1200%2C638&ssl=1&resize=1050%2C600 3x"},"classes":[]},{"id":72848,"url":"https:\/\/noticiasribeiraopreto.com.br\/index.php\/2025\/06\/21\/jornal-da-franca-alerta-francanos-conheca-alguns-alimentos-que-podem-explodir-panelas-de-pressao\/","url_meta":{"origin":17343,"position":2},"title":"Jornal da Franca &#8211; Alerta francanos: conhe\u00e7a alguns alimentos que podem explodir panelas de press\u00e3o","author":"noticiasribeiraopreto.com.br","date":"21 de June de 2025","format":false,"excerpt":"compartilhar no whatsapp compartilhar no telegram compartilhar no facebook compartilhar no linkedin Feij\u00e3o, carnes, leite condensado, alimentos gordurosos e Coca Cola est\u00e3o na lista A panela de press\u00e3o \u00e9 um utens\u00edlio comum nas cozinhas brasileiras, mas seu uso pode ser perigoso se n\u00e3o for feito corretamente. Segundo o site UOL,\u2026","rel":"","context":"In &quot;Not\u00edcias de Franca-SP&quot;","block_context":{"text":"Not\u00edcias de Franca-SP","link":"https:\/\/noticiasribeiraopreto.com.br\/index.php\/category\/noticias-de-ribeirao-preto-sp-e-regiao-ismael-colosi\/noticias-franca-sp\/"},"img":{"alt_text":"","src":"https:\/\/i0.wp.com\/noticiasribeiraopreto.com.br\/wp-content\/uploads\/2025\/06\/1750559830_feijao-foto-gomes-da-costa.jpg?fit=1200%2C800&ssl=1&resize=350%2C200","width":350,"height":200,"srcset":"https:\/\/i0.wp.com\/noticiasribeiraopreto.com.br\/wp-content\/uploads\/2025\/06\/1750559830_feijao-foto-gomes-da-costa.jpg?fit=1200%2C800&ssl=1&resize=350%2C200 1x, https:\/\/i0.wp.com\/noticiasribeiraopreto.com.br\/wp-content\/uploads\/2025\/06\/1750559830_feijao-foto-gomes-da-costa.jpg?fit=1200%2C800&ssl=1&resize=525%2C300 1.5x, https:\/\/i0.wp.com\/noticiasribeiraopreto.com.br\/wp-content\/uploads\/2025\/06\/1750559830_feijao-foto-gomes-da-costa.jpg?fit=1200%2C800&ssl=1&resize=700%2C400 2x, https:\/\/i0.wp.com\/noticiasribeiraopreto.com.br\/wp-content\/uploads\/2025\/06\/1750559830_feijao-foto-gomes-da-costa.jpg?fit=1200%2C800&ssl=1&resize=1050%2C600 3x"},"classes":[]},{"id":70697,"url":"https:\/\/noticiasribeiraopreto.com.br\/index.php\/2025\/05\/29\/jornal-da-franca-veja-os-cinco-alimentos-que-mais-geram-gases-flatulencias-e-inchaco-abdominal\/","url_meta":{"origin":17343,"position":3},"title":"Jornal da Franca &#8211; Veja os cinco alimentos que mais geram gases, flatul\u00eancias e incha\u00e7o abdominal","author":"noticiasribeiraopreto.com.br","date":"29 de May de 2025","format":false,"excerpt":"compartilhar no whatsapp compartilhar no telegram compartilhar no facebook compartilhar no linkedin Veja quais alimentos aumentam a produ\u00e7\u00e3o de gases e podem provocar desconforto no intestino, segundo informa\u00e7\u00f5es de uma nutricionista Uma\u00a0dieta saud\u00e1vel deve ser variada, o que implica consumir v\u00e1rios tipos de alimentos. Alguns deles podem provocar mais flatul\u00eancia\u2026","rel":"","context":"In &quot;Not\u00edcias de Franca-SP&quot;","block_context":{"text":"Not\u00edcias de Franca-SP","link":"https:\/\/noticiasribeiraopreto.com.br\/index.php\/category\/noticias-de-ribeirao-preto-sp-e-regiao-ismael-colosi\/noticias-franca-sp\/"},"img":{"alt_text":"","src":"https:\/\/i0.wp.com\/noticiasribeiraopreto.com.br\/wp-content\/uploads\/2025\/05\/3947.jpg?fit=1000%2C667&ssl=1&resize=350%2C200","width":350,"height":200,"srcset":"https:\/\/i0.wp.com\/noticiasribeiraopreto.com.br\/wp-content\/uploads\/2025\/05\/3947.jpg?fit=1000%2C667&ssl=1&resize=350%2C200 1x, https:\/\/i0.wp.com\/noticiasribeiraopreto.com.br\/wp-content\/uploads\/2025\/05\/3947.jpg?fit=1000%2C667&ssl=1&resize=525%2C300 1.5x, https:\/\/i0.wp.com\/noticiasribeiraopreto.com.br\/wp-content\/uploads\/2025\/05\/3947.jpg?fit=1000%2C667&ssl=1&resize=700%2C400 2x"},"classes":[]},{"id":11949,"url":"https:\/\/noticiasribeiraopreto.com.br\/index.php\/2023\/12\/07\/alimentos-que-devem-ser-evitados-se-voce-toma-ozempic\/","url_meta":{"origin":17343,"position":4},"title":"Alimentos que devem ser evitados se voc\u00ea toma Ozempic","author":"noticiasribeiraopreto.com.br","date":"7 de December de 2023","format":false,"excerpt":"Medicamentos como Ozempic e Wegovy s\u00e3o utilizados no tratamento da obesidade e do diabetes. Embora muitas pessoas observem melhorias em sua sa\u00fade como resultado desses medicamentos, algumas tamb\u00e9m apresentam efeitos colaterais gastrointestinais. Como funcionam esses medicamentos? Ozempic e o Wegovy s\u00e3o agonistas do receptor do pept\u00eddeo 1 semelhante ao glucagon\u2026","rel":"","context":"In &quot;Variedades&quot;","block_context":{"text":"Variedades","link":"https:\/\/noticiasribeiraopreto.com.br\/index.php\/category\/variedades\/"},"img":{"alt_text":"","src":"https:\/\/i0.wp.com\/noticiasribeiraopreto.com.br\/wp-content\/uploads\/2023\/12\/istock-1151492050.jpg?fit=1200%2C638&ssl=1&resize=350%2C200","width":350,"height":200,"srcset":"https:\/\/i0.wp.com\/noticiasribeiraopreto.com.br\/wp-content\/uploads\/2023\/12\/istock-1151492050.jpg?fit=1200%2C638&ssl=1&resize=350%2C200 1x, https:\/\/i0.wp.com\/noticiasribeiraopreto.com.br\/wp-content\/uploads\/2023\/12\/istock-1151492050.jpg?fit=1200%2C638&ssl=1&resize=525%2C300 1.5x, https:\/\/i0.wp.com\/noticiasribeiraopreto.com.br\/wp-content\/uploads\/2023\/12\/istock-1151492050.jpg?fit=1200%2C638&ssl=1&resize=700%2C400 2x, https:\/\/i0.wp.com\/noticiasribeiraopreto.com.br\/wp-content\/uploads\/2023\/12\/istock-1151492050.jpg?fit=1200%2C638&ssl=1&resize=1050%2C600 3x"},"classes":[]},{"id":20607,"url":"https:\/\/noticiasribeiraopreto.com.br\/index.php\/2023\/12\/26\/evite-estes-alimentos-e-bebidas-para-se-livrar-da-enxaqueca\/","url_meta":{"origin":17343,"position":5},"title":"Evite estes alimentos e bebidas para se livrar da enxaqueca","author":"noticiasribeiraopreto.com.br","date":"26 de December de 2023","format":false,"excerpt":"Cr\u00e9ditos: Getty ImagesCaracterizada por uma condi\u00e7\u00e3o debilitante que afeta milh\u00f5es de pessoas em todo o mundo, enxaqueca est\u00e1 associada ao consumo de alguns alimentos e bebidas \u2013 iStock\/Getty Images A enxaqueca afeta cerca de 15% da popula\u00e7\u00e3o brasileira, a maioria entre os 25 e os 45 anos, segundo n\u00fameros recentes\u2026","rel":"","context":"In &quot;Variedades&quot;","block_context":{"text":"Variedades","link":"https:\/\/noticiasribeiraopreto.com.br\/index.php\/category\/variedades\/"},"img":{"alt_text":"","src":"https:\/\/i0.wp.com\/noticiasribeiraopreto.com.br\/wp-content\/uploads\/2023\/12\/istock-1337932476.jpg?fit=1200%2C638&ssl=1&resize=350%2C200","width":350,"height":200,"srcset":"https:\/\/i0.wp.com\/noticiasribeiraopreto.com.br\/wp-content\/uploads\/2023\/12\/istock-1337932476.jpg?fit=1200%2C638&ssl=1&resize=350%2C200 1x, https:\/\/i0.wp.com\/noticiasribeiraopreto.com.br\/wp-content\/uploads\/2023\/12\/istock-1337932476.jpg?fit=1200%2C638&ssl=1&resize=525%2C300 1.5x, https:\/\/i0.wp.com\/noticiasribeiraopreto.com.br\/wp-content\/uploads\/2023\/12\/istock-1337932476.jpg?fit=1200%2C638&ssl=1&resize=700%2C400 2x, https:\/\/i0.wp.com\/noticiasribeiraopreto.com.br\/wp-content\/uploads\/2023\/12\/istock-1337932476.jpg?fit=1200%2C638&ssl=1&resize=1050%2C600 3x"},"classes":[]}],"jetpack_sharing_enabled":true,"jetpack_shortlink":"https:\/\/wp.me\/peQAOb-4vJ","_links":{"self":[{"href":"https:\/\/noticiasribeiraopreto.com.br\/index.php\/wp-json\/wp\/v2\/posts\/17343","targetHints":{"allow":["GET"]}}],"collection":[{"href":"https:\/\/noticiasribeiraopreto.com.br\/index.php\/wp-json\/wp\/v2\/posts"}],"about":[{"href":"https:\/\/noticiasribeiraopreto.com.br\/index.php\/wp-json\/wp\/v2\/types\/post"}],"author":[{"embeddable":true,"href":"https:\/\/noticiasribeiraopreto.com.br\/index.php\/wp-json\/wp\/v2\/users\/1"}],"replies":[{"embeddable":true,"href":"https:\/\/noticiasribeiraopreto.com.br\/index.php\/wp-json\/wp\/v2\/comments?post=17343"}],"version-history":[{"count":0,"href":"https:\/\/noticiasribeiraopreto.com.br\/index.php\/wp-json\/wp\/v2\/posts\/17343\/revisions"}],"wp:featuredmedia":[{"embeddable":true,"href":"https:\/\/noticiasribeiraopreto.com.br\/index.php\/wp-json\/wp\/v2\/media\/17344"}],"wp:attachment":[{"href":"https:\/\/noticiasribeiraopreto.com.br\/index.php\/wp-json\/wp\/v2\/media?parent=17343"}],"wp:term":[{"taxonomy":"category","embeddable":true,"href":"https:\/\/noticiasribeiraopreto.com.br\/index.php\/wp-json\/wp\/v2\/categories?post=17343"},{"taxonomy":"post_tag","embeddable":true,"href":"https:\/\/noticiasribeiraopreto.com.br\/index.php\/wp-json\/wp\/v2\/tags?post=17343"}],"curies":[{"name":"wp","href":"https:\/\/api.w.org\/{rel}","templated":true}]}}