{"id":17349,"date":"2023-12-18T08:48:01","date_gmt":"2023-12-18T11:48:01","guid":{"rendered":"https:\/\/noticiasribeiraopreto.com.br\/index.php\/2023\/12\/18\/indigestao-pode-ser-curada-por-este-tempero-aponta-pesquisa\/"},"modified":"2023-12-18T08:48:01","modified_gmt":"2023-12-18T11:48:01","slug":"indigestao-pode-ser-curada-por-este-tempero-aponta-pesquisa","status":"publish","type":"post","link":"https:\/\/noticiasribeiraopreto.com.br\/index.php\/2023\/12\/18\/indigestao-pode-ser-curada-por-este-tempero-aponta-pesquisa\/","title":{"rendered":"Indigest\u00e3o pode ser curada por este tempero, aponta pesquisa"},"content":{"rendered":"<div class='code-block code-block-1' style='margin: 8px 0 8px auto; text-align: right; display: block; clear: both;'>\n<p><a href=\"https:\/\/wa.link\/vpicfd\"><img data-recalc-dims=\"1\" class=\"wp-image-4922\" style=\"aspect-ratio: 2.0253164556962027; width: 561px; height: auto;\" src=\"https:\/\/i0.wp.com\/ismaelcolosi.com.br\/wp-content\/uploads\/2023\/11\/grupo-de-empregos-whatsapp-e-facebook-ismael-colosi-vagas.jpg?ssl=1\" alt=\"\" \/><\/a><\/p>\n<!-- \/wp:image -->\n<\/div>\n<p> <br \/>\n<\/p>\n<div>\n<div id=\"attachment_2328098\" class=\"wp-caption alignnone\">\n<div class=\"d-flex justify-content-center\" data-attachment-id=\"2328098\">\n<div class=\"position-relative d-inline-block\"><img data-recalc-dims=\"1\" data-portal-copyright=\"Getty Images\/iStockphoto\" fetchpriority=\"high\" decoding=\"async\" class=\"wp-image-2328098 size-full\" src=\"https:\/\/i0.wp.com\/catracalivre.com.br\/wp-content\/uploads\/2023\/12\/istock-1065991270.jpg?resize=1254%2C836&#038;ssl=1\" alt=\"Rem\u00e9dio para indigest\u00e3o: uso de temperos na culin\u00e1ria \u00e9 conhecido por diversas culturas ao redor do mundo, seja para adicionar sabor \u00e0s receitas ou para aproveitar seus benef\u00edcios \u00e0 sa\u00fade.\" width=\"1254\" height=\"836\" srcset=\"https:\/\/catracalivre.com.br\/wp-content\/uploads\/2023\/12\/istock-1065991270.jpg 1254w, https:\/\/catracalivre.com.br\/wp-content\/uploads\/2023\/12\/istock-1065991270-450x300.jpg 450w, https:\/\/catracalivre.com.br\/wp-content\/uploads\/2023\/12\/istock-1065991270-768x512.jpg 768w\" sizes=\"(max-width: 1254px) 100vw, 1254px\"\/><\/p>\n<p>Cr\u00e9ditos: Getty Images\/iStockphoto<\/p>\n<\/div>\n<\/div>\n<p><span class=\"post-imagem__legenda\">Rem\u00e9dio para indigest\u00e3o: uso de temperos na culin\u00e1ria \u00e9 conhecido por diversas culturas ao redor do mundo, seja para adicionar sabor \u00e0s receitas ou para aproveitar seus benef\u00edcios \u00e0 sa\u00fade.<\/span><\/p>\n<\/div>\n<p>Recentemente, um estudo cient\u00edfico destacou a efic\u00e1cia da c\u00farcuma, tamb\u00e9m conhecida por colorir o famoso curry, no tratamento da indigest\u00e3o. O poder do tempero foi comparado at\u00e9 mesmo com medicamentos convencionais.<\/p>\n<p>A pesquisa, publicada na revista BMJ Evidence-Based Medicine, tem lideran\u00e7a do professor Krit Pongpirul, da Faculdade de Medicina da Universidade de<strong><a href=\"https:\/\/www.chula.ac.th\/en\/\" target=\"_blank\" rel=\"noopener\"> Chulalongkorn,<\/a><\/strong> na Tail\u00e2ndia. Ela sugere que a <strong><a href=\"https:\/\/catracalivre.com.br\/saude-bem-estar\/aprenda-a-fazer-shot-antioxidante-de-curcuma-que-combate-inflamacao\/\" target=\"_blank\" rel=\"noopener\">c\u00farcuma<\/a><\/strong> pode ser mais uma ferramenta para profissionais de sa\u00fade no intuito de combater a indigest\u00e3o.<\/p>\n<p>O uso de especiarias na culin\u00e1ria \u00e9 conhecido por diversas culturas ao redor do mundo, seja para adicionar sabor \u00e0s receitas ou para aproveitar seus benef\u00edcios \u00e0 sa\u00fade.<\/p>\n<p>A c\u00farcuma, origin\u00e1ria da raiz da planta Curcuma longa, \u00e9 h\u00e1 muito tempo utilizada como um rem\u00e9dio natural em pa\u00edses do sudeste da \u00c1sia. Uma subst\u00e2ncia presente na c\u00farcuma, que possui propriedades anti-inflamat\u00f3rias e antimicrobianas, mostrou efic\u00e1cia semelhante ao omeprazol, um medicamento que reduz a produ\u00e7\u00e3o de \u00e1cido estomacal.<\/p>\n<h2>Poder do tempero contra a indigest\u00e3o<\/h2>\n<p>A equipe de Pongpirul recrutou 206 pacientes que sofriam de indigest\u00e3o recorrente, com idades entre 18 e 70 anos. Os participantes estiveram divididos em tr\u00eas grupos de tratamento, sendo observados pelo per\u00edodo de 28 dias.<\/p>\n<p>O primeiro grupo recebeu tratamento apenas com c\u00farcuma, o segundo grupo com omeprazol, e o terceiro recebeu uma combina\u00e7\u00e3o de c\u00farcuma e omeprazol.<\/p>\n<p>Ao final do estudo, observou-se que a pontua\u00e7\u00e3o de avalia\u00e7\u00e3o da gravidade da dispepsia (SODA) indicou redu\u00e7\u00f5es significativas na severidade dos sintomas em todos os grupos de tratamento. De acordo com Pongpirul, n\u00e3o foram detectados efeitos colaterais graves, embora alguns usu\u00e1rios de c\u00farcuma tenham apresentado deteriora\u00e7\u00e3o na fun\u00e7\u00e3o hep\u00e1tica.<\/p>\n<h2>O que se concluiu?<\/h2>\n<p>A pesquisa sugere que a c\u00farcuma pode acabar sendo considerada uma alternativa ao tratamento para a indigest\u00e3o, apesar do tamanho limitado do estudo e da falta de dados de acompanhamento a longo prazo.\u00a0\u201cO ensaio multic\u00eantrico randomizado e controlado fornece evid\u00eancias altamente confi\u00e1veis \u200b\u200bpara o tratamento da dispepsia funcional. As novas descobertas do nosso estudo podem justificar a considera\u00e7\u00e3o da curcumina na pr\u00e1tica cl\u00ednica\u201d, explicou o professor, que tamb\u00e9m destacou a necessidade de estudos maiores.<\/p>\n<\/div>\n<p><script>\n\t\t! function(f, b, e, v, n, t, s) {\n\t\t\tif (f.fbq) return;\n\t\t\tn = f.fbq = function() {\n\t\t\t\tn.callMethod ?\n\t\t\t\t\tn.callMethod.apply(n, arguments) : n.queue.push(arguments)\n\t\t\t};\n\t\t\tif (!f._fbq) f._fbq = n;\n\t\t\tn.push = n;\n\t\t\tn.loaded = !0;\n\t\t\tn.version = '2.0';\n\t\t\tn.queue = [];\n\t\t\tt = b.createElement(e);\n\t\t\tt.async = !0;\n\t\t\tt.src = v;\n\t\t\ts = b.getElementsByTagName(e)[0];\n\t\t\ts.parentNode.insertBefore(t, s)\n\t\t}(window, document, 'script',\n\t\t\t'https:\/\/connect.facebook.net\/en_US\/fbevents.js');\n\t\tfbq('init', '338315473262380');\n\t\tfbq('track', 'PageView');\n\t<\/script><br \/>\n<br \/><br \/>\n<br \/><a href=\"https:\/\/catracalivre.com.br\/saude-bem-estar\/indigestao-pode-ser-curada-por-este-tempero-aponta-pesquisa\/\">Source link <\/a><\/p>\n<!-- CONTENT END 1 -->\n","protected":false},"excerpt":{"rendered":"<p>Cr\u00e9ditos: Getty Images\/iStockphoto Rem\u00e9dio para indigest\u00e3o: uso de temperos na culin\u00e1ria \u00e9 conhecido por diversas culturas ao redor do mundo, seja para adicionar sabor \u00e0s&#8230;<\/p>\n","protected":false},"author":1,"featured_media":17350,"comment_status":"open","ping_status":"open","sticky":false,"template":"","format":"standard","meta":{"advanced_seo_description":"","jetpack_seo_html_title":"","jetpack_seo_noindex":false,"jetpack_post_was_ever_published":false,"_jetpack_newsletter_access":"","_jetpack_dont_email_post_to_subs":false,"_jetpack_newsletter_tier_id":0,"_jetpack_memberships_contains_paywalled_content":false,"_jetpack_memberships_contains_paid_content":false,"footnotes":"","jetpack_publicize_message":"","jetpack_publicize_feature_enabled":true,"jetpack_social_post_already_shared":true,"jetpack_social_options":{"image_generator_settings":{"template":"highway","default_image_id":0,"font":"","enabled":false},"version":2}},"categories":[19],"tags":[],"class_list":["post-17349","post","type-post","status-publish","format-standard","has-post-thumbnail","hentry","category-variedades"],"jetpack_publicize_connections":[],"jetpack_featured_media_url":"https:\/\/i0.wp.com\/noticiasribeiraopreto.com.br\/wp-content\/uploads\/2023\/12\/istock-1065991270.jpg?fit=1200%2C638&ssl=1","jetpack-related-posts":[{"id":20362,"url":"https:\/\/noticiasribeiraopreto.com.br\/index.php\/2023\/12\/25\/tempero-oriental-e-apontado-como-a-melhor-solucao-para-a-indigestao\/","url_meta":{"origin":17349,"position":0},"title":"Tempero oriental \u00e9 apontado como a melhor solu\u00e7\u00e3o para a indigest\u00e3o","author":"noticiasribeiraopreto.com.br","date":"25 de December de 2023","format":false,"excerpt":"Cr\u00e9ditos: simonkr\/istockTempero contra a indigest\u00e3o: No Brasil, a c\u00farcuma \u00e9 popularmente chamada de a\u00e7afr\u00e3o-da-terra \u2013 iStock\/Getty Images Novo estudo publicado pela revista m\u00e9dica The BMJ descobriu que um tipo espec\u00edfico de tempero pode ajudar a aliviar o desconforto estomacal, distens\u00e3o abdominal e n\u00e1usea, sintomas t\u00edpicos de indigest\u00e3o. Para encontrar as\u2026","rel":"","context":"In &quot;Variedades&quot;","block_context":{"text":"Variedades","link":"https:\/\/noticiasribeiraopreto.com.br\/index.php\/category\/variedades\/"},"img":{"alt_text":"","src":"https:\/\/i0.wp.com\/noticiasribeiraopreto.com.br\/wp-content\/uploads\/2023\/12\/istock-1315354434.jpg?fit=1200%2C638&ssl=1&resize=350%2C200","width":350,"height":200,"srcset":"https:\/\/i0.wp.com\/noticiasribeiraopreto.com.br\/wp-content\/uploads\/2023\/12\/istock-1315354434.jpg?fit=1200%2C638&ssl=1&resize=350%2C200 1x, https:\/\/i0.wp.com\/noticiasribeiraopreto.com.br\/wp-content\/uploads\/2023\/12\/istock-1315354434.jpg?fit=1200%2C638&ssl=1&resize=525%2C300 1.5x, https:\/\/i0.wp.com\/noticiasribeiraopreto.com.br\/wp-content\/uploads\/2023\/12\/istock-1315354434.jpg?fit=1200%2C638&ssl=1&resize=700%2C400 2x, https:\/\/i0.wp.com\/noticiasribeiraopreto.com.br\/wp-content\/uploads\/2023\/12\/istock-1315354434.jpg?fit=1200%2C638&ssl=1&resize=1050%2C600 3x"},"classes":[]},{"id":59264,"url":"https:\/\/noticiasribeiraopreto.com.br\/index.php\/2024\/10\/18\/globo-reporter-exibe-coproducao-da-eptv-sobre-o-universo-dos-temperos\/","url_meta":{"origin":17349,"position":1},"title":"Globo Rep\u00f3rter exibe coprodu\u00e7\u00e3o da EPTV sobre o universo dos temperos","author":"noticiasribeiraopreto.com.br","date":"18 de October de 2024","format":false,"excerpt":"A EPTV, emissora do Grupo EP e afiliada da TV Globo, exibe nesta sexta-feira (18), uma coprodu\u00e7\u00e3o com o Globo Rep\u00f3rter que revela o universo dos temperos nas regi\u00f5es de Ribeir\u00e3o Preto e Campinas, onde se concentram algumas das planta\u00e7\u00f5es mais importantes do pa\u00eds. A reportagem \u00e9 fruto de um\u2026","rel":"","context":"In &quot;Not\u00edcias de Ribeir\u00e3o Preto-SP e Regi\u00e3o&quot;","block_context":{"text":"Not\u00edcias de Ribeir\u00e3o Preto-SP e Regi\u00e3o","link":"https:\/\/noticiasribeiraopreto.com.br\/index.php\/category\/noticias-de-ribeirao-preto-sp-e-regiao-ismael-colosi\/"},"img":{"alt_text":"","src":"https:\/\/i0.wp.com\/noticiasribeiraopreto.com.br\/wp-content\/uploads\/2024\/10\/Copia-de-Copia-de-Copia-de-TAMANHO-EXATO-PARA-FOTOS-NO-SISTEMA-NOVO-2024-10-18T155300.251_2024-10-18_18-53-20_png_2024-10-18_18-53-20.webp.webp?fit=1200%2C675&ssl=1&resize=350%2C200","width":350,"height":200,"srcset":"https:\/\/i0.wp.com\/noticiasribeiraopreto.com.br\/wp-content\/uploads\/2024\/10\/Copia-de-Copia-de-Copia-de-TAMANHO-EXATO-PARA-FOTOS-NO-SISTEMA-NOVO-2024-10-18T155300.251_2024-10-18_18-53-20_png_2024-10-18_18-53-20.webp.webp?fit=1200%2C675&ssl=1&resize=350%2C200 1x, https:\/\/i0.wp.com\/noticiasribeiraopreto.com.br\/wp-content\/uploads\/2024\/10\/Copia-de-Copia-de-Copia-de-TAMANHO-EXATO-PARA-FOTOS-NO-SISTEMA-NOVO-2024-10-18T155300.251_2024-10-18_18-53-20_png_2024-10-18_18-53-20.webp.webp?fit=1200%2C675&ssl=1&resize=525%2C300 1.5x, https:\/\/i0.wp.com\/noticiasribeiraopreto.com.br\/wp-content\/uploads\/2024\/10\/Copia-de-Copia-de-Copia-de-TAMANHO-EXATO-PARA-FOTOS-NO-SISTEMA-NOVO-2024-10-18T155300.251_2024-10-18_18-53-20_png_2024-10-18_18-53-20.webp.webp?fit=1200%2C675&ssl=1&resize=700%2C400 2x, https:\/\/i0.wp.com\/noticiasribeiraopreto.com.br\/wp-content\/uploads\/2024\/10\/Copia-de-Copia-de-Copia-de-TAMANHO-EXATO-PARA-FOTOS-NO-SISTEMA-NOVO-2024-10-18T155300.251_2024-10-18_18-53-20_png_2024-10-18_18-53-20.webp.webp?fit=1200%2C675&ssl=1&resize=1050%2C600 3x"},"classes":[]},{"id":16184,"url":"https:\/\/noticiasribeiraopreto.com.br\/index.php\/2023\/12\/15\/tempero-asiatico-pode-proteger-contra-o-cancer-indica-estudo\/","url_meta":{"origin":17349,"position":2},"title":"Tempero asi\u00e1tico pode proteger contra o c\u00e2ncer, indica estudo","author":"noticiasribeiraopreto.com.br","date":"15 de December de 2023","format":false,"excerpt":"Cr\u00e9ditos: Getty ImagesApesar dos resultados serem promissores, os investigadores afirmam que s\u00e3o necess\u00e1rios mais testes para estabelecer o efeito do tempero em pacientes com c\u00e2ncer \u2013 iStock\/Getty Images Uma raiz vegetal, usada na culin\u00e1ria como tempero, pode ajudar a proteger contra o c\u00e2ncer, afirma um novo estudo da Universidade Metropolitana\u2026","rel":"","context":"In &quot;Variedades&quot;","block_context":{"text":"Variedades","link":"https:\/\/noticiasribeiraopreto.com.br\/index.php\/category\/variedades\/"},"img":{"alt_text":"","src":"https:\/\/i0.wp.com\/noticiasribeiraopreto.com.br\/wp-content\/uploads\/2023\/12\/istock-1699843775.jpg?fit=1200%2C638&ssl=1&resize=350%2C200","width":350,"height":200,"srcset":"https:\/\/i0.wp.com\/noticiasribeiraopreto.com.br\/wp-content\/uploads\/2023\/12\/istock-1699843775.jpg?fit=1200%2C638&ssl=1&resize=350%2C200 1x, https:\/\/i0.wp.com\/noticiasribeiraopreto.com.br\/wp-content\/uploads\/2023\/12\/istock-1699843775.jpg?fit=1200%2C638&ssl=1&resize=525%2C300 1.5x, https:\/\/i0.wp.com\/noticiasribeiraopreto.com.br\/wp-content\/uploads\/2023\/12\/istock-1699843775.jpg?fit=1200%2C638&ssl=1&resize=700%2C400 2x, https:\/\/i0.wp.com\/noticiasribeiraopreto.com.br\/wp-content\/uploads\/2023\/12\/istock-1699843775.jpg?fit=1200%2C638&ssl=1&resize=1050%2C600 3x"},"classes":[]},{"id":71877,"url":"https:\/\/noticiasribeiraopreto.com.br\/index.php\/2025\/06\/11\/jornal-da-franca-espaco-nao-e-desculpa-ate-em-apartamento-da-pra-plantar-a-propria-horta\/","url_meta":{"origin":17349,"position":3},"title":"Jornal da Franca &#8211; Espa\u00e7o n\u00e3o \u00e9 desculpa; at\u00e9 em apartamento d\u00e1 pra plantar a pr\u00f3pria horta","author":"noticiasribeiraopreto.com.br","date":"11 de June de 2025","format":false,"excerpt":"compartilhar no whatsapp compartilhar no telegram compartilhar no facebook compartilhar no linkedin Em qualquer espa\u00e7o \u00e9 poss\u00edvel plantar, at\u00e9 mesmo no apertado ambiente de um apartamento. Saiba mais \u00a0 Quem gosta de cozinhar, sabe que os temperos fazem toda a diferen\u00e7a em uma receita. Se voc\u00ea \u00e9 o respons\u00e1vel pelas\u2026","rel":"","context":"In &quot;Not\u00edcias de Franca-SP&quot;","block_context":{"text":"Not\u00edcias de Franca-SP","link":"https:\/\/noticiasribeiraopreto.com.br\/index.php\/category\/noticias-de-ribeirao-preto-sp-e-regiao-ismael-colosi\/noticias-franca-sp\/"},"img":{"alt_text":"","src":"https:\/\/i0.wp.com\/noticiasribeiraopreto.com.br\/wp-content\/uploads\/2025\/06\/IMG-20220220-WA0019.jpg?fit=1200%2C800&ssl=1&resize=350%2C200","width":350,"height":200,"srcset":"https:\/\/i0.wp.com\/noticiasribeiraopreto.com.br\/wp-content\/uploads\/2025\/06\/IMG-20220220-WA0019.jpg?fit=1200%2C800&ssl=1&resize=350%2C200 1x, https:\/\/i0.wp.com\/noticiasribeiraopreto.com.br\/wp-content\/uploads\/2025\/06\/IMG-20220220-WA0019.jpg?fit=1200%2C800&ssl=1&resize=525%2C300 1.5x, https:\/\/i0.wp.com\/noticiasribeiraopreto.com.br\/wp-content\/uploads\/2025\/06\/IMG-20220220-WA0019.jpg?fit=1200%2C800&ssl=1&resize=700%2C400 2x, https:\/\/i0.wp.com\/noticiasribeiraopreto.com.br\/wp-content\/uploads\/2025\/06\/IMG-20220220-WA0019.jpg?fit=1200%2C800&ssl=1&resize=1050%2C600 3x"},"classes":[]},{"id":66325,"url":"https:\/\/noticiasribeiraopreto.com.br\/index.php\/2025\/03\/31\/jornal-da-franca-aprenda-a-cultivar-alho-em-casa-ou-apartamento-e-colha-temperos-frescos-o-ano-todo\/","url_meta":{"origin":17349,"position":4},"title":"Jornal da Franca &#8211; Aprenda a cultivar alho em casa ou apartamento e colha temperos frescos o ano todo","author":"noticiasribeiraopreto.com.br","date":"31 de March de 2025","format":false,"excerpt":"O\u00a0alho\u00a0\u00e9 um dos temperos mais utilizados na culin\u00e1ria e pode ser cultivado facilmente em casa, mesmo sem um grande espa\u00e7o dispon\u00edvel. Al\u00e9m de ser uma op\u00e7\u00e3o econ\u00f4mica, o cultivo caseiro permite ter um produto mais natural e livre de agrot\u00f3xicos. Para que a planta se desenvolva bem, \u00e9 essencial atentar-se\u2026","rel":"","context":"In &quot;Not\u00edcias de Franca-SP&quot;","block_context":{"text":"Not\u00edcias de Franca-SP","link":"https:\/\/noticiasribeiraopreto.com.br\/index.php\/category\/noticias-de-ribeirao-preto-sp-e-regiao-ismael-colosi\/noticias-franca-sp\/"},"img":{"alt_text":"","src":"https:\/\/i0.wp.com\/noticiasribeiraopreto.com.br\/wp-content\/uploads\/2025\/03\/28425.jpg?fit=1000%2C659&ssl=1&resize=350%2C200","width":350,"height":200,"srcset":"https:\/\/i0.wp.com\/noticiasribeiraopreto.com.br\/wp-content\/uploads\/2025\/03\/28425.jpg?fit=1000%2C659&ssl=1&resize=350%2C200 1x, https:\/\/i0.wp.com\/noticiasribeiraopreto.com.br\/wp-content\/uploads\/2025\/03\/28425.jpg?fit=1000%2C659&ssl=1&resize=525%2C300 1.5x, https:\/\/i0.wp.com\/noticiasribeiraopreto.com.br\/wp-content\/uploads\/2025\/03\/28425.jpg?fit=1000%2C659&ssl=1&resize=700%2C400 2x"},"classes":[]},{"id":64707,"url":"https:\/\/noticiasribeiraopreto.com.br\/index.php\/2025\/03\/11\/jornal-da-franca-saiba-como-cultivar-uma-horta-em-apartamento-sem-nenhuma-complicacao\/","url_meta":{"origin":17349,"position":5},"title":"Jornal da Franca &#8211; Saiba como cultivar uma horta em apartamento sem nenhuma complica\u00e7\u00e3o","author":"noticiasribeiraopreto.com.br","date":"11 de March de 2025","format":false,"excerpt":"Seja para cozinhar pratos deliciosos ou para apreciar o verde das plantas, cultivar horta em apartamento \u00e9 uma experi\u00eancia gratificante. \u00a0 Ter uma\u00a0horta em apartamento\u00a0\u00e9 uma pr\u00e1tica cada vez mais comum entre aqueles que buscam uma alimenta\u00e7\u00e3o mais saud\u00e1vel e sustent\u00e1vel. Al\u00e9m de proporcionar ingredientes frescos para o dia a\u2026","rel":"","context":"In &quot;Not\u00edcias de Franca-SP&quot;","block_context":{"text":"Not\u00edcias de Franca-SP","link":"https:\/\/noticiasribeiraopreto.com.br\/index.php\/category\/noticias-de-ribeirao-preto-sp-e-regiao-ismael-colosi\/noticias-franca-sp\/"},"img":{"alt_text":"","src":"https:\/\/i0.wp.com\/noticiasribeiraopreto.com.br\/wp-content\/uploads\/2025\/03\/22924.jpg?fit=1000%2C667&ssl=1&resize=350%2C200","width":350,"height":200,"srcset":"https:\/\/i0.wp.com\/noticiasribeiraopreto.com.br\/wp-content\/uploads\/2025\/03\/22924.jpg?fit=1000%2C667&ssl=1&resize=350%2C200 1x, https:\/\/i0.wp.com\/noticiasribeiraopreto.com.br\/wp-content\/uploads\/2025\/03\/22924.jpg?fit=1000%2C667&ssl=1&resize=525%2C300 1.5x, https:\/\/i0.wp.com\/noticiasribeiraopreto.com.br\/wp-content\/uploads\/2025\/03\/22924.jpg?fit=1000%2C667&ssl=1&resize=700%2C400 2x"},"classes":[]}],"jetpack_sharing_enabled":true,"jetpack_shortlink":"https:\/\/wp.me\/peQAOb-4vP","_links":{"self":[{"href":"https:\/\/noticiasribeiraopreto.com.br\/index.php\/wp-json\/wp\/v2\/posts\/17349","targetHints":{"allow":["GET"]}}],"collection":[{"href":"https:\/\/noticiasribeiraopreto.com.br\/index.php\/wp-json\/wp\/v2\/posts"}],"about":[{"href":"https:\/\/noticiasribeiraopreto.com.br\/index.php\/wp-json\/wp\/v2\/types\/post"}],"author":[{"embeddable":true,"href":"https:\/\/noticiasribeiraopreto.com.br\/index.php\/wp-json\/wp\/v2\/users\/1"}],"replies":[{"embeddable":true,"href":"https:\/\/noticiasribeiraopreto.com.br\/index.php\/wp-json\/wp\/v2\/comments?post=17349"}],"version-history":[{"count":0,"href":"https:\/\/noticiasribeiraopreto.com.br\/index.php\/wp-json\/wp\/v2\/posts\/17349\/revisions"}],"wp:featuredmedia":[{"embeddable":true,"href":"https:\/\/noticiasribeiraopreto.com.br\/index.php\/wp-json\/wp\/v2\/media\/17350"}],"wp:attachment":[{"href":"https:\/\/noticiasribeiraopreto.com.br\/index.php\/wp-json\/wp\/v2\/media?parent=17349"}],"wp:term":[{"taxonomy":"category","embeddable":true,"href":"https:\/\/noticiasribeiraopreto.com.br\/index.php\/wp-json\/wp\/v2\/categories?post=17349"},{"taxonomy":"post_tag","embeddable":true,"href":"https:\/\/noticiasribeiraopreto.com.br\/index.php\/wp-json\/wp\/v2\/tags?post=17349"}],"curies":[{"name":"wp","href":"https:\/\/api.w.org\/{rel}","templated":true}]}}