{"id":17622,"date":"2023-12-18T19:23:21","date_gmt":"2023-12-18T22:23:21","guid":{"rendered":"https:\/\/noticiasribeiraopreto.com.br\/index.php\/2023\/12\/18\/tema-da-redacao-fuvest-2024-e-revelado\/"},"modified":"2023-12-18T19:23:21","modified_gmt":"2023-12-18T22:23:21","slug":"tema-da-redacao-fuvest-2024-e-revelado","status":"publish","type":"post","link":"https:\/\/noticiasribeiraopreto.com.br\/index.php\/2023\/12\/18\/tema-da-redacao-fuvest-2024-e-revelado\/","title":{"rendered":"Tema da reda\u00e7\u00e3o Fuvest 2024 \u00e9 REVELADO"},"content":{"rendered":"<div class='code-block code-block-1' style='margin: 8px 0 8px auto; text-align: right; display: block; clear: both;'>\n<p><a href=\"https:\/\/wa.link\/vpicfd\"><img data-recalc-dims=\"1\" class=\"wp-image-4922\" style=\"aspect-ratio: 2.0253164556962027; width: 561px; height: auto;\" src=\"https:\/\/i0.wp.com\/ismaelcolosi.com.br\/wp-content\/uploads\/2023\/11\/grupo-de-empregos-whatsapp-e-facebook-ismael-colosi-vagas.jpg?ssl=1\" alt=\"\" \/><\/a><\/p>\n<!-- \/wp:image -->\n<\/div>\n<p> <br \/>\n<\/p>\n<div>\n<p class=\"p3\"><span class=\"s1\">O <b>Vestibular da\u00a0Fuvest<\/b>, organizado pela Funda\u00e7\u00e3o Universit\u00e1ria para o Vestibular, \u00e9 um dos mais disputados de todo o pa\u00eds. O processo seletivo permite o ingresso dos participantes aprovados \u00e0 <b>USP, Universidade de S\u00e3o Paulo<\/b>.<\/span><\/p>\n<p class=\"p3\"><span class=\"s1\">A aplica\u00e7\u00e3o das provas da <strong>segunda<\/strong> <strong>fase<\/strong> desta edi\u00e7\u00e3o do <a href=\"https:\/\/noticiasconcursos.com.br\/vestibulares-2024-cronogramas-das-principais-provas-do-pais-foram-liberados\/\">Vestibular<\/a> da Fuvest come\u00e7ou no \u00faltimo domingo, 17 de novembro, e aconteceu tamb\u00e9m nesta segunda-feira, dia 18. Ap\u00f3s a realiza\u00e7\u00e3o dos exames, o tema da reda\u00e7\u00e3o deste ano foi revelado. <\/span><\/p>\n<p class=\"p3\"><span class=\"s1\">Dessa maneira, para que voc\u00ea entenda qual foi o tema da reda\u00e7\u00e3o desta edi\u00e7\u00e3o do processo seletivo, o artigo de hoje trouxe um resumo sobre a <strong>segunda fase do <\/strong><b>Vestibular 2024 da Fuvest<\/b>. Vamos conferir!<\/span><\/p>\n<h2 class=\"p3\"><span class=\"s1\">Fuvest 2024: candidatos escrevem texto sobre educa\u00e7\u00e3o b\u00e1sica e forma\u00e7\u00e3o profissional <\/span><\/h2>\n<p class=\"p3\"><span class=\"s1\">Como nas \u00faltimas edi\u00e7\u00f5es do processo seletivo, esta edi\u00e7\u00e3o do <strong>Vestibular da Fuvest<\/strong> est\u00e1 sendo realizada em duas etapas: a primeira e a segunda fase. As provas foram aplicadas no \u00faltimo domingo (17) e nesta segunda-feira, 18 de dezembro. <\/span><\/p>\n<p class=\"p1\"><span class=\"s1\">Nessa etapa do Vestibular da Fuvest, os participantes dever\u00e3o responder quest\u00f5es dissertativas e escrever uma <a href=\"https:\/\/noticiasconcursos.com.br\/vestibular-fuvest-2024-como-funciona-a-prova-de-redacao\/\"><span class=\"s2\">reda\u00e7\u00e3o<\/span><\/a> a partir do tema proposto pela banca examinadora. No primeiro dia, os candidatos responderam 10 quest\u00f5es dissertativas de portugu\u00eas e escreveram uma reda\u00e7\u00e3o a partir do tema proposto pela banca examinadora.<\/span><\/p>\n<figure id=\"attachment_780644\" aria-describedby=\"caption-attachment-780644\" style=\"width: 750px\" class=\"wp-caption alignnone\"><img data-recalc-dims=\"1\" fetchpriority=\"high\" decoding=\"async\" class=\"wp-image-780644 size-publisher-lg lazy\" alt=\"Segunda fase Fuvest\" width=\"750\" height=\"430\" src=\"https:\/\/i0.wp.com\/noticiasconcursos.com.br\/wp-content\/uploads\/2023\/12\/noticiasconcursos.com.br-tema-da-redacao-fuvest-2024-e-revelado-campus-usp-1-750x430.jpeg?resize=750%2C430&#038;ssl=1\" loading=\"lazy\"\/><noscript><img data-recalc-dims=\"1\" fetchpriority=\"high\" decoding=\"async\" class=\"wp-image-780644 size-publisher-lg\" alt=\"Segunda fase Fuvest\" width=\"750\" height=\"430\" src=\"https:\/\/i0.wp.com\/noticiasconcursos.com.br\/wp-content\/uploads\/2023\/12\/noticiasconcursos.com.br-tema-da-redacao-fuvest-2024-e-revelado-campus-usp-1-750x430.jpeg?resize=750%2C430&#038;ssl=1\"\/><\/noscript><noscript><img data-recalc-dims=\"1\" fetchpriority=\"high\" decoding=\"async\" class=\"wp-image-780644 size-publisher-lg\" src=\"https:\/\/i0.wp.com\/noticiasconcursos.com.br\/wp-content\/uploads\/2023\/12\/noticiasconcursos.com.br-tema-da-redacao-fuvest-2024-e-revelado-campus-usp-1-750x430.jpeg?resize=750%2C430&#038;ssl=1\" alt=\"Segunda fase Fuvest\" width=\"750\" height=\"430\"\/><\/noscript><figcaption id=\"caption-attachment-780644\" class=\"wp-caption-text\">Segunda fase da Fuvest est\u00e1 acontecendo no m\u00eas de dezembro. Imagem: O Tempo\/Reprodu\u00e7\u00e3o<\/figcaption><\/figure>\n<p class=\"p1\"><span class=\"s1\">Todos n\u00f3s sabemos que a reda\u00e7\u00e3o \u00e9 um dos elementos mais importantes do Vestibular da Fuvest, uma vez que ela pode impactar muito a nota final do candidato no processo seletivo. Dessa forma, os candidatos ficam ansiosos para descobrir qual ser\u00e1 o tema abordado.<\/span><\/p>\n<p class=\"p1\"><span class=\"s1\">Nesta edi\u00e7\u00e3o do Vestibular da Fuvest, o tema da reda\u00e7\u00e3o foi \u201c<strong>Educa\u00e7\u00e3o b\u00e1sica e forma\u00e7\u00e3o profissional: entre a multitarefa e a reflex\u00e3o\u201d<\/strong>.\u00a0Al\u00e9m do tema, a banca examinadora tamb\u00e9m colocou \u00e0 disposi\u00e7\u00e3o dos candidatos diversos textos de apoio, incluindo imagens que reproduziam obras de arte e postagem de diferentes redes sociais. <\/span><\/p>\n<div class=\"bs-irp left bs-irp-thumbnail-1\">\n<p>&#13;<br \/><span class=\"h-text heading-typo\">Voc\u00ea tamb\u00e9m pode gostar:<\/span>&#13; <\/p>\n<\/p><\/div>\n<p class=\"p1\"><span class=\"s1\">Mais de 30 mil estudantes realizaram as provas da segunda fase da Fuvest. \u00c9 preciso destacar que somente os candidatos aprovados na primeira etapa poderiam participar da segunda fase do processo seletivo. <\/span><\/p>\n<h2 class=\"p1\"><span class=\"s1\">Como \u00e9 a reda\u00e7\u00e3o do Vestibular da Fuvest?<\/span><\/h2>\n<p class=\"p3\"><span class=\"s1\">Na prova de reda\u00e7\u00e3o do Vestibular da Fuvest, os estudantes devem produzir um <strong>texto dissertativo-argumentativo<\/strong>. \u00c9 recomendado que texto seja dividido em tr\u00eas partes: introdu\u00e7\u00e3o (1 par\u00e1grafo), desenvolvimento (2 par\u00e1grafos) e conclus\u00e3o (1 par\u00e1grafo). <\/span><\/p>\n<p class=\"p3\"><span class=\"s1\">Os candidatos devem usar repert\u00f3rios pertinentes para sustentar os argumentos e agregar mais valor ao texto. Devemos ressaltar tamb\u00e9m que a reda\u00e7\u00e3o do vestibular da Fuvest deve possuir no m\u00ednimo 20 linhas e \u00e9 proibido fugir do tema que foi proposto pela prova.<\/span><\/p>\n<p class=\"p3\"><span class=\"s1\">Os estudantes poder\u00e3o receber uma nota de 0 a 50 pontos na reda\u00e7\u00e3o. Por fim, \u00e9 importante destacar que a reda\u00e7\u00e3o da Fuvest deve ter um <a href=\"https:\/\/noticiasconcursos.com.br\/descubra-como-criar-um-titulo-para-a-sua-redacao\/\"><span class=\"s2\">t\u00edtulo<\/span><\/a>.\u00a0<\/span><\/p>\n<p class=\"p3\"><span class=\"s1\">Veja quais foram os temas da reda\u00e7\u00e3o das \u00faltimas edi\u00e7\u00f5es do Vestibular da Fuvest:<\/span><\/p>\n<ul class=\"ul1\">\n<li class=\"li1\"><span class=\"s1\">Fuvest 2023: Refugiados ambientais e vulnerabilidade social;<\/span><\/li>\n<li class=\"li1\"><span class=\"s1\">Fuvest 2022: As diferentes faces do riso;<\/span><\/li>\n<li class=\"li1\"><span class=\"s1\">Fuvest 2021: O mundo contempor\u00e2neo est\u00e1 fora da ordem?;<\/span><\/li>\n<li class=\"li1\"><span class=\"s1\">Fuvest 2020: O papel da ci\u00eancia no mundo contempor\u00e2neo;<\/span><\/li>\n<li class=\"li1\"><span class=\"s1\">Fuvest 2019: Passado\/ presente;<\/span><\/li>\n<li class=\"li1\"><span class=\"s1\">Fuvest 2018: Limites para a arte.<\/span><\/li>\n<\/ul>\n<p class=\"p1\"><span class=\"s1\">Ficou com alguma d\u00favida sobre a estrutura da reda\u00e7\u00e3o da Fuvest? Acesse o <a href=\"https:\/\/www.fuvest.br\/wp-content\/uploads\/fuvest2024_manual_candidato.pdf\"><span class=\"s2\">Manual do Candidato<\/span><\/a> do Vestibular 2024 da Fuvest e consulte mais informa\u00e7\u00f5es sobre o processo seletivo. <\/span><\/p>\n<h2 class=\"p4\"><span class=\"s1\">Vestibular Fuvest 2024: oferta de vagas <\/span><\/h2>\n<p class=\"p3\"><span class=\"s1\">Nesta edi\u00e7\u00e3o do Vestibular, a Fuvest est\u00e1 oferecendo <b>mais de 8 mil vagas<\/b> para diversos cursos de gradua\u00e7\u00e3o ministrados pela USP, Universidade de S\u00e3o Paulo. Segundo os dados publicados, mais de 100 mil candidatos se inscreveram para concorrer \u00e0s vagas.<\/span><\/p>\n<p class=\"p3\"><span class=\"s1\">Do total de vagas oferecidas, 4.888 vagas est\u00e3o sendo destinadas para candidatos que optarem pela modalidade \u201campla concorr\u00eancia\u201d. Al\u00e9m disso, 2.053 vagas foram direcionadas aos candidatos de escola p\u00fablica (EP) e as 1.206 vagas restantes, por sua vez, foram direcionadas aos participantes EP\/PPI.<\/span><\/p>\n<\/p><\/div>\n<p><br \/>\n<br \/><a href=\"https:\/\/ismaelcolosi.com.br\/tema-da-redacao-fuvest-2024-e-revelado\/\">Source link <\/a><\/p>\n<!-- CONTENT END 1 -->\n","protected":false},"excerpt":{"rendered":"<p>O Vestibular da\u00a0Fuvest, organizado pela Funda\u00e7\u00e3o Universit\u00e1ria para o Vestibular, \u00e9 um dos mais disputados de todo o pa\u00eds. O processo seletivo permite o ingresso&#8230;<\/p>\n","protected":false},"author":1,"featured_media":17623,"comment_status":"open","ping_status":"open","sticky":false,"template":"","format":"standard","meta":{"advanced_seo_description":"","jetpack_seo_html_title":"","jetpack_seo_noindex":false,"jetpack_post_was_ever_published":false,"_jetpack_newsletter_access":"","_jetpack_dont_email_post_to_subs":false,"_jetpack_newsletter_tier_id":0,"_jetpack_memberships_contains_paywalled_content":false,"_jetpack_memberships_contains_paid_content":false,"footnotes":"","jetpack_publicize_message":"","jetpack_publicize_feature_enabled":true,"jetpack_social_post_already_shared":true,"jetpack_social_options":{"image_generator_settings":{"template":"highway","default_image_id":0,"font":"","enabled":false},"version":2}},"categories":[7],"tags":[],"class_list":["post-17622","post","type-post","status-publish","format-standard","has-post-thumbnail","hentry","category-vagas-de-empregos-em-ribeirao-preto-regiao-brasil"],"jetpack_publicize_connections":[],"jetpack_featured_media_url":"https:\/\/i0.wp.com\/noticiasribeiraopreto.com.br\/wp-content\/uploads\/2023\/12\/noticiasconcursos.com_.br-tema-da-redacao-fuvest-2024-e-revelado-campus-usp-1-750x430.jpeg?fit=750%2C430&ssl=1","jetpack-related-posts":[{"id":61525,"url":"https:\/\/noticiasribeiraopreto.com.br\/index.php\/2024\/12\/15\/veja-qual-foi-o-tema-da-redacao-da-segunda-fase-da-fuvest\/","url_meta":{"origin":17622,"position":0},"title":"Veja qual foi o tema da reda\u00e7\u00e3o da segunda fase da Fuvest","author":"noticiasribeiraopreto.com.br","date":"15 de December de 2024","format":false,"excerpt":"Acontece neste domingo (15) o primeiro dia de provas da segunda fase da Fuvest 2025, principal forma de acesso \u00e0 USP (Universidade de S\u00e3o Paulo). Al\u00e9m das quest\u00f5es discursivas de Portugu\u00eas, os estudantes tamb\u00e9m tiveram de escrever uma reda\u00e7\u00e3o no formato de disserta\u00e7\u00e3o de car\u00e1ter argumentativo, que prop\u00f5e um ponto\u2026","rel":"","context":"In &quot;Not\u00edcias de Ribeir\u00e3o Preto-SP e Regi\u00e3o&quot;","block_context":{"text":"Not\u00edcias de Ribeir\u00e3o Preto-SP e Regi\u00e3o","link":"https:\/\/noticiasribeiraopreto.com.br\/index.php\/category\/noticias-de-ribeirao-preto-sp-e-regiao-ismael-colosi\/"},"img":{"alt_text":"","src":"https:\/\/i0.wp.com\/noticiasribeiraopreto.com.br\/wp-content\/uploads\/2024\/12\/usp_ribeirao_500x320_26072019111611.jpg?fit=500%2C322&ssl=1&resize=350%2C200","width":350,"height":200},"classes":[]},{"id":65798,"url":"https:\/\/noticiasribeiraopreto.com.br\/index.php\/2025\/03\/24\/principal-vestibular-de-acesso-a-usp-veja-quando-comecam-as-inscricoes-da-fuvest-2026\/","url_meta":{"origin":17622,"position":1},"title":"Principal vestibular de acesso \u00e0 USP: Veja quando come\u00e7am as inscri\u00e7\u00f5es da Fuvest 2026","author":"noticiasribeiraopreto.com.br","date":"24 de March de 2025","format":false,"excerpt":"A Fuvest (Funda\u00e7\u00e3o Universit\u00e1ria para o Vestibular) divulga o cronograma do Vestibular 2026, uma das principais portas de entrada \u00e0 USP (Universidade de S\u00e3o Paulo). A primeira fase ser\u00e1 realizada em 23 de novembro e a segunda, nos dias 14 e 15 de dezembro de 2025. Os locais de aplica\u00e7\u00e3o\u2026","rel":"","context":"In &quot;Not\u00edcias de Ribeir\u00e3o Preto-SP e Regi\u00e3o&quot;","block_context":{"text":"Not\u00edcias de Ribeir\u00e3o Preto-SP e Regi\u00e3o","link":"https:\/\/noticiasribeiraopreto.com.br\/index.php\/category\/noticias-de-ribeirao-preto-sp-e-regiao-ismael-colosi\/"},"img":{"alt_text":"","src":"https:\/\/i0.wp.com\/noticiasribeiraopreto.com.br\/wp-content\/uploads\/2025\/01\/21_2025-01-02_15-54-47_jpg_2025-01-02_15-54-47.webp.webp?fit=1200%2C767&ssl=1&resize=350%2C200","width":350,"height":200,"srcset":"https:\/\/i0.wp.com\/noticiasribeiraopreto.com.br\/wp-content\/uploads\/2025\/01\/21_2025-01-02_15-54-47_jpg_2025-01-02_15-54-47.webp.webp?fit=1200%2C767&ssl=1&resize=350%2C200 1x, https:\/\/i0.wp.com\/noticiasribeiraopreto.com.br\/wp-content\/uploads\/2025\/01\/21_2025-01-02_15-54-47_jpg_2025-01-02_15-54-47.webp.webp?fit=1200%2C767&ssl=1&resize=525%2C300 1.5x, https:\/\/i0.wp.com\/noticiasribeiraopreto.com.br\/wp-content\/uploads\/2025\/01\/21_2025-01-02_15-54-47_jpg_2025-01-02_15-54-47.webp.webp?fit=1200%2C767&ssl=1&resize=700%2C400 2x, https:\/\/i0.wp.com\/noticiasribeiraopreto.com.br\/wp-content\/uploads\/2025\/01\/21_2025-01-02_15-54-47_jpg_2025-01-02_15-54-47.webp.webp?fit=1200%2C767&ssl=1&resize=1050%2C600 3x"},"classes":[]},{"id":9169,"url":"https:\/\/noticiasribeiraopreto.com.br\/index.php\/2023\/12\/01\/fuvest-divulga-a-lista-de-convocados-para-2a-fase-do-vestibular-veja-se-voce-passou\/","url_meta":{"origin":17622,"position":2},"title":"Fuvest divulga a lista de convocados para 2\u00aa fase do vestibular; Veja se voc\u00ea passou","author":"noticiasribeiraopreto.com.br","date":"1 de December de 2023","format":false,"excerpt":"A Fuvest divulgou nesta sexta-feira (1\u00ba de dezembro) a lista de candidatos convocados para a 2\u00aa fase do vestibular 2024 da USP (Universidade de S\u00e3o Paulo), que acontece nos dias 17 e 18 de dezembro. Os estudantes podem conferir os nomes clicando aqui. Os locais de prova da 2\u00aa fase\u2026","rel":"","context":"In &quot;Not\u00edcias de Ribeir\u00e3o Preto-SP e Regi\u00e3o&quot;","block_context":{"text":"Not\u00edcias de Ribeir\u00e3o Preto-SP e Regi\u00e3o","link":"https:\/\/noticiasribeiraopreto.com.br\/index.php\/category\/noticias-de-ribeirao-preto-sp-e-regiao-ismael-colosi\/"},"img":{"alt_text":"","src":"https:\/\/i0.wp.com\/noticiasribeiraopreto.com.br\/wp-content\/uploads\/2023\/12\/usp_ribeirao_500x320_26072019111611.jpg?fit=500%2C322&ssl=1&resize=350%2C200","width":350,"height":200},"classes":[]},{"id":80911,"url":"https:\/\/noticiasribeiraopreto.com.br\/index.php\/2025\/12\/18\/fuvest-anuncia-mudancas-para-os-proximos-vestibulares-veja-quais\/","url_meta":{"origin":17622,"position":3},"title":"Fuvest anuncia mudan\u00e7as para os pr\u00f3ximos vestibulares; Veja quais","author":"noticiasribeiraopreto.com.br","date":"18 de December de 2025","format":false,"excerpt":"A Fuvest, principal porta de entrada para estudantes que pretendem ingressar na Universidade de S\u00e3o Paulo (USP), anunciou mudan\u00e7as para as pr\u00f3ximas edi\u00e7\u00f5es do vestibular. As altera\u00e7\u00f5es, aprovadas pelo Conselho de Gradua\u00e7\u00e3o da USP, v\u00e3o valer para os Vestibulares 2027 e 2028 e foram propostas em conjunto pela Fuvest e\u2026","rel":"","context":"In &quot;Not\u00edcias de Ribeir\u00e3o Preto-SP e Regi\u00e3o&quot;","block_context":{"text":"Not\u00edcias de Ribeir\u00e3o Preto-SP e Regi\u00e3o","link":"https:\/\/noticiasribeiraopreto.com.br\/index.php\/category\/noticias-de-ribeirao-preto-sp-e-regiao-ismael-colosi\/"},"img":{"alt_text":"","src":"https:\/\/i0.wp.com\/noticiasribeiraopreto.com.br\/wp-content\/uploads\/2025\/09\/20210909_usp_fachada-1024x538-1_2025-09-17_18-42-07.webp.webp?fit=1024%2C538&ssl=1&resize=350%2C200","width":350,"height":200,"srcset":"https:\/\/i0.wp.com\/noticiasribeiraopreto.com.br\/wp-content\/uploads\/2025\/09\/20210909_usp_fachada-1024x538-1_2025-09-17_18-42-07.webp.webp?fit=1024%2C538&ssl=1&resize=350%2C200 1x, https:\/\/i0.wp.com\/noticiasribeiraopreto.com.br\/wp-content\/uploads\/2025\/09\/20210909_usp_fachada-1024x538-1_2025-09-17_18-42-07.webp.webp?fit=1024%2C538&ssl=1&resize=525%2C300 1.5x, https:\/\/i0.wp.com\/noticiasribeiraopreto.com.br\/wp-content\/uploads\/2025\/09\/20210909_usp_fachada-1024x538-1_2025-09-17_18-42-07.webp.webp?fit=1024%2C538&ssl=1&resize=700%2C400 2x"},"classes":[]},{"id":61651,"url":"https:\/\/noticiasribeiraopreto.com.br\/index.php\/2024\/12\/18\/acesso-a-usp-de-ribeirao-preto-vai-mudar-veja-como-fica-o-vestibular\/","url_meta":{"origin":17622,"position":4},"title":"Acesso \u00e0 USP de Ribeir\u00e3o Preto vai mudar; Veja como fica o vestibular","author":"noticiasribeiraopreto.com.br","date":"18 de December de 2024","format":false,"excerpt":"A Fuvest (Funda\u00e7\u00e3o Universit\u00e1ria para o Vestibular), organizadora da prova que \u00e9 a principal porta de acesso \u00e0 USP (Universidade de S\u00e3o Paulo), incluindo o campus de Ribeir\u00e3o Preto, anunciou nesta quarta-feira (18) que fez mudan\u00e7as no Programa do Vestibular para 2026. As altera\u00e7\u00f5es foram aprovadas pelo Conselho de Gradua\u00e7\u00e3o\u2026","rel":"","context":"In &quot;Not\u00edcias de Ribeir\u00e3o Preto-SP e Regi\u00e3o&quot;","block_context":{"text":"Not\u00edcias de Ribeir\u00e3o Preto-SP e Regi\u00e3o","link":"https:\/\/noticiasribeiraopreto.com.br\/index.php\/category\/noticias-de-ribeirao-preto-sp-e-regiao-ismael-colosi\/"},"img":{"alt_text":"","src":"https:\/\/i0.wp.com\/noticiasribeiraopreto.com.br\/wp-content\/uploads\/2024\/08\/20170216_00_campus_ribeirao1.webp.webp?fit=800%2C420&ssl=1&resize=350%2C200","width":350,"height":200,"srcset":"https:\/\/i0.wp.com\/noticiasribeiraopreto.com.br\/wp-content\/uploads\/2024\/08\/20170216_00_campus_ribeirao1.webp.webp?fit=800%2C420&ssl=1&resize=350%2C200 1x, https:\/\/i0.wp.com\/noticiasribeiraopreto.com.br\/wp-content\/uploads\/2024\/08\/20170216_00_campus_ribeirao1.webp.webp?fit=800%2C420&ssl=1&resize=525%2C300 1.5x, https:\/\/i0.wp.com\/noticiasribeiraopreto.com.br\/wp-content\/uploads\/2024\/08\/20170216_00_campus_ribeirao1.webp.webp?fit=800%2C420&ssl=1&resize=700%2C400 2x"},"classes":[]},{"id":79001,"url":"https:\/\/noticiasribeiraopreto.com.br\/index.php\/2025\/10\/22\/fuvest-2026-antecipa-a-divulgacao-dos-locais-das-provas-saiba-como-consultar\/","url_meta":{"origin":17622,"position":5},"title":"Fuvest 2026 antecipa a divulga\u00e7\u00e3o dos locais das provas; Saiba como consultar","author":"noticiasribeiraopreto.com.br","date":"22 de October de 2025","format":false,"excerpt":"Os candidatos inscritos no vestibular da Fuvest 2026 podem consultar os locais de provas a partir das 12h desta quinta-feira (23), na \u00c1rea do Candidato no site da prova. Os estudantes podem conferir os locais onde far\u00e3o a prova da 1\u00aa Fase. Nesta edi\u00e7\u00e3o do processo seletivo, s\u00e3o 111.480 candidatos\u2026","rel":"","context":"In &quot;Not\u00edcias de Ribeir\u00e3o Preto-SP e Regi\u00e3o&quot;","block_context":{"text":"Not\u00edcias de Ribeir\u00e3o Preto-SP e Regi\u00e3o","link":"https:\/\/noticiasribeiraopreto.com.br\/index.php\/category\/noticias-de-ribeirao-preto-sp-e-regiao-ismael-colosi\/"},"img":{"alt_text":"","src":"https:\/\/i0.wp.com\/noticiasribeiraopreto.com.br\/wp-content\/uploads\/2025\/09\/20210909_usp_fachada-1024x538-1_2025-09-17_18-42-07.webp.webp?fit=1024%2C538&ssl=1&resize=350%2C200","width":350,"height":200,"srcset":"https:\/\/i0.wp.com\/noticiasribeiraopreto.com.br\/wp-content\/uploads\/2025\/09\/20210909_usp_fachada-1024x538-1_2025-09-17_18-42-07.webp.webp?fit=1024%2C538&ssl=1&resize=350%2C200 1x, https:\/\/i0.wp.com\/noticiasribeiraopreto.com.br\/wp-content\/uploads\/2025\/09\/20210909_usp_fachada-1024x538-1_2025-09-17_18-42-07.webp.webp?fit=1024%2C538&ssl=1&resize=525%2C300 1.5x, https:\/\/i0.wp.com\/noticiasribeiraopreto.com.br\/wp-content\/uploads\/2025\/09\/20210909_usp_fachada-1024x538-1_2025-09-17_18-42-07.webp.webp?fit=1024%2C538&ssl=1&resize=700%2C400 2x"},"classes":[]}],"jetpack_sharing_enabled":true,"jetpack_shortlink":"https:\/\/wp.me\/peQAOb-4Ae","_links":{"self":[{"href":"https:\/\/noticiasribeiraopreto.com.br\/index.php\/wp-json\/wp\/v2\/posts\/17622","targetHints":{"allow":["GET"]}}],"collection":[{"href":"https:\/\/noticiasribeiraopreto.com.br\/index.php\/wp-json\/wp\/v2\/posts"}],"about":[{"href":"https:\/\/noticiasribeiraopreto.com.br\/index.php\/wp-json\/wp\/v2\/types\/post"}],"author":[{"embeddable":true,"href":"https:\/\/noticiasribeiraopreto.com.br\/index.php\/wp-json\/wp\/v2\/users\/1"}],"replies":[{"embeddable":true,"href":"https:\/\/noticiasribeiraopreto.com.br\/index.php\/wp-json\/wp\/v2\/comments?post=17622"}],"version-history":[{"count":0,"href":"https:\/\/noticiasribeiraopreto.com.br\/index.php\/wp-json\/wp\/v2\/posts\/17622\/revisions"}],"wp:featuredmedia":[{"embeddable":true,"href":"https:\/\/noticiasribeiraopreto.com.br\/index.php\/wp-json\/wp\/v2\/media\/17623"}],"wp:attachment":[{"href":"https:\/\/noticiasribeiraopreto.com.br\/index.php\/wp-json\/wp\/v2\/media?parent=17622"}],"wp:term":[{"taxonomy":"category","embeddable":true,"href":"https:\/\/noticiasribeiraopreto.com.br\/index.php\/wp-json\/wp\/v2\/categories?post=17622"},{"taxonomy":"post_tag","embeddable":true,"href":"https:\/\/noticiasribeiraopreto.com.br\/index.php\/wp-json\/wp\/v2\/tags?post=17622"}],"curies":[{"name":"wp","href":"https:\/\/api.w.org\/{rel}","templated":true}]}}