{"id":17770,"date":"2023-12-19T03:59:36","date_gmt":"2023-12-19T06:59:36","guid":{"rendered":"https:\/\/noticiasribeiraopreto.com.br\/index.php\/2023\/12\/19\/piso-salarial-da-enfermagem-do-setor-privado-stf-permite-salario-menor-2\/"},"modified":"2023-12-19T03:59:36","modified_gmt":"2023-12-19T06:59:36","slug":"piso-salarial-da-enfermagem-do-setor-privado-stf-permite-salario-menor-2","status":"publish","type":"post","link":"https:\/\/noticiasribeiraopreto.com.br\/index.php\/2023\/12\/19\/piso-salarial-da-enfermagem-do-setor-privado-stf-permite-salario-menor-2\/","title":{"rendered":"Piso salarial da enfermagem do setor privado: STF permite sal\u00e1rio menor"},"content":{"rendered":"<div class='code-block code-block-1' style='margin: 8px 0 8px auto; text-align: right; display: block; clear: both;'>\n<p><a href=\"https:\/\/wa.link\/vpicfd\"><img data-recalc-dims=\"1\" class=\"wp-image-4922\" style=\"aspect-ratio: 2.0253164556962027; width: 561px; height: auto;\" src=\"https:\/\/i0.wp.com\/ismaelcolosi.com.br\/wp-content\/uploads\/2023\/11\/grupo-de-empregos-whatsapp-e-facebook-ismael-colosi-vagas.jpg?ssl=1\" alt=\"\" \/><\/a><\/p>\n<!-- \/wp:image -->\n<\/div>\n<p> <br \/>\n<\/p>\n<div>\n<p>Na noite desta segunda-feira (18), estava previsto o fim do julgamento de recursos apresentados por diversas entidades sobre a validade do pagamento do <strong>piso salarial da enfermagem<\/strong> nacional aos profissionais do setor privado. A an\u00e1lise ocorreria pelo Supremo Tribunal Federal (STF) na modalidade virtual e tinha como prazo de encerramento as 23h59.<\/p>\n<p>O impasse central na vota\u00e7\u00e3o envolve o pagamento do piso salarial aos profissionais celetistas que atuam em hospitais privados. Decis\u00e3o anterior, <a href=\"https:\/\/www.google.com\/url?client=internal-element-cse&amp;cx=004570013240838393249:1bj9kwj9kqu&amp;q=https:\/\/jcconcursos.com.br\/noticia\/brasil\/liberado-piso-salarial-da-enfermagem-ja-pode-ser-pago-verba-e-de-r-73-bilhoes-111193&amp;sa=U&amp;usg=AOvVaw2ughZGdpV857s7hAQDn1Js&amp;ved=2ahUKEwi8gbio7ZqDAxU3IbkGHUmZByg4ChAWegQIBhAC\" rel=\"noopener\" target=\"_blank\">proferida pela maioria dos ministros em maio deste ano<\/a>, liberou o pagamento dos valores estabelecidos pela <a href=\"https:\/\/www.planalto.gov.br\/ccivil_03\/_ato2019-2022\/2022\/lei\/l14434.htm\" rel=\"noopener\" target=\"_blank\">Lei 14.434\/2022<\/a>\u00a0para os profissionais que s\u00e3o servidores p\u00fablicos da Uni\u00e3o, autarquias e funda\u00e7\u00f5es p\u00fablicas federais.<\/p>\n<h2>Sal\u00e1rio regionalizado e inferior para celetistas<\/h2>\n<p>Por\u00e9m, para os que trabalham no setor privado o entendimento \u00e9 diferente. At\u00e9 o momento, a vota\u00e7\u00e3o est\u00e1 em 6 votos a 3, com a preval\u00eancia do voto do ministro Dias Toffoli. Segundo sua posi\u00e7\u00e3o, a implementa\u00e7\u00e3o do piso para enfermeiros celetistas deve ser regionalizada por meio de negocia\u00e7\u00e3o coletiva, dando prioridade ao negociado sobre o legislado. A quest\u00e3o pode ser resolvida por meio de diss\u00eddio coletivo.<\/p>\n<p>Portanto, o <a href=\"https:\/\/portal.stf.jus.br\/\" rel=\"noopener\" target=\"_blank\">STF<\/a> est\u00e1 inclinado a permitir que sejam definidos pisos salariais distintos por regi\u00e3o e tamb\u00e9m em valor inferior ao fixado na legisla\u00e7\u00e3o federal com base em negocia\u00e7\u00e3o coletiva da categoria em cada estado. O objetivo seria evitar demiss\u00f5es em massa ou comprometimento dos servi\u00e7os de sa\u00fade, uma vez que as empresas alegam n\u00e3o ter recurso suficiente para arcar com o piso nacional.<\/p>\n<p>Al\u00e9m disso, conforme o voto de Toffoli, a remunera\u00e7\u00e3o dos enfermeiros poder\u00e1 ser reduzida para aqueles que trabalham carga hor\u00e1ria inferior a oito horas por dia ou 44 horas semanais.<\/p>\n<p><a href=\"https:\/\/jcconcursos.com.br\/noticia\/brasil\/emprego-com-carteira-assinada-confira-11-direitos-trabalhistas-menos-conhecidos-120092\" rel=\"noopener\" target=\"_blank\">+Emprego com carteira assinada: confira 11 direitos trabalhistas menos conhecidos<\/a><\/p>\n<h2>Valor nacional do piso salarial da enfermagem<\/h2>\n<p>O novo piso salarial estabelecido pela Lei n\u00ba 14.434, \u00e9 de:<\/p>\n<ul>\n<li>R$ 4.750 para enfermeiros;<\/li>\n<li>R$ 3.325 (70%, no m\u00ednimo, do valor acima) para t\u00e9cnicos de enfermagem; e<\/li>\n<li>R$ 2.375 (50% do valor destinado aos enfermeiros) para auxiliares de enfermagem e parteiras.<\/li>\n<\/ul>\n<p>A lei determina que o piso se aplica tanto aos trabalhadores do setor p\u00fablico quanto do privado, sob o regime da <a href=\"https:\/\/www.planalto.gov.br\/ccivil_03\/decreto-lei\/del5452.htm\" rel=\"noopener\" target=\"_blank\">Consolida\u00e7\u00e3o das Leis do Trabalho (CLT)<\/a>, mas o STF se inclina a flexibilizar esses valores.<\/p>\n<h2>Minist\u00e9rio da Sa\u00fade repassou recursos em agosto<\/h2>\n<p>Em agosto deste ano, o Minist\u00e9rio da Sa\u00fade repassou os recursos necess\u00e1rios para estados e munic\u00edpios pagarem o piso nacional da enfermagem aos servidores de forma retroativa desde maio, quando o STF liberou o pagamento. Mais de 97% das prefeituras foram contempladas, e o governo federal alocou R$ 7,3 bilh\u00f5es em cr\u00e9dito especial para os repasses em 2023.<\/p>\n<p><a href=\"https:\/\/jcconcursos.com.br\/noticia\/brasil\/opcoes-de-investimentos-seguros-para-transformar-o-13-salario-em-reserva-de-emergencia-120096\" rel=\"noopener\" target=\"_blank\">+Op\u00e7\u00f5es de investimentos seguros para transformar o 13\u00b0 sal\u00e1rio em reserva de emerg\u00eancia<\/a><\/p>\n<h2>Entenda o impasse<\/h2>\n<p>O impasse sobre o pagamento do <strong>piso salarial da enfermagem<\/strong> teve in\u00edcio em setembro de 2022, quando o <a href=\"https:\/\/www.google.com\/url?client=internal-element-cse&amp;cx=004570013240838393249:1bj9kwj9kqu&amp;q=https:\/\/jcconcursos.com.br\/noticia\/brasil\/stf-conclui-julgamento-e-mantem-suspensao-do-piso-salarial-da-enfermagem-100950&amp;sa=U&amp;usg=AOvVaw2JC0PxxKH-PwM6VWIr6_pb&amp;ved=2ahUKEwjmx5Tb7ZqDAxVKGrkGHaZhASY4HhAWegQICRAC\" rel=\"noopener\" target=\"_blank\">STF suspendeu o pagamento devido \u00e0 falta de previs\u00e3o de recursos<\/a>. Em maio de 2023, o ministro Lu\u00eds Roberto Barroso liberou o pagamento no setor p\u00fablico ap\u00f3s o presidente Lula destinar um cr\u00e9dito especial de R$ 7,3 bilh\u00f5es.<\/p>\n<p>At\u00e9 ent\u00e3o, o novo piso nacional, seguia suspenso por decis\u00e3o do pr\u00f3prio Barroso, at\u00e9 que os entes p\u00fablicos e privados da \u00e1rea da sa\u00fade esclarecessem o impacto financeiro. Segundo os estados, o impacto nas contas locais seria de R$ 10,5 bilh\u00f5es e n\u00e3o haveria recursos para suplementar o pagamento.<\/p>\n<p>Na nova decis\u00e3o, de maio deste ano, Barroso determinou que estados, Distrito Federal e munic\u00edpios, bem como entidades privadas que atendam, no m\u00ednimo, 60% de seus pacientes pelo Sistema \u00danico de Sa\u00fade (SUS), paguem obrigatoriamente o piso nacional. Por\u00e9m, essa obriga\u00e7\u00e3o s\u00f3 existe no limite dos recursos recebidos por meio da assist\u00eancia financeira prestada pela Uni\u00e3o para essa finalidade.<\/p>\n<p>+++Acompanhe as principais not\u00edcias sobre Concursos P\u00fablicos, <a href=\"https:\/\/jcconcursos.com.br\/noticia\/empregos\" rel=\"noopener\" target=\"_blank\">Empregos<\/a> e Sociedade no JC Concursos.<\/p>\n<p><a id=\"gnews_btn\" href=\"https:\/\/news.google.com\/publications\/CAAqBwgKMOixlQswuZWrAw\" target=\"_blank\" class=\"border_jc_blue link_hover_bg_jc_blue font_85 d-block d-md-inline-block px-2 py-1 mr-0 mr-md-2 mb-3 w-100 text-center\" rel=\"noopener\"><span class=\"text_jc_blue\">Siga o <strong>JC Concursos no Google News<\/strong><\/span><\/a><a href=\"https:\/\/jcconcursos.com.br\/noticia\/brasil\/\" class=\"badge badge-light\">Sociedade<\/a><a href=\"https:\/\/jcconcursos.com.br\/noticia\/brasil\/\" class=\"badge badge-light\">Brasil<\/a><\/p>\n<\/div>\n<p><br \/>\n<br \/><a href=\"https:\/\/ismaelcolosi.com.br\/piso-salarial-da-enfermagem-do-setor-privado-stf-permite-salario-menor\/\">Source link <\/a><\/p>\n<!-- CONTENT END 1 -->\n","protected":false},"excerpt":{"rendered":"<p>Na noite desta segunda-feira (18), estava previsto o fim do julgamento de recursos apresentados por diversas entidades sobre a validade do pagamento do piso salarial&#8230;<\/p>\n","protected":false},"author":1,"featured_media":17771,"comment_status":"open","ping_status":"open","sticky":false,"template":"","format":"standard","meta":{"advanced_seo_description":"","jetpack_seo_html_title":"","jetpack_seo_noindex":false,"jetpack_post_was_ever_published":false,"_jetpack_newsletter_access":"","_jetpack_dont_email_post_to_subs":false,"_jetpack_newsletter_tier_id":0,"_jetpack_memberships_contains_paywalled_content":false,"_jetpack_memberships_contains_paid_content":false,"footnotes":"","jetpack_publicize_message":"","jetpack_publicize_feature_enabled":true,"jetpack_social_post_already_shared":true,"jetpack_social_options":{"image_generator_settings":{"template":"highway","default_image_id":0,"font":"","enabled":false},"version":2}},"categories":[7],"tags":[],"class_list":["post-17770","post","type-post","status-publish","format-standard","has-post-thumbnail","hentry","category-vagas-de-empregos-em-ribeirao-preto-regiao-brasil"],"jetpack_publicize_connections":[],"jetpack_featured_media_url":"https:\/\/i0.wp.com\/noticiasribeiraopreto.com.br\/wp-content\/uploads\/2023\/12\/enfermeira-observando-assustada-freepik_1.jpg?fit=1920%2C1080&ssl=1","jetpack-related-posts":[{"id":12329,"url":"https:\/\/noticiasribeiraopreto.com.br\/index.php\/2023\/12\/07\/piso-salarial-para-professores-de-educacao-infantil-aprovado-reajuste-de-377-2\/","url_meta":{"origin":17770,"position":0},"title":"Piso salarial para professores de educa\u00e7\u00e3o infantil: aprovado reajuste de 37,7%","author":"noticiasribeiraopreto.com.br","date":"7 de December de 2023","format":false,"excerpt":"A Comiss\u00e3o de Educa\u00e7\u00e3o da C\u00e2mara dos Deputados aprovou nesta quinta-feira (7) o Projeto de Lei 2387\/23, que inclui os professores de educa\u00e7\u00e3o infantil na carreira do magist\u00e9rio p\u00fablico da educa\u00e7\u00e3o b\u00e1sica.\u00a0 Com isso, esses profissionais passar\u00e3o a ter direito ao piso salarial estabelecido na Lei 11.738\/08, de R$ 3.845,63.\u2026","rel":"","context":"In &quot;Vagas de Emprego em Ribeir\u00e3o Preto-SP&quot;","block_context":{"text":"Vagas de Emprego em Ribeir\u00e3o Preto-SP","link":"https:\/\/noticiasribeiraopreto.com.br\/index.php\/category\/empregos-classificados-vagas-trabalho\/vagas-de-empregos-em-ribeirao-preto-regiao-brasil\/"},"img":{"alt_text":"","src":"https:\/\/i0.wp.com\/noticiasribeiraopreto.com.br\/wp-content\/uploads\/2023\/12\/professora-educacao-infantil-freepik.jpg?fit=1200%2C675&ssl=1&resize=350%2C200","width":350,"height":200,"srcset":"https:\/\/i0.wp.com\/noticiasribeiraopreto.com.br\/wp-content\/uploads\/2023\/12\/professora-educacao-infantil-freepik.jpg?fit=1200%2C675&ssl=1&resize=350%2C200 1x, https:\/\/i0.wp.com\/noticiasribeiraopreto.com.br\/wp-content\/uploads\/2023\/12\/professora-educacao-infantil-freepik.jpg?fit=1200%2C675&ssl=1&resize=525%2C300 1.5x, https:\/\/i0.wp.com\/noticiasribeiraopreto.com.br\/wp-content\/uploads\/2023\/12\/professora-educacao-infantil-freepik.jpg?fit=1200%2C675&ssl=1&resize=700%2C400 2x, https:\/\/i0.wp.com\/noticiasribeiraopreto.com.br\/wp-content\/uploads\/2023\/12\/professora-educacao-infantil-freepik.jpg?fit=1200%2C675&ssl=1&resize=1050%2C600 3x"},"classes":[]},{"id":65332,"url":"https:\/\/noticiasribeiraopreto.com.br\/index.php\/2025\/03\/19\/projeto-na-camara-de-franca-e-aprovado-para-definir-piso-do-professor-em-r-4-86777\/","url_meta":{"origin":17770,"position":1},"title":"Projeto na C\u00e2mara de Franca \u00e9 aprovado para definir piso do professor em R$ 4.867,77","author":"noticiasribeiraopreto.com.br","date":"19 de March de 2025","format":false,"excerpt":"A C\u00e2mara de Franca aprovou o Projeto de Lei n\u00ba 23\/2025, que fixa o piso salarial dos profissionais do magist\u00e9rio da Educa\u00e7\u00e3o B\u00e1sica P\u00fablica Municipal para o ano de 2025. O texto garante que o munic\u00edpio adotar\u00e1 o piso nacional estabelecido pela Portaria MEC n\u00ba 77, de 29 de janeiro\u2026","rel":"","context":"In &quot;Not\u00edcias de Franca-SP&quot;","block_context":{"text":"Not\u00edcias de Franca-SP","link":"https:\/\/noticiasribeiraopreto.com.br\/index.php\/category\/noticias-de-ribeirao-preto-sp-e-regiao-ismael-colosi\/noticias-franca-sp\/"},"img":{"alt_text":"","src":"https:\/\/i0.wp.com\/noticiasribeiraopreto.com.br\/wp-content\/uploads\/2025\/03\/professores-4-x-10.jpg?fit=500%2C292&ssl=1&resize=350%2C200","width":350,"height":200},"classes":[]},{"id":18351,"url":"https:\/\/noticiasribeiraopreto.com.br\/index.php\/2023\/12\/20\/governo-federal-nao-vai-dar-reajuste-salarial-para-servidores-em-2024\/","url_meta":{"origin":17770,"position":2},"title":"Governo Federal n\u00e3o vai dar reajuste salarial para servidores em 2024","author":"noticiasribeiraopreto.com.br","date":"20 de December de 2023","format":false,"excerpt":"O governo federal anunciou, na \u00faltima segunda-feira (18), durante a \u00faltima reuni\u00e3o do ano da Mesa Nacional de Negocia\u00e7\u00e3o Permanente, do Minist\u00e9rio da Gest\u00e3o e da Inova\u00e7\u00e3o em Servi\u00e7os P\u00fablicos (MGI), que n\u00e3o apresentar\u00e1 proposta de reajuste salarial para os servidores do Executivo em 2024. Logo, os sal\u00e1rios ficar\u00e3o congelados,\u2026","rel":"","context":"In &quot;Vagas de Emprego em Ribeir\u00e3o Preto-SP&quot;","block_context":{"text":"Vagas de Emprego em Ribeir\u00e3o Preto-SP","link":"https:\/\/noticiasribeiraopreto.com.br\/index.php\/category\/empregos-classificados-vagas-trabalho\/vagas-de-empregos-em-ribeirao-preto-regiao-brasil\/"},"img":{"alt_text":"","src":"https:\/\/i0.wp.com\/noticiasribeiraopreto.com.br\/wp-content\/uploads\/2023\/12\/lula-dando-joia-ricardo-stuckert-pr.jpg?fit=1200%2C675&ssl=1&resize=350%2C200","width":350,"height":200,"srcset":"https:\/\/i0.wp.com\/noticiasribeiraopreto.com.br\/wp-content\/uploads\/2023\/12\/lula-dando-joia-ricardo-stuckert-pr.jpg?fit=1200%2C675&ssl=1&resize=350%2C200 1x, https:\/\/i0.wp.com\/noticiasribeiraopreto.com.br\/wp-content\/uploads\/2023\/12\/lula-dando-joia-ricardo-stuckert-pr.jpg?fit=1200%2C675&ssl=1&resize=525%2C300 1.5x, https:\/\/i0.wp.com\/noticiasribeiraopreto.com.br\/wp-content\/uploads\/2023\/12\/lula-dando-joia-ricardo-stuckert-pr.jpg?fit=1200%2C675&ssl=1&resize=700%2C400 2x, https:\/\/i0.wp.com\/noticiasribeiraopreto.com.br\/wp-content\/uploads\/2023\/12\/lula-dando-joia-ricardo-stuckert-pr.jpg?fit=1200%2C675&ssl=1&resize=1050%2C600 3x"},"classes":[]},{"id":65430,"url":"https:\/\/noticiasribeiraopreto.com.br\/index.php\/2025\/03\/20\/jornal-da-franca-camara-de-franca-aprova-nesta-tprojeto-que-estipula-o-piso-do-magisterio\/","url_meta":{"origin":17770,"position":3},"title":"Jornal da Franca &#8211; C\u00e2mara de Franca aprova nesta tprojeto que estipula o piso do magist\u00e9rio","author":"noticiasribeiraopreto.com.br","date":"20 de March de 2025","format":false,"excerpt":"compartilhar no whatsapp compartilhar no telegram compartilhar no facebook compartilhar no linkedin Projeto fixa piso salarial dos profissionais do magist\u00e9rio em R$ 4.867,77 A C\u00e2mara de Franca aprovou nesta ter\u00e7a-feira o Projeto de Lei n\u00ba 23\/2025, que fixa o piso salarial dos profissionais do magist\u00e9rio da Educa\u00e7\u00e3o B\u00e1sica P\u00fablica Municipal\u2026","rel":"","context":"In &quot;Not\u00edcias de Franca-SP&quot;","block_context":{"text":"Not\u00edcias de Franca-SP","link":"https:\/\/noticiasribeiraopreto.com.br\/index.php\/category\/noticias-de-ribeirao-preto-sp-e-regiao-ismael-colosi\/noticias-franca-sp\/"},"img":{"alt_text":"","src":"https:\/\/i0.wp.com\/noticiasribeiraopreto.com.br\/wp-content\/uploads\/2025\/03\/professora-feliz.jpg?fit=1000%2C667&ssl=1&resize=350%2C200","width":350,"height":200,"srcset":"https:\/\/i0.wp.com\/noticiasribeiraopreto.com.br\/wp-content\/uploads\/2025\/03\/professora-feliz.jpg?fit=1000%2C667&ssl=1&resize=350%2C200 1x, https:\/\/i0.wp.com\/noticiasribeiraopreto.com.br\/wp-content\/uploads\/2025\/03\/professora-feliz.jpg?fit=1000%2C667&ssl=1&resize=525%2C300 1.5x, https:\/\/i0.wp.com\/noticiasribeiraopreto.com.br\/wp-content\/uploads\/2025\/03\/professora-feliz.jpg?fit=1000%2C667&ssl=1&resize=700%2C400 2x"},"classes":[]},{"id":34213,"url":"https:\/\/noticiasribeiraopreto.com.br\/index.php\/2024\/02\/01\/piso-salarial-dos-professores-de-educacao-basica-passa-de-r-4-420-para-r-4-580\/","url_meta":{"origin":17770,"position":4},"title":"Piso salarial dos professores de educa\u00e7\u00e3o b\u00e1sica passa de R$ 4 420 para R$ 4.580","author":"noticiasribeiraopreto.com.br","date":"1 de February de 2024","format":false,"excerpt":"1 de fevereiro de 2024 | 10:151 de fevereiro de 2024 | 9:56 0O Minist\u00e9rio da Educa\u00e7\u00e3o (MEC) divulga no Di\u00e1rio Oficial da Uni\u00e3o (DOU)\u00a0o valor do piso salarial profissional nacional do magist\u00e9rio p\u00fablico da educa\u00e7\u00e3o b\u00e1sica a ser pago no exerc\u00edcio de 2024, que ser\u00e1 de R$ 4.580,57. O\u2026","rel":"","context":"In &quot;Not\u00edcias de Ribeir\u00e3o Preto-SP e Regi\u00e3o&quot;","block_context":{"text":"Not\u00edcias de Ribeir\u00e3o Preto-SP e Regi\u00e3o","link":"https:\/\/noticiasribeiraopreto.com.br\/index.php\/category\/noticias-de-ribeirao-preto-sp-e-regiao-ismael-colosi\/"},"img":{"alt_text":"","src":"https:\/\/i0.wp.com\/noticiasribeiraopreto.com.br\/wp-content\/uploads\/2024\/02\/unnamed.jpg?fit=512%2C341&ssl=1&resize=350%2C200","width":350,"height":200},"classes":[]},{"id":72147,"url":"https:\/\/noticiasribeiraopreto.com.br\/index.php\/2025\/06\/13\/jornal-da-franca-pis-2025-38-milhoes-vao-receber-abono-salarial-no-dia-16-veja-quem-tem-direito\/","url_meta":{"origin":17770,"position":5},"title":"Jornal da Franca &#8211; PIS 2025: 3,8 milh\u00f5es v\u00e3o receber abono salarial no dia 16; veja quem tem direito","author":"noticiasribeiraopreto.com.br","date":"13 de June de 2025","format":false,"excerpt":"compartilhar no whatsapp compartilhar no telegram compartilhar no facebook compartilhar no linkedin Recebem o abono na Caixa os trabalhadores vinculados a empresas privadas. Quem trabalha no setor p\u00fablico recebe no Banco do Brasil. Na pr\u00f3xima segunda-feira, 16, a Caixa Econ\u00f4mica Federal faz o pagamento do Pis, ou Abono Salarial, calend\u00e1rio\u2026","rel":"","context":"In &quot;Not\u00edcias de Franca-SP&quot;","block_context":{"text":"Not\u00edcias de Franca-SP","link":"https:\/\/noticiasribeiraopreto.com.br\/index.php\/category\/noticias-de-ribeirao-preto-sp-e-regiao-ismael-colosi\/noticias-franca-sp\/"},"img":{"alt_text":"","src":"https:\/\/i0.wp.com\/noticiasribeiraopreto.com.br\/wp-content\/uploads\/2025\/06\/2hcvebrwmv7shv8pu553wkije.jpg?fit=1200%2C675&ssl=1&resize=350%2C200","width":350,"height":200,"srcset":"https:\/\/i0.wp.com\/noticiasribeiraopreto.com.br\/wp-content\/uploads\/2025\/06\/2hcvebrwmv7shv8pu553wkije.jpg?fit=1200%2C675&ssl=1&resize=350%2C200 1x, https:\/\/i0.wp.com\/noticiasribeiraopreto.com.br\/wp-content\/uploads\/2025\/06\/2hcvebrwmv7shv8pu553wkije.jpg?fit=1200%2C675&ssl=1&resize=525%2C300 1.5x, https:\/\/i0.wp.com\/noticiasribeiraopreto.com.br\/wp-content\/uploads\/2025\/06\/2hcvebrwmv7shv8pu553wkije.jpg?fit=1200%2C675&ssl=1&resize=700%2C400 2x, https:\/\/i0.wp.com\/noticiasribeiraopreto.com.br\/wp-content\/uploads\/2025\/06\/2hcvebrwmv7shv8pu553wkije.jpg?fit=1200%2C675&ssl=1&resize=1050%2C600 3x"},"classes":[]}],"jetpack_sharing_enabled":true,"jetpack_shortlink":"https:\/\/wp.me\/peQAOb-4CC","_links":{"self":[{"href":"https:\/\/noticiasribeiraopreto.com.br\/index.php\/wp-json\/wp\/v2\/posts\/17770","targetHints":{"allow":["GET"]}}],"collection":[{"href":"https:\/\/noticiasribeiraopreto.com.br\/index.php\/wp-json\/wp\/v2\/posts"}],"about":[{"href":"https:\/\/noticiasribeiraopreto.com.br\/index.php\/wp-json\/wp\/v2\/types\/post"}],"author":[{"embeddable":true,"href":"https:\/\/noticiasribeiraopreto.com.br\/index.php\/wp-json\/wp\/v2\/users\/1"}],"replies":[{"embeddable":true,"href":"https:\/\/noticiasribeiraopreto.com.br\/index.php\/wp-json\/wp\/v2\/comments?post=17770"}],"version-history":[{"count":0,"href":"https:\/\/noticiasribeiraopreto.com.br\/index.php\/wp-json\/wp\/v2\/posts\/17770\/revisions"}],"wp:featuredmedia":[{"embeddable":true,"href":"https:\/\/noticiasribeiraopreto.com.br\/index.php\/wp-json\/wp\/v2\/media\/17771"}],"wp:attachment":[{"href":"https:\/\/noticiasribeiraopreto.com.br\/index.php\/wp-json\/wp\/v2\/media?parent=17770"}],"wp:term":[{"taxonomy":"category","embeddable":true,"href":"https:\/\/noticiasribeiraopreto.com.br\/index.php\/wp-json\/wp\/v2\/categories?post=17770"},{"taxonomy":"post_tag","embeddable":true,"href":"https:\/\/noticiasribeiraopreto.com.br\/index.php\/wp-json\/wp\/v2\/tags?post=17770"}],"curies":[{"name":"wp","href":"https:\/\/api.w.org\/{rel}","templated":true}]}}