{"id":17776,"date":"2023-12-19T04:57:09","date_gmt":"2023-12-19T07:57:09","guid":{"rendered":"https:\/\/noticiasribeiraopreto.com.br\/index.php\/2023\/12\/19\/conselho-de-servico-social-abre-concurso-para-niveis-medio-e-superior\/"},"modified":"2023-12-19T04:57:09","modified_gmt":"2023-12-19T07:57:09","slug":"conselho-de-servico-social-abre-concurso-para-niveis-medio-e-superior","status":"publish","type":"post","link":"https:\/\/noticiasribeiraopreto.com.br\/index.php\/2023\/12\/19\/conselho-de-servico-social-abre-concurso-para-niveis-medio-e-superior\/","title":{"rendered":"Conselho de SERVI\u00c7O SOCIAL abre concurso para n\u00edveis m\u00e9dio e superior"},"content":{"rendered":"<div class='code-block code-block-1' style='margin: 8px 0 8px auto; text-align: right; display: block; clear: both;'>\n<p><a href=\"https:\/\/wa.link\/vpicfd\"><img data-recalc-dims=\"1\" class=\"wp-image-4922\" style=\"aspect-ratio: 2.0253164556962027; width: 561px; height: auto;\" src=\"https:\/\/i0.wp.com\/ismaelcolosi.com.br\/wp-content\/uploads\/2023\/11\/grupo-de-empregos-whatsapp-e-facebook-ismael-colosi-vagas.jpg?ssl=1\" alt=\"\" \/><\/a><\/p>\n<!-- \/wp:image -->\n<\/div>\n<p> <br \/>\n<\/p>\n<div>\n<h2><strong>Edital do Conselho de Servi\u00e7o Social ir\u00e1 contratar assistentes sociais e administrativos. <\/strong><\/h2>\n<p>Candidatos com n\u00edvel <a href=\"https:\/\/noticiasconcursos.com.br\/concursos-publicos\/concursos-por-nivel\/concursos-nivel-medio\/\"><strong>m\u00e9dio\/t\u00e9cnico<\/strong><\/a> ou <a href=\"https:\/\/noticiasconcursos.com.br\/concursos-publicos\/concursos-por-nivel\/concurso-nivel-superior\/\"><strong>superior<\/strong><\/a> podem se candidatar a uma das vagas abertas para o novo <a href=\"https:\/\/noticiasconcursos.com.br\/concursos-publicos\/concursos-abertos\/\"><strong>concurso p\u00fablico<\/strong><\/a> do Conselho de Servi\u00e7o Social.<\/p>\n<p>A banca respons\u00e1vel pela organiza\u00e7\u00e3o do concurso \u00e9 o <strong>Instituto Quadrix<\/strong>.<\/p>\n<p>Confira mais informa\u00e7\u00f5es.<\/p>\n<h2><strong>Quais s\u00e3o as vagas?<\/strong><\/h2>\n<p>As oportunidades s\u00e3o destinadas para o Conselho Regional de Servi\u00e7o Social de Minas Gerais da 6\u00aa Regi\u00e3o (CRESS \u2013 MG). Ao todo, s\u00e3o oferecidas <strong>15 vagas<\/strong> para contrata\u00e7\u00e3o imediata.<\/p>\n<p>Desse total, 12 vagas s\u00e3o cargos de n\u00edvel m\u00e9dio ou t\u00e9cnico e tr\u00eas para carreiras de n\u00edvel superior.<\/p>\n<p>Confira a disponibilidade de vagas por cargo a seguir:<\/p>\n<p><strong>N\u00edvel m\u00e9dio\/t\u00e9cnico<\/strong><\/p>\n<div class=\"bs-irp left bs-irp-thumbnail-1\">\n<p>&#13;<br \/><span class=\"h-text heading-typo\">Voc\u00ea tamb\u00e9m pode gostar:<\/span>&#13; <\/p>\n<\/p><\/div>\n<ul>\n<li>Assistente Administrativo \u2013 12 vagas.<\/li>\n<\/ul>\n<p><strong>N\u00edvel superior completo<\/strong><\/p>\n<ul>\n<li>Assistente Social \u2013 3 vagas.<\/li>\n<\/ul>\n<p>Os sal\u00e1rios oferecidos pelo CRESS \u2013 MG variam entre <strong>R$ 2.112,00 <\/strong>a<strong> R$ 5.492,00 <\/strong>dependendo do cargo.<\/p>\n<p>As vagas de <strong>n\u00edvel m\u00e9dio\/t\u00e9cnico <\/strong>oferecem sal\u00e1rio de <strong>R$ 2.112,00 <\/strong>para uma jornada de trabalho de 30 horas semanais.<\/p>\n<p>J\u00e1 para o cargo de <strong>n\u00edvel superior<\/strong>, o sal\u00e1rio \u00e9 de <strong>R$ 5.492,00 <\/strong>para uma jornada de trabalho de 30 horas semanais.<\/p>\n<figure id=\"attachment_780701\" aria-describedby=\"caption-attachment-780701\" style=\"width: 2560px\" class=\"wp-caption alignnone\"><img data-recalc-dims=\"1\" fetchpriority=\"high\" decoding=\"async\" class=\"wp-image-780701 size-full\" http=\"\" alt=\"Conselho de SERVI\u00c7O SOCIAL abre concurso para n\u00edveis m\u00e9dio e superior\" width=\"2560\" height=\"1437\" srcset=\"https:\/\/noticiasconcursos.com.br\/wp-content\/uploads\/2023\/12\/noticiasconcursos.com.br-conselho-de-servico-social-abre-concurso-para-niveis-medio-e-superior-assistente-social-hospital-mao-de-deus.jpg 2560w, https:\/\/noticiasconcursos.com.br\/wp-content\/uploads\/2023\/12\/noticiasconcursos.com.br-conselho-de-servico-social-abre-concurso-para-niveis-medio-e-superior-assistente-social-hospital-mao-de-deus-300x168.jpg 300w, https:\/\/noticiasconcursos.com.br\/wp-content\/uploads\/2023\/12\/noticiasconcursos.com.br-conselho-de-servico-social-abre-concurso-para-niveis-medio-e-superior-assistente-social-hospital-mao-de-deus-1200x674.jpg 1200w, https:\/\/noticiasconcursos.com.br\/wp-content\/uploads\/2023\/12\/noticiasconcursos.com.br-conselho-de-servico-social-abre-concurso-para-niveis-medio-e-superior-assistente-social-hospital-mao-de-deus-768x431.jpg 768w, https:\/\/noticiasconcursos.com.br\/wp-content\/uploads\/2023\/12\/noticiasconcursos.com.br-conselho-de-servico-social-abre-concurso-para-niveis-medio-e-superior-assistente-social-hospital-mao-de-deus-1536x862.jpg 1536w, https:\/\/noticiasconcursos.com.br\/wp-content\/uploads\/2023\/12\/noticiasconcursos.com.br-conselho-de-servico-social-abre-concurso-para-niveis-medio-e-superior-assistente-social-hospital-mao-de-deus-2048x1150.jpg 2048w\" data-lazy-sizes=\"(max-width: 2560px) 100vw, 2560px\" src=\"https:\/\/i0.wp.com\/noticiasconcursos.com.br\/wp-content\/uploads\/2023\/12\/noticiasconcursos.com.br-conselho-de-servico-social-abre-concurso-para-niveis-medio-e-superior-assistente-social-hospital-mao-de-deus.jpg?resize=2560%2C1437&#038;ssl=1\"\/><noscript><img data-recalc-dims=\"1\" fetchpriority=\"high\" decoding=\"async\" class=\"wp-image-780701 size-full\" src=\"https:\/\/i0.wp.com\/noticiasconcursos.com.br\/wp-content\/uploads\/2023\/12\/noticiasconcursos.com.br-conselho-de-servico-social-abre-concurso-para-niveis-medio-e-superior-assistente-social-hospital-mao-de-deus.jpg?resize=2560%2C1437&#038;ssl=1\" alt=\"Conselho de SERVI\u00c7O SOCIAL abre concurso para n\u00edveis m\u00e9dio e superior\" width=\"2560\" height=\"1437\" srcset=\"https:\/\/noticiasconcursos.com.br\/wp-content\/uploads\/2023\/12\/noticiasconcursos.com.br-conselho-de-servico-social-abre-concurso-para-niveis-medio-e-superior-assistente-social-hospital-mao-de-deus.jpg 2560w, https:\/\/noticiasconcursos.com.br\/wp-content\/uploads\/2023\/12\/noticiasconcursos.com.br-conselho-de-servico-social-abre-concurso-para-niveis-medio-e-superior-assistente-social-hospital-mao-de-deus-300x168.jpg 300w, https:\/\/noticiasconcursos.com.br\/wp-content\/uploads\/2023\/12\/noticiasconcursos.com.br-conselho-de-servico-social-abre-concurso-para-niveis-medio-e-superior-assistente-social-hospital-mao-de-deus-1200x674.jpg 1200w, https:\/\/noticiasconcursos.com.br\/wp-content\/uploads\/2023\/12\/noticiasconcursos.com.br-conselho-de-servico-social-abre-concurso-para-niveis-medio-e-superior-assistente-social-hospital-mao-de-deus-768x431.jpg 768w, https:\/\/noticiasconcursos.com.br\/wp-content\/uploads\/2023\/12\/noticiasconcursos.com.br-conselho-de-servico-social-abre-concurso-para-niveis-medio-e-superior-assistente-social-hospital-mao-de-deus-1536x862.jpg 1536w, https:\/\/noticiasconcursos.com.br\/wp-content\/uploads\/2023\/12\/noticiasconcursos.com.br-conselho-de-servico-social-abre-concurso-para-niveis-medio-e-superior-assistente-social-hospital-mao-de-deus-2048x1150.jpg 2048w\" sizes=\"(max-width: 2560px) 100vw, 2560px\"\/><\/noscript><figcaption id=\"caption-attachment-780701\" class=\"wp-caption-text\">Ao todo, s\u00e3o oferecidas 15 vagas para contrata\u00e7\u00e3o imediata. Imagem: Hospital M\u00e3o de Deus<\/figcaption><\/figure>\n<h2><strong>Quem pode se candidatar?<\/strong><\/h2>\n<p>Para concorrer a uma das vagas, o candidato deve comprovar os seguintes requisitos:<\/p>\n<ul>\n<li>Ter nacionalidade brasileira ou portuguesa com direitos e obriga\u00e7\u00f5es pol\u00edticas e civis reconhecidos no Pa\u00eds;<\/li>\n<li>Ter, no m\u00ednimo, 18 anos completos at\u00e9 a data da contrata\u00e7\u00e3o;<\/li>\n<li>Ter cumprido as obriga\u00e7\u00f5es e encargos militares previstos em lei, se do sexo masculino;<\/li>\n<li>Estar em dia com as obriga\u00e7\u00f5es eleitorais;<\/li>\n<li>Possuir os requisitos m\u00ednimos de ingresso exigidos para o desempenho da fun\u00e7\u00e3o;<\/li>\n<li>N\u00e3o receber Proventos de Aposentadoria decorrente do Artigo 40 ou dos Artigos 42 e 142, com proibi\u00e7\u00e3o prevista no \u00a710 do Artigo 37, da Constitui\u00e7\u00e3o Federal;<\/li>\n<li>N\u00e3o exercer Cargo, Emprego ou Fun\u00e7\u00e3o P\u00fablica remunerada em qualquer dos \u00d3rg\u00e3os da Administra\u00e7\u00e3o Direta, Indireta e Fundacional do Governo Federal, Estadual ou Municipal, Autarquias, Empresas P\u00fablicas, Sociedades de Economia Mista, suas subsidi\u00e1rias e sociedade controladas, direta ou indiretamente, pelo poder p\u00fablico, ou em qualquer um dos Poderes, sen\u00e3o naqueles casos previstos nas al\u00edneas \u201ca\u201d, \u201cb\u201d e \u201cc\u201d, do inciso XVI, do artigo 37 da Constitui\u00e7\u00e3o Federal;<\/li>\n<li>N\u00e3o ter sofrido no exerc\u00edcio de fun\u00e7\u00e3o p\u00fablica penalidade de demiss\u00e3o;<\/li>\n<li>N\u00e3o estar condenado por senten\u00e7a criminal transitada em julgado e n\u00e3o cumprida;<\/li>\n<li>N\u00e3o participar de ger\u00eancia ou administra\u00e7\u00e3o de empresa privada, de sociedade civil ou exercer o com\u00e9rcio, exceto na qualidade de acionista, cotista ou comandit\u00e1rio.<\/li>\n<\/ul>\n<h2><strong>Como se inscrever?<\/strong><\/h2>\n<p>Os interessados em participar do concurso do CRESS \u2013 MG t\u00eam at\u00e9 o dia <strong>22 de janeiro de 2024<\/strong> para realizar a inscri\u00e7\u00e3o no certame.<\/p>\n<p>O preenchimento da ficha de inscri\u00e7\u00e3o deve ser feito diretamente pelo site do <a href=\"https:\/\/www.quadrix.org.br\/todos-os-concursos\/inscricoes-abertas\/cressmg_2023.aspx\">Instituto Quadrix<\/a>.<\/p>\n<p>O valor da taxa de inscri\u00e7\u00e3o varia entre R$ 70,00 e R$ 100,00 dependendo do cargo pretendido pelo candidato.<\/p>\n<p>Os candidatos que est\u00e3o desempregados ou que est\u00e3o inscritos no Cadastro \u00danico para Programas Sociais do Governo Federal \u2013 Cad\u00danico podem solicitar a <strong>isen\u00e7\u00e3o da taxa <\/strong>de inscri\u00e7\u00e3o.<\/p>\n<p>Para isso, basta acessar o site do Quadrix at\u00e9 o dia 22 de janeiro de 2024 e preencher o requerimento de isen\u00e7\u00e3o.<\/p>\n<p>A entidade respons\u00e1vel pelo certame verificar\u00e1 perante o \u00f3rg\u00e3o gestor do Cad\u00danico a veracidade das informa\u00e7\u00f5es prestadas pelo candidato para fins de confirma\u00e7\u00e3o do pedido de isen\u00e7\u00e3o.<\/p>\n<p>Os dados constantes da ficha de inscri\u00e7\u00e3o s\u00e3o de inteira responsabilidade do candidato, inclusive quanto aos erros, omiss\u00f5es ou incorre\u00e7\u00f5es.<\/p>\n<p>Em caso de falsa declara\u00e7\u00e3o o candidato estar\u00e1 sujeito \u00e0s san\u00e7\u00f5es previstas em lei, aplicando-se, ainda, o disposto no par\u00e1grafo \u00fanico do artigo 1.\u00ba do Decreto Federal n.\u00b0 83.936, de 06 de setembro de 1979.<\/p>\n<h2><strong>Quais as etapas de sele\u00e7\u00e3o?<\/strong><\/h2>\n<p>O concurso p\u00fablico para o CRESS \u2013 MG contar\u00e1 com as seguintes etapas:<\/p>\n<ul>\n<li><strong>Prova objetiva<\/strong> de car\u00e1ter eliminat\u00f3rio e classificat\u00f3rio.<\/li>\n<li><strong>Prova de t\u00edtulos<\/strong> de car\u00e1ter classificat\u00f3rio.<\/li>\n<li><strong>Prova discursiva <\/strong>de car\u00e1ter eliminat\u00f3rio e classificat\u00f3rio.<\/li>\n<\/ul>\n<p>A aplica\u00e7\u00e3o da prova objetiva est\u00e1 prevista para o dia 3 de mar\u00e7o de 2024.<\/p>\n<p><a href=\"https:\/\/www.quadrix.org.br\/web\/visualizar.html?file=https:\/\/www.quadrix.org.br\/Archives\/General\/29869\/30064\/30068\/D0018C9F9570\/2_CRESS-MG_concurso_publico_2023_edital_1_abertura.pdf\"><strong>Clique aqui<\/strong><\/a> para ler o edital na \u00edntegra e conferir maiores informa\u00e7\u00f5es como o cronograma completo, o conte\u00fado program\u00e1tico das provas e as atribui\u00e7\u00f5es de cada cargo.<\/p>\n<p> <noscript><iframe loading=\"lazy\" title=\"Conhe\u00e7a os principais requisitos para ingresso no servi\u00e7o p\u00fablico!\" width=\"500\" height=\"281\" src=\"https:\/\/www.youtube.com\/embed\/SkAYwHIBoVk?feature=oembed\" frameborder=\"0\" allow=\"accelerometer; autoplay; clipboard-write; encrypted-media; gyroscope; picture-in-picture; web-share\" referrerpolicy=\"strict-origin-when-cross-origin\" allowfullscreen><\/iframe><\/noscript> <\/p>\n<\/div>\n<p><br \/>\n<br \/><a href=\"https:\/\/ismaelcolosi.com.br\/conselho-de-servico-social-abre-concurso-para-niveis-medio-e-superior\/\">Source link <\/a><\/p>\n<!-- CONTENT END 1 -->\n","protected":false},"excerpt":{"rendered":"<p>Edital do Conselho de Servi\u00e7o Social ir\u00e1 contratar assistentes sociais e administrativos. Candidatos com n\u00edvel m\u00e9dio\/t\u00e9cnico ou superior podem se candidatar a uma das vagas&#8230;<\/p>\n","protected":false},"author":1,"featured_media":17777,"comment_status":"open","ping_status":"open","sticky":false,"template":"","format":"standard","meta":{"advanced_seo_description":"","jetpack_seo_html_title":"","jetpack_seo_noindex":false,"jetpack_post_was_ever_published":false,"_jetpack_newsletter_access":"","_jetpack_dont_email_post_to_subs":false,"_jetpack_newsletter_tier_id":0,"_jetpack_memberships_contains_paywalled_content":false,"_jetpack_memberships_contains_paid_content":false,"footnotes":"","jetpack_publicize_message":"","jetpack_publicize_feature_enabled":true,"jetpack_social_post_already_shared":true,"jetpack_social_options":{"image_generator_settings":{"template":"highway","default_image_id":0,"font":"","enabled":false},"version":2}},"categories":[7],"tags":[],"class_list":["post-17776","post","type-post","status-publish","format-standard","has-post-thumbnail","hentry","category-vagas-de-empregos-em-ribeirao-preto-regiao-brasil"],"jetpack_publicize_connections":[],"jetpack_featured_media_url":"https:\/\/i0.wp.com\/noticiasribeiraopreto.com.br\/wp-content\/uploads\/2023\/12\/noticiasconcursos.com_.br-conselho-de-servico-social-abre-concurso-para-niveis-medio-e-superior-assistente-social-hospital-mao-de-deus.jpg?fit=2560%2C1437&ssl=1","jetpack-related-posts":[{"id":22136,"url":"https:\/\/noticiasribeiraopreto.com.br\/index.php\/2023\/12\/29\/concurso-crbio-3-rs-deve-ocorrer-em-breve-para-cargos-de-niveis-medio-e-superior\/","url_meta":{"origin":17776,"position":0},"title":"Concurso CRBio 3 RS deve ocorrer em breve para cargos de n\u00edveis m\u00e9dio e superior","author":"noticiasribeiraopreto.com.br","date":"29 de December de 2023","format":false,"excerpt":"Um novo concurso CRBio 3 RS (Conselho Regional de Biologia da 3 Regi\u00e3o), no Rio Grande do Sul, deve ser realizado em breve. O primeiro passo ocorreu nesta sexta-feira, 29 de dezembro, com a publica\u00e7\u00e3o, no di\u00e1rio oficial da Uni\u00e3o, do aviso de licita\u00e7\u00e3o para a escolha da banca organizadora,\u2026","rel":"","context":"In &quot;Vagas de Emprego em Ribeir\u00e3o Preto-SP&quot;","block_context":{"text":"Vagas de Emprego em Ribeir\u00e3o Preto-SP","link":"https:\/\/noticiasribeiraopreto.com.br\/index.php\/category\/empregos-classificados-vagas-trabalho\/vagas-de-empregos-em-ribeirao-preto-regiao-brasil\/"},"img":{"alt_text":"","src":"https:\/\/i0.wp.com\/noticiasribeiraopreto.com.br\/wp-content\/uploads\/2023\/12\/crbio3.jpg?fit=1012%2C618&ssl=1&resize=350%2C200","width":350,"height":200,"srcset":"https:\/\/i0.wp.com\/noticiasribeiraopreto.com.br\/wp-content\/uploads\/2023\/12\/crbio3.jpg?fit=1012%2C618&ssl=1&resize=350%2C200 1x, https:\/\/i0.wp.com\/noticiasribeiraopreto.com.br\/wp-content\/uploads\/2023\/12\/crbio3.jpg?fit=1012%2C618&ssl=1&resize=525%2C300 1.5x, https:\/\/i0.wp.com\/noticiasribeiraopreto.com.br\/wp-content\/uploads\/2023\/12\/crbio3.jpg?fit=1012%2C618&ssl=1&resize=700%2C400 2x"},"classes":[]},{"id":16695,"url":"https:\/\/noticiasribeiraopreto.com.br\/index.php\/2023\/12\/16\/conselho-regional-de-quimica-da-12a-regiao-abre-concurso-com-325-vagas\/","url_meta":{"origin":17776,"position":1},"title":"Conselho Regional de Qu\u00edmica da 12\u00aa Regi\u00e3o abre concurso com 325 vagas","author":"noticiasribeiraopreto.com.br","date":"16 de December de 2023","format":false,"excerpt":"Cr\u00e9ditos: IStockConcurso P\u00fablico Conselho Regional de Qu\u00edmica O Conselho Regional de Qu\u00edmica da 12\u00aa Regi\u00e3o, respons\u00e1vel pela gest\u00e3o nos estados de Goi\u00e1s, Tocantins e Distrito Federal, lan\u00e7a edital n\u00ba 1\/2023 para preenchimento de seu quadro de pessoal atrav\u00e9s de concurso p\u00fablico. Com um total de 325 vagas, entre imediatas e\u2026","rel":"","context":"In &quot;Variedades&quot;","block_context":{"text":"Variedades","link":"https:\/\/noticiasribeiraopreto.com.br\/index.php\/category\/variedades\/"},"img":{"alt_text":"","src":"https:\/\/i0.wp.com\/noticiasribeiraopreto.com.br\/wp-content\/uploads\/2023\/12\/istock-478002684.jpg?fit=1200%2C638&ssl=1&resize=350%2C200","width":350,"height":200,"srcset":"https:\/\/i0.wp.com\/noticiasribeiraopreto.com.br\/wp-content\/uploads\/2023\/12\/istock-478002684.jpg?fit=1200%2C638&ssl=1&resize=350%2C200 1x, https:\/\/i0.wp.com\/noticiasribeiraopreto.com.br\/wp-content\/uploads\/2023\/12\/istock-478002684.jpg?fit=1200%2C638&ssl=1&resize=525%2C300 1.5x, https:\/\/i0.wp.com\/noticiasribeiraopreto.com.br\/wp-content\/uploads\/2023\/12\/istock-478002684.jpg?fit=1200%2C638&ssl=1&resize=700%2C400 2x, https:\/\/i0.wp.com\/noticiasribeiraopreto.com.br\/wp-content\/uploads\/2023\/12\/istock-478002684.jpg?fit=1200%2C638&ssl=1&resize=1050%2C600 3x"},"classes":[]},{"id":18899,"url":"https:\/\/noticiasribeiraopreto.com.br\/index.php\/2023\/12\/21\/definida-banca-para-cargos-de-niveis-medio-e-superior-3\/","url_meta":{"origin":17776,"position":2},"title":"definida banca para cargos de n\u00edveis m\u00e9dio e superior","author":"noticiasribeiraopreto.com.br","date":"21 de December de 2023","format":false,"excerpt":"O novo concurso CRF PI (Conselho Regional de Farm\u00e1cia do Piau\u00ed) j\u00e1 conta com banca organizadora definida. A escolhida \u00e9 a Gabriel Excel\u00eancia, pelo crit\u00e9rio de carta convite, de acordo com documento publicado no di\u00e1rio oficial da Uni\u00e3o desta quinta-feira, 21 de dezembro. Com isso, o pr\u00f3ximo passo \u00e9 a\u2026","rel":"","context":"In &quot;Vagas de Emprego em Ribeir\u00e3o Preto-SP&quot;","block_context":{"text":"Vagas de Emprego em Ribeir\u00e3o Preto-SP","link":"https:\/\/noticiasribeiraopreto.com.br\/index.php\/category\/empregos-classificados-vagas-trabalho\/vagas-de-empregos-em-ribeirao-preto-regiao-brasil\/"},"img":{"alt_text":"","src":"https:\/\/i0.wp.com\/noticiasribeiraopreto.com.br\/wp-content\/uploads\/2023\/12\/crf_pi_novooo.jpg?fit=1200%2C675&ssl=1&resize=350%2C200","width":350,"height":200,"srcset":"https:\/\/i0.wp.com\/noticiasribeiraopreto.com.br\/wp-content\/uploads\/2023\/12\/crf_pi_novooo.jpg?fit=1200%2C675&ssl=1&resize=350%2C200 1x, https:\/\/i0.wp.com\/noticiasribeiraopreto.com.br\/wp-content\/uploads\/2023\/12\/crf_pi_novooo.jpg?fit=1200%2C675&ssl=1&resize=525%2C300 1.5x, https:\/\/i0.wp.com\/noticiasribeiraopreto.com.br\/wp-content\/uploads\/2023\/12\/crf_pi_novooo.jpg?fit=1200%2C675&ssl=1&resize=700%2C400 2x, https:\/\/i0.wp.com\/noticiasribeiraopreto.com.br\/wp-content\/uploads\/2023\/12\/crf_pi_novooo.jpg?fit=1200%2C675&ssl=1&resize=1050%2C600 3x"},"classes":[]},{"id":18024,"url":"https:\/\/noticiasribeiraopreto.com.br\/index.php\/2023\/12\/19\/universidade-federal-abre-concurso-publico-com-55-vagas-para-nivel-medio\/","url_meta":{"origin":17776,"position":3},"title":"Universidade Federal abre CONCURSO P\u00daBLICO com 55 vagas para n\u00edvel m\u00e9dio","author":"noticiasribeiraopreto.com.br","date":"19 de December de 2023","format":false,"excerpt":"Inscreva-se neste concurso p\u00fablico O concurso p\u00fablico anuncia vagas para n\u00edvel m\u00e9dio. Ao todo s\u00e3o 55 oportunidades. Ficou interessado? Veja como se inscrever e n\u00e3o perca. A Acess \u00e9 a banca organizadora. Oportunidades para T\u00e9cnico-Administrativos em Educa\u00e7\u00e3o O edital da Universidade Federal do Agreste do Pernambuco (UFAPE) foi divulgado, oferecendo\u2026","rel":"","context":"In &quot;Vagas de Emprego em Ribeir\u00e3o Preto-SP&quot;","block_context":{"text":"Vagas de Emprego em Ribeir\u00e3o Preto-SP","link":"https:\/\/noticiasribeiraopreto.com.br\/index.php\/category\/empregos-classificados-vagas-trabalho\/vagas-de-empregos-em-ribeirao-preto-regiao-brasil\/"},"img":{"alt_text":"","src":"https:\/\/i0.wp.com\/noticiasribeiraopreto.com.br\/wp-content\/uploads\/2023\/12\/noticiasconcursos.com_.br-universidade-federal-abre-concurso-publico-com-55-vagas-para-nivel-medio-pexels-fauxels-3184464-1.jpg?fit=1200%2C800&ssl=1&resize=350%2C200","width":350,"height":200,"srcset":"https:\/\/i0.wp.com\/noticiasribeiraopreto.com.br\/wp-content\/uploads\/2023\/12\/noticiasconcursos.com_.br-universidade-federal-abre-concurso-publico-com-55-vagas-para-nivel-medio-pexels-fauxels-3184464-1.jpg?fit=1200%2C800&ssl=1&resize=350%2C200 1x, https:\/\/i0.wp.com\/noticiasribeiraopreto.com.br\/wp-content\/uploads\/2023\/12\/noticiasconcursos.com_.br-universidade-federal-abre-concurso-publico-com-55-vagas-para-nivel-medio-pexels-fauxels-3184464-1.jpg?fit=1200%2C800&ssl=1&resize=525%2C300 1.5x, https:\/\/i0.wp.com\/noticiasribeiraopreto.com.br\/wp-content\/uploads\/2023\/12\/noticiasconcursos.com_.br-universidade-federal-abre-concurso-publico-com-55-vagas-para-nivel-medio-pexels-fauxels-3184464-1.jpg?fit=1200%2C800&ssl=1&resize=700%2C400 2x, https:\/\/i0.wp.com\/noticiasribeiraopreto.com.br\/wp-content\/uploads\/2023\/12\/noticiasconcursos.com_.br-universidade-federal-abre-concurso-publico-com-55-vagas-para-nivel-medio-pexels-fauxels-3184464-1.jpg?fit=1200%2C800&ssl=1&resize=1050%2C600 3x"},"classes":[]},{"id":73997,"url":"https:\/\/noticiasribeiraopreto.com.br\/index.php\/2025\/07\/14\/concurso-publico-na-regiao-de-ribeirao-preto-oferece-vagas-de-nivel-fundamental-medio-e-superior\/","url_meta":{"origin":17776,"position":4},"title":"Concurso p\u00fablico na regi\u00e3o de Ribeir\u00e3o Preto oferece vagas de n\u00edvel fundamental, m\u00e9dio e superior","author":"noticiasribeiraopreto.com.br","date":"14 de July de 2025","format":false,"excerpt":"A Prefeitura de C\u00e1ssia dos Coqueiros, cidade a 80 quil\u00f4metros de Ribeir\u00e3o Preto, publicou edital de concurso p\u00fablico com oportunidades para o cadastro de reserva. As fun\u00e7\u00f5es s\u00e3o de n\u00edvel fundamental, m\u00e9dio e superior. As inscri\u00e7\u00f5es devem ser realizadas pela internet (clique aqui) at\u00e9 o dia 11 de agosto. O\u2026","rel":"","context":"In &quot;Not\u00edcias de Ribeir\u00e3o Preto-SP e Regi\u00e3o&quot;","block_context":{"text":"Not\u00edcias de Ribeir\u00e3o Preto-SP e Regi\u00e3o","link":"https:\/\/noticiasribeiraopreto.com.br\/index.php\/category\/noticias-de-ribeirao-preto-sp-e-regiao-ismael-colosi\/"},"img":{"alt_text":"","src":"https:\/\/i0.wp.com\/noticiasribeiraopreto.com.br\/wp-content\/uploads\/2025\/07\/concurso-publico_2025-07-09_13-50-45.webp.webp?fit=1200%2C798&ssl=1&resize=350%2C200","width":350,"height":200,"srcset":"https:\/\/i0.wp.com\/noticiasribeiraopreto.com.br\/wp-content\/uploads\/2025\/07\/concurso-publico_2025-07-09_13-50-45.webp.webp?fit=1200%2C798&ssl=1&resize=350%2C200 1x, https:\/\/i0.wp.com\/noticiasribeiraopreto.com.br\/wp-content\/uploads\/2025\/07\/concurso-publico_2025-07-09_13-50-45.webp.webp?fit=1200%2C798&ssl=1&resize=525%2C300 1.5x, https:\/\/i0.wp.com\/noticiasribeiraopreto.com.br\/wp-content\/uploads\/2025\/07\/concurso-publico_2025-07-09_13-50-45.webp.webp?fit=1200%2C798&ssl=1&resize=700%2C400 2x, https:\/\/i0.wp.com\/noticiasribeiraopreto.com.br\/wp-content\/uploads\/2025\/07\/concurso-publico_2025-07-09_13-50-45.webp.webp?fit=1200%2C798&ssl=1&resize=1050%2C600 3x"},"classes":[]},{"id":12932,"url":"https:\/\/noticiasribeiraopreto.com.br\/index.php\/2023\/12\/08\/saiba-como-serao-as-provas-para-1-080-vagas\/","url_meta":{"origin":17776,"position":5},"title":"saiba como ser\u00e3o as provas para 1.080 vagas","author":"noticiasribeiraopreto.com.br","date":"8 de December de 2023","format":false,"excerpt":"Cresce a expectativa pela publica\u00e7\u00e3o do edital do novo concurso SEAS CE (Superintend\u00eancia do Sistema Estadual de Atendimento Educativo). O certame j\u00e1 conta com banca organizadora definida desde 29 de novembro.A escolhida \u00e9 a Funece. O pr\u00f3ximo passo \u00e9 a assinatura do contrato, que deve ocorrer em breve. Somente ent\u00e3o\u2026","rel":"","context":"In &quot;Vagas de Emprego em Ribeir\u00e3o Preto-SP&quot;","block_context":{"text":"Vagas de Emprego em Ribeir\u00e3o Preto-SP","link":"https:\/\/noticiasribeiraopreto.com.br\/index.php\/category\/empregos-classificados-vagas-trabalho\/vagas-de-empregos-em-ribeirao-preto-regiao-brasil\/"},"img":{"alt_text":"","src":"https:\/\/i0.wp.com\/noticiasribeiraopreto.com.br\/wp-content\/uploads\/2023\/12\/seas_ce_novo.jpg?fit=1200%2C675&ssl=1&resize=350%2C200","width":350,"height":200,"srcset":"https:\/\/i0.wp.com\/noticiasribeiraopreto.com.br\/wp-content\/uploads\/2023\/12\/seas_ce_novo.jpg?fit=1200%2C675&ssl=1&resize=350%2C200 1x, https:\/\/i0.wp.com\/noticiasribeiraopreto.com.br\/wp-content\/uploads\/2023\/12\/seas_ce_novo.jpg?fit=1200%2C675&ssl=1&resize=525%2C300 1.5x, https:\/\/i0.wp.com\/noticiasribeiraopreto.com.br\/wp-content\/uploads\/2023\/12\/seas_ce_novo.jpg?fit=1200%2C675&ssl=1&resize=700%2C400 2x, https:\/\/i0.wp.com\/noticiasribeiraopreto.com.br\/wp-content\/uploads\/2023\/12\/seas_ce_novo.jpg?fit=1200%2C675&ssl=1&resize=1050%2C600 3x"},"classes":[]}],"jetpack_sharing_enabled":true,"jetpack_shortlink":"https:\/\/wp.me\/peQAOb-4CI","_links":{"self":[{"href":"https:\/\/noticiasribeiraopreto.com.br\/index.php\/wp-json\/wp\/v2\/posts\/17776","targetHints":{"allow":["GET"]}}],"collection":[{"href":"https:\/\/noticiasribeiraopreto.com.br\/index.php\/wp-json\/wp\/v2\/posts"}],"about":[{"href":"https:\/\/noticiasribeiraopreto.com.br\/index.php\/wp-json\/wp\/v2\/types\/post"}],"author":[{"embeddable":true,"href":"https:\/\/noticiasribeiraopreto.com.br\/index.php\/wp-json\/wp\/v2\/users\/1"}],"replies":[{"embeddable":true,"href":"https:\/\/noticiasribeiraopreto.com.br\/index.php\/wp-json\/wp\/v2\/comments?post=17776"}],"version-history":[{"count":0,"href":"https:\/\/noticiasribeiraopreto.com.br\/index.php\/wp-json\/wp\/v2\/posts\/17776\/revisions"}],"wp:featuredmedia":[{"embeddable":true,"href":"https:\/\/noticiasribeiraopreto.com.br\/index.php\/wp-json\/wp\/v2\/media\/17777"}],"wp:attachment":[{"href":"https:\/\/noticiasribeiraopreto.com.br\/index.php\/wp-json\/wp\/v2\/media?parent=17776"}],"wp:term":[{"taxonomy":"category","embeddable":true,"href":"https:\/\/noticiasribeiraopreto.com.br\/index.php\/wp-json\/wp\/v2\/categories?post=17776"},{"taxonomy":"post_tag","embeddable":true,"href":"https:\/\/noticiasribeiraopreto.com.br\/index.php\/wp-json\/wp\/v2\/tags?post=17776"}],"curies":[{"name":"wp","href":"https:\/\/api.w.org\/{rel}","templated":true}]}}