{"id":17840,"date":"2023-12-19T08:45:19","date_gmt":"2023-12-19T11:45:19","guid":{"rendered":"https:\/\/noticiasribeiraopreto.com.br\/index.php\/2023\/12\/19\/programa-de-regularizacao-de-debitos-da-saerp-termina-nesta-quarta-20\/"},"modified":"2023-12-19T08:45:19","modified_gmt":"2023-12-19T11:45:19","slug":"programa-de-regularizacao-de-debitos-da-saerp-termina-nesta-quarta-20","status":"publish","type":"post","link":"https:\/\/noticiasribeiraopreto.com.br\/index.php\/2023\/12\/19\/programa-de-regularizacao-de-debitos-da-saerp-termina-nesta-quarta-20\/","title":{"rendered":"Programa de regulariza\u00e7\u00e3o de d\u00e9bitos da Saerp termina nesta quarta (20)"},"content":{"rendered":"<div class='code-block code-block-1' style='margin: 8px 0 8px auto; text-align: right; display: block; clear: both;'>\n<p><a href=\"https:\/\/wa.link\/vpicfd\"><img data-recalc-dims=\"1\" class=\"wp-image-4922\" style=\"aspect-ratio: 2.0253164556962027; width: 561px; height: auto;\" src=\"https:\/\/i0.wp.com\/ismaelcolosi.com.br\/wp-content\/uploads\/2023\/11\/grupo-de-empregos-whatsapp-e-facebook-ismael-colosi-vagas.jpg?ssl=1\" alt=\"\" \/><\/a><\/p>\n<!-- \/wp:image -->\n<\/div>\n<p> <br \/>\n<\/p>\n<div id=\"\">\n<p> <span class=\"entry-meta-item penci-posted-on\"><i class=\"fa fa-clock-o\"\/><time class=\"entry-date published\" datetime=\"2023-12-19T08:30:44-03:00\">19 de dezembro de 2023 | 8:30<\/time><time class=\"updated\" datetime=\"2023-12-18T18:10:51-03:00\">18 de dezembro de 2023 | 18:10<\/time><\/span><\/p>\n<p> <span class=\"penci-social-buttons penci-social-share-footer\"><a href=\"#\" class=\"penci-post-like penci_post-meta_item  single-like-button penci-social-item like\" data-post_id=\"367727\" title=\"Like\" data-like=\"Like\" data-unlike=\"Unlike\"><i class=\"fa fa-thumbs-o-up\"\/><span class=\"penci-share-number\">0<\/span><\/a><i class=\"fa fa-facebook\"\/><a class=\"penci-social-item twitter\" target=\"_blank\" rel=\"noopener\" title=\"\" href=\"https:\/\/twitter.com\/intent\/tweet?text=Programa%20de%20regulariza\u00e7\u00e3o%20de%20d\u00e9bitos%20da%20Saerp%20termina%20nesta%20quarta%20(20)%20-%20https:\/\/www.tribunaribeirao.com.br\/site\/programa-de-regularizacao-de-debitos-da-saerp-termina-nesta-quarta-20\/\"><i class=\"fa fa-twitter\"\/><\/a><i class=\"fa fa-whatsapp\"\/><\/span><\/div>\n<div>\n<p>Termina nesta quarta-feira, 20, o prazo para a regulariza\u00e7\u00e3o de d\u00e9bitos junto \u00e0 Saerp, pelo programa Retoma Ribeir\u00e3o. Interessados ainda podem solicitar a regulariza\u00e7\u00e3o pelo atendimento presencial ou online.<\/p>\n<p>\u201cIndependente da op\u00e7\u00e3o que o mun\u00edcipe escolher para aderir ao programa, \u00e9 importante que ele esteja com os dados cadastrais atualizados no nosso sistema e que tenha a documenta\u00e7\u00e3o que comprove o seu v\u00ednculo, de propriet\u00e1rio ou inquilino, com o im\u00f3vel, como a escritura do im\u00f3vel ou o contrato de loca\u00e7\u00e3o. Somente assim, conseguimos concluir a solicita\u00e7\u00e3o\u201d, explica o diretor comercial e financeiro, Marcus Berzoti.<\/p>\n<p>O Retoma Ribeir\u00e3o \u00e9 uma op\u00e7\u00e3o para quem tem d\u00e9bitos com a Saerp, contabilizados at\u00e9 setembro de 2023. Dentre as op\u00e7\u00f5es que o programa oferece, est\u00e1 previsto:<\/p>\n<p>-pagamento \u00e0 vista, com redu\u00e7\u00e3o de 100% da multa e dos juros;<\/p>\n<p>-pagamento parcelado, em at\u00e9 12 parcelas mensais e sucessivas, sendo que o valor m\u00ednimo da parcela n\u00e3o poder\u00e1 ser inferior a R$ 50,00, com redu\u00e7\u00e3o de 80% da multa e dos juros;<\/p>\n<p>-pagamento parcelado, em at\u00e9 24 parcelas mensais e sucessivas, sendo que o valor m\u00ednimo da parcela n\u00e3o poder\u00e1 ser inferior a R$ 50,00, com redu\u00e7\u00e3o de 70% da multa e dos juros;<\/p>\n<p>-pagamento parcelado, em at\u00e9 36 parcelas mensais e sucessivas, sendo que o valor m\u00ednimo da parcela n\u00e3o poder\u00e1 ser inferior a R$ 50,00, com redu\u00e7\u00e3o de 60% da multa e dos juros;<\/p>\n<p>-pagamento parcelado, em at\u00e9 60 parcelas mensais e sucessivas, sendo que o valor m\u00ednimo da parcela n\u00e3o poder\u00e1 ser inferior a R$ 50,00, com redu\u00e7\u00e3o de 50% da multa e dos juros.<\/p>\n<p>\u201cO programa de regulariza\u00e7\u00e3o de d\u00e9bitos \u00e9 uma \u00f3tima op\u00e7\u00e3o para quem precisa colocar as contas com a Saerp em dia, visto \u00e0s condi\u00e7\u00f5es de parcelamentos. Para facilitar a ades\u00e3o, temos dois pontos de atendimento, um no Poupatempo e outro na regi\u00e3o Central, na rua Para\u00edba, n\u00ba39, mas \u00e9 necess\u00e1rio que o mun\u00edcipe esteja com os documentos que comprove o seu v\u00ednculo com o im\u00f3vel em m\u00e3os. Caso contr\u00e1rio, ele n\u00e3o poder\u00e1 fazer a renegocia\u00e7\u00e3o e precisar\u00e1 voltar ao atendimento presencial com a documenta\u00e7\u00e3o correta\u201d, reitera o diretor.<\/p>\n<p>Para o atendimento presencial n\u00e3o \u00e9 necess\u00e1rio agendamento. Interessados podem ir, at\u00e9 quarta-feira, 20, ao Poupatempo, na Avenida Presidente Kennedy, n\u00ba1.500, que estar\u00e1 realizando a solicita\u00e7\u00e3o da regulariza\u00e7\u00e3o das 9h \u00e0s 17h, ou na unidade da Rua Para\u00edba, n\u00ba39, das 9h \u00e0s 16h.<\/p>\n<p>J\u00e1 para quem deseja aderir ao programa de forma online, basta acessar o link\u00a0<a href=\"http:\/\/www.ribeiraopreto.solarbpm.softplan.com.br\/atendimento\/servico-info\/337\">www.ribeiraopreto.solarbpm.softplan.com.br\/atendimento\/servico-info\/337<\/a>\u00a0e realizar a solicita\u00e7\u00e3o.<\/p>\n<p>Independente do atendimento escolhido, o mun\u00edcipe deve estar com o cadastro junto \u00e0 Saerp atualizado, que pode ser realizado facilmente pelo site da Secretaria, atrav\u00e9s do chatbot no canto inferior e direito da tela, em \u201cservi\u00e7os on-line\u201d, atrav\u00e9s do link\u00a0<a href=\"http:\/\/www.ribeiraopreto.sp.gov.br\/portal\/saerp\/\">www.ribeiraopreto.sp.gov.br\/portal\/saerp\/<\/a><\/p>\n<p>\u00a0<\/p>\n<\/div>\n<p><script async src=\"\/\/platform.twitter.com\/widgets.js\" charset=\"utf-8\"><\/script><br \/>\n<br \/><br \/>\n<br \/><a href=\"https:\/\/www.tribunaribeirao.com.br\/site\/programa-de-regularizacao-de-debitos-da-saerp-termina-nesta-quarta-20\/\">Source link <\/a><\/p>\n<!-- CONTENT END 1 -->\n","protected":false},"excerpt":{"rendered":"<p>19 de dezembro de 2023 | 8:3018 de dezembro de 2023 | 18:10 0 Termina nesta quarta-feira, 20, o prazo para a regulariza\u00e7\u00e3o de d\u00e9bitos&#8230;<\/p>\n","protected":false},"author":1,"featured_media":17841,"comment_status":"open","ping_status":"open","sticky":false,"template":"","format":"standard","meta":{"advanced_seo_description":"","jetpack_seo_html_title":"","jetpack_seo_noindex":false,"jetpack_post_was_ever_published":false,"_jetpack_newsletter_access":"","_jetpack_dont_email_post_to_subs":false,"_jetpack_newsletter_tier_id":0,"_jetpack_memberships_contains_paywalled_content":false,"_jetpack_memberships_contains_paid_content":false,"footnotes":"","jetpack_publicize_message":"","jetpack_publicize_feature_enabled":true,"jetpack_social_post_already_shared":true,"jetpack_social_options":{"image_generator_settings":{"template":"highway","default_image_id":0,"font":"","enabled":false},"version":2}},"categories":[11],"tags":[1090,207,1071,1549,1089,28,186],"class_list":["post-17840","post","type-post","status-publish","format-standard","has-post-thumbnail","hentry","category-noticias-de-ribeirao-preto-sp-e-regiao-ismael-colosi","tag-debitos","tag-nesta","tag-programa","tag-quarta","tag-regularizacao","tag-saerp","tag-termina"],"jetpack_publicize_connections":[],"jetpack_featured_media_url":"https:\/\/i0.wp.com\/noticiasribeiraopreto.com.br\/wp-content\/uploads\/2023\/12\/programa_regularizacao_saerp_1.png?fit=968%2C645&ssl=1","jetpack-related-posts":[{"id":81088,"url":"https:\/\/noticiasribeiraopreto.com.br\/index.php\/2025\/12\/23\/adesao-ao-refis-termina-nesta-terca-feira\/","url_meta":{"origin":17840,"position":0},"title":"Ades\u00e3o ao Refis termina nesta ter\u00e7a-feira","author":"noticiasribeiraopreto.com.br","date":"23 de December de 2025","format":false,"excerpt":"\r \r \r 23 de dezembro de 2025 10:17 \r Compartilhar0 At\u00e9 a semana passada o Programa de Recupera\u00e7\u00e3o Fiscal da prefeitura havia renegociado um total de R$ 18 milh\u00f5es Termina nesta ter\u00e7a-feira, 23 de dezembro, o prazo para os contribuintes de Ribeir\u00e3o Preto, com d\u00edvidas tribut\u00e1rias e n\u00e3o tribut\u00e1rias,\u2026","rel":"","context":"In &quot;Not\u00edcias de Ribeir\u00e3o Preto-SP e Regi\u00e3o&quot;","block_context":{"text":"Not\u00edcias de Ribeir\u00e3o Preto-SP e Regi\u00e3o","link":"https:\/\/noticiasribeiraopreto.com.br\/index.php\/category\/noticias-de-ribeirao-preto-sp-e-regiao-ismael-colosi\/"},"img":{"alt_text":"","src":"https:\/\/i0.wp.com\/noticiasribeiraopreto.com.br\/wp-content\/uploads\/2025\/12\/1-refis.jpg?fit=960%2C640&ssl=1&resize=350%2C200","width":350,"height":200,"srcset":"https:\/\/i0.wp.com\/noticiasribeiraopreto.com.br\/wp-content\/uploads\/2025\/12\/1-refis.jpg?fit=960%2C640&ssl=1&resize=350%2C200 1x, https:\/\/i0.wp.com\/noticiasribeiraopreto.com.br\/wp-content\/uploads\/2025\/12\/1-refis.jpg?fit=960%2C640&ssl=1&resize=525%2C300 1.5x, https:\/\/i0.wp.com\/noticiasribeiraopreto.com.br\/wp-content\/uploads\/2025\/12\/1-refis.jpg?fit=960%2C640&ssl=1&resize=700%2C400 2x"},"classes":[]},{"id":8340,"url":"https:\/\/noticiasribeiraopreto.com.br\/index.php\/2023\/11\/29\/saerp-tem-novo-ponto-de-atendimento-para-regularizacao-de-debitos-em-ribeirao\/","url_meta":{"origin":17840,"position":1},"title":"Saerp tem novo ponto de atendimento para regulariza\u00e7\u00e3o de d\u00e9bitos em Ribeir\u00e3o","author":"noticiasribeiraopreto.com.br","date":"29 de November de 2023","format":false,"excerpt":"A Secret\u00e1ria de \u00c1gua e Esgoto de Ribeir\u00e3o Preto (Saerp) informou que abriu um ponto de atendimento na regi\u00e3o central da cidade, para facilitar o atendimento dos usu\u00e1rios que querem regularizar seus d\u00e9bitos junto ao \u00f3rg\u00e3o, atrav\u00e9s do Retoma Ribeir\u00e3o. O novo posto de atendimento fica na rua Para\u00edba, n\u00ba\u2026","rel":"","context":"In &quot;Not\u00edcias de Ribeir\u00e3o Preto-SP e Regi\u00e3o&quot;","block_context":{"text":"Not\u00edcias de Ribeir\u00e3o Preto-SP e Regi\u00e3o","link":"https:\/\/noticiasribeiraopreto.com.br\/index.php\/category\/noticias-de-ribeirao-preto-sp-e-regiao-ismael-colosi\/"},"img":{"alt_text":"","src":"https:\/\/i0.wp.com\/noticiasribeiraopreto.com.br\/wp-content\/uploads\/2023\/11\/atendimento_saerp_paraiba_foto-1024x683.png?fit=1024%2C683&ssl=1&resize=350%2C200","width":350,"height":200,"srcset":"https:\/\/i0.wp.com\/noticiasribeiraopreto.com.br\/wp-content\/uploads\/2023\/11\/atendimento_saerp_paraiba_foto-1024x683.png?fit=1024%2C683&ssl=1&resize=350%2C200 1x, https:\/\/i0.wp.com\/noticiasribeiraopreto.com.br\/wp-content\/uploads\/2023\/11\/atendimento_saerp_paraiba_foto-1024x683.png?fit=1024%2C683&ssl=1&resize=525%2C300 1.5x, https:\/\/i0.wp.com\/noticiasribeiraopreto.com.br\/wp-content\/uploads\/2023\/11\/atendimento_saerp_paraiba_foto-1024x683.png?fit=1024%2C683&ssl=1&resize=700%2C400 2x"},"classes":[]},{"id":76516,"url":"https:\/\/noticiasribeiraopreto.com.br\/index.php\/2025\/08\/30\/refis-2025-veja-como-regularizar-debitos-com-a-prefeitura-de-ribeirao-preto\/","url_meta":{"origin":17840,"position":2},"title":"Refis 2025: Veja como regularizar d\u00e9bitos com a Prefeitura de Ribeir\u00e3o Preto","author":"noticiasribeiraopreto.com.br","date":"30 de August de 2025","format":false,"excerpt":"Come\u00e7a nesta segunda-feira (1\u00ba), o programa \u201cRefis Ribeir\u00e3o 2025\u201d, que oferecer\u00e1 condi\u00e7\u00f5es especiais para a regulariza\u00e7\u00e3o de d\u00e9bitos tribut\u00e1rios \u2013 veja como participar logo abaixo. O projeto foi aprovado pela C\u00e2mara Municipal no dia 18 de agosto, pela maioria dos vereadores presentes. A estimativa do secret\u00e1rio da Fazenda, Fernando Oliveira\u2026","rel":"","context":"In &quot;Not\u00edcias de Ribeir\u00e3o Preto-SP e Regi\u00e3o&quot;","block_context":{"text":"Not\u00edcias de Ribeir\u00e3o Preto-SP e Regi\u00e3o","link":"https:\/\/noticiasribeiraopreto.com.br\/index.php\/category\/noticias-de-ribeirao-preto-sp-e-regiao-ismael-colosi\/"},"img":{"alt_text":"","src":"https:\/\/i0.wp.com\/noticiasribeiraopreto.com.br\/wp-content\/uploads\/2025\/08\/Copia-de-Copia-de-Copia-de-TAMANHO-EXATO-PARA-FOTOS-NO-SISTEMA-NOVO-2025-08-30T131113.589_2025-08-30_16-11-25.webp.webp?fit=1200%2C675&ssl=1&resize=350%2C200","width":350,"height":200,"srcset":"https:\/\/i0.wp.com\/noticiasribeiraopreto.com.br\/wp-content\/uploads\/2025\/08\/Copia-de-Copia-de-Copia-de-TAMANHO-EXATO-PARA-FOTOS-NO-SISTEMA-NOVO-2025-08-30T131113.589_2025-08-30_16-11-25.webp.webp?fit=1200%2C675&ssl=1&resize=350%2C200 1x, https:\/\/i0.wp.com\/noticiasribeiraopreto.com.br\/wp-content\/uploads\/2025\/08\/Copia-de-Copia-de-Copia-de-TAMANHO-EXATO-PARA-FOTOS-NO-SISTEMA-NOVO-2025-08-30T131113.589_2025-08-30_16-11-25.webp.webp?fit=1200%2C675&ssl=1&resize=525%2C300 1.5x, https:\/\/i0.wp.com\/noticiasribeiraopreto.com.br\/wp-content\/uploads\/2025\/08\/Copia-de-Copia-de-Copia-de-TAMANHO-EXATO-PARA-FOTOS-NO-SISTEMA-NOVO-2025-08-30T131113.589_2025-08-30_16-11-25.webp.webp?fit=1200%2C675&ssl=1&resize=700%2C400 2x, https:\/\/i0.wp.com\/noticiasribeiraopreto.com.br\/wp-content\/uploads\/2025\/08\/Copia-de-Copia-de-Copia-de-TAMANHO-EXATO-PARA-FOTOS-NO-SISTEMA-NOVO-2025-08-30T131113.589_2025-08-30_16-11-25.webp.webp?fit=1200%2C675&ssl=1&resize=1050%2C600 3x"},"classes":[]},{"id":76570,"url":"https:\/\/noticiasribeiraopreto.com.br\/index.php\/2025\/09\/01\/refis-ribeirao-comeca-nesta-segunda-feira\/","url_meta":{"origin":17840,"position":3},"title":"Refis Ribeir\u00e3o come\u00e7a nesta segunda-feira","author":"noticiasribeiraopreto.com.br","date":"1 de September de 2025","format":false,"excerpt":"1 de setembro de 2025 09:462 Compartilhar0 O prazo para ades\u00e3o ao novo Programa de Recupera\u00e7\u00e3o Fiscal de Ribeir\u00e3o Preto (Refis Ribeir\u00e3o) come\u00e7ou nesta segunda-feira, 1\u00ba de setembro, e seguir\u00e1 at\u00e9 23 de dezembro. Mais de 114 mil contribuintes inadimplentes poder\u00e3o renegociar d\u00e9bitos com a prefeitura e com a Saerp\u2026","rel":"","context":"In &quot;Not\u00edcias de Ribeir\u00e3o Preto-SP e Regi\u00e3o&quot;","block_context":{"text":"Not\u00edcias de Ribeir\u00e3o Preto-SP e Regi\u00e3o","link":"https:\/\/noticiasribeiraopreto.com.br\/index.php\/category\/noticias-de-ribeirao-preto-sp-e-regiao-ismael-colosi\/"},"img":{"alt_text":"","src":"https:\/\/i0.wp.com\/noticiasribeiraopreto.com.br\/wp-content\/uploads\/2025\/09\/PoupaRP-Prefeitura-de-Ribeirao-Preto-1-scaled.jpg?fit=750%2C500&ssl=1&resize=350%2C200","width":350,"height":200,"srcset":"https:\/\/i0.wp.com\/noticiasribeiraopreto.com.br\/wp-content\/uploads\/2025\/09\/PoupaRP-Prefeitura-de-Ribeirao-Preto-1-scaled.jpg?fit=750%2C500&ssl=1&resize=350%2C200 1x, https:\/\/i0.wp.com\/noticiasribeiraopreto.com.br\/wp-content\/uploads\/2025\/09\/PoupaRP-Prefeitura-de-Ribeirao-Preto-1-scaled.jpg?fit=750%2C500&ssl=1&resize=525%2C300 1.5x, https:\/\/i0.wp.com\/noticiasribeiraopreto.com.br\/wp-content\/uploads\/2025\/09\/PoupaRP-Prefeitura-de-Ribeirao-Preto-1-scaled.jpg?fit=750%2C500&ssl=1&resize=700%2C400 2x"},"classes":[]},{"id":83226,"url":"https:\/\/noticiasribeiraopreto.com.br\/index.php\/2026\/03\/13\/refis-ribeirao-atinge-r-1262-mi\/","url_meta":{"origin":17840,"position":4},"title":"Refis Ribeir\u00e3o atinge R$ 126,2 \u2028mi","author":"noticiasribeiraopreto.com.br","date":"13 de March de 2026","format":false,"excerpt":"Refis Ribeir\u00e3o renegociou 88.584 d\u00edvidas no valor de aproximadamente R$ 126 milh\u00f5es, aponta balan\u00e7o divulgado pela Secretaria da FazendaO novo Programa de Recupera\u00e7\u00e3o Fiscal (Refis), batizado de Refis Ribeir\u00e3o, renegociou 88.584 d\u00edvidas no montante de R$ 126.274.801, entre 1\u00ba de setembro e 23 de dezembro do ano passado, segundo balan\u00e7o\u2026","rel":"","context":"In &quot;Not\u00edcias de Ribeir\u00e3o Preto-SP e Regi\u00e3o&quot;","block_context":{"text":"Not\u00edcias de Ribeir\u00e3o Preto-SP e Regi\u00e3o","link":"https:\/\/noticiasribeiraopreto.com.br\/index.php\/category\/noticias-de-ribeirao-preto-sp-e-regiao-ismael-colosi\/"},"img":{"alt_text":"","src":"https:\/\/i0.wp.com\/noticiasribeiraopreto.com.br\/wp-content\/uploads\/2026\/03\/RefisRP-Divulgacao-01-scaled.jpg?fit=1170%2C780&ssl=1&resize=350%2C200","width":350,"height":200,"srcset":"https:\/\/i0.wp.com\/noticiasribeiraopreto.com.br\/wp-content\/uploads\/2026\/03\/RefisRP-Divulgacao-01-scaled.jpg?fit=1170%2C780&ssl=1&resize=350%2C200 1x, https:\/\/i0.wp.com\/noticiasribeiraopreto.com.br\/wp-content\/uploads\/2026\/03\/RefisRP-Divulgacao-01-scaled.jpg?fit=1170%2C780&ssl=1&resize=525%2C300 1.5x, https:\/\/i0.wp.com\/noticiasribeiraopreto.com.br\/wp-content\/uploads\/2026\/03\/RefisRP-Divulgacao-01-scaled.jpg?fit=1170%2C780&ssl=1&resize=700%2C400 2x, https:\/\/i0.wp.com\/noticiasribeiraopreto.com.br\/wp-content\/uploads\/2026\/03\/RefisRP-Divulgacao-01-scaled.jpg?fit=1170%2C780&ssl=1&resize=1050%2C600 3x"},"classes":[]},{"id":80994,"url":"https:\/\/noticiasribeiraopreto.com.br\/index.php\/2025\/12\/20\/ultimos-dias-do-refis-ribeirao-2025-veja-como-renegociar\/","url_meta":{"origin":17840,"position":5},"title":"\u00daltimos dias do Refis Ribeir\u00e3o 2025; veja como renegociar","author":"noticiasribeiraopreto.com.br","date":"20 de December de 2025","format":false,"excerpt":"O prazo para ades\u00e3o ao Programa de Recupera\u00e7\u00e3o Fiscal Refis Ribeir\u00e3o 2025 entra na reta final e termina em 23 de dezembro. O programa j\u00e1 ultrapassa R$ 18 milh\u00f5es em renegocia\u00e7\u00f5es e contabiliza 58.706 transa\u00e7\u00f5es, segundo dados da Secretaria Municipal da Fazenda de Ribeir\u00e3o Preto. O Refis permite a regulariza\u00e7\u00e3o\u2026","rel":"","context":"In &quot;Not\u00edcias de Ribeir\u00e3o Preto-SP e Regi\u00e3o&quot;","block_context":{"text":"Not\u00edcias de Ribeir\u00e3o Preto-SP e Regi\u00e3o","link":"https:\/\/noticiasribeiraopreto.com.br\/index.php\/category\/noticias-de-ribeirao-preto-sp-e-regiao-ismael-colosi\/"},"img":{"alt_text":"","src":"https:\/\/i0.wp.com\/noticiasribeiraopreto.com.br\/wp-content\/uploads\/2025\/12\/poupatempo_ribeirao_1024x576_03092020171438_2025-12-19_19-33-57.webp.webp?fit=1024%2C576&ssl=1&resize=350%2C200","width":350,"height":200,"srcset":"https:\/\/i0.wp.com\/noticiasribeiraopreto.com.br\/wp-content\/uploads\/2025\/12\/poupatempo_ribeirao_1024x576_03092020171438_2025-12-19_19-33-57.webp.webp?fit=1024%2C576&ssl=1&resize=350%2C200 1x, https:\/\/i0.wp.com\/noticiasribeiraopreto.com.br\/wp-content\/uploads\/2025\/12\/poupatempo_ribeirao_1024x576_03092020171438_2025-12-19_19-33-57.webp.webp?fit=1024%2C576&ssl=1&resize=525%2C300 1.5x, https:\/\/i0.wp.com\/noticiasribeiraopreto.com.br\/wp-content\/uploads\/2025\/12\/poupatempo_ribeirao_1024x576_03092020171438_2025-12-19_19-33-57.webp.webp?fit=1024%2C576&ssl=1&resize=700%2C400 2x"},"classes":[]}],"jetpack_sharing_enabled":true,"jetpack_shortlink":"https:\/\/wp.me\/peQAOb-4DK","_links":{"self":[{"href":"https:\/\/noticiasribeiraopreto.com.br\/index.php\/wp-json\/wp\/v2\/posts\/17840","targetHints":{"allow":["GET"]}}],"collection":[{"href":"https:\/\/noticiasribeiraopreto.com.br\/index.php\/wp-json\/wp\/v2\/posts"}],"about":[{"href":"https:\/\/noticiasribeiraopreto.com.br\/index.php\/wp-json\/wp\/v2\/types\/post"}],"author":[{"embeddable":true,"href":"https:\/\/noticiasribeiraopreto.com.br\/index.php\/wp-json\/wp\/v2\/users\/1"}],"replies":[{"embeddable":true,"href":"https:\/\/noticiasribeiraopreto.com.br\/index.php\/wp-json\/wp\/v2\/comments?post=17840"}],"version-history":[{"count":0,"href":"https:\/\/noticiasribeiraopreto.com.br\/index.php\/wp-json\/wp\/v2\/posts\/17840\/revisions"}],"wp:featuredmedia":[{"embeddable":true,"href":"https:\/\/noticiasribeiraopreto.com.br\/index.php\/wp-json\/wp\/v2\/media\/17841"}],"wp:attachment":[{"href":"https:\/\/noticiasribeiraopreto.com.br\/index.php\/wp-json\/wp\/v2\/media?parent=17840"}],"wp:term":[{"taxonomy":"category","embeddable":true,"href":"https:\/\/noticiasribeiraopreto.com.br\/index.php\/wp-json\/wp\/v2\/categories?post=17840"},{"taxonomy":"post_tag","embeddable":true,"href":"https:\/\/noticiasribeiraopreto.com.br\/index.php\/wp-json\/wp\/v2\/tags?post=17840"}],"curies":[{"name":"wp","href":"https:\/\/api.w.org\/{rel}","templated":true}]}}