{"id":17897,"date":"2023-12-19T11:17:06","date_gmt":"2023-12-19T14:17:06","guid":{"rendered":"https:\/\/noticiasribeiraopreto.com.br\/index.php\/2023\/12\/19\/sinais-de-alerta-que-voce-nao-deve-ignorar\/"},"modified":"2023-12-19T11:17:06","modified_gmt":"2023-12-19T14:17:06","slug":"sinais-de-alerta-que-voce-nao-deve-ignorar","status":"publish","type":"post","link":"https:\/\/noticiasribeiraopreto.com.br\/index.php\/2023\/12\/19\/sinais-de-alerta-que-voce-nao-deve-ignorar\/","title":{"rendered":"sinais de alerta que voc\u00ea n\u00e3o deve ignorar"},"content":{"rendered":"<div class='code-block code-block-1' style='margin: 8px 0 8px auto; text-align: right; display: block; clear: both;'>\n<p><a href=\"https:\/\/wa.link\/vpicfd\"><img data-recalc-dims=\"1\" class=\"wp-image-4922\" style=\"aspect-ratio: 2.0253164556962027; width: 561px; height: auto;\" src=\"https:\/\/i0.wp.com\/ismaelcolosi.com.br\/wp-content\/uploads\/2023\/11\/grupo-de-empregos-whatsapp-e-facebook-ismael-colosi-vagas.jpg?ssl=1\" alt=\"\" \/><\/a><\/p>\n<!-- \/wp:image -->\n<\/div>\n<p> <br \/>\n<\/p>\n<div>\n<p>Os <a href=\"https:\/\/catracalivre.com.br\/saude-bem-estar\/conhecer-sinais-de-infarto-acelera-recuperacao-e-reduz-mortalidade-revela-estudo\/\">infartos<\/a> silenciosos do mioc\u00e1rdio s\u00e3o respons\u00e1veis por 45% dos ataques card\u00edacos, muitas vezes com sintomas leves e passageiros. A detec\u00e7\u00e3o e interven\u00e7\u00e3o precoces s\u00e3o cruciais para prevenir danos ao tecido card\u00edaco.<\/p>\n<p>Chamados de \u201csilenciosos\u201d esses ataques card\u00edacos desviam-se dos sintomas cl\u00e1ssicos. Por conta disso, muitas pessoas acabam considerando que trata-se de um\u00a0desconforto regular ou um problema menos s\u00e9rio.<\/p>\n<div id=\"attachment_2292607\" class=\"wp-caption alignnone\">\n<div class=\"d-flex justify-content-center\" data-attachment-id=\"2292607\">\n<div class=\"position-relative d-inline-block\"><img data-recalc-dims=\"1\" data-portal-copyright=\"iStock\/stevanovicigor\" fetchpriority=\"high\" decoding=\"async\" class=\"size-large wp-image-2292607\" src=\"https:\/\/i0.wp.com\/catracalivre.com.br\/wp-content\/uploads\/2023\/08\/istock-700262796-910x607.jpg?resize=910%2C607&#038;ssl=1\" alt=\"Saiba reconhecer os sintomas de ataque card\u00edaco\" width=\"910\" height=\"607\" srcset=\"https:\/\/catracalivre.com.br\/wp-content\/uploads\/2023\/08\/istock-700262796-910x607.jpg 910w, https:\/\/catracalivre.com.br\/wp-content\/uploads\/2023\/08\/istock-700262796-450x300.jpg 450w, https:\/\/catracalivre.com.br\/wp-content\/uploads\/2023\/08\/istock-700262796-768x513.jpg 768w\" sizes=\"(max-width: 910px) 100vw, 910px\"\/><\/p>\n<p>Cr\u00e9ditos: iStock\/stevanovicigor<\/p>\n<\/div>\n<\/div>\n<p><span class=\"post-imagem__legenda\">Saiba reconhecer os sintomas de ataque card\u00edaco<\/span><\/p>\n<\/div>\n<p><a href=\"https:\/\/catracalivre.com.br\/saude-bem-estar\/conheca-causas-que-podem-estar-por-tras-de-sua-fadiga\/\">Fadiga<\/a>, desconforto f\u00edsico e dor leve na garganta ou no peito s\u00e3o frequentemente atribu\u00eddos erroneamente a fatores como excesso de trabalho, sono irregular ou dores gerais relacionadas \u00e0 idade.<\/p>\n<h2>Sintomas de alerta<\/h2>\n<p>\u00c9 importante procurar atendimento m\u00e9dico, caso apresente os seguintes sintomas:<\/p>\n<h3>Dor no peito<\/h3>\n<p>Uma sensa\u00e7\u00e3o de press\u00e3o, aperto, plenitude ou dor no centro do peito que pode durar mais de alguns minutos ou desaparecer e retornar.<br \/>Desconforto em outras \u00e1reas do corpo:<\/p>\n<p>A dor ou desconforto pode se espalhar para os bra\u00e7os (geralmente o bra\u00e7o esquerdo, mas pode afetar ambos), ombros, pesco\u00e7o, mand\u00edbula, costas ou abd\u00f4men.<\/p>\n<h3>Falta de ar<\/h3>\n<p>Pode ocorrer antes ou junto com a dor no peito. Pode ser leve ou grave.<\/p>\n<h3>Suor frio<\/h3>\n<p>Sudorese excessiva, muitas vezes acompanhada de uma sensa\u00e7\u00e3o de frio e pegajoso.<\/p>\n<h3>N\u00e1usea e v\u00f4mito<\/h3>\n<p>Alguns pacientes podem sentir n\u00e1useas ou vomitar.<\/p>\n<h3>Tontura ou desmaio<\/h3>\n<p>Pode ocorrer devido \u00e0 falta de fluxo sangu\u00edneo para o c\u00e9rebro.<\/p>\n<p>\u00c9 importante observar que os sintomas podem variar de pessoa para pessoa, e nem todos os ataques card\u00edacos apresentam todos esses sinais. Algumas pessoas podem ter sintomas mais leves ou at\u00edpicos, como dor nas costas ou <a href=\"https:\/\/catracalivre.com.br\/saude-bem-estar\/indigestao-pode-ser-curada-por-este-tempero-aponta-pesquisa\/\">indigest\u00e3o<\/a>.<\/p>\n<\/div>\n<p><script>\n\t\t! function(f, b, e, v, n, t, s) {\n\t\t\tif (f.fbq) return;\n\t\t\tn = f.fbq = function() {\n\t\t\t\tn.callMethod ?\n\t\t\t\t\tn.callMethod.apply(n, arguments) : n.queue.push(arguments)\n\t\t\t};\n\t\t\tif (!f._fbq) f._fbq = n;\n\t\t\tn.push = n;\n\t\t\tn.loaded = !0;\n\t\t\tn.version = '2.0';\n\t\t\tn.queue = [];\n\t\t\tt = b.createElement(e);\n\t\t\tt.async = !0;\n\t\t\tt.src = v;\n\t\t\ts = b.getElementsByTagName(e)[0];\n\t\t\ts.parentNode.insertBefore(t, s)\n\t\t}(window, document, 'script',\n\t\t\t'https:\/\/connect.facebook.net\/en_US\/fbevents.js');\n\t\tfbq('init', '338315473262380');\n\t\tfbq('track', 'PageView');\n\t<\/script><br \/>\n<br \/><br \/>\n<br \/><a href=\"https:\/\/catracalivre.com.br\/saude-bem-estar\/ataque-cardiaco-silencioso-sinais-de-alerta-que-voce-nao-deve-ignorar\/\">Source link <\/a><\/p>\n<!-- CONTENT END 1 -->\n","protected":false},"excerpt":{"rendered":"<p>Os infartos silenciosos do mioc\u00e1rdio s\u00e3o respons\u00e1veis por 45% dos ataques card\u00edacos, muitas vezes com sintomas leves e passageiros. A detec\u00e7\u00e3o e interven\u00e7\u00e3o precoces s\u00e3o&#8230;<\/p>\n","protected":false},"author":1,"featured_media":17898,"comment_status":"open","ping_status":"open","sticky":false,"template":"","format":"standard","meta":{"advanced_seo_description":"","jetpack_seo_html_title":"","jetpack_seo_noindex":false,"jetpack_post_was_ever_published":false,"_jetpack_newsletter_access":"","_jetpack_dont_email_post_to_subs":false,"_jetpack_newsletter_tier_id":0,"_jetpack_memberships_contains_paywalled_content":false,"_jetpack_memberships_contains_paid_content":false,"footnotes":"","jetpack_publicize_message":"","jetpack_publicize_feature_enabled":true,"jetpack_social_post_already_shared":true,"jetpack_social_options":{"image_generator_settings":{"template":"highway","default_image_id":0,"font":"","enabled":false},"version":2}},"categories":[19],"tags":[],"class_list":["post-17897","post","type-post","status-publish","format-standard","has-post-thumbnail","hentry","category-variedades"],"jetpack_publicize_connections":[],"jetpack_featured_media_url":"https:\/\/i0.wp.com\/noticiasribeiraopreto.com.br\/wp-content\/uploads\/2023\/12\/istock-700262796.jpg?fit=1200%2C638&ssl=1","jetpack-related-posts":[{"id":18074,"url":"https:\/\/noticiasribeiraopreto.com.br\/index.php\/2023\/12\/19\/sinal-em-sua-mandibula-pode-ser-um-alerta-de-assassino-silencioso\/","url_meta":{"origin":17897,"position":0},"title":"Sinal em sua mand\u00edbula pode ser um alerta de assassino silencioso","author":"noticiasribeiraopreto.com.br","date":"19 de December de 2023","format":false,"excerpt":"Os sintomas que sentimos quando sofremos de uma doen\u00e7a ou condi\u00e7\u00e3o m\u00e9dica est\u00e3o frequentemente ligados \u00e0 \u00e1rea afetada do corpo. Mas isso n\u00e3o \u00e9 uma regra. Em caso de um ataque card\u00edaco: a mand\u00edbula \u00e9 quem pode dar o sinal. O problema \u00e9 que o alerta pode ser ignorado ou\u2026","rel":"","context":"In &quot;Variedades&quot;","block_context":{"text":"Variedades","link":"https:\/\/noticiasribeiraopreto.com.br\/index.php\/category\/variedades\/"},"img":{"alt_text":"","src":"https:\/\/i0.wp.com\/noticiasribeiraopreto.com.br\/wp-content\/uploads\/2023\/12\/depositphotos-206941690-l.jpg?fit=1200%2C638&ssl=1&resize=350%2C200","width":350,"height":200,"srcset":"https:\/\/i0.wp.com\/noticiasribeiraopreto.com.br\/wp-content\/uploads\/2023\/12\/depositphotos-206941690-l.jpg?fit=1200%2C638&ssl=1&resize=350%2C200 1x, https:\/\/i0.wp.com\/noticiasribeiraopreto.com.br\/wp-content\/uploads\/2023\/12\/depositphotos-206941690-l.jpg?fit=1200%2C638&ssl=1&resize=525%2C300 1.5x, https:\/\/i0.wp.com\/noticiasribeiraopreto.com.br\/wp-content\/uploads\/2023\/12\/depositphotos-206941690-l.jpg?fit=1200%2C638&ssl=1&resize=700%2C400 2x, https:\/\/i0.wp.com\/noticiasribeiraopreto.com.br\/wp-content\/uploads\/2023\/12\/depositphotos-206941690-l.jpg?fit=1200%2C638&ssl=1&resize=1050%2C600 3x"},"classes":[]},{"id":21308,"url":"https:\/\/noticiasribeiraopreto.com.br\/index.php\/2023\/12\/27\/3-sinais-para-reconhecer-um-ataque-cardiaco\/","url_meta":{"origin":17897,"position":1},"title":"3 sinais para reconhecer um ataque card\u00edaco","author":"noticiasribeiraopreto.com.br","date":"27 de December de 2023","format":false,"excerpt":"Cr\u00e9ditos: LightFieldStudios\/istockO ataque card\u00edaco, muitas vezes acusados por uma dor no peito, \u00e9 uma emerg\u00eancia m\u00e9dica que requer aten\u00e7\u00e3o imediata \u2013 iStock\/Getty Images Segundo a Organiza\u00e7\u00e3o Mundial da Sa\u00fade (OMS), 18 milh\u00f5es de pessoas morrem por ano em decorr\u00eancia de doen\u00e7as cardiovasculares, que compreendem complica\u00e7\u00f5es card\u00edacas fatais como doen\u00e7a card\u00edaca\u2026","rel":"","context":"In &quot;Variedades&quot;","block_context":{"text":"Variedades","link":"https:\/\/noticiasribeiraopreto.com.br\/index.php\/category\/variedades\/"},"img":{"alt_text":"","src":"https:\/\/i0.wp.com\/noticiasribeiraopreto.com.br\/wp-content\/uploads\/2023\/12\/istock-1032581752.jpg?fit=1200%2C638&ssl=1&resize=350%2C200","width":350,"height":200,"srcset":"https:\/\/i0.wp.com\/noticiasribeiraopreto.com.br\/wp-content\/uploads\/2023\/12\/istock-1032581752.jpg?fit=1200%2C638&ssl=1&resize=350%2C200 1x, https:\/\/i0.wp.com\/noticiasribeiraopreto.com.br\/wp-content\/uploads\/2023\/12\/istock-1032581752.jpg?fit=1200%2C638&ssl=1&resize=525%2C300 1.5x, https:\/\/i0.wp.com\/noticiasribeiraopreto.com.br\/wp-content\/uploads\/2023\/12\/istock-1032581752.jpg?fit=1200%2C638&ssl=1&resize=700%2C400 2x, https:\/\/i0.wp.com\/noticiasribeiraopreto.com.br\/wp-content\/uploads\/2023\/12\/istock-1032581752.jpg?fit=1200%2C638&ssl=1&resize=1050%2C600 3x"},"classes":[]},{"id":19850,"url":"https:\/\/noticiasribeiraopreto.com.br\/index.php\/2023\/12\/23\/problema-nos-olhos-pode-ser-sintoma-de-assassino-silencioso\/","url_meta":{"origin":17897,"position":2},"title":"Problema nos olhos pode ser sintoma de assassino silencioso","author":"noticiasribeiraopreto.com.br","date":"23 de December de 2023","format":false,"excerpt":"Apelidada de assassina silenciosa, a press\u00e3o alta muitas vezes se estabelece sem chamar muita aten\u00e7\u00e3o. Os sintomas nem sempre s\u00e3o evidentes, mas um sinal revelador pode estar relacionado aos olhos. Os efeitos da hipertens\u00e3o na sa\u00fade ocular dependem inteiramente de qu\u00e3o alta ou descontrolada est\u00e1 a press\u00e3o arterial. A condi\u00e7\u00e3o\u2026","rel":"","context":"In &quot;Variedades&quot;","block_context":{"text":"Variedades","link":"https:\/\/noticiasribeiraopreto.com.br\/index.php\/category\/variedades\/"},"img":{"alt_text":"","src":"https:\/\/i0.wp.com\/noticiasribeiraopreto.com.br\/wp-content\/uploads\/2023\/12\/depositphotos-574322494-l.jpg?fit=1200%2C638&ssl=1&resize=350%2C200","width":350,"height":200,"srcset":"https:\/\/i0.wp.com\/noticiasribeiraopreto.com.br\/wp-content\/uploads\/2023\/12\/depositphotos-574322494-l.jpg?fit=1200%2C638&ssl=1&resize=350%2C200 1x, https:\/\/i0.wp.com\/noticiasribeiraopreto.com.br\/wp-content\/uploads\/2023\/12\/depositphotos-574322494-l.jpg?fit=1200%2C638&ssl=1&resize=525%2C300 1.5x, https:\/\/i0.wp.com\/noticiasribeiraopreto.com.br\/wp-content\/uploads\/2023\/12\/depositphotos-574322494-l.jpg?fit=1200%2C638&ssl=1&resize=700%2C400 2x, https:\/\/i0.wp.com\/noticiasribeiraopreto.com.br\/wp-content\/uploads\/2023\/12\/depositphotos-574322494-l.jpg?fit=1200%2C638&ssl=1&resize=1050%2C600 3x"},"classes":[]},{"id":3931,"url":"https:\/\/noticiasribeiraopreto.com.br\/index.php\/2023\/11\/20\/suplemento-reduz-o-risco-de-ataque-cardiaco-aponta-estudo\/","url_meta":{"origin":17897,"position":3},"title":"Suplemento reduz o risco de ataque card\u00edaco, aponta estudo","author":"noticiasribeiraopreto.com.br","date":"20 de November de 2023","format":false,"excerpt":"Cr\u00e9ditos: Getty ImagesGupo que recebeu suplemento de vitamina D teve at\u00e9 seis vezes menos incid\u00eancia de eventos card\u00edacos \u2013 iStock\/Getty Images A possibilidade de que um suplemento de determinada vitamina possa ter efeito protetor contra eventual ataque card\u00edaco foi observada por um estudo recente, publicado pelo instituto British Medical Journal\u2026","rel":"","context":"In &quot;Variedades&quot;","block_context":{"text":"Variedades","link":"https:\/\/noticiasribeiraopreto.com.br\/index.php\/category\/variedades\/"},"img":{"alt_text":"","src":"https:\/\/i0.wp.com\/noticiasribeiraopreto.com.br\/wp-content\/uploads\/2023\/11\/istock-135385338.jpg?fit=1200%2C638&ssl=1&resize=350%2C200","width":350,"height":200,"srcset":"https:\/\/i0.wp.com\/noticiasribeiraopreto.com.br\/wp-content\/uploads\/2023\/11\/istock-135385338.jpg?fit=1200%2C638&ssl=1&resize=350%2C200 1x, https:\/\/i0.wp.com\/noticiasribeiraopreto.com.br\/wp-content\/uploads\/2023\/11\/istock-135385338.jpg?fit=1200%2C638&ssl=1&resize=525%2C300 1.5x, https:\/\/i0.wp.com\/noticiasribeiraopreto.com.br\/wp-content\/uploads\/2023\/11\/istock-135385338.jpg?fit=1200%2C638&ssl=1&resize=700%2C400 2x, https:\/\/i0.wp.com\/noticiasribeiraopreto.com.br\/wp-content\/uploads\/2023\/11\/istock-135385338.jpg?fit=1200%2C638&ssl=1&resize=1050%2C600 3x"},"classes":[]},{"id":20084,"url":"https:\/\/noticiasribeiraopreto.com.br\/index.php\/2023\/12\/24\/som-emitido-durante-o-sono-pode-revelar-doenca-cardiaca\/","url_meta":{"origin":17897,"position":4},"title":"Som emitido durante o sono pode revelar doen\u00e7a card\u00edaca","author":"noticiasribeiraopreto.com.br","date":"24 de December de 2023","format":false,"excerpt":"Cr\u00e9ditos: cyano66\/istockA sensa\u00e7\u00e3o de cora\u00e7\u00e3o acelerado, palpitante ou tremendo leva o nome de palpita\u00e7\u00e3o. Saiba por que esse som emitido durante o sono pode indicar doen\u00e7a card\u00edaca \u2013 iStock\/Getty Images Tamb\u00e9m conhecida como doen\u00e7a arterial coronariana, a doen\u00e7a isqu\u00eamica do cora\u00e7\u00e3o ocorre quando o suprimento de sangue do \u00f3rg\u00e3o \u00e9\u2026","rel":"","context":"In &quot;Variedades&quot;","block_context":{"text":"Variedades","link":"https:\/\/noticiasribeiraopreto.com.br\/index.php\/category\/variedades\/"},"img":{"alt_text":"","src":"https:\/\/i0.wp.com\/noticiasribeiraopreto.com.br\/wp-content\/uploads\/2023\/12\/istock-1353954035-1.jpg?fit=1200%2C638&ssl=1&resize=350%2C200","width":350,"height":200,"srcset":"https:\/\/i0.wp.com\/noticiasribeiraopreto.com.br\/wp-content\/uploads\/2023\/12\/istock-1353954035-1.jpg?fit=1200%2C638&ssl=1&resize=350%2C200 1x, https:\/\/i0.wp.com\/noticiasribeiraopreto.com.br\/wp-content\/uploads\/2023\/12\/istock-1353954035-1.jpg?fit=1200%2C638&ssl=1&resize=525%2C300 1.5x, https:\/\/i0.wp.com\/noticiasribeiraopreto.com.br\/wp-content\/uploads\/2023\/12\/istock-1353954035-1.jpg?fit=1200%2C638&ssl=1&resize=700%2C400 2x, https:\/\/i0.wp.com\/noticiasribeiraopreto.com.br\/wp-content\/uploads\/2023\/12\/istock-1353954035-1.jpg?fit=1200%2C638&ssl=1&resize=1050%2C600 3x"},"classes":[]},{"id":6025,"url":"https:\/\/noticiasribeiraopreto.com.br\/index.php\/2023\/11\/24\/jovem-morre-aos-27-anos-durante-cochilo-entenda-a-causa\/","url_meta":{"origin":17897,"position":5},"title":"Jovem morre aos 27 anos durante cochilo; entenda a causa","author":"noticiasribeiraopreto.com.br","date":"24 de November de 2023","format":false,"excerpt":"Um rapaz de 27 anos que estava aparentemente saud\u00e1vel teve uma morte s\u00fabita durante um cochilo.Jono Stead praticava esportes, tinha iniciado seu pr\u00f3prio neg\u00f3cio e estava prestes a se casar. Segundo a fam\u00edlia, ele tinha um problema card\u00edaco n\u00e3o diagnosticado e morreu cerca de 40 minutos ap\u00f3s ter ido dormir.Cr\u00e9ditos:\u2026","rel":"","context":"In &quot;Variedades&quot;","block_context":{"text":"Variedades","link":"https:\/\/noticiasribeiraopreto.com.br\/index.php\/category\/variedades\/"},"img":{"alt_text":"","src":"https:\/\/i0.wp.com\/noticiasribeiraopreto.com.br\/wp-content\/uploads\/2023\/11\/1700855533218090.jpg?fit=1200%2C638&ssl=1&resize=350%2C200","width":350,"height":200,"srcset":"https:\/\/i0.wp.com\/noticiasribeiraopreto.com.br\/wp-content\/uploads\/2023\/11\/1700855533218090.jpg?fit=1200%2C638&ssl=1&resize=350%2C200 1x, https:\/\/i0.wp.com\/noticiasribeiraopreto.com.br\/wp-content\/uploads\/2023\/11\/1700855533218090.jpg?fit=1200%2C638&ssl=1&resize=525%2C300 1.5x, https:\/\/i0.wp.com\/noticiasribeiraopreto.com.br\/wp-content\/uploads\/2023\/11\/1700855533218090.jpg?fit=1200%2C638&ssl=1&resize=700%2C400 2x, https:\/\/i0.wp.com\/noticiasribeiraopreto.com.br\/wp-content\/uploads\/2023\/11\/1700855533218090.jpg?fit=1200%2C638&ssl=1&resize=1050%2C600 3x"},"classes":[]}],"jetpack_sharing_enabled":true,"jetpack_shortlink":"https:\/\/wp.me\/peQAOb-4EF","_links":{"self":[{"href":"https:\/\/noticiasribeiraopreto.com.br\/index.php\/wp-json\/wp\/v2\/posts\/17897","targetHints":{"allow":["GET"]}}],"collection":[{"href":"https:\/\/noticiasribeiraopreto.com.br\/index.php\/wp-json\/wp\/v2\/posts"}],"about":[{"href":"https:\/\/noticiasribeiraopreto.com.br\/index.php\/wp-json\/wp\/v2\/types\/post"}],"author":[{"embeddable":true,"href":"https:\/\/noticiasribeiraopreto.com.br\/index.php\/wp-json\/wp\/v2\/users\/1"}],"replies":[{"embeddable":true,"href":"https:\/\/noticiasribeiraopreto.com.br\/index.php\/wp-json\/wp\/v2\/comments?post=17897"}],"version-history":[{"count":0,"href":"https:\/\/noticiasribeiraopreto.com.br\/index.php\/wp-json\/wp\/v2\/posts\/17897\/revisions"}],"wp:featuredmedia":[{"embeddable":true,"href":"https:\/\/noticiasribeiraopreto.com.br\/index.php\/wp-json\/wp\/v2\/media\/17898"}],"wp:attachment":[{"href":"https:\/\/noticiasribeiraopreto.com.br\/index.php\/wp-json\/wp\/v2\/media?parent=17897"}],"wp:term":[{"taxonomy":"category","embeddable":true,"href":"https:\/\/noticiasribeiraopreto.com.br\/index.php\/wp-json\/wp\/v2\/categories?post=17897"},{"taxonomy":"post_tag","embeddable":true,"href":"https:\/\/noticiasribeiraopreto.com.br\/index.php\/wp-json\/wp\/v2\/tags?post=17897"}],"curies":[{"name":"wp","href":"https:\/\/api.w.org\/{rel}","templated":true}]}}