{"id":17899,"date":"2023-12-19T11:20:21","date_gmt":"2023-12-19T14:20:21","guid":{"rendered":"https:\/\/noticiasribeiraopreto.com.br\/index.php\/2023\/12\/19\/6-profissoes-que-tem-emprego-garantido-na-europa-meu-valor-digital\/"},"modified":"2023-12-19T11:20:21","modified_gmt":"2023-12-19T14:20:21","slug":"6-profissoes-que-tem-emprego-garantido-na-europa-meu-valor-digital","status":"publish","type":"post","link":"https:\/\/noticiasribeiraopreto.com.br\/index.php\/2023\/12\/19\/6-profissoes-que-tem-emprego-garantido-na-europa-meu-valor-digital\/","title":{"rendered":"6 profiss\u00f5es que tem emprego garantido na Europa &#8211; Meu Valor Digital"},"content":{"rendered":"<div class='code-block code-block-1' style='margin: 8px 0 8px auto; text-align: right; display: block; clear: both;'>\n<p><a href=\"https:\/\/wa.link\/vpicfd\"><img data-recalc-dims=\"1\" class=\"wp-image-4922\" style=\"aspect-ratio: 2.0253164556962027; width: 561px; height: auto;\" src=\"https:\/\/i0.wp.com\/ismaelcolosi.com.br\/wp-content\/uploads\/2023\/11\/grupo-de-empregos-whatsapp-e-facebook-ismael-colosi-vagas.jpg?ssl=1\" alt=\"\" \/><\/a><\/p>\n<!-- \/wp:image -->\n<\/div>\n<p> <br \/>\n<\/p>\n<div>\n<p>Diversos pa\u00edses da Europa como a Alemanha e Reino Unido enfrenta o envelhecimento populacional, baixas taxas de natalidade e a consequente mudan\u00e7a do mercado de trabalho frente ao cen\u00e1rio p\u00f3s-pandemia.<\/p>\n<p>Para se ter dimens\u00e3o da problem\u00e1tica enfrentada por estes pa\u00edses, somente no Reino Unidos, por exemplo, existem mais de um milh\u00e3o de vagas de emprego sobrando, que n\u00e3o possuem candidatos aptos a preench\u00ea-las, os dados s\u00e3o do Departamento Nacional de Estat\u00edsticas do Reino Unido, o <a href=\"https:\/\/www.ons.gov.uk\/\">Office for National Statistics<\/a>.<\/p>\n<p>Diante desse cen\u00e1rio, os pa\u00edses que vem enfrentando estes problemas est\u00e3o facilitando a entrada de imigrantes nesses pa\u00edses para garantir que essas vagas de emprego possam ser ocupadas, de modo a garantir a manuten\u00e7\u00e3o, qualidade de vida e economia desses pa\u00edses.<\/p>\n<p>Logo, se voc\u00ea tem o sonho de morar e construir uma carreira profissional em outro pa\u00eds, em especial, pa\u00edses do velho continente, \u00e9 importante ficar atento em quais s\u00e3o as profiss\u00f5es mais requisitadas nesses pa\u00edses, e verificar se alguma delas pode se encaixar no seu perfil.<\/p>\n<p>Se o seu objetivo \u00e9 mudar para algum pa\u00eds da Europa, saiba que diversos pa\u00edses do velho continente est\u00e3o enfrentando problemas de m\u00e3o de obra, dessa maneira, se voc\u00ea possu\u00ed alguma dessas profiss\u00f5es, ter\u00e1 grandes facilidades para conseguir emprego fora:<\/p>\n<h3 class=\"wp-block-heading\" id=\"h-1-enfermagem\"><strong>1. Enfermagem<\/strong><\/h3>\n<p>A crise na \u00e1rea de sa\u00fade, agravada pelo envelhecimento acelerado das popula\u00e7\u00f5es nos pa\u00edses mais desenvolvidos, destaca-se como um desafio global. A demanda crescente por profissionais qualificados, especialmente na enfermagem, revela a necessidade urgente de cuidados dedicados aos idosos.<\/p>\n<p>No Reino Unido, dados do Office for National Statistics evidenciam a car\u00eancia de profissionais de enfermagem, enquanto na Alemanha a escassez \u00e9 t\u00e3o alarmante que levou ao fechamento de algumas cl\u00ednicas.<\/p>\n<p>A enfermagem n\u00e3o \u00e9 apenas uma profiss\u00e3o, mas uma voca\u00e7\u00e3o que visa promover, manter e restabelecer a sa\u00fade das pessoas. Colaborando estreitamente com outros profissionais, como m\u00e9dicos, nutricionistas, fisioterapeutas e psic\u00f3logos, o enfermeiro desempenha um papel vital no sistema de sa\u00fade, enfrentando desafios crescentes diante das mudan\u00e7as demogr\u00e1ficas globais.<\/p>\n<h3 class=\"wp-block-heading\" id=\"h-2-engenharia-florestal\"><strong>2. Engenharia Florestal<\/strong><\/h3>\n<p>O cen\u00e1rio clim\u00e1tico urgente impulsiona a demanda por engenheiros florestais, uma especialidade essencial para a preserva\u00e7\u00e3o dos recursos naturais. Na Finl\u00e2ndia e na Dinamarca, pa\u00edses conhecidos por seu desenvolvimento, a necessidade de talentos em setores t\u00e9cnicos, incluindo engenharia florestal, \u00e9 not\u00e1vel. A Comiss\u00e3o Europeia revela que 42% das empresas dinamarquesas enfrentam dificuldades na contrata\u00e7\u00e3o, destacando a urg\u00eancia dessa profiss\u00e3o.<\/p>\n<p>A miss\u00e3o do engenheiro florestal envolve a avalia\u00e7\u00e3o do potencial dos ecossistemas florestais e o planejamento sustent\u00e1vel de sua explora\u00e7\u00e3o, sempre com o objetivo de preservar o equil\u00edbrio dos ecossistemas e do bioma. Em meio \u00e0 crise clim\u00e1tica, essa especialidade torna-se crucial para garantir a coexist\u00eancia harmoniosa entre a humanidade e a natureza.<\/p>\n<p>Leia tamb\u00e9m | <a href=\"https:\/\/meuvalordigital.com.br\/10-novas-profissoes-que-acabaram-de-surgir-para-voce-se-destacar\/\">10 novas profiss\u00f5es que acabaram de surgir para voc\u00ea se destacar<\/a><\/p>\n<h3 class=\"wp-block-heading\" id=\"h-3-tecnologia-da-informacao\"><strong>3. Tecnologia da Informa\u00e7\u00e3o<\/strong><\/h3>\n<p>A revolu\u00e7\u00e3o digital traz consigo a crescente necessidade de especialistas em Tecnologia da Informa\u00e7\u00e3o (TI). Na Alemanha, a escassez de m\u00e3o de obra qualificada \u00e9 evidente, com a TI figurando entre os setores mais afetados, conforme relatos da Ag\u00eancia Federal de Emprego em Nuremberg. Na Europa, a Eurofound destaca as lacunas de habilidades, especialmente na TI, onde as empresas enfrentam dificuldades em encontrar profissionais qualificados.<\/p>\n<p>Os profissionais de TI s\u00e3o arquitetos digitais, respons\u00e1veis pelo desenvolvimento e gest\u00e3o dos sistemas tecnol\u00f3gicos de uma empresa. Em um mundo cada vez mais conectado, a demanda por esses especialistas transcende fronteiras lingu\u00edsticas, com muitas empresas europeias aceitando o ingl\u00eas como idioma suficiente. Seja na cria\u00e7\u00e3o de sistemas internos, na manuten\u00e7\u00e3o de tecnologias ou no desenvolvimento de aplicativos, a TI emerge como uma das \u00e1reas de maior crescimento, desempenhando um papel central na transforma\u00e7\u00e3o digital do mundo contempor\u00e2neo.<\/p>\n<h3 class=\"wp-block-heading\" id=\"h-4-contabilidade\"><strong>4. Contabilidade<\/strong><\/h3>\n<p>Na B\u00e9lgica, uma grande quantidade de profiss\u00f5es enfrenta uma escassez de talentos, conforme aponta a Rede Europeia de Coopera\u00e7\u00e3o dos Servi\u00e7os de Emprego (EURES). Na vanguarda dessa defici\u00eancia est\u00e1 a \u00e1rea de Finan\u00e7as, com uma car\u00eancia not\u00e1vel na \u00e1rea de Contabilidade.<\/p>\n<p>Aqueles que optam por uma gradua\u00e7\u00e3o nesse campo assumem a responsabilidade de gerenciar as finan\u00e7as de uma empresa. Este profissional \u00e9 respons\u00e1vel por organizar o registro e controle meticulosos das receitas, despesas e lucros. Coordenando e supervisionando os registros de neg\u00f3cios, como compras, vendas, investimentos e aplica\u00e7\u00f5es, o contador proporciona uma vis\u00e3o clara e precisa do patrim\u00f4nio e sa\u00fade financeira da empresa.<\/p>\n<h3 class=\"wp-block-heading\" id=\"h-5-turismo\"><strong>5. Turismo<\/strong><\/h3>\n<p>Em Portugal, o setor de turismo e hotelaria se destaca como um pilar crucial da economia. O ressurgimento das viagens, ap\u00f3s um per\u00edodo de decl\u00ednio durante a pandemia, elevou a demanda por profissionais qualificados. Em 2021, a Associa\u00e7\u00e3o da Hotelaria, Restaura\u00e7\u00e3o e Similares de Portugal (Ahresp) j\u00e1 alertava para a escassez de cerca de 40 mil trabalhadores no turismo.<\/p>\n<p>Enquanto isso, na Espanha, a empresa de recursos humanos Randstad estima a necessidade de pelo menos 60 mil trabalhadores adicionais para atender \u00e0 demanda crescente. Em janeiro de 2023, a Espanha recebeu 4,1 milh\u00f5es de turistas internacionais, conforme dados do Instituto Nacional de Estat\u00edstica (INE).<\/p>\n<p>Os profissionais do turismo desempenham um papel que os envolve no planejamento, organiza\u00e7\u00e3o, promo\u00e7\u00e3o e divulga\u00e7\u00e3o de viagens, eventos e atividades de lazer e neg\u00f3cios. Suas responsabilidades incluem elaborar roteiros, acompanhar turistas e gerenciar feiras, congressos e exposi\u00e7\u00f5es. Em ag\u00eancias, operadoras e plataformas tur\u00edsticas, lideram as vendas de passagens e reservas em hot\u00e9is.<\/p>\n<h3 class=\"wp-block-heading\" id=\"h-6-farmacia\"><strong>6. Farm\u00e1cia<\/strong><\/h3>\n<p>A escassez de profissionais qualificados na \u00e1rea da sa\u00fade tamb\u00e9m se estende \u00e0 necessidade urgente de farmac\u00eauticos em pa\u00edses europeus. Esse profissional desempenha um papel crucial na pesquisa e teste de subst\u00e2ncias para a composi\u00e7\u00e3o de rem\u00e9dios, cosm\u00e9ticos, alimentos e produtos de higiene pessoal. Sua atua\u00e7\u00e3o abrange desde o registro de medicamentos at\u00e9 a distribui\u00e7\u00e3o e comercializa\u00e7\u00e3o de produtos, assegurando o cumprimento rigoroso das normas sanit\u00e1rias.<\/p>\n<\/div>\n<p><br \/>\n<br \/><a href=\"https:\/\/meuvalordigital.com.br\/6-profissoes-que-tem-emprego-garantido-na-europa\/\">Source link <\/a><\/p>\n<!-- CONTENT END 1 -->\n","protected":false},"excerpt":{"rendered":"<p>Diversos pa\u00edses da Europa como a Alemanha e Reino Unido enfrenta o envelhecimento populacional, baixas taxas de natalidade e a consequente mudan\u00e7a do mercado de&#8230;<\/p>\n","protected":false},"author":1,"featured_media":17900,"comment_status":"open","ping_status":"open","sticky":false,"template":"","format":"standard","meta":{"advanced_seo_description":"","jetpack_seo_html_title":"","jetpack_seo_noindex":false,"jetpack_post_was_ever_published":false,"_jetpack_newsletter_access":"","_jetpack_dont_email_post_to_subs":false,"_jetpack_newsletter_tier_id":0,"_jetpack_memberships_contains_paywalled_content":false,"_jetpack_memberships_contains_paid_content":false,"footnotes":"","jetpack_publicize_message":"","jetpack_publicize_feature_enabled":true,"jetpack_social_post_already_shared":true,"jetpack_social_options":{"image_generator_settings":{"template":"highway","default_image_id":0,"font":"","enabled":false},"version":2}},"categories":[7],"tags":[],"class_list":["post-17899","post","type-post","status-publish","format-standard","has-post-thumbnail","hentry","category-vagas-de-empregos-em-ribeirao-preto-regiao-brasil"],"jetpack_publicize_connections":[],"jetpack_featured_media_url":"https:\/\/i0.wp.com\/noticiasribeiraopreto.com.br\/wp-content\/uploads\/2023\/12\/jovem-brasileiro-na-europa.jpg?fit=1206%2C805&ssl=1","jetpack-related-posts":[{"id":14810,"url":"https:\/\/noticiasribeiraopreto.com.br\/index.php\/2023\/12\/12\/estes-sao-os-10-maiores-e-10-menores-paises-do-mundo-meu-valor-digital\/","url_meta":{"origin":17899,"position":0},"title":"Estes s\u00e3o os 10 maiores e 10 menores pa\u00edses do mundo &#8211; Meu Valor Digital","author":"noticiasribeiraopreto.com.br","date":"12 de December de 2023","format":false,"excerpt":"No mundo, existem quase 200 pa\u00edses, para ser mais preciso, 193 pa\u00edses, de acordo com a Organiza\u00e7\u00e3o das Na\u00e7\u00f5es Unidas. Alguns desses pa\u00edses s\u00e3o pequenos, enquanto outros s\u00e3o gigantes, equipar\u00e1veis a um continente inteiro. Em um desses gigantes, o maior pa\u00eds do mundo, o sol nunca se p\u00f5e devido \u00e0\u2026","rel":"","context":"In &quot;Vagas de Emprego em Ribeir\u00e3o Preto-SP&quot;","block_context":{"text":"Vagas de Emprego em Ribeir\u00e3o Preto-SP","link":"https:\/\/noticiasribeiraopreto.com.br\/index.php\/category\/empregos-classificados-vagas-trabalho\/vagas-de-empregos-em-ribeirao-preto-regiao-brasil\/"},"img":{"alt_text":"","src":"https:\/\/i0.wp.com\/noticiasribeiraopreto.com.br\/wp-content\/uploads\/2023\/12\/segurando-o-globo-com-a-maos.jpg?fit=1200%2C801&ssl=1&resize=350%2C200","width":350,"height":200,"srcset":"https:\/\/i0.wp.com\/noticiasribeiraopreto.com.br\/wp-content\/uploads\/2023\/12\/segurando-o-globo-com-a-maos.jpg?fit=1200%2C801&ssl=1&resize=350%2C200 1x, https:\/\/i0.wp.com\/noticiasribeiraopreto.com.br\/wp-content\/uploads\/2023\/12\/segurando-o-globo-com-a-maos.jpg?fit=1200%2C801&ssl=1&resize=525%2C300 1.5x, https:\/\/i0.wp.com\/noticiasribeiraopreto.com.br\/wp-content\/uploads\/2023\/12\/segurando-o-globo-com-a-maos.jpg?fit=1200%2C801&ssl=1&resize=700%2C400 2x, https:\/\/i0.wp.com\/noticiasribeiraopreto.com.br\/wp-content\/uploads\/2023\/12\/segurando-o-globo-com-a-maos.jpg?fit=1200%2C801&ssl=1&resize=1050%2C600 3x"},"classes":[]},{"id":16398,"url":"https:\/\/noticiasribeiraopreto.com.br\/index.php\/2023\/12\/15\/qual-exame-de-proficiencia-em-ingles-fazer\/","url_meta":{"origin":17899,"position":1},"title":"Qual exame de profici\u00eancia em ingl\u00eas fazer?","author":"noticiasribeiraopreto.com.br","date":"15 de December de 2023","format":false,"excerpt":"O teste de profici\u00eancia em ingl\u00eas \u00e9 um pr\u00e9-requisito para quem deseja fazer uma carreira internacional. Os dois mais aceitos no mundo s\u00e3o o IELTS e o TOEFL. Saber qual deles \u00e9 o melhor depende especificamente do seu objetivo. Os dois exames s\u00e3o um dos pr\u00e9-requisitos do processo seletivo para\u2026","rel":"","context":"In &quot;Variedades&quot;","block_context":{"text":"Variedades","link":"https:\/\/noticiasribeiraopreto.com.br\/index.php\/category\/variedades\/"},"img":{"alt_text":"","src":"https:\/\/i0.wp.com\/noticiasribeiraopreto.com.br\/wp-content\/uploads\/2023\/12\/ielts-toefl.jpg?fit=1200%2C638&ssl=1&resize=350%2C200","width":350,"height":200,"srcset":"https:\/\/i0.wp.com\/noticiasribeiraopreto.com.br\/wp-content\/uploads\/2023\/12\/ielts-toefl.jpg?fit=1200%2C638&ssl=1&resize=350%2C200 1x, https:\/\/i0.wp.com\/noticiasribeiraopreto.com.br\/wp-content\/uploads\/2023\/12\/ielts-toefl.jpg?fit=1200%2C638&ssl=1&resize=525%2C300 1.5x, https:\/\/i0.wp.com\/noticiasribeiraopreto.com.br\/wp-content\/uploads\/2023\/12\/ielts-toefl.jpg?fit=1200%2C638&ssl=1&resize=700%2C400 2x, https:\/\/i0.wp.com\/noticiasribeiraopreto.com.br\/wp-content\/uploads\/2023\/12\/ielts-toefl.jpg?fit=1200%2C638&ssl=1&resize=1050%2C600 3x"},"classes":[]},{"id":19319,"url":"https:\/\/noticiasribeiraopreto.com.br\/index.php\/2023\/12\/22\/vattenfall-demonstra-compromisso-com-o-setor-offshore-no-reino-unido-renews-noticias-de-energias-renovaveis-no-reino-unido\/","url_meta":{"origin":17899,"position":2},"title":"Vattenfall demonstra compromisso com o setor offshore no Reino Unido &#8211; reNews &#8211; Not\u00edcias de Energias Renov\u00e1veis no Reino Unido","author":"noticiasribeiraopreto.com.br","date":"22 de December de 2023","format":false,"excerpt":"Vattenfall e a transi\u00e7\u00e3o para energia offshore no Reino Unido \u2013 FOTO: \u00a92023 Re News.Biz RWE adquire zona e\u00f3lica de Norfolk por 4,2 GW. Compromisso refor\u00e7a capacidade e\u00f3lica offshore da empresa e eletricidade livre. A Vattenfall reafirmou seu compromisso com o setor e\u00f3lico offshore ap\u00f3s assinar um acordo com a\u2026","rel":"","context":"In &quot;Vagas de Emprego em Ribeir\u00e3o Preto-SP&quot;","block_context":{"text":"Vagas de Emprego em Ribeir\u00e3o Preto-SP","link":"https:\/\/noticiasribeiraopreto.com.br\/index.php\/category\/empregos-classificados-vagas-trabalho\/vagas-de-empregos-em-ribeirao-preto-regiao-brasil\/"},"img":{"alt_text":"","src":"https:\/\/i0.wp.com\/noticiasribeiraopreto.com.br\/wp-content\/uploads\/2023\/12\/vattenfall-demonstra-compromisso-com-o-setor-offshore-no-reino-unido-renews-noticias-de-energias-renovaveis-no-reino-unido.jpg?fit=624%2C450&ssl=1&resize=350%2C200","width":350,"height":200,"srcset":"https:\/\/i0.wp.com\/noticiasribeiraopreto.com.br\/wp-content\/uploads\/2023\/12\/vattenfall-demonstra-compromisso-com-o-setor-offshore-no-reino-unido-renews-noticias-de-energias-renovaveis-no-reino-unido.jpg?fit=624%2C450&ssl=1&resize=350%2C200 1x, https:\/\/i0.wp.com\/noticiasribeiraopreto.com.br\/wp-content\/uploads\/2023\/12\/vattenfall-demonstra-compromisso-com-o-setor-offshore-no-reino-unido-renews-noticias-de-energias-renovaveis-no-reino-unido.jpg?fit=624%2C450&ssl=1&resize=525%2C300 1.5x"},"classes":[]},{"id":23610,"url":"https:\/\/noticiasribeiraopreto.com.br\/index.php\/2024\/01\/02\/scotrail-esta-contratando-no-reino-unido\/","url_meta":{"origin":17899,"position":3},"title":"ScotRail est\u00e1 contratando no Reino Unido","author":"noticiasribeiraopreto.com.br","date":"2 de January de 2024","format":false,"excerpt":"Vagas na Esc\u00f3cia \u2013 Foto:Inverness Courier. A ScotRail est\u00e1 com sua maior campanha de recrutamento e tem centenas de vagas na Esc\u00f3cia. Saiba mais e veja como se candidatar! A ScotRail, uma empresa ferrovi\u00e1ria escocesa, est\u00e1 com vagas na Esc\u00f3cia. Ali\u00e1s, a companhia inicia 2024 com centenas de vagas para\u2026","rel":"","context":"In &quot;Vagas de Emprego em Ribeir\u00e3o Preto-SP&quot;","block_context":{"text":"Vagas de Emprego em Ribeir\u00e3o Preto-SP","link":"https:\/\/noticiasribeiraopreto.com.br\/index.php\/category\/empregos-classificados-vagas-trabalho\/vagas-de-empregos-em-ribeirao-preto-regiao-brasil\/"},"img":{"alt_text":"","src":"https:\/\/i0.wp.com\/noticiasribeiraopreto.com.br\/wp-content\/uploads\/2024\/01\/vagas-na-escocia.jpeg?fit=660%2C360&ssl=1&resize=350%2C200","width":350,"height":200,"srcset":"https:\/\/i0.wp.com\/noticiasribeiraopreto.com.br\/wp-content\/uploads\/2024\/01\/vagas-na-escocia.jpeg?fit=660%2C360&ssl=1&resize=350%2C200 1x, https:\/\/i0.wp.com\/noticiasribeiraopreto.com.br\/wp-content\/uploads\/2024\/01\/vagas-na-escocia.jpeg?fit=660%2C360&ssl=1&resize=525%2C300 1.5x"},"classes":[]},{"id":20601,"url":"https:\/\/noticiasribeiraopreto.com.br\/index.php\/2023\/12\/26\/o-fim-do-motor-de-combustao-carros-eletricos-desafiam-definitivamente-o-legado-dos-combustiveis-fosseis\/","url_meta":{"origin":17899,"position":4},"title":"O fim do motor de combust\u00e3o? Carros el\u00e9tricos desafiam definitivamente o legado dos combust\u00edveis f\u00f3sseis","author":"noticiasribeiraopreto.com.br","date":"26 de December de 2023","format":false,"excerpt":"Foto: Divulga\u00e7\u00e3o Diante da urg\u00eancia clim\u00e1tica, a ind\u00fastria automobil\u00edstica enfrenta o desafio de transi\u00e7\u00e3o dos motores de combust\u00e3o para os el\u00e9tricos, equilibrando custos, infraestrutura e avan\u00e7os tecnol\u00f3gicos. A transi\u00e7\u00e3o do motor de combust\u00e3o para carros el\u00e9tricos (EVs) representa uma mudan\u00e7a hist\u00f3rica na mobilidade global. Enquanto ambientalistas alertam que sem a\u2026","rel":"","context":"In &quot;Vagas de Emprego em Ribeir\u00e3o Preto-SP&quot;","block_context":{"text":"Vagas de Emprego em Ribeir\u00e3o Preto-SP","link":"https:\/\/noticiasribeiraopreto.com.br\/index.php\/category\/empregos-classificados-vagas-trabalho\/vagas-de-empregos-em-ribeirao-preto-regiao-brasil\/"},"img":{"alt_text":"","src":"https:\/\/i0.wp.com\/noticiasribeiraopreto.com.br\/wp-content\/uploads\/2023\/12\/O-fim-do-motor-de-combustao-Carros-eletricos-desafiam-definitivamente-o-legado-dos-combustiveis-fosseis-830x450.jpg?fit=830%2C450&ssl=1&resize=350%2C200","width":350,"height":200,"srcset":"https:\/\/i0.wp.com\/noticiasribeiraopreto.com.br\/wp-content\/uploads\/2023\/12\/O-fim-do-motor-de-combustao-Carros-eletricos-desafiam-definitivamente-o-legado-dos-combustiveis-fosseis-830x450.jpg?fit=830%2C450&ssl=1&resize=350%2C200 1x, https:\/\/i0.wp.com\/noticiasribeiraopreto.com.br\/wp-content\/uploads\/2023\/12\/O-fim-do-motor-de-combustao-Carros-eletricos-desafiam-definitivamente-o-legado-dos-combustiveis-fosseis-830x450.jpg?fit=830%2C450&ssl=1&resize=525%2C300 1.5x, https:\/\/i0.wp.com\/noticiasribeiraopreto.com.br\/wp-content\/uploads\/2023\/12\/O-fim-do-motor-de-combustao-Carros-eletricos-desafiam-definitivamente-o-legado-dos-combustiveis-fosseis-830x450.jpg?fit=830%2C450&ssl=1&resize=700%2C400 2x"},"classes":[]},{"id":22623,"url":"https:\/\/noticiasribeiraopreto.com.br\/index.php\/2023\/12\/30\/nestle-oferece-empregos-para-inumeros-setores-saiba-mais\/","url_meta":{"origin":17899,"position":5},"title":"Nestl\u00e9 OFERECE EMPREGOS para in\u00fameros setores; Saiba mais!","author":"noticiasribeiraopreto.com.br","date":"30 de December de 2023","format":false,"excerpt":"A Nestl\u00e9, empresa transnacional su\u00ed\u00e7a do setor de alimentos e bebidas, que atua no Brasil h\u00e1 muitos e muitos anos, est\u00e1 com diversas oportunidades abertas no presente momento. Isto \u00e9, antes de falar mais sobre, consulte quais s\u00e3o as vagas dispon\u00edveis e suas respectivas localidades: Assistente de Atendimento (Redes Sociais)\u2026","rel":"","context":"In &quot;Vagas de Emprego em Ribeir\u00e3o Preto-SP&quot;","block_context":{"text":"Vagas de Emprego em Ribeir\u00e3o Preto-SP","link":"https:\/\/noticiasribeiraopreto.com.br\/index.php\/category\/empregos-classificados-vagas-trabalho\/vagas-de-empregos-em-ribeirao-preto-regiao-brasil\/"},"img":{"alt_text":"","src":"https:\/\/i0.wp.com\/noticiasribeiraopreto.com.br\/wp-content\/uploads\/2023\/12\/noticiasconcursos.com_.br-mais-empregos-nestle-vai-investir-quase-r3-bilhoes-para-ampliar-sua-producao-no-brasil-p-01-nestle.png?fit=708%2C495&ssl=1&resize=350%2C200","width":350,"height":200,"srcset":"https:\/\/i0.wp.com\/noticiasribeiraopreto.com.br\/wp-content\/uploads\/2023\/12\/noticiasconcursos.com_.br-mais-empregos-nestle-vai-investir-quase-r3-bilhoes-para-ampliar-sua-producao-no-brasil-p-01-nestle.png?fit=708%2C495&ssl=1&resize=350%2C200 1x, https:\/\/i0.wp.com\/noticiasribeiraopreto.com.br\/wp-content\/uploads\/2023\/12\/noticiasconcursos.com_.br-mais-empregos-nestle-vai-investir-quase-r3-bilhoes-para-ampliar-sua-producao-no-brasil-p-01-nestle.png?fit=708%2C495&ssl=1&resize=525%2C300 1.5x, https:\/\/i0.wp.com\/noticiasribeiraopreto.com.br\/wp-content\/uploads\/2023\/12\/noticiasconcursos.com_.br-mais-empregos-nestle-vai-investir-quase-r3-bilhoes-para-ampliar-sua-producao-no-brasil-p-01-nestle.png?fit=708%2C495&ssl=1&resize=700%2C400 2x"},"classes":[]}],"jetpack_sharing_enabled":true,"jetpack_shortlink":"https:\/\/wp.me\/peQAOb-4EH","_links":{"self":[{"href":"https:\/\/noticiasribeiraopreto.com.br\/index.php\/wp-json\/wp\/v2\/posts\/17899","targetHints":{"allow":["GET"]}}],"collection":[{"href":"https:\/\/noticiasribeiraopreto.com.br\/index.php\/wp-json\/wp\/v2\/posts"}],"about":[{"href":"https:\/\/noticiasribeiraopreto.com.br\/index.php\/wp-json\/wp\/v2\/types\/post"}],"author":[{"embeddable":true,"href":"https:\/\/noticiasribeiraopreto.com.br\/index.php\/wp-json\/wp\/v2\/users\/1"}],"replies":[{"embeddable":true,"href":"https:\/\/noticiasribeiraopreto.com.br\/index.php\/wp-json\/wp\/v2\/comments?post=17899"}],"version-history":[{"count":0,"href":"https:\/\/noticiasribeiraopreto.com.br\/index.php\/wp-json\/wp\/v2\/posts\/17899\/revisions"}],"wp:featuredmedia":[{"embeddable":true,"href":"https:\/\/noticiasribeiraopreto.com.br\/index.php\/wp-json\/wp\/v2\/media\/17900"}],"wp:attachment":[{"href":"https:\/\/noticiasribeiraopreto.com.br\/index.php\/wp-json\/wp\/v2\/media?parent=17899"}],"wp:term":[{"taxonomy":"category","embeddable":true,"href":"https:\/\/noticiasribeiraopreto.com.br\/index.php\/wp-json\/wp\/v2\/categories?post=17899"},{"taxonomy":"post_tag","embeddable":true,"href":"https:\/\/noticiasribeiraopreto.com.br\/index.php\/wp-json\/wp\/v2\/tags?post=17899"}],"curies":[{"name":"wp","href":"https:\/\/api.w.org\/{rel}","templated":true}]}}