{"id":17908,"date":"2023-12-19T11:36:36","date_gmt":"2023-12-19T14:36:36","guid":{"rendered":"https:\/\/noticiasribeiraopreto.com.br\/index.php\/2023\/12\/19\/diadema-reabre-parque-pousada-dos-jesuitas\/"},"modified":"2023-12-19T11:36:36","modified_gmt":"2023-12-19T14:36:36","slug":"diadema-reabre-parque-pousada-dos-jesuitas","status":"publish","type":"post","link":"https:\/\/noticiasribeiraopreto.com.br\/index.php\/2023\/12\/19\/diadema-reabre-parque-pousada-dos-jesuitas\/","title":{"rendered":"Diadema reabre Parque Pousada dos Jesu\u00edtas\u00a0"},"content":{"rendered":"<div class='code-block code-block-1' style='margin: 8px 0 8px auto; text-align: right; display: block; clear: both;'>\n<p><a href=\"https:\/\/wa.link\/vpicfd\"><img data-recalc-dims=\"1\" class=\"wp-image-4922\" style=\"aspect-ratio: 2.0253164556962027; width: 561px; height: auto;\" src=\"https:\/\/i0.wp.com\/ismaelcolosi.com.br\/wp-content\/uploads\/2023\/11\/grupo-de-empregos-whatsapp-e-facebook-ismael-colosi-vagas.jpg?ssl=1\" alt=\"\" \/><\/a><\/p>\n<!-- \/wp:image -->\n<\/div>\n<p> <br \/>\n<\/p>\n<div>\n<p>O Parque Pousada dos Jesu\u00edtas, fechado durante mais de 10 anos, foi reaberto neste domingo (17\/12) pelo prefeito de Diadema, Jos\u00e9 de Filippi J\u00fanior, com muita festa e apresenta\u00e7\u00f5es culturais. O novo espa\u00e7o verde, que fica na rua Professora Vitalina Caiafa Esquivel, no Centro, \u00e9 perfeito para atividades f\u00edsicas, recreativas, de lazer e cultura. A \u00e1rea tamb\u00e9m est\u00e1 muito mais segura, contando com guarita e vigil\u00e2ncia da Guarda Civil Municipal (GCM).<\/p>\n<p>A entrega do parque \u00e9 parte da programa\u00e7\u00e3o especial preparada para o m\u00eas de dezembro pelo Executivo municipal para celebrar o anivers\u00e1rio de 64 anos da cidade, dia 8\/12.<\/p>\n<p>Com a reforma e revitaliza\u00e7\u00e3o, o parque, que tem 27,5 mil m2 de \u00e1rea, conta agora com lago e arquibancada em mosaico portugu\u00eas, playground infantil e sanit\u00e1rios com acessibilidade para pessoas com defici\u00eancia. Tamb\u00e9m foi instalada nova rede de ilumina\u00e7\u00e3o p\u00fablica, recuperadas trilhas e escadarias e instalada uma ponte de madeira sobre o espelho d\u2019\u00e1gua, onde est\u00e1 localizada uma fonte ativada por bomba hidr\u00e1ulica.<\/p>\n<p>Al\u00e9m disso, para manter a tradi\u00e7\u00e3o do espa\u00e7o, que sempre recebeu espet\u00e1culos art\u00edsticos, a reforma incluiu a instala\u00e7\u00e3o de concha ac\u00fastica para atividades culturais.<\/p>\n<p>Por ser um parque com ampla \u00e1rea verde, a revitaliza\u00e7\u00e3o foi executada evitando novas impermeabiliza\u00e7\u00f5es do solo. O aspecto hist\u00f3rico do local foi respeitado gra\u00e7as ao trabalho realizado junto ao Conselho Municipal do Patrim\u00f4nio Hist\u00f3rico.<\/p>\n<p>Garantir a seguran\u00e7a dos usu\u00e1rios do parque foi uma prioridade e, nesse sentido, al\u00e9m da guarita, o espa\u00e7o ser\u00e1 continuamente patrulhado pela GCM, cuja base \u00e9 vizinha \u00e0 \u00e1rea de lazer, como explica Wagner Feitoza, o Vaguinho, secret\u00e1rio de Meio Ambiente e Servi\u00e7os Urbanos. \u201cA popula\u00e7\u00e3o merece e tem o direito de curtir n\u00e3o s\u00f3 o parque, mas tamb\u00e9m a natureza no Centro da cidade. A seguran\u00e7a j\u00e1 est\u00e1 garantida\u201d, afirmou o secret\u00e1rio.<\/p>\n<p>Ele tamb\u00e9m enfatizou que a revitaliza\u00e7\u00e3o \u00e9 resultado do trabalho conjunto de v\u00e1rias secretarias. Al\u00e9m de Meio Ambiente e Servi\u00e7os Urbanos, as de Esporte e Lazer, Habita\u00e7\u00e3o e Desenvolvimento Urbano, Planejamento e Gest\u00e3o, Governo e Obras tamb\u00e9m estiveram envolvidas.<\/p>\n<p>Fabiana Silva de Arruda, 39 anos, que mora no bairro Inamar, passeava feliz pelo novo espa\u00e7o com seus tr\u00eas filhos, Diego, Giovana e Diogo. Depois de dizer que n\u00e3o conhecia o lugar, falou sobre sua rea\u00e7\u00e3o ao entrar no novo espa\u00e7o de lazer. \u201cEstou admirada! Como pode ter ficado tanto tempo fechado? Passando em frente nunca imaginei que aqui tinha essa \u00e1rea t\u00e3o bonita. Pretendo frequentar mais vezes, d\u00e1 pra fazer um piquenique, uma caminhada, \u00e9 muito bom. \u00c9 um lugar ideal para trazer as crian\u00e7as. J\u00e1 conheceram o parquinho e gostaram\u201d, falou.<\/p>\n<p>Outra empolgada era Josefa Sancho, moradora do Jardim Arco-\u00cdris, e que estava acompanhada de seu filho. \u201cEstou feliz com isso aqui, a gente pode fazer academia, dan\u00e7ar, eu j\u00e1 dancei aqui hoje. Parab\u00e9ns ao prefeito por ter dado esse parque de presente para n\u00f3s. A popula\u00e7\u00e3o merece\u201d, falou.<\/p>\n<p>Depois de agradecer a todos que contribu\u00edram para a conclus\u00e3o da reforma e revitaliza\u00e7\u00e3o do parque, Jos\u00e9 de Filippi J\u00fanior, prefeito de Diadema, falou que a ideia \u00e9 oferecer ampla programa\u00e7\u00e3o cultural e esportiva no espa\u00e7o aos finais de semana. \u201cAs pessoas v\u00e3o poder vir aqui, curtir Diadema, ter um momento de lazer, de carinho com a fam\u00edlia, e \u00e9 isso que queremos. Esse parque foi feito para voc\u00eas, aqui tem academia, a fonte, tem essa beleza de natureza. Venha aqui das 7h \u00e0s 18h e voc\u00ea vai ver que beleza que est\u00e1 o parque.\u201d<\/p>\n<p>Al\u00e9m do prefeito, participaram da reinaugura\u00e7\u00e3o da Parque Pousada dos Jesu\u00edtas a vice-prefeita, Patty Ferreira, e diversas outras autoridades.<\/p>\n<\/div>\n<p><script>\n\t\t! function(f, b, e, v, n, t, s) {\n\t\t\tif (f.fbq) return;\n\t\t\tn = f.fbq = function() {\n\t\t\t\tn.callMethod ?\n\t\t\t\t\tn.callMethod.apply(n, arguments) : n.queue.push(arguments)\n\t\t\t};\n\t\t\tif (!f._fbq) f._fbq = n;\n\t\t\tn.push = n;\n\t\t\tn.loaded = !0;\n\t\t\tn.version = '2.0';\n\t\t\tn.queue = [];\n\t\t\tt = b.createElement(e);\n\t\t\tt.async = !0;\n\t\t\tt.src = v;\n\t\t\ts = b.getElementsByTagName(e)[0];\n\t\t\ts.parentNode.insertBefore(t, s)\n\t\t}(window, document, 'script',\n\t\t\t'https:\/\/connect.facebook.net\/en_US\/fbevents.js');\n\t\tfbq('init', '338315473262380');\n\t\tfbq('track', 'PageView');\n\t<\/script><br \/>\n<br \/><br \/>\n<br \/><a href=\"https:\/\/catracalivre.com.br\/vila-mundo\/diadema-reabre-parque-pousada-dos-jesuitas\/\">Source link <\/a><\/p>\n<!-- CONTENT END 1 -->\n","protected":false},"excerpt":{"rendered":"<p>O Parque Pousada dos Jesu\u00edtas, fechado durante mais de 10 anos, foi reaberto neste domingo (17\/12) pelo prefeito de Diadema, Jos\u00e9 de Filippi J\u00fanior, com&#8230;<\/p>\n","protected":false},"author":1,"featured_media":17909,"comment_status":"open","ping_status":"open","sticky":false,"template":"","format":"standard","meta":{"advanced_seo_description":"","jetpack_seo_html_title":"","jetpack_seo_noindex":false,"jetpack_post_was_ever_published":false,"_jetpack_newsletter_access":"","_jetpack_dont_email_post_to_subs":false,"_jetpack_newsletter_tier_id":0,"_jetpack_memberships_contains_paywalled_content":false,"_jetpack_memberships_contains_paid_content":false,"footnotes":"","jetpack_publicize_message":"","jetpack_publicize_feature_enabled":true,"jetpack_social_post_already_shared":true,"jetpack_social_options":{"image_generator_settings":{"template":"highway","default_image_id":0,"font":"","enabled":false},"version":2}},"categories":[19],"tags":[],"class_list":["post-17908","post","type-post","status-publish","format-standard","has-post-thumbnail","hentry","category-variedades"],"jetpack_publicize_connections":[],"jetpack_featured_media_url":"https:\/\/i0.wp.com\/noticiasribeiraopreto.com.br\/wp-content\/uploads\/2023\/12\/53403239202-6155522162-c-002-1.jpg?fit=1200%2C638&ssl=1","jetpack-related-posts":[{"id":25466,"url":"https:\/\/noticiasribeiraopreto.com.br\/index.php\/2024\/01\/07\/a-antiga-aldeia-encostada-na-capital\/","url_meta":{"origin":17908,"position":0},"title":"A antiga aldeia encostada na capital\u00a0","author":"noticiasribeiraopreto.com.br","date":"7 de January de 2024","format":false,"excerpt":"7 de janeiro de 2024 | 14:006 de janeiro de 2024 | 18:29 0Passados os festejos de final de ano e ainda no per\u00edodo de f\u00e9rias, o Tribuna Ribeir\u00e3o volta a trazer em seu caderno de turismo algumas cidades paulistas para serem curtidas e visitadas. Uma op\u00e7\u00e3o neste ver\u00e3o para\u2026","rel":"","context":"In &quot;Not\u00edcias de Ribeir\u00e3o Preto-SP e Regi\u00e3o&quot;","block_context":{"text":"Not\u00edcias de Ribeir\u00e3o Preto-SP e Regi\u00e3o","link":"https:\/\/noticiasribeiraopreto.com.br\/index.php\/category\/noticias-de-ribeirao-preto-sp-e-regiao-ismael-colosi\/"},"img":{"alt_text":"","src":"https:\/\/i0.wp.com\/noticiasribeiraopreto.com.br\/wp-content\/uploads\/2024\/01\/4-feira-scaled.jpg?fit=983%2C645&ssl=1&resize=350%2C200","width":350,"height":200,"srcset":"https:\/\/i0.wp.com\/noticiasribeiraopreto.com.br\/wp-content\/uploads\/2024\/01\/4-feira-scaled.jpg?fit=983%2C645&ssl=1&resize=350%2C200 1x, https:\/\/i0.wp.com\/noticiasribeiraopreto.com.br\/wp-content\/uploads\/2024\/01\/4-feira-scaled.jpg?fit=983%2C645&ssl=1&resize=525%2C300 1.5x, https:\/\/i0.wp.com\/noticiasribeiraopreto.com.br\/wp-content\/uploads\/2024\/01\/4-feira-scaled.jpg?fit=983%2C645&ssl=1&resize=700%2C400 2x"},"classes":[]},{"id":44815,"url":"https:\/\/noticiasribeiraopreto.com.br\/index.php\/2024\/03\/31\/orcamento-de-2025-de-ribeirao-preto-preve-parque-prometido-ha-15-anos-entenda\/","url_meta":{"origin":17908,"position":1},"title":"Or\u00e7amento de 2025 de Ribeir\u00e3o Preto prev\u00ea parque prometido h\u00e1 15 anos; Entenda","author":"noticiasribeiraopreto.com.br","date":"31 de March de 2024","format":false,"excerpt":"A LDO (Lei de Diretrizes Or\u00e7ament\u00e1rias) de Ribeir\u00e3o Preto para o ano de 2025 prev\u00ea a reforma e restaura\u00e7\u00e3o do Parque Rubem Cione, prometido h\u00e1 15 anos. Essa \u00e9 uma das propostas que ser\u00e3o discutidas em audi\u00eancia p\u00fablica, que acontece na prefeitura, na pr\u00f3xima ter\u00e7a-feira (2), a partir das 10h.\u2026","rel":"","context":"In &quot;Not\u00edcias de Ribeir\u00e3o Preto-SP e Regi\u00e3o&quot;","block_context":{"text":"Not\u00edcias de Ribeir\u00e3o Preto-SP e Regi\u00e3o","link":"https:\/\/noticiasribeiraopreto.com.br\/index.php\/category\/noticias-de-ribeirao-preto-sp-e-regiao-ismael-colosi\/"},"img":{"alt_text":"","src":"https:\/\/i0.wp.com\/noticiasribeiraopreto.com.br\/wp-content\/uploads\/2024\/03\/WhatsApp-Image-2024-03-31-at-09.03.50.jpeg?fit=1200%2C660&ssl=1&resize=350%2C200","width":350,"height":200,"srcset":"https:\/\/i0.wp.com\/noticiasribeiraopreto.com.br\/wp-content\/uploads\/2024\/03\/WhatsApp-Image-2024-03-31-at-09.03.50.jpeg?fit=1200%2C660&ssl=1&resize=350%2C200 1x, https:\/\/i0.wp.com\/noticiasribeiraopreto.com.br\/wp-content\/uploads\/2024\/03\/WhatsApp-Image-2024-03-31-at-09.03.50.jpeg?fit=1200%2C660&ssl=1&resize=525%2C300 1.5x, https:\/\/i0.wp.com\/noticiasribeiraopreto.com.br\/wp-content\/uploads\/2024\/03\/WhatsApp-Image-2024-03-31-at-09.03.50.jpeg?fit=1200%2C660&ssl=1&resize=700%2C400 2x, https:\/\/i0.wp.com\/noticiasribeiraopreto.com.br\/wp-content\/uploads\/2024\/03\/WhatsApp-Image-2024-03-31-at-09.03.50.jpeg?fit=1200%2C660&ssl=1&resize=1050%2C600 3x"},"classes":[]},{"id":60201,"url":"https:\/\/noticiasribeiraopreto.com.br\/index.php\/2024\/11\/07\/parque-roberto-genaro-em-ribeirao-preto-sera-reaberto-apos-11-anos-de-fechamento\/","url_meta":{"origin":17908,"position":2},"title":"Parque Roberto Genaro em Ribeir\u00e3o Preto Ser\u00e1 Reaberto Ap\u00f3s 11 Anos de Fechamento","author":"noticiasribeiraopreto.com.br","date":"7 de November de 2024","format":false,"excerpt":"Ap\u00f3s mais de uma d\u00e9cada fechado, o Parque Roberto Genaro, localizado em Ribeir\u00e3o Preto, est\u00e1 prestes a reabrir as portas ao p\u00fablico. Conhecido por seu grande espa\u00e7o verde e sua import\u00e2ncia como ponto de encontro e lazer para os moradores, o parque ficou fechado durante 11 anos devido a quest\u00f5es\u2026","rel":"","context":"In &quot;Not\u00edcias de Ribeir\u00e3o Preto-SP e Regi\u00e3o&quot;","block_context":{"text":"Not\u00edcias de Ribeir\u00e3o Preto-SP e Regi\u00e3o","link":"https:\/\/noticiasribeiraopreto.com.br\/index.php\/category\/noticias-de-ribeirao-preto-sp-e-regiao-ismael-colosi\/"},"img":{"alt_text":"","src":"https:\/\/i0.wp.com\/noticiasribeiraopreto.com.br\/wp-content\/uploads\/2024\/11\/IMG_9379.jpeg?fit=480%2C320&ssl=1&resize=350%2C200","width":350,"height":200},"classes":[]},{"id":73680,"url":"https:\/\/noticiasribeiraopreto.com.br\/index.php\/2025\/07\/07\/parque-do-peao-de-barretos-passa-por-melhorias-com-investimento-de-r-20-milhoes\/","url_meta":{"origin":17908,"position":3},"title":"Parque do Pe\u00e3o de Barretos passa por melhorias com investimento de R$ 20 milh\u00f5es","author":"noticiasribeiraopreto.com.br","date":"7 de July de 2025","format":false,"excerpt":"O Parque do Pe\u00e3o em Barretos, cidade a 120 quil\u00f4metros de Ribeir\u00e3o Preto, recebeu um investimento de cerca de R$ 20 milh\u00f5es em melhorias para a 70\u00aa edi\u00e7\u00e3o Festa do Pe\u00e3o, que acontece entre os dias 21 e 31 de agosto. De acordo com a Associa\u00e7\u00e3o Os Independentes, o montante\u2026","rel":"","context":"In &quot;Not\u00edcias de Ribeir\u00e3o Preto-SP e Regi\u00e3o&quot;","block_context":{"text":"Not\u00edcias de Ribeir\u00e3o Preto-SP e Regi\u00e3o","link":"https:\/\/noticiasribeiraopreto.com.br\/index.php\/category\/noticias-de-ribeirao-preto-sp-e-regiao-ismael-colosi\/"},"img":{"alt_text":"","src":"https:\/\/i0.wp.com\/noticiasribeiraopreto.com.br\/wp-content\/uploads\/2025\/07\/Copia-de-Copia-de-Copia-de-TAMANHO-EXATO-PARA-FOTOS-NO-SISTEMA-NOVO-2025-07-07T130207.109_2025-07-07_16-02-12.webp.webp?fit=1200%2C675&ssl=1&resize=350%2C200","width":350,"height":200,"srcset":"https:\/\/i0.wp.com\/noticiasribeiraopreto.com.br\/wp-content\/uploads\/2025\/07\/Copia-de-Copia-de-Copia-de-TAMANHO-EXATO-PARA-FOTOS-NO-SISTEMA-NOVO-2025-07-07T130207.109_2025-07-07_16-02-12.webp.webp?fit=1200%2C675&ssl=1&resize=350%2C200 1x, https:\/\/i0.wp.com\/noticiasribeiraopreto.com.br\/wp-content\/uploads\/2025\/07\/Copia-de-Copia-de-Copia-de-TAMANHO-EXATO-PARA-FOTOS-NO-SISTEMA-NOVO-2025-07-07T130207.109_2025-07-07_16-02-12.webp.webp?fit=1200%2C675&ssl=1&resize=525%2C300 1.5x, https:\/\/i0.wp.com\/noticiasribeiraopreto.com.br\/wp-content\/uploads\/2025\/07\/Copia-de-Copia-de-Copia-de-TAMANHO-EXATO-PARA-FOTOS-NO-SISTEMA-NOVO-2025-07-07T130207.109_2025-07-07_16-02-12.webp.webp?fit=1200%2C675&ssl=1&resize=700%2C400 2x, https:\/\/i0.wp.com\/noticiasribeiraopreto.com.br\/wp-content\/uploads\/2025\/07\/Copia-de-Copia-de-Copia-de-TAMANHO-EXATO-PARA-FOTOS-NO-SISTEMA-NOVO-2025-07-07T130207.109_2025-07-07_16-02-12.webp.webp?fit=1200%2C675&ssl=1&resize=1050%2C600 3x"},"classes":[]},{"id":19668,"url":"https:\/\/noticiasribeiraopreto.com.br\/index.php\/2023\/12\/22\/15-parques-aquaticos-no-brasil-para-se-refrescar-no-verao\/","url_meta":{"origin":17908,"position":4},"title":"15 parques aqu\u00e1ticos no Brasil para se refrescar no ver\u00e3o","author":"noticiasribeiraopreto.com.br","date":"22 de December de 2023","format":false,"excerpt":"Enfim, o ver\u00e3o chegou e com ele a promessa de dias ensolarados e quentes at\u00e9 meados de mar\u00e7o. Ideais para aproveitar e se refrescar nos in\u00fameros parques aqu\u00e1ticos espalhados pelo Brasil. Al\u00e9m de piscinas e tobo\u00e1guas de todos os tipos, os parques aqu\u00e1ticos oferecem uma boa estrutura de bares, restaurantes,\u2026","rel":"","context":"In &quot;Variedades&quot;","block_context":{"text":"Variedades","link":"https:\/\/noticiasribeiraopreto.com.br\/index.php\/category\/variedades\/"},"img":{"alt_text":"","src":"https:\/\/i0.wp.com\/noticiasribeiraopreto.com.br\/wp-content\/uploads\/2023\/12\/20231208-162150-scaled.jpg?fit=1200%2C638&ssl=1&resize=350%2C200","width":350,"height":200,"srcset":"https:\/\/i0.wp.com\/noticiasribeiraopreto.com.br\/wp-content\/uploads\/2023\/12\/20231208-162150-scaled.jpg?fit=1200%2C638&ssl=1&resize=350%2C200 1x, https:\/\/i0.wp.com\/noticiasribeiraopreto.com.br\/wp-content\/uploads\/2023\/12\/20231208-162150-scaled.jpg?fit=1200%2C638&ssl=1&resize=525%2C300 1.5x, https:\/\/i0.wp.com\/noticiasribeiraopreto.com.br\/wp-content\/uploads\/2023\/12\/20231208-162150-scaled.jpg?fit=1200%2C638&ssl=1&resize=700%2C400 2x, https:\/\/i0.wp.com\/noticiasribeiraopreto.com.br\/wp-content\/uploads\/2023\/12\/20231208-162150-scaled.jpg?fit=1200%2C638&ssl=1&resize=1050%2C600 3x"},"classes":[]},{"id":79411,"url":"https:\/\/noticiasribeiraopreto.com.br\/index.php\/2025\/10\/31\/horto-municipal-de-ribeirao-preto-pode-virar-area-de-protecao-ambiental\/","url_meta":{"origin":17908,"position":5},"title":"Horto Municipal de Ribeir\u00e3o Preto pode virar \u00c1rea de Prote\u00e7\u00e3o Ambiental","author":"noticiasribeiraopreto.com.br","date":"31 de October de 2025","format":false,"excerpt":"A Secretaria de Meio Ambiente, Agricultura e Sustentabilidade de Ribeir\u00e3o Preto realiza na pr\u00f3xima segunda-feira (3) a primeira audi\u00eancia p\u00fablica para discutir a transforma\u00e7\u00e3o do Horto Municipal, atualmente chamado Parque Ecol\u00f3gico e Bot\u00e2nico \u00c2ngelo Rinaldi, em APA (\u00c1rea de Prote\u00e7\u00e3o Ambiental). O encontro acontecer\u00e1 a partir das 9h, no audit\u00f3rio\u2026","rel":"","context":"In &quot;Not\u00edcias de Ribeir\u00e3o Preto-SP e Regi\u00e3o&quot;","block_context":{"text":"Not\u00edcias de Ribeir\u00e3o Preto-SP e Regi\u00e3o","link":"https:\/\/noticiasribeiraopreto.com.br\/index.php\/category\/noticias-de-ribeirao-preto-sp-e-regiao-ismael-colosi\/"},"img":{"alt_text":"","src":"","width":0,"height":0},"classes":[]}],"jetpack_sharing_enabled":true,"jetpack_shortlink":"https:\/\/wp.me\/peQAOb-4EQ","_links":{"self":[{"href":"https:\/\/noticiasribeiraopreto.com.br\/index.php\/wp-json\/wp\/v2\/posts\/17908","targetHints":{"allow":["GET"]}}],"collection":[{"href":"https:\/\/noticiasribeiraopreto.com.br\/index.php\/wp-json\/wp\/v2\/posts"}],"about":[{"href":"https:\/\/noticiasribeiraopreto.com.br\/index.php\/wp-json\/wp\/v2\/types\/post"}],"author":[{"embeddable":true,"href":"https:\/\/noticiasribeiraopreto.com.br\/index.php\/wp-json\/wp\/v2\/users\/1"}],"replies":[{"embeddable":true,"href":"https:\/\/noticiasribeiraopreto.com.br\/index.php\/wp-json\/wp\/v2\/comments?post=17908"}],"version-history":[{"count":0,"href":"https:\/\/noticiasribeiraopreto.com.br\/index.php\/wp-json\/wp\/v2\/posts\/17908\/revisions"}],"wp:featuredmedia":[{"embeddable":true,"href":"https:\/\/noticiasribeiraopreto.com.br\/index.php\/wp-json\/wp\/v2\/media\/17909"}],"wp:attachment":[{"href":"https:\/\/noticiasribeiraopreto.com.br\/index.php\/wp-json\/wp\/v2\/media?parent=17908"}],"wp:term":[{"taxonomy":"category","embeddable":true,"href":"https:\/\/noticiasribeiraopreto.com.br\/index.php\/wp-json\/wp\/v2\/categories?post=17908"},{"taxonomy":"post_tag","embeddable":true,"href":"https:\/\/noticiasribeiraopreto.com.br\/index.php\/wp-json\/wp\/v2\/tags?post=17908"}],"curies":[{"name":"wp","href":"https:\/\/api.w.org\/{rel}","templated":true}]}}