{"id":17910,"date":"2023-12-19T11:40:51","date_gmt":"2023-12-19T14:40:51","guid":{"rendered":"https:\/\/noticiasribeiraopreto.com.br\/index.php\/2023\/12\/19\/akad-seguros-abre-inscricoes-para-novo-processo-seletivo-veja-como-participar-2\/"},"modified":"2023-12-19T11:40:51","modified_gmt":"2023-12-19T14:40:51","slug":"akad-seguros-abre-inscricoes-para-novo-processo-seletivo-veja-como-participar-2","status":"publish","type":"post","link":"https:\/\/noticiasribeiraopreto.com.br\/index.php\/2023\/12\/19\/akad-seguros-abre-inscricoes-para-novo-processo-seletivo-veja-como-participar-2\/","title":{"rendered":"Akad Seguros abre inscri\u00e7\u00f5es para novo processo seletivo; veja como participar"},"content":{"rendered":"<div class='code-block code-block-1' style='margin: 8px 0 8px auto; text-align: right; display: block; clear: both;'>\n<p><a href=\"https:\/\/wa.link\/vpicfd\"><img data-recalc-dims=\"1\" class=\"wp-image-4922\" style=\"aspect-ratio: 2.0253164556962027; width: 561px; height: auto;\" src=\"https:\/\/i0.wp.com\/ismaelcolosi.com.br\/wp-content\/uploads\/2023\/11\/grupo-de-empregos-whatsapp-e-facebook-ismael-colosi-vagas.jpg?ssl=1\" alt=\"\" \/><\/a><\/p>\n<!-- \/wp:image -->\n<\/div>\n<p> <br \/>\n<\/p>\n<div>\n<p>Est\u00e3o abertas as inscri\u00e7\u00f5es para o novo <a href=\"https:\/\/jcconcursos.com.br\/noticia\/empregos\" rel=\"noopener\" target=\"_blank\">processo seletivo<\/a> da segurada Akad Seguros. A oportunidade \u00e9 para atua\u00e7\u00e3o no modelo de trabalho h\u00edbrido para a regi\u00e3o de<a href=\"https:\/\/jcconcursos.com.br\/concursos\/sp\" rel=\"noopener\" target=\"_blank\"> S\u00e3o Paulo\/SP<\/a>.<\/p>\n<p>O novo programa de<a href=\"https:\/\/jcconcursos.com.br\/noticia\/empregos\/5-motivos-para-participar-de-um-programa-para-trainee-107667\" rel=\"noopener\" target=\"_blank\"> trainee<\/a> da Akad Seguros \u00e9 aberta para profissionais rec\u00e9m-formados de todas as \u00e1reas e cursos de gradua\u00e7\u00e3o. O programa ter\u00e1 uma dura\u00e7\u00e3o de 18 meses no total, que funcionar\u00e1 no modelo de trabalho h\u00edbrido.<\/p>\n<p>Ao longo desse per\u00edodo, os <a href=\"https:\/\/jcconcursos.com.br\/noticia\/empregos\/5-motivos-para-participar-de-um-programa-para-trainee-107667\" rel=\"noopener\" target=\"_blank\">trainees<\/a> que forem selecionados ir\u00e3o ter a oportunidade de mergulhar dentro do universo da Akad Seguros e v\u00e3o vivenciar na pr\u00e1tica o funcionamento dos principais departamentos da empresa. Tamb\u00e9m ir\u00e3o aprimorar suas habilidades e participar ativamente de projetos estrat\u00e9gicos.\u00a0<\/p>\n<p>Al\u00e9m disso, ir\u00e3o passar por<a href=\"https:\/\/jcconcursos.com.br\/noticia\/empregos\/job-rotation-a-estrategia-de-gestao-que-pode-potencializar-a-carreira-e-a-empresa-108110\" rel=\"noopener\" target=\"_blank\"> job rotations<\/a> para conhecerem diferentes \u00e1reas da Akad Seguros e v\u00e3o avan\u00e7ar dentro da empresa. O objetivo do programa de trainee \u00e9 identificar e promover talentos excepcionais. Os candidatos v\u00e3o receber mentoria personalizada, com orienta\u00e7\u00e3o direta dos l\u00edderes da empresa.<\/p>\n<p>Para poder participar do processo seletivo, \u00e9 necess\u00e1rio ter conclu\u00eddo o ensino superior entre dezembro de 2020 a dezembro de 2023, sendo aberto para todas as gradua\u00e7\u00f5es. Tamb\u00e9m \u00e9 necess\u00e1rio ter disponibilidade para atuar no modelo h\u00edbrido em<a href=\"https:\/\/jcconcursos.com.br\/concursos\/sp\" rel=\"noopener\" target=\"_blank\"> S\u00e3o Paulo\/SP<\/a> e ter conhecimento avan\u00e7ado em <a href=\"https:\/\/jcconcursos.com.br\/noticia\/empregos\/domina-o-excel-ferramenta-se-torna-pre-requisito-nas-vagas-de-emprego-104043\" rel=\"noopener\" target=\"_blank\">Excel<\/a> e ferramentas de an\u00e1lise de dados. Al\u00e9m de racioc\u00ednio anal\u00edtico e motiva\u00e7\u00e3o para resolver problemas complexos.<\/p>\n<p>A Akad Seguros oferece remunera\u00e7\u00e3o competitiva com o mercado e<a href=\"https:\/\/jcconcursos.com.br\/noticia\/empregos\/4-beneficios-que-todo-funcionario-sonha-receber-da-empresa-104509\" rel=\"noopener\" target=\"_blank\"> benef\u00edcios<\/a> como participa\u00e7\u00e3o nos lucros anuais, seguro de sa\u00fade e odontol\u00f3gico 100% pago pela empresa e dependentes, seguro de vida, vale-refei\u00e7\u00e3o e vale-alimenta\u00e7\u00e3o de R$ 1.612,30 por m\u00eas, vale-transporte e\/ou reembolso de fretado, conv\u00eanios e parcerias com institui\u00e7\u00f5es de ensino (FGV, FIAP, FIA-USP, USP-Esalq e Saint Paul), aux\u00edlio-creche e aux\u00edlio bab\u00e1, programa de apoio psicol\u00f3gico e social, assessoria jur\u00eddica e financeira e folga no anivers\u00e1rio.<\/p>\n<h2>Como participar do processo seletivo Akad Seguros<\/h2>\n<p>Profissionais rec\u00e9m-formados interessados, podem realizar suas inscri\u00e7\u00f5es para o Programa de Trainee Akad Seguros pelo <a href=\"https:\/\/vemserakad.gupy.io\/jobs\/6162134?jobBoardSource=gupy_public_page\" rel=\"noopener\" target=\"_blank\">link<\/a>. As etapas do processo seletivo incluem triagem de curr\u00edculos, entrevista inicial com Gente e Gest\u00e3o, aplica\u00e7\u00e3o de Case, painel com os gestores e entrevista com a diretoria. O programa tem previs\u00e3o de in\u00edcio em janeiro do pr\u00f3ximo ano.<\/p>\n<p><a id=\"gnews_btn\" href=\"https:\/\/news.google.com\/publications\/CAAqBwgKMOixlQswuZWrAw\" target=\"_blank\" class=\"border_jc_blue link_hover_bg_jc_blue font_85 d-block d-md-inline-block px-2 py-1 mr-0 mr-md-2 mb-3 w-100 text-center\" rel=\"noopener\"><span class=\"text_jc_blue\">Siga o <strong>JC Concursos no Google News<\/strong><\/span><\/a><span id=\"resumo\" class=\"anchor_link\"\/><\/p>\n<\/div>\n<p><br \/>\n<br \/><a href=\"https:\/\/ismaelcolosi.com.br\/akad-seguros-abre-inscricoes-para-novo-processo-seletivo-veja-como-participar\/\">Source link <\/a><\/p>\n<!-- CONTENT END 1 -->\n","protected":false},"excerpt":{"rendered":"<p>Est\u00e3o abertas as inscri\u00e7\u00f5es para o novo processo seletivo da segurada Akad Seguros. A oportunidade \u00e9 para atua\u00e7\u00e3o no modelo de trabalho h\u00edbrido para a&#8230;<\/p>\n","protected":false},"author":1,"featured_media":17911,"comment_status":"open","ping_status":"open","sticky":false,"template":"","format":"standard","meta":{"advanced_seo_description":"","jetpack_seo_html_title":"","jetpack_seo_noindex":false,"jetpack_post_was_ever_published":false,"_jetpack_newsletter_access":"","_jetpack_dont_email_post_to_subs":false,"_jetpack_newsletter_tier_id":0,"_jetpack_memberships_contains_paywalled_content":false,"_jetpack_memberships_contains_paid_content":false,"footnotes":"","jetpack_publicize_message":"","jetpack_publicize_feature_enabled":true,"jetpack_social_post_already_shared":true,"jetpack_social_options":{"image_generator_settings":{"template":"highway","default_image_id":0,"font":"","enabled":false},"version":2}},"categories":[7],"tags":[],"class_list":["post-17910","post","type-post","status-publish","format-standard","has-post-thumbnail","hentry","category-vagas-de-empregos-em-ribeirao-preto-regiao-brasil"],"jetpack_publicize_connections":[],"jetpack_featured_media_url":"https:\/\/i0.wp.com\/noticiasribeiraopreto.com.br\/wp-content\/uploads\/2023\/12\/akadseguros-divulgacaofacebook.jpg?fit=1920%2C1080&ssl=1","jetpack-related-posts":[{"id":18313,"url":"https:\/\/noticiasribeiraopreto.com.br\/index.php\/2023\/12\/20\/mondelez-honda-minerva-foods-e-outras-empresas-oferecem-mais-de-6-mil-vagas-de-emprego-2\/","url_meta":{"origin":17910,"position":0},"title":"Mondelez, Honda, Minerva Foods e outras empresas oferecem mais de 6 mil vagas de emprego","author":"noticiasribeiraopreto.com.br","date":"20 de December de 2023","format":false,"excerpt":"Na \u00faltima ter\u00e7a-feira (19), diversas empresas renomadas divulgaram a abertura de processos seletivos, com vagas em todo o Brasil. O JC Concursos fez um compilado das principais sele\u00e7\u00f5es publicadas, com destaque para Mondelez, PPG, Honda, Akad Seguros, Minerva Foods, Portal de Empregos e Youse.\u00a0 Confira as oportunidades abaixo e n\u00e3o\u2026","rel":"","context":"In &quot;Vagas de Emprego em Ribeir\u00e3o Preto-SP&quot;","block_context":{"text":"Vagas de Emprego em Ribeir\u00e3o Preto-SP","link":"https:\/\/noticiasribeiraopreto.com.br\/index.php\/category\/empregos-classificados-vagas-trabalho\/vagas-de-empregos-em-ribeirao-preto-regiao-brasil\/"},"img":{"alt_text":"","src":"https:\/\/i0.wp.com\/noticiasribeiraopreto.com.br\/wp-content\/uploads\/2023\/12\/movile_vagas_de_emprego_divulgacao.jpg?fit=1200%2C675&ssl=1&resize=350%2C200","width":350,"height":200,"srcset":"https:\/\/i0.wp.com\/noticiasribeiraopreto.com.br\/wp-content\/uploads\/2023\/12\/movile_vagas_de_emprego_divulgacao.jpg?fit=1200%2C675&ssl=1&resize=350%2C200 1x, https:\/\/i0.wp.com\/noticiasribeiraopreto.com.br\/wp-content\/uploads\/2023\/12\/movile_vagas_de_emprego_divulgacao.jpg?fit=1200%2C675&ssl=1&resize=525%2C300 1.5x, https:\/\/i0.wp.com\/noticiasribeiraopreto.com.br\/wp-content\/uploads\/2023\/12\/movile_vagas_de_emprego_divulgacao.jpg?fit=1200%2C675&ssl=1&resize=700%2C400 2x, https:\/\/i0.wp.com\/noticiasribeiraopreto.com.br\/wp-content\/uploads\/2023\/12\/movile_vagas_de_emprego_divulgacao.jpg?fit=1200%2C675&ssl=1&resize=1050%2C600 3x"},"classes":[]},{"id":17439,"url":"https:\/\/noticiasribeiraopreto.com.br\/index.php\/2023\/12\/18\/cielo-santander-e-inss-estao-com-inscricoes-para-estagio-e-trainee-abertas-veja-outras-oportunidades-com-bolsas-auxilio-de-ate-de-r-2-mil\/","url_meta":{"origin":17910,"position":1},"title":"Cielo, Santander e INSS est\u00e3o com inscri\u00e7\u00f5es para est\u00e1gio e trainee abertas; veja outras oportunidades com bolsas-aux\u00edlio de at\u00e9 de R$ 2 mil","author":"noticiasribeiraopreto.com.br","date":"18 de December de 2023","format":false,"excerpt":"Nesta \u00faltima semana \u00fatil do ano, os processos seletivos para estudantes e rec\u00e9m-formados continuam em curso e s\u00e3o oportunidades para quem quer come\u00e7ar 2024 no mercado de trabalho. Programas como o da PPG, que atua no ramo de tintas, revestimentos e materiais especiais, Logicalis e Verallia t\u00eam previs\u00e3o de encerrar\u2026","rel":"","context":"In &quot;Dinheiro e Investimento&quot;","block_context":{"text":"Dinheiro e Investimento","link":"https:\/\/noticiasribeiraopreto.com.br\/index.php\/category\/dinheiro-e-investimento-como-fazer-como-ganhar\/"},"img":{"alt_text":"","src":"https:\/\/i0.wp.com\/noticiasribeiraopreto.com.br\/wp-content\/uploads\/2023\/12\/VAGAS-ABERTAS-1-628x353.png?fit=628%2C353&ssl=1&resize=350%2C200","width":350,"height":200,"srcset":"https:\/\/i0.wp.com\/noticiasribeiraopreto.com.br\/wp-content\/uploads\/2023\/12\/VAGAS-ABERTAS-1-628x353.png?fit=628%2C353&ssl=1&resize=350%2C200 1x, https:\/\/i0.wp.com\/noticiasribeiraopreto.com.br\/wp-content\/uploads\/2023\/12\/VAGAS-ABERTAS-1-628x353.png?fit=628%2C353&ssl=1&resize=525%2C300 1.5x"},"classes":[]},{"id":16260,"url":"https:\/\/noticiasribeiraopreto.com.br\/index.php\/2023\/12\/15\/inscricoes-para-novo-processo-seletivo-pipefy-vao-ate-o-final-deste-mes-2\/","url_meta":{"origin":17910,"position":2},"title":"Inscri\u00e7\u00f5es para novo processo seletivo Pipefy v\u00e3o at\u00e9 o final deste m\u00eas","author":"noticiasribeiraopreto.com.br","date":"15 de December de 2023","format":false,"excerpt":"Est\u00e3o abertas as inscri\u00e7\u00f5es para o novo processo seletivo da Pipefy. A oportunidade \u00e9 para o modelo de trabalho home office, ou seja, a chance \u00e9 para profissionais rec\u00e9m-formados de todo o pa\u00eds. Interessados podem se inscrever at\u00e9 o dia 31 de dezembro. Chamado de Programa Young Guns Pipefy 2024,\u2026","rel":"","context":"In &quot;Vagas de Emprego em Ribeir\u00e3o Preto-SP&quot;","block_context":{"text":"Vagas de Emprego em Ribeir\u00e3o Preto-SP","link":"https:\/\/noticiasribeiraopreto.com.br\/index.php\/category\/empregos-classificados-vagas-trabalho\/vagas-de-empregos-em-ribeirao-preto-regiao-brasil\/"},"img":{"alt_text":"Adicionar no Google Agenda","src":"https:\/\/i0.wp.com\/jcconcursos.com.br\/static\/img\/google_calendar_v2.jpg?resize=350%2C200&ssl=1","width":350,"height":200},"classes":[]},{"id":21225,"url":"https:\/\/noticiasribeiraopreto.com.br\/index.php\/2023\/12\/27\/empresa-abre-inscricoes-para-processo-seletivo-na-area-de-mineracao-2\/","url_meta":{"origin":17910,"position":3},"title":"Empresa abre inscri\u00e7\u00f5es para processo seletivo na \u00e1rea de minera\u00e7\u00e3o","author":"noticiasribeiraopreto.com.br","date":"27 de December de 2023","format":false,"excerpt":"Est\u00e3o abertas as inscri\u00e7\u00f5es para o novo processo seletivo da CMOC Brasil, empresa especializada na \u00e1rea de minera\u00e7\u00e3o e processamento de ni\u00f3bio e fosfatos. A oportunidade \u00e9 para as regi\u00f5es de S\u00e3o Paulo e Goi\u00e1s. Interessados podem se inscrever at\u00e9 o dia 1\u00ba de fevereiro de do pr\u00f3ximo ano. A\u2026","rel":"","context":"In &quot;Vagas de Emprego em Ribeir\u00e3o Preto-SP&quot;","block_context":{"text":"Vagas de Emprego em Ribeir\u00e3o Preto-SP","link":"https:\/\/noticiasribeiraopreto.com.br\/index.php\/category\/empregos-classificados-vagas-trabalho\/vagas-de-empregos-em-ribeirao-preto-regiao-brasil\/"},"img":{"alt_text":"","src":"https:\/\/i0.wp.com\/noticiasribeiraopreto.com.br\/wp-content\/uploads\/2023\/12\/cmoc-divulgacao.jpg?fit=1200%2C675&ssl=1&resize=350%2C200","width":350,"height":200,"srcset":"https:\/\/i0.wp.com\/noticiasribeiraopreto.com.br\/wp-content\/uploads\/2023\/12\/cmoc-divulgacao.jpg?fit=1200%2C675&ssl=1&resize=350%2C200 1x, https:\/\/i0.wp.com\/noticiasribeiraopreto.com.br\/wp-content\/uploads\/2023\/12\/cmoc-divulgacao.jpg?fit=1200%2C675&ssl=1&resize=525%2C300 1.5x, https:\/\/i0.wp.com\/noticiasribeiraopreto.com.br\/wp-content\/uploads\/2023\/12\/cmoc-divulgacao.jpg?fit=1200%2C675&ssl=1&resize=700%2C400 2x, https:\/\/i0.wp.com\/noticiasribeiraopreto.com.br\/wp-content\/uploads\/2023\/12\/cmoc-divulgacao.jpg?fit=1200%2C675&ssl=1&resize=1050%2C600 3x"},"classes":[]},{"id":14703,"url":"https:\/\/noticiasribeiraopreto.com.br\/index.php\/2023\/12\/12\/processo-seletivo-ardagh-metal-oferece-oportunidade-de-trabalho-hibrido\/","url_meta":{"origin":17910,"position":4},"title":"Processo seletivo Ardagh Metal oferece oportunidade de trabalho h\u00edbrido","author":"noticiasribeiraopreto.com.br","date":"12 de December de 2023","format":false,"excerpt":"Est\u00e3o abertas as inscri\u00e7\u00f5es para o processo seletivo da Ardagh Metal, destinado a estudantes universit\u00e1rios da Bahia e S\u00e3o Paulo. As vagas abrangem diversas \u00e1reas de atua\u00e7\u00e3o. O processo seletivo da Ardagh Metal tem como objetivo identificar estudantes para integrar o programa de est\u00e1gio da empresa, com oportunidades dispon\u00edveis em\u2026","rel":"","context":"In &quot;Vagas de Emprego em Ribeir\u00e3o Preto-SP&quot;","block_context":{"text":"Vagas de Emprego em Ribeir\u00e3o Preto-SP","link":"https:\/\/noticiasribeiraopreto.com.br\/index.php\/category\/empregos-classificados-vagas-trabalho\/vagas-de-empregos-em-ribeirao-preto-regiao-brasil\/"},"img":{"alt_text":"","src":"https:\/\/i0.wp.com\/noticiasribeiraopreto.com.br\/wp-content\/uploads\/2023\/12\/ardagh_group-canva.jpg?fit=1200%2C675&ssl=1&resize=350%2C200","width":350,"height":200,"srcset":"https:\/\/i0.wp.com\/noticiasribeiraopreto.com.br\/wp-content\/uploads\/2023\/12\/ardagh_group-canva.jpg?fit=1200%2C675&ssl=1&resize=350%2C200 1x, https:\/\/i0.wp.com\/noticiasribeiraopreto.com.br\/wp-content\/uploads\/2023\/12\/ardagh_group-canva.jpg?fit=1200%2C675&ssl=1&resize=525%2C300 1.5x, https:\/\/i0.wp.com\/noticiasribeiraopreto.com.br\/wp-content\/uploads\/2023\/12\/ardagh_group-canva.jpg?fit=1200%2C675&ssl=1&resize=700%2C400 2x, https:\/\/i0.wp.com\/noticiasribeiraopreto.com.br\/wp-content\/uploads\/2023\/12\/ardagh_group-canva.jpg?fit=1200%2C675&ssl=1&resize=1050%2C600 3x"},"classes":[]},{"id":25720,"url":"https:\/\/noticiasribeiraopreto.com.br\/index.php\/2024\/01\/08\/cielo-santander-e-mercedes-benz-estao-com-inscricoes-para-estagio-e-trainee-abertas-veja-outras-oportunidades-com-bolsas-auxilio-de-ate-de-r-2-mil\/","url_meta":{"origin":17910,"position":5},"title":"Cielo, Santander e Mercedes-Benz est\u00e3o com inscri\u00e7\u00f5es para est\u00e1gio e trainee abertas; veja outras oportunidades com bolsas-aux\u00edlio de at\u00e9 de R$ 2 mil","author":"noticiasribeiraopreto.com.br","date":"8 de January de 2024","format":false,"excerpt":"Um novo ano come\u00e7ou e, com ele, tamb\u00e9m s\u00e3o iniciados processos seletivos de est\u00e1gios e trainees para estudantes e rec\u00e9m-formados para quem quer come\u00e7ar 2024 no mercado de trabalho. Programas como o da Tempest, empresa especializada em ciberseguran\u00e7a, Inter e Archer Daniels Midland t\u00eam previs\u00e3o de encerrar ainda nesta semana.\u2026","rel":"","context":"In &quot;Dinheiro e Investimento&quot;","block_context":{"text":"Dinheiro e Investimento","link":"https:\/\/noticiasribeiraopreto.com.br\/index.php\/category\/dinheiro-e-investimento-como-fazer-como-ganhar\/"},"img":{"alt_text":"","src":"https:\/\/i0.wp.com\/noticiasribeiraopreto.com.br\/wp-content\/uploads\/2024\/01\/Vagas-de-emprego-715x402.png?fit=715%2C402&ssl=1&resize=350%2C200","width":350,"height":200,"srcset":"https:\/\/i0.wp.com\/noticiasribeiraopreto.com.br\/wp-content\/uploads\/2024\/01\/Vagas-de-emprego-715x402.png?fit=715%2C402&ssl=1&resize=350%2C200 1x, https:\/\/i0.wp.com\/noticiasribeiraopreto.com.br\/wp-content\/uploads\/2024\/01\/Vagas-de-emprego-715x402.png?fit=715%2C402&ssl=1&resize=525%2C300 1.5x, https:\/\/i0.wp.com\/noticiasribeiraopreto.com.br\/wp-content\/uploads\/2024\/01\/Vagas-de-emprego-715x402.png?fit=715%2C402&ssl=1&resize=700%2C400 2x"},"classes":[]}],"jetpack_sharing_enabled":true,"jetpack_shortlink":"https:\/\/wp.me\/peQAOb-4ES","_links":{"self":[{"href":"https:\/\/noticiasribeiraopreto.com.br\/index.php\/wp-json\/wp\/v2\/posts\/17910","targetHints":{"allow":["GET"]}}],"collection":[{"href":"https:\/\/noticiasribeiraopreto.com.br\/index.php\/wp-json\/wp\/v2\/posts"}],"about":[{"href":"https:\/\/noticiasribeiraopreto.com.br\/index.php\/wp-json\/wp\/v2\/types\/post"}],"author":[{"embeddable":true,"href":"https:\/\/noticiasribeiraopreto.com.br\/index.php\/wp-json\/wp\/v2\/users\/1"}],"replies":[{"embeddable":true,"href":"https:\/\/noticiasribeiraopreto.com.br\/index.php\/wp-json\/wp\/v2\/comments?post=17910"}],"version-history":[{"count":0,"href":"https:\/\/noticiasribeiraopreto.com.br\/index.php\/wp-json\/wp\/v2\/posts\/17910\/revisions"}],"wp:featuredmedia":[{"embeddable":true,"href":"https:\/\/noticiasribeiraopreto.com.br\/index.php\/wp-json\/wp\/v2\/media\/17911"}],"wp:attachment":[{"href":"https:\/\/noticiasribeiraopreto.com.br\/index.php\/wp-json\/wp\/v2\/media?parent=17910"}],"wp:term":[{"taxonomy":"category","embeddable":true,"href":"https:\/\/noticiasribeiraopreto.com.br\/index.php\/wp-json\/wp\/v2\/categories?post=17910"},{"taxonomy":"post_tag","embeddable":true,"href":"https:\/\/noticiasribeiraopreto.com.br\/index.php\/wp-json\/wp\/v2\/tags?post=17910"}],"curies":[{"name":"wp","href":"https:\/\/api.w.org\/{rel}","templated":true}]}}