{"id":17940,"date":"2023-12-19T13:04:50","date_gmt":"2023-12-19T16:04:50","guid":{"rendered":"https:\/\/noticiasribeiraopreto.com.br\/index.php\/2023\/12\/19\/voce-e-uma-pessoa-mentirosa\/"},"modified":"2023-12-19T13:04:50","modified_gmt":"2023-12-19T16:04:50","slug":"voce-e-uma-pessoa-mentirosa","status":"publish","type":"post","link":"https:\/\/noticiasribeiraopreto.com.br\/index.php\/2023\/12\/19\/voce-e-uma-pessoa-mentirosa\/","title":{"rendered":"&#8221;Voc\u00ea \u00e9 uma pessoa mentirosa&#8221;"},"content":{"rendered":"<div class='code-block code-block-1' style='margin: 8px 0 8px auto; text-align: right; display: block; clear: both;'>\n<p><a href=\"https:\/\/wa.link\/vpicfd\"><img data-recalc-dims=\"1\" class=\"wp-image-4922\" style=\"aspect-ratio: 2.0253164556962027; width: 561px; height: auto;\" src=\"https:\/\/i0.wp.com\/ismaelcolosi.com.br\/wp-content\/uploads\/2023\/11\/grupo-de-empregos-whatsapp-e-facebook-ismael-colosi-vagas.jpg?ssl=1\" alt=\"\" \/><\/a><\/p>\n<!-- \/wp:image -->\n<\/div>\n<p> <br \/>\n<\/p>\n<div itemprop=\"text\">\n<p>O que passou, passou. Ser\u00e1? Algumas brigas de participantes de reality se encerram quando saem do confinamento. Alguns reencontros s\u00e3o marcados at\u00e9 mesmo por pedidos de desculpa.<\/p>\n<p>Por\u00e9m, n\u00e3o \u00e9 assim para todo mundo. A Fazenda 15 est\u00e1 entrando em sua reta final. A edi\u00e7\u00e3o foi marcada por v\u00e1rias pol\u00eamicas e brigas que ainda rendem o que falar.<\/p>\n<p>No \u00faltimo domingo, 17 de dezembro, o reality resolveu trazer duas ex participantes para participarem de uma din\u00e2mica chamada \u2018Lavagem de Roupa Suja\u2019: Rachel Shehezade e Jenny Miranda.<\/p>\n<p>As duas, que protagonizaram brigas intensas, mesmo ap\u00f3s sa\u00edda de ambas da sede, parece que o clima de paz n\u00e3o aconteceu. As duas continuaram a trocar farpas.<\/p>\n<div class=\"code-block code-block-9\" style=\"margin: 8px auto; text-align: center; display: block; clear: both;\">\n<p><span style=\"font-size: xx-small;\"><b>PUBLICIDADE<\/b><\/span><\/p>\n<div class=\"separator\" style=\"clear: both; text-align: center;\"><a href=\"https:\/\/breeze.bet\/?c=1&amp;utm_source=fbs\" imageanchor=\"1\" style=\"margin-left: 1em; margin-right: 1em;\" target=\"_blank\" rel=\"noopener\"><img data-recalc-dims=\"1\" loading=\"lazy\" decoding=\"async\" border=\"0\" data-original-height=\"250\" data-original-width=\"300\" height=\"250\" src=\"https:\/\/i0.wp.com\/blogger.googleusercontent.com\/img\/b\/R29vZ2xl\/AVvXsEhHMStsQpenim-wcfJXHMndm0o0P6BrbXYcb_zvAoVvLcdQw8AP_XKlfa98ltKcznGeZ-LpsBl2FxLCp8WOYwgFSB3cRFm5w-61F-0aTWm387IgHB-GZMFhX20JbEzho8NVK1flhSUYOat_fFInLDqTMO3djGgM3zf7gMkbu8Ut7Zlm-7-ZYF292G63voBG\/s1600\/at%C3%A9%20X2500.png?resize=300%2C250&#038;ssl=1\" width=\"300\"\/><\/a><\/div>\n<\/div>\n<p>Jenny, em seu momento de fala falou sobre alguns momentos de briga na casa. Segundo ela, mesmo n\u00e3o sabendo se expressar como Rachel, ela fez como qualquer outra pessoa que brigou dentro da casa.<\/p>\n<p>Ela ainda confessou ter um jeito explosivo de ser e disse que no momento em que brigaram pela \u00faltima vez, a rival teria se assustado e se ela viu maldade em sua atitude, teria sido algo vindo da pr\u00f3pria Rachel. A jornalista se defendeu.<\/p>\n<p><em>\u201cVoc\u00ea \u00e9 uma pessoa mentirosa, tentou agredir a Kally e n\u00e3o conseguiu expuls\u00e3o; tentou levantar falso testemunho contra Black e n\u00e3o conseguiu expuls\u00e3o. A\u00ed voc\u00ea veio pra mim. Me encurralou no canto da oficina e aproveitou que eu estava sozinha com voc\u00ea\u201d<\/em>. Rachel ainda disse que n\u00e3o agrediu a ex colega de confinamento, apenas se defendeu.<\/p>\n<\/div>\n<p><br \/>\n<br \/><a href=\"https:\/\/fnmais.com\/rachel-sheherazade-jenny-miranda-discutem-em-dinamica-na-fazenda-voce-pessoa-mentirosa\/\">Source link <\/a><\/p>\n<!-- CONTENT END 1 -->\n","protected":false},"excerpt":{"rendered":"<p>O que passou, passou. Ser\u00e1? Algumas brigas de participantes de reality se encerram quando saem do confinamento. Alguns reencontros s\u00e3o marcados at\u00e9 mesmo por pedidos&#8230;<\/p>\n","protected":false},"author":1,"featured_media":17941,"comment_status":"open","ping_status":"open","sticky":false,"template":"","format":"standard","meta":{"advanced_seo_description":"","jetpack_seo_html_title":"","jetpack_seo_noindex":false,"jetpack_post_was_ever_published":false,"_jetpack_newsletter_access":"","_jetpack_dont_email_post_to_subs":false,"_jetpack_newsletter_tier_id":0,"_jetpack_memberships_contains_paywalled_content":false,"_jetpack_memberships_contains_paid_content":false,"footnotes":"","jetpack_publicize_message":"","jetpack_publicize_feature_enabled":true,"jetpack_social_post_already_shared":true,"jetpack_social_options":{"image_generator_settings":{"template":"highway","default_image_id":0,"font":"","enabled":false},"version":2}},"categories":[1],"tags":[],"class_list":["post-17940","post","type-post","status-publish","format-standard","has-post-thumbnail","hentry","category-blog"],"jetpack_publicize_connections":[],"jetpack_featured_media_url":"https:\/\/i0.wp.com\/noticiasribeiraopreto.com.br\/wp-content\/uploads\/2023\/12\/postimg-6581b33b266783599.jpg?fit=1200%2C628&ssl=1","jetpack-related-posts":[{"id":4510,"url":"https:\/\/noticiasribeiraopreto.com.br\/index.php\/2023\/11\/21\/de-salto-alto-jaqueline-toma-atitude-em-meio-a-briga-de-cezar-black-e-lucas-souza\/","url_meta":{"origin":17940,"position":0},"title":"De salto alto, Jaqueline toma atitude em meio a briga de C\u00e9zar Black e Lucas Souza","author":"noticiasribeiraopreto.com.br","date":"21 de November de 2023","format":false,"excerpt":"Fogo no feno! Se \u00e9 de pol\u00eamicas que o p\u00fablico gosta, A Fazenda d\u00e1 de sobra. As brigas di\u00e1rias no reality s\u00e3o um ingrediente especial para transformar a sede num grande bolo de confus\u00e3o.A briga entre os participantes C\u00e9zar Black e Lucas Souza rendeu uma confus\u00e3o generalizada, mas quem chamou\u2026","rel":"","context":"In &quot;Blog&quot;","block_context":{"text":"Blog","link":"https:\/\/noticiasribeiraopreto.com.br\/index.php\/category\/blog\/"},"img":{"alt_text":"","src":"https:\/\/i0.wp.com\/noticiasribeiraopreto.com.br\/wp-content\/uploads\/2023\/11\/postimg-655cf214eb6b84745.jpg?fit=1200%2C628&ssl=1&resize=350%2C200","width":350,"height":200,"srcset":"https:\/\/i0.wp.com\/noticiasribeiraopreto.com.br\/wp-content\/uploads\/2023\/11\/postimg-655cf214eb6b84745.jpg?fit=1200%2C628&ssl=1&resize=350%2C200 1x, https:\/\/i0.wp.com\/noticiasribeiraopreto.com.br\/wp-content\/uploads\/2023\/11\/postimg-655cf214eb6b84745.jpg?fit=1200%2C628&ssl=1&resize=525%2C300 1.5x, https:\/\/i0.wp.com\/noticiasribeiraopreto.com.br\/wp-content\/uploads\/2023\/11\/postimg-655cf214eb6b84745.jpg?fit=1200%2C628&ssl=1&resize=700%2C400 2x, https:\/\/i0.wp.com\/noticiasribeiraopreto.com.br\/wp-content\/uploads\/2023\/11\/postimg-655cf214eb6b84745.jpg?fit=1200%2C628&ssl=1&resize=1050%2C600 3x"},"classes":[]},{"id":19502,"url":"https:\/\/noticiasribeiraopreto.com.br\/index.php\/2023\/12\/22\/ao-som-de-funk-briga-de-integrantes-da-carreta-furacao-viraliza-na-web\/","url_meta":{"origin":17940,"position":1},"title":"Ao som de funk, briga de integrantes da Carreta Furac\u00e3o viraliza na web","author":"noticiasribeiraopreto.com.br","date":"22 de December de 2023","format":false,"excerpt":"Entre os assuntos mais\u00a0f\u00e1ceis\u00a0de\u00a0viralizar nas\u00a0redes sociais, as\u00a0brigas\u00a0com\u00a0certeza ocupam\u00a0o p\u00f3dio\u00a0da classifica\u00e7\u00e3o dos\u00a0v\u00eddeos mais\u00a0vistos\u00a0e compartilhados.A jun\u00e7\u00e3o de alguns personagens de desenhos mais conhecidos da tv virou febre pelo Brasil \u00e0 fora. A Carreta Fura\u00e7\u00e3o \u00e9 uma das atra\u00e7\u00f5es mais famosas e divertidas da web.Acontece que nem s\u00f3 de muito gingado e correria\u2026","rel":"","context":"In &quot;Blog&quot;","block_context":{"text":"Blog","link":"https:\/\/noticiasribeiraopreto.com.br\/index.php\/category\/blog\/"},"img":{"alt_text":"","src":"https:\/\/i0.wp.com\/noticiasribeiraopreto.com.br\/wp-content\/uploads\/2023\/12\/postimg-6585ced0ddd088574.jpg?fit=1200%2C628&ssl=1&resize=350%2C200","width":350,"height":200,"srcset":"https:\/\/i0.wp.com\/noticiasribeiraopreto.com.br\/wp-content\/uploads\/2023\/12\/postimg-6585ced0ddd088574.jpg?fit=1200%2C628&ssl=1&resize=350%2C200 1x, https:\/\/i0.wp.com\/noticiasribeiraopreto.com.br\/wp-content\/uploads\/2023\/12\/postimg-6585ced0ddd088574.jpg?fit=1200%2C628&ssl=1&resize=525%2C300 1.5x, https:\/\/i0.wp.com\/noticiasribeiraopreto.com.br\/wp-content\/uploads\/2023\/12\/postimg-6585ced0ddd088574.jpg?fit=1200%2C628&ssl=1&resize=700%2C400 2x, https:\/\/i0.wp.com\/noticiasribeiraopreto.com.br\/wp-content\/uploads\/2023\/12\/postimg-6585ced0ddd088574.jpg?fit=1200%2C628&ssl=1&resize=1050%2C600 3x"},"classes":[]},{"id":63208,"url":"https:\/\/noticiasribeiraopreto.com.br\/index.php\/2025\/02\/06\/empresario-e-preso-apos-atirar-em-homem-durante-briga-em-ribeirao-preto\/","url_meta":{"origin":17940,"position":2},"title":"Empres\u00e1rio \u00e9 preso ap\u00f3s atirar em homem durante briga em Ribeir\u00e3o Preto","author":"noticiasribeiraopreto.com.br","date":"6 de February de 2025","format":false,"excerpt":"Um empres\u00e1rio de 38 anos foi preso em flagrante ap\u00f3s atirar em um homem de 52 nos durante uma briga, no Parque dos Lagos, zona Leste de Ribeir\u00e3o Preto, na noite desta quarta-feira (5). De acordo com o boletim de ocorr\u00eancia (BO), uma equipe da PM (Pol\u00edcia Militar) foi acionada\u2026","rel":"","context":"In &quot;Not\u00edcias de Ribeir\u00e3o Preto-SP e Regi\u00e3o&quot;","block_context":{"text":"Not\u00edcias de Ribeir\u00e3o Preto-SP e Regi\u00e3o","link":"https:\/\/noticiasribeiraopreto.com.br\/index.php\/category\/noticias-de-ribeirao-preto-sp-e-regiao-ismael-colosi\/"},"img":{"alt_text":"","src":"https:\/\/i0.wp.com\/noticiasribeiraopreto.com.br\/wp-content\/uploads\/2025\/02\/cpj_1024x576_22092020092726.jpg?fit=1024%2C575&ssl=1&resize=350%2C200","width":350,"height":200,"srcset":"https:\/\/i0.wp.com\/noticiasribeiraopreto.com.br\/wp-content\/uploads\/2025\/02\/cpj_1024x576_22092020092726.jpg?fit=1024%2C575&ssl=1&resize=350%2C200 1x, https:\/\/i0.wp.com\/noticiasribeiraopreto.com.br\/wp-content\/uploads\/2025\/02\/cpj_1024x576_22092020092726.jpg?fit=1024%2C575&ssl=1&resize=525%2C300 1.5x, https:\/\/i0.wp.com\/noticiasribeiraopreto.com.br\/wp-content\/uploads\/2025\/02\/cpj_1024x576_22092020092726.jpg?fit=1024%2C575&ssl=1&resize=700%2C400 2x"},"classes":[]},{"id":3896,"url":"https:\/\/noticiasribeiraopreto.com.br\/index.php\/2023\/11\/20\/cantor-e-atacado-a-tiros-por-causa-de-uma-briga-transito\/","url_meta":{"origin":17940,"position":3},"title":"Cantor \u00e9 atacado a tiros por causa de uma briga tr\u00e2nsito","author":"noticiasribeiraopreto.com.br","date":"20 de November de 2023","format":false,"excerpt":"Uma discuss\u00e3o de tr\u00e2nsito terminou em um ataque a tiros e por muito pouco n\u00e3o terminou em uma grande trag\u00e9dia.O cantor Eduardo Falc\u00e3o foi alvejado por disparos de arma de fogo ap\u00f3s um incidente de tr\u00e2nsito na cidade de Teresina, capital do estado do Piau\u00ed.Atrav\u00e9s de sua conta no Instagram,\u2026","rel":"","context":"In &quot;Blog&quot;","block_context":{"text":"Blog","link":"https:\/\/noticiasribeiraopreto.com.br\/index.php\/category\/blog\/"},"img":{"alt_text":"","src":"https:\/\/i0.wp.com\/noticiasribeiraopreto.com.br\/wp-content\/uploads\/2023\/11\/postimg-655a931dd57198170.jpg?fit=942%2C628&ssl=1&resize=350%2C200","width":350,"height":200,"srcset":"https:\/\/i0.wp.com\/noticiasribeiraopreto.com.br\/wp-content\/uploads\/2023\/11\/postimg-655a931dd57198170.jpg?fit=942%2C628&ssl=1&resize=350%2C200 1x, https:\/\/i0.wp.com\/noticiasribeiraopreto.com.br\/wp-content\/uploads\/2023\/11\/postimg-655a931dd57198170.jpg?fit=942%2C628&ssl=1&resize=525%2C300 1.5x, https:\/\/i0.wp.com\/noticiasribeiraopreto.com.br\/wp-content\/uploads\/2023\/11\/postimg-655a931dd57198170.jpg?fit=942%2C628&ssl=1&resize=700%2C400 2x"},"classes":[]},{"id":74004,"url":"https:\/\/noticiasribeiraopreto.com.br\/index.php\/2025\/07\/14\/botafogo-encara-volta-redonda-em-confronto-direto-contra-o-rebaixamento\/","url_meta":{"origin":17940,"position":4},"title":"Botafogo encara Volta Redonda em confronto direto contra o rebaixamento","author":"noticiasribeiraopreto.com.br","date":"14 de July de 2025","format":false,"excerpt":"Por Hugo Luque O Botafogo recebe o Volta Redonda nesta segunda-feira (14), \u00e0s 21h30, no Est\u00e1dio Santa Cruz\/Arena Nicnet, pela 16\u00aa rodada da S\u00e9rie B do Campeonato Brasileiro. A partida vale muito para os dois times na briga contra a zona de rebaixamento. Na reta final do primeiro turno, o\u2026","rel":"","context":"In &quot;Not\u00edcias de Ribeir\u00e3o Preto-SP e Regi\u00e3o&quot;","block_context":{"text":"Not\u00edcias de Ribeir\u00e3o Preto-SP e Regi\u00e3o","link":"https:\/\/noticiasribeiraopreto.com.br\/index.php\/category\/noticias-de-ribeirao-preto-sp-e-regiao-ismael-colosi\/"},"img":{"alt_text":"","src":"https:\/\/i0.wp.com\/noticiasribeiraopreto.com.br\/wp-content\/uploads\/2025\/07\/1-Botafogo-Foto-01-Raul-Ramos.jpg?fit=750%2C500&ssl=1&resize=350%2C200","width":350,"height":200,"srcset":"https:\/\/i0.wp.com\/noticiasribeiraopreto.com.br\/wp-content\/uploads\/2025\/07\/1-Botafogo-Foto-01-Raul-Ramos.jpg?fit=750%2C500&ssl=1&resize=350%2C200 1x, https:\/\/i0.wp.com\/noticiasribeiraopreto.com.br\/wp-content\/uploads\/2025\/07\/1-Botafogo-Foto-01-Raul-Ramos.jpg?fit=750%2C500&ssl=1&resize=525%2C300 1.5x, https:\/\/i0.wp.com\/noticiasribeiraopreto.com.br\/wp-content\/uploads\/2025\/07\/1-Botafogo-Foto-01-Raul-Ramos.jpg?fit=750%2C500&ssl=1&resize=700%2C400 2x"},"classes":[]},{"id":77826,"url":"https:\/\/noticiasribeiraopreto.com.br\/index.php\/2025\/09\/26\/briga-entre-vigias-deixa-um-ferido-a-bala\/","url_meta":{"origin":17940,"position":5},"title":"Briga entre vigias deixa um ferido a bala","author":"noticiasribeiraopreto.com.br","date":"26 de September de 2025","format":false,"excerpt":"Desentendimento ocorreu em condom\u00ednio de ch\u00e1caras na zona Leste de Ribeir\u00e3o Preto 26 de setembro de 2025 10:275 Compartilhar1 Por: Adalberto Luque Um homem ficou ferido e outro foi preso, na noite desta quinta-feira (25), ap\u00f3s uma briga. O desentendimento ocorreu na rua Doutor Alcides Palma Gui\u00e3o, no Recreio Internacional,\u2026","rel":"","context":"In &quot;Not\u00edcias de Ribeir\u00e3o Preto-SP e Regi\u00e3o&quot;","block_context":{"text":"Not\u00edcias de Ribeir\u00e3o Preto-SP e Regi\u00e3o","link":"https:\/\/noticiasribeiraopreto.com.br\/index.php\/category\/noticias-de-ribeirao-preto-sp-e-regiao-ismael-colosi\/"},"img":{"alt_text":"","src":"https:\/\/i0.wp.com\/noticiasribeiraopreto.com.br\/wp-content\/uploads\/2025\/09\/26-set-2025-brigavigias.jpg?fit=1200%2C724&ssl=1&resize=350%2C200","width":350,"height":200,"srcset":"https:\/\/i0.wp.com\/noticiasribeiraopreto.com.br\/wp-content\/uploads\/2025\/09\/26-set-2025-brigavigias.jpg?fit=1200%2C724&ssl=1&resize=350%2C200 1x, https:\/\/i0.wp.com\/noticiasribeiraopreto.com.br\/wp-content\/uploads\/2025\/09\/26-set-2025-brigavigias.jpg?fit=1200%2C724&ssl=1&resize=525%2C300 1.5x, https:\/\/i0.wp.com\/noticiasribeiraopreto.com.br\/wp-content\/uploads\/2025\/09\/26-set-2025-brigavigias.jpg?fit=1200%2C724&ssl=1&resize=700%2C400 2x, https:\/\/i0.wp.com\/noticiasribeiraopreto.com.br\/wp-content\/uploads\/2025\/09\/26-set-2025-brigavigias.jpg?fit=1200%2C724&ssl=1&resize=1050%2C600 3x"},"classes":[]}],"jetpack_sharing_enabled":true,"jetpack_shortlink":"https:\/\/wp.me\/peQAOb-4Fm","_links":{"self":[{"href":"https:\/\/noticiasribeiraopreto.com.br\/index.php\/wp-json\/wp\/v2\/posts\/17940","targetHints":{"allow":["GET"]}}],"collection":[{"href":"https:\/\/noticiasribeiraopreto.com.br\/index.php\/wp-json\/wp\/v2\/posts"}],"about":[{"href":"https:\/\/noticiasribeiraopreto.com.br\/index.php\/wp-json\/wp\/v2\/types\/post"}],"author":[{"embeddable":true,"href":"https:\/\/noticiasribeiraopreto.com.br\/index.php\/wp-json\/wp\/v2\/users\/1"}],"replies":[{"embeddable":true,"href":"https:\/\/noticiasribeiraopreto.com.br\/index.php\/wp-json\/wp\/v2\/comments?post=17940"}],"version-history":[{"count":0,"href":"https:\/\/noticiasribeiraopreto.com.br\/index.php\/wp-json\/wp\/v2\/posts\/17940\/revisions"}],"wp:featuredmedia":[{"embeddable":true,"href":"https:\/\/noticiasribeiraopreto.com.br\/index.php\/wp-json\/wp\/v2\/media\/17941"}],"wp:attachment":[{"href":"https:\/\/noticiasribeiraopreto.com.br\/index.php\/wp-json\/wp\/v2\/media?parent=17940"}],"wp:term":[{"taxonomy":"category","embeddable":true,"href":"https:\/\/noticiasribeiraopreto.com.br\/index.php\/wp-json\/wp\/v2\/categories?post=17940"},{"taxonomy":"post_tag","embeddable":true,"href":"https:\/\/noticiasribeiraopreto.com.br\/index.php\/wp-json\/wp\/v2\/tags?post=17940"}],"curies":[{"name":"wp","href":"https:\/\/api.w.org\/{rel}","templated":true}]}}