{"id":17948,"date":"2023-12-19T13:19:24","date_gmt":"2023-12-19T16:19:24","guid":{"rendered":"https:\/\/noticiasribeiraopreto.com.br\/index.php\/2023\/12\/19\/homens-sao-presos-apos-sequestrarem-menino-jesus-de-presepio-e-pedirem-resgate\/"},"modified":"2023-12-19T13:19:24","modified_gmt":"2023-12-19T16:19:24","slug":"homens-sao-presos-apos-sequestrarem-menino-jesus-de-presepio-e-pedirem-resgate","status":"publish","type":"post","link":"https:\/\/noticiasribeiraopreto.com.br\/index.php\/2023\/12\/19\/homens-sao-presos-apos-sequestrarem-menino-jesus-de-presepio-e-pedirem-resgate\/","title":{"rendered":"Homens s\u00e3o presos ap\u00f3s sequestrarem menino Jesus de pres\u00e9pio e pedirem resgate"},"content":{"rendered":"<div class='code-block code-block-1' style='margin: 8px 0 8px auto; text-align: right; display: block; clear: both;'>\n<p><a href=\"https:\/\/wa.link\/vpicfd\"><img data-recalc-dims=\"1\" class=\"wp-image-4922\" style=\"aspect-ratio: 2.0253164556962027; width: 561px; height: auto;\" src=\"https:\/\/i0.wp.com\/ismaelcolosi.com.br\/wp-content\/uploads\/2023\/11\/grupo-de-empregos-whatsapp-e-facebook-ismael-colosi-vagas.jpg?ssl=1\" alt=\"\" \/><\/a><\/p>\n<!-- \/wp:image -->\n<\/div>\n<p> <br \/>\n<\/p>\n<div itemprop=\"text\">\n<p>Fim de ano \u00e9 uma das \u00e9pocas mais lindas para decora\u00e7\u00f5es nas ruas, nas casas e nos estabelecimentos por conta do natal. Na lista dos enfeites, est\u00e3o os mais queridos como pisca-pisca, papai noel e pres\u00e9pio.<\/p>\n<p>Em quase toda cidade, os enfeites de natal nas avenidas e nas pra\u00e7as chamam a aten\u00e7\u00e3o de qualquer um. Mas uma situa\u00e7\u00e3o envolvendo enfeites de natal na Espanha virou not\u00edcia.<\/p>\n<p>Uma dupla de homens resolveu ir at\u00e9 uma pra\u00e7a onde estavam os enfeites de natal e decidiram roubar a atra\u00e7\u00e3o principal do pres\u00e9pio: o menino Jesus.<\/p>\n<p>N\u00e3o satisfeitos em roubar o item, eles ainda acharam que poderiam lucrar com isso e pediram resgate em troca do enfeite. Eles s\u00f3 devolveriam mediante o pagamento de 2 mil euros.<\/p>\n<div class=\"code-block code-block-9\" style=\"margin: 8px auto; text-align: center; display: block; clear: both;\">\n<p><span style=\"font-size: xx-small;\"><b>PUBLICIDADE<\/b><\/span><\/p>\n<div class=\"separator\" style=\"clear: both; text-align: center;\"><a href=\"https:\/\/breeze.bet\/?c=1&amp;utm_source=fbs\" imageanchor=\"1\" style=\"margin-left: 1em; margin-right: 1em;\" target=\"_blank\" rel=\"noopener\"><img data-recalc-dims=\"1\" loading=\"lazy\" decoding=\"async\" border=\"0\" data-original-height=\"250\" data-original-width=\"300\" height=\"250\" src=\"https:\/\/i0.wp.com\/blogger.googleusercontent.com\/img\/b\/R29vZ2xl\/AVvXsEhHMStsQpenim-wcfJXHMndm0o0P6BrbXYcb_zvAoVvLcdQw8AP_XKlfa98ltKcznGeZ-LpsBl2FxLCp8WOYwgFSB3cRFm5w-61F-0aTWm387IgHB-GZMFhX20JbEzho8NVK1flhSUYOat_fFInLDqTMO3djGgM3zf7gMkbu8Ut7Zlm-7-ZYF292G63voBG\/s1600\/at%C3%A9%20X2500.png?resize=300%2C250&#038;ssl=1\" width=\"300\"\/><\/a><\/div>\n<\/div>\n<p>Os \u201cSequestradores de San Vicente\u201d, como eles mesmo se identificaram em uma conta na rede social, publicaram um v\u00eddeo exigindo o pagamento para que devolvessem.<\/p>\n<blockquote class=\"twitter-tweet\" data-width=\"550\" data-dnt=\"true\">\n<p lang=\"es\" dir=\"ltr\">Detienen a dos j\u00f3venes por robar el ni\u00f1o Jes\u00fas del bel\u00e9n de San Vicente del Raspeig (Alicante) y pedir 2.000 euros de rescate. <a href=\"https:\/\/t.co\/faTzSSPp63\">pic.twitter.com\/faTzSSPp63<\/a><\/p>\n<p>\u2014 Wall Street Wolverine (@wallstwolverine) <a href=\"https:\/\/twitter.com\/wallstwolverine\/status\/1736742145254379898?ref_src=twsrc%5Etfw\">December 18, 2023<\/a><\/p>\n<\/blockquote>\n<p>Carlos Sanchez , um representante do governo espanhol chegou a classificar o epis\u00f3dio como algo \u201dsem nenhuma gra\u00e7a\u201d. A dupla depois de presa, confessou o ato.<\/p>\n<p>Sem o resgate pago pela est\u00e1tua do pres\u00e9pio, o item foi encontrado em uma lixeira no \u00faltimo domingo, 17, ap\u00f3s a duplas perceber que n\u00e3o teria sucesso com a tentativa de lucrar com o sequestro. Na segunda feira, 18 de dezembro, a est\u00e1tua foi devolvida ao lugar de origem para que continuasse fazendo parte de um dos enfeites natalinos da cidade.<\/p>\n<\/div>\n<p><script async src=\"\/\/platform.twitter.com\/widgets.js\" charset=\"utf-8\"><\/script><br \/>\n<br \/><br \/>\n<br \/><a href=\"https:\/\/fnmais.com\/video-homens-sao-presos-apos-sequestrarem-menino-jesus-presepio-pedirem-resgate\/\">Source link <\/a><\/p>\n<!-- CONTENT END 1 -->\n","protected":false},"excerpt":{"rendered":"<p>Fim de ano \u00e9 uma das \u00e9pocas mais lindas para decora\u00e7\u00f5es nas ruas, nas casas e nos estabelecimentos por conta do natal. Na lista dos&#8230;<\/p>\n","protected":false},"author":1,"featured_media":17949,"comment_status":"open","ping_status":"open","sticky":false,"template":"","format":"standard","meta":{"advanced_seo_description":"","jetpack_seo_html_title":"","jetpack_seo_noindex":false,"jetpack_post_was_ever_published":false,"_jetpack_newsletter_access":"","_jetpack_dont_email_post_to_subs":false,"_jetpack_newsletter_tier_id":0,"_jetpack_memberships_contains_paywalled_content":false,"_jetpack_memberships_contains_paid_content":false,"footnotes":"","jetpack_publicize_message":"","jetpack_publicize_feature_enabled":true,"jetpack_social_post_already_shared":true,"jetpack_social_options":{"image_generator_settings":{"template":"highway","default_image_id":0,"font":"","enabled":false},"version":2}},"categories":[1],"tags":[],"class_list":["post-17948","post","type-post","status-publish","format-standard","has-post-thumbnail","hentry","category-blog"],"jetpack_publicize_connections":[],"jetpack_featured_media_url":"https:\/\/i0.wp.com\/noticiasribeiraopreto.com.br\/wp-content\/uploads\/2023\/12\/postimg-6581b30b960975653.jpg?fit=1200%2C628&ssl=1","jetpack-related-posts":[{"id":8034,"url":"https:\/\/noticiasribeiraopreto.com.br\/index.php\/2023\/11\/29\/natal-teimosia-historica-do-amor\/","url_meta":{"origin":17948,"position":0},"title":"Natal, teimosia hist\u00f3rica do amor","author":"noticiasribeiraopreto.com.br","date":"29 de November de 2023","format":false,"excerpt":"29 de novembro de 2023 | 10:0329 de novembro de 2023 | 9:13 0Quando o assunto \u00e9 Natal, logo imaginamos o Papai Noel, enfeites e luzes para marcar a data. Mas tem um apaixonado pela comemora\u00e7\u00e3o que al\u00e9m de reunir a fam\u00edlia inteira, gosta de escrever um novo texto todos\u2026","rel":"","context":"In &quot;Not\u00edcias de Ribeir\u00e3o Preto-SP e Regi\u00e3o&quot;","block_context":{"text":"Not\u00edcias de Ribeir\u00e3o Preto-SP e Regi\u00e3o","link":"https:\/\/noticiasribeiraopreto.com.br\/index.php\/category\/noticias-de-ribeirao-preto-sp-e-regiao-ismael-colosi\/"},"img":{"alt_text":"","src":"https:\/\/i0.wp.com\/noticiasribeiraopreto.com.br\/wp-content\/uploads\/2023\/11\/feressabino.jpg?fit=1200%2C900&ssl=1&resize=350%2C200","width":350,"height":200,"srcset":"https:\/\/i0.wp.com\/noticiasribeiraopreto.com.br\/wp-content\/uploads\/2023\/11\/feressabino.jpg?fit=1200%2C900&ssl=1&resize=350%2C200 1x, https:\/\/i0.wp.com\/noticiasribeiraopreto.com.br\/wp-content\/uploads\/2023\/11\/feressabino.jpg?fit=1200%2C900&ssl=1&resize=525%2C300 1.5x, https:\/\/i0.wp.com\/noticiasribeiraopreto.com.br\/wp-content\/uploads\/2023\/11\/feressabino.jpg?fit=1200%2C900&ssl=1&resize=700%2C400 2x, https:\/\/i0.wp.com\/noticiasribeiraopreto.com.br\/wp-content\/uploads\/2023\/11\/feressabino.jpg?fit=1200%2C900&ssl=1&resize=1050%2C600 3x"},"classes":[]},{"id":60119,"url":"https:\/\/noticiasribeiraopreto.com.br\/index.php\/2024\/11\/06\/shoppings-de-ribeirao-anunciam-chegada-do-papai-noel-veja-programacao\/","url_meta":{"origin":17948,"position":1},"title":"Shoppings de Ribeir\u00e3o anunciam chegada do Papai Noel; Veja programa\u00e7\u00e3o","author":"noticiasribeiraopreto.com.br","date":"6 de November de 2024","format":false,"excerpt":"O clima natalino come\u00e7a a tomar conta dos quatro shoppings de Ribeir\u00e3o Preto, neste final de semana, com a chegada do Papai Noel. A programa\u00e7\u00e3o nos empreendimentos ainda conta com inaugura\u00e7\u00e3o da decora\u00e7\u00e3o de Natal, apresenta\u00e7\u00e3o musical, brinquedos, passeio virtual no tren\u00f3 do bom velhinho, cen\u00e1rios natalinos instagram\u00e1veis e mais.\u2026","rel":"","context":"In &quot;Not\u00edcias de Ribeir\u00e3o Preto-SP e Regi\u00e3o&quot;","block_context":{"text":"Not\u00edcias de Ribeir\u00e3o Preto-SP e Regi\u00e3o","link":"https:\/\/noticiasribeiraopreto.com.br\/index.php\/category\/noticias-de-ribeirao-preto-sp-e-regiao-ismael-colosi\/"},"img":{"alt_text":"","src":"https:\/\/i0.wp.com\/noticiasribeiraopreto.com.br\/wp-content\/uploads\/2024\/11\/WhatsApp-Image-2024-11-05-at-19.19.04_2024-11-06_16-48-07_jpeg_2024-11-06_16-48-08-scaled.webp.webp?fit=1200%2C675&ssl=1&resize=350%2C200","width":350,"height":200,"srcset":"https:\/\/i0.wp.com\/noticiasribeiraopreto.com.br\/wp-content\/uploads\/2024\/11\/WhatsApp-Image-2024-11-05-at-19.19.04_2024-11-06_16-48-07_jpeg_2024-11-06_16-48-08-scaled.webp.webp?fit=1200%2C675&ssl=1&resize=350%2C200 1x, https:\/\/i0.wp.com\/noticiasribeiraopreto.com.br\/wp-content\/uploads\/2024\/11\/WhatsApp-Image-2024-11-05-at-19.19.04_2024-11-06_16-48-07_jpeg_2024-11-06_16-48-08-scaled.webp.webp?fit=1200%2C675&ssl=1&resize=525%2C300 1.5x, https:\/\/i0.wp.com\/noticiasribeiraopreto.com.br\/wp-content\/uploads\/2024\/11\/WhatsApp-Image-2024-11-05-at-19.19.04_2024-11-06_16-48-07_jpeg_2024-11-06_16-48-08-scaled.webp.webp?fit=1200%2C675&ssl=1&resize=700%2C400 2x, https:\/\/i0.wp.com\/noticiasribeiraopreto.com.br\/wp-content\/uploads\/2024\/11\/WhatsApp-Image-2024-11-05-at-19.19.04_2024-11-06_16-48-07_jpeg_2024-11-06_16-48-08-scaled.webp.webp?fit=1200%2C675&ssl=1&resize=1050%2C600 3x"},"classes":[]},{"id":16503,"url":"https:\/\/noticiasribeiraopreto.com.br\/index.php\/2023\/12\/15\/conheca-os-beneficios-de-uma-das-frutas-caracteristicas-de-natal\/","url_meta":{"origin":17948,"position":2},"title":"conhe\u00e7a os benef\u00edcios de uma das frutas caracter\u00edsticas de Natal","author":"noticiasribeiraopreto.com.br","date":"15 de December de 2023","format":false,"excerpt":"Final de ano e a tradicional ceia de natal se aproxima. Para encher a mesa de guloseimas, a lista das compras s\u00f3 tende a crescer. Alguns alimentos s\u00e3o quase que obrigat\u00f3rios marcarem presen\u00e7a.Um deles \u00e9 o damasco. Usado como enfeite, aperitivo ou protagonista em alguma receita, a fruta t\u00edpica usada\u2026","rel":"","context":"In &quot;Blog&quot;","block_context":{"text":"Blog","link":"https:\/\/noticiasribeiraopreto.com.br\/index.php\/category\/blog\/"},"img":{"alt_text":"","src":"https:\/\/i0.wp.com\/noticiasribeiraopreto.com.br\/wp-content\/uploads\/2023\/12\/postimg-657cb22dbb6d59411.jpg?fit=1200%2C628&ssl=1&resize=350%2C200","width":350,"height":200,"srcset":"https:\/\/i0.wp.com\/noticiasribeiraopreto.com.br\/wp-content\/uploads\/2023\/12\/postimg-657cb22dbb6d59411.jpg?fit=1200%2C628&ssl=1&resize=350%2C200 1x, https:\/\/i0.wp.com\/noticiasribeiraopreto.com.br\/wp-content\/uploads\/2023\/12\/postimg-657cb22dbb6d59411.jpg?fit=1200%2C628&ssl=1&resize=525%2C300 1.5x, https:\/\/i0.wp.com\/noticiasribeiraopreto.com.br\/wp-content\/uploads\/2023\/12\/postimg-657cb22dbb6d59411.jpg?fit=1200%2C628&ssl=1&resize=700%2C400 2x, https:\/\/i0.wp.com\/noticiasribeiraopreto.com.br\/wp-content\/uploads\/2023\/12\/postimg-657cb22dbb6d59411.jpg?fit=1200%2C628&ssl=1&resize=1050%2C600 3x"},"classes":[]},{"id":11896,"url":"https:\/\/noticiasribeiraopreto.com.br\/index.php\/2023\/12\/07\/6-musicas-de-natal-mais-tocadas-em-dezembro-meu-valor-digital\/","url_meta":{"origin":17948,"position":3},"title":"6 m\u00fasicas de Natal mais tocadas em dezembro\u00a0 &#8211; Meu Valor Digital","author":"noticiasribeiraopreto.com.br","date":"7 de December de 2023","format":false,"excerpt":"Dezembro \u00e9 um m\u00eas m\u00e1gico! As cidades ficam lindas com os enfeites de Natal. As lojas cheias, pessoas comprando presentes para a pessoa amada, o amigo e o vizinho. As crian\u00e7as ansiosas pela chegada do Papai Noel. Outras pessoas est\u00e3o aguardando o dia 24 para ir \u00e0 Missa do Galo.\u2026","rel":"","context":"In &quot;Vagas de Emprego em Ribeir\u00e3o Preto-SP&quot;","block_context":{"text":"Vagas de Emprego em Ribeir\u00e3o Preto-SP","link":"https:\/\/noticiasribeiraopreto.com.br\/index.php\/category\/empregos-classificados-vagas-trabalho\/vagas-de-empregos-em-ribeirao-preto-regiao-brasil\/"},"img":{"alt_text":"","src":"https:\/\/i0.wp.com\/noticiasribeiraopreto.com.br\/wp-content\/uploads\/2023\/12\/Musicas-de-Natal-1.jpg?fit=1200%2C773&ssl=1&resize=350%2C200","width":350,"height":200,"srcset":"https:\/\/i0.wp.com\/noticiasribeiraopreto.com.br\/wp-content\/uploads\/2023\/12\/Musicas-de-Natal-1.jpg?fit=1200%2C773&ssl=1&resize=350%2C200 1x, https:\/\/i0.wp.com\/noticiasribeiraopreto.com.br\/wp-content\/uploads\/2023\/12\/Musicas-de-Natal-1.jpg?fit=1200%2C773&ssl=1&resize=525%2C300 1.5x, https:\/\/i0.wp.com\/noticiasribeiraopreto.com.br\/wp-content\/uploads\/2023\/12\/Musicas-de-Natal-1.jpg?fit=1200%2C773&ssl=1&resize=700%2C400 2x, https:\/\/i0.wp.com\/noticiasribeiraopreto.com.br\/wp-content\/uploads\/2023\/12\/Musicas-de-Natal-1.jpg?fit=1200%2C773&ssl=1&resize=1050%2C600 3x"},"classes":[]},{"id":8591,"url":"https:\/\/noticiasribeiraopreto.com.br\/index.php\/2023\/11\/30\/prefeitura-de-maua-inaugura-a-vila-natalina-neste-sabado\/","url_meta":{"origin":17948,"position":4},"title":"Prefeitura de Mau\u00e1 inaugura a Vila Natalina neste s\u00e1bado","author":"noticiasribeiraopreto.com.br","date":"30 de November de 2023","format":false,"excerpt":"A Prefeitura de Mau\u00e1, inspirada no grande sucesso do final de 2022, inaugura a partir do pr\u00f3ximo s\u00e1bado (02\/12), a Vila Natalina, que ficar\u00e1 no Parque da Juventude, um presente para a popula\u00e7\u00e3o, para celebrar as festas de final de ano e tamb\u00e9m os 69 anos de Mau\u00e1, que \u00e9\u2026","rel":"","context":"In &quot;Variedades&quot;","block_context":{"text":"Variedades","link":"https:\/\/noticiasribeiraopreto.com.br\/index.php\/category\/variedades\/"},"img":{"alt_text":"","src":"https:\/\/i0.wp.com\/noticiasribeiraopreto.com.br\/wp-content\/uploads\/2023\/11\/b03b5d96-8dca-4392-9184-308da63ebc3b.jpg?fit=1200%2C638&ssl=1&resize=350%2C200","width":350,"height":200,"srcset":"https:\/\/i0.wp.com\/noticiasribeiraopreto.com.br\/wp-content\/uploads\/2023\/11\/b03b5d96-8dca-4392-9184-308da63ebc3b.jpg?fit=1200%2C638&ssl=1&resize=350%2C200 1x, https:\/\/i0.wp.com\/noticiasribeiraopreto.com.br\/wp-content\/uploads\/2023\/11\/b03b5d96-8dca-4392-9184-308da63ebc3b.jpg?fit=1200%2C638&ssl=1&resize=525%2C300 1.5x, https:\/\/i0.wp.com\/noticiasribeiraopreto.com.br\/wp-content\/uploads\/2023\/11\/b03b5d96-8dca-4392-9184-308da63ebc3b.jpg?fit=1200%2C638&ssl=1&resize=700%2C400 2x, https:\/\/i0.wp.com\/noticiasribeiraopreto.com.br\/wp-content\/uploads\/2023\/11\/b03b5d96-8dca-4392-9184-308da63ebc3b.jpg?fit=1200%2C638&ssl=1&resize=1050%2C600 3x"},"classes":[]},{"id":9927,"url":"https:\/\/noticiasribeiraopreto.com.br\/index.php\/2023\/12\/03\/atracoes-interativas-disney-pixar-agitam-o-grand-plaza-neste-natal\/","url_meta":{"origin":17948,"position":5},"title":"Atra\u00e7\u00f5es interativas Disney | Pixar agitam o Grand Plaza neste Natal","author":"noticiasribeiraopreto.com.br","date":"3 de December de 2023","format":false,"excerpt":"A decora\u00e7\u00e3o de Natal licenciada da Disney | Pixar est\u00e1 fazendo muito sucesso no Grand Plaza, empreendimento que oferece a melhor experi\u00eancia em compras, lazer, entretenimento e gastronomia do ABC. Dividido em quatro cen\u00e1rios personalizados de Mickey e Minnie, Frozen, Monstros S.A. e Carros ao redor de \u00e1rvore natalina de\u2026","rel":"","context":"In &quot;Variedades&quot;","block_context":{"text":"Variedades","link":"https:\/\/noticiasribeiraopreto.com.br\/index.php\/category\/variedades\/"},"img":{"alt_text":"","src":"https:\/\/i0.wp.com\/noticiasribeiraopreto.com.br\/wp-content\/uploads\/2023\/12\/gp-decoracao-de-natal-4.jpg?fit=1200%2C638&ssl=1&resize=350%2C200","width":350,"height":200,"srcset":"https:\/\/i0.wp.com\/noticiasribeiraopreto.com.br\/wp-content\/uploads\/2023\/12\/gp-decoracao-de-natal-4.jpg?fit=1200%2C638&ssl=1&resize=350%2C200 1x, https:\/\/i0.wp.com\/noticiasribeiraopreto.com.br\/wp-content\/uploads\/2023\/12\/gp-decoracao-de-natal-4.jpg?fit=1200%2C638&ssl=1&resize=525%2C300 1.5x, https:\/\/i0.wp.com\/noticiasribeiraopreto.com.br\/wp-content\/uploads\/2023\/12\/gp-decoracao-de-natal-4.jpg?fit=1200%2C638&ssl=1&resize=700%2C400 2x, https:\/\/i0.wp.com\/noticiasribeiraopreto.com.br\/wp-content\/uploads\/2023\/12\/gp-decoracao-de-natal-4.jpg?fit=1200%2C638&ssl=1&resize=1050%2C600 3x"},"classes":[]}],"jetpack_sharing_enabled":true,"jetpack_shortlink":"https:\/\/wp.me\/peQAOb-4Fu","_links":{"self":[{"href":"https:\/\/noticiasribeiraopreto.com.br\/index.php\/wp-json\/wp\/v2\/posts\/17948","targetHints":{"allow":["GET"]}}],"collection":[{"href":"https:\/\/noticiasribeiraopreto.com.br\/index.php\/wp-json\/wp\/v2\/posts"}],"about":[{"href":"https:\/\/noticiasribeiraopreto.com.br\/index.php\/wp-json\/wp\/v2\/types\/post"}],"author":[{"embeddable":true,"href":"https:\/\/noticiasribeiraopreto.com.br\/index.php\/wp-json\/wp\/v2\/users\/1"}],"replies":[{"embeddable":true,"href":"https:\/\/noticiasribeiraopreto.com.br\/index.php\/wp-json\/wp\/v2\/comments?post=17948"}],"version-history":[{"count":0,"href":"https:\/\/noticiasribeiraopreto.com.br\/index.php\/wp-json\/wp\/v2\/posts\/17948\/revisions"}],"wp:featuredmedia":[{"embeddable":true,"href":"https:\/\/noticiasribeiraopreto.com.br\/index.php\/wp-json\/wp\/v2\/media\/17949"}],"wp:attachment":[{"href":"https:\/\/noticiasribeiraopreto.com.br\/index.php\/wp-json\/wp\/v2\/media?parent=17948"}],"wp:term":[{"taxonomy":"category","embeddable":true,"href":"https:\/\/noticiasribeiraopreto.com.br\/index.php\/wp-json\/wp\/v2\/categories?post=17948"},{"taxonomy":"post_tag","embeddable":true,"href":"https:\/\/noticiasribeiraopreto.com.br\/index.php\/wp-json\/wp\/v2\/tags?post=17948"}],"curies":[{"name":"wp","href":"https:\/\/api.w.org\/{rel}","templated":true}]}}