{"id":18058,"date":"2023-12-19T17:04:11","date_gmt":"2023-12-19T20:04:11","guid":{"rendered":"https:\/\/noticiasribeiraopreto.com.br\/index.php\/2023\/12\/19\/irma-de-celine-dion-atualiza-estado-de-saude-da-cantora-nao-tem-controle\/"},"modified":"2023-12-19T17:04:11","modified_gmt":"2023-12-19T20:04:11","slug":"irma-de-celine-dion-atualiza-estado-de-saude-da-cantora-nao-tem-controle","status":"publish","type":"post","link":"https:\/\/noticiasribeiraopreto.com.br\/index.php\/2023\/12\/19\/irma-de-celine-dion-atualiza-estado-de-saude-da-cantora-nao-tem-controle\/","title":{"rendered":"Irm\u00e3 de C\u00e9line Dion atualiza estado de sa\u00fade da cantora: &#8216;n\u00e3o tem controle&#8217;"},"content":{"rendered":"<div class='code-block code-block-1' style='margin: 8px 0 8px auto; text-align: right; display: block; clear: both;'>\n<p><a href=\"https:\/\/wa.link\/vpicfd\"><img data-recalc-dims=\"1\" class=\"wp-image-4922\" style=\"aspect-ratio: 2.0253164556962027; width: 561px; height: auto;\" src=\"https:\/\/i0.wp.com\/ismaelcolosi.com.br\/wp-content\/uploads\/2023\/11\/grupo-de-empregos-whatsapp-e-facebook-ismael-colosi-vagas.jpg?ssl=1\" alt=\"\" \/><\/a><\/p>\n<!-- \/wp:image -->\n<\/div>\n<p> <br \/>\n<\/p>\n<div>\n<p>Claudette Dion, a <a href=\"https:\/\/catracalivre.com.br\/saude-bem-estar\/irma-de-celine-dion-fala-sobre-estado-de-saude-da-cantora-so-um-milagre\/\" target=\"_blank\" rel=\"noopener\">irm\u00e3 da diva do pop<\/a> C\u00e9line Dion, resolveu atualizar o estado de sa\u00fade preocupante da cantora, que enfrenta espasmos musculares ap\u00f3s diagn\u00f3stico de <a href=\"https:\/\/catracalivre.com.br\/saude-bem-estar\/sindrome-da-pessoa-rigida-entenda-a-doenca-de-celine-dion\/\" target=\"_blank\" rel=\"noopener\">s\u00edndrome da pessoa r\u00edgida<\/a>, em 2022.<\/p>\n<p class=\"fs-5 fw-semibold text-gray-600\">A mais recente not\u00edcia revela que C\u00e9line perdeu o controle sobre seus m\u00fasculos. A informa\u00e7\u00e3o veio \u00e0 p\u00fablico atrav\u00e9s de sua irm\u00e3, que revelou os detalhes em uma entrevista ao portal canadense <a href=\"https:\/\/www.7jours.ca\/\" target=\"_blank\" rel=\"noopener\">7 Jours<\/a>.<\/p>\n<div id=\"attachment_2329293\" class=\"wp-caption alignnone\">\n<div class=\"d-flex justify-content-center\" data-attachment-id=\"2329293\">\n<div class=\"position-relative d-inline-block\"><img data-recalc-dims=\"1\" data-portal-copyright=\"reprodu\u00e7\u00e3o\/YouTube\/Celine Dion\" fetchpriority=\"high\" decoding=\"async\" class=\"size-full wp-image-2329293\" src=\"https:\/\/i0.wp.com\/catracalivre.com.br\/wp-content\/uploads\/2023\/12\/screenshot-2023-12-19-161757.png?resize=1000%2C595&#038;ssl=1\" alt=\"Irm\u00e3 de C\u00e9line Dion atualiza seu estado de sa\u00fade\" width=\"1000\" height=\"595\" srcset=\"https:\/\/catracalivre.com.br\/wp-content\/uploads\/2023\/12\/screenshot-2023-12-19-161757.png 1000w, https:\/\/catracalivre.com.br\/wp-content\/uploads\/2023\/12\/screenshot-2023-12-19-161757-450x268.png 450w, https:\/\/catracalivre.com.br\/wp-content\/uploads\/2023\/12\/screenshot-2023-12-19-161757-768x457.png 768w\" sizes=\"(max-width: 1000px) 100vw, 1000px\"\/><\/p>\n<p>Cr\u00e9ditos: reprodu\u00e7\u00e3o\/YouTube\/Celine Dion<\/p>\n<\/div>\n<\/div>\n<p><span class=\"post-imagem__legenda\">Irm\u00e3 de C\u00e9line Dion atualiza seu estado de sa\u00fade<\/span><\/p>\n<\/div>\n<h2>Como est\u00e1 a sa\u00fade de C\u00e9line Dion?<\/h2>\n<p>Claudette relatou que a irm\u00e3 est\u00e1 batalhando contra a s\u00edndrome da pessoa r\u00edgida e revelou que a famosa cantora est\u00e1 perdendo o controle sobre seus pr\u00f3prios m\u00fasculos.<\/p>\n<p class=\"fs-5 fw-semibold text-gray-600\">A irm\u00e3 de C\u00e9line manifestou grande preocupa\u00e7\u00e3o com a evolu\u00e7\u00e3o da doen\u00e7a e com o que a cantora poder\u00e1 enfrentar de sintomas no futuro.<\/p>\n<p>\u201cEla n\u00e3o tem controle sobre os m\u00fasculos\u201d, disse ao jornal. \u201cO que me parte o cora\u00e7\u00e3o \u00e9 que ela sempre foi disciplinada. Ela sempre trabalhou duro\u201d, comentou.<\/p>\n<h2>S\u00edndrome da pessoa r\u00edgida \u00e9 a causa<\/h2>\n<p>Desde dezembro de 2022, C\u00e9line Dion enfrenta a s\u00edndrome da pessoa r\u00edgida, um dist\u00farbio autoimune raro ataca o sistema nervoso central, causando espasmos musculares e rigidez corporal.<\/p>\n<p class=\"fs-5 fw-semibold text-gray-600\">Segundo Claudette, os sintomas est\u00e3o piorando. Mas, apesar das adversidades, a cantora segue sua luta para combater a doen\u00e7a, com o objetivo mais alto de voltar aos palcos.<\/p>\n<p class=\"fs-5 fw-semibold text-gray-600\">Entretanto, como explicou a irm\u00e3, \u00e9 incerto em que condi\u00e7\u00f5es ela retornar\u00e1 aos holofotes: \u201cNos nossos sonhos e nos dela, a ideia \u00e9 voltar aos palcos. Em que estado? N\u00e3o sei\u201d, afirmou.<\/p>\n<p>Em maio deste ano, o diagn\u00f3stico levou C\u00e9line, de 55 anos, a cancelar sua turn\u00ea mundial: \u201cLamento decepcionar voc\u00eas todos mais uma vez\u201d, escreveu na \u00e9poca, em uma publica\u00e7\u00e3o no Instagram.<\/p>\n<p>A not\u00edcia causou grande preocupa\u00e7\u00e3o entre seus f\u00e3s. A cantora \u00e9 conhecida por suas poderosas baladas populares como \u201cMy Heart Will Go On\u201d e \u201cBecause You Loved Me\u201d.<\/p>\n<div id=\"attachment_2244085\" class=\"wp-caption alignnone\">\n<div class=\"d-flex justify-content-center\" data-attachment-id=\"2244085\">\n<div class=\"position-relative d-inline-block\"><img data-recalc-dims=\"1\" loading=\"lazy\" data-portal-copyright=\"reprodu\u00e7\u00e3o\/Instagram\/celinedion\" decoding=\"async\" class=\"size-full wp-image-2244085\" src=\"https:\/\/i0.wp.com\/catracalivre.com.br\/wp-content\/uploads\/2022\/12\/celine-dion-1.jpg?resize=1080%2C713&#038;ssl=1\" alt=\"\u2018N\u00e3o consegue nem andar\u2019, diz familiar de C\u00e9line Dion\" width=\"1080\" height=\"713\" srcset=\"https:\/\/catracalivre.com.br\/wp-content\/uploads\/2022\/12\/celine-dion-1.jpg 1080w, https:\/\/catracalivre.com.br\/wp-content\/uploads\/2022\/12\/celine-dion-1-450x297.jpg 450w, https:\/\/catracalivre.com.br\/wp-content\/uploads\/2022\/12\/celine-dion-1-768x507.jpg 768w\" sizes=\"auto, (max-width: 1080px) 100vw, 1080px\"\/><\/p>\n<p>Cr\u00e9ditos: reprodu\u00e7\u00e3o\/Instagram\/celinedion<\/p>\n<\/div>\n<\/div>\n<p><span class=\"post-imagem__legenda\">\u2018N\u00e3o consegue nem andar\u2019, diz familiar de C\u00e9line Dion<\/span><\/p>\n<\/div>\n<h2>Sintomas da s\u00edndrome da pessoa r\u00edgida<\/h2>\n<p>A s\u00edndrome da pessoa r\u00edgida \u00e9 uma condi\u00e7\u00e3o que tem como principal caracter\u00edstica espasmos musculares severos e persistentes.<\/p>\n<p>Os espasmos, associados a rigidez muscular, podem ser altamente debilitantes. De acordo com Stiff Person Syndrome Foundation, sinais mais graves do dist\u00farbio fazem com que os indiv\u00edduos afetados lutem para mover seus corpos, impactando sua capacidade de realizar atividades di\u00e1rias simples.<\/p>\n<p>Os primeiros sintomas da doen\u00e7a em C\u00e9line come\u00e7aram em 2021, quando ela precisou cancelar sua estadia em Las Vegas, citando \u201cproblemas de sa\u00fade\u201d.<\/p>\n<\/div>\n<p><script>\n\t\t! function(f, b, e, v, n, t, s) {\n\t\t\tif (f.fbq) return;\n\t\t\tn = f.fbq = function() {\n\t\t\t\tn.callMethod ?\n\t\t\t\t\tn.callMethod.apply(n, arguments) : n.queue.push(arguments)\n\t\t\t};\n\t\t\tif (!f._fbq) f._fbq = n;\n\t\t\tn.push = n;\n\t\t\tn.loaded = !0;\n\t\t\tn.version = '2.0';\n\t\t\tn.queue = [];\n\t\t\tt = b.createElement(e);\n\t\t\tt.async = !0;\n\t\t\tt.src = v;\n\t\t\ts = b.getElementsByTagName(e)[0];\n\t\t\ts.parentNode.insertBefore(t, s)\n\t\t}(window, document, 'script',\n\t\t\t'https:\/\/connect.facebook.net\/en_US\/fbevents.js');\n\t\tfbq('init', '338315473262380');\n\t\tfbq('track', 'PageView');\n\t<\/script><br \/>\n<br \/><br \/>\n<br \/><a href=\"https:\/\/catracalivre.com.br\/saude-bem-estar\/irma-de-celine-dion-atualiza-estado-de-saude-da-cantora-nao-tem-controle\/\">Source link <\/a><\/p>\n<!-- CONTENT END 1 -->\n","protected":false},"excerpt":{"rendered":"<p>Claudette Dion, a irm\u00e3 da diva do pop C\u00e9line Dion, resolveu atualizar o estado de sa\u00fade preocupante da cantora, que enfrenta espasmos musculares ap\u00f3s diagn\u00f3stico&#8230;<\/p>\n","protected":false},"author":1,"featured_media":18059,"comment_status":"open","ping_status":"open","sticky":false,"template":"","format":"standard","meta":{"advanced_seo_description":"","jetpack_seo_html_title":"","jetpack_seo_noindex":false,"jetpack_post_was_ever_published":false,"_jetpack_newsletter_access":"","_jetpack_dont_email_post_to_subs":false,"_jetpack_newsletter_tier_id":0,"_jetpack_memberships_contains_paywalled_content":false,"_jetpack_memberships_contains_paid_content":false,"footnotes":"","jetpack_publicize_message":"","jetpack_publicize_feature_enabled":true,"jetpack_social_post_already_shared":true,"jetpack_social_options":{"image_generator_settings":{"template":"highway","default_image_id":0,"font":"","enabled":false},"version":2}},"categories":[19],"tags":[],"class_list":["post-18058","post","type-post","status-publish","format-standard","has-post-thumbnail","hentry","category-variedades"],"jetpack_publicize_connections":[],"jetpack_featured_media_url":"https:\/\/i0.wp.com\/noticiasribeiraopreto.com.br\/wp-content\/uploads\/2023\/12\/screenshot-2023-12-19-161757.png?fit=1200%2C638&ssl=1","jetpack-related-posts":[{"id":21721,"url":"https:\/\/noticiasribeiraopreto.com.br\/index.php\/2023\/12\/28\/tens-que-pensar-muitas-vezes-antes-falar\/","url_meta":{"origin":18058,"position":0},"title":"&#8221;Tens que pensar muitas vezes antes falar","author":"noticiasribeiraopreto.com.br","date":"28 de December de 2023","format":false,"excerpt":"Beyonc\u00e9 na Bahia foi um dos momentos mais inesperados que aconteceu no m\u00eas de dezembro. Os f\u00e3s da cantora ganharam um presente de natal antecipado ap\u00f3s a diva do pop subir ao placo com a bandeira do Estado na m\u00e3o.Muitas foram as repercuss\u00f5es da vinda da famosa no pa\u00eds. Desde\u2026","rel":"","context":"In &quot;Blog&quot;","block_context":{"text":"Blog","link":"https:\/\/noticiasribeiraopreto.com.br\/index.php\/category\/blog\/"},"img":{"alt_text":"","src":"https:\/\/i0.wp.com\/noticiasribeiraopreto.com.br\/wp-content\/uploads\/2023\/12\/postimg-658d80a4165509743.jpg?fit=1200%2C628&ssl=1&resize=350%2C200","width":350,"height":200,"srcset":"https:\/\/i0.wp.com\/noticiasribeiraopreto.com.br\/wp-content\/uploads\/2023\/12\/postimg-658d80a4165509743.jpg?fit=1200%2C628&ssl=1&resize=350%2C200 1x, https:\/\/i0.wp.com\/noticiasribeiraopreto.com.br\/wp-content\/uploads\/2023\/12\/postimg-658d80a4165509743.jpg?fit=1200%2C628&ssl=1&resize=525%2C300 1.5x, https:\/\/i0.wp.com\/noticiasribeiraopreto.com.br\/wp-content\/uploads\/2023\/12\/postimg-658d80a4165509743.jpg?fit=1200%2C628&ssl=1&resize=700%2C400 2x, https:\/\/i0.wp.com\/noticiasribeiraopreto.com.br\/wp-content\/uploads\/2023\/12\/postimg-658d80a4165509743.jpg?fit=1200%2C628&ssl=1&resize=1050%2C600 3x"},"classes":[]},{"id":24161,"url":"https:\/\/noticiasribeiraopreto.com.br\/index.php\/2024\/01\/03\/jovem-e-preso-apos-ser-visto-carregando-cabeca-da-propria-irma-pelas-ruas\/","url_meta":{"origin":18058,"position":1},"title":"Jovem \u00e9 preso ap\u00f3s ser visto carregando cabe\u00e7a da pr\u00f3pria irm\u00e3 pelas ruas","author":"noticiasribeiraopreto.com.br","date":"3 de January de 2024","format":false,"excerpt":"A pol\u00edcia deteve um adolescente, identificado pelo nome de Sebasti\u00e1n, que estava perambulando pelas ruas carregando n\u00e3o apenas um rifle, mas tamb\u00e9m a cabe\u00e7a decapitada de sua pr\u00f3pria irm\u00e3, Julieta, de 26 anos de idade.O corpo nu de Julieta fora encontrado apenas alguns dias antes, estando pr\u00f3ximo a um posto\u2026","rel":"","context":"In &quot;Blog&quot;","block_context":{"text":"Blog","link":"https:\/\/noticiasribeiraopreto.com.br\/index.php\/category\/blog\/"},"img":{"alt_text":"","src":"https:\/\/i0.wp.com\/noticiasribeiraopreto.com.br\/wp-content\/uploads\/2024\/01\/postimg-659597b1767889089.jpg?fit=1200%2C628&ssl=1&resize=350%2C200","width":350,"height":200,"srcset":"https:\/\/i0.wp.com\/noticiasribeiraopreto.com.br\/wp-content\/uploads\/2024\/01\/postimg-659597b1767889089.jpg?fit=1200%2C628&ssl=1&resize=350%2C200 1x, https:\/\/i0.wp.com\/noticiasribeiraopreto.com.br\/wp-content\/uploads\/2024\/01\/postimg-659597b1767889089.jpg?fit=1200%2C628&ssl=1&resize=525%2C300 1.5x, https:\/\/i0.wp.com\/noticiasribeiraopreto.com.br\/wp-content\/uploads\/2024\/01\/postimg-659597b1767889089.jpg?fit=1200%2C628&ssl=1&resize=700%2C400 2x, https:\/\/i0.wp.com\/noticiasribeiraopreto.com.br\/wp-content\/uploads\/2024\/01\/postimg-659597b1767889089.jpg?fit=1200%2C628&ssl=1&resize=1050%2C600 3x"},"classes":[]},{"id":83054,"url":"https:\/\/noticiasribeiraopreto.com.br\/index.php\/2026\/03\/08\/irma-selma-retorna-ao-municipal-de-rp\/","url_meta":{"origin":18058,"position":2},"title":"Irm\u00e3 Selma retorna ao Municipal de RP","author":"noticiasribeiraopreto.com.br","date":"8 de March de 2026","format":false,"excerpt":"O humorista Oct\u00e1vio Mendes estar\u00e1 no Teatro Municipal de Ribeir\u00e3o Preto, na pr\u00f3xima sexta-feira, 13 de mar\u00e7o, \u00e0s 20h30, com o espet\u00e1culo \u201cIrm\u00e3 Selma\u201d, h\u00e1 20 anos em cartaz. Ele j\u00e1 fez v\u00e1rias apresenta\u00e7\u00f5es na cidade \u2013 sempre com casa lotada \u2013, a \u00faltima em fevereiro de 2024, e volta\u2026","rel":"","context":"In &quot;Not\u00edcias de Ribeir\u00e3o Preto-SP e Regi\u00e3o&quot;","block_context":{"text":"Not\u00edcias de Ribeir\u00e3o Preto-SP e Regi\u00e3o","link":"https:\/\/noticiasribeiraopreto.com.br\/index.php\/category\/noticias-de-ribeirao-preto-sp-e-regiao-ismael-colosi\/"},"img":{"alt_text":"","src":"https:\/\/i0.wp.com\/noticiasribeiraopreto.com.br\/wp-content\/uploads\/2026\/03\/Selma-Pro-Lise-Livramento-scaled.jpg?fit=1170%2C780&ssl=1&resize=350%2C200","width":350,"height":200,"srcset":"https:\/\/i0.wp.com\/noticiasribeiraopreto.com.br\/wp-content\/uploads\/2026\/03\/Selma-Pro-Lise-Livramento-scaled.jpg?fit=1170%2C780&ssl=1&resize=350%2C200 1x, https:\/\/i0.wp.com\/noticiasribeiraopreto.com.br\/wp-content\/uploads\/2026\/03\/Selma-Pro-Lise-Livramento-scaled.jpg?fit=1170%2C780&ssl=1&resize=525%2C300 1.5x, https:\/\/i0.wp.com\/noticiasribeiraopreto.com.br\/wp-content\/uploads\/2026\/03\/Selma-Pro-Lise-Livramento-scaled.jpg?fit=1170%2C780&ssl=1&resize=700%2C400 2x, https:\/\/i0.wp.com\/noticiasribeiraopreto.com.br\/wp-content\/uploads\/2026\/03\/Selma-Pro-Lise-Livramento-scaled.jpg?fit=1170%2C780&ssl=1&resize=1050%2C600 3x"},"classes":[]},{"id":84367,"url":"https:\/\/noticiasribeiraopreto.com.br\/index.php\/2026\/04\/08\/motorista-tem-apagao-carreta-desce-de-marcha-a-re-e-bate-em-caminhao-na-anhanguera\/","url_meta":{"origin":18058,"position":3},"title":"Motorista tem &#8216;apag\u00e3o&#8217;, carreta desce de marcha \u00e0 r\u00e9 e bate em caminh\u00e3o na Anhanguera","author":"noticiasribeiraopreto.com.br","date":"8 de April de 2026","format":false,"excerpt":"Ler o resumo da not\u00edcia Acidente occurred on quarta-feira (8) no km 366 da rodovia Anhanguera (SP-330), em Orl\u00e2ndia, a 50 km de Ribeir\u00e3o Preto. Motorista de carreta sofreu \"apag\u00e3o\" (mal s\u00fabito), ve\u00edculo desceu de marcha \u00e0 r\u00e9 e atingiu lateral de caminh\u00e3o com perec\u00edveis. Carreta tombou ap\u00f3s bater na\u2026","rel":"","context":"In &quot;Not\u00edcias de Ribeir\u00e3o Preto-SP e Regi\u00e3o&quot;","block_context":{"text":"Not\u00edcias de Ribeir\u00e3o Preto-SP e Regi\u00e3o","link":"https:\/\/noticiasribeiraopreto.com.br\/index.php\/category\/noticias-de-ribeirao-preto-sp-e-regiao-ismael-colosi\/"},"img":{"alt_text":"","src":"https:\/\/i0.wp.com\/noticiasribeiraopreto.com.br\/wp-content\/uploads\/2026\/04\/WhatsApp-Image-2026-04-08-at-12.20.46_2026-04-08_15-21-29.webp.webp?fit=1200%2C833&ssl=1&resize=350%2C200","width":350,"height":200,"srcset":"https:\/\/i0.wp.com\/noticiasribeiraopreto.com.br\/wp-content\/uploads\/2026\/04\/WhatsApp-Image-2026-04-08-at-12.20.46_2026-04-08_15-21-29.webp.webp?fit=1200%2C833&ssl=1&resize=350%2C200 1x, https:\/\/i0.wp.com\/noticiasribeiraopreto.com.br\/wp-content\/uploads\/2026\/04\/WhatsApp-Image-2026-04-08-at-12.20.46_2026-04-08_15-21-29.webp.webp?fit=1200%2C833&ssl=1&resize=525%2C300 1.5x, https:\/\/i0.wp.com\/noticiasribeiraopreto.com.br\/wp-content\/uploads\/2026\/04\/WhatsApp-Image-2026-04-08-at-12.20.46_2026-04-08_15-21-29.webp.webp?fit=1200%2C833&ssl=1&resize=700%2C400 2x, https:\/\/i0.wp.com\/noticiasribeiraopreto.com.br\/wp-content\/uploads\/2026\/04\/WhatsApp-Image-2026-04-08-at-12.20.46_2026-04-08_15-21-29.webp.webp?fit=1200%2C833&ssl=1&resize=1050%2C600 3x"},"classes":[]},{"id":19031,"url":"https:\/\/noticiasribeiraopreto.com.br\/index.php\/2023\/12\/21\/duas-irmas-perdem-a-vida-em-grave-acidente-na-lmg-754\/","url_meta":{"origin":18058,"position":4},"title":"Duas irm\u00e3s perdem a vida em grave acidente na LMG-754","author":"noticiasribeiraopreto.com.br","date":"21 de December de 2023","format":false,"excerpt":"Na madrugada desta quinta-feira (21), um grave acidente entre um carro e uma carreta ceifou a vida de duas irm\u00e3s. Duas irm\u00e3s, ambas na faixa et\u00e1ria de 65 e 70 anos, perderam a vida em um grave acidente.A batida envolveu um autom\u00f3vel e uma carreta na rodovia LMG-754, em um\u2026","rel":"","context":"In &quot;Blog&quot;","block_context":{"text":"Blog","link":"https:\/\/noticiasribeiraopreto.com.br\/index.php\/category\/blog\/"},"img":{"alt_text":"","src":"https:\/\/i0.wp.com\/noticiasribeiraopreto.com.br\/wp-content\/uploads\/2023\/12\/postimg-658480337bb086849.jpg?fit=1200%2C628&ssl=1&resize=350%2C200","width":350,"height":200,"srcset":"https:\/\/i0.wp.com\/noticiasribeiraopreto.com.br\/wp-content\/uploads\/2023\/12\/postimg-658480337bb086849.jpg?fit=1200%2C628&ssl=1&resize=350%2C200 1x, https:\/\/i0.wp.com\/noticiasribeiraopreto.com.br\/wp-content\/uploads\/2023\/12\/postimg-658480337bb086849.jpg?fit=1200%2C628&ssl=1&resize=525%2C300 1.5x, https:\/\/i0.wp.com\/noticiasribeiraopreto.com.br\/wp-content\/uploads\/2023\/12\/postimg-658480337bb086849.jpg?fit=1200%2C628&ssl=1&resize=700%2C400 2x, https:\/\/i0.wp.com\/noticiasribeiraopreto.com.br\/wp-content\/uploads\/2023\/12\/postimg-658480337bb086849.jpg?fit=1200%2C628&ssl=1&resize=1050%2C600 3x"},"classes":[]},{"id":82867,"url":"https:\/\/noticiasribeiraopreto.com.br\/index.php\/2026\/03\/01\/irmas-siamesas-passam-por-nova-cirurgia-de-separacao-no-hospital-das-clinicas-de-ribeirao\/","url_meta":{"origin":18058,"position":5},"title":"Irm\u00e3s siamesas passam por nova cirurgia de separa\u00e7\u00e3o no Hospital das Cl\u00ednicas de Ribeir\u00e3o","author":"noticiasribeiraopreto.com.br","date":"1 de March de 2026","format":false,"excerpt":"O Hospital das Cl\u00ednicas de Ribeir\u00e3o Preto realiza neste s\u00e1bado (28), a terceira cirurgia para separa\u00e7\u00e3o das irm\u00e3s siamesas unidas pela cabe\u00e7a Helo\u00edsa e Helena, nascidas em S\u00e3o Jos\u00e9 dos Campos, interior de S\u00e3o Paulo. A cirurgia come\u00e7ou \u00e0s 7h da manh\u00e3 e a expectativa \u00e9 de que ela dure\u2026","rel":"","context":"In &quot;Not\u00edcias de Ribeir\u00e3o Preto-SP e Regi\u00e3o&quot;","block_context":{"text":"Not\u00edcias de Ribeir\u00e3o Preto-SP e Regi\u00e3o","link":"https:\/\/noticiasribeiraopreto.com.br\/index.php\/category\/noticias-de-ribeirao-preto-sp-e-regiao-ismael-colosi\/"},"img":{"alt_text":"","src":"https:\/\/i0.wp.com\/noticiasribeiraopreto.com.br\/wp-content\/uploads\/2026\/03\/WhatsApp-Image-2025-11-08-at-17.07.29-1_2025-11-08_20-48-04-e1762634915873-1068x684-1.webp.webp?fit=1068%2C684&ssl=1&resize=350%2C200","width":350,"height":200,"srcset":"https:\/\/i0.wp.com\/noticiasribeiraopreto.com.br\/wp-content\/uploads\/2026\/03\/WhatsApp-Image-2025-11-08-at-17.07.29-1_2025-11-08_20-48-04-e1762634915873-1068x684-1.webp.webp?fit=1068%2C684&ssl=1&resize=350%2C200 1x, https:\/\/i0.wp.com\/noticiasribeiraopreto.com.br\/wp-content\/uploads\/2026\/03\/WhatsApp-Image-2025-11-08-at-17.07.29-1_2025-11-08_20-48-04-e1762634915873-1068x684-1.webp.webp?fit=1068%2C684&ssl=1&resize=525%2C300 1.5x, https:\/\/i0.wp.com\/noticiasribeiraopreto.com.br\/wp-content\/uploads\/2026\/03\/WhatsApp-Image-2025-11-08-at-17.07.29-1_2025-11-08_20-48-04-e1762634915873-1068x684-1.webp.webp?fit=1068%2C684&ssl=1&resize=700%2C400 2x, https:\/\/i0.wp.com\/noticiasribeiraopreto.com.br\/wp-content\/uploads\/2026\/03\/WhatsApp-Image-2025-11-08-at-17.07.29-1_2025-11-08_20-48-04-e1762634915873-1068x684-1.webp.webp?fit=1068%2C684&ssl=1&resize=1050%2C600 3x"},"classes":[]}],"jetpack_sharing_enabled":true,"jetpack_shortlink":"https:\/\/wp.me\/peQAOb-4Hg","_links":{"self":[{"href":"https:\/\/noticiasribeiraopreto.com.br\/index.php\/wp-json\/wp\/v2\/posts\/18058","targetHints":{"allow":["GET"]}}],"collection":[{"href":"https:\/\/noticiasribeiraopreto.com.br\/index.php\/wp-json\/wp\/v2\/posts"}],"about":[{"href":"https:\/\/noticiasribeiraopreto.com.br\/index.php\/wp-json\/wp\/v2\/types\/post"}],"author":[{"embeddable":true,"href":"https:\/\/noticiasribeiraopreto.com.br\/index.php\/wp-json\/wp\/v2\/users\/1"}],"replies":[{"embeddable":true,"href":"https:\/\/noticiasribeiraopreto.com.br\/index.php\/wp-json\/wp\/v2\/comments?post=18058"}],"version-history":[{"count":0,"href":"https:\/\/noticiasribeiraopreto.com.br\/index.php\/wp-json\/wp\/v2\/posts\/18058\/revisions"}],"wp:featuredmedia":[{"embeddable":true,"href":"https:\/\/noticiasribeiraopreto.com.br\/index.php\/wp-json\/wp\/v2\/media\/18059"}],"wp:attachment":[{"href":"https:\/\/noticiasribeiraopreto.com.br\/index.php\/wp-json\/wp\/v2\/media?parent=18058"}],"wp:term":[{"taxonomy":"category","embeddable":true,"href":"https:\/\/noticiasribeiraopreto.com.br\/index.php\/wp-json\/wp\/v2\/categories?post=18058"},{"taxonomy":"post_tag","embeddable":true,"href":"https:\/\/noticiasribeiraopreto.com.br\/index.php\/wp-json\/wp\/v2\/tags?post=18058"}],"curies":[{"name":"wp","href":"https:\/\/api.w.org\/{rel}","templated":true}]}}