{"id":18061,"date":"2023-12-19T17:08:22","date_gmt":"2023-12-19T20:08:22","guid":{"rendered":"https:\/\/noticiasribeiraopreto.com.br\/index.php\/2023\/12\/19\/apos-12-anos-de-rebaixamento-nota-de-credito-do-brasil-e-elevada-para-perspectiva-estavel\/"},"modified":"2023-12-19T17:08:22","modified_gmt":"2023-12-19T20:08:22","slug":"apos-12-anos-de-rebaixamento-nota-de-credito-do-brasil-e-elevada-para-perspectiva-estavel","status":"publish","type":"post","link":"https:\/\/noticiasribeiraopreto.com.br\/index.php\/2023\/12\/19\/apos-12-anos-de-rebaixamento-nota-de-credito-do-brasil-e-elevada-para-perspectiva-estavel\/","title":{"rendered":"Ap\u00f3s 12 anos de rebaixamento, nota de cr\u00e9dito do Brasil \u00e9 elevada para perspectiva est\u00e1vel"},"content":{"rendered":"<div class='code-block code-block-1' style='margin: 8px 0 8px auto; text-align: right; display: block; clear: both;'>\n<p><a href=\"https:\/\/wa.link\/vpicfd\"><img data-recalc-dims=\"1\" class=\"wp-image-4922\" style=\"aspect-ratio: 2.0253164556962027; width: 561px; height: auto;\" src=\"https:\/\/i0.wp.com\/ismaelcolosi.com.br\/wp-content\/uploads\/2023\/11\/grupo-de-empregos-whatsapp-e-facebook-ismael-colosi-vagas.jpg?ssl=1\" alt=\"\" \/><\/a><\/p>\n<!-- \/wp:image -->\n<\/div>\n<p> <br \/>\n<\/p>\n<div>\n<p>Em um cen\u00e1rio in\u00e9dito em uma d\u00e9cada, a ag\u00eancia de classifica\u00e7\u00e3o de riscos <a href=\"https:\/\/www.spglobal.com\/ratings\/pt\/\">Standard &amp; Poor\u2019s (S&amp;P)<\/a> anunciou a eleva\u00e7\u00e3o da elevou a nota de cr\u00e9dito brasileira. O pa\u00eds avan\u00e7ou da nota BB-, situada tr\u00eas n\u00edveis abaixo do grau de investimento, para a nota BB, dois n\u00edveis abaixo. A S&amp;P atribuiu uma perspectiva est\u00e1vel, indicando estabilidade sem previs\u00e3o de altera\u00e7\u00f5es nos pr\u00f3ximos meses.<\/p>\n<p>O \u00faltimo ajuste positivo da S&amp;P na nota de cr\u00e9dito ocorreu em 2011, quando o pa\u00eds subiu de BBB- (grau de investimento) para BBB (um n\u00edvel acima do grau de investimento). Desde ent\u00e3o, enfrentou uma s\u00e9rie de rebaixamentos, perdendo o grau de investimento em setembro de 2015.<\/p>\n<p>Desde junho deste ano, a S&amp;P sinalizava a possibilidade de elevar a classifica\u00e7\u00e3o do pa\u00eds, ao conceder uma perspectiva positiva para a nota brasileira.<\/p>\n<h2>Desde janeiro de 2018, a S&amp;P Global classificava o Brasil tr\u00eas n\u00edveis abaixo do grau de investimento<\/h2>\n<p>Em comunicado, a S&amp;P atribuiu a melhoria \u00e0 aprova\u00e7\u00e3o da reforma tribut\u00e1ria, ocorrida na sexta-feira (15). A ag\u00eancia destacou que a conclus\u00e3o das discuss\u00f5es sobre a moderniza\u00e7\u00e3o do sistema tribut\u00e1rio brasileiro amplia a trajet\u00f3ria de implementa\u00e7\u00e3o de pol\u00edticas pragm\u00e1ticas nos \u00faltimos sete anos.<\/p>\n<p>Entretanto, a S&amp;P alerta para riscos persistentes na economia brasileira, como as perspectivas de crescimento econ\u00f4mico modesto e uma situa\u00e7\u00e3o fiscal considerada \u201cd\u00e9bil\u201d. Esses fatores justificaram a atribui\u00e7\u00e3o da perspectiva est\u00e1vel para a nota do pa\u00eds.<\/p>\n<p>O comunicado ressalta: \u201cIsso reflete nossas expectativas de que o pa\u00eds far\u00e1 progresso lento em enfrentar desequil\u00edbrios fiscais e proje\u00e7\u00f5es econ\u00f4micas ainda fracas, compensadas por uma forte posi\u00e7\u00e3o externa e uma pol\u00edtica monet\u00e1ria que est\u00e1 ajudando a reancorar as expectativas de infla\u00e7\u00e3o\u201d.<\/p>\n<p>Desde janeiro de 2018, a S&amp;P Global classificava o Brasil tr\u00eas n\u00edveis abaixo do grau de investimento, mesma nota concedida pela Fitch, enquanto a Moody\u2019s posicionava o pa\u00eds dois n\u00edveis abaixo do grau de investimento.<\/p>\n<p>+ Acompanhe as principais informa\u00e7\u00f5es sobre\u00a0<a href=\"https:\/\/jcconcursos.com.br\/noticia\/brasil\/\" rel=\"noopener\" target=\"_blank\">Sociedade e Brasil no JC Concursos<\/a><\/p>\n<p><a id=\"gnews_btn\" href=\"https:\/\/news.google.com\/publications\/CAAqBwgKMOixlQswuZWrAw\" target=\"_blank\" class=\"border_jc_blue link_hover_bg_jc_blue font_85 d-block d-md-inline-block px-2 py-1 mr-0 mr-md-2 mb-3 w-100 text-center\" rel=\"noopener\"><span class=\"text_jc_blue\">Siga o <strong>JC Concursos no Google News<\/strong><\/span><\/a><a href=\"https:\/\/jcconcursos.com.br\/noticia\/brasil\/\" class=\"badge badge-light\">Sociedade<\/a><a href=\"https:\/\/jcconcursos.com.br\/noticia\/brasil\/\" class=\"badge badge-light\">Brasil<\/a><\/p>\n<\/div>\n<p><br \/>\n<br \/><a href=\"https:\/\/ismaelcolosi.com.br\/apos-12-anos-de-rebaixamento-nota-de-credito-do-brasil-e-elevada-para-perspectiva-estavel\/\">Source link <\/a><\/p>\n<!-- CONTENT END 1 -->\n","protected":false},"excerpt":{"rendered":"<p>Em um cen\u00e1rio in\u00e9dito em uma d\u00e9cada, a ag\u00eancia de classifica\u00e7\u00e3o de riscos Standard &amp; Poor\u2019s (S&amp;P) anunciou a eleva\u00e7\u00e3o da elevou a nota de&#8230;<\/p>\n","protected":false},"author":1,"featured_media":18062,"comment_status":"open","ping_status":"open","sticky":false,"template":"","format":"standard","meta":{"advanced_seo_description":"","jetpack_seo_html_title":"","jetpack_seo_noindex":false,"jetpack_post_was_ever_published":false,"_jetpack_newsletter_access":"","_jetpack_dont_email_post_to_subs":false,"_jetpack_newsletter_tier_id":0,"_jetpack_memberships_contains_paywalled_content":false,"_jetpack_memberships_contains_paid_content":false,"footnotes":"","jetpack_publicize_message":"","jetpack_publicize_feature_enabled":true,"jetpack_social_post_already_shared":true,"jetpack_social_options":{"image_generator_settings":{"template":"highway","default_image_id":0,"font":"","enabled":false},"version":2}},"categories":[7],"tags":[],"class_list":["post-18061","post","type-post","status-publish","format-standard","has-post-thumbnail","hentry","category-vagas-de-empregos-em-ribeirao-preto-regiao-brasil"],"jetpack_publicize_connections":[],"jetpack_featured_media_url":"https:\/\/i0.wp.com\/noticiasribeiraopreto.com.br\/wp-content\/uploads\/2023\/12\/economia-alta.jpg?fit=1920%2C1080&ssl=1","jetpack-related-posts":[{"id":18030,"url":"https:\/\/noticiasribeiraopreto.com.br\/index.php\/2023\/12\/19\/sp-eleva-nota-de-credito-do-brasil-que-fica-a-dois-degraus-de-voltar-a-ser-grau-de-investimento\/","url_meta":{"origin":18061,"position":0},"title":"S&#038;P eleva nota de cr\u00e9dito do Brasil, que fica a dois degraus de voltar a ser &#8220;grau de investimento&#8221;","author":"noticiasribeiraopreto.com.br","date":"19 de December de 2023","format":false,"excerpt":"A aprova\u00e7\u00e3o da reforma tribut\u00e1ria rendeu o primeiro fruto concreto para o pa\u00eds nesta ter\u00e7a-feira ap\u00f3s a decis\u00e3o da ag\u00eancia de risco S&P Global elevar a nota de cr\u00e9dito do Brasil. O chamado rating soberano do pa\u00eds passou de \"BB-\" para \"BB\". Desta forma, fica apenas dois n\u00edveis abaixo do\u2026","rel":"","context":"In &quot;Dinheiro e Investimento&quot;","block_context":{"text":"Dinheiro e Investimento","link":"https:\/\/noticiasribeiraopreto.com.br\/index.php\/category\/dinheiro-e-investimento-como-fazer-como-ganhar\/"},"img":{"alt_text":"","src":"https:\/\/i0.wp.com\/noticiasribeiraopreto.com.br\/wp-content\/uploads\/2023\/12\/1703012340_bolsa-brasileira-acoes-715x402.jpg?fit=715%2C402&ssl=1&resize=350%2C200","width":350,"height":200,"srcset":"https:\/\/i0.wp.com\/noticiasribeiraopreto.com.br\/wp-content\/uploads\/2023\/12\/1703012340_bolsa-brasileira-acoes-715x402.jpg?fit=715%2C402&ssl=1&resize=350%2C200 1x, https:\/\/i0.wp.com\/noticiasribeiraopreto.com.br\/wp-content\/uploads\/2023\/12\/1703012340_bolsa-brasileira-acoes-715x402.jpg?fit=715%2C402&ssl=1&resize=525%2C300 1.5x, https:\/\/i0.wp.com\/noticiasribeiraopreto.com.br\/wp-content\/uploads\/2023\/12\/1703012340_bolsa-brasileira-acoes-715x402.jpg?fit=715%2C402&ssl=1&resize=700%2C400 2x"},"classes":[]},{"id":35770,"url":"https:\/\/noticiasribeiraopreto.com.br\/index.php\/2024\/02\/07\/apesar-do-passado-de-alcoolatra-brasil-tem-condicoes-de-retomar-grau-de-investimento-diz-andre-esteves-do-btg\/","url_meta":{"origin":18061,"position":1},"title":"Apesar do &#8220;passado de alco\u00f3latra&#8221;, Brasil tem condi\u00e7\u00f5es de retomar grau de investimento, diz Andr\u00e9 Esteves, do BTG\u00a0","author":"noticiasribeiraopreto.com.br","date":"7 de February de 2024","format":false,"excerpt":"H\u00e1 um ano, Andr\u00e9 Esteves, s\u00f3cio do BTG Pactual, alertava sobre os riscos do governo de Luiz In\u00e1cio Lula da Silva para o \u201cBrasil alco\u00f3latra momentaneamente curado\u201d. Hoje, por\u00e9m, o tema das discuss\u00f5es na CEO Conference 2024 \u00e9 outro: o potencial do pa\u00eds de retomar o grau de investimento. \u201cN\u00f3s\u2026","rel":"","context":"In &quot;Dinheiro e Investimento&quot;","block_context":{"text":"Dinheiro e Investimento","link":"https:\/\/noticiasribeiraopreto.com.br\/index.php\/category\/dinheiro-e-investimento-como-fazer-como-ganhar\/"},"img":{"alt_text":"","src":"https:\/\/i0.wp.com\/noticiasribeiraopreto.com.br\/wp-content\/uploads\/2024\/02\/andre_esteves_btg_pactual_ceo_conference_2021-e1622069427469-1-628x353.jpg?fit=628%2C353&ssl=1&resize=350%2C200","width":350,"height":200,"srcset":"https:\/\/i0.wp.com\/noticiasribeiraopreto.com.br\/wp-content\/uploads\/2024\/02\/andre_esteves_btg_pactual_ceo_conference_2021-e1622069427469-1-628x353.jpg?fit=628%2C353&ssl=1&resize=350%2C200 1x, https:\/\/i0.wp.com\/noticiasribeiraopreto.com.br\/wp-content\/uploads\/2024\/02\/andre_esteves_btg_pactual_ceo_conference_2021-e1622069427469-1-628x353.jpg?fit=628%2C353&ssl=1&resize=525%2C300 1.5x"},"classes":[]},{"id":19517,"url":"https:\/\/noticiasribeiraopreto.com.br\/index.php\/2023\/12\/22\/o-investidor-estrangeiro-pode-ver-o-brasil-de-outra-maneira-diz-analista-veja-como-a-elevacao-da-nota-de-credito-do-brasil-pode-impactar-seus-investimentos\/","url_meta":{"origin":18061,"position":2},"title":"&#8216;O investidor estrangeiro pode ver o Brasil de outra maneira&#8217;, diz analista; veja como a eleva\u00e7\u00e3o da nota de cr\u00e9dito do Brasil pode impactar seus investimentos","author":"noticiasribeiraopreto.com.br","date":"22 de December de 2023","format":false,"excerpt":"A ag\u00eancia de classifica\u00e7\u00e3o de risco S&P Global Ratings anunciou a eleva\u00e7\u00e3o da nota de cr\u00e9dito do Brasil de BB- para BB nesta ter\u00e7a-feira (19). Quanto maior a classifica\u00e7\u00e3o na escala da ag\u00eancia, mais confi\u00e1vel \u00e9 considerado o pa\u00eds no que diz respeito ao pagamento de d\u00edvidas internacionais. A posi\u00e7\u00e3o\u2026","rel":"","context":"In &quot;Dinheiro e Investimento&quot;","block_context":{"text":"Dinheiro e Investimento","link":"https:\/\/noticiasribeiraopreto.com.br\/index.php\/category\/dinheiro-e-investimento-como-fazer-como-ganhar\/"},"img":{"alt_text":"","src":"https:\/\/i0.wp.com\/noticiasribeiraopreto.com.br\/wp-content\/uploads\/2023\/12\/Capas-branded-FL-715x402.jpg?fit=715%2C402&ssl=1&resize=350%2C200","width":350,"height":200,"srcset":"https:\/\/i0.wp.com\/noticiasribeiraopreto.com.br\/wp-content\/uploads\/2023\/12\/Capas-branded-FL-715x402.jpg?fit=715%2C402&ssl=1&resize=350%2C200 1x, https:\/\/i0.wp.com\/noticiasribeiraopreto.com.br\/wp-content\/uploads\/2023\/12\/Capas-branded-FL-715x402.jpg?fit=715%2C402&ssl=1&resize=525%2C300 1.5x, https:\/\/i0.wp.com\/noticiasribeiraopreto.com.br\/wp-content\/uploads\/2023\/12\/Capas-branded-FL-715x402.jpg?fit=715%2C402&ssl=1&resize=700%2C400 2x"},"classes":[]},{"id":33511,"url":"https:\/\/noticiasribeiraopreto.com.br\/index.php\/2024\/01\/29\/vale-a-pena-investir-no-brasil-em-2024-o-pais-ate-pode-ir-bem-mas-tudo-pela-ajudinha-do-exterior-afirma-ceo-da-ibiuna-investimentos\/","url_meta":{"origin":18061,"position":3},"title":"Vale a pena investir no Brasil em 2024? O pa\u00eds at\u00e9 pode ir bem \u2014 mas tudo pela ajudinha do exterior, afirma CEO da Ibiuna Investimentos","author":"noticiasribeiraopreto.com.br","date":"29 de January de 2024","format":false,"excerpt":"\u00c9 quase que imposs\u00edvel deixar um dos maiores eventos de 2024 do mercado financeiro brasileiro sem falar sobre investimentos no Brasil. Mas, na vis\u00e3o de Rodrigo Azevedo, CEO e CIO da Ibiuna Investimentos, n\u00e3o h\u00e1 muito com o que se animar em rela\u00e7\u00e3o ao cen\u00e1rio local neste ano. S\u00f3cio de\u2026","rel":"","context":"In &quot;Dinheiro e Investimento&quot;","block_context":{"text":"Dinheiro e Investimento","link":"https:\/\/noticiasribeiraopreto.com.br\/index.php\/category\/dinheiro-e-investimento-como-fazer-como-ganhar\/"},"img":{"alt_text":"","src":"https:\/\/i0.wp.com\/noticiasribeiraopreto.com.br\/wp-content\/uploads\/2024\/01\/1706569507_bolsa-brasileira-acoes-715x402.jpg?fit=715%2C402&ssl=1&resize=350%2C200","width":350,"height":200,"srcset":"https:\/\/i0.wp.com\/noticiasribeiraopreto.com.br\/wp-content\/uploads\/2024\/01\/1706569507_bolsa-brasileira-acoes-715x402.jpg?fit=715%2C402&ssl=1&resize=350%2C200 1x, https:\/\/i0.wp.com\/noticiasribeiraopreto.com.br\/wp-content\/uploads\/2024\/01\/1706569507_bolsa-brasileira-acoes-715x402.jpg?fit=715%2C402&ssl=1&resize=525%2C300 1.5x, https:\/\/i0.wp.com\/noticiasribeiraopreto.com.br\/wp-content\/uploads\/2024\/01\/1706569507_bolsa-brasileira-acoes-715x402.jpg?fit=715%2C402&ssl=1&resize=700%2C400 2x"},"classes":[]},{"id":18311,"url":"https:\/\/noticiasribeiraopreto.com.br\/index.php\/2023\/12\/20\/esquenta-dos-mercados-bolsas-internacionais-recuam-em-movimento-de-ajuste-e-reacao-a-dados-regionais-ibovespa-aguarda-previa-do-pib-e-agenda-do-congresso\/","url_meta":{"origin":18061,"position":4},"title":"Esquenta dos mercados: Bolsas internacionais recuam em movimento de ajuste e rea\u00e7\u00e3o a dados regionais; Ibovespa aguarda pr\u00e9via do PIB e agenda do Congresso","author":"noticiasribeiraopreto.com.br","date":"20 de December de 2023","format":false,"excerpt":"O Ibovespa surfou mais um dia na mar\u00e9 alta do apetite ao risco. O principal \u00edndice da bolsa brasileira quebrou mais um recorde e renovou a maior pontua\u00e7\u00e3o intraday da hist\u00f3ria ao alcan\u00e7ar os 132.046,93 pontos. Por aqui, o \u00cdndice Geral de Pre\u00e7os - Mercado (IGP-M), considerado a infla\u00e7\u00e3o do\u2026","rel":"","context":"In &quot;Dinheiro e Investimento&quot;","block_context":{"text":"Dinheiro e Investimento","link":"https:\/\/noticiasribeiraopreto.com.br\/index.php\/category\/dinheiro-e-investimento-como-fazer-como-ganhar\/"},"img":{"alt_text":"","src":"https:\/\/i0.wp.com\/noticiasribeiraopreto.com.br\/wp-content\/uploads\/2023\/12\/1703068065_Selo-Mercados-Touro-Alta-ESQUENTA-e1694168533397-715x402.jpg?fit=715%2C402&ssl=1&resize=350%2C200","width":350,"height":200,"srcset":"https:\/\/i0.wp.com\/noticiasribeiraopreto.com.br\/wp-content\/uploads\/2023\/12\/1703068065_Selo-Mercados-Touro-Alta-ESQUENTA-e1694168533397-715x402.jpg?fit=715%2C402&ssl=1&resize=350%2C200 1x, https:\/\/i0.wp.com\/noticiasribeiraopreto.com.br\/wp-content\/uploads\/2023\/12\/1703068065_Selo-Mercados-Touro-Alta-ESQUENTA-e1694168533397-715x402.jpg?fit=715%2C402&ssl=1&resize=525%2C300 1.5x, https:\/\/i0.wp.com\/noticiasribeiraopreto.com.br\/wp-content\/uploads\/2023\/12\/1703068065_Selo-Mercados-Touro-Alta-ESQUENTA-e1694168533397-715x402.jpg?fit=715%2C402&ssl=1&resize=700%2C400 2x"},"classes":[]},{"id":11507,"url":"https:\/\/noticiasribeiraopreto.com.br\/index.php\/2023\/12\/06\/a-gol-goll4-pode-dar-calote-agencia-de-risco-rebaixa-nota-apos-empresa-aerea-contratar-consultoria-para-negociar-divida\/","url_meta":{"origin":18061,"position":5},"title":"A Gol (GOLL4) pode dar calote? Ag\u00eancia de risco rebaixa nota ap\u00f3s empresa a\u00e9rea contratar consultoria para negociar d\u00edvida","author":"noticiasribeiraopreto.com.br","date":"6 de December de 2023","format":false,"excerpt":"A turbul\u00eancia financeira da Gol (GOLL4) ganhou um novo cap\u00edtulo na sexta-feira \u00e0 noite com a contrata\u00e7\u00e3o da consultoria Seabury Capital para uma \"ampla revis\u00e3o de sua estrutura de capital\". O an\u00fancio n\u00e3o passou batido pela Fitch Ratings, que decidiu rebaixar a nota de cr\u00e9dito da empresa a\u00e9rea em dois\u2026","rel":"","context":"In &quot;Dinheiro e Investimento&quot;","block_context":{"text":"Dinheiro e Investimento","link":"https:\/\/noticiasribeiraopreto.com.br\/index.php\/category\/dinheiro-e-investimento-como-fazer-como-ganhar\/"},"img":{"alt_text":"","src":"https:\/\/i0.wp.com\/noticiasribeiraopreto.com.br\/wp-content\/uploads\/2023\/12\/Gol-GOLL4-aviao-congonhas-715x402.jpg?fit=715%2C402&ssl=1&resize=350%2C200","width":350,"height":200,"srcset":"https:\/\/i0.wp.com\/noticiasribeiraopreto.com.br\/wp-content\/uploads\/2023\/12\/Gol-GOLL4-aviao-congonhas-715x402.jpg?fit=715%2C402&ssl=1&resize=350%2C200 1x, https:\/\/i0.wp.com\/noticiasribeiraopreto.com.br\/wp-content\/uploads\/2023\/12\/Gol-GOLL4-aviao-congonhas-715x402.jpg?fit=715%2C402&ssl=1&resize=525%2C300 1.5x, https:\/\/i0.wp.com\/noticiasribeiraopreto.com.br\/wp-content\/uploads\/2023\/12\/Gol-GOLL4-aviao-congonhas-715x402.jpg?fit=715%2C402&ssl=1&resize=700%2C400 2x"},"classes":[]}],"jetpack_sharing_enabled":true,"jetpack_shortlink":"https:\/\/wp.me\/peQAOb-4Hj","_links":{"self":[{"href":"https:\/\/noticiasribeiraopreto.com.br\/index.php\/wp-json\/wp\/v2\/posts\/18061","targetHints":{"allow":["GET"]}}],"collection":[{"href":"https:\/\/noticiasribeiraopreto.com.br\/index.php\/wp-json\/wp\/v2\/posts"}],"about":[{"href":"https:\/\/noticiasribeiraopreto.com.br\/index.php\/wp-json\/wp\/v2\/types\/post"}],"author":[{"embeddable":true,"href":"https:\/\/noticiasribeiraopreto.com.br\/index.php\/wp-json\/wp\/v2\/users\/1"}],"replies":[{"embeddable":true,"href":"https:\/\/noticiasribeiraopreto.com.br\/index.php\/wp-json\/wp\/v2\/comments?post=18061"}],"version-history":[{"count":0,"href":"https:\/\/noticiasribeiraopreto.com.br\/index.php\/wp-json\/wp\/v2\/posts\/18061\/revisions"}],"wp:featuredmedia":[{"embeddable":true,"href":"https:\/\/noticiasribeiraopreto.com.br\/index.php\/wp-json\/wp\/v2\/media\/18062"}],"wp:attachment":[{"href":"https:\/\/noticiasribeiraopreto.com.br\/index.php\/wp-json\/wp\/v2\/media?parent=18061"}],"wp:term":[{"taxonomy":"category","embeddable":true,"href":"https:\/\/noticiasribeiraopreto.com.br\/index.php\/wp-json\/wp\/v2\/categories?post=18061"},{"taxonomy":"post_tag","embeddable":true,"href":"https:\/\/noticiasribeiraopreto.com.br\/index.php\/wp-json\/wp\/v2\/tags?post=18061"}],"curies":[{"name":"wp","href":"https:\/\/api.w.org\/{rel}","templated":true}]}}