{"id":18068,"date":"2023-12-19T17:26:34","date_gmt":"2023-12-19T20:26:34","guid":{"rendered":"https:\/\/noticiasribeiraopreto.com.br\/index.php\/2023\/12\/19\/ultimos-dias-para-fim-do-prazo-da-2a-parcela-do-13o-saiba-o-que-fazer-se-voce-nao-recebeu\/"},"modified":"2023-12-19T17:26:34","modified_gmt":"2023-12-19T20:26:34","slug":"ultimos-dias-para-fim-do-prazo-da-2a-parcela-do-13o-saiba-o-que-fazer-se-voce-nao-recebeu","status":"publish","type":"post","link":"https:\/\/noticiasribeiraopreto.com.br\/index.php\/2023\/12\/19\/ultimos-dias-para-fim-do-prazo-da-2a-parcela-do-13o-saiba-o-que-fazer-se-voce-nao-recebeu\/","title":{"rendered":"\u00daLTIMOS DIAS para fim do prazo da 2\u00aa parcela do 13\u00ba; Saiba o que fazer se voc\u00ea n\u00e3o recebeu"},"content":{"rendered":"<div class='code-block code-block-1' style='margin: 8px 0 8px auto; text-align: right; display: block; clear: both;'>\n<p><a href=\"https:\/\/wa.link\/vpicfd\"><img data-recalc-dims=\"1\" class=\"wp-image-4922\" style=\"aspect-ratio: 2.0253164556962027; width: 561px; height: auto;\" src=\"https:\/\/i0.wp.com\/ismaelcolosi.com.br\/wp-content\/uploads\/2023\/11\/grupo-de-empregos-whatsapp-e-facebook-ismael-colosi-vagas.jpg?ssl=1\" alt=\"\" \/><\/a><\/p>\n<!-- \/wp:image -->\n<\/div>\n<p> <br \/>\n<\/p>\n<div>\n<p>A<strong> segunda parcela do <a href=\"https:\/\/jcconcursos.com.br\/tags\/13o-salario\" rel=\"noopener\" target=\"_blank\">13\u00ba sal\u00e1rio<\/a><\/strong> dos trabalhadores com carteira assinada deve ser paga at\u00e9 quarta-feira (20). O prazo para o pagamento da primeira parcela ou dep\u00f3sito \u00fanico foi em 30 de novembro.<\/p>\n<p>Cerca de 87,7 milh\u00f5es de brasileiros ser\u00e3o beneficiados com o benef\u00edcio, que tem valor m\u00e9dio de R$ 3.057, segundo estimativas do <a href=\"https:\/\/www.dieese.org.br\/\" rel=\"noopener\" target=\"_blank\">Departamento Intersindical de Estat\u00edstica e Estudos Socioecon\u00f4micos (Dieese)<\/a>.\u00a0<\/p>\n<p>O valor do 13\u00ba sal\u00e1rio \u00e9 calculado com base no sal\u00e1rio de dezembro, com exce\u00e7\u00e3o dos empregados que recebem sal\u00e1rios vari\u00e1veis. A segunda parcela do 13\u00ba sal\u00e1rio \u00e9 sujeita a descontos, como imposto de renda e INSS, o que faz com que ela seja menor do que a primeira.<\/p>\n<p><a href=\"https:\/\/jcconcursos.com.br\/noticia\/brasil\/equilibrio-das-contas-publicas-e-o-caminho-para-a-queda-da-inflacao-diz-bc-120189\" rel=\"noopener\" target=\"_blank\">+ Equil\u00edbrio das contas p\u00fablicas \u00e9 o caminho para a queda da infla\u00e7\u00e3o, diz BC<\/a><\/p>\n<h2>Pagamento deve injetar R$ 106 bi na economia\u00a0<\/h2>\n<p>O pagamento da segunda parcela do abono natalino deve injetar R$ 106,29 bilh\u00f5es na economia do pa\u00eds, \u00e9 o que aponta o estudo da Confedera\u00e7\u00e3o Nacional do Com\u00e9rcio de Bens, Servi\u00e7os e Turismo (CNC).<\/p>\n<p>Ao todo, as duas etapas de pagamento, o primeiro e segundo dep\u00f3sito, totalizam R$ 276,6 bilh\u00f5es. O valor m\u00e9dio do benef\u00edcio equivale a R$ 2.980, revelando, portanto, avan\u00e7o real em rela\u00e7\u00e3o aos R$ 2.882 pagos em 2022.<\/p>\n<h2>Como os brasileiros ir\u00e3o utilizar os valores?<\/h2>\n<p>Ap\u00f3s dois anos de direcionamento predominante para o pagamento de d\u00edvidas, em 2023, os gastos no com\u00e9rcio (R$ 37,35 bilh\u00f5es) dever\u00e3o voltar a liderar a inten\u00e7\u00e3o de aloca\u00e7\u00e3o dos recursos oriundos da segunda parcela do d\u00e9cimo terceiro sal\u00e1rio.<\/p>\n<p>A quita\u00e7\u00e3o e o abatimento das d\u00edvidas dever\u00e3o consumir 34% dos recursos (R$ 35,97 bilh\u00f5es), seguidos por gastos no setor de servi\u00e7os (R$ 20,31 bilh\u00f5es) e poupan\u00e7a (R$ 12,66 bilh\u00f5es).<\/p>\n<p>O maior montante da segunda parcela do d\u00e9cimo terceiro sal\u00e1rio, em rela\u00e7\u00e3o ao ano passado, se deve ao aumento do n\u00edvel de ocupa\u00e7\u00e3o no mercado de trabalho.<\/p>\n<p>Segundo a Pesquisa Nacional por Amostra de Domic\u00edlios Cont\u00ednua (Pnad), nos 12 \u00faltimos meses encerrados no terceiro trimestre deste ano, o contingente de trabalhadores com carteira assinada no setor privado cresceu 2,3%, com a gera\u00e7\u00e3o de 1,14 milh\u00e3o de novas vagas.<\/p>\n<p>Os trabalhadores na ativa respondem por 57% (50,9 milh\u00f5es de benefici\u00e1rios), enquanto, aposentados e pensionistas totalizam 38,9 milh\u00f5es, sendo o valor m\u00e9dio mais elevado aquele pago aos aposentados e pensionistas do regime pr\u00f3prio da Previd\u00eancia Social (R$ 6.031) e o menor aos trabalhadores dom\u00e9sticos (R$ 1.706).<\/p>\n<h2>Quem tem direito?<\/h2>\n<p>O 13\u00ba sal\u00e1rio \u00e9 um direito garantido a todos os trabalhadores com carteira assinada contratados pelo regime da Consolida\u00e7\u00e3o das Leis do Trabalho (CLT), inclusive os empregados dom\u00e9sticos.<\/p>\n<p>Tamb\u00e9m recebem os aposentados, pensionistas e benefici\u00e1rios de aux\u00edlios do Instituto Nacional do Seguro Social (INSS), assim como os servidores. Para este p\u00fablico, o abono natalino foi adiantado no primeiro semestre ap\u00f3s decis\u00e3o do presidente Luiz In\u00e1cio Lula da Silva (PT).<\/p>\n<p>Para os novos segurados do INSS, o valor depositado neste m\u00eas ser\u00e1 proporcional, a partir da quantidade de meses no qual o segurado recebeu a aposentadoria, pens\u00e3o ou aux\u00edlio do INSS. Esse p\u00fablico pode consultar quando ir\u00e1 receber no aplicativo ou site Meu INSS.<\/p>\n<h2>O que fazer se n\u00e3o receber?<\/h2>\n<p>Caso o empregador n\u00e3o efetue o pagamento at\u00e9 a data limite, o trabalhador deve procurar o RH da empresa, as Superintend\u00eancias do Trabalho ou as Ger\u00eancias do Trabalho ou o <a href=\"https:\/\/mpt.mp.br\/\" rel=\"noopener\" target=\"_blank\">Minist\u00e9rio P\u00fablico do Trabalho (MPT)<\/a> da sua regi\u00e3o para fazer uma reclama\u00e7\u00e3o.<\/p>\n<h2>Saiba como feito o c\u00e1lculo<\/h2>\n<p>Para quem foi contratado ou ingressado antes de 17 de janeiro, o valor da primeira parcela do 13\u00ba \u00e9 exatamente a metade do sal\u00e1rio. O sal\u00e1rio de refer\u00eancia \u00e9 dezembro. No entanto, a primeira cota pode ser maior se as horas extras, os turnos noturnos ou as comiss\u00f5es forem pagas com frequ\u00eancia.<\/p>\n<p>Quanto aos profissionais contratados a partir do dia 18 de janeiro, o d\u00e9cimo ser\u00e1 proporcional ao m\u00eas de trabalho. Para quem tem no m\u00ednimo 15 dias \u00fateis por m\u00eas, a parcela integral deve ter sido considerada para o c\u00e1lculo dos benef\u00edcios. Vale destacar que o empregado que tiver mais de 15 faltas n\u00e3o justificadas durante o m\u00eas poder\u00e1 ter desconto no d\u00e9cimo a fra\u00e7\u00e3o de 1\/12 avos relativa ao per\u00edodo.<\/p>\n<h2>Como surgiu o 13\u00ba sal\u00e1rio?<\/h2>\n<p>O 13\u00ba sal\u00e1rio surgiu no Brasil em 1962, atrav\u00e9s da Lei n\u00ba 4.090, de 13 de julho daquele ano. A lei foi proposta pelo ent\u00e3o presidente Jo\u00e3o Goulart, em resposta \u00e0s reivindica\u00e7\u00f5es dos trabalhadores, que buscavam uma forma de melhorar sua renda no final do ano.<\/p>\n<p>A lei instituiu a gratifica\u00e7\u00e3o natalina, que deveria ser paga aos empregados de empresas privadas e p\u00fablicas, independentemente do regime de trabalho. O valor da gratifica\u00e7\u00e3o era calculado com base no sal\u00e1rio integral do trabalhador, e deveria ser pago em duas parcelas, sendo a primeira at\u00e9 o dia 20 de novembro e a segunda at\u00e9 o dia 20 de dezembro.<\/p>\n<p>A cria\u00e7\u00e3o do 13\u00ba sal\u00e1rio foi um importante avan\u00e7o social para os trabalhadores brasileiros. O benef\u00edcio ajudou a melhorar a qualidade de vida dos trabalhadores, permitindo que eles pudessem comprar presentes para as festas de fim de ano, fazer viagens ou realizar outros sonhos.<\/p>\n<p>O 13\u00ba sal\u00e1rio tamb\u00e9m contribuiu para o aquecimento da economia brasileira no final do ano. O dinheiro recebido pelos trabalhadores \u00e9 gasto em consumo, o que gera mais renda para as empresas e estimula a produ\u00e7\u00e3o.<\/p>\n<p>Ao longo dos anos, o 13\u00ba sal\u00e1rio foi ampliado para incluir novos grupos de trabalhadores. Em 1966, a Lei n\u00ba 5.107 estendeu o benef\u00edcio aos empregados dom\u00e9sticos. Em 1970, a Lei n\u00ba 5.799 incluiu os trabalhadores rurais. E em 1983, a Lei n\u00ba 7.088 estendeu o benef\u00edcio aos aposentados e pensionistas do Instituto Nacional do Seguro Social (INSS).<\/p>\n<p>+ Acompanhe as principais informa\u00e7\u00f5es sobre <a href=\"https:\/\/jcconcursos.com.br\/noticia\/brasil\/\" rel=\"noopener\" target=\"_blank\">Sociedade e Brasil no JC Concursos<\/a><\/p>\n<p><a id=\"gnews_btn\" href=\"https:\/\/news.google.com\/publications\/CAAqBwgKMOixlQswuZWrAw\" target=\"_blank\" class=\"border_jc_blue link_hover_bg_jc_blue font_85 d-block d-md-inline-block px-2 py-1 mr-0 mr-md-2 mb-3 w-100 text-center\" rel=\"noopener\"><span class=\"text_jc_blue\">Siga o <strong>JC Concursos no Google News<\/strong><\/span><\/a><a href=\"https:\/\/jcconcursos.com.br\/noticia\/brasil\/\" class=\"badge badge-light\">Sociedade<\/a><a href=\"https:\/\/jcconcursos.com.br\/noticia\/brasil\/\" class=\"badge badge-light\">Brasil<\/a><\/p>\n<\/div>\n<p><br \/>\n<br \/><a href=\"https:\/\/ismaelcolosi.com.br\/ultimos-dias-para-fim-do-prazo-da-2a-parcela-do-13o-saiba-o-que-fazer-se-voce-nao-recebeu\/\">Source link <\/a><\/p>\n<!-- CONTENT END 1 -->\n","protected":false},"excerpt":{"rendered":"<p>A segunda parcela do 13\u00ba sal\u00e1rio dos trabalhadores com carteira assinada deve ser paga at\u00e9 quarta-feira (20). O prazo para o pagamento da primeira parcela&#8230;<\/p>\n","protected":false},"author":1,"featured_media":18069,"comment_status":"open","ping_status":"open","sticky":false,"template":"","format":"standard","meta":{"advanced_seo_description":"","jetpack_seo_html_title":"","jetpack_seo_noindex":false,"jetpack_post_was_ever_published":false,"_jetpack_newsletter_access":"","_jetpack_dont_email_post_to_subs":false,"_jetpack_newsletter_tier_id":0,"_jetpack_memberships_contains_paywalled_content":false,"_jetpack_memberships_contains_paid_content":false,"footnotes":"","jetpack_publicize_message":"","jetpack_publicize_feature_enabled":true,"jetpack_social_post_already_shared":true,"jetpack_social_options":{"image_generator_settings":{"template":"highway","default_image_id":0,"font":"","enabled":false},"version":2}},"categories":[7],"tags":[],"class_list":["post-18068","post","type-post","status-publish","format-standard","has-post-thumbnail","hentry","category-vagas-de-empregos-em-ribeirao-preto-regiao-brasil"],"jetpack_publicize_connections":[],"jetpack_featured_media_url":"https:\/\/i0.wp.com\/noticiasribeiraopreto.com.br\/wp-content\/uploads\/2023\/12\/1703017601_carteira-trabalho-seguro-desemprego_.jpg?fit=1920%2C1080&ssl=1","jetpack-related-posts":[{"id":80226,"url":"https:\/\/noticiasribeiraopreto.com.br\/index.php\/2025\/11\/18\/saiba-tudo-sobre-o-pagamento-da-primeira-parcela-do-13o-salario\/","url_meta":{"origin":18068,"position":0},"title":"Saiba tudo sobre o pagamento da primeira parcela do 13\u00ba sal\u00e1rio","author":"noticiasribeiraopreto.com.br","date":"18 de November de 2025","format":false,"excerpt":"O pagamento da primeira parcela do 13\u00ba sal\u00e1rio come\u00e7a nesta ter\u00e7a-feira (18) e segue at\u00e9 30 de novembro. O benef\u00edcio integra o or\u00e7amento anual dos trabalhadores e comp\u00f5e uma das principais obriga\u00e7\u00f5es das empresas no fim do ano. Quem pode receber? O 13\u00ba sal\u00e1rio contempla trabalhadores com carteira assinada, empregados\u2026","rel":"","context":"In &quot;Not\u00edcias de Ribeir\u00e3o Preto-SP e Regi\u00e3o&quot;","block_context":{"text":"Not\u00edcias de Ribeir\u00e3o Preto-SP e Regi\u00e3o","link":"https:\/\/noticiasribeiraopreto.com.br\/index.php\/category\/noticias-de-ribeirao-preto-sp-e-regiao-ismael-colosi\/"},"img":{"alt_text":"","src":"https:\/\/i0.wp.com\/noticiasribeiraopreto.com.br\/wp-content\/uploads\/2025\/11\/dinheiro-fgts_2025-07-25_13-27-21.webp.webp?fit=1170%2C700&ssl=1&resize=350%2C200","width":350,"height":200,"srcset":"https:\/\/i0.wp.com\/noticiasribeiraopreto.com.br\/wp-content\/uploads\/2025\/11\/dinheiro-fgts_2025-07-25_13-27-21.webp.webp?fit=1170%2C700&ssl=1&resize=350%2C200 1x, https:\/\/i0.wp.com\/noticiasribeiraopreto.com.br\/wp-content\/uploads\/2025\/11\/dinheiro-fgts_2025-07-25_13-27-21.webp.webp?fit=1170%2C700&ssl=1&resize=525%2C300 1.5x, https:\/\/i0.wp.com\/noticiasribeiraopreto.com.br\/wp-content\/uploads\/2025\/11\/dinheiro-fgts_2025-07-25_13-27-21.webp.webp?fit=1170%2C700&ssl=1&resize=700%2C400 2x, https:\/\/i0.wp.com\/noticiasribeiraopreto.com.br\/wp-content\/uploads\/2025\/11\/dinheiro-fgts_2025-07-25_13-27-21.webp.webp?fit=1170%2C700&ssl=1&resize=1050%2C600 3x"},"classes":[]},{"id":13010,"url":"https:\/\/noticiasribeiraopreto.com.br\/index.php\/2023\/12\/08\/o-que-fazer-se-ainda-nao-recebeu-a-primeira-parcela-do-13o-salario\/","url_meta":{"origin":18068,"position":1},"title":"O que fazer se ainda n\u00e3o recebeu a primeira parcela do 13\u00ba sal\u00e1rio?","author":"noticiasribeiraopreto.com.br","date":"8 de December de 2023","format":false,"excerpt":"J\u00e1 entramos no m\u00eas de dezembro e o clima das festas est\u00e1 em todo lugar. Nessa \u00e9poca, os trabalhadores modelo CLT (Consolida\u00e7\u00e3o das Leis do Trabalho) anseiam pelo pagamento do 13\u00ba sal\u00e1rio, que representa um al\u00edvio significativo nas finan\u00e7as e no equil\u00edbrio das contas.\u00a0 No entanto, apesar de haver prazos\u2026","rel":"","context":"In &quot;Vagas de Emprego em Ribeir\u00e3o Preto-SP&quot;","block_context":{"text":"Vagas de Emprego em Ribeir\u00e3o Preto-SP","link":"https:\/\/noticiasribeiraopreto.com.br\/index.php\/category\/empregos-classificados-vagas-trabalho\/vagas-de-empregos-em-ribeirao-preto-regiao-brasil\/"},"img":{"alt_text":"As empresas tinham at\u00e9 dia 30 de novembro para realizar o pagamento da primeira parcela do 13\u00ba sal\u00e1rio a seus funcion\u00e1rios.","src":"https:\/\/i0.wp.com\/noticiasconcursos.com.br\/wp-content\/uploads\/2023\/12\/noticiasconcursos.com.br-r-752-bilhoes-esquecidos-sera-que-voce-tem-dinheiro-esperando-por-voce-13-dinheiro-300x205.png?resize=350%2C200&ssl=1","width":350,"height":200,"srcset":"https:\/\/i0.wp.com\/noticiasconcursos.com.br\/wp-content\/uploads\/2023\/12\/noticiasconcursos.com.br-r-752-bilhoes-esquecidos-sera-que-voce-tem-dinheiro-esperando-por-voce-13-dinheiro-300x205.png?resize=350%2C200&ssl=1 1x, https:\/\/i0.wp.com\/noticiasconcursos.com.br\/wp-content\/uploads\/2023\/12\/noticiasconcursos.com.br-r-752-bilhoes-esquecidos-sera-que-voce-tem-dinheiro-esperando-por-voce-13-dinheiro-300x205.png?resize=525%2C300&ssl=1 1.5x, https:\/\/i0.wp.com\/noticiasconcursos.com.br\/wp-content\/uploads\/2023\/12\/noticiasconcursos.com.br-r-752-bilhoes-esquecidos-sera-que-voce-tem-dinheiro-esperando-por-voce-13-dinheiro-300x205.png?resize=700%2C400&ssl=1 2x"},"classes":[]},{"id":15096,"url":"https:\/\/noticiasribeiraopreto.com.br\/index.php\/2023\/12\/13\/decimo-terceiro-prazo-para-segunda-parcela-e-divulgado-confira-todos-os-detalhes\/","url_meta":{"origin":18068,"position":2},"title":"D\u00e9cimo terceiro: PRAZO para segunda parcela \u00e9 DIVULGADO; confira todos os detalhes","author":"noticiasribeiraopreto.com.br","date":"13 de December de 2023","format":false,"excerpt":"Final do ano chegou e o que os trabalhadores mais esperam \u00e9 o pagamento do d\u00e9cimo terceiro sal\u00e1rio. Geralmente, os empregadores dividem o pagamento em duas parcelas, mas possuem uma data limite que devem respeitar. O prazo para o pagamento da primeira parcela foi at\u00e9 o dia 30 de novembro.\u2026","rel":"","context":"In &quot;Vagas de Emprego em Ribeir\u00e3o Preto-SP&quot;","block_context":{"text":"Vagas de Emprego em Ribeir\u00e3o Preto-SP","link":"https:\/\/noticiasribeiraopreto.com.br\/index.php\/category\/empregos-classificados-vagas-trabalho\/vagas-de-empregos-em-ribeirao-preto-regiao-brasil\/"},"img":{"alt_text":"","src":"https:\/\/i0.wp.com\/noticiasribeiraopreto.com.br\/wp-content\/uploads\/2023\/12\/noticiasconcursos.com_.br-decimo-terceiro-prazo-para-segunda-parcela-e-divulgado-confira-todos-os-detalhes-reproducao-canva.jpg?fit=1200%2C800&ssl=1&resize=350%2C200","width":350,"height":200,"srcset":"https:\/\/i0.wp.com\/noticiasribeiraopreto.com.br\/wp-content\/uploads\/2023\/12\/noticiasconcursos.com_.br-decimo-terceiro-prazo-para-segunda-parcela-e-divulgado-confira-todos-os-detalhes-reproducao-canva.jpg?fit=1200%2C800&ssl=1&resize=350%2C200 1x, https:\/\/i0.wp.com\/noticiasribeiraopreto.com.br\/wp-content\/uploads\/2023\/12\/noticiasconcursos.com_.br-decimo-terceiro-prazo-para-segunda-parcela-e-divulgado-confira-todos-os-detalhes-reproducao-canva.jpg?fit=1200%2C800&ssl=1&resize=525%2C300 1.5x, https:\/\/i0.wp.com\/noticiasribeiraopreto.com.br\/wp-content\/uploads\/2023\/12\/noticiasconcursos.com_.br-decimo-terceiro-prazo-para-segunda-parcela-e-divulgado-confira-todos-os-detalhes-reproducao-canva.jpg?fit=1200%2C800&ssl=1&resize=700%2C400 2x, https:\/\/i0.wp.com\/noticiasribeiraopreto.com.br\/wp-content\/uploads\/2023\/12\/noticiasconcursos.com_.br-decimo-terceiro-prazo-para-segunda-parcela-e-divulgado-confira-todos-os-detalhes-reproducao-canva.jpg?fit=1200%2C800&ssl=1&resize=1050%2C600 3x"},"classes":[]},{"id":36427,"url":"https:\/\/noticiasribeiraopreto.com.br\/index.php\/2024\/02\/09\/inss-confirmou-o-pagamento-do-13-salario-veja-quando-sera\/","url_meta":{"origin":18068,"position":3},"title":"INSS confirmou o pagamento do 13 sal\u00e1rio; Veja quando ser\u00e1","author":"noticiasribeiraopreto.com.br","date":"9 de February de 2024","format":false,"excerpt":"O Instituto Nacional de Pesquisas do Seguro Social (INSS) confirmou recentemente o pagamento do seu 13\u00ba sal\u00e1rio para aposentados no segundo semestre de 2024. A informa\u00e7\u00e3o veio em meio a questionamentos de benefici\u00e1rios sobre a possibilidade de previs\u00e3o de pagamentos. \u00c9 semelhante ao que aconteceu em v\u00e1rios casos anteriores pelo\u2026","rel":"","context":"In &quot;Dinheiro e Investimento&quot;","block_context":{"text":"Dinheiro e Investimento","link":"https:\/\/noticiasribeiraopreto.com.br\/index.php\/category\/dinheiro-e-investimento-como-fazer-como-ganhar\/"},"img":{"alt_text":"","src":"https:\/\/i0.wp.com\/noticiasribeiraopreto.com.br\/wp-content\/uploads\/2024\/02\/13o-Salario-do.webp.png?fit=1200%2C630&ssl=1&resize=350%2C200","width":350,"height":200,"srcset":"https:\/\/i0.wp.com\/noticiasribeiraopreto.com.br\/wp-content\/uploads\/2024\/02\/13o-Salario-do.webp.png?fit=1200%2C630&ssl=1&resize=350%2C200 1x, https:\/\/i0.wp.com\/noticiasribeiraopreto.com.br\/wp-content\/uploads\/2024\/02\/13o-Salario-do.webp.png?fit=1200%2C630&ssl=1&resize=525%2C300 1.5x, https:\/\/i0.wp.com\/noticiasribeiraopreto.com.br\/wp-content\/uploads\/2024\/02\/13o-Salario-do.webp.png?fit=1200%2C630&ssl=1&resize=700%2C400 2x, https:\/\/i0.wp.com\/noticiasribeiraopreto.com.br\/wp-content\/uploads\/2024\/02\/13o-Salario-do.webp.png?fit=1200%2C630&ssl=1&resize=1050%2C600 3x"},"classes":[]},{"id":80758,"url":"https:\/\/noticiasribeiraopreto.com.br\/index.php\/2025\/12\/13\/quando-cai-a-segunda-parcela-do-13o-salario-veja-a-data-e-quem-recebe\/","url_meta":{"origin":18068,"position":4},"title":"Quando cai a segunda parcela do 13\u00ba sal\u00e1rio? Veja a data e quem recebe","author":"noticiasribeiraopreto.com.br","date":"13 de December de 2025","format":false,"excerpt":"A segunda parcela do d\u00e9cimo terceiro sal\u00e1rio deve ser depositada at\u00e9 o dia 19 de dezembro aos mais de 95 milh\u00f5es trabalhadores com carteira assinada no Brasil. A primeira parcela foi paga at\u00e9 28 de novembro, conforme a legisla\u00e7\u00e3o. Segundo o Departamento Intersindical de Estat\u00edstica e Estudos Socioecon\u00f4micos (Dieese), o\u2026","rel":"","context":"In &quot;Not\u00edcias de Ribeir\u00e3o Preto-SP e Regi\u00e3o&quot;","block_context":{"text":"Not\u00edcias de Ribeir\u00e3o Preto-SP e Regi\u00e3o","link":"https:\/\/noticiasribeiraopreto.com.br\/index.php\/category\/noticias-de-ribeirao-preto-sp-e-regiao-ismael-colosi\/"},"img":{"alt_text":"","src":"https:\/\/i0.wp.com\/noticiasribeiraopreto.com.br\/wp-content\/uploads\/2025\/08\/imposto-de-renda_2025-03-18_17-20-00_jpg_2025-03-18_17-20-00.webp.webp?fit=1200%2C800&ssl=1&resize=350%2C200","width":350,"height":200,"srcset":"https:\/\/i0.wp.com\/noticiasribeiraopreto.com.br\/wp-content\/uploads\/2025\/08\/imposto-de-renda_2025-03-18_17-20-00_jpg_2025-03-18_17-20-00.webp.webp?fit=1200%2C800&ssl=1&resize=350%2C200 1x, https:\/\/i0.wp.com\/noticiasribeiraopreto.com.br\/wp-content\/uploads\/2025\/08\/imposto-de-renda_2025-03-18_17-20-00_jpg_2025-03-18_17-20-00.webp.webp?fit=1200%2C800&ssl=1&resize=525%2C300 1.5x, https:\/\/i0.wp.com\/noticiasribeiraopreto.com.br\/wp-content\/uploads\/2025\/08\/imposto-de-renda_2025-03-18_17-20-00_jpg_2025-03-18_17-20-00.webp.webp?fit=1200%2C800&ssl=1&resize=700%2C400 2x, https:\/\/i0.wp.com\/noticiasribeiraopreto.com.br\/wp-content\/uploads\/2025\/08\/imposto-de-renda_2025-03-18_17-20-00_jpg_2025-03-18_17-20-00.webp.webp?fit=1200%2C800&ssl=1&resize=1050%2C600 3x"},"classes":[]},{"id":68304,"url":"https:\/\/noticiasribeiraopreto.com.br\/index.php\/2025\/04\/24\/inss-libera-primeira-parcela-do-13o\/","url_meta":{"origin":18068,"position":5},"title":"INSS libera primeira parcela do 13\u00ba \u00a0","author":"noticiasribeiraopreto.com.br","date":"24 de April de 2025","format":false,"excerpt":"O Instituto Nacional do Seguro Social (INSS) credita nesta quinta-feira, 24 de abril, a primeira parcela do d\u00e9cimo terceiro sal\u00e1rio e o pagamento do m\u00eas para 34,2 milh\u00f5es de aposentados, pensionistas e benefici\u00e1rios de aux\u00edlios pagos pelo \u00f3rg\u00e3o. Os valores podem ser consultados via Central de Atendimento 135 ou pelo\u2026","rel":"","context":"In &quot;Not\u00edcias de Ribeir\u00e3o Preto-SP e Regi\u00e3o&quot;","block_context":{"text":"Not\u00edcias de Ribeir\u00e3o Preto-SP e Regi\u00e3o","link":"https:\/\/noticiasribeiraopreto.com.br\/index.php\/category\/noticias-de-ribeirao-preto-sp-e-regiao-ismael-colosi\/"},"img":{"alt_text":"","src":"https:\/\/i0.wp.com\/noticiasribeiraopreto.com.br\/wp-content\/uploads\/2025\/04\/Apose13-Fernando-Frazao-Ag.Br_.-2.jpg?fit=1170%2C700&ssl=1&resize=350%2C200","width":350,"height":200,"srcset":"https:\/\/i0.wp.com\/noticiasribeiraopreto.com.br\/wp-content\/uploads\/2025\/04\/Apose13-Fernando-Frazao-Ag.Br_.-2.jpg?fit=1170%2C700&ssl=1&resize=350%2C200 1x, https:\/\/i0.wp.com\/noticiasribeiraopreto.com.br\/wp-content\/uploads\/2025\/04\/Apose13-Fernando-Frazao-Ag.Br_.-2.jpg?fit=1170%2C700&ssl=1&resize=525%2C300 1.5x, https:\/\/i0.wp.com\/noticiasribeiraopreto.com.br\/wp-content\/uploads\/2025\/04\/Apose13-Fernando-Frazao-Ag.Br_.-2.jpg?fit=1170%2C700&ssl=1&resize=700%2C400 2x, https:\/\/i0.wp.com\/noticiasribeiraopreto.com.br\/wp-content\/uploads\/2025\/04\/Apose13-Fernando-Frazao-Ag.Br_.-2.jpg?fit=1170%2C700&ssl=1&resize=1050%2C600 3x"},"classes":[]}],"jetpack_sharing_enabled":true,"jetpack_shortlink":"https:\/\/wp.me\/peQAOb-4Hq","_links":{"self":[{"href":"https:\/\/noticiasribeiraopreto.com.br\/index.php\/wp-json\/wp\/v2\/posts\/18068","targetHints":{"allow":["GET"]}}],"collection":[{"href":"https:\/\/noticiasribeiraopreto.com.br\/index.php\/wp-json\/wp\/v2\/posts"}],"about":[{"href":"https:\/\/noticiasribeiraopreto.com.br\/index.php\/wp-json\/wp\/v2\/types\/post"}],"author":[{"embeddable":true,"href":"https:\/\/noticiasribeiraopreto.com.br\/index.php\/wp-json\/wp\/v2\/users\/1"}],"replies":[{"embeddable":true,"href":"https:\/\/noticiasribeiraopreto.com.br\/index.php\/wp-json\/wp\/v2\/comments?post=18068"}],"version-history":[{"count":0,"href":"https:\/\/noticiasribeiraopreto.com.br\/index.php\/wp-json\/wp\/v2\/posts\/18068\/revisions"}],"wp:featuredmedia":[{"embeddable":true,"href":"https:\/\/noticiasribeiraopreto.com.br\/index.php\/wp-json\/wp\/v2\/media\/18069"}],"wp:attachment":[{"href":"https:\/\/noticiasribeiraopreto.com.br\/index.php\/wp-json\/wp\/v2\/media?parent=18068"}],"wp:term":[{"taxonomy":"category","embeddable":true,"href":"https:\/\/noticiasribeiraopreto.com.br\/index.php\/wp-json\/wp\/v2\/categories?post=18068"},{"taxonomy":"post_tag","embeddable":true,"href":"https:\/\/noticiasribeiraopreto.com.br\/index.php\/wp-json\/wp\/v2\/tags?post=18068"}],"curies":[{"name":"wp","href":"https:\/\/api.w.org\/{rel}","templated":true}]}}