{"id":18074,"date":"2023-12-19T17:42:04","date_gmt":"2023-12-19T20:42:04","guid":{"rendered":"https:\/\/noticiasribeiraopreto.com.br\/index.php\/2023\/12\/19\/sinal-em-sua-mandibula-pode-ser-um-alerta-de-assassino-silencioso\/"},"modified":"2023-12-19T17:42:04","modified_gmt":"2023-12-19T20:42:04","slug":"sinal-em-sua-mandibula-pode-ser-um-alerta-de-assassino-silencioso","status":"publish","type":"post","link":"https:\/\/noticiasribeiraopreto.com.br\/index.php\/2023\/12\/19\/sinal-em-sua-mandibula-pode-ser-um-alerta-de-assassino-silencioso\/","title":{"rendered":"Sinal em sua mand\u00edbula pode ser um alerta de assassino silencioso"},"content":{"rendered":"<div class='code-block code-block-1' style='margin: 8px 0 8px auto; text-align: right; display: block; clear: both;'>\n<p><a href=\"https:\/\/wa.link\/vpicfd\"><img data-recalc-dims=\"1\" class=\"wp-image-4922\" style=\"aspect-ratio: 2.0253164556962027; width: 561px; height: auto;\" src=\"https:\/\/i0.wp.com\/ismaelcolosi.com.br\/wp-content\/uploads\/2023\/11\/grupo-de-empregos-whatsapp-e-facebook-ismael-colosi-vagas.jpg?ssl=1\" alt=\"\" \/><\/a><\/p>\n<!-- \/wp:image -->\n<\/div>\n<p> <br \/>\n<\/p>\n<div>\n<p>Os sintomas que sentimos quando sofremos de uma doen\u00e7a ou condi\u00e7\u00e3o m\u00e9dica est\u00e3o frequentemente ligados \u00e0 \u00e1rea afetada do corpo. Mas isso n\u00e3o \u00e9 uma regra. Em caso de um <a href=\"https:\/\/catracalivre.com.br\/saude-bem-estar\/esta-suplementacao-pode-prevenir-ataques-cardiacos-afirma-estudo\/\">ataque card\u00edaco<\/a>: a mand\u00edbula \u00e9 quem pode dar o sinal.<\/p>\n<p>O problema \u00e9 que o alerta pode ser ignorado ou confundido com outra condi\u00e7\u00e3o menos grave.<\/p>\n<div id=\"attachment_2329205\" class=\"wp-caption alignnone\">\n<div class=\"d-flex justify-content-center\" data-attachment-id=\"2329205\">\n<div class=\"position-relative d-inline-block\"><img data-recalc-dims=\"1\" data-portal-copyright=\"AndrewLozovyi\/depositphotos\" fetchpriority=\"high\" decoding=\"async\" class=\"wp-image-2329205 size-large\" src=\"https:\/\/i0.wp.com\/catracalivre.com.br\/wp-content\/uploads\/2023\/12\/depositphotos-206941690-l-910x607.jpg?resize=910%2C607&#038;ssl=1\" alt=\"Sinais de ataque card\u00edaco nem sempre s\u00e3o repentinos ou \u00f3bvios\" width=\"910\" height=\"607\" srcset=\"https:\/\/catracalivre.com.br\/wp-content\/uploads\/2023\/12\/depositphotos-206941690-l-910x607.jpg 910w, https:\/\/catracalivre.com.br\/wp-content\/uploads\/2023\/12\/depositphotos-206941690-l-450x300.jpg 450w, https:\/\/catracalivre.com.br\/wp-content\/uploads\/2023\/12\/depositphotos-206941690-l-768x513.jpg 768w\" sizes=\"(max-width: 910px) 100vw, 910px\"\/><\/p>\n<p>Cr\u00e9ditos: AndrewLozovyi\/depositphotos<\/p>\n<\/div>\n<\/div>\n<p><span class=\"post-imagem__legenda\">Sinais de ataque card\u00edaco nem sempre s\u00e3o repentinos ou \u00f3bvios<\/span><\/p>\n<\/div>\n<p>Um ataque card\u00edaco ocorre quando o fornecimento de sangue ao cora\u00e7\u00e3o \u00e9 interrompido, mais comumente por um\u00a0co\u00e1gulo. Mas isso pode levar algum tempo para acontecer.<\/p>\n<p>\u00c0s vezes, os sintomas de um ataque card\u00edaco s\u00e3o \u00f3bvios, mas a maioria dos ataques card\u00edacos n\u00e3o s\u00e3o repentinos e intensos. Eles podem surgir lentamente, com sintomas leves, \u00e0 medida que o fluxo sangu\u00edneo para o cora\u00e7\u00e3o \u00e9 reduzido.<\/p>\n<h2>Sintomas de ataque card\u00edaco<\/h2>\n<p>O sintoma mais comum e reconhec\u00edvel de um ataque card\u00edaco \u00e9 a <a href=\"https:\/\/catracalivre.com.br\/saude-bem-estar\/3-caracteristicas-da-dor-no-peito-para-reconhecer-um-ataque-cardiaco\/\">dor no peito<\/a>, tamb\u00e9m chamada de angina.<\/p>\n<p>A dor pode parecer press\u00e3o, queima\u00e7\u00e3o ou aperto no centro do peito. Pode durar mais do que alguns minutos ou pode continuar indo e vindo.<\/p>\n<p>Al\u00e9m da dor no peito, existem outros sintomas menos \u00f3bvios que podem ocorrer. O que inclui dor na mand\u00edbula, descrita como dorm\u00eancia, belisc\u00e3o ou outra sensa\u00e7\u00e3o desconfort\u00e1vel.<\/p>\n<p>A sensa\u00e7\u00e3o tamb\u00e9m pode ser sentida no bra\u00e7o, nas costas ou no est\u00f4mago.<\/p>\n<p>Outros sintomas a serem observados incluem:<\/p>\n<ul>\n<li>Tonturas ou desmaios;<\/li>\n<li>N\u00e1usea ou v\u00f4mito;<\/li>\n<li>Falta de ar ou dificuldade em respirar profundamente;<\/li>\n<li>Sudorese inexplic\u00e1vel ou pele fria e \u00famida;<\/li>\n<li>Fadiga incomum.<\/li>\n<\/ul>\n<\/div>\n<p><script>\n\t\t! function(f, b, e, v, n, t, s) {\n\t\t\tif (f.fbq) return;\n\t\t\tn = f.fbq = function() {\n\t\t\t\tn.callMethod ?\n\t\t\t\t\tn.callMethod.apply(n, arguments) : n.queue.push(arguments)\n\t\t\t};\n\t\t\tif (!f._fbq) f._fbq = n;\n\t\t\tn.push = n;\n\t\t\tn.loaded = !0;\n\t\t\tn.version = '2.0';\n\t\t\tn.queue = [];\n\t\t\tt = b.createElement(e);\n\t\t\tt.async = !0;\n\t\t\tt.src = v;\n\t\t\ts = b.getElementsByTagName(e)[0];\n\t\t\ts.parentNode.insertBefore(t, s)\n\t\t}(window, document, 'script',\n\t\t\t'https:\/\/connect.facebook.net\/en_US\/fbevents.js');\n\t\tfbq('init', '338315473262380');\n\t\tfbq('track', 'PageView');\n\t<\/script><br \/>\n<br \/><br \/>\n<br \/><a href=\"https:\/\/catracalivre.com.br\/saude-bem-estar\/sinal-em-sua-mandibula-pode-ser-um-alerta-de-assassino-silencioso\/\">Source link <\/a><\/p>\n<!-- CONTENT END 1 -->\n","protected":false},"excerpt":{"rendered":"<p>Os sintomas que sentimos quando sofremos de uma doen\u00e7a ou condi\u00e7\u00e3o m\u00e9dica est\u00e3o frequentemente ligados \u00e0 \u00e1rea afetada do corpo. Mas isso n\u00e3o \u00e9 uma&#8230;<\/p>\n","protected":false},"author":1,"featured_media":18075,"comment_status":"open","ping_status":"open","sticky":false,"template":"","format":"standard","meta":{"advanced_seo_description":"","jetpack_seo_html_title":"","jetpack_seo_noindex":false,"jetpack_post_was_ever_published":false,"_jetpack_newsletter_access":"","_jetpack_dont_email_post_to_subs":false,"_jetpack_newsletter_tier_id":0,"_jetpack_memberships_contains_paywalled_content":false,"_jetpack_memberships_contains_paid_content":false,"footnotes":"","jetpack_publicize_message":"","jetpack_publicize_feature_enabled":true,"jetpack_social_post_already_shared":true,"jetpack_social_options":{"image_generator_settings":{"template":"highway","default_image_id":0,"font":"","enabled":false},"version":2}},"categories":[19],"tags":[],"class_list":["post-18074","post","type-post","status-publish","format-standard","has-post-thumbnail","hentry","category-variedades"],"jetpack_publicize_connections":[],"jetpack_featured_media_url":"https:\/\/i0.wp.com\/noticiasribeiraopreto.com.br\/wp-content\/uploads\/2023\/12\/depositphotos-206941690-l.jpg?fit=1200%2C638&ssl=1","jetpack-related-posts":[{"id":67299,"url":"https:\/\/noticiasribeiraopreto.com.br\/index.php\/2025\/04\/12\/jornal-da-franca-seus-olhos-amanhecem-remelentos-fique-atento-pois-pode-ser-um-sinal-de-alerta\/","url_meta":{"origin":18074,"position":0},"title":"Jornal da Franca &#8211; Seus olhos amanhecem &#8220;remelentos&#8221;? Fique atento, pois pode ser um sinal de alerta","author":"noticiasribeiraopreto.com.br","date":"12 de April de 2025","format":false,"excerpt":"compartilhar no whatsapp compartilhar no telegram compartilhar no facebook compartilhar no linkedin \u00c9 preciso ter precau\u00e7\u00e3o no trato com os olhos Popularmente conhecida como \u2018remela\u2019, a subst\u00e2ncia nada mais \u00e9 do que sobra de l\u00e1grima carregada de poeira e gordura que se cristalizou durante o per\u00edodo em que a pessoa\u2026","rel":"","context":"In &quot;Not\u00edcias de Franca-SP&quot;","block_context":{"text":"Not\u00edcias de Franca-SP","link":"https:\/\/noticiasribeiraopreto.com.br\/index.php\/category\/noticias-de-ribeirao-preto-sp-e-regiao-ismael-colosi\/noticias-franca-sp\/"},"img":{"alt_text":"","src":"https:\/\/i0.wp.com\/noticiasribeiraopreto.com.br\/wp-content\/uploads\/2025\/04\/olhos.jpg?fit=1200%2C800&ssl=1&resize=350%2C200","width":350,"height":200,"srcset":"https:\/\/i0.wp.com\/noticiasribeiraopreto.com.br\/wp-content\/uploads\/2025\/04\/olhos.jpg?fit=1200%2C800&ssl=1&resize=350%2C200 1x, https:\/\/i0.wp.com\/noticiasribeiraopreto.com.br\/wp-content\/uploads\/2025\/04\/olhos.jpg?fit=1200%2C800&ssl=1&resize=525%2C300 1.5x, https:\/\/i0.wp.com\/noticiasribeiraopreto.com.br\/wp-content\/uploads\/2025\/04\/olhos.jpg?fit=1200%2C800&ssl=1&resize=700%2C400 2x, https:\/\/i0.wp.com\/noticiasribeiraopreto.com.br\/wp-content\/uploads\/2025\/04\/olhos.jpg?fit=1200%2C800&ssl=1&resize=1050%2C600 3x"},"classes":[]},{"id":15558,"url":"https:\/\/noticiasribeiraopreto.com.br\/index.php\/2023\/12\/13\/saiba-quando-se-preocupar-com-isso\/","url_meta":{"origin":18074,"position":1},"title":"saiba quando se preocupar com isso","author":"noticiasribeiraopreto.com.br","date":"13 de December de 2023","format":false,"excerpt":"Edema perif\u00e9rico, ou incha\u00e7o nos p\u00e9s, \u00e9 uma condi\u00e7\u00e3o frequente que pode ter diversas causas. O incha\u00e7o persistente ou grave nos membros, coxas e outras partes do corpo pode indicar um problema de sa\u00fade que precisa de aten\u00e7\u00e3o. Veja algumas situa\u00e7\u00f5es em que voc\u00ea deve considerar procurar orienta\u00e7\u00e3o m\u00e9dica: Incha\u00e7o\u2026","rel":"","context":"In &quot;Variedades&quot;","block_context":{"text":"Variedades","link":"https:\/\/noticiasribeiraopreto.com.br\/index.php\/category\/variedades\/"},"img":{"alt_text":"","src":"https:\/\/i0.wp.com\/noticiasribeiraopreto.com.br\/wp-content\/uploads\/2023\/12\/istock-176978128-1.jpg?fit=1200%2C638&ssl=1&resize=350%2C200","width":350,"height":200,"srcset":"https:\/\/i0.wp.com\/noticiasribeiraopreto.com.br\/wp-content\/uploads\/2023\/12\/istock-176978128-1.jpg?fit=1200%2C638&ssl=1&resize=350%2C200 1x, https:\/\/i0.wp.com\/noticiasribeiraopreto.com.br\/wp-content\/uploads\/2023\/12\/istock-176978128-1.jpg?fit=1200%2C638&ssl=1&resize=525%2C300 1.5x, https:\/\/i0.wp.com\/noticiasribeiraopreto.com.br\/wp-content\/uploads\/2023\/12\/istock-176978128-1.jpg?fit=1200%2C638&ssl=1&resize=700%2C400 2x, https:\/\/i0.wp.com\/noticiasribeiraopreto.com.br\/wp-content\/uploads\/2023\/12\/istock-176978128-1.jpg?fit=1200%2C638&ssl=1&resize=1050%2C600 3x"},"classes":[]},{"id":71713,"url":"https:\/\/noticiasribeiraopreto.com.br\/index.php\/2025\/06\/09\/jornal-da-franca-sera-que-voce-tem-bruxismo-e-nao-sabe-entenda-os-sinais-e-como-identificar\/","url_meta":{"origin":18074,"position":2},"title":"Jornal da Franca &#8211; Ser\u00e1 que voc\u00ea tem bruxismo e n\u00e3o sabe? Entenda os sinais e como identificar","author":"noticiasribeiraopreto.com.br","date":"9 de June de 2025","format":false,"excerpt":"compartilhar no whatsapp compartilhar no telegram compartilhar no facebook compartilhar no linkedin Bruxismo \u00e9 silencioso em grande parte dos casos, e por isso costuma ser diagnosticado apenas quando os sintomas se agravam Existem dois tipos principais de bruxismo: o diurno e o noturno \u2013 foto Arquivo \u00a0 Ranger ou apertar\u2026","rel":"","context":"In &quot;Not\u00edcias de Franca-SP&quot;","block_context":{"text":"Not\u00edcias de Franca-SP","link":"https:\/\/noticiasribeiraopreto.com.br\/index.php\/category\/noticias-de-ribeirao-preto-sp-e-regiao-ismael-colosi\/noticias-franca-sp\/"},"img":{"alt_text":"","src":"https:\/\/i0.wp.com\/noticiasribeiraopreto.com.br\/wp-content\/uploads\/2025\/06\/toxina-botulinica-bruxismo-shutterstock.jpg?fit=1200%2C675&ssl=1&resize=350%2C200","width":350,"height":200,"srcset":"https:\/\/i0.wp.com\/noticiasribeiraopreto.com.br\/wp-content\/uploads\/2025\/06\/toxina-botulinica-bruxismo-shutterstock.jpg?fit=1200%2C675&ssl=1&resize=350%2C200 1x, https:\/\/i0.wp.com\/noticiasribeiraopreto.com.br\/wp-content\/uploads\/2025\/06\/toxina-botulinica-bruxismo-shutterstock.jpg?fit=1200%2C675&ssl=1&resize=525%2C300 1.5x, https:\/\/i0.wp.com\/noticiasribeiraopreto.com.br\/wp-content\/uploads\/2025\/06\/toxina-botulinica-bruxismo-shutterstock.jpg?fit=1200%2C675&ssl=1&resize=700%2C400 2x, https:\/\/i0.wp.com\/noticiasribeiraopreto.com.br\/wp-content\/uploads\/2025\/06\/toxina-botulinica-bruxismo-shutterstock.jpg?fit=1200%2C675&ssl=1&resize=1050%2C600 3x"},"classes":[]},{"id":66418,"url":"https:\/\/noticiasribeiraopreto.com.br\/index.php\/2025\/04\/01\/jornal-da-franca-bruxismo-nao-acontece-so-a-noite-saiba-tudo-sobre-esse-problema-incomodo\/","url_meta":{"origin":18074,"position":3},"title":"Jornal da Franca &#8211; Bruxismo n\u00e3o acontece s\u00f3 \u00e0 noite: saiba tudo sobre esse problema inc\u00f4modo","author":"noticiasribeiraopreto.com.br","date":"1 de April de 2025","format":false,"excerpt":"compartilhar no whatsapp compartilhar no telegram compartilhar no facebook compartilhar no linkedin Conhe\u00e7a o principal desencadeador do bruxismo e outros sinais al\u00e9m da mand\u00edbula apertada e do ranger de dentes Aproximadamente 40% da popula\u00e7\u00e3o brasileira sofre com bruxismo \u2013 foto Arquivo \u00a0 Segundo a Organiza\u00e7\u00e3o Mundial de Sa\u00fade (OMS), o\u2026","rel":"","context":"In &quot;Not\u00edcias de Franca-SP&quot;","block_context":{"text":"Not\u00edcias de Franca-SP","link":"https:\/\/noticiasribeiraopreto.com.br\/index.php\/category\/noticias-de-ribeirao-preto-sp-e-regiao-ismael-colosi\/noticias-franca-sp\/"},"img":{"alt_text":"","src":"https:\/\/i0.wp.com\/noticiasribeiraopreto.com.br\/wp-content\/uploads\/2025\/04\/toxina-botulinica-bruxismo-shutterstock.jpg?fit=1200%2C675&ssl=1&resize=350%2C200","width":350,"height":200,"srcset":"https:\/\/i0.wp.com\/noticiasribeiraopreto.com.br\/wp-content\/uploads\/2025\/04\/toxina-botulinica-bruxismo-shutterstock.jpg?fit=1200%2C675&ssl=1&resize=350%2C200 1x, https:\/\/i0.wp.com\/noticiasribeiraopreto.com.br\/wp-content\/uploads\/2025\/04\/toxina-botulinica-bruxismo-shutterstock.jpg?fit=1200%2C675&ssl=1&resize=525%2C300 1.5x, https:\/\/i0.wp.com\/noticiasribeiraopreto.com.br\/wp-content\/uploads\/2025\/04\/toxina-botulinica-bruxismo-shutterstock.jpg?fit=1200%2C675&ssl=1&resize=700%2C400 2x, https:\/\/i0.wp.com\/noticiasribeiraopreto.com.br\/wp-content\/uploads\/2025\/04\/toxina-botulinica-bruxismo-shutterstock.jpg?fit=1200%2C675&ssl=1&resize=1050%2C600 3x"},"classes":[]},{"id":19467,"url":"https:\/\/noticiasribeiraopreto.com.br\/index.php\/2023\/12\/22\/esta-alteracao-no-rosto-e-sinal-de-alerta-para-colesterol-alto\/","url_meta":{"origin":18074,"position":4},"title":"Esta altera\u00e7\u00e3o no rosto \u00e9 sinal de alerta para colesterol alto","author":"noticiasribeiraopreto.com.br","date":"22 de December de 2023","format":false,"excerpt":"O aumento consider\u00e1vel dos casos de colesterol alto tem chamado a aten\u00e7\u00e3o dos especialistas de sa\u00fade em todo o Brasil. O alarme n\u00e3o \u00e9 \u00e0 toa, j\u00e1 que esta condi\u00e7\u00e3o, embora silenciosa, pode trazer s\u00e9rias complica\u00e7\u00f5es quando n\u00e3o monitorada e controlada adequadamente. Entre os sinais de alerta de hipercolesterolemia, um\u2026","rel":"","context":"In &quot;Variedades&quot;","block_context":{"text":"Variedades","link":"https:\/\/noticiasribeiraopreto.com.br\/index.php\/category\/variedades\/"},"img":{"alt_text":"","src":"https:\/\/i0.wp.com\/noticiasribeiraopreto.com.br\/wp-content\/uploads\/2023\/12\/istock-1254852574-scaled.jpg?fit=1200%2C638&ssl=1&resize=350%2C200","width":350,"height":200,"srcset":"https:\/\/i0.wp.com\/noticiasribeiraopreto.com.br\/wp-content\/uploads\/2023\/12\/istock-1254852574-scaled.jpg?fit=1200%2C638&ssl=1&resize=350%2C200 1x, https:\/\/i0.wp.com\/noticiasribeiraopreto.com.br\/wp-content\/uploads\/2023\/12\/istock-1254852574-scaled.jpg?fit=1200%2C638&ssl=1&resize=525%2C300 1.5x, https:\/\/i0.wp.com\/noticiasribeiraopreto.com.br\/wp-content\/uploads\/2023\/12\/istock-1254852574-scaled.jpg?fit=1200%2C638&ssl=1&resize=700%2C400 2x, https:\/\/i0.wp.com\/noticiasribeiraopreto.com.br\/wp-content\/uploads\/2023\/12\/istock-1254852574-scaled.jpg?fit=1200%2C638&ssl=1&resize=1050%2C600 3x"},"classes":[]},{"id":16574,"url":"https:\/\/noticiasribeiraopreto.com.br\/index.php\/2023\/12\/15\/o-que-seu-pe-pode-revelar-sobre-o-seu-estado-de-saude\/","url_meta":{"origin":18074,"position":5},"title":"O que seu p\u00e9 pode revelar sobre o seu estado de sa\u00fade?","author":"noticiasribeiraopreto.com.br","date":"15 de December de 2023","format":false,"excerpt":"Cr\u00e9ditos: Getty Images\/iStockphotoFique atento \u00e0s altera\u00e7\u00f5es em seu p\u00e9, pois elas podem estar revelando algo muito mais significativo sobre o seu estado de sa\u00fade \u2013 iStock\/Getty Images Geralmente, as pessoas quase nunca pensam sobre os seus p\u00e9s, a menos que elas tenham uma les\u00e3o dolorosa ou outra condi\u00e7\u00e3o que comprometa\u2026","rel":"","context":"In &quot;Variedades&quot;","block_context":{"text":"Variedades","link":"https:\/\/noticiasribeiraopreto.com.br\/index.php\/category\/variedades\/"},"img":{"alt_text":"","src":"https:\/\/i0.wp.com\/noticiasribeiraopreto.com.br\/wp-content\/uploads\/2023\/12\/istock-932549384-1.jpg?fit=1200%2C638&ssl=1&resize=350%2C200","width":350,"height":200,"srcset":"https:\/\/i0.wp.com\/noticiasribeiraopreto.com.br\/wp-content\/uploads\/2023\/12\/istock-932549384-1.jpg?fit=1200%2C638&ssl=1&resize=350%2C200 1x, https:\/\/i0.wp.com\/noticiasribeiraopreto.com.br\/wp-content\/uploads\/2023\/12\/istock-932549384-1.jpg?fit=1200%2C638&ssl=1&resize=525%2C300 1.5x, https:\/\/i0.wp.com\/noticiasribeiraopreto.com.br\/wp-content\/uploads\/2023\/12\/istock-932549384-1.jpg?fit=1200%2C638&ssl=1&resize=700%2C400 2x, https:\/\/i0.wp.com\/noticiasribeiraopreto.com.br\/wp-content\/uploads\/2023\/12\/istock-932549384-1.jpg?fit=1200%2C638&ssl=1&resize=1050%2C600 3x"},"classes":[]}],"jetpack_sharing_enabled":true,"jetpack_shortlink":"https:\/\/wp.me\/peQAOb-4Hw","_links":{"self":[{"href":"https:\/\/noticiasribeiraopreto.com.br\/index.php\/wp-json\/wp\/v2\/posts\/18074","targetHints":{"allow":["GET"]}}],"collection":[{"href":"https:\/\/noticiasribeiraopreto.com.br\/index.php\/wp-json\/wp\/v2\/posts"}],"about":[{"href":"https:\/\/noticiasribeiraopreto.com.br\/index.php\/wp-json\/wp\/v2\/types\/post"}],"author":[{"embeddable":true,"href":"https:\/\/noticiasribeiraopreto.com.br\/index.php\/wp-json\/wp\/v2\/users\/1"}],"replies":[{"embeddable":true,"href":"https:\/\/noticiasribeiraopreto.com.br\/index.php\/wp-json\/wp\/v2\/comments?post=18074"}],"version-history":[{"count":0,"href":"https:\/\/noticiasribeiraopreto.com.br\/index.php\/wp-json\/wp\/v2\/posts\/18074\/revisions"}],"wp:featuredmedia":[{"embeddable":true,"href":"https:\/\/noticiasribeiraopreto.com.br\/index.php\/wp-json\/wp\/v2\/media\/18075"}],"wp:attachment":[{"href":"https:\/\/noticiasribeiraopreto.com.br\/index.php\/wp-json\/wp\/v2\/media?parent=18074"}],"wp:term":[{"taxonomy":"category","embeddable":true,"href":"https:\/\/noticiasribeiraopreto.com.br\/index.php\/wp-json\/wp\/v2\/categories?post=18074"},{"taxonomy":"post_tag","embeddable":true,"href":"https:\/\/noticiasribeiraopreto.com.br\/index.php\/wp-json\/wp\/v2\/tags?post=18074"}],"curies":[{"name":"wp","href":"https:\/\/api.w.org\/{rel}","templated":true}]}}