{"id":18078,"date":"2023-12-19T17:51:41","date_gmt":"2023-12-19T20:51:41","guid":{"rendered":"https:\/\/noticiasribeiraopreto.com.br\/index.php\/2023\/12\/19\/percentual-de-biodiesel-no-diesel-subira-para-14-em-2024\/"},"modified":"2023-12-19T17:51:41","modified_gmt":"2023-12-19T20:51:41","slug":"percentual-de-biodiesel-no-diesel-subira-para-14-em-2024","status":"publish","type":"post","link":"https:\/\/noticiasribeiraopreto.com.br\/index.php\/2023\/12\/19\/percentual-de-biodiesel-no-diesel-subira-para-14-em-2024\/","title":{"rendered":"Percentual de biodiesel no diesel subir\u00e1 para 14% em 2024"},"content":{"rendered":"<div class='code-block code-block-1' style='margin: 8px 0 8px auto; text-align: right; display: block; clear: both;'>\n<p><a href=\"https:\/\/wa.link\/vpicfd\"><img data-recalc-dims=\"1\" class=\"wp-image-4922\" style=\"aspect-ratio: 2.0253164556962027; width: 561px; height: auto;\" src=\"https:\/\/i0.wp.com\/ismaelcolosi.com.br\/wp-content\/uploads\/2023\/11\/grupo-de-empregos-whatsapp-e-facebook-ismael-colosi-vagas.jpg?ssl=1\" alt=\"\" \/><\/a><\/p>\n<!-- \/wp:image -->\n<\/div>\n<p> <br \/>\n<\/p>\n<div id=\"post-367844\">\n<header class=\"entry-header penci-entry-header penci-title-center\">\n<p> <span class=\"entry-meta-item penci-posted-on\"><i class=\"fa fa-clock-o\"\/><time class=\"entry-date published\" datetime=\"2023-12-19T17:30:32-03:00\">19 de dezembro de 2023 | 17:30<\/time><time class=\"updated\" datetime=\"2023-12-19T16:25:12-03:00\">19 de dezembro de 2023 | 16:25<\/time><\/span><\/p>\n<p> <span class=\"penci-social-buttons penci-social-share-footer\"><a href=\"#\" class=\"penci-post-like penci_post-meta_item  single-like-button penci-social-item like\" data-post_id=\"367844\" title=\"Like\" data-like=\"Like\" data-unlike=\"Unlike\"><i class=\"fa fa-thumbs-o-up\"\/><span class=\"penci-share-number\">0<\/span><\/a><i class=\"fa fa-facebook\"\/><a class=\"penci-social-item twitter\" target=\"_blank\" rel=\"noopener\" title=\"\" href=\"https:\/\/twitter.com\/intent\/tweet?text=Percentual%20de%20biodiesel%20no%20diesel%20subir\u00e1%20para%2014%20em%202024%20-%20https:\/\/www.tribunaribeirao.com.br\/site\/percentual-de-biodiesel-no-diesel-subira-para-14-em-2024\/\"><i class=\"fa fa-twitter\"\/><\/a><i class=\"fa fa-whatsapp\"\/><\/span><\/header>\n<div class=\"penci-entry-content entry-content\">\n<p>O Conselho Nacional de Pol\u00edtica Energ\u00e9tica (CNPE) decidiu nesta ter\u00e7a-feira (19) aumentar o teor de biodiesel na mistura ao \u00f3leo diesel de 12% para 14% a partir de mar\u00e7o de 2024. O percentual subir\u00e1 para 15% a partir de mar\u00e7o de 2025.<noscript><img data-recalc-dims=\"1\" decoding=\"async\" src=\"https:\/\/i0.wp.com\/agenciabrasil.ebc.com.br\/ebc.png?ssl=1\"\/><\/noscript><img data-recalc-dims=\"1\" decoding=\"async\" src=\"https:\/\/i0.wp.com\/agenciabrasil.ebc.com.br\/ebc.gif?ssl=1\" class=\"lazyload\"\/><noscript><img data-recalc-dims=\"1\" decoding=\"async\" src=\"https:\/\/i0.wp.com\/agenciabrasil.ebc.com.br\/ebc.gif?ssl=1\"\/><\/noscript><\/p>\n<p>O cronograma anterior previa a mistura B14 para abril de 2025 e a B15 para 2026. Segundo o Minist\u00e9rio de Minas e Energia (MME), a expectativa \u00e9 que, com a medida, seja evitada a emiss\u00e3o de 5\u00a0milh\u00f5es de toneladas de CO2 na atmosfera, al\u00e9m da redu\u00e7\u00e3o de cerca de R$ 7,2 bilh\u00f5es com a importa\u00e7\u00e3o de diesel f\u00f3ssil.<\/p>\n<p>A 42\u00ba reuni\u00e3o ordin\u00e1ria do CNPE contou com a presen\u00e7a do presidente Luiz In\u00e1cio Lula da Silva e do vice-presidente Geraldo Alckmin. Segundo o ministro de Minas e Energia, Alexandre Silveira, a amplia\u00e7\u00e3o do biodiesel na matriz energ\u00e9tica diminui a depend\u00eancia do Brasil da importa\u00e7\u00e3o de \u00f3leo diesel e ajuda o pa\u00eds na descarboniza\u00e7\u00e3o, al\u00e9m de estimular a agricultura nacional.<\/p>\n<p>O CNPE tamb\u00e9m aprovou a suspens\u00e3o tempor\u00e1ria da importa\u00e7\u00e3o de biodiesel, revertendo decis\u00e3o do governo anterior. \u201cDeliberamos junto com o aumento da mistura que fica suspensa a importa\u00e7\u00e3o deliberada pela ANP at\u00e9 que um grupo de trabalho defina se essa \u00e9 ou n\u00e3o a melhor estrat\u00e9gia nacional\u201d, disse Silveira.<\/p>\n<p>Tamb\u00e9m foi criado grupo de trabalho para deliberar tecnicamente sobre a possibilidade de aumentar a mistura do \u00e1lcool anidro na gasolina de 27,30% para 30%. A mudan\u00e7a \u00e9 um dos eixos previstos no Projeto de Lei do Combust\u00edvel do Futuro, apresentado pelo MME, e que est\u00e1 em tramita\u00e7\u00e3o no Congresso Nacional.<\/p>\n<p>\u00a0<\/p>\n<\/div>\n<footer class=\"penci-entry-footer\"\/><\/div>\n<p><script async src=\"\/\/platform.twitter.com\/widgets.js\" charset=\"utf-8\"><\/script><br \/>\n<br \/><br \/>\n<br \/><a href=\"https:\/\/www.tribunaribeirao.com.br\/site\/percentual-de-biodiesel-no-diesel-subira-para-14-em-2024\/\">Source link <\/a><\/p>\n<!-- CONTENT END 1 -->\n","protected":false},"excerpt":{"rendered":"<p>19 de dezembro de 2023 | 17:3019 de dezembro de 2023 | 16:25 0 O Conselho Nacional de Pol\u00edtica Energ\u00e9tica (CNPE) decidiu nesta ter\u00e7a-feira (19)&#8230;<\/p>\n","protected":false},"author":1,"featured_media":18079,"comment_status":"open","ping_status":"open","sticky":false,"template":"","format":"standard","meta":{"advanced_seo_description":"","jetpack_seo_html_title":"","jetpack_seo_noindex":false,"jetpack_post_was_ever_published":false,"_jetpack_newsletter_access":"","_jetpack_dont_email_post_to_subs":false,"_jetpack_newsletter_tier_id":0,"_jetpack_memberships_contains_paywalled_content":false,"_jetpack_memberships_contains_paid_content":false,"footnotes":"","jetpack_publicize_message":"","jetpack_publicize_feature_enabled":true,"jetpack_social_post_already_shared":true,"jetpack_social_options":{"image_generator_settings":{"template":"highway","default_image_id":0,"font":"","enabled":false},"version":2}},"categories":[11],"tags":[2423,1865,71,2422,2424],"class_list":["post-18078","post","type-post","status-publish","format-standard","has-post-thumbnail","hentry","category-noticias-de-ribeirao-preto-sp-e-regiao-ismael-colosi","tag-biodiesel","tag-diesel","tag-para","tag-percentual","tag-subira"],"jetpack_publicize_connections":[],"jetpack_featured_media_url":"https:\/\/i0.wp.com\/noticiasribeiraopreto.com.br\/wp-content\/uploads\/2023\/12\/diesel.jpg?fit=699%2C420&ssl=1","jetpack-related-posts":[{"id":18267,"url":"https:\/\/noticiasribeiraopreto.com.br\/index.php\/2023\/12\/20\/percentual-do-biodiesel-no-diesel-vai-subir-para-14-em-marco\/","url_meta":{"origin":18078,"position":0},"title":"Percentual do Biodiesel no Diesel vai subir para 14% em mar\u00e7o","author":"noticiasribeiraopreto.com.br","date":"20 de December de 2023","format":false,"excerpt":"O ministro de Minas e Energia, Alexandre Silveira, anunciou nesta ter\u00e7a-feira (19) uma grande mudan\u00e7a em rela\u00e7\u00e3o \u00e0 mistura obrigat\u00f3ria do biodiesel ao \u00f3leo diesel. Atualmente, o n\u00edvel est\u00e1 em 12% no pa\u00eds, mas o percentual dever\u00e1 subir para 14% em mar\u00e7o de 2024. De acordo com o ministro, houve\u2026","rel":"","context":"In &quot;Vagas de Emprego em Ribeir\u00e3o Preto-SP&quot;","block_context":{"text":"Vagas de Emprego em Ribeir\u00e3o Preto-SP","link":"https:\/\/noticiasribeiraopreto.com.br\/index.php\/category\/empregos-classificados-vagas-trabalho\/vagas-de-empregos-em-ribeirao-preto-regiao-brasil\/"},"img":{"alt_text":"","src":"https:\/\/i0.wp.com\/noticiasribeiraopreto.com.br\/wp-content\/uploads\/2023\/12\/noticiasconcursos.com_.br-percentual-do-biodiesel-no-diesel-vai-subir-para-14-em-marco-diz-ministro-diesel-pixabay-750x430.jpg?fit=750%2C430&ssl=1&resize=350%2C200","width":350,"height":200,"srcset":"https:\/\/i0.wp.com\/noticiasribeiraopreto.com.br\/wp-content\/uploads\/2023\/12\/noticiasconcursos.com_.br-percentual-do-biodiesel-no-diesel-vai-subir-para-14-em-marco-diz-ministro-diesel-pixabay-750x430.jpg?fit=750%2C430&ssl=1&resize=350%2C200 1x, https:\/\/i0.wp.com\/noticiasribeiraopreto.com.br\/wp-content\/uploads\/2023\/12\/noticiasconcursos.com_.br-percentual-do-biodiesel-no-diesel-vai-subir-para-14-em-marco-diz-ministro-diesel-pixabay-750x430.jpg?fit=750%2C430&ssl=1&resize=525%2C300 1.5x, https:\/\/i0.wp.com\/noticiasribeiraopreto.com.br\/wp-content\/uploads\/2023\/12\/noticiasconcursos.com_.br-percentual-do-biodiesel-no-diesel-vai-subir-para-14-em-marco-diz-ministro-diesel-pixabay-750x430.jpg?fit=750%2C430&ssl=1&resize=700%2C400 2x"},"classes":[]},{"id":73175,"url":"https:\/\/noticiasribeiraopreto.com.br\/index.php\/2025\/06\/26\/mistura-de-etanol-na-gasolina-sobe-a-30\/","url_meta":{"origin":18078,"position":1},"title":"Mistura de etanol na gasolina sobe a 30%","author":"noticiasribeiraopreto.com.br","date":"26 de June de 2025","format":false,"excerpt":"26 de junho de 2025 16:0026 de junho de 2025 10:379 Compartilhar0 O governo federal elevou o percentual obrigat\u00f3rio de mistura de etanol na gasolina e do biodiesel no diesel. A de etanol anidro na gasolina tipo C passar\u00e1 dos atuais 27% para 30% (E30), enquanto o m\u00ednimo obrigat\u00f3rio de\u2026","rel":"","context":"In &quot;Not\u00edcias de Ribeir\u00e3o Preto-SP e Regi\u00e3o&quot;","block_context":{"text":"Not\u00edcias de Ribeir\u00e3o Preto-SP e Regi\u00e3o","link":"https:\/\/noticiasribeiraopreto.com.br\/index.php\/category\/noticias-de-ribeirao-preto-sp-e-regiao-ismael-colosi\/"},"img":{"alt_text":"","src":"https:\/\/i0.wp.com\/noticiasribeiraopreto.com.br\/wp-content\/uploads\/2025\/06\/Etanol-Marcelo-Camargo-Ag.Br_.jpg?fit=1170%2C700&ssl=1&resize=350%2C200","width":350,"height":200,"srcset":"https:\/\/i0.wp.com\/noticiasribeiraopreto.com.br\/wp-content\/uploads\/2025\/06\/Etanol-Marcelo-Camargo-Ag.Br_.jpg?fit=1170%2C700&ssl=1&resize=350%2C200 1x, https:\/\/i0.wp.com\/noticiasribeiraopreto.com.br\/wp-content\/uploads\/2025\/06\/Etanol-Marcelo-Camargo-Ag.Br_.jpg?fit=1170%2C700&ssl=1&resize=525%2C300 1.5x, https:\/\/i0.wp.com\/noticiasribeiraopreto.com.br\/wp-content\/uploads\/2025\/06\/Etanol-Marcelo-Camargo-Ag.Br_.jpg?fit=1170%2C700&ssl=1&resize=700%2C400 2x, https:\/\/i0.wp.com\/noticiasribeiraopreto.com.br\/wp-content\/uploads\/2025\/06\/Etanol-Marcelo-Camargo-Ag.Br_.jpg?fit=1170%2C700&ssl=1&resize=1050%2C600 3x"},"classes":[]},{"id":63035,"url":"https:\/\/noticiasribeiraopreto.com.br\/index.php\/2025\/01\/31\/petrobras-aumenta-preco-do-diesel-a-partir-deste-sabado-veja-os-valores\/","url_meta":{"origin":18078,"position":2},"title":"Petrobras aumenta pre\u00e7o do diesel a partir deste s\u00e1bado; Veja os valores","author":"noticiasribeiraopreto.com.br","date":"31 de January de 2025","format":false,"excerpt":"A Petrobras anunciou nesta sexta-feira (31) que o diesel vai ficar mais caro a partir deste s\u00e1bado (1\u00ba de fevereiro). Com isso, o pre\u00e7o de venda do combust\u00edvel para as distribuidoras passar\u00e1 a ser, em m\u00e9dia, de R$ 3,72 por litro, um aumento de R$ 0,22 por litro. Considerando a\u2026","rel":"","context":"In &quot;Not\u00edcias de Ribeir\u00e3o Preto-SP e Regi\u00e3o&quot;","block_context":{"text":"Not\u00edcias de Ribeir\u00e3o Preto-SP e Regi\u00e3o","link":"https:\/\/noticiasribeiraopreto.com.br\/index.php\/category\/noticias-de-ribeirao-preto-sp-e-regiao-ismael-colosi\/"},"img":{"alt_text":"","src":"https:\/\/i0.wp.com\/noticiasribeiraopreto.com.br\/wp-content\/uploads\/2025\/01\/diesel.jpg?fit=754%2C503&ssl=1&resize=350%2C200","width":350,"height":200,"srcset":"https:\/\/i0.wp.com\/noticiasribeiraopreto.com.br\/wp-content\/uploads\/2025\/01\/diesel.jpg?fit=754%2C503&ssl=1&resize=350%2C200 1x, https:\/\/i0.wp.com\/noticiasribeiraopreto.com.br\/wp-content\/uploads\/2025\/01\/diesel.jpg?fit=754%2C503&ssl=1&resize=525%2C300 1.5x, https:\/\/i0.wp.com\/noticiasribeiraopreto.com.br\/wp-content\/uploads\/2025\/01\/diesel.jpg?fit=754%2C503&ssl=1&resize=700%2C400 2x"},"classes":[]},{"id":63670,"url":"https:\/\/noticiasribeiraopreto.com.br\/index.php\/2025\/02\/19\/governo-mantem-mistura-de-14-de-biodiesel-no-diesel-para-conter-a-inflacao\/","url_meta":{"origin":18078,"position":3},"title":"Governo Mant\u00e9m Mistura de 14% de Biodiesel no Diesel para Conter a Infla\u00e7\u00e3o","author":"noticiasribeiraopreto.com.br","date":"19 de February de 2025","format":false,"excerpt":"Em meio a um cen\u00e1rio de instabilidade econ\u00f4mica e press\u00f5es inflacion\u00e1rias, o governo federal optou por manter a obrigatoriedade da mistura de 14% de biodiesel no diesel comercializado no pa\u00eds. A medida, que tem sido adotada para conter os custos de produ\u00e7\u00e3o e reduzir o impacto da alta dos combust\u00edveis\u2026","rel":"","context":"In &quot;Not\u00edcias de Ribeir\u00e3o Preto-SP e Regi\u00e3o&quot;","block_context":{"text":"Not\u00edcias de Ribeir\u00e3o Preto-SP e Regi\u00e3o","link":"https:\/\/noticiasribeiraopreto.com.br\/index.php\/category\/noticias-de-ribeirao-preto-sp-e-regiao-ismael-colosi\/"},"img":{"alt_text":"","src":"https:\/\/i0.wp.com\/noticiasribeiraopreto.com.br\/wp-content\/uploads\/2025\/02\/1103818-mcam_edit_03011807017.webp.webp?fit=1170%2C700&ssl=1&resize=350%2C200","width":350,"height":200,"srcset":"https:\/\/i0.wp.com\/noticiasribeiraopreto.com.br\/wp-content\/uploads\/2025\/02\/1103818-mcam_edit_03011807017.webp.webp?fit=1170%2C700&ssl=1&resize=350%2C200 1x, https:\/\/i0.wp.com\/noticiasribeiraopreto.com.br\/wp-content\/uploads\/2025\/02\/1103818-mcam_edit_03011807017.webp.webp?fit=1170%2C700&ssl=1&resize=525%2C300 1.5x, https:\/\/i0.wp.com\/noticiasribeiraopreto.com.br\/wp-content\/uploads\/2025\/02\/1103818-mcam_edit_03011807017.webp.webp?fit=1170%2C700&ssl=1&resize=700%2C400 2x, https:\/\/i0.wp.com\/noticiasribeiraopreto.com.br\/wp-content\/uploads\/2025\/02\/1103818-mcam_edit_03011807017.webp.webp?fit=1170%2C700&ssl=1&resize=1050%2C600 3x"},"classes":[]},{"id":23601,"url":"https:\/\/noticiasribeiraopreto.com.br\/index.php\/2024\/01\/02\/novo-aumento-no-preco-do-combustivel-em-2024-saiba-as-mudancas-a-partir-deste-momento\/","url_meta":{"origin":18078,"position":4},"title":"Novo aumento no pre\u00e7o do combust\u00edvel em 2024: saiba as mudan\u00e7as a partir deste momento","author":"noticiasribeiraopreto.com.br","date":"2 de January de 2024","format":false,"excerpt":"Com a chegada do novo ano, os cidad\u00e3os brasileiros devem se atentar aos pagamentos de v\u00e1rias contas que precisar\u00e3o ser saldadas no in\u00edcio de 2024. Os motoristas tamb\u00e9m devem estar cientes do aumento planejado no pre\u00e7o do combust\u00edvel, que ser\u00e1 ajustado novamente neste per\u00edodo. Neste ano, um imposto crucial ser\u00e1\u2026","rel":"","context":"In &quot;Vagas de Emprego em Ribeir\u00e3o Preto-SP&quot;","block_context":{"text":"Vagas de Emprego em Ribeir\u00e3o Preto-SP","link":"https:\/\/noticiasribeiraopreto.com.br\/index.php\/category\/empregos-classificados-vagas-trabalho\/vagas-de-empregos-em-ribeirao-preto-regiao-brasil\/"},"img":{"alt_text":"","src":"","width":0,"height":0},"classes":[]},{"id":66390,"url":"https:\/\/noticiasribeiraopreto.com.br\/index.php\/2025\/03\/31\/petrobras-anuncia-reducao-no-preco-do-diesel-a-partir-desta-terca-feira\/","url_meta":{"origin":18078,"position":5},"title":"Petrobras anuncia redu\u00e7\u00e3o no pre\u00e7o do diesel a partir desta ter\u00e7a-feira","author":"noticiasribeiraopreto.com.br","date":"31 de March de 2025","format":false,"excerpt":"A Petrobras informou nesta segunda-feira (31) que o pre\u00e7o do litro do diesel A ficar\u00e1 R$ 0,17 mais barato para as distribuidoras a partir desta ter\u00e7a-feira (1\u00ba de abril). Com isso, o pre\u00e7o m\u00e9dio ser\u00e1 de R$ 3,55 por litro. Considerando a mistura obrigat\u00f3ria de 86% de diesel A e\u2026","rel":"","context":"In &quot;Not\u00edcias de Ribeir\u00e3o Preto-SP e Regi\u00e3o&quot;","block_context":{"text":"Not\u00edcias de Ribeir\u00e3o Preto-SP e Regi\u00e3o","link":"https:\/\/noticiasribeiraopreto.com.br\/index.php\/category\/noticias-de-ribeirao-preto-sp-e-regiao-ismael-colosi\/"},"img":{"alt_text":"","src":"https:\/\/i0.wp.com\/noticiasribeiraopreto.com.br\/wp-content\/uploads\/2025\/03\/diesel-a_2025-03-31_17-45-47_jpg_2025-03-31_17-45-47.webp.webp?fit=1170%2C700&ssl=1&resize=350%2C200","width":350,"height":200,"srcset":"https:\/\/i0.wp.com\/noticiasribeiraopreto.com.br\/wp-content\/uploads\/2025\/03\/diesel-a_2025-03-31_17-45-47_jpg_2025-03-31_17-45-47.webp.webp?fit=1170%2C700&ssl=1&resize=350%2C200 1x, https:\/\/i0.wp.com\/noticiasribeiraopreto.com.br\/wp-content\/uploads\/2025\/03\/diesel-a_2025-03-31_17-45-47_jpg_2025-03-31_17-45-47.webp.webp?fit=1170%2C700&ssl=1&resize=525%2C300 1.5x, https:\/\/i0.wp.com\/noticiasribeiraopreto.com.br\/wp-content\/uploads\/2025\/03\/diesel-a_2025-03-31_17-45-47_jpg_2025-03-31_17-45-47.webp.webp?fit=1170%2C700&ssl=1&resize=700%2C400 2x, https:\/\/i0.wp.com\/noticiasribeiraopreto.com.br\/wp-content\/uploads\/2025\/03\/diesel-a_2025-03-31_17-45-47_jpg_2025-03-31_17-45-47.webp.webp?fit=1170%2C700&ssl=1&resize=1050%2C600 3x"},"classes":[]}],"jetpack_sharing_enabled":true,"jetpack_shortlink":"https:\/\/wp.me\/peQAOb-4HA","_links":{"self":[{"href":"https:\/\/noticiasribeiraopreto.com.br\/index.php\/wp-json\/wp\/v2\/posts\/18078","targetHints":{"allow":["GET"]}}],"collection":[{"href":"https:\/\/noticiasribeiraopreto.com.br\/index.php\/wp-json\/wp\/v2\/posts"}],"about":[{"href":"https:\/\/noticiasribeiraopreto.com.br\/index.php\/wp-json\/wp\/v2\/types\/post"}],"author":[{"embeddable":true,"href":"https:\/\/noticiasribeiraopreto.com.br\/index.php\/wp-json\/wp\/v2\/users\/1"}],"replies":[{"embeddable":true,"href":"https:\/\/noticiasribeiraopreto.com.br\/index.php\/wp-json\/wp\/v2\/comments?post=18078"}],"version-history":[{"count":0,"href":"https:\/\/noticiasribeiraopreto.com.br\/index.php\/wp-json\/wp\/v2\/posts\/18078\/revisions"}],"wp:featuredmedia":[{"embeddable":true,"href":"https:\/\/noticiasribeiraopreto.com.br\/index.php\/wp-json\/wp\/v2\/media\/18079"}],"wp:attachment":[{"href":"https:\/\/noticiasribeiraopreto.com.br\/index.php\/wp-json\/wp\/v2\/media?parent=18078"}],"wp:term":[{"taxonomy":"category","embeddable":true,"href":"https:\/\/noticiasribeiraopreto.com.br\/index.php\/wp-json\/wp\/v2\/categories?post=18078"},{"taxonomy":"post_tag","embeddable":true,"href":"https:\/\/noticiasribeiraopreto.com.br\/index.php\/wp-json\/wp\/v2\/tags?post=18078"}],"curies":[{"name":"wp","href":"https:\/\/api.w.org\/{rel}","templated":true}]}}