{"id":18086,"date":"2023-12-19T18:07:12","date_gmt":"2023-12-19T21:07:12","guid":{"rendered":"https:\/\/noticiasribeiraopreto.com.br\/index.php\/2023\/12\/19\/assistencia-a-saude-suplementar-universidade-federal-da-integracao-latino-americana\/"},"modified":"2023-12-19T18:07:12","modified_gmt":"2023-12-19T21:07:12","slug":"assistencia-a-saude-suplementar-universidade-federal-da-integracao-latino-americana","status":"publish","type":"post","link":"https:\/\/noticiasribeiraopreto.com.br\/index.php\/2023\/12\/19\/assistencia-a-saude-suplementar-universidade-federal-da-integracao-latino-americana\/","title":{"rendered":"Assist\u00eancia \u00e0 Sa\u00fade Suplementar \u2014 Universidade Federal da Integra\u00e7\u00e3o Latino-Americana"},"content":{"rendered":"<div class='code-block code-block-1' style='margin: 8px 0 8px auto; text-align: right; display: block; clear: both;'>\n<p><a href=\"https:\/\/wa.link\/vpicfd\"><img data-recalc-dims=\"1\" class=\"wp-image-4922\" style=\"aspect-ratio: 2.0253164556962027; width: 561px; height: auto;\" src=\"https:\/\/i0.wp.com\/ismaelcolosi.com.br\/wp-content\/uploads\/2023\/11\/grupo-de-empregos-whatsapp-e-facebook-ismael-colosi-vagas.jpg?ssl=1\" alt=\"\" \/><\/a><\/p>\n<!-- \/wp:image -->\n<\/div>\n<p> <br \/>\n<\/p>\n<div>\n<p>Servidores(as) benefici\u00e1rios(as) da assist\u00eancia \u00e0 sa\u00fade suplementar devem comprovar os gastos com plano de sa\u00fade referentes aos anos de 2022 e 2023. Prazo para comprova\u00e7\u00e3o encerra-se em 29 de fevereiro de 2024.<\/p>\n<div id=\"viewlet-below-content-title\">\n<p> <span class=\"documentPublished\"><br \/><span>publicado<\/span>:<br \/><span property=\"rnews:datePublished\">19\/12\/2023 17h58<\/span>,<br \/><\/span><\/p>\n<p> <span class=\"documentModified\"><br \/><span>\u00faltima modifica\u00e7\u00e3o<\/span>:<br \/><span property=\"rnews:dateModified\">19\/12\/2023 17h58<\/span><br \/><\/span><\/p>\n<\/p><\/div>\n<div property=\"rnews:articleBody\">\n<p><span>Conforme a <\/span><span class=\"underline\"><a class=\"external-link\" href=\"https:\/\/www.in.gov.br\/en\/web\/dou\/-\/instrucao-normativa-srt\/mgi-n-30-de-23-de-novembro-de-2023-525550432\" target=\"_blank\" title=\"\" rel=\"noopener\">Instru\u00e7\u00e3o Normativa SRT\/MGI n\u00ba 30\/2023<\/a><\/span><span>\u00a0e o comunicado do\u00a0<span class=\"yiv6402605760TextRun yiv6402605760SCXW75471701 yiv6402605760BCX0\">Minist\u00e9rio da Gest\u00e3o e da Inova\u00e7\u00e3o em Servi\u00e7os P\u00fablicos<\/span>, a PROGEPE orienta que todos(as) os(as) servidores(as) que recebem, ou receberam, o benef\u00edcio de assist\u00eancia \u00e0 sa\u00fade suplementar devem comprovar os gastos com plano de sa\u00fade referentes aos anos de 2022 e 2023.\u00a0<\/span><span>A comprova\u00e7\u00e3o deve ser feita at\u00e9 o dia 29 de fevereiro de 2024, <\/span>via\u00a0<span class=\"underline\"><a class=\"external-link\" href=\"https:\/\/sso.gestaodeacesso.sigepe.gov.br\/cassso\/login\" target=\"_blank\" title=\"\" rel=\"noopener\">SIGAC\/SIGEPE<\/a><\/span>\u00a0\u2013 confira as orienta\u00e7\u00f5es para\u00a0acesso ao <span class=\"underline\"><a class=\"external-link\" href=\"https:\/\/www.gov.br\/servidor\/pt-br\/acesso-a-informacao\/faq\/duvidas-frequentes-de-acesso\/servidor-ou-pensionista-criacao-de-senha-no-sigac\" target=\"_blank\" title=\"\" rel=\"noopener\">SIGEPE\/Servidor<\/a><\/span>\u00a0e o <span class=\"underline\"><a title=\"\" href=\"https:\/\/portal.unila.edu.br\/informes\/SadeSuplementar.pdf\" class=\"internal-link\" target=\"_blank\" rel=\"noopener\">passo a passo<\/a><\/span> para realizar a comprova\u00e7\u00e3o de gastos.<\/p>\n<p><span>S\u00e3o aceitos como\u00a0<\/span><span>documentos comprobat\u00f3rios<\/span><span>: boleto mensal com discrimina\u00e7\u00e3o do valor cobrado de cada benefici\u00e1rio e respectivos comprovantes de pagamento; ou declara\u00e7\u00e3o da operadora ou administradora discriminando valor mensal por benefici\u00e1rio, bem como atestando sua quita\u00e7\u00e3o; ou outros documentos que comprovem de forma inequ\u00edvoca a despesa do valor cobrado de cada benefici\u00e1rio e respectivo pagamento.<\/span><\/p>\n<p><span>O(A) servidor(a) que\u00a0<\/span><span>n\u00e3o<\/span><span>\u00a0enviar os comprovantes at\u00e9 o dia 29 de fevereiro de 2024<\/span><span>\u00a0<span class=\"Object\" id=\"OBJ_PREFIX_DWT1208_com_zimbra_date\">ter<\/span>\u00e1 o benef\u00edcio suspenso e ser\u00e1 aberto processo visando \u00e0 reposi\u00e7\u00e3o ao er\u00e1rio<\/span><span>, conforme Instru\u00e7\u00f5es Normativas SRT\/MGI n\u00ba 30\/2023, GABIN\/MGI n\u00ba 41\/2023 e SGP\/SEDGG\/ME n\u00ba 97\/2022.<\/span><\/p>\n<p><span>Para mais informa\u00e7\u00f5es, acesse a <span class=\"underline\"><a class=\"external-link\" href=\"https:\/\/portal.unila.edu.br\/progepe\/areas-da-gestao-de-pessoas\/pessoal\/auxilio-saude\" target=\"_blank\" title=\"\" rel=\"noopener\">p\u00e1gina da PROGEPE<\/a><\/span>.<\/span><\/p>\n<p><span>E<\/span><span>m caso de d\u00favidas, entre em contato pelo e-mail\u00a0saude.suplementar@unila.edu.br.<\/span><\/p>\n<\/p><\/div>\n<p><a href=\"https:\/\/portal.unila.edu.br\/informes\/assistencia-a-saude-suplementar-2\">Source link <\/a><\/p>\n<\/p><\/div>\n<p><script type=\"text\/plain\" data-service=\"facebook\" data-category=\"marketing\">\n    (function() {\n        var po = document.createElement('script');\n        po.async = true;\n        po.src = document.location.protocol + '\/\/connect.facebook.net\/pt_BR\/all.js#xfbml=1';\n        var head = document.getElementsByTagName('head')[0];\n        head.appendChild(po);\n    }());\n    <\/script><script type=\"text\/plain\" data-service=\"facebook\" data-category=\"marketing\">\n!function(f,b,e,v,n,t,s)\n{if(f.fbq)return;n=f.fbq=function(){n.callMethod?\nn.callMethod.apply(n,arguments):n.queue.push(arguments)};\nif(!f._fbq)f._fbq=n;n.push=n;n.loaded=!0;n.version='2.0';\nn.queue=[];t=b.createElement(e);t.async=!0;\nt.src=v;s=b.getElementsByTagName(e)[0];\ns.parentNode.insertBefore(t,s)}(window, document,'script',\n'https:\/\/connect.facebook.net\/en_US\/fbevents.js');\nfbq('init', '1694825530706772');\nfbq('track', 'PageView');\n<\/script><br \/>\n<br \/><br \/>\n<br \/><a href=\"https:\/\/ismaelcolosi.com.br\/assistencia-a-saude-suplementar-universidade-federal-da-integracao-latino-americana\/\">Source link <\/a><\/p>\n<!-- CONTENT END 1 -->\n","protected":false},"excerpt":{"rendered":"<p>Servidores(as) benefici\u00e1rios(as) da assist\u00eancia \u00e0 sa\u00fade suplementar devem comprovar os gastos com plano de sa\u00fade referentes aos anos de 2022 e 2023. Prazo para comprova\u00e7\u00e3o&#8230;<\/p>\n","protected":false},"author":1,"featured_media":0,"comment_status":"open","ping_status":"open","sticky":false,"template":"","format":"standard","meta":{"advanced_seo_description":"","jetpack_seo_html_title":"","jetpack_seo_noindex":false,"jetpack_post_was_ever_published":false,"_jetpack_newsletter_access":"","_jetpack_dont_email_post_to_subs":false,"_jetpack_newsletter_tier_id":0,"_jetpack_memberships_contains_paywalled_content":false,"_jetpack_memberships_contains_paid_content":false,"footnotes":"","jetpack_publicize_message":"","jetpack_publicize_feature_enabled":true,"jetpack_social_post_already_shared":true,"jetpack_social_options":{"image_generator_settings":{"template":"highway","default_image_id":0,"font":"","enabled":false},"version":2}},"categories":[7],"tags":[],"class_list":["post-18086","post","type-post","status-publish","format-standard","hentry","category-vagas-de-empregos-em-ribeirao-preto-regiao-brasil"],"jetpack_publicize_connections":[],"jetpack_featured_media_url":"","jetpack-related-posts":[{"id":21811,"url":"https:\/\/noticiasribeiraopreto.com.br\/index.php\/2023\/12\/28\/reclamacoes-contra-planos-de-saude-cresceram-quase-50-em-2023\/","url_meta":{"origin":18086,"position":0},"title":"Reclama\u00e7\u00f5es contra planos de sa\u00fade cresceram quase 50% em 2023","author":"noticiasribeiraopreto.com.br","date":"28 de December de 2023","format":false,"excerpt":"28 de dezembro de 2023 | 15:0027 de dezembro de 2023 | 15:29 0As reclama\u00e7\u00f5es de usu\u00e1rios de planos de sa\u00fade tiveram crescimento de 49,7% nos primeiros dez meses de 2023. Os dados foram divulgados nesta quarta-feira (27) pela Ag\u00eancia Nacional de Sa\u00fade Suplementar (ANS).\u00a0Segundo a ag\u00eancia reguladora, o n\u00famero\u2026","rel":"","context":"In &quot;Not\u00edcias de Ribeir\u00e3o Preto-SP e Regi\u00e3o&quot;","block_context":{"text":"Not\u00edcias de Ribeir\u00e3o Preto-SP e Regi\u00e3o","link":"https:\/\/noticiasribeiraopreto.com.br\/index.php\/category\/noticias-de-ribeirao-preto-sp-e-regiao-ismael-colosi\/"},"img":{"alt_text":"","src":"https:\/\/i0.wp.com\/noticiasribeiraopreto.com.br\/wp-content\/uploads\/2023\/12\/5c1defa3-8dc9-4eb2-80fa-55ca5a37853a-scaled.jpg?fit=967%2C645&ssl=1&resize=350%2C200","width":350,"height":200,"srcset":"https:\/\/i0.wp.com\/noticiasribeiraopreto.com.br\/wp-content\/uploads\/2023\/12\/5c1defa3-8dc9-4eb2-80fa-55ca5a37853a-scaled.jpg?fit=967%2C645&ssl=1&resize=350%2C200 1x, https:\/\/i0.wp.com\/noticiasribeiraopreto.com.br\/wp-content\/uploads\/2023\/12\/5c1defa3-8dc9-4eb2-80fa-55ca5a37853a-scaled.jpg?fit=967%2C645&ssl=1&resize=525%2C300 1.5x, https:\/\/i0.wp.com\/noticiasribeiraopreto.com.br\/wp-content\/uploads\/2023\/12\/5c1defa3-8dc9-4eb2-80fa-55ca5a37853a-scaled.jpg?fit=967%2C645&ssl=1&resize=700%2C400 2x"},"classes":[]},{"id":72954,"url":"https:\/\/noticiasribeiraopreto.com.br\/index.php\/2025\/06\/23\/reajuste-de-planos-de-saude-chega-a-606\/","url_meta":{"origin":18086,"position":1},"title":"Reajuste de planos de sa\u00fade chega a 6,06%","author":"noticiasribeiraopreto.com.br","date":"23 de June de 2025","format":false,"excerpt":"A Ag\u00eancia Nacional\u202fde\u202fSa\u00fade\u202fSuplementar (ANS) limitou\u202fa 6,06% o percentual de reajuste anual que poder\u00e1 ser aplicado aos planos de\u202fsa\u00fade\u202fde assist\u00eancia m\u00e9dica individuais\u202fe\u202ffamiliares regulamentados (contratados a partir de 1\u00ba de janeiro de 1999 ou adaptados \u00e0 lei n\u00ba 9.656\/98). O percentual \u00e9 o\u202fteto\u202fv\u00e1lido\u202fpara\u202fo per\u00edodo entre maio de 2025 e abril de 2026\u2026","rel":"","context":"In &quot;Not\u00edcias de Ribeir\u00e3o Preto-SP e Regi\u00e3o&quot;","block_context":{"text":"Not\u00edcias de Ribeir\u00e3o Preto-SP e Regi\u00e3o","link":"https:\/\/noticiasribeiraopreto.com.br\/index.php\/category\/noticias-de-ribeirao-preto-sp-e-regiao-ismael-colosi\/"},"img":{"alt_text":"","src":"https:\/\/i0.wp.com\/noticiasribeiraopreto.com.br\/wp-content\/uploads\/2025\/06\/PlanoANS-Marcello-Casal-Jr.-Ag.Br_-scaled.jpg?fit=800%2C479&ssl=1&resize=350%2C200","width":350,"height":200,"srcset":"https:\/\/i0.wp.com\/noticiasribeiraopreto.com.br\/wp-content\/uploads\/2025\/06\/PlanoANS-Marcello-Casal-Jr.-Ag.Br_-scaled.jpg?fit=800%2C479&ssl=1&resize=350%2C200 1x, https:\/\/i0.wp.com\/noticiasribeiraopreto.com.br\/wp-content\/uploads\/2025\/06\/PlanoANS-Marcello-Casal-Jr.-Ag.Br_-scaled.jpg?fit=800%2C479&ssl=1&resize=525%2C300 1.5x, https:\/\/i0.wp.com\/noticiasribeiraopreto.com.br\/wp-content\/uploads\/2025\/06\/PlanoANS-Marcello-Casal-Jr.-Ag.Br_-scaled.jpg?fit=800%2C479&ssl=1&resize=700%2C400 2x"},"classes":[]},{"id":32876,"url":"https:\/\/noticiasribeiraopreto.com.br\/index.php\/2024\/01\/26\/metade-de-rp-tem-plano-de-saude\/","url_meta":{"origin":18086,"position":2},"title":"Metade de RP tem\u00a0plano de sa\u00fade\u00a0","author":"noticiasribeiraopreto.com.br","date":"26 de January de 2024","format":false,"excerpt":"26 de janeiro de 2024 | 18:0026 de janeiro de 2024 | 12:32 0Segundo a Ag\u00eancia Nacional de Sa\u00fade Suplementar (ANS), Ribeir\u00e3o Preto fechou o ano passado com 332.952 usu\u00e1rios de planos de assist\u00eancia m\u00e9dica-hospitalar, alta de 1,47% e 4.821 benefici\u00e1rios a mais que os 328.131 de dezembro de 2022.\u2026","rel":"","context":"In &quot;Not\u00edcias de Ribeir\u00e3o Preto-SP e Regi\u00e3o&quot;","block_context":{"text":"Not\u00edcias de Ribeir\u00e3o Preto-SP e Regi\u00e3o","link":"https:\/\/noticiasribeiraopreto.com.br\/index.php\/category\/noticias-de-ribeirao-preto-sp-e-regiao-ismael-colosi\/"},"img":{"alt_text":"","src":"https:\/\/i0.wp.com\/noticiasribeiraopreto.com.br\/wp-content\/uploads\/2024\/01\/PlanoANS-Marcello-Casal-Jr.-Ag.Br_-scaled.jpg?fit=1000%2C598&ssl=1&resize=350%2C200","width":350,"height":200,"srcset":"https:\/\/i0.wp.com\/noticiasribeiraopreto.com.br\/wp-content\/uploads\/2024\/01\/PlanoANS-Marcello-Casal-Jr.-Ag.Br_-scaled.jpg?fit=1000%2C598&ssl=1&resize=350%2C200 1x, https:\/\/i0.wp.com\/noticiasribeiraopreto.com.br\/wp-content\/uploads\/2024\/01\/PlanoANS-Marcello-Casal-Jr.-Ag.Br_-scaled.jpg?fit=1000%2C598&ssl=1&resize=525%2C300 1.5x, https:\/\/i0.wp.com\/noticiasribeiraopreto.com.br\/wp-content\/uploads\/2024\/01\/PlanoANS-Marcello-Casal-Jr.-Ag.Br_-scaled.jpg?fit=1000%2C598&ssl=1&resize=700%2C400 2x"},"classes":[]},{"id":32687,"url":"https:\/\/noticiasribeiraopreto.com.br\/index.php\/2024\/01\/26\/numero-de-usuarios-de-planos-de-saude-passa-de-51-milhoes-em-2023\/","url_meta":{"origin":18086,"position":3},"title":"N\u00famero de usu\u00e1rios de planos de sa\u00fade passa de 51 milh\u00f5es em 2023","author":"noticiasribeiraopreto.com.br","date":"26 de January de 2024","format":false,"excerpt":"25 de janeiro de 2024 | 14:0025 de janeiro de 2024 | 10:38 0Levantamento divulgado nesta quarta-feira (24) pela Ag\u00eancia Nacional de Sa\u00fade Suplementar (ANS) revela que o setor totalizou, em dezembro do ano passado, 51.081.018 usu\u00e1rios de planos de assist\u00eancia m\u00e9dica, superando, pela primeira vez, a marca de 51\u2026","rel":"","context":"In &quot;Not\u00edcias de Ribeir\u00e3o Preto-SP e Regi\u00e3o&quot;","block_context":{"text":"Not\u00edcias de Ribeir\u00e3o Preto-SP e Regi\u00e3o","link":"https:\/\/noticiasribeiraopreto.com.br\/index.php\/category\/noticias-de-ribeirao-preto-sp-e-regiao-ismael-colosi\/"},"img":{"alt_text":"","src":"https:\/\/i0.wp.com\/noticiasribeiraopreto.com.br\/wp-content\/uploads\/2024\/01\/9b8960ba-45c7-4867-92fa-3d2a6bf5aae5.jpg?fit=724%2C483&ssl=1&resize=350%2C200","width":350,"height":200,"srcset":"https:\/\/i0.wp.com\/noticiasribeiraopreto.com.br\/wp-content\/uploads\/2024\/01\/9b8960ba-45c7-4867-92fa-3d2a6bf5aae5.jpg?fit=724%2C483&ssl=1&resize=350%2C200 1x, https:\/\/i0.wp.com\/noticiasribeiraopreto.com.br\/wp-content\/uploads\/2024\/01\/9b8960ba-45c7-4867-92fa-3d2a6bf5aae5.jpg?fit=724%2C483&ssl=1&resize=525%2C300 1.5x, https:\/\/i0.wp.com\/noticiasribeiraopreto.com.br\/wp-content\/uploads\/2024\/01\/9b8960ba-45c7-4867-92fa-3d2a6bf5aae5.jpg?fit=724%2C483&ssl=1&resize=700%2C400 2x"},"classes":[]},{"id":75045,"url":"https:\/\/noticiasribeiraopreto.com.br\/index.php\/2025\/08\/02\/operadoras-atenderao-sus-para-pagar-divida\/","url_meta":{"origin":18086,"position":4},"title":"Operadoras atender\u00e3o SUS para pagar d\u00edvida","author":"noticiasribeiraopreto.com.br","date":"2 de August de 2025","format":false,"excerpt":"2 de agosto de 2025 10:301 de agosto de 2025 20:435 Compartilhar0 Desde esta sexta-feira, 1\u00ba de agosto, pacientes da rede p\u00fablica podem ser atendidos de forma gratuita por planos de sa\u00fade. Uma portaria que viabiliza a troca de d\u00edvidas de ressarcimento ao Sistema \u00danico de Sa\u00fade (SUS) pela presta\u00e7\u00e3o\u2026","rel":"","context":"In &quot;Not\u00edcias de Ribeir\u00e3o Preto-SP e Regi\u00e3o&quot;","block_context":{"text":"Not\u00edcias de Ribeir\u00e3o Preto-SP e Regi\u00e3o","link":"https:\/\/noticiasribeiraopreto.com.br\/index.php\/category\/noticias-de-ribeirao-preto-sp-e-regiao-ismael-colosi\/"},"img":{"alt_text":"","src":"https:\/\/i0.wp.com\/noticiasribeiraopreto.com.br\/wp-content\/uploads\/2025\/08\/PlanoSUS-Marcello-Casal-Jr.-Ag.Br_.jpg?fit=1170%2C700&ssl=1&resize=350%2C200","width":350,"height":200,"srcset":"https:\/\/i0.wp.com\/noticiasribeiraopreto.com.br\/wp-content\/uploads\/2025\/08\/PlanoSUS-Marcello-Casal-Jr.-Ag.Br_.jpg?fit=1170%2C700&ssl=1&resize=350%2C200 1x, https:\/\/i0.wp.com\/noticiasribeiraopreto.com.br\/wp-content\/uploads\/2025\/08\/PlanoSUS-Marcello-Casal-Jr.-Ag.Br_.jpg?fit=1170%2C700&ssl=1&resize=525%2C300 1.5x, https:\/\/i0.wp.com\/noticiasribeiraopreto.com.br\/wp-content\/uploads\/2025\/08\/PlanoSUS-Marcello-Casal-Jr.-Ag.Br_.jpg?fit=1170%2C700&ssl=1&resize=700%2C400 2x, https:\/\/i0.wp.com\/noticiasribeiraopreto.com.br\/wp-content\/uploads\/2025\/08\/PlanoSUS-Marcello-Casal-Jr.-Ag.Br_.jpg?fit=1170%2C700&ssl=1&resize=1050%2C600 3x"},"classes":[]},{"id":69962,"url":"https:\/\/noticiasribeiraopreto.com.br\/index.php\/2025\/05\/21\/saude-pede-r-315-mi-a-prefeitura\/","url_meta":{"origin":18086,"position":5},"title":"Sa\u00fade pede R$ 31,5 mi \u00e0 prefeitura \u00a0","author":"noticiasribeiraopreto.com.br","date":"21 de May de 2025","format":false,"excerpt":"21 de maio de 2025 08:3021 de maio de 2025 09:2547 Compartilhar0 O prefeito de Ribeir\u00e3o Preto, Ricardo Silva (PSD), enviou projeto de lei \u00e0 C\u00e2mara de Vereadores pedindo autoriza\u00e7\u00e3o para abertura de cr\u00e9dito especial e suplementar de R$ 31.510.709,86 para a Secretaria Municipal de Sa\u00fade. A proposta foi protocolada\u2026","rel":"","context":"In &quot;Not\u00edcias de Ribeir\u00e3o Preto-SP e Regi\u00e3o&quot;","block_context":{"text":"Not\u00edcias de Ribeir\u00e3o Preto-SP e Regi\u00e3o","link":"https:\/\/noticiasribeiraopreto.com.br\/index.php\/category\/noticias-de-ribeirao-preto-sp-e-regiao-ismael-colosi\/"},"img":{"alt_text":"","src":"https:\/\/i0.wp.com\/noticiasribeiraopreto.com.br\/wp-content\/uploads\/2025\/05\/Nogueira-Sil-Alfredo-Risk-scaled.jpg?fit=800%2C455&ssl=1&resize=350%2C200","width":350,"height":200,"srcset":"https:\/\/i0.wp.com\/noticiasribeiraopreto.com.br\/wp-content\/uploads\/2025\/05\/Nogueira-Sil-Alfredo-Risk-scaled.jpg?fit=800%2C455&ssl=1&resize=350%2C200 1x, https:\/\/i0.wp.com\/noticiasribeiraopreto.com.br\/wp-content\/uploads\/2025\/05\/Nogueira-Sil-Alfredo-Risk-scaled.jpg?fit=800%2C455&ssl=1&resize=525%2C300 1.5x, https:\/\/i0.wp.com\/noticiasribeiraopreto.com.br\/wp-content\/uploads\/2025\/05\/Nogueira-Sil-Alfredo-Risk-scaled.jpg?fit=800%2C455&ssl=1&resize=700%2C400 2x"},"classes":[]}],"jetpack_sharing_enabled":true,"jetpack_shortlink":"https:\/\/wp.me\/peQAOb-4HI","_links":{"self":[{"href":"https:\/\/noticiasribeiraopreto.com.br\/index.php\/wp-json\/wp\/v2\/posts\/18086","targetHints":{"allow":["GET"]}}],"collection":[{"href":"https:\/\/noticiasribeiraopreto.com.br\/index.php\/wp-json\/wp\/v2\/posts"}],"about":[{"href":"https:\/\/noticiasribeiraopreto.com.br\/index.php\/wp-json\/wp\/v2\/types\/post"}],"author":[{"embeddable":true,"href":"https:\/\/noticiasribeiraopreto.com.br\/index.php\/wp-json\/wp\/v2\/users\/1"}],"replies":[{"embeddable":true,"href":"https:\/\/noticiasribeiraopreto.com.br\/index.php\/wp-json\/wp\/v2\/comments?post=18086"}],"version-history":[{"count":0,"href":"https:\/\/noticiasribeiraopreto.com.br\/index.php\/wp-json\/wp\/v2\/posts\/18086\/revisions"}],"wp:attachment":[{"href":"https:\/\/noticiasribeiraopreto.com.br\/index.php\/wp-json\/wp\/v2\/media?parent=18086"}],"wp:term":[{"taxonomy":"category","embeddable":true,"href":"https:\/\/noticiasribeiraopreto.com.br\/index.php\/wp-json\/wp\/v2\/categories?post=18086"},{"taxonomy":"post_tag","embeddable":true,"href":"https:\/\/noticiasribeiraopreto.com.br\/index.php\/wp-json\/wp\/v2\/tags?post=18086"}],"curies":[{"name":"wp","href":"https:\/\/api.w.org\/{rel}","templated":true}]}}